{"id":801,"date":"2015-12-04T14:01:39","date_gmt":"2015-12-04T14:01:39","guid":{"rendered":"http:\/\/www.eldiariodetucuman.com\/web\/?p=801"},"modified":"2015-12-04T14:01:39","modified_gmt":"2015-12-04T14:01:39","slug":"rodrigo-escribano-conto-que-paso-en-las-elecciones-de-la-afa","status":"publish","type":"post","link":"https:\/\/www.eldiariodetucuman.com\/web\/rodrigo-escribano-conto-que-paso-en-las-elecciones-de-la-afa\/","title":{"rendered":"Rodrigo Escribano cont\u00f3 qu\u00e9 pas\u00f3 en las elecciones de la AFA"},"content":{"rendered":"<p>La respuesta a la pregunta que se hacen todos sobre lo que pas\u00f3 en la fiscalizaci\u00f3n de los votos, c\u00f3mo pudo haber sido posible que se diera un 38-38 cuando hab\u00eda 75 vo\u00adtantes, parece tenerla uno de los directivos que estuvo en esa mesa en la que las caras iban cambiando seg\u00fan de contaban las boletas que ten\u00edan los nombres de Luis Segura y Marcelo Tinelli.<!--more--><\/p>\n<p>Las elecciones, una verg\u00fcenza<br \/>\nSe trata de Rodrigo Escribano, el vicepresidente de Talleres, quien fue elegido en el inicio de la asamblea para ocupar esa funci\u00f3n de control de los votos. Un dato: previo a los comicios, la autoridad albiazul hab\u00eda blanqueado que apoyar\u00eda a Tinelli en su candidatura por la presidencia.<\/p>\n<p>Entonces, qu\u00e9 pas\u00f3, c\u00f3mo fue que nadie de los fiscalizadores se dio cuenta que hab\u00eda uno o varios \u201cvotos doble\u201d. Escribano brind\u00f3 sus razones a Mundo D en un largo mon\u00f3logo: \u201cLo que pas\u00f3 fue que el vicepresidente de Estudiantes (Pascual Caiella, vicepresidente tercero del club de La Plata) abr\u00eda los sobres. Y separaba los votos. A la derecha iban los votos de Segura; y a la izquierda los de Tinelli. Y encontr\u00f3 varias veces dos votos pegados. Y como eran iguales, para el mismo candidato, val\u00eda uno ese voto\u201d.<\/p>\n<p>Las delirantes placas de Cr\u00f3nica TV<br \/>\nY continu\u00f3 Escribano: \u201cY se ve que evidentemente se le ha pasado en alg\u00fan voto que sac\u00f3 del sobre y no se dio cuenta de que hab\u00eda dos. Y eso ha pro\u00adducido el n\u00famero 38 a 38. Evidentemente se le pas\u00f3 un voto. Por eso se pas\u00f3 a un cuarto intermedio. Es realmente incre\u00edble pero as\u00ed fue\u201d.<\/p>\n<p>El dirigente albiazul agreg\u00f3: \u201cEra imposible que yo supiera si hab\u00eda algo raro en los votos. Porque son cartones, son gruesos. No los estaba tocando\u201d.<\/p>\n<p>Con Escribano y Daiella tambi\u00e9n estaba el presidente de Olimpo de Bah\u00eda Blanca, Alfredo Dagna. Y, adem\u00e1s, hab\u00eda tres personas designadas por la Inspecci\u00f3n General de Justicia. La agencia Telam public\u00f3 otra versi\u00f3n de lo que pas\u00f3 en el racconto: \u201cEn tres sobres hubo dos boletas, pero en uno de ellos la duplicidad no fue detectada pese a que pr\u00e1cticamente cada uno de los siete \u2018recontadores\u2019 ten\u00eda la responsabilidad de escrutar solamente 10. As\u00ed y todo, se equivocaron\u201d.<\/p>\n<p>Gestos de la reuni\u00f3n<br \/>\nPara el recuerdo de quienes segu\u00edan la transmisi\u00f3n en vivo de las elecciones a trav\u00e9s de internet quedaron dos gestos que involucraron a directivos cordobeses. O, mejor dicho, un gesto y un \u201cno gesto\u201d. Cuando vot\u00f3 el presidente de Instituto, Ricardo Morellato, se vio claramente el gesto simp\u00e1tico del dirigente albirrojo para con Escribano.<\/p>\n<p>Pero cuando vot\u00f3 P\u00e9rez no hubo ni un cruce de miradas. Claro que esto no significa que haya una enemistad, bien podr\u00edan haberse saludado en el arribo de ambos al predio Julio Humberto Grondona, de Ezeiza, donde la Asociaci\u00f3n del F\u00fatbol Argentino llev\u00f3 a cabo las elecciones. Otro momento para el recuerdo fue cuando Carlos Ahumada entreg\u00f3 su sufragio. El \u201ccordob\u00e9s-mejicano\u201d fue gerenciador de Talleres (hasta 2009, cuando la \u201cT\u201d cay\u00f3 en desgracia por primera vez al Torneo Federal A) y hoy es el presidente de Sportivo Estudiantes de San Luis, que compite en la B Nacional. Escribano, con el Fondo de Inversi\u00f3n tom\u00f3 el mando de Talleres tras la gesti\u00f3n de Ahumada.<\/p>\n<p>El otro dirigente cordob\u00e9s en la votaci\u00f3n de la AFA fue Manuel Dar\u00edo Rosa, como uno de los 10 votos que ten\u00edan las ligas del interior.<\/p>\n<p>Fuente: http:\/\/mundod.lavoz.com.ar\/futbol\/rodrigo-escribano-conto-que-paso-en-las-elecciones-de-la-afa?cx_level=player_home_lvi_extendido<\/p>\n","protected":false},"excerpt":{"rendered":"<p>La respuesta a la pregunta que se hacen todos sobre lo que pas\u00f3 en la fiscalizaci\u00f3n de los votos, c\u00f3mo pudo haber sido posible que se diera un 38-38 cuando hab\u00eda 75 vo\u00adtantes, parece tenerla uno de los directivos que estuvo en esa mesa en la que las caras iban cambiando seg\u00fan de contaban las [&hellip;]<\/p>\n","protected":false},"author":3,"featured_media":802,"comment_status":"closed","ping_status":"open","sticky":false,"template":"","format":"standard","meta":{"footnotes":""},"categories":[2],"tags":[7,61],"class_list":{"0":"post-801","1":"post","2":"type-post","3":"status-publish","4":"format-standard","5":"has-post-thumbnail","7":"category-actualidad","8":"tag-el-diario-de-tucuman","9":"tag-tucuman"},"yoast_head":"<!-- This site is optimized with the Yoast SEO plugin v27.5 - https:\/\/yoast.com\/product\/yoast-seo-wordpress\/ -->\n<title>Rodrigo Escribano cont\u00f3 qu\u00e9 pas\u00f3 en las elecciones de la AFA - El Diario de Tucuman<\/title>\n<meta name=\"robots\" content=\"index, follow, max-snippet:-1, max-image-preview:large, max-video-preview:-1\" \/>\n<link rel=\"canonical\" href=\"https:\/\/www.eldiariodetucuman.com\/web\/rodrigo-escribano-conto-que-paso-en-las-elecciones-de-la-afa\/\" \/>\n<meta property=\"og:locale\" content=\"es_ES\" \/>\n<meta property=\"og:type\" content=\"article\" \/>\n<meta property=\"og:title\" content=\"Rodrigo Escribano cont\u00f3 qu\u00e9 pas\u00f3 en las elecciones de la AFA - El Diario de Tucuman\" \/>\n<meta property=\"og:description\" content=\"La respuesta a la pregunta que se hacen todos sobre lo que pas\u00f3 en la fiscalizaci\u00f3n de los votos, c\u00f3mo pudo haber sido posible que se diera un 38-38 cuando hab\u00eda 75 vo\u00adtantes, parece tenerla uno de los directivos que estuvo en esa mesa en la que las caras iban cambiando seg\u00fan de contaban las [&hellip;]\" \/>\n<meta property=\"og:url\" content=\"https:\/\/www.eldiariodetucuman.com\/web\/rodrigo-escribano-conto-que-paso-en-las-elecciones-de-la-afa\/\" \/>\n<meta property=\"og:site_name\" content=\"El Diario de Tucuman\" \/>\n<meta property=\"article:published_time\" content=\"2015-12-04T14:01:39+00:00\" \/>\n<meta property=\"og:image\" content=\"https:\/\/www.eldiariodetucuman.com\/web\/wp-content\/uploads\/2015\/12\/escribano-nota-1.jpg\" \/>\n\t<meta property=\"og:image:width\" content=\"642\" \/>\n\t<meta property=\"og:image:height\" content=\"366\" \/>\n\t<meta property=\"og:image:type\" content=\"image\/jpeg\" \/>\n<meta name=\"author\" content=\"El diario de Tucuman\" \/>\n<meta name=\"twitter:card\" content=\"summary_large_image\" \/>\n<meta name=\"twitter:label1\" content=\"Escrito por\" \/>\n\t<meta name=\"twitter:data1\" content=\"El diario de Tucuman\" \/>\n\t<meta name=\"twitter:label2\" content=\"Tiempo de lectura\" \/>\n\t<meta name=\"twitter:data2\" content=\"3 minutos\" \/>\n<script type=\"application\/ld+json\" class=\"yoast-schema-graph\">{\"@context\":\"https:\\\/\\\/schema.org\",\"@graph\":[{\"@type\":\"Article\",\"@id\":\"https:\\\/\\\/www.eldiariodetucuman.com\\\/web\\\/rodrigo-escribano-conto-que-paso-en-las-elecciones-de-la-afa\\\/#article\",\"isPartOf\":{\"@id\":\"https:\\\/\\\/www.eldiariodetucuman.com\\\/web\\\/rodrigo-escribano-conto-que-paso-en-las-elecciones-de-la-afa\\\/\"},\"author\":{\"name\":\"El diario de Tucuman\",\"@id\":\"https:\\\/\\\/www.eldiariodetucuman.com\\\/web\\\/#\\\/schema\\\/person\\\/3adbe300ecd6242af93c97dab1dc3ba1\"},\"headline\":\"Rodrigo Escribano cont\u00f3 qu\u00e9 pas\u00f3 en las elecciones de la AFA\",\"datePublished\":\"2015-12-04T14:01:39+00:00\",\"mainEntityOfPage\":{\"@id\":\"https:\\\/\\\/www.eldiariodetucuman.com\\\/web\\\/rodrigo-escribano-conto-que-paso-en-las-elecciones-de-la-afa\\\/\"},\"wordCount\":636,\"publisher\":{\"@id\":\"https:\\\/\\\/www.eldiariodetucuman.com\\\/web\\\/#organization\"},\"image\":{\"@id\":\"https:\\\/\\\/www.eldiariodetucuman.com\\\/web\\\/rodrigo-escribano-conto-que-paso-en-las-elecciones-de-la-afa\\\/#primaryimage\"},\"thumbnailUrl\":\"https:\\\/\\\/www.eldiariodetucuman.com\\\/web\\\/wp-content\\\/uploads\\\/2015\\\/12\\\/escribano-nota-1.jpg\",\"keywords\":[\"El Diario de Tucuman\",\"Tucuman\"],\"articleSection\":[\"Actualidad\"],\"inLanguage\":\"es\"},{\"@type\":\"WebPage\",\"@id\":\"https:\\\/\\\/www.eldiariodetucuman.com\\\/web\\\/rodrigo-escribano-conto-que-paso-en-las-elecciones-de-la-afa\\\/\",\"url\":\"https:\\\/\\\/www.eldiariodetucuman.com\\\/web\\\/rodrigo-escribano-conto-que-paso-en-las-elecciones-de-la-afa\\\/\",\"name\":\"Rodrigo Escribano cont\u00f3 qu\u00e9 pas\u00f3 en las elecciones de la AFA - El Diario de Tucuman\",\"isPartOf\":{\"@id\":\"https:\\\/\\\/www.eldiariodetucuman.com\\\/web\\\/#website\"},\"primaryImageOfPage\":{\"@id\":\"https:\\\/\\\/www.eldiariodetucuman.com\\\/web\\\/rodrigo-escribano-conto-que-paso-en-las-elecciones-de-la-afa\\\/#primaryimage\"},\"image\":{\"@id\":\"https:\\\/\\\/www.eldiariodetucuman.com\\\/web\\\/rodrigo-escribano-conto-que-paso-en-las-elecciones-de-la-afa\\\/#primaryimage\"},\"thumbnailUrl\":\"https:\\\/\\\/www.eldiariodetucuman.com\\\/web\\\/wp-content\\\/uploads\\\/2015\\\/12\\\/escribano-nota-1.jpg\",\"datePublished\":\"2015-12-04T14:01:39+00:00\",\"breadcrumb\":{\"@id\":\"https:\\\/\\\/www.eldiariodetucuman.com\\\/web\\\/rodrigo-escribano-conto-que-paso-en-las-elecciones-de-la-afa\\\/#breadcrumb\"},\"inLanguage\":\"es\",\"potentialAction\":[{\"@type\":\"ReadAction\",\"target\":[\"https:\\\/\\\/www.eldiariodetucuman.com\\\/web\\\/rodrigo-escribano-conto-que-paso-en-las-elecciones-de-la-afa\\\/\"]}]},{\"@type\":\"ImageObject\",\"inLanguage\":\"es\",\"@id\":\"https:\\\/\\\/www.eldiariodetucuman.com\\\/web\\\/rodrigo-escribano-conto-que-paso-en-las-elecciones-de-la-afa\\\/#primaryimage\",\"url\":\"https:\\\/\\\/www.eldiariodetucuman.com\\\/web\\\/wp-content\\\/uploads\\\/2015\\\/12\\\/escribano-nota-1.jpg\",\"contentUrl\":\"https:\\\/\\\/www.eldiariodetucuman.com\\\/web\\\/wp-content\\\/uploads\\\/2015\\\/12\\\/escribano-nota-1.jpg\",\"width\":642,\"height\":366},{\"@type\":\"BreadcrumbList\",\"@id\":\"https:\\\/\\\/www.eldiariodetucuman.com\\\/web\\\/rodrigo-escribano-conto-que-paso-en-las-elecciones-de-la-afa\\\/#breadcrumb\",\"itemListElement\":[{\"@type\":\"ListItem\",\"position\":1,\"name\":\"Portada\",\"item\":\"https:\\\/\\\/www.eldiariodetucuman.com\\\/web\\\/\"},{\"@type\":\"ListItem\",\"position\":2,\"name\":\"Rodrigo Escribano cont\u00f3 qu\u00e9 pas\u00f3 en las elecciones de la AFA\"}]},{\"@type\":\"WebSite\",\"@id\":\"https:\\\/\\\/www.eldiariodetucuman.com\\\/web\\\/#website\",\"url\":\"https:\\\/\\\/www.eldiariodetucuman.com\\\/web\\\/\",\"name\":\"El Diario de Tucuman\",\"description\":\"Diario Tucuman - Informaci\u00f3n y noticias\",\"publisher\":{\"@id\":\"https:\\\/\\\/www.eldiariodetucuman.com\\\/web\\\/#organization\"},\"potentialAction\":[{\"@type\":\"SearchAction\",\"target\":{\"@type\":\"EntryPoint\",\"urlTemplate\":\"https:\\\/\\\/www.eldiariodetucuman.com\\\/web\\\/?s={search_term_string}\"},\"query-input\":{\"@type\":\"PropertyValueSpecification\",\"valueRequired\":true,\"valueName\":\"search_term_string\"}}],\"inLanguage\":\"es\"},{\"@type\":\"Organization\",\"@id\":\"https:\\\/\\\/www.eldiariodetucuman.com\\\/web\\\/#organization\",\"name\":\"El Diario de Tucuman\",\"url\":\"https:\\\/\\\/www.eldiariodetucuman.com\\\/web\\\/\",\"logo\":{\"@type\":\"ImageObject\",\"inLanguage\":\"es\",\"@id\":\"https:\\\/\\\/www.eldiariodetucuman.com\\\/web\\\/#\\\/schema\\\/logo\\\/image\\\/\",\"url\":\"http:\\\/\\\/www.eldiariodetucuman.com\\\/web\\\/wp-content\\\/uploads\\\/2017\\\/12\\\/el-diario-de-tucuman.jpg\",\"contentUrl\":\"http:\\\/\\\/www.eldiariodetucuman.com\\\/web\\\/wp-content\\\/uploads\\\/2017\\\/12\\\/el-diario-de-tucuman.jpg\",\"width\":272,\"height\":92,\"caption\":\"El Diario de Tucuman\"},\"image\":{\"@id\":\"https:\\\/\\\/www.eldiariodetucuman.com\\\/web\\\/#\\\/schema\\\/logo\\\/image\\\/\"}},{\"@type\":\"Person\",\"@id\":\"https:\\\/\\\/www.eldiariodetucuman.com\\\/web\\\/#\\\/schema\\\/person\\\/3adbe300ecd6242af93c97dab1dc3ba1\",\"name\":\"El diario de Tucuman\",\"image\":{\"@type\":\"ImageObject\",\"inLanguage\":\"es\",\"@id\":\"https:\\\/\\\/secure.gravatar.com\\\/avatar\\\/b7214de193b24d0bd708ac5516aa13d0f20c6560795bfbee06857d5c8ac2f0b2?s=96&d=mm&r=g\",\"url\":\"https:\\\/\\\/secure.gravatar.com\\\/avatar\\\/b7214de193b24d0bd708ac5516aa13d0f20c6560795bfbee06857d5c8ac2f0b2?s=96&d=mm&r=g\",\"contentUrl\":\"https:\\\/\\\/secure.gravatar.com\\\/avatar\\\/b7214de193b24d0bd708ac5516aa13d0f20c6560795bfbee06857d5c8ac2f0b2?s=96&d=mm&r=g\",\"caption\":\"El diario de Tucuman\"},\"url\":\"https:\\\/\\\/www.eldiariodetucuman.com\\\/web\\\/author\\\/mgiobellina\\\/\"}]}<\/script>\n<!-- \/ Yoast SEO plugin. -->","yoast_head_json":{"title":"Rodrigo Escribano cont\u00f3 qu\u00e9 pas\u00f3 en las elecciones de la AFA - El Diario de Tucuman","robots":{"index":"index","follow":"follow","max-snippet":"max-snippet:-1","max-image-preview":"max-image-preview:large","max-video-preview":"max-video-preview:-1"},"canonical":"https:\/\/www.eldiariodetucuman.com\/web\/rodrigo-escribano-conto-que-paso-en-las-elecciones-de-la-afa\/","og_locale":"es_ES","og_type":"article","og_title":"Rodrigo Escribano cont\u00f3 qu\u00e9 pas\u00f3 en las elecciones de la AFA - El Diario de Tucuman","og_description":"La respuesta a la pregunta que se hacen todos sobre lo que pas\u00f3 en la fiscalizaci\u00f3n de los votos, c\u00f3mo pudo haber sido posible que se diera un 38-38 cuando hab\u00eda 75 vo\u00adtantes, parece tenerla uno de los directivos que estuvo en esa mesa en la que las caras iban cambiando seg\u00fan de contaban las [&hellip;]","og_url":"https:\/\/www.eldiariodetucuman.com\/web\/rodrigo-escribano-conto-que-paso-en-las-elecciones-de-la-afa\/","og_site_name":"El Diario de Tucuman","article_published_time":"2015-12-04T14:01:39+00:00","og_image":[{"width":642,"height":366,"url":"https:\/\/www.eldiariodetucuman.com\/web\/wp-content\/uploads\/2015\/12\/escribano-nota-1.jpg","type":"image\/jpeg"}],"author":"El diario de Tucuman","twitter_card":"summary_large_image","twitter_misc":{"Escrito por":"El diario de Tucuman","Tiempo de lectura":"3 minutos"},"schema":{"@context":"https:\/\/schema.org","@graph":[{"@type":"Article","@id":"https:\/\/www.eldiariodetucuman.com\/web\/rodrigo-escribano-conto-que-paso-en-las-elecciones-de-la-afa\/#article","isPartOf":{"@id":"https:\/\/www.eldiariodetucuman.com\/web\/rodrigo-escribano-conto-que-paso-en-las-elecciones-de-la-afa\/"},"author":{"name":"El diario de Tucuman","@id":"https:\/\/www.eldiariodetucuman.com\/web\/#\/schema\/person\/3adbe300ecd6242af93c97dab1dc3ba1"},"headline":"Rodrigo Escribano cont\u00f3 qu\u00e9 pas\u00f3 en las elecciones de la AFA","datePublished":"2015-12-04T14:01:39+00:00","mainEntityOfPage":{"@id":"https:\/\/www.eldiariodetucuman.com\/web\/rodrigo-escribano-conto-que-paso-en-las-elecciones-de-la-afa\/"},"wordCount":636,"publisher":{"@id":"https:\/\/www.eldiariodetucuman.com\/web\/#organization"},"image":{"@id":"https:\/\/www.eldiariodetucuman.com\/web\/rodrigo-escribano-conto-que-paso-en-las-elecciones-de-la-afa\/#primaryimage"},"thumbnailUrl":"https:\/\/www.eldiariodetucuman.com\/web\/wp-content\/uploads\/2015\/12\/escribano-nota-1.jpg","keywords":["El Diario de Tucuman","Tucuman"],"articleSection":["Actualidad"],"inLanguage":"es"},{"@type":"WebPage","@id":"https:\/\/www.eldiariodetucuman.com\/web\/rodrigo-escribano-conto-que-paso-en-las-elecciones-de-la-afa\/","url":"https:\/\/www.eldiariodetucuman.com\/web\/rodrigo-escribano-conto-que-paso-en-las-elecciones-de-la-afa\/","name":"Rodrigo Escribano cont\u00f3 qu\u00e9 pas\u00f3 en las elecciones de la AFA - El Diario de Tucuman","isPartOf":{"@id":"https:\/\/www.eldiariodetucuman.com\/web\/#website"},"primaryImageOfPage":{"@id":"https:\/\/www.eldiariodetucuman.com\/web\/rodrigo-escribano-conto-que-paso-en-las-elecciones-de-la-afa\/#primaryimage"},"image":{"@id":"https:\/\/www.eldiariodetucuman.com\/web\/rodrigo-escribano-conto-que-paso-en-las-elecciones-de-la-afa\/#primaryimage"},"thumbnailUrl":"https:\/\/www.eldiariodetucuman.com\/web\/wp-content\/uploads\/2015\/12\/escribano-nota-1.jpg","datePublished":"2015-12-04T14:01:39+00:00","breadcrumb":{"@id":"https:\/\/www.eldiariodetucuman.com\/web\/rodrigo-escribano-conto-que-paso-en-las-elecciones-de-la-afa\/#breadcrumb"},"inLanguage":"es","potentialAction":[{"@type":"ReadAction","target":["https:\/\/www.eldiariodetucuman.com\/web\/rodrigo-escribano-conto-que-paso-en-las-elecciones-de-la-afa\/"]}]},{"@type":"ImageObject","inLanguage":"es","@id":"https:\/\/www.eldiariodetucuman.com\/web\/rodrigo-escribano-conto-que-paso-en-las-elecciones-de-la-afa\/#primaryimage","url":"https:\/\/www.eldiariodetucuman.com\/web\/wp-content\/uploads\/2015\/12\/escribano-nota-1.jpg","contentUrl":"https:\/\/www.eldiariodetucuman.com\/web\/wp-content\/uploads\/2015\/12\/escribano-nota-1.jpg","width":642,"height":366},{"@type":"BreadcrumbList","@id":"https:\/\/www.eldiariodetucuman.com\/web\/rodrigo-escribano-conto-que-paso-en-las-elecciones-de-la-afa\/#breadcrumb","itemListElement":[{"@type":"ListItem","position":1,"name":"Portada","item":"https:\/\/www.eldiariodetucuman.com\/web\/"},{"@type":"ListItem","position":2,"name":"Rodrigo Escribano cont\u00f3 qu\u00e9 pas\u00f3 en las elecciones de la AFA"}]},{"@type":"WebSite","@id":"https:\/\/www.eldiariodetucuman.com\/web\/#website","url":"https:\/\/www.eldiariodetucuman.com\/web\/","name":"El Diario de Tucuman","description":"Diario Tucuman - Informaci\u00f3n y noticias","publisher":{"@id":"https:\/\/www.eldiariodetucuman.com\/web\/#organization"},"potentialAction":[{"@type":"SearchAction","target":{"@type":"EntryPoint","urlTemplate":"https:\/\/www.eldiariodetucuman.com\/web\/?s={search_term_string}"},"query-input":{"@type":"PropertyValueSpecification","valueRequired":true,"valueName":"search_term_string"}}],"inLanguage":"es"},{"@type":"Organization","@id":"https:\/\/www.eldiariodetucuman.com\/web\/#organization","name":"El Diario de Tucuman","url":"https:\/\/www.eldiariodetucuman.com\/web\/","logo":{"@type":"ImageObject","inLanguage":"es","@id":"https:\/\/www.eldiariodetucuman.com\/web\/#\/schema\/logo\/image\/","url":"http:\/\/www.eldiariodetucuman.com\/web\/wp-content\/uploads\/2017\/12\/el-diario-de-tucuman.jpg","contentUrl":"http:\/\/www.eldiariodetucuman.com\/web\/wp-content\/uploads\/2017\/12\/el-diario-de-tucuman.jpg","width":272,"height":92,"caption":"El Diario de Tucuman"},"image":{"@id":"https:\/\/www.eldiariodetucuman.com\/web\/#\/schema\/logo\/image\/"}},{"@type":"Person","@id":"https:\/\/www.eldiariodetucuman.com\/web\/#\/schema\/person\/3adbe300ecd6242af93c97dab1dc3ba1","name":"El diario de Tucuman","image":{"@type":"ImageObject","inLanguage":"es","@id":"https:\/\/secure.gravatar.com\/avatar\/b7214de193b24d0bd708ac5516aa13d0f20c6560795bfbee06857d5c8ac2f0b2?s=96&d=mm&r=g","url":"https:\/\/secure.gravatar.com\/avatar\/b7214de193b24d0bd708ac5516aa13d0f20c6560795bfbee06857d5c8ac2f0b2?s=96&d=mm&r=g","contentUrl":"https:\/\/secure.gravatar.com\/avatar\/b7214de193b24d0bd708ac5516aa13d0f20c6560795bfbee06857d5c8ac2f0b2?s=96&d=mm&r=g","caption":"El diario de Tucuman"},"url":"https:\/\/www.eldiariodetucuman.com\/web\/author\/mgiobellina\/"}]}},"_links":{"self":[{"href":"https:\/\/www.eldiariodetucuman.com\/web\/wp-json\/wp\/v2\/posts\/801","targetHints":{"allow":["GET"]}}],"collection":[{"href":"https:\/\/www.eldiariodetucuman.com\/web\/wp-json\/wp\/v2\/posts"}],"about":[{"href":"https:\/\/www.eldiariodetucuman.com\/web\/wp-json\/wp\/v2\/types\/post"}],"author":[{"embeddable":true,"href":"https:\/\/www.eldiariodetucuman.com\/web\/wp-json\/wp\/v2\/users\/3"}],"replies":[{"embeddable":true,"href":"https:\/\/www.eldiariodetucuman.com\/web\/wp-json\/wp\/v2\/comments?post=801"}],"version-history":[{"count":1,"href":"https:\/\/www.eldiariodetucuman.com\/web\/wp-json\/wp\/v2\/posts\/801\/revisions"}],"predecessor-version":[{"id":803,"href":"https:\/\/www.eldiariodetucuman.com\/web\/wp-json\/wp\/v2\/posts\/801\/revisions\/803"}],"wp:featuredmedia":[{"embeddable":true,"href":"https:\/\/www.eldiariodetucuman.com\/web\/wp-json\/wp\/v2\/media\/802"}],"wp:attachment":[{"href":"https:\/\/www.eldiariodetucuman.com\/web\/wp-json\/wp\/v2\/media?parent=801"}],"wp:term":[{"taxonomy":"category","embeddable":true,"href":"https:\/\/www.eldiariodetucuman.com\/web\/wp-json\/wp\/v2\/categories?post=801"},{"taxonomy":"post_tag","embeddable":true,"href":"https:\/\/www.eldiariodetucuman.com\/web\/wp-json\/wp\/v2\/tags?post=801"}],"curies":[{"name":"wp","href":"https:\/\/api.w.org\/{rel}","templated":true}]}}