{"id":798,"date":"2015-12-04T13:49:36","date_gmt":"2015-12-04T13:49:36","guid":{"rendered":"http:\/\/www.eldiariodetucuman.com\/web\/?p=798"},"modified":"2015-12-04T13:51:31","modified_gmt":"2015-12-04T13:51:31","slug":"la-madre-de-las-verguenzas-la-asamblea-de-la-afa-no-pudo-elegir-a-su-presidente","status":"publish","type":"post","link":"https:\/\/www.eldiariodetucuman.com\/web\/la-madre-de-las-verguenzas-la-asamblea-de-la-afa-no-pudo-elegir-a-su-presidente\/","title":{"rendered":"La madre de las verg\u00fcenzas: la Asamblea de la AFA no pudo elegir a su presidente"},"content":{"rendered":"<p>Lo que no pod\u00eda pasar, pas\u00f3. La Asamblea de la AFA no pudo elegir anoche al nuevo presidente por el per\u00edodo 2015\/2019 porque la votaci\u00f3n entre Luis Segura y Marcelo Tinelli termin\u00f3 empatada en 38 votos, tras un escrutinio irregular en el que particip\u00f3 Rodrigo Escribano, vicepresidente de Talleres.<!--more--><\/p>\n<p>Las delirantes placas de Cr\u00f3nica TV<br \/>\n\u201cEsto me averg\u00fcenza, pero bueno, ya est\u00e1, ya pas\u00f3\u201d dijo Segura en una conferencia conjunta que dio con Tinelli luego de la elecci\u00f3n en el complejo Julio Grondona de Ezeiza y en la que ambos postulantes, ante el cuadro de marcada paridad, confirmaron que se reunir\u00e1n en las pr\u00f3ximas horas para acordar una lista de unidad que evite la convocatoria a un nuevo acto eleccionario.<\/p>\n<p>A la salida de la votaci\u00f3n, realizada en el gimnasio de futsal del predio, los 75 asamble\u00edstas convocados y los dirigentes y allegados que tambi\u00e9n estuvieron en el lugar, dejaron en claro su desaz\u00f3n profunda por no haber podido resolver limpiamente la sucesi\u00f3n de Julio Grondona.<\/p>\n<p>\u00abSi no podemos organizar una elecci\u00f3n entre 75 personas, tendr\u00edamos que irnos todos. Esto es una verg\u00fcenza\u00bb, se\u00f1al\u00f3 P\u00e9rez.<\/p>\n<p>\u201cSi no podemos organizar una elecci\u00f3n entre 75 personas, tendr\u00edamos que irnos todos. Esto es una verg\u00fcenza\u201d dijo con indisimulable molestia Armando P\u00e9rez, el titular de Belgrano al que anoche se lo mencionaba como el candidato de unidad que podr\u00eda destrabar la situaci\u00f3n planteada tras la votaci\u00f3n y el empate.<\/p>\n<p>La Comisi\u00f3n escrutadora, que adem\u00e1s de Escribano integraban los asamble\u00edstas Alfredo Dagna (presidente de Olimpo) y Pascual Caiella (vice de Estudiantes de La Plata) hab\u00eda contado los 75 sobres correspondientes a otros tantos votantes.<\/p>\n<p>Los 30 delegados de Primera A, 12 de la B Nacional, 10 de la B Metropolitana, 6 de la Primera C, 5 de la Primera D, 2 del Federal A y 10 de las Ligas del Interior hab\u00edan sufragado hasta ah\u00ed normalmente en dos cuartos oscuros y el recuento, a eso de la nueve de la noche, parec\u00eda desembocar sin inconvenientes en el nombramiento del nuevo presidente.<\/p>\n<p>Grondona, el co-conspirador #1<\/p>\n<p>Pero de pronto, sucedi\u00f3 lo imprevisto. Cuando se contaron las boletas del total de los sobres, se descubri\u00f3 que en lugar de 75, hab\u00eda 76, 38 para Segura y 38 para Tinelli. Y que como la anormalidad se verific\u00f3 reci\u00e9n en el conteo final y no en la apertura sobre a sobre, resultaba imposible impugnar el voto pero tampoco pod\u00eda d\u00e1rselo por v\u00e1lido.<\/p>\n<p>A mano alzada<\/p>\n<p>En ese momento, Daniel Angelici, el presidente de Boca y uno de los puntales de la candidatura del actual presidente de la AFA, mocion\u00f3 que la votaci\u00f3n se repitiera a mano alzada y a viva voz. Pero el titular de Atl\u00e9tico Tucum\u00e1n, Mario Leito, le sali\u00f3 al cruce diciendo que eso era imposible porque no estaba contemplado por el estatuto y, adem\u00e1s, algunos asamble\u00edstas del interior ya se hab\u00edan retirado del predio para regresar a sus provincias. A pedido de los veedores, se pas\u00f3 lista a los concurrentes y se constat\u00f3 que s\u00f3lo se hab\u00edan ausentado los presidentes de Crucero del Norte, Julio Koropeski y de Excursionistas, \u00c1ngel Lozano.<\/p>\n<p>\u00abNos juntaremos con Tinelli en las pr\u00f3ximas horas y analizaremos como seguir adelante\u00bb, dijo Segura para concluir la asamblea.<\/p>\n<p>El cuarto intermedio fue dram\u00e1tico, prol\u00edfico en deliberaciones de cada sector. Segura consult\u00f3 a su asesor legal, Mariano C\u00faneo Libarona mientras Tinelli hac\u00eda lo propio con el suyo, Ricardo Gil Lavedra y tambi\u00e9n dialogaba con Angelici, Hugo Moyano y Victor Blanco, los sostenedores de Segura. Luego de un di\u00e1logo mano a mano entre los dos candidatos, Segura anunci\u00f3: \u201cHaremos un cuarto intermedio hasta una nueva convocatoria y nos juntaremos con Tinelli en las pr\u00f3ximas horas y analizaremos como seguir adelante\u201d. La verg\u00fcenza madre ya estaba consumada.<br \/>\nUna m\u00e1s para estos tiempos del f\u00fatbol argentino.<\/p>\n<p>Fuente: http:\/\/mundod.lavoz.com.ar\/futbol\/la-madre-de-las-verguenzas-la-asamblea-de-la-afa-no-pudo-elegir-su-presidente<\/p>\n","protected":false},"excerpt":{"rendered":"<p>Lo que no pod\u00eda pasar, pas\u00f3. La Asamblea de la AFA no pudo elegir anoche al nuevo presidente por el per\u00edodo 2015\/2019 porque la votaci\u00f3n entre Luis Segura y Marcelo Tinelli termin\u00f3 empatada en 38 votos, tras un escrutinio irregular en el que particip\u00f3 Rodrigo Escribano, vicepresidente de Talleres.<\/p>\n","protected":false},"author":3,"featured_media":799,"comment_status":"closed","ping_status":"open","sticky":false,"template":"","format":"standard","meta":{"footnotes":""},"categories":[6],"tags":[7,61],"class_list":{"0":"post-798","1":"post","2":"type-post","3":"status-publish","4":"format-standard","5":"has-post-thumbnail","7":"category-deporte","8":"tag-el-diario-de-tucuman","9":"tag-tucuman"},"yoast_head":"<!-- This site is optimized with the Yoast SEO plugin v27.5 - https:\/\/yoast.com\/product\/yoast-seo-wordpress\/ -->\n<title>La madre de las verg\u00fcenzas: la Asamblea de la AFA no pudo elegir a su presidente - El Diario de Tucuman<\/title>\n<meta name=\"robots\" content=\"index, follow, max-snippet:-1, max-image-preview:large, max-video-preview:-1\" \/>\n<link rel=\"canonical\" href=\"https:\/\/www.eldiariodetucuman.com\/web\/la-madre-de-las-verguenzas-la-asamblea-de-la-afa-no-pudo-elegir-a-su-presidente\/\" \/>\n<meta property=\"og:locale\" content=\"es_ES\" \/>\n<meta property=\"og:type\" content=\"article\" \/>\n<meta property=\"og:title\" content=\"La madre de las verg\u00fcenzas: la Asamblea de la AFA no pudo elegir a su presidente - El Diario de Tucuman\" \/>\n<meta property=\"og:description\" content=\"Lo que no pod\u00eda pasar, pas\u00f3. La Asamblea de la AFA no pudo elegir anoche al nuevo presidente por el per\u00edodo 2015\/2019 porque la votaci\u00f3n entre Luis Segura y Marcelo Tinelli termin\u00f3 empatada en 38 votos, tras un escrutinio irregular en el que particip\u00f3 Rodrigo Escribano, vicepresidente de Talleres.\" \/>\n<meta property=\"og:url\" content=\"https:\/\/www.eldiariodetucuman.com\/web\/la-madre-de-las-verguenzas-la-asamblea-de-la-afa-no-pudo-elegir-a-su-presidente\/\" \/>\n<meta property=\"og:site_name\" content=\"El Diario de Tucuman\" \/>\n<meta property=\"article:published_time\" content=\"2015-12-04T13:49:36+00:00\" \/>\n<meta property=\"article:modified_time\" content=\"2015-12-04T13:51:31+00:00\" \/>\n<meta property=\"og:image\" content=\"https:\/\/www.eldiariodetucuman.com\/web\/wp-content\/uploads\/2015\/12\/marcelo-tinelli-2_0.jpg\" \/>\n\t<meta property=\"og:image:width\" content=\"642\" \/>\n\t<meta property=\"og:image:height\" content=\"366\" \/>\n\t<meta property=\"og:image:type\" content=\"image\/jpeg\" \/>\n<meta name=\"author\" content=\"El diario de Tucuman\" \/>\n<meta name=\"twitter:card\" content=\"summary_large_image\" \/>\n<meta name=\"twitter:label1\" content=\"Escrito por\" \/>\n\t<meta name=\"twitter:data1\" content=\"El diario de Tucuman\" \/>\n\t<meta name=\"twitter:label2\" content=\"Tiempo de lectura\" \/>\n\t<meta name=\"twitter:data2\" content=\"3 minutos\" \/>\n<script type=\"application\/ld+json\" class=\"yoast-schema-graph\">{\"@context\":\"https:\\\/\\\/schema.org\",\"@graph\":[{\"@type\":\"Article\",\"@id\":\"https:\\\/\\\/www.eldiariodetucuman.com\\\/web\\\/la-madre-de-las-verguenzas-la-asamblea-de-la-afa-no-pudo-elegir-a-su-presidente\\\/#article\",\"isPartOf\":{\"@id\":\"https:\\\/\\\/www.eldiariodetucuman.com\\\/web\\\/la-madre-de-las-verguenzas-la-asamblea-de-la-afa-no-pudo-elegir-a-su-presidente\\\/\"},\"author\":{\"name\":\"El diario de Tucuman\",\"@id\":\"https:\\\/\\\/www.eldiariodetucuman.com\\\/web\\\/#\\\/schema\\\/person\\\/3adbe300ecd6242af93c97dab1dc3ba1\"},\"headline\":\"La madre de las verg\u00fcenzas: la Asamblea de la AFA no pudo elegir a su presidente\",\"datePublished\":\"2015-12-04T13:49:36+00:00\",\"dateModified\":\"2015-12-04T13:51:31+00:00\",\"mainEntityOfPage\":{\"@id\":\"https:\\\/\\\/www.eldiariodetucuman.com\\\/web\\\/la-madre-de-las-verguenzas-la-asamblea-de-la-afa-no-pudo-elegir-a-su-presidente\\\/\"},\"wordCount\":690,\"publisher\":{\"@id\":\"https:\\\/\\\/www.eldiariodetucuman.com\\\/web\\\/#organization\"},\"image\":{\"@id\":\"https:\\\/\\\/www.eldiariodetucuman.com\\\/web\\\/la-madre-de-las-verguenzas-la-asamblea-de-la-afa-no-pudo-elegir-a-su-presidente\\\/#primaryimage\"},\"thumbnailUrl\":\"https:\\\/\\\/www.eldiariodetucuman.com\\\/web\\\/wp-content\\\/uploads\\\/2015\\\/12\\\/marcelo-tinelli-2_0.jpg\",\"keywords\":[\"El Diario de Tucuman\",\"Tucuman\"],\"articleSection\":[\"Deporte\"],\"inLanguage\":\"es\"},{\"@type\":\"WebPage\",\"@id\":\"https:\\\/\\\/www.eldiariodetucuman.com\\\/web\\\/la-madre-de-las-verguenzas-la-asamblea-de-la-afa-no-pudo-elegir-a-su-presidente\\\/\",\"url\":\"https:\\\/\\\/www.eldiariodetucuman.com\\\/web\\\/la-madre-de-las-verguenzas-la-asamblea-de-la-afa-no-pudo-elegir-a-su-presidente\\\/\",\"name\":\"La madre de las verg\u00fcenzas: la Asamblea de la AFA no pudo elegir a su presidente - El Diario de Tucuman\",\"isPartOf\":{\"@id\":\"https:\\\/\\\/www.eldiariodetucuman.com\\\/web\\\/#website\"},\"primaryImageOfPage\":{\"@id\":\"https:\\\/\\\/www.eldiariodetucuman.com\\\/web\\\/la-madre-de-las-verguenzas-la-asamblea-de-la-afa-no-pudo-elegir-a-su-presidente\\\/#primaryimage\"},\"image\":{\"@id\":\"https:\\\/\\\/www.eldiariodetucuman.com\\\/web\\\/la-madre-de-las-verguenzas-la-asamblea-de-la-afa-no-pudo-elegir-a-su-presidente\\\/#primaryimage\"},\"thumbnailUrl\":\"https:\\\/\\\/www.eldiariodetucuman.com\\\/web\\\/wp-content\\\/uploads\\\/2015\\\/12\\\/marcelo-tinelli-2_0.jpg\",\"datePublished\":\"2015-12-04T13:49:36+00:00\",\"dateModified\":\"2015-12-04T13:51:31+00:00\",\"breadcrumb\":{\"@id\":\"https:\\\/\\\/www.eldiariodetucuman.com\\\/web\\\/la-madre-de-las-verguenzas-la-asamblea-de-la-afa-no-pudo-elegir-a-su-presidente\\\/#breadcrumb\"},\"inLanguage\":\"es\",\"potentialAction\":[{\"@type\":\"ReadAction\",\"target\":[\"https:\\\/\\\/www.eldiariodetucuman.com\\\/web\\\/la-madre-de-las-verguenzas-la-asamblea-de-la-afa-no-pudo-elegir-a-su-presidente\\\/\"]}]},{\"@type\":\"ImageObject\",\"inLanguage\":\"es\",\"@id\":\"https:\\\/\\\/www.eldiariodetucuman.com\\\/web\\\/la-madre-de-las-verguenzas-la-asamblea-de-la-afa-no-pudo-elegir-a-su-presidente\\\/#primaryimage\",\"url\":\"https:\\\/\\\/www.eldiariodetucuman.com\\\/web\\\/wp-content\\\/uploads\\\/2015\\\/12\\\/marcelo-tinelli-2_0.jpg\",\"contentUrl\":\"https:\\\/\\\/www.eldiariodetucuman.com\\\/web\\\/wp-content\\\/uploads\\\/2015\\\/12\\\/marcelo-tinelli-2_0.jpg\",\"width\":642,\"height\":366},{\"@type\":\"BreadcrumbList\",\"@id\":\"https:\\\/\\\/www.eldiariodetucuman.com\\\/web\\\/la-madre-de-las-verguenzas-la-asamblea-de-la-afa-no-pudo-elegir-a-su-presidente\\\/#breadcrumb\",\"itemListElement\":[{\"@type\":\"ListItem\",\"position\":1,\"name\":\"Portada\",\"item\":\"https:\\\/\\\/www.eldiariodetucuman.com\\\/web\\\/\"},{\"@type\":\"ListItem\",\"position\":2,\"name\":\"La madre de las verg\u00fcenzas: la Asamblea de la AFA no pudo elegir a su presidente\"}]},{\"@type\":\"WebSite\",\"@id\":\"https:\\\/\\\/www.eldiariodetucuman.com\\\/web\\\/#website\",\"url\":\"https:\\\/\\\/www.eldiariodetucuman.com\\\/web\\\/\",\"name\":\"El Diario de Tucuman\",\"description\":\"Diario Tucuman - Informaci\u00f3n y noticias\",\"publisher\":{\"@id\":\"https:\\\/\\\/www.eldiariodetucuman.com\\\/web\\\/#organization\"},\"potentialAction\":[{\"@type\":\"SearchAction\",\"target\":{\"@type\":\"EntryPoint\",\"urlTemplate\":\"https:\\\/\\\/www.eldiariodetucuman.com\\\/web\\\/?s={search_term_string}\"},\"query-input\":{\"@type\":\"PropertyValueSpecification\",\"valueRequired\":true,\"valueName\":\"search_term_string\"}}],\"inLanguage\":\"es\"},{\"@type\":\"Organization\",\"@id\":\"https:\\\/\\\/www.eldiariodetucuman.com\\\/web\\\/#organization\",\"name\":\"El Diario de Tucuman\",\"url\":\"https:\\\/\\\/www.eldiariodetucuman.com\\\/web\\\/\",\"logo\":{\"@type\":\"ImageObject\",\"inLanguage\":\"es\",\"@id\":\"https:\\\/\\\/www.eldiariodetucuman.com\\\/web\\\/#\\\/schema\\\/logo\\\/image\\\/\",\"url\":\"http:\\\/\\\/www.eldiariodetucuman.com\\\/web\\\/wp-content\\\/uploads\\\/2017\\\/12\\\/el-diario-de-tucuman.jpg\",\"contentUrl\":\"http:\\\/\\\/www.eldiariodetucuman.com\\\/web\\\/wp-content\\\/uploads\\\/2017\\\/12\\\/el-diario-de-tucuman.jpg\",\"width\":272,\"height\":92,\"caption\":\"El Diario de Tucuman\"},\"image\":{\"@id\":\"https:\\\/\\\/www.eldiariodetucuman.com\\\/web\\\/#\\\/schema\\\/logo\\\/image\\\/\"}},{\"@type\":\"Person\",\"@id\":\"https:\\\/\\\/www.eldiariodetucuman.com\\\/web\\\/#\\\/schema\\\/person\\\/3adbe300ecd6242af93c97dab1dc3ba1\",\"name\":\"El diario de Tucuman\",\"image\":{\"@type\":\"ImageObject\",\"inLanguage\":\"es\",\"@id\":\"https:\\\/\\\/secure.gravatar.com\\\/avatar\\\/b7214de193b24d0bd708ac5516aa13d0f20c6560795bfbee06857d5c8ac2f0b2?s=96&d=mm&r=g\",\"url\":\"https:\\\/\\\/secure.gravatar.com\\\/avatar\\\/b7214de193b24d0bd708ac5516aa13d0f20c6560795bfbee06857d5c8ac2f0b2?s=96&d=mm&r=g\",\"contentUrl\":\"https:\\\/\\\/secure.gravatar.com\\\/avatar\\\/b7214de193b24d0bd708ac5516aa13d0f20c6560795bfbee06857d5c8ac2f0b2?s=96&d=mm&r=g\",\"caption\":\"El diario de Tucuman\"},\"url\":\"https:\\\/\\\/www.eldiariodetucuman.com\\\/web\\\/author\\\/mgiobellina\\\/\"}]}<\/script>\n<!-- \/ Yoast SEO plugin. -->","yoast_head_json":{"title":"La madre de las verg\u00fcenzas: la Asamblea de la AFA no pudo elegir a su presidente - El Diario de Tucuman","robots":{"index":"index","follow":"follow","max-snippet":"max-snippet:-1","max-image-preview":"max-image-preview:large","max-video-preview":"max-video-preview:-1"},"canonical":"https:\/\/www.eldiariodetucuman.com\/web\/la-madre-de-las-verguenzas-la-asamblea-de-la-afa-no-pudo-elegir-a-su-presidente\/","og_locale":"es_ES","og_type":"article","og_title":"La madre de las verg\u00fcenzas: la Asamblea de la AFA no pudo elegir a su presidente - El Diario de Tucuman","og_description":"Lo que no pod\u00eda pasar, pas\u00f3. La Asamblea de la AFA no pudo elegir anoche al nuevo presidente por el per\u00edodo 2015\/2019 porque la votaci\u00f3n entre Luis Segura y Marcelo Tinelli termin\u00f3 empatada en 38 votos, tras un escrutinio irregular en el que particip\u00f3 Rodrigo Escribano, vicepresidente de Talleres.","og_url":"https:\/\/www.eldiariodetucuman.com\/web\/la-madre-de-las-verguenzas-la-asamblea-de-la-afa-no-pudo-elegir-a-su-presidente\/","og_site_name":"El Diario de Tucuman","article_published_time":"2015-12-04T13:49:36+00:00","article_modified_time":"2015-12-04T13:51:31+00:00","og_image":[{"width":642,"height":366,"url":"https:\/\/www.eldiariodetucuman.com\/web\/wp-content\/uploads\/2015\/12\/marcelo-tinelli-2_0.jpg","type":"image\/jpeg"}],"author":"El diario de Tucuman","twitter_card":"summary_large_image","twitter_misc":{"Escrito por":"El diario de Tucuman","Tiempo de lectura":"3 minutos"},"schema":{"@context":"https:\/\/schema.org","@graph":[{"@type":"Article","@id":"https:\/\/www.eldiariodetucuman.com\/web\/la-madre-de-las-verguenzas-la-asamblea-de-la-afa-no-pudo-elegir-a-su-presidente\/#article","isPartOf":{"@id":"https:\/\/www.eldiariodetucuman.com\/web\/la-madre-de-las-verguenzas-la-asamblea-de-la-afa-no-pudo-elegir-a-su-presidente\/"},"author":{"name":"El diario de Tucuman","@id":"https:\/\/www.eldiariodetucuman.com\/web\/#\/schema\/person\/3adbe300ecd6242af93c97dab1dc3ba1"},"headline":"La madre de las verg\u00fcenzas: la Asamblea de la AFA no pudo elegir a su presidente","datePublished":"2015-12-04T13:49:36+00:00","dateModified":"2015-12-04T13:51:31+00:00","mainEntityOfPage":{"@id":"https:\/\/www.eldiariodetucuman.com\/web\/la-madre-de-las-verguenzas-la-asamblea-de-la-afa-no-pudo-elegir-a-su-presidente\/"},"wordCount":690,"publisher":{"@id":"https:\/\/www.eldiariodetucuman.com\/web\/#organization"},"image":{"@id":"https:\/\/www.eldiariodetucuman.com\/web\/la-madre-de-las-verguenzas-la-asamblea-de-la-afa-no-pudo-elegir-a-su-presidente\/#primaryimage"},"thumbnailUrl":"https:\/\/www.eldiariodetucuman.com\/web\/wp-content\/uploads\/2015\/12\/marcelo-tinelli-2_0.jpg","keywords":["El Diario de Tucuman","Tucuman"],"articleSection":["Deporte"],"inLanguage":"es"},{"@type":"WebPage","@id":"https:\/\/www.eldiariodetucuman.com\/web\/la-madre-de-las-verguenzas-la-asamblea-de-la-afa-no-pudo-elegir-a-su-presidente\/","url":"https:\/\/www.eldiariodetucuman.com\/web\/la-madre-de-las-verguenzas-la-asamblea-de-la-afa-no-pudo-elegir-a-su-presidente\/","name":"La madre de las verg\u00fcenzas: la Asamblea de la AFA no pudo elegir a su presidente - El Diario de Tucuman","isPartOf":{"@id":"https:\/\/www.eldiariodetucuman.com\/web\/#website"},"primaryImageOfPage":{"@id":"https:\/\/www.eldiariodetucuman.com\/web\/la-madre-de-las-verguenzas-la-asamblea-de-la-afa-no-pudo-elegir-a-su-presidente\/#primaryimage"},"image":{"@id":"https:\/\/www.eldiariodetucuman.com\/web\/la-madre-de-las-verguenzas-la-asamblea-de-la-afa-no-pudo-elegir-a-su-presidente\/#primaryimage"},"thumbnailUrl":"https:\/\/www.eldiariodetucuman.com\/web\/wp-content\/uploads\/2015\/12\/marcelo-tinelli-2_0.jpg","datePublished":"2015-12-04T13:49:36+00:00","dateModified":"2015-12-04T13:51:31+00:00","breadcrumb":{"@id":"https:\/\/www.eldiariodetucuman.com\/web\/la-madre-de-las-verguenzas-la-asamblea-de-la-afa-no-pudo-elegir-a-su-presidente\/#breadcrumb"},"inLanguage":"es","potentialAction":[{"@type":"ReadAction","target":["https:\/\/www.eldiariodetucuman.com\/web\/la-madre-de-las-verguenzas-la-asamblea-de-la-afa-no-pudo-elegir-a-su-presidente\/"]}]},{"@type":"ImageObject","inLanguage":"es","@id":"https:\/\/www.eldiariodetucuman.com\/web\/la-madre-de-las-verguenzas-la-asamblea-de-la-afa-no-pudo-elegir-a-su-presidente\/#primaryimage","url":"https:\/\/www.eldiariodetucuman.com\/web\/wp-content\/uploads\/2015\/12\/marcelo-tinelli-2_0.jpg","contentUrl":"https:\/\/www.eldiariodetucuman.com\/web\/wp-content\/uploads\/2015\/12\/marcelo-tinelli-2_0.jpg","width":642,"height":366},{"@type":"BreadcrumbList","@id":"https:\/\/www.eldiariodetucuman.com\/web\/la-madre-de-las-verguenzas-la-asamblea-de-la-afa-no-pudo-elegir-a-su-presidente\/#breadcrumb","itemListElement":[{"@type":"ListItem","position":1,"name":"Portada","item":"https:\/\/www.eldiariodetucuman.com\/web\/"},{"@type":"ListItem","position":2,"name":"La madre de las verg\u00fcenzas: la Asamblea de la AFA no pudo elegir a su presidente"}]},{"@type":"WebSite","@id":"https:\/\/www.eldiariodetucuman.com\/web\/#website","url":"https:\/\/www.eldiariodetucuman.com\/web\/","name":"El Diario de Tucuman","description":"Diario Tucuman - Informaci\u00f3n y noticias","publisher":{"@id":"https:\/\/www.eldiariodetucuman.com\/web\/#organization"},"potentialAction":[{"@type":"SearchAction","target":{"@type":"EntryPoint","urlTemplate":"https:\/\/www.eldiariodetucuman.com\/web\/?s={search_term_string}"},"query-input":{"@type":"PropertyValueSpecification","valueRequired":true,"valueName":"search_term_string"}}],"inLanguage":"es"},{"@type":"Organization","@id":"https:\/\/www.eldiariodetucuman.com\/web\/#organization","name":"El Diario de Tucuman","url":"https:\/\/www.eldiariodetucuman.com\/web\/","logo":{"@type":"ImageObject","inLanguage":"es","@id":"https:\/\/www.eldiariodetucuman.com\/web\/#\/schema\/logo\/image\/","url":"http:\/\/www.eldiariodetucuman.com\/web\/wp-content\/uploads\/2017\/12\/el-diario-de-tucuman.jpg","contentUrl":"http:\/\/www.eldiariodetucuman.com\/web\/wp-content\/uploads\/2017\/12\/el-diario-de-tucuman.jpg","width":272,"height":92,"caption":"El Diario de Tucuman"},"image":{"@id":"https:\/\/www.eldiariodetucuman.com\/web\/#\/schema\/logo\/image\/"}},{"@type":"Person","@id":"https:\/\/www.eldiariodetucuman.com\/web\/#\/schema\/person\/3adbe300ecd6242af93c97dab1dc3ba1","name":"El diario de Tucuman","image":{"@type":"ImageObject","inLanguage":"es","@id":"https:\/\/secure.gravatar.com\/avatar\/b7214de193b24d0bd708ac5516aa13d0f20c6560795bfbee06857d5c8ac2f0b2?s=96&d=mm&r=g","url":"https:\/\/secure.gravatar.com\/avatar\/b7214de193b24d0bd708ac5516aa13d0f20c6560795bfbee06857d5c8ac2f0b2?s=96&d=mm&r=g","contentUrl":"https:\/\/secure.gravatar.com\/avatar\/b7214de193b24d0bd708ac5516aa13d0f20c6560795bfbee06857d5c8ac2f0b2?s=96&d=mm&r=g","caption":"El diario de Tucuman"},"url":"https:\/\/www.eldiariodetucuman.com\/web\/author\/mgiobellina\/"}]}},"_links":{"self":[{"href":"https:\/\/www.eldiariodetucuman.com\/web\/wp-json\/wp\/v2\/posts\/798","targetHints":{"allow":["GET"]}}],"collection":[{"href":"https:\/\/www.eldiariodetucuman.com\/web\/wp-json\/wp\/v2\/posts"}],"about":[{"href":"https:\/\/www.eldiariodetucuman.com\/web\/wp-json\/wp\/v2\/types\/post"}],"author":[{"embeddable":true,"href":"https:\/\/www.eldiariodetucuman.com\/web\/wp-json\/wp\/v2\/users\/3"}],"replies":[{"embeddable":true,"href":"https:\/\/www.eldiariodetucuman.com\/web\/wp-json\/wp\/v2\/comments?post=798"}],"version-history":[{"count":1,"href":"https:\/\/www.eldiariodetucuman.com\/web\/wp-json\/wp\/v2\/posts\/798\/revisions"}],"predecessor-version":[{"id":800,"href":"https:\/\/www.eldiariodetucuman.com\/web\/wp-json\/wp\/v2\/posts\/798\/revisions\/800"}],"wp:featuredmedia":[{"embeddable":true,"href":"https:\/\/www.eldiariodetucuman.com\/web\/wp-json\/wp\/v2\/media\/799"}],"wp:attachment":[{"href":"https:\/\/www.eldiariodetucuman.com\/web\/wp-json\/wp\/v2\/media?parent=798"}],"wp:term":[{"taxonomy":"category","embeddable":true,"href":"https:\/\/www.eldiariodetucuman.com\/web\/wp-json\/wp\/v2\/categories?post=798"},{"taxonomy":"post_tag","embeddable":true,"href":"https:\/\/www.eldiariodetucuman.com\/web\/wp-json\/wp\/v2\/tags?post=798"}],"curies":[{"name":"wp","href":"https:\/\/api.w.org\/{rel}","templated":true}]}}