{"id":795,"date":"2015-12-04T13:46:57","date_gmt":"2015-12-04T13:46:57","guid":{"rendered":"http:\/\/www.eldiariodetucuman.com\/web\/?p=795"},"modified":"2015-12-04T13:46:57","modified_gmt":"2015-12-04T13:46:57","slug":"mauricio-macri-esta-reunido-con-dilma-rousseff-en-brasilia","status":"publish","type":"post","link":"https:\/\/www.eldiariodetucuman.com\/web\/mauricio-macri-esta-reunido-con-dilma-rousseff-en-brasilia\/","title":{"rendered":"Mauricio Macri est\u00e1 reunido con Dilma Rousseff en Brasilia"},"content":{"rendered":"<p>El presidente electo Mauricio Macri se encuentra reunido esta ma\u00f1ana con la presidenta de Brasil, Dilma Rousseff, en lo que constituye su primer encuentro con un mandatario extranjero desde que fue elegido para gobernar la Argentina el pasado 22 de noviembre.<!--more--><\/p>\n<p>La audiencia comenz\u00f3 a las 9.30 hora argentina en el Palacio del Planalto y lo acompa\u00f1an el futuro jefe de Gabinete, Marcos Pe\u00f1a; y la designada canciller, Susana Malcorra.<\/p>\n<p>M\u00e1s tarde, el jefe de Estado electo se trasladar\u00e1 a San Pablo para compartir un almuerzo con empresarios locales nucleados en la patronal industrial FIESP.<\/p>\n<p>En tanto, por la tarde partir\u00e1 hacia Santiago para reunirse a la noche, alrededor de las 20.30, con la presidenta de Chile, Michelle Bachelet.<\/p>\n<p>Qu\u00e9 dicen en Brasil<br \/>\nMacri \u00abrelanza\u00bb la relaci\u00f3n con Brasil al visitar a la mandataria de ese pa\u00eds, Dilma Rousseff, consider\u00f3 hoy la prensa paulista.<\/p>\n<p>Macri visitar\u00e1 esta ma\u00f1ana al principal socio comercial del pa\u00eds, con escalas en Brasilia, para ver a Rousseff, y en San Pablo, donde se entrevistar\u00e1 con el titular de la Federaci\u00f3n de Industrias de ese estado (FIESP), Paulo Skaff.<\/p>\n<p>\u00abMacri relanza la relaci\u00f3n con su visita a Dilma este viernes\u00bb, inform\u00f3 Folha de Sao Paulo, que, adem\u00e1s, precis\u00f3 que la comitiva argentina estar\u00e1 \u00abdos horas en Brasilia\u00bb, en una visita \u00abrel\u00e1mpago\u00bb.<\/p>\n<p>El medio paulista compar\u00f3 que la reuni\u00f3n con empresarios \u00abtendr\u00e1 el doble de tiempo\u00bb que la que tendr\u00e1n Macri y Rousseff, y record\u00f3 que \u00abel PT (Partido de los Trabajadores) de Lula (Da Silva) hizo campa\u00f1a por el rival de Macri, el gobernador Daniel Scioli\u00bb.<\/p>\n<p>\u00abEntre los funcionarios del presidente electo la versi\u00f3n fue que no qued\u00f3 rencor y que Brasil es socio estrat\u00e9gico de la nueva pol\u00edtica exterior de Argentina. Pero los dos presidentes saben que representan fuerzas pol\u00edticas distintas\u00bb, a\u00f1adi\u00f3 el medio brasile\u00f1o.<\/p>\n<p>Que agreg\u00f3: \u00abMacri es empresario y forma parte de la centroderecha, que se asemeja m\u00e1s al PSDB (la socialdemocracia del vecino pa\u00eds) que al PT de Dilma.<\/p>\n<p>Folha record\u00f3 que en 2011 el comercio bilateral lleg\u00f3 a los 39 mil millones de d\u00f3lares y que ahora, en los primeros nueve meses del a\u00f1o, \u00abse achic\u00f3 a menos de 18 mil millones\u00bb.<\/p>\n<p>Fuente: http:\/\/www.lavoz.com.ar\/politica\/mauricio-macri-esta-reunido-con-dilma-rousseff-en-brasilia<\/p>\n","protected":false},"excerpt":{"rendered":"<p>El presidente electo Mauricio Macri se encuentra reunido esta ma\u00f1ana con la presidenta de Brasil, Dilma Rousseff, en lo que constituye su primer encuentro con un mandatario extranjero desde que fue elegido para gobernar la Argentina el pasado 22 de noviembre.<\/p>\n","protected":false},"author":3,"featured_media":796,"comment_status":"closed","ping_status":"open","sticky":false,"template":"","format":"standard","meta":{"footnotes":""},"categories":[2,3],"tags":[7,61],"class_list":{"0":"post-795","1":"post","2":"type-post","3":"status-publish","4":"format-standard","5":"has-post-thumbnail","7":"category-actualidad","8":"category-politica","9":"tag-el-diario-de-tucuman","10":"tag-tucuman"},"yoast_head":"<!-- This site is optimized with the Yoast SEO plugin v27.5 - https:\/\/yoast.com\/product\/yoast-seo-wordpress\/ -->\n<title>Mauricio Macri est\u00e1 reunido con Dilma Rousseff en Brasilia - El Diario de Tucuman<\/title>\n<meta name=\"robots\" content=\"index, follow, max-snippet:-1, max-image-preview:large, max-video-preview:-1\" \/>\n<link rel=\"canonical\" href=\"https:\/\/www.eldiariodetucuman.com\/web\/mauricio-macri-esta-reunido-con-dilma-rousseff-en-brasilia\/\" \/>\n<meta property=\"og:locale\" content=\"es_ES\" \/>\n<meta property=\"og:type\" content=\"article\" \/>\n<meta property=\"og:title\" content=\"Mauricio Macri est\u00e1 reunido con Dilma Rousseff en Brasilia - El Diario de Tucuman\" \/>\n<meta property=\"og:description\" content=\"El presidente electo Mauricio Macri se encuentra reunido esta ma\u00f1ana con la presidenta de Brasil, Dilma Rousseff, en lo que constituye su primer encuentro con un mandatario extranjero desde que fue elegido para gobernar la Argentina el pasado 22 de noviembre.\" \/>\n<meta property=\"og:url\" content=\"https:\/\/www.eldiariodetucuman.com\/web\/mauricio-macri-esta-reunido-con-dilma-rousseff-en-brasilia\/\" \/>\n<meta property=\"og:site_name\" content=\"El Diario de Tucuman\" \/>\n<meta property=\"article:published_time\" content=\"2015-12-04T13:46:57+00:00\" \/>\n<meta property=\"og:image\" content=\"https:\/\/www.eldiariodetucuman.com\/web\/wp-content\/uploads\/2015\/12\/dilma_27.jpg\" \/>\n\t<meta property=\"og:image:width\" content=\"642\" \/>\n\t<meta property=\"og:image:height\" content=\"366\" \/>\n\t<meta property=\"og:image:type\" content=\"image\/jpeg\" \/>\n<meta name=\"author\" content=\"El diario de Tucuman\" \/>\n<meta name=\"twitter:card\" content=\"summary_large_image\" \/>\n<meta name=\"twitter:label1\" content=\"Escrito por\" \/>\n\t<meta name=\"twitter:data1\" content=\"El diario de Tucuman\" \/>\n\t<meta name=\"twitter:label2\" content=\"Tiempo de lectura\" \/>\n\t<meta name=\"twitter:data2\" content=\"2 minutos\" \/>\n<script type=\"application\/ld+json\" class=\"yoast-schema-graph\">{\"@context\":\"https:\\\/\\\/schema.org\",\"@graph\":[{\"@type\":\"Article\",\"@id\":\"https:\\\/\\\/www.eldiariodetucuman.com\\\/web\\\/mauricio-macri-esta-reunido-con-dilma-rousseff-en-brasilia\\\/#article\",\"isPartOf\":{\"@id\":\"https:\\\/\\\/www.eldiariodetucuman.com\\\/web\\\/mauricio-macri-esta-reunido-con-dilma-rousseff-en-brasilia\\\/\"},\"author\":{\"name\":\"El diario de Tucuman\",\"@id\":\"https:\\\/\\\/www.eldiariodetucuman.com\\\/web\\\/#\\\/schema\\\/person\\\/3adbe300ecd6242af93c97dab1dc3ba1\"},\"headline\":\"Mauricio Macri est\u00e1 reunido con Dilma Rousseff en Brasilia\",\"datePublished\":\"2015-12-04T13:46:57+00:00\",\"mainEntityOfPage\":{\"@id\":\"https:\\\/\\\/www.eldiariodetucuman.com\\\/web\\\/mauricio-macri-esta-reunido-con-dilma-rousseff-en-brasilia\\\/\"},\"wordCount\":397,\"publisher\":{\"@id\":\"https:\\\/\\\/www.eldiariodetucuman.com\\\/web\\\/#organization\"},\"image\":{\"@id\":\"https:\\\/\\\/www.eldiariodetucuman.com\\\/web\\\/mauricio-macri-esta-reunido-con-dilma-rousseff-en-brasilia\\\/#primaryimage\"},\"thumbnailUrl\":\"https:\\\/\\\/www.eldiariodetucuman.com\\\/web\\\/wp-content\\\/uploads\\\/2015\\\/12\\\/dilma_27.jpg\",\"keywords\":[\"El Diario de Tucuman\",\"Tucuman\"],\"articleSection\":[\"Actualidad\",\"Politica\"],\"inLanguage\":\"es\"},{\"@type\":\"WebPage\",\"@id\":\"https:\\\/\\\/www.eldiariodetucuman.com\\\/web\\\/mauricio-macri-esta-reunido-con-dilma-rousseff-en-brasilia\\\/\",\"url\":\"https:\\\/\\\/www.eldiariodetucuman.com\\\/web\\\/mauricio-macri-esta-reunido-con-dilma-rousseff-en-brasilia\\\/\",\"name\":\"Mauricio Macri est\u00e1 reunido con Dilma Rousseff en Brasilia - El Diario de Tucuman\",\"isPartOf\":{\"@id\":\"https:\\\/\\\/www.eldiariodetucuman.com\\\/web\\\/#website\"},\"primaryImageOfPage\":{\"@id\":\"https:\\\/\\\/www.eldiariodetucuman.com\\\/web\\\/mauricio-macri-esta-reunido-con-dilma-rousseff-en-brasilia\\\/#primaryimage\"},\"image\":{\"@id\":\"https:\\\/\\\/www.eldiariodetucuman.com\\\/web\\\/mauricio-macri-esta-reunido-con-dilma-rousseff-en-brasilia\\\/#primaryimage\"},\"thumbnailUrl\":\"https:\\\/\\\/www.eldiariodetucuman.com\\\/web\\\/wp-content\\\/uploads\\\/2015\\\/12\\\/dilma_27.jpg\",\"datePublished\":\"2015-12-04T13:46:57+00:00\",\"breadcrumb\":{\"@id\":\"https:\\\/\\\/www.eldiariodetucuman.com\\\/web\\\/mauricio-macri-esta-reunido-con-dilma-rousseff-en-brasilia\\\/#breadcrumb\"},\"inLanguage\":\"es\",\"potentialAction\":[{\"@type\":\"ReadAction\",\"target\":[\"https:\\\/\\\/www.eldiariodetucuman.com\\\/web\\\/mauricio-macri-esta-reunido-con-dilma-rousseff-en-brasilia\\\/\"]}]},{\"@type\":\"ImageObject\",\"inLanguage\":\"es\",\"@id\":\"https:\\\/\\\/www.eldiariodetucuman.com\\\/web\\\/mauricio-macri-esta-reunido-con-dilma-rousseff-en-brasilia\\\/#primaryimage\",\"url\":\"https:\\\/\\\/www.eldiariodetucuman.com\\\/web\\\/wp-content\\\/uploads\\\/2015\\\/12\\\/dilma_27.jpg\",\"contentUrl\":\"https:\\\/\\\/www.eldiariodetucuman.com\\\/web\\\/wp-content\\\/uploads\\\/2015\\\/12\\\/dilma_27.jpg\",\"width\":642,\"height\":366},{\"@type\":\"BreadcrumbList\",\"@id\":\"https:\\\/\\\/www.eldiariodetucuman.com\\\/web\\\/mauricio-macri-esta-reunido-con-dilma-rousseff-en-brasilia\\\/#breadcrumb\",\"itemListElement\":[{\"@type\":\"ListItem\",\"position\":1,\"name\":\"Portada\",\"item\":\"https:\\\/\\\/www.eldiariodetucuman.com\\\/web\\\/\"},{\"@type\":\"ListItem\",\"position\":2,\"name\":\"Mauricio Macri est\u00e1 reunido con Dilma Rousseff en Brasilia\"}]},{\"@type\":\"WebSite\",\"@id\":\"https:\\\/\\\/www.eldiariodetucuman.com\\\/web\\\/#website\",\"url\":\"https:\\\/\\\/www.eldiariodetucuman.com\\\/web\\\/\",\"name\":\"El Diario de Tucuman\",\"description\":\"Diario Tucuman - Informaci\u00f3n y noticias\",\"publisher\":{\"@id\":\"https:\\\/\\\/www.eldiariodetucuman.com\\\/web\\\/#organization\"},\"potentialAction\":[{\"@type\":\"SearchAction\",\"target\":{\"@type\":\"EntryPoint\",\"urlTemplate\":\"https:\\\/\\\/www.eldiariodetucuman.com\\\/web\\\/?s={search_term_string}\"},\"query-input\":{\"@type\":\"PropertyValueSpecification\",\"valueRequired\":true,\"valueName\":\"search_term_string\"}}],\"inLanguage\":\"es\"},{\"@type\":\"Organization\",\"@id\":\"https:\\\/\\\/www.eldiariodetucuman.com\\\/web\\\/#organization\",\"name\":\"El Diario de Tucuman\",\"url\":\"https:\\\/\\\/www.eldiariodetucuman.com\\\/web\\\/\",\"logo\":{\"@type\":\"ImageObject\",\"inLanguage\":\"es\",\"@id\":\"https:\\\/\\\/www.eldiariodetucuman.com\\\/web\\\/#\\\/schema\\\/logo\\\/image\\\/\",\"url\":\"http:\\\/\\\/www.eldiariodetucuman.com\\\/web\\\/wp-content\\\/uploads\\\/2017\\\/12\\\/el-diario-de-tucuman.jpg\",\"contentUrl\":\"http:\\\/\\\/www.eldiariodetucuman.com\\\/web\\\/wp-content\\\/uploads\\\/2017\\\/12\\\/el-diario-de-tucuman.jpg\",\"width\":272,\"height\":92,\"caption\":\"El Diario de Tucuman\"},\"image\":{\"@id\":\"https:\\\/\\\/www.eldiariodetucuman.com\\\/web\\\/#\\\/schema\\\/logo\\\/image\\\/\"}},{\"@type\":\"Person\",\"@id\":\"https:\\\/\\\/www.eldiariodetucuman.com\\\/web\\\/#\\\/schema\\\/person\\\/3adbe300ecd6242af93c97dab1dc3ba1\",\"name\":\"El diario de Tucuman\",\"image\":{\"@type\":\"ImageObject\",\"inLanguage\":\"es\",\"@id\":\"https:\\\/\\\/secure.gravatar.com\\\/avatar\\\/b7214de193b24d0bd708ac5516aa13d0f20c6560795bfbee06857d5c8ac2f0b2?s=96&d=mm&r=g\",\"url\":\"https:\\\/\\\/secure.gravatar.com\\\/avatar\\\/b7214de193b24d0bd708ac5516aa13d0f20c6560795bfbee06857d5c8ac2f0b2?s=96&d=mm&r=g\",\"contentUrl\":\"https:\\\/\\\/secure.gravatar.com\\\/avatar\\\/b7214de193b24d0bd708ac5516aa13d0f20c6560795bfbee06857d5c8ac2f0b2?s=96&d=mm&r=g\",\"caption\":\"El diario de Tucuman\"},\"url\":\"https:\\\/\\\/www.eldiariodetucuman.com\\\/web\\\/author\\\/mgiobellina\\\/\"}]}<\/script>\n<!-- \/ Yoast SEO plugin. -->","yoast_head_json":{"title":"Mauricio Macri est\u00e1 reunido con Dilma Rousseff en Brasilia - El Diario de Tucuman","robots":{"index":"index","follow":"follow","max-snippet":"max-snippet:-1","max-image-preview":"max-image-preview:large","max-video-preview":"max-video-preview:-1"},"canonical":"https:\/\/www.eldiariodetucuman.com\/web\/mauricio-macri-esta-reunido-con-dilma-rousseff-en-brasilia\/","og_locale":"es_ES","og_type":"article","og_title":"Mauricio Macri est\u00e1 reunido con Dilma Rousseff en Brasilia - El Diario de Tucuman","og_description":"El presidente electo Mauricio Macri se encuentra reunido esta ma\u00f1ana con la presidenta de Brasil, Dilma Rousseff, en lo que constituye su primer encuentro con un mandatario extranjero desde que fue elegido para gobernar la Argentina el pasado 22 de noviembre.","og_url":"https:\/\/www.eldiariodetucuman.com\/web\/mauricio-macri-esta-reunido-con-dilma-rousseff-en-brasilia\/","og_site_name":"El Diario de Tucuman","article_published_time":"2015-12-04T13:46:57+00:00","og_image":[{"width":642,"height":366,"url":"https:\/\/www.eldiariodetucuman.com\/web\/wp-content\/uploads\/2015\/12\/dilma_27.jpg","type":"image\/jpeg"}],"author":"El diario de Tucuman","twitter_card":"summary_large_image","twitter_misc":{"Escrito por":"El diario de Tucuman","Tiempo de lectura":"2 minutos"},"schema":{"@context":"https:\/\/schema.org","@graph":[{"@type":"Article","@id":"https:\/\/www.eldiariodetucuman.com\/web\/mauricio-macri-esta-reunido-con-dilma-rousseff-en-brasilia\/#article","isPartOf":{"@id":"https:\/\/www.eldiariodetucuman.com\/web\/mauricio-macri-esta-reunido-con-dilma-rousseff-en-brasilia\/"},"author":{"name":"El diario de Tucuman","@id":"https:\/\/www.eldiariodetucuman.com\/web\/#\/schema\/person\/3adbe300ecd6242af93c97dab1dc3ba1"},"headline":"Mauricio Macri est\u00e1 reunido con Dilma Rousseff en Brasilia","datePublished":"2015-12-04T13:46:57+00:00","mainEntityOfPage":{"@id":"https:\/\/www.eldiariodetucuman.com\/web\/mauricio-macri-esta-reunido-con-dilma-rousseff-en-brasilia\/"},"wordCount":397,"publisher":{"@id":"https:\/\/www.eldiariodetucuman.com\/web\/#organization"},"image":{"@id":"https:\/\/www.eldiariodetucuman.com\/web\/mauricio-macri-esta-reunido-con-dilma-rousseff-en-brasilia\/#primaryimage"},"thumbnailUrl":"https:\/\/www.eldiariodetucuman.com\/web\/wp-content\/uploads\/2015\/12\/dilma_27.jpg","keywords":["El Diario de Tucuman","Tucuman"],"articleSection":["Actualidad","Politica"],"inLanguage":"es"},{"@type":"WebPage","@id":"https:\/\/www.eldiariodetucuman.com\/web\/mauricio-macri-esta-reunido-con-dilma-rousseff-en-brasilia\/","url":"https:\/\/www.eldiariodetucuman.com\/web\/mauricio-macri-esta-reunido-con-dilma-rousseff-en-brasilia\/","name":"Mauricio Macri est\u00e1 reunido con Dilma Rousseff en Brasilia - El Diario de Tucuman","isPartOf":{"@id":"https:\/\/www.eldiariodetucuman.com\/web\/#website"},"primaryImageOfPage":{"@id":"https:\/\/www.eldiariodetucuman.com\/web\/mauricio-macri-esta-reunido-con-dilma-rousseff-en-brasilia\/#primaryimage"},"image":{"@id":"https:\/\/www.eldiariodetucuman.com\/web\/mauricio-macri-esta-reunido-con-dilma-rousseff-en-brasilia\/#primaryimage"},"thumbnailUrl":"https:\/\/www.eldiariodetucuman.com\/web\/wp-content\/uploads\/2015\/12\/dilma_27.jpg","datePublished":"2015-12-04T13:46:57+00:00","breadcrumb":{"@id":"https:\/\/www.eldiariodetucuman.com\/web\/mauricio-macri-esta-reunido-con-dilma-rousseff-en-brasilia\/#breadcrumb"},"inLanguage":"es","potentialAction":[{"@type":"ReadAction","target":["https:\/\/www.eldiariodetucuman.com\/web\/mauricio-macri-esta-reunido-con-dilma-rousseff-en-brasilia\/"]}]},{"@type":"ImageObject","inLanguage":"es","@id":"https:\/\/www.eldiariodetucuman.com\/web\/mauricio-macri-esta-reunido-con-dilma-rousseff-en-brasilia\/#primaryimage","url":"https:\/\/www.eldiariodetucuman.com\/web\/wp-content\/uploads\/2015\/12\/dilma_27.jpg","contentUrl":"https:\/\/www.eldiariodetucuman.com\/web\/wp-content\/uploads\/2015\/12\/dilma_27.jpg","width":642,"height":366},{"@type":"BreadcrumbList","@id":"https:\/\/www.eldiariodetucuman.com\/web\/mauricio-macri-esta-reunido-con-dilma-rousseff-en-brasilia\/#breadcrumb","itemListElement":[{"@type":"ListItem","position":1,"name":"Portada","item":"https:\/\/www.eldiariodetucuman.com\/web\/"},{"@type":"ListItem","position":2,"name":"Mauricio Macri est\u00e1 reunido con Dilma Rousseff en Brasilia"}]},{"@type":"WebSite","@id":"https:\/\/www.eldiariodetucuman.com\/web\/#website","url":"https:\/\/www.eldiariodetucuman.com\/web\/","name":"El Diario de Tucuman","description":"Diario Tucuman - Informaci\u00f3n y noticias","publisher":{"@id":"https:\/\/www.eldiariodetucuman.com\/web\/#organization"},"potentialAction":[{"@type":"SearchAction","target":{"@type":"EntryPoint","urlTemplate":"https:\/\/www.eldiariodetucuman.com\/web\/?s={search_term_string}"},"query-input":{"@type":"PropertyValueSpecification","valueRequired":true,"valueName":"search_term_string"}}],"inLanguage":"es"},{"@type":"Organization","@id":"https:\/\/www.eldiariodetucuman.com\/web\/#organization","name":"El Diario de Tucuman","url":"https:\/\/www.eldiariodetucuman.com\/web\/","logo":{"@type":"ImageObject","inLanguage":"es","@id":"https:\/\/www.eldiariodetucuman.com\/web\/#\/schema\/logo\/image\/","url":"http:\/\/www.eldiariodetucuman.com\/web\/wp-content\/uploads\/2017\/12\/el-diario-de-tucuman.jpg","contentUrl":"http:\/\/www.eldiariodetucuman.com\/web\/wp-content\/uploads\/2017\/12\/el-diario-de-tucuman.jpg","width":272,"height":92,"caption":"El Diario de Tucuman"},"image":{"@id":"https:\/\/www.eldiariodetucuman.com\/web\/#\/schema\/logo\/image\/"}},{"@type":"Person","@id":"https:\/\/www.eldiariodetucuman.com\/web\/#\/schema\/person\/3adbe300ecd6242af93c97dab1dc3ba1","name":"El diario de Tucuman","image":{"@type":"ImageObject","inLanguage":"es","@id":"https:\/\/secure.gravatar.com\/avatar\/b7214de193b24d0bd708ac5516aa13d0f20c6560795bfbee06857d5c8ac2f0b2?s=96&d=mm&r=g","url":"https:\/\/secure.gravatar.com\/avatar\/b7214de193b24d0bd708ac5516aa13d0f20c6560795bfbee06857d5c8ac2f0b2?s=96&d=mm&r=g","contentUrl":"https:\/\/secure.gravatar.com\/avatar\/b7214de193b24d0bd708ac5516aa13d0f20c6560795bfbee06857d5c8ac2f0b2?s=96&d=mm&r=g","caption":"El diario de Tucuman"},"url":"https:\/\/www.eldiariodetucuman.com\/web\/author\/mgiobellina\/"}]}},"_links":{"self":[{"href":"https:\/\/www.eldiariodetucuman.com\/web\/wp-json\/wp\/v2\/posts\/795","targetHints":{"allow":["GET"]}}],"collection":[{"href":"https:\/\/www.eldiariodetucuman.com\/web\/wp-json\/wp\/v2\/posts"}],"about":[{"href":"https:\/\/www.eldiariodetucuman.com\/web\/wp-json\/wp\/v2\/types\/post"}],"author":[{"embeddable":true,"href":"https:\/\/www.eldiariodetucuman.com\/web\/wp-json\/wp\/v2\/users\/3"}],"replies":[{"embeddable":true,"href":"https:\/\/www.eldiariodetucuman.com\/web\/wp-json\/wp\/v2\/comments?post=795"}],"version-history":[{"count":1,"href":"https:\/\/www.eldiariodetucuman.com\/web\/wp-json\/wp\/v2\/posts\/795\/revisions"}],"predecessor-version":[{"id":797,"href":"https:\/\/www.eldiariodetucuman.com\/web\/wp-json\/wp\/v2\/posts\/795\/revisions\/797"}],"wp:featuredmedia":[{"embeddable":true,"href":"https:\/\/www.eldiariodetucuman.com\/web\/wp-json\/wp\/v2\/media\/796"}],"wp:attachment":[{"href":"https:\/\/www.eldiariodetucuman.com\/web\/wp-json\/wp\/v2\/media?parent=795"}],"wp:term":[{"taxonomy":"category","embeddable":true,"href":"https:\/\/www.eldiariodetucuman.com\/web\/wp-json\/wp\/v2\/categories?post=795"},{"taxonomy":"post_tag","embeddable":true,"href":"https:\/\/www.eldiariodetucuman.com\/web\/wp-json\/wp\/v2\/tags?post=795"}],"curies":[{"name":"wp","href":"https:\/\/api.w.org\/{rel}","templated":true}]}}