{"id":7935,"date":"2018-04-05T12:36:57","date_gmt":"2018-04-05T15:36:57","guid":{"rendered":"http:\/\/www.eldiariodetucuman.com\/web\/la-intimacion-hace-a-la-defensa\/"},"modified":"2018-04-05T12:36:59","modified_gmt":"2018-04-05T15:36:59","slug":"la-intimacion-hace-a-la-defensa","status":"publish","type":"post","link":"https:\/\/www.eldiariodetucuman.com\/web\/la-intimacion-hace-a-la-defensa\/","title":{"rendered":"La intimaci\u00f3n hace a la defensa"},"content":{"rendered":"<div>\n<div readability=\"51.491629464286\">\n<p>En el expediente \u00abAeroplat SA c\/ S\u00e1nchez Gerardo Andr\u00e9s s\/ Ejecutivo\u00bb la <a href=\"https:\/\/www.elintransigente.com\/politica\/2018\/4\/5\/los-intereses-de-los-trabajadores-485301.html\"><strong>C\u00e1mara Comercial<\/strong><\/a> convalid\u00f3 una decisi\u00f3n de primera instancia que <strong>rechaz\u00f3<\/strong> el pedido de la ejecutante para que se se dicte <strong>sentencia<\/strong> <strong>ejecutiva<\/strong> sin previa <a href=\"https:\/\/www.elintransigente.com\/economia\/2018\/4\/3\/sancionaran-los-que-no-informen-el-regimen-de-compras-ventas-en-el-iva-484959.html\"><strong>intimaci\u00f3n de pago<\/strong><\/a>.<\/p>\n<p>Seg\u00fan informa el <a href=\"http:\/\/www.diariojudicial.com\/nota\/80451\/comercial\/la-intimacion-hace-a-la-defensa.html\"><strong>Diario Judicial<\/strong><\/a>, tal como detalla el fallo de la Alzada, que cuenta con los votos de los camaristas Julia Villanueva y Eduardo Mach\u00edn, la accionante precis\u00f3 que la ejecutada reconoci\u00f3 que la deuda era proveniente \u00abde diversos cheques ejecutados en otro expediente\u00bb, por lo que habr\u00eda admitido \u00abla deuda derivada del cartular objeto de estos obrados, importando ello un allanamiento que har\u00eda prescindible la intimaci\u00f3n de pago\u00bb.<\/p>\n<p>Sin embargo, los jueces pese a reconocer \u00abla peculiar situaci\u00f3n que se ha presentado a partir de lo manifestado por el ejecutado\u00bb, y que ello \u00abha sido tenida en cuenta al decidirse que los dos procesos tramitaran ante el mismo Juzgado\u00bb, ratificaron la obligatoriedad de la intimaci\u00f3n previa, que hace al derecho de defensa en juicio.<\/p>\n<p>Tales contingencias no pueden v\u00e1lidamente excusar la omisi\u00f3n de un paso procesal irrenunciable en el juicio ejecutivo como es la intimaci\u00f3n de pago\u201c, se\u00f1alaron los magistrados al rechazar la apelaci\u00f3n.<\/p>\n<p>Ese \u201ccar\u00e1cter irrenunciable de la intimaci\u00f3n de pago\u201c es un derecho que le compete al ejecutado y no al ejecutante, por lo cual este \u00faltimo no puede disponer \u201ccu\u00e1ndo se lleva adelante y cu\u00e1ndo no\u201c.<\/p>\n<p>Finalmente, los jueces recordaron que el tr\u00e1mite de intimaci\u00f3n de pago \u201ces indisponible para las partes, salvo disposici\u00f3n en contrario, que en el caso no existe (v. Kielmanovich, Jorge L., C\u00f3digo Procesal Civil y Comercial de la Naci\u00f3n, Abeledo Perrot, Bs. As., 2009, t. II, comentario al art. 543 del c\u00f3digo procesal)\u201c.<\/p>\n<\/div>\n<\/div>\n<p>Fuente: https:\/\/www.elintransigente.com\/politica\/2018\/4\/5\/la-intimacion-hace-la-defensa-485303.html<\/p>\n","protected":false},"excerpt":{"rendered":"<p>En el expediente \u00abAeroplat SA c\/ S\u00e1nchez Gerardo Andr\u00e9s s\/ Ejecutivo\u00bb la C\u00e1mara Comercial convalid\u00f3 una decisi\u00f3n de primera instancia que rechaz\u00f3 el pedido de la ejecutante para que se se dicte sentencia ejecutiva sin previa intimaci\u00f3n de pago. Seg\u00fan informa el Diario Judicial, tal como detalla el fallo de la Alzada, que cuenta con [&hellip;]<\/p>\n","protected":false},"author":1,"featured_media":7936,"comment_status":"open","ping_status":"closed","sticky":false,"template":"","format":"standard","meta":{"footnotes":""},"categories":[1],"tags":[],"class_list":{"0":"post-7935","1":"post","2":"type-post","3":"status-publish","4":"format-standard","5":"has-post-thumbnail","7":"category-portada"},"yoast_head":"<!-- This site is optimized with the Yoast SEO plugin v27.4 - https:\/\/yoast.com\/product\/yoast-seo-wordpress\/ -->\n<title>La intimaci\u00f3n hace a la defensa - El Diario de Tucuman<\/title>\n<meta name=\"robots\" content=\"index, follow, max-snippet:-1, max-image-preview:large, max-video-preview:-1\" \/>\n<link rel=\"canonical\" href=\"https:\/\/www.eldiariodetucuman.com\/web\/la-intimacion-hace-a-la-defensa\/\" \/>\n<meta property=\"og:locale\" content=\"es_ES\" \/>\n<meta property=\"og:type\" content=\"article\" \/>\n<meta property=\"og:title\" content=\"La intimaci\u00f3n hace a la defensa - El Diario de Tucuman\" \/>\n<meta property=\"og:description\" content=\"En el expediente \u00abAeroplat SA c\/ S\u00e1nchez Gerardo Andr\u00e9s s\/ Ejecutivo\u00bb la C\u00e1mara Comercial convalid\u00f3 una decisi\u00f3n de primera instancia que rechaz\u00f3 el pedido de la ejecutante para que se se dicte sentencia ejecutiva sin previa intimaci\u00f3n de pago. Seg\u00fan informa el Diario Judicial, tal como detalla el fallo de la Alzada, que cuenta con [&hellip;]\" \/>\n<meta property=\"og:url\" content=\"https:\/\/www.eldiariodetucuman.com\/web\/la-intimacion-hace-a-la-defensa\/\" \/>\n<meta property=\"og:site_name\" content=\"El Diario de Tucuman\" \/>\n<meta property=\"article:published_time\" content=\"2018-04-05T15:36:57+00:00\" \/>\n<meta property=\"article:modified_time\" content=\"2018-04-05T15:36:59+00:00\" \/>\n<meta property=\"og:image\" content=\"https:\/\/www.eldiariodetucuman.com\/web\/wp-content\/uploads\/2018\/04\/4d5ffdbf9d14d03b09d9e0611f47ea5d.jpeg\" \/>\n\t<meta property=\"og:image:width\" content=\"960\" \/>\n\t<meta property=\"og:image:height\" content=\"720\" \/>\n\t<meta property=\"og:image:type\" content=\"image\/jpeg\" \/>\n<meta name=\"author\" content=\"admin\" \/>\n<meta name=\"twitter:card\" content=\"summary_large_image\" \/>\n<meta name=\"twitter:label1\" content=\"Escrito por\" \/>\n\t<meta name=\"twitter:data1\" content=\"admin\" \/>\n\t<meta name=\"twitter:label2\" content=\"Tiempo de lectura\" \/>\n\t<meta name=\"twitter:data2\" content=\"2 minutos\" \/>\n<script type=\"application\/ld+json\" class=\"yoast-schema-graph\">{\"@context\":\"https:\\\/\\\/schema.org\",\"@graph\":[{\"@type\":\"Article\",\"@id\":\"https:\\\/\\\/www.eldiariodetucuman.com\\\/web\\\/la-intimacion-hace-a-la-defensa\\\/#article\",\"isPartOf\":{\"@id\":\"https:\\\/\\\/www.eldiariodetucuman.com\\\/web\\\/la-intimacion-hace-a-la-defensa\\\/\"},\"author\":{\"name\":\"admin\",\"@id\":\"https:\\\/\\\/www.eldiariodetucuman.com\\\/web\\\/#\\\/schema\\\/person\\\/9250197d75ab5483412e19678b121caa\"},\"headline\":\"La intimaci\u00f3n hace a la defensa\",\"datePublished\":\"2018-04-05T15:36:57+00:00\",\"dateModified\":\"2018-04-05T15:36:59+00:00\",\"mainEntityOfPage\":{\"@id\":\"https:\\\/\\\/www.eldiariodetucuman.com\\\/web\\\/la-intimacion-hace-a-la-defensa\\\/\"},\"wordCount\":322,\"commentCount\":0,\"publisher\":{\"@id\":\"https:\\\/\\\/www.eldiariodetucuman.com\\\/web\\\/#organization\"},\"image\":{\"@id\":\"https:\\\/\\\/www.eldiariodetucuman.com\\\/web\\\/la-intimacion-hace-a-la-defensa\\\/#primaryimage\"},\"thumbnailUrl\":\"https:\\\/\\\/www.eldiariodetucuman.com\\\/web\\\/wp-content\\\/uploads\\\/2018\\\/04\\\/4d5ffdbf9d14d03b09d9e0611f47ea5d.jpeg\",\"articleSection\":[\"Portada\"],\"inLanguage\":\"es\",\"potentialAction\":[{\"@type\":\"CommentAction\",\"name\":\"Comment\",\"target\":[\"https:\\\/\\\/www.eldiariodetucuman.com\\\/web\\\/la-intimacion-hace-a-la-defensa\\\/#respond\"]}]},{\"@type\":\"WebPage\",\"@id\":\"https:\\\/\\\/www.eldiariodetucuman.com\\\/web\\\/la-intimacion-hace-a-la-defensa\\\/\",\"url\":\"https:\\\/\\\/www.eldiariodetucuman.com\\\/web\\\/la-intimacion-hace-a-la-defensa\\\/\",\"name\":\"La intimaci\u00f3n hace a la defensa - El Diario de Tucuman\",\"isPartOf\":{\"@id\":\"https:\\\/\\\/www.eldiariodetucuman.com\\\/web\\\/#website\"},\"primaryImageOfPage\":{\"@id\":\"https:\\\/\\\/www.eldiariodetucuman.com\\\/web\\\/la-intimacion-hace-a-la-defensa\\\/#primaryimage\"},\"image\":{\"@id\":\"https:\\\/\\\/www.eldiariodetucuman.com\\\/web\\\/la-intimacion-hace-a-la-defensa\\\/#primaryimage\"},\"thumbnailUrl\":\"https:\\\/\\\/www.eldiariodetucuman.com\\\/web\\\/wp-content\\\/uploads\\\/2018\\\/04\\\/4d5ffdbf9d14d03b09d9e0611f47ea5d.jpeg\",\"datePublished\":\"2018-04-05T15:36:57+00:00\",\"dateModified\":\"2018-04-05T15:36:59+00:00\",\"breadcrumb\":{\"@id\":\"https:\\\/\\\/www.eldiariodetucuman.com\\\/web\\\/la-intimacion-hace-a-la-defensa\\\/#breadcrumb\"},\"inLanguage\":\"es\",\"potentialAction\":[{\"@type\":\"ReadAction\",\"target\":[\"https:\\\/\\\/www.eldiariodetucuman.com\\\/web\\\/la-intimacion-hace-a-la-defensa\\\/\"]}]},{\"@type\":\"ImageObject\",\"inLanguage\":\"es\",\"@id\":\"https:\\\/\\\/www.eldiariodetucuman.com\\\/web\\\/la-intimacion-hace-a-la-defensa\\\/#primaryimage\",\"url\":\"https:\\\/\\\/www.eldiariodetucuman.com\\\/web\\\/wp-content\\\/uploads\\\/2018\\\/04\\\/4d5ffdbf9d14d03b09d9e0611f47ea5d.jpeg\",\"contentUrl\":\"https:\\\/\\\/www.eldiariodetucuman.com\\\/web\\\/wp-content\\\/uploads\\\/2018\\\/04\\\/4d5ffdbf9d14d03b09d9e0611f47ea5d.jpeg\",\"width\":960,\"height\":720},{\"@type\":\"BreadcrumbList\",\"@id\":\"https:\\\/\\\/www.eldiariodetucuman.com\\\/web\\\/la-intimacion-hace-a-la-defensa\\\/#breadcrumb\",\"itemListElement\":[{\"@type\":\"ListItem\",\"position\":1,\"name\":\"Portada\",\"item\":\"https:\\\/\\\/www.eldiariodetucuman.com\\\/web\\\/\"},{\"@type\":\"ListItem\",\"position\":2,\"name\":\"La intimaci\u00f3n hace a la defensa\"}]},{\"@type\":\"WebSite\",\"@id\":\"https:\\\/\\\/www.eldiariodetucuman.com\\\/web\\\/#website\",\"url\":\"https:\\\/\\\/www.eldiariodetucuman.com\\\/web\\\/\",\"name\":\"El Diario de Tucuman\",\"description\":\"Diario Tucuman - Informaci\u00f3n y noticias\",\"publisher\":{\"@id\":\"https:\\\/\\\/www.eldiariodetucuman.com\\\/web\\\/#organization\"},\"potentialAction\":[{\"@type\":\"SearchAction\",\"target\":{\"@type\":\"EntryPoint\",\"urlTemplate\":\"https:\\\/\\\/www.eldiariodetucuman.com\\\/web\\\/?s={search_term_string}\"},\"query-input\":{\"@type\":\"PropertyValueSpecification\",\"valueRequired\":true,\"valueName\":\"search_term_string\"}}],\"inLanguage\":\"es\"},{\"@type\":\"Organization\",\"@id\":\"https:\\\/\\\/www.eldiariodetucuman.com\\\/web\\\/#organization\",\"name\":\"El Diario de Tucuman\",\"url\":\"https:\\\/\\\/www.eldiariodetucuman.com\\\/web\\\/\",\"logo\":{\"@type\":\"ImageObject\",\"inLanguage\":\"es\",\"@id\":\"https:\\\/\\\/www.eldiariodetucuman.com\\\/web\\\/#\\\/schema\\\/logo\\\/image\\\/\",\"url\":\"http:\\\/\\\/www.eldiariodetucuman.com\\\/web\\\/wp-content\\\/uploads\\\/2017\\\/12\\\/el-diario-de-tucuman.jpg\",\"contentUrl\":\"http:\\\/\\\/www.eldiariodetucuman.com\\\/web\\\/wp-content\\\/uploads\\\/2017\\\/12\\\/el-diario-de-tucuman.jpg\",\"width\":272,\"height\":92,\"caption\":\"El Diario de Tucuman\"},\"image\":{\"@id\":\"https:\\\/\\\/www.eldiariodetucuman.com\\\/web\\\/#\\\/schema\\\/logo\\\/image\\\/\"}},{\"@type\":\"Person\",\"@id\":\"https:\\\/\\\/www.eldiariodetucuman.com\\\/web\\\/#\\\/schema\\\/person\\\/9250197d75ab5483412e19678b121caa\",\"name\":\"admin\",\"image\":{\"@type\":\"ImageObject\",\"inLanguage\":\"es\",\"@id\":\"https:\\\/\\\/secure.gravatar.com\\\/avatar\\\/c44d117c2be811212c22cb481f6b8384b6873de103fbc49e7a03cc58d7dea4ac?s=96&d=mm&r=g\",\"url\":\"https:\\\/\\\/secure.gravatar.com\\\/avatar\\\/c44d117c2be811212c22cb481f6b8384b6873de103fbc49e7a03cc58d7dea4ac?s=96&d=mm&r=g\",\"contentUrl\":\"https:\\\/\\\/secure.gravatar.com\\\/avatar\\\/c44d117c2be811212c22cb481f6b8384b6873de103fbc49e7a03cc58d7dea4ac?s=96&d=mm&r=g\",\"caption\":\"admin\"},\"url\":\"https:\\\/\\\/www.eldiariodetucuman.com\\\/web\\\/author\\\/admin\\\/\"}]}<\/script>\n<!-- \/ Yoast SEO plugin. -->","yoast_head_json":{"title":"La intimaci\u00f3n hace a la defensa - El Diario de Tucuman","robots":{"index":"index","follow":"follow","max-snippet":"max-snippet:-1","max-image-preview":"max-image-preview:large","max-video-preview":"max-video-preview:-1"},"canonical":"https:\/\/www.eldiariodetucuman.com\/web\/la-intimacion-hace-a-la-defensa\/","og_locale":"es_ES","og_type":"article","og_title":"La intimaci\u00f3n hace a la defensa - El Diario de Tucuman","og_description":"En el expediente \u00abAeroplat SA c\/ S\u00e1nchez Gerardo Andr\u00e9s s\/ Ejecutivo\u00bb la C\u00e1mara Comercial convalid\u00f3 una decisi\u00f3n de primera instancia que rechaz\u00f3 el pedido de la ejecutante para que se se dicte sentencia ejecutiva sin previa intimaci\u00f3n de pago. Seg\u00fan informa el Diario Judicial, tal como detalla el fallo de la Alzada, que cuenta con [&hellip;]","og_url":"https:\/\/www.eldiariodetucuman.com\/web\/la-intimacion-hace-a-la-defensa\/","og_site_name":"El Diario de Tucuman","article_published_time":"2018-04-05T15:36:57+00:00","article_modified_time":"2018-04-05T15:36:59+00:00","og_image":[{"width":960,"height":720,"url":"https:\/\/www.eldiariodetucuman.com\/web\/wp-content\/uploads\/2018\/04\/4d5ffdbf9d14d03b09d9e0611f47ea5d.jpeg","type":"image\/jpeg"}],"author":"admin","twitter_card":"summary_large_image","twitter_misc":{"Escrito por":"admin","Tiempo de lectura":"2 minutos"},"schema":{"@context":"https:\/\/schema.org","@graph":[{"@type":"Article","@id":"https:\/\/www.eldiariodetucuman.com\/web\/la-intimacion-hace-a-la-defensa\/#article","isPartOf":{"@id":"https:\/\/www.eldiariodetucuman.com\/web\/la-intimacion-hace-a-la-defensa\/"},"author":{"name":"admin","@id":"https:\/\/www.eldiariodetucuman.com\/web\/#\/schema\/person\/9250197d75ab5483412e19678b121caa"},"headline":"La intimaci\u00f3n hace a la defensa","datePublished":"2018-04-05T15:36:57+00:00","dateModified":"2018-04-05T15:36:59+00:00","mainEntityOfPage":{"@id":"https:\/\/www.eldiariodetucuman.com\/web\/la-intimacion-hace-a-la-defensa\/"},"wordCount":322,"commentCount":0,"publisher":{"@id":"https:\/\/www.eldiariodetucuman.com\/web\/#organization"},"image":{"@id":"https:\/\/www.eldiariodetucuman.com\/web\/la-intimacion-hace-a-la-defensa\/#primaryimage"},"thumbnailUrl":"https:\/\/www.eldiariodetucuman.com\/web\/wp-content\/uploads\/2018\/04\/4d5ffdbf9d14d03b09d9e0611f47ea5d.jpeg","articleSection":["Portada"],"inLanguage":"es","potentialAction":[{"@type":"CommentAction","name":"Comment","target":["https:\/\/www.eldiariodetucuman.com\/web\/la-intimacion-hace-a-la-defensa\/#respond"]}]},{"@type":"WebPage","@id":"https:\/\/www.eldiariodetucuman.com\/web\/la-intimacion-hace-a-la-defensa\/","url":"https:\/\/www.eldiariodetucuman.com\/web\/la-intimacion-hace-a-la-defensa\/","name":"La intimaci\u00f3n hace a la defensa - El Diario de Tucuman","isPartOf":{"@id":"https:\/\/www.eldiariodetucuman.com\/web\/#website"},"primaryImageOfPage":{"@id":"https:\/\/www.eldiariodetucuman.com\/web\/la-intimacion-hace-a-la-defensa\/#primaryimage"},"image":{"@id":"https:\/\/www.eldiariodetucuman.com\/web\/la-intimacion-hace-a-la-defensa\/#primaryimage"},"thumbnailUrl":"https:\/\/www.eldiariodetucuman.com\/web\/wp-content\/uploads\/2018\/04\/4d5ffdbf9d14d03b09d9e0611f47ea5d.jpeg","datePublished":"2018-04-05T15:36:57+00:00","dateModified":"2018-04-05T15:36:59+00:00","breadcrumb":{"@id":"https:\/\/www.eldiariodetucuman.com\/web\/la-intimacion-hace-a-la-defensa\/#breadcrumb"},"inLanguage":"es","potentialAction":[{"@type":"ReadAction","target":["https:\/\/www.eldiariodetucuman.com\/web\/la-intimacion-hace-a-la-defensa\/"]}]},{"@type":"ImageObject","inLanguage":"es","@id":"https:\/\/www.eldiariodetucuman.com\/web\/la-intimacion-hace-a-la-defensa\/#primaryimage","url":"https:\/\/www.eldiariodetucuman.com\/web\/wp-content\/uploads\/2018\/04\/4d5ffdbf9d14d03b09d9e0611f47ea5d.jpeg","contentUrl":"https:\/\/www.eldiariodetucuman.com\/web\/wp-content\/uploads\/2018\/04\/4d5ffdbf9d14d03b09d9e0611f47ea5d.jpeg","width":960,"height":720},{"@type":"BreadcrumbList","@id":"https:\/\/www.eldiariodetucuman.com\/web\/la-intimacion-hace-a-la-defensa\/#breadcrumb","itemListElement":[{"@type":"ListItem","position":1,"name":"Portada","item":"https:\/\/www.eldiariodetucuman.com\/web\/"},{"@type":"ListItem","position":2,"name":"La intimaci\u00f3n hace a la defensa"}]},{"@type":"WebSite","@id":"https:\/\/www.eldiariodetucuman.com\/web\/#website","url":"https:\/\/www.eldiariodetucuman.com\/web\/","name":"El Diario de Tucuman","description":"Diario Tucuman - Informaci\u00f3n y noticias","publisher":{"@id":"https:\/\/www.eldiariodetucuman.com\/web\/#organization"},"potentialAction":[{"@type":"SearchAction","target":{"@type":"EntryPoint","urlTemplate":"https:\/\/www.eldiariodetucuman.com\/web\/?s={search_term_string}"},"query-input":{"@type":"PropertyValueSpecification","valueRequired":true,"valueName":"search_term_string"}}],"inLanguage":"es"},{"@type":"Organization","@id":"https:\/\/www.eldiariodetucuman.com\/web\/#organization","name":"El Diario de Tucuman","url":"https:\/\/www.eldiariodetucuman.com\/web\/","logo":{"@type":"ImageObject","inLanguage":"es","@id":"https:\/\/www.eldiariodetucuman.com\/web\/#\/schema\/logo\/image\/","url":"http:\/\/www.eldiariodetucuman.com\/web\/wp-content\/uploads\/2017\/12\/el-diario-de-tucuman.jpg","contentUrl":"http:\/\/www.eldiariodetucuman.com\/web\/wp-content\/uploads\/2017\/12\/el-diario-de-tucuman.jpg","width":272,"height":92,"caption":"El Diario de Tucuman"},"image":{"@id":"https:\/\/www.eldiariodetucuman.com\/web\/#\/schema\/logo\/image\/"}},{"@type":"Person","@id":"https:\/\/www.eldiariodetucuman.com\/web\/#\/schema\/person\/9250197d75ab5483412e19678b121caa","name":"admin","image":{"@type":"ImageObject","inLanguage":"es","@id":"https:\/\/secure.gravatar.com\/avatar\/c44d117c2be811212c22cb481f6b8384b6873de103fbc49e7a03cc58d7dea4ac?s=96&d=mm&r=g","url":"https:\/\/secure.gravatar.com\/avatar\/c44d117c2be811212c22cb481f6b8384b6873de103fbc49e7a03cc58d7dea4ac?s=96&d=mm&r=g","contentUrl":"https:\/\/secure.gravatar.com\/avatar\/c44d117c2be811212c22cb481f6b8384b6873de103fbc49e7a03cc58d7dea4ac?s=96&d=mm&r=g","caption":"admin"},"url":"https:\/\/www.eldiariodetucuman.com\/web\/author\/admin\/"}]}},"_links":{"self":[{"href":"https:\/\/www.eldiariodetucuman.com\/web\/wp-json\/wp\/v2\/posts\/7935","targetHints":{"allow":["GET"]}}],"collection":[{"href":"https:\/\/www.eldiariodetucuman.com\/web\/wp-json\/wp\/v2\/posts"}],"about":[{"href":"https:\/\/www.eldiariodetucuman.com\/web\/wp-json\/wp\/v2\/types\/post"}],"author":[{"embeddable":true,"href":"https:\/\/www.eldiariodetucuman.com\/web\/wp-json\/wp\/v2\/users\/1"}],"replies":[{"embeddable":true,"href":"https:\/\/www.eldiariodetucuman.com\/web\/wp-json\/wp\/v2\/comments?post=7935"}],"version-history":[{"count":1,"href":"https:\/\/www.eldiariodetucuman.com\/web\/wp-json\/wp\/v2\/posts\/7935\/revisions"}],"predecessor-version":[{"id":7937,"href":"https:\/\/www.eldiariodetucuman.com\/web\/wp-json\/wp\/v2\/posts\/7935\/revisions\/7937"}],"wp:featuredmedia":[{"embeddable":true,"href":"https:\/\/www.eldiariodetucuman.com\/web\/wp-json\/wp\/v2\/media\/7936"}],"wp:attachment":[{"href":"https:\/\/www.eldiariodetucuman.com\/web\/wp-json\/wp\/v2\/media?parent=7935"}],"wp:term":[{"taxonomy":"category","embeddable":true,"href":"https:\/\/www.eldiariodetucuman.com\/web\/wp-json\/wp\/v2\/categories?post=7935"},{"taxonomy":"post_tag","embeddable":true,"href":"https:\/\/www.eldiariodetucuman.com\/web\/wp-json\/wp\/v2\/tags?post=7935"}],"curies":[{"name":"wp","href":"https:\/\/api.w.org\/{rel}","templated":true}]}}