{"id":7932,"date":"2018-04-05T12:36:48","date_gmt":"2018-04-05T15:36:48","guid":{"rendered":"http:\/\/www.eldiariodetucuman.com\/web\/stolbizer-denuncia-sobreprecios-y-vaciamiento-en-organismos-del-estado\/"},"modified":"2018-04-05T12:36:52","modified_gmt":"2018-04-05T15:36:52","slug":"stolbizer-denuncia-sobreprecios-y-vaciamiento-en-organismos-del-estado","status":"publish","type":"post","link":"https:\/\/www.eldiariodetucuman.com\/web\/stolbizer-denuncia-sobreprecios-y-vaciamiento-en-organismos-del-estado\/","title":{"rendered":"Stolbizer denuncia sobreprecios y vaciamiento en organismos del Estado"},"content":{"rendered":"<div>\n<div readability=\"36.598973188819\">\n<p>En el marco de las protestas en el <strong>INTI<\/strong>, la ex diputada nacional Margarita <strong>Stolbizer<\/strong> asegur\u00f3 que \u00abhay una decisi\u00f3n de aplicar una persecuci\u00f3n pol\u00edtica contra los trabajadores del INTI, algo que acompa\u00f1a la idea de vaciar las capacidades del Estado, ya que se despide a gente que contribuye a conformar el capital humano dentro de un instituto tan importante dentro de la estructura de un pa\u00eds\u00bb.<\/p>\n<p>\u00abAtr\u00e1s de esto hay un nuevo modelo de contrataciones directas sin licitaci\u00f3n p\u00fablica y cuyo argumento le permite al <a href=\"https:\/\/www.elintransigente.com\/temas\/margarita-stolbizer-8628.html\">Gobierno<\/a>, mediante estas acciones, generar sobrecostos injustificados, Esto es lo grueso de la denuncia que hicimos, pero atr\u00e1s hay m\u00e1s, como los enormes sobreprecios con las cajas navide\u00f1as el pasado mes de diciembre. Si uno compraba en forma individual estas cajas le sal\u00eda m\u00e1s barato. Ac\u00e1 hay un il\u00edcito penal o al menos la obligatoriedad de hacer una investigaci\u00f3n\u00bb, asegur\u00f3 <strong>Stolbizer<\/strong>.<\/p>\n<p>En tanto, la ex <a href=\"https:\/\/www.elintransigente.com\/temas\/margarita-stolbizer-8628.html\">legisladora<\/a> fue por m\u00e1s: \u00abTenemos que contextualizar esta situaci\u00f3n. No podemos s\u00f3lo hablar de las irregularidades administrativas del INTI. Hay que hablar de los despidos, que superan las 250 personas. Es la consecuencia de una persecuci\u00f3n pol\u00edtica a gente que molestaba en decisiones concretas\u00bb. \u00abVemos que atr\u00e1s de esto est\u00e1 la necesidad de apartar a los que molestan. Hay contrataciones que s\u00f3lo se pueden hacer por razones de urgencia referidas a empresas y tiempo m\u00e1s tarde nos damos cuenta que tal urgencia no exist\u00eda\u00bb, ampli\u00f3.<\/p>\n<p>Y concluy\u00f3: \u00abEncontramos una compra de lo que eran los regalos de navidad. No s\u00f3lo tiene un sobreprecio enorme, m\u00e1s alto que si comprasen las cajas de forma individual. Esto tiene la necesidad de ser investigado y que luego la Justicia determine si fue delito o no\u00bb.<br \/>\n\u00a0<\/p>\n<\/div>\n<\/div>\n<p>Fuente: https:\/\/www.elintransigente.com\/politica\/2018\/4\/5\/stolbizer-denuncia-sobreprecios-vaciamiento-en-organismos-del-estado-485305.html<\/p>\n","protected":false},"excerpt":{"rendered":"<p>En el marco de las protestas en el INTI, la ex diputada nacional Margarita Stolbizer asegur\u00f3 que \u00abhay una decisi\u00f3n de aplicar una persecuci\u00f3n pol\u00edtica contra los trabajadores del INTI, algo que acompa\u00f1a la idea de vaciar las capacidades del Estado, ya que se despide a gente que contribuye a conformar el capital humano dentro [&hellip;]<\/p>\n","protected":false},"author":1,"featured_media":7933,"comment_status":"open","ping_status":"closed","sticky":false,"template":"","format":"standard","meta":{"footnotes":""},"categories":[1],"tags":[],"class_list":{"0":"post-7932","1":"post","2":"type-post","3":"status-publish","4":"format-standard","5":"has-post-thumbnail","7":"category-portada"},"yoast_head":"<!-- This site is optimized with the Yoast SEO plugin v27.4 - https:\/\/yoast.com\/product\/yoast-seo-wordpress\/ -->\n<title>Stolbizer denuncia sobreprecios y vaciamiento en organismos del Estado - El Diario de Tucuman<\/title>\n<meta name=\"robots\" content=\"index, follow, max-snippet:-1, max-image-preview:large, max-video-preview:-1\" \/>\n<link rel=\"canonical\" href=\"https:\/\/www.eldiariodetucuman.com\/web\/stolbizer-denuncia-sobreprecios-y-vaciamiento-en-organismos-del-estado\/\" \/>\n<meta property=\"og:locale\" content=\"es_ES\" \/>\n<meta property=\"og:type\" content=\"article\" \/>\n<meta property=\"og:title\" content=\"Stolbizer denuncia sobreprecios y vaciamiento en organismos del Estado - El Diario de Tucuman\" \/>\n<meta property=\"og:description\" content=\"En el marco de las protestas en el INTI, la ex diputada nacional Margarita Stolbizer asegur\u00f3 que \u00abhay una decisi\u00f3n de aplicar una persecuci\u00f3n pol\u00edtica contra los trabajadores del INTI, algo que acompa\u00f1a la idea de vaciar las capacidades del Estado, ya que se despide a gente que contribuye a conformar el capital humano dentro [&hellip;]\" \/>\n<meta property=\"og:url\" content=\"https:\/\/www.eldiariodetucuman.com\/web\/stolbizer-denuncia-sobreprecios-y-vaciamiento-en-organismos-del-estado\/\" \/>\n<meta property=\"og:site_name\" content=\"El Diario de Tucuman\" \/>\n<meta property=\"article:published_time\" content=\"2018-04-05T15:36:48+00:00\" \/>\n<meta property=\"article:modified_time\" content=\"2018-04-05T15:36:52+00:00\" \/>\n<meta property=\"og:image\" content=\"https:\/\/www.eldiariodetucuman.com\/web\/wp-content\/uploads\/2018\/04\/cb2a8618f9c7784c7269c9ca911cd188.jpeg\" \/>\n\t<meta property=\"og:image:width\" content=\"960\" \/>\n\t<meta property=\"og:image:height\" content=\"541\" \/>\n\t<meta property=\"og:image:type\" content=\"image\/jpeg\" \/>\n<meta name=\"author\" content=\"admin\" \/>\n<meta name=\"twitter:card\" content=\"summary_large_image\" \/>\n<meta name=\"twitter:label1\" content=\"Escrito por\" \/>\n\t<meta name=\"twitter:data1\" content=\"admin\" \/>\n\t<meta name=\"twitter:label2\" content=\"Tiempo de lectura\" \/>\n\t<meta name=\"twitter:data2\" content=\"2 minutos\" \/>\n<script type=\"application\/ld+json\" class=\"yoast-schema-graph\">{\"@context\":\"https:\\\/\\\/schema.org\",\"@graph\":[{\"@type\":\"Article\",\"@id\":\"https:\\\/\\\/www.eldiariodetucuman.com\\\/web\\\/stolbizer-denuncia-sobreprecios-y-vaciamiento-en-organismos-del-estado\\\/#article\",\"isPartOf\":{\"@id\":\"https:\\\/\\\/www.eldiariodetucuman.com\\\/web\\\/stolbizer-denuncia-sobreprecios-y-vaciamiento-en-organismos-del-estado\\\/\"},\"author\":{\"name\":\"admin\",\"@id\":\"https:\\\/\\\/www.eldiariodetucuman.com\\\/web\\\/#\\\/schema\\\/person\\\/9250197d75ab5483412e19678b121caa\"},\"headline\":\"Stolbizer denuncia sobreprecios y vaciamiento en organismos del Estado\",\"datePublished\":\"2018-04-05T15:36:48+00:00\",\"dateModified\":\"2018-04-05T15:36:52+00:00\",\"mainEntityOfPage\":{\"@id\":\"https:\\\/\\\/www.eldiariodetucuman.com\\\/web\\\/stolbizer-denuncia-sobreprecios-y-vaciamiento-en-organismos-del-estado\\\/\"},\"wordCount\":325,\"commentCount\":0,\"publisher\":{\"@id\":\"https:\\\/\\\/www.eldiariodetucuman.com\\\/web\\\/#organization\"},\"image\":{\"@id\":\"https:\\\/\\\/www.eldiariodetucuman.com\\\/web\\\/stolbizer-denuncia-sobreprecios-y-vaciamiento-en-organismos-del-estado\\\/#primaryimage\"},\"thumbnailUrl\":\"https:\\\/\\\/www.eldiariodetucuman.com\\\/web\\\/wp-content\\\/uploads\\\/2018\\\/04\\\/cb2a8618f9c7784c7269c9ca911cd188.jpeg\",\"articleSection\":[\"Portada\"],\"inLanguage\":\"es\",\"potentialAction\":[{\"@type\":\"CommentAction\",\"name\":\"Comment\",\"target\":[\"https:\\\/\\\/www.eldiariodetucuman.com\\\/web\\\/stolbizer-denuncia-sobreprecios-y-vaciamiento-en-organismos-del-estado\\\/#respond\"]}]},{\"@type\":\"WebPage\",\"@id\":\"https:\\\/\\\/www.eldiariodetucuman.com\\\/web\\\/stolbizer-denuncia-sobreprecios-y-vaciamiento-en-organismos-del-estado\\\/\",\"url\":\"https:\\\/\\\/www.eldiariodetucuman.com\\\/web\\\/stolbizer-denuncia-sobreprecios-y-vaciamiento-en-organismos-del-estado\\\/\",\"name\":\"Stolbizer denuncia sobreprecios y vaciamiento en organismos del Estado - El Diario de Tucuman\",\"isPartOf\":{\"@id\":\"https:\\\/\\\/www.eldiariodetucuman.com\\\/web\\\/#website\"},\"primaryImageOfPage\":{\"@id\":\"https:\\\/\\\/www.eldiariodetucuman.com\\\/web\\\/stolbizer-denuncia-sobreprecios-y-vaciamiento-en-organismos-del-estado\\\/#primaryimage\"},\"image\":{\"@id\":\"https:\\\/\\\/www.eldiariodetucuman.com\\\/web\\\/stolbizer-denuncia-sobreprecios-y-vaciamiento-en-organismos-del-estado\\\/#primaryimage\"},\"thumbnailUrl\":\"https:\\\/\\\/www.eldiariodetucuman.com\\\/web\\\/wp-content\\\/uploads\\\/2018\\\/04\\\/cb2a8618f9c7784c7269c9ca911cd188.jpeg\",\"datePublished\":\"2018-04-05T15:36:48+00:00\",\"dateModified\":\"2018-04-05T15:36:52+00:00\",\"breadcrumb\":{\"@id\":\"https:\\\/\\\/www.eldiariodetucuman.com\\\/web\\\/stolbizer-denuncia-sobreprecios-y-vaciamiento-en-organismos-del-estado\\\/#breadcrumb\"},\"inLanguage\":\"es\",\"potentialAction\":[{\"@type\":\"ReadAction\",\"target\":[\"https:\\\/\\\/www.eldiariodetucuman.com\\\/web\\\/stolbizer-denuncia-sobreprecios-y-vaciamiento-en-organismos-del-estado\\\/\"]}]},{\"@type\":\"ImageObject\",\"inLanguage\":\"es\",\"@id\":\"https:\\\/\\\/www.eldiariodetucuman.com\\\/web\\\/stolbizer-denuncia-sobreprecios-y-vaciamiento-en-organismos-del-estado\\\/#primaryimage\",\"url\":\"https:\\\/\\\/www.eldiariodetucuman.com\\\/web\\\/wp-content\\\/uploads\\\/2018\\\/04\\\/cb2a8618f9c7784c7269c9ca911cd188.jpeg\",\"contentUrl\":\"https:\\\/\\\/www.eldiariodetucuman.com\\\/web\\\/wp-content\\\/uploads\\\/2018\\\/04\\\/cb2a8618f9c7784c7269c9ca911cd188.jpeg\",\"width\":960,\"height\":541},{\"@type\":\"BreadcrumbList\",\"@id\":\"https:\\\/\\\/www.eldiariodetucuman.com\\\/web\\\/stolbizer-denuncia-sobreprecios-y-vaciamiento-en-organismos-del-estado\\\/#breadcrumb\",\"itemListElement\":[{\"@type\":\"ListItem\",\"position\":1,\"name\":\"Portada\",\"item\":\"https:\\\/\\\/www.eldiariodetucuman.com\\\/web\\\/\"},{\"@type\":\"ListItem\",\"position\":2,\"name\":\"Stolbizer denuncia sobreprecios y vaciamiento en organismos del Estado\"}]},{\"@type\":\"WebSite\",\"@id\":\"https:\\\/\\\/www.eldiariodetucuman.com\\\/web\\\/#website\",\"url\":\"https:\\\/\\\/www.eldiariodetucuman.com\\\/web\\\/\",\"name\":\"El Diario de Tucuman\",\"description\":\"Diario Tucuman - Informaci\u00f3n y noticias\",\"publisher\":{\"@id\":\"https:\\\/\\\/www.eldiariodetucuman.com\\\/web\\\/#organization\"},\"potentialAction\":[{\"@type\":\"SearchAction\",\"target\":{\"@type\":\"EntryPoint\",\"urlTemplate\":\"https:\\\/\\\/www.eldiariodetucuman.com\\\/web\\\/?s={search_term_string}\"},\"query-input\":{\"@type\":\"PropertyValueSpecification\",\"valueRequired\":true,\"valueName\":\"search_term_string\"}}],\"inLanguage\":\"es\"},{\"@type\":\"Organization\",\"@id\":\"https:\\\/\\\/www.eldiariodetucuman.com\\\/web\\\/#organization\",\"name\":\"El Diario de Tucuman\",\"url\":\"https:\\\/\\\/www.eldiariodetucuman.com\\\/web\\\/\",\"logo\":{\"@type\":\"ImageObject\",\"inLanguage\":\"es\",\"@id\":\"https:\\\/\\\/www.eldiariodetucuman.com\\\/web\\\/#\\\/schema\\\/logo\\\/image\\\/\",\"url\":\"http:\\\/\\\/www.eldiariodetucuman.com\\\/web\\\/wp-content\\\/uploads\\\/2017\\\/12\\\/el-diario-de-tucuman.jpg\",\"contentUrl\":\"http:\\\/\\\/www.eldiariodetucuman.com\\\/web\\\/wp-content\\\/uploads\\\/2017\\\/12\\\/el-diario-de-tucuman.jpg\",\"width\":272,\"height\":92,\"caption\":\"El Diario de Tucuman\"},\"image\":{\"@id\":\"https:\\\/\\\/www.eldiariodetucuman.com\\\/web\\\/#\\\/schema\\\/logo\\\/image\\\/\"}},{\"@type\":\"Person\",\"@id\":\"https:\\\/\\\/www.eldiariodetucuman.com\\\/web\\\/#\\\/schema\\\/person\\\/9250197d75ab5483412e19678b121caa\",\"name\":\"admin\",\"image\":{\"@type\":\"ImageObject\",\"inLanguage\":\"es\",\"@id\":\"https:\\\/\\\/secure.gravatar.com\\\/avatar\\\/c44d117c2be811212c22cb481f6b8384b6873de103fbc49e7a03cc58d7dea4ac?s=96&d=mm&r=g\",\"url\":\"https:\\\/\\\/secure.gravatar.com\\\/avatar\\\/c44d117c2be811212c22cb481f6b8384b6873de103fbc49e7a03cc58d7dea4ac?s=96&d=mm&r=g\",\"contentUrl\":\"https:\\\/\\\/secure.gravatar.com\\\/avatar\\\/c44d117c2be811212c22cb481f6b8384b6873de103fbc49e7a03cc58d7dea4ac?s=96&d=mm&r=g\",\"caption\":\"admin\"},\"url\":\"https:\\\/\\\/www.eldiariodetucuman.com\\\/web\\\/author\\\/admin\\\/\"}]}<\/script>\n<!-- \/ Yoast SEO plugin. -->","yoast_head_json":{"title":"Stolbizer denuncia sobreprecios y vaciamiento en organismos del Estado - El Diario de Tucuman","robots":{"index":"index","follow":"follow","max-snippet":"max-snippet:-1","max-image-preview":"max-image-preview:large","max-video-preview":"max-video-preview:-1"},"canonical":"https:\/\/www.eldiariodetucuman.com\/web\/stolbizer-denuncia-sobreprecios-y-vaciamiento-en-organismos-del-estado\/","og_locale":"es_ES","og_type":"article","og_title":"Stolbizer denuncia sobreprecios y vaciamiento en organismos del Estado - El Diario de Tucuman","og_description":"En el marco de las protestas en el INTI, la ex diputada nacional Margarita Stolbizer asegur\u00f3 que \u00abhay una decisi\u00f3n de aplicar una persecuci\u00f3n pol\u00edtica contra los trabajadores del INTI, algo que acompa\u00f1a la idea de vaciar las capacidades del Estado, ya que se despide a gente que contribuye a conformar el capital humano dentro [&hellip;]","og_url":"https:\/\/www.eldiariodetucuman.com\/web\/stolbizer-denuncia-sobreprecios-y-vaciamiento-en-organismos-del-estado\/","og_site_name":"El Diario de Tucuman","article_published_time":"2018-04-05T15:36:48+00:00","article_modified_time":"2018-04-05T15:36:52+00:00","og_image":[{"width":960,"height":541,"url":"https:\/\/www.eldiariodetucuman.com\/web\/wp-content\/uploads\/2018\/04\/cb2a8618f9c7784c7269c9ca911cd188.jpeg","type":"image\/jpeg"}],"author":"admin","twitter_card":"summary_large_image","twitter_misc":{"Escrito por":"admin","Tiempo de lectura":"2 minutos"},"schema":{"@context":"https:\/\/schema.org","@graph":[{"@type":"Article","@id":"https:\/\/www.eldiariodetucuman.com\/web\/stolbizer-denuncia-sobreprecios-y-vaciamiento-en-organismos-del-estado\/#article","isPartOf":{"@id":"https:\/\/www.eldiariodetucuman.com\/web\/stolbizer-denuncia-sobreprecios-y-vaciamiento-en-organismos-del-estado\/"},"author":{"name":"admin","@id":"https:\/\/www.eldiariodetucuman.com\/web\/#\/schema\/person\/9250197d75ab5483412e19678b121caa"},"headline":"Stolbizer denuncia sobreprecios y vaciamiento en organismos del Estado","datePublished":"2018-04-05T15:36:48+00:00","dateModified":"2018-04-05T15:36:52+00:00","mainEntityOfPage":{"@id":"https:\/\/www.eldiariodetucuman.com\/web\/stolbizer-denuncia-sobreprecios-y-vaciamiento-en-organismos-del-estado\/"},"wordCount":325,"commentCount":0,"publisher":{"@id":"https:\/\/www.eldiariodetucuman.com\/web\/#organization"},"image":{"@id":"https:\/\/www.eldiariodetucuman.com\/web\/stolbizer-denuncia-sobreprecios-y-vaciamiento-en-organismos-del-estado\/#primaryimage"},"thumbnailUrl":"https:\/\/www.eldiariodetucuman.com\/web\/wp-content\/uploads\/2018\/04\/cb2a8618f9c7784c7269c9ca911cd188.jpeg","articleSection":["Portada"],"inLanguage":"es","potentialAction":[{"@type":"CommentAction","name":"Comment","target":["https:\/\/www.eldiariodetucuman.com\/web\/stolbizer-denuncia-sobreprecios-y-vaciamiento-en-organismos-del-estado\/#respond"]}]},{"@type":"WebPage","@id":"https:\/\/www.eldiariodetucuman.com\/web\/stolbizer-denuncia-sobreprecios-y-vaciamiento-en-organismos-del-estado\/","url":"https:\/\/www.eldiariodetucuman.com\/web\/stolbizer-denuncia-sobreprecios-y-vaciamiento-en-organismos-del-estado\/","name":"Stolbizer denuncia sobreprecios y vaciamiento en organismos del Estado - El Diario de Tucuman","isPartOf":{"@id":"https:\/\/www.eldiariodetucuman.com\/web\/#website"},"primaryImageOfPage":{"@id":"https:\/\/www.eldiariodetucuman.com\/web\/stolbizer-denuncia-sobreprecios-y-vaciamiento-en-organismos-del-estado\/#primaryimage"},"image":{"@id":"https:\/\/www.eldiariodetucuman.com\/web\/stolbizer-denuncia-sobreprecios-y-vaciamiento-en-organismos-del-estado\/#primaryimage"},"thumbnailUrl":"https:\/\/www.eldiariodetucuman.com\/web\/wp-content\/uploads\/2018\/04\/cb2a8618f9c7784c7269c9ca911cd188.jpeg","datePublished":"2018-04-05T15:36:48+00:00","dateModified":"2018-04-05T15:36:52+00:00","breadcrumb":{"@id":"https:\/\/www.eldiariodetucuman.com\/web\/stolbizer-denuncia-sobreprecios-y-vaciamiento-en-organismos-del-estado\/#breadcrumb"},"inLanguage":"es","potentialAction":[{"@type":"ReadAction","target":["https:\/\/www.eldiariodetucuman.com\/web\/stolbizer-denuncia-sobreprecios-y-vaciamiento-en-organismos-del-estado\/"]}]},{"@type":"ImageObject","inLanguage":"es","@id":"https:\/\/www.eldiariodetucuman.com\/web\/stolbizer-denuncia-sobreprecios-y-vaciamiento-en-organismos-del-estado\/#primaryimage","url":"https:\/\/www.eldiariodetucuman.com\/web\/wp-content\/uploads\/2018\/04\/cb2a8618f9c7784c7269c9ca911cd188.jpeg","contentUrl":"https:\/\/www.eldiariodetucuman.com\/web\/wp-content\/uploads\/2018\/04\/cb2a8618f9c7784c7269c9ca911cd188.jpeg","width":960,"height":541},{"@type":"BreadcrumbList","@id":"https:\/\/www.eldiariodetucuman.com\/web\/stolbizer-denuncia-sobreprecios-y-vaciamiento-en-organismos-del-estado\/#breadcrumb","itemListElement":[{"@type":"ListItem","position":1,"name":"Portada","item":"https:\/\/www.eldiariodetucuman.com\/web\/"},{"@type":"ListItem","position":2,"name":"Stolbizer denuncia sobreprecios y vaciamiento en organismos del Estado"}]},{"@type":"WebSite","@id":"https:\/\/www.eldiariodetucuman.com\/web\/#website","url":"https:\/\/www.eldiariodetucuman.com\/web\/","name":"El Diario de Tucuman","description":"Diario Tucuman - Informaci\u00f3n y noticias","publisher":{"@id":"https:\/\/www.eldiariodetucuman.com\/web\/#organization"},"potentialAction":[{"@type":"SearchAction","target":{"@type":"EntryPoint","urlTemplate":"https:\/\/www.eldiariodetucuman.com\/web\/?s={search_term_string}"},"query-input":{"@type":"PropertyValueSpecification","valueRequired":true,"valueName":"search_term_string"}}],"inLanguage":"es"},{"@type":"Organization","@id":"https:\/\/www.eldiariodetucuman.com\/web\/#organization","name":"El Diario de Tucuman","url":"https:\/\/www.eldiariodetucuman.com\/web\/","logo":{"@type":"ImageObject","inLanguage":"es","@id":"https:\/\/www.eldiariodetucuman.com\/web\/#\/schema\/logo\/image\/","url":"http:\/\/www.eldiariodetucuman.com\/web\/wp-content\/uploads\/2017\/12\/el-diario-de-tucuman.jpg","contentUrl":"http:\/\/www.eldiariodetucuman.com\/web\/wp-content\/uploads\/2017\/12\/el-diario-de-tucuman.jpg","width":272,"height":92,"caption":"El Diario de Tucuman"},"image":{"@id":"https:\/\/www.eldiariodetucuman.com\/web\/#\/schema\/logo\/image\/"}},{"@type":"Person","@id":"https:\/\/www.eldiariodetucuman.com\/web\/#\/schema\/person\/9250197d75ab5483412e19678b121caa","name":"admin","image":{"@type":"ImageObject","inLanguage":"es","@id":"https:\/\/secure.gravatar.com\/avatar\/c44d117c2be811212c22cb481f6b8384b6873de103fbc49e7a03cc58d7dea4ac?s=96&d=mm&r=g","url":"https:\/\/secure.gravatar.com\/avatar\/c44d117c2be811212c22cb481f6b8384b6873de103fbc49e7a03cc58d7dea4ac?s=96&d=mm&r=g","contentUrl":"https:\/\/secure.gravatar.com\/avatar\/c44d117c2be811212c22cb481f6b8384b6873de103fbc49e7a03cc58d7dea4ac?s=96&d=mm&r=g","caption":"admin"},"url":"https:\/\/www.eldiariodetucuman.com\/web\/author\/admin\/"}]}},"_links":{"self":[{"href":"https:\/\/www.eldiariodetucuman.com\/web\/wp-json\/wp\/v2\/posts\/7932","targetHints":{"allow":["GET"]}}],"collection":[{"href":"https:\/\/www.eldiariodetucuman.com\/web\/wp-json\/wp\/v2\/posts"}],"about":[{"href":"https:\/\/www.eldiariodetucuman.com\/web\/wp-json\/wp\/v2\/types\/post"}],"author":[{"embeddable":true,"href":"https:\/\/www.eldiariodetucuman.com\/web\/wp-json\/wp\/v2\/users\/1"}],"replies":[{"embeddable":true,"href":"https:\/\/www.eldiariodetucuman.com\/web\/wp-json\/wp\/v2\/comments?post=7932"}],"version-history":[{"count":1,"href":"https:\/\/www.eldiariodetucuman.com\/web\/wp-json\/wp\/v2\/posts\/7932\/revisions"}],"predecessor-version":[{"id":7934,"href":"https:\/\/www.eldiariodetucuman.com\/web\/wp-json\/wp\/v2\/posts\/7932\/revisions\/7934"}],"wp:featuredmedia":[{"embeddable":true,"href":"https:\/\/www.eldiariodetucuman.com\/web\/wp-json\/wp\/v2\/media\/7933"}],"wp:attachment":[{"href":"https:\/\/www.eldiariodetucuman.com\/web\/wp-json\/wp\/v2\/media?parent=7932"}],"wp:term":[{"taxonomy":"category","embeddable":true,"href":"https:\/\/www.eldiariodetucuman.com\/web\/wp-json\/wp\/v2\/categories?post=7932"},{"taxonomy":"post_tag","embeddable":true,"href":"https:\/\/www.eldiariodetucuman.com\/web\/wp-json\/wp\/v2\/tags?post=7932"}],"curies":[{"name":"wp","href":"https:\/\/api.w.org\/{rel}","templated":true}]}}