{"id":7928,"date":"2018-04-05T12:14:57","date_gmt":"2018-04-05T15:14:57","guid":{"rendered":"http:\/\/www.eldiariodetucuman.com\/web\/mira-en-vivo-las-12-en-30-el-ministro-de-educacion-explica-los-cambios-en-las-becas-progresar\/"},"modified":"2018-04-05T12:15:02","modified_gmt":"2018-04-05T15:15:02","slug":"mira-en-vivo-las-12-en-30-el-ministro-de-educacion-explica-los-cambios-en-las-becas-progresar","status":"publish","type":"post","link":"https:\/\/www.eldiariodetucuman.com\/web\/mira-en-vivo-las-12-en-30-el-ministro-de-educacion-explica-los-cambios-en-las-becas-progresar\/","title":{"rendered":"Mir\u00e1 en vivo Las 12 en 30: el ministro de Educaci\u00f3n explica los cambios en las becas Progresar"},"content":{"rendered":"<div>\n<div readability=\"39.958724202627\">\n<p>El ministro de Educaci\u00f3n, <b>Juan Pablo Lichtmajer<\/b>, visitar\u00e1 la redacci\u00f3n de LA GACETA para participar del programa Las 12 en 30. El funcionario hablar\u00e1, entre otros temas, sobre los cambios en las becas Progresar.<\/p>\n<p>Adem\u00e1s, los due\u00f1os de las estaciones de servicios explican c\u00f3mo se aplicar\u00e1n los aumentos en los precios de las naftas.<\/p>\n<p>El programa es conducido por <b>Carolina Servetto<\/b> y por <b>Jos\u00e9 N\u00e1zaro<\/b>. Se lo puede ver en en <a href=\"http:\/\/www.lagaceta.com.ar\/\" mce_href=\"http:\/\/www.lagaceta.com.ar\/\" target=\"_blank\">www.lagaceta.com.ar<\/a>, en <a href=\"https:\/\/www.youtube.com\/user\/lagacetatucuman\" mce_href=\"https:\/\/www.youtube.com\/user\/lagacetatucuman\" target=\"_blank\">el canal de YouTube<\/a> de nuestro diario y en la <a href=\"https:\/\/www.facebook.com\/lagaceta\/\" mce_href=\"https:\/\/www.facebook.com\/lagaceta\/\" target=\"_blank\">fanpage de Facebook de LA GACETA<\/a>.<\/p>\n<p><br mce_bogus=\"1\"><\/div>\n<\/div>\n<p>Fuente: http:\/\/www.lagaceta.com.ar\/nota\/766477\/lg-play\/mira-vivo-12-30-ministro-educacion-explica-cambios-becas-progresar.html<\/p>\n","protected":false},"excerpt":{"rendered":"<p>El ministro de Educaci\u00f3n, Juan Pablo Lichtmajer, visitar\u00e1 la redacci\u00f3n de LA GACETA para participar del programa Las 12 en 30. El funcionario hablar\u00e1, entre otros temas, sobre los cambios en las becas Progresar. Adem\u00e1s, los due\u00f1os de las estaciones de servicios explican c\u00f3mo se aplicar\u00e1n los aumentos en los precios de las naftas. El [&hellip;]<\/p>\n","protected":false},"author":1,"featured_media":7929,"comment_status":"open","ping_status":"closed","sticky":false,"template":"","format":"standard","meta":{"footnotes":""},"categories":[1],"tags":[],"class_list":{"0":"post-7928","1":"post","2":"type-post","3":"status-publish","4":"format-standard","5":"has-post-thumbnail","7":"category-portada"},"yoast_head":"<!-- This site is optimized with the Yoast SEO plugin v27.4 - https:\/\/yoast.com\/product\/yoast-seo-wordpress\/ -->\n<title>Mir\u00e1 en vivo Las 12 en 30: el ministro de Educaci\u00f3n explica los cambios en las becas Progresar - El Diario de Tucuman<\/title>\n<meta name=\"robots\" content=\"index, follow, max-snippet:-1, max-image-preview:large, max-video-preview:-1\" \/>\n<link rel=\"canonical\" href=\"https:\/\/www.eldiariodetucuman.com\/web\/mira-en-vivo-las-12-en-30-el-ministro-de-educacion-explica-los-cambios-en-las-becas-progresar\/\" \/>\n<meta property=\"og:locale\" content=\"es_ES\" \/>\n<meta property=\"og:type\" content=\"article\" \/>\n<meta property=\"og:title\" content=\"Mir\u00e1 en vivo Las 12 en 30: el ministro de Educaci\u00f3n explica los cambios en las becas Progresar - El Diario de Tucuman\" \/>\n<meta property=\"og:description\" content=\"El ministro de Educaci\u00f3n, Juan Pablo Lichtmajer, visitar\u00e1 la redacci\u00f3n de LA GACETA para participar del programa Las 12 en 30. El funcionario hablar\u00e1, entre otros temas, sobre los cambios en las becas Progresar. Adem\u00e1s, los due\u00f1os de las estaciones de servicios explican c\u00f3mo se aplicar\u00e1n los aumentos en los precios de las naftas. El [&hellip;]\" \/>\n<meta property=\"og:url\" content=\"https:\/\/www.eldiariodetucuman.com\/web\/mira-en-vivo-las-12-en-30-el-ministro-de-educacion-explica-los-cambios-en-las-becas-progresar\/\" \/>\n<meta property=\"og:site_name\" content=\"El Diario de Tucuman\" \/>\n<meta property=\"article:published_time\" content=\"2018-04-05T15:14:57+00:00\" \/>\n<meta property=\"article:modified_time\" content=\"2018-04-05T15:15:02+00:00\" \/>\n<meta property=\"og:image\" content=\"https:\/\/www.eldiariodetucuman.com\/web\/wp-content\/uploads\/2018\/04\/91ebcc85e2385f5a09e41654baf23597.jpeg\" \/>\n\t<meta property=\"og:image:width\" content=\"1500\" \/>\n\t<meta property=\"og:image:height\" content=\"850\" \/>\n\t<meta property=\"og:image:type\" content=\"image\/jpeg\" \/>\n<meta name=\"author\" content=\"admin\" \/>\n<meta name=\"twitter:card\" content=\"summary_large_image\" \/>\n<meta name=\"twitter:label1\" content=\"Escrito por\" \/>\n\t<meta name=\"twitter:data1\" content=\"admin\" \/>\n\t<meta name=\"twitter:label2\" content=\"Tiempo de lectura\" \/>\n\t<meta name=\"twitter:data2\" content=\"1 minuto\" \/>\n<script type=\"application\/ld+json\" class=\"yoast-schema-graph\">{\"@context\":\"https:\\\/\\\/schema.org\",\"@graph\":[{\"@type\":\"Article\",\"@id\":\"https:\\\/\\\/www.eldiariodetucuman.com\\\/web\\\/mira-en-vivo-las-12-en-30-el-ministro-de-educacion-explica-los-cambios-en-las-becas-progresar\\\/#article\",\"isPartOf\":{\"@id\":\"https:\\\/\\\/www.eldiariodetucuman.com\\\/web\\\/mira-en-vivo-las-12-en-30-el-ministro-de-educacion-explica-los-cambios-en-las-becas-progresar\\\/\"},\"author\":{\"name\":\"admin\",\"@id\":\"https:\\\/\\\/www.eldiariodetucuman.com\\\/web\\\/#\\\/schema\\\/person\\\/9250197d75ab5483412e19678b121caa\"},\"headline\":\"Mir\u00e1 en vivo Las 12 en 30: el ministro de Educaci\u00f3n explica los cambios en las becas Progresar\",\"datePublished\":\"2018-04-05T15:14:57+00:00\",\"dateModified\":\"2018-04-05T15:15:02+00:00\",\"mainEntityOfPage\":{\"@id\":\"https:\\\/\\\/www.eldiariodetucuman.com\\\/web\\\/mira-en-vivo-las-12-en-30-el-ministro-de-educacion-explica-los-cambios-en-las-becas-progresar\\\/\"},\"wordCount\":126,\"commentCount\":0,\"publisher\":{\"@id\":\"https:\\\/\\\/www.eldiariodetucuman.com\\\/web\\\/#organization\"},\"image\":{\"@id\":\"https:\\\/\\\/www.eldiariodetucuman.com\\\/web\\\/mira-en-vivo-las-12-en-30-el-ministro-de-educacion-explica-los-cambios-en-las-becas-progresar\\\/#primaryimage\"},\"thumbnailUrl\":\"https:\\\/\\\/www.eldiariodetucuman.com\\\/web\\\/wp-content\\\/uploads\\\/2018\\\/04\\\/91ebcc85e2385f5a09e41654baf23597.jpeg\",\"articleSection\":[\"Portada\"],\"inLanguage\":\"es\",\"potentialAction\":[{\"@type\":\"CommentAction\",\"name\":\"Comment\",\"target\":[\"https:\\\/\\\/www.eldiariodetucuman.com\\\/web\\\/mira-en-vivo-las-12-en-30-el-ministro-de-educacion-explica-los-cambios-en-las-becas-progresar\\\/#respond\"]}]},{\"@type\":\"WebPage\",\"@id\":\"https:\\\/\\\/www.eldiariodetucuman.com\\\/web\\\/mira-en-vivo-las-12-en-30-el-ministro-de-educacion-explica-los-cambios-en-las-becas-progresar\\\/\",\"url\":\"https:\\\/\\\/www.eldiariodetucuman.com\\\/web\\\/mira-en-vivo-las-12-en-30-el-ministro-de-educacion-explica-los-cambios-en-las-becas-progresar\\\/\",\"name\":\"Mir\u00e1 en vivo Las 12 en 30: el ministro de Educaci\u00f3n explica los cambios en las becas Progresar - El Diario de Tucuman\",\"isPartOf\":{\"@id\":\"https:\\\/\\\/www.eldiariodetucuman.com\\\/web\\\/#website\"},\"primaryImageOfPage\":{\"@id\":\"https:\\\/\\\/www.eldiariodetucuman.com\\\/web\\\/mira-en-vivo-las-12-en-30-el-ministro-de-educacion-explica-los-cambios-en-las-becas-progresar\\\/#primaryimage\"},\"image\":{\"@id\":\"https:\\\/\\\/www.eldiariodetucuman.com\\\/web\\\/mira-en-vivo-las-12-en-30-el-ministro-de-educacion-explica-los-cambios-en-las-becas-progresar\\\/#primaryimage\"},\"thumbnailUrl\":\"https:\\\/\\\/www.eldiariodetucuman.com\\\/web\\\/wp-content\\\/uploads\\\/2018\\\/04\\\/91ebcc85e2385f5a09e41654baf23597.jpeg\",\"datePublished\":\"2018-04-05T15:14:57+00:00\",\"dateModified\":\"2018-04-05T15:15:02+00:00\",\"breadcrumb\":{\"@id\":\"https:\\\/\\\/www.eldiariodetucuman.com\\\/web\\\/mira-en-vivo-las-12-en-30-el-ministro-de-educacion-explica-los-cambios-en-las-becas-progresar\\\/#breadcrumb\"},\"inLanguage\":\"es\",\"potentialAction\":[{\"@type\":\"ReadAction\",\"target\":[\"https:\\\/\\\/www.eldiariodetucuman.com\\\/web\\\/mira-en-vivo-las-12-en-30-el-ministro-de-educacion-explica-los-cambios-en-las-becas-progresar\\\/\"]}]},{\"@type\":\"ImageObject\",\"inLanguage\":\"es\",\"@id\":\"https:\\\/\\\/www.eldiariodetucuman.com\\\/web\\\/mira-en-vivo-las-12-en-30-el-ministro-de-educacion-explica-los-cambios-en-las-becas-progresar\\\/#primaryimage\",\"url\":\"https:\\\/\\\/www.eldiariodetucuman.com\\\/web\\\/wp-content\\\/uploads\\\/2018\\\/04\\\/91ebcc85e2385f5a09e41654baf23597.jpeg\",\"contentUrl\":\"https:\\\/\\\/www.eldiariodetucuman.com\\\/web\\\/wp-content\\\/uploads\\\/2018\\\/04\\\/91ebcc85e2385f5a09e41654baf23597.jpeg\",\"width\":1500,\"height\":850},{\"@type\":\"BreadcrumbList\",\"@id\":\"https:\\\/\\\/www.eldiariodetucuman.com\\\/web\\\/mira-en-vivo-las-12-en-30-el-ministro-de-educacion-explica-los-cambios-en-las-becas-progresar\\\/#breadcrumb\",\"itemListElement\":[{\"@type\":\"ListItem\",\"position\":1,\"name\":\"Portada\",\"item\":\"https:\\\/\\\/www.eldiariodetucuman.com\\\/web\\\/\"},{\"@type\":\"ListItem\",\"position\":2,\"name\":\"Mir\u00e1 en vivo Las 12 en 30: el ministro de Educaci\u00f3n explica los cambios en las becas Progresar\"}]},{\"@type\":\"WebSite\",\"@id\":\"https:\\\/\\\/www.eldiariodetucuman.com\\\/web\\\/#website\",\"url\":\"https:\\\/\\\/www.eldiariodetucuman.com\\\/web\\\/\",\"name\":\"El Diario de Tucuman\",\"description\":\"Diario Tucuman - Informaci\u00f3n y noticias\",\"publisher\":{\"@id\":\"https:\\\/\\\/www.eldiariodetucuman.com\\\/web\\\/#organization\"},\"potentialAction\":[{\"@type\":\"SearchAction\",\"target\":{\"@type\":\"EntryPoint\",\"urlTemplate\":\"https:\\\/\\\/www.eldiariodetucuman.com\\\/web\\\/?s={search_term_string}\"},\"query-input\":{\"@type\":\"PropertyValueSpecification\",\"valueRequired\":true,\"valueName\":\"search_term_string\"}}],\"inLanguage\":\"es\"},{\"@type\":\"Organization\",\"@id\":\"https:\\\/\\\/www.eldiariodetucuman.com\\\/web\\\/#organization\",\"name\":\"El Diario de Tucuman\",\"url\":\"https:\\\/\\\/www.eldiariodetucuman.com\\\/web\\\/\",\"logo\":{\"@type\":\"ImageObject\",\"inLanguage\":\"es\",\"@id\":\"https:\\\/\\\/www.eldiariodetucuman.com\\\/web\\\/#\\\/schema\\\/logo\\\/image\\\/\",\"url\":\"http:\\\/\\\/www.eldiariodetucuman.com\\\/web\\\/wp-content\\\/uploads\\\/2017\\\/12\\\/el-diario-de-tucuman.jpg\",\"contentUrl\":\"http:\\\/\\\/www.eldiariodetucuman.com\\\/web\\\/wp-content\\\/uploads\\\/2017\\\/12\\\/el-diario-de-tucuman.jpg\",\"width\":272,\"height\":92,\"caption\":\"El Diario de Tucuman\"},\"image\":{\"@id\":\"https:\\\/\\\/www.eldiariodetucuman.com\\\/web\\\/#\\\/schema\\\/logo\\\/image\\\/\"}},{\"@type\":\"Person\",\"@id\":\"https:\\\/\\\/www.eldiariodetucuman.com\\\/web\\\/#\\\/schema\\\/person\\\/9250197d75ab5483412e19678b121caa\",\"name\":\"admin\",\"image\":{\"@type\":\"ImageObject\",\"inLanguage\":\"es\",\"@id\":\"https:\\\/\\\/secure.gravatar.com\\\/avatar\\\/c44d117c2be811212c22cb481f6b8384b6873de103fbc49e7a03cc58d7dea4ac?s=96&d=mm&r=g\",\"url\":\"https:\\\/\\\/secure.gravatar.com\\\/avatar\\\/c44d117c2be811212c22cb481f6b8384b6873de103fbc49e7a03cc58d7dea4ac?s=96&d=mm&r=g\",\"contentUrl\":\"https:\\\/\\\/secure.gravatar.com\\\/avatar\\\/c44d117c2be811212c22cb481f6b8384b6873de103fbc49e7a03cc58d7dea4ac?s=96&d=mm&r=g\",\"caption\":\"admin\"},\"url\":\"https:\\\/\\\/www.eldiariodetucuman.com\\\/web\\\/author\\\/admin\\\/\"}]}<\/script>\n<!-- \/ Yoast SEO plugin. -->","yoast_head_json":{"title":"Mir\u00e1 en vivo Las 12 en 30: el ministro de Educaci\u00f3n explica los cambios en las becas Progresar - El Diario de Tucuman","robots":{"index":"index","follow":"follow","max-snippet":"max-snippet:-1","max-image-preview":"max-image-preview:large","max-video-preview":"max-video-preview:-1"},"canonical":"https:\/\/www.eldiariodetucuman.com\/web\/mira-en-vivo-las-12-en-30-el-ministro-de-educacion-explica-los-cambios-en-las-becas-progresar\/","og_locale":"es_ES","og_type":"article","og_title":"Mir\u00e1 en vivo Las 12 en 30: el ministro de Educaci\u00f3n explica los cambios en las becas Progresar - El Diario de Tucuman","og_description":"El ministro de Educaci\u00f3n, Juan Pablo Lichtmajer, visitar\u00e1 la redacci\u00f3n de LA GACETA para participar del programa Las 12 en 30. El funcionario hablar\u00e1, entre otros temas, sobre los cambios en las becas Progresar. Adem\u00e1s, los due\u00f1os de las estaciones de servicios explican c\u00f3mo se aplicar\u00e1n los aumentos en los precios de las naftas. El [&hellip;]","og_url":"https:\/\/www.eldiariodetucuman.com\/web\/mira-en-vivo-las-12-en-30-el-ministro-de-educacion-explica-los-cambios-en-las-becas-progresar\/","og_site_name":"El Diario de Tucuman","article_published_time":"2018-04-05T15:14:57+00:00","article_modified_time":"2018-04-05T15:15:02+00:00","og_image":[{"width":1500,"height":850,"url":"https:\/\/www.eldiariodetucuman.com\/web\/wp-content\/uploads\/2018\/04\/91ebcc85e2385f5a09e41654baf23597.jpeg","type":"image\/jpeg"}],"author":"admin","twitter_card":"summary_large_image","twitter_misc":{"Escrito por":"admin","Tiempo de lectura":"1 minuto"},"schema":{"@context":"https:\/\/schema.org","@graph":[{"@type":"Article","@id":"https:\/\/www.eldiariodetucuman.com\/web\/mira-en-vivo-las-12-en-30-el-ministro-de-educacion-explica-los-cambios-en-las-becas-progresar\/#article","isPartOf":{"@id":"https:\/\/www.eldiariodetucuman.com\/web\/mira-en-vivo-las-12-en-30-el-ministro-de-educacion-explica-los-cambios-en-las-becas-progresar\/"},"author":{"name":"admin","@id":"https:\/\/www.eldiariodetucuman.com\/web\/#\/schema\/person\/9250197d75ab5483412e19678b121caa"},"headline":"Mir\u00e1 en vivo Las 12 en 30: el ministro de Educaci\u00f3n explica los cambios en las becas Progresar","datePublished":"2018-04-05T15:14:57+00:00","dateModified":"2018-04-05T15:15:02+00:00","mainEntityOfPage":{"@id":"https:\/\/www.eldiariodetucuman.com\/web\/mira-en-vivo-las-12-en-30-el-ministro-de-educacion-explica-los-cambios-en-las-becas-progresar\/"},"wordCount":126,"commentCount":0,"publisher":{"@id":"https:\/\/www.eldiariodetucuman.com\/web\/#organization"},"image":{"@id":"https:\/\/www.eldiariodetucuman.com\/web\/mira-en-vivo-las-12-en-30-el-ministro-de-educacion-explica-los-cambios-en-las-becas-progresar\/#primaryimage"},"thumbnailUrl":"https:\/\/www.eldiariodetucuman.com\/web\/wp-content\/uploads\/2018\/04\/91ebcc85e2385f5a09e41654baf23597.jpeg","articleSection":["Portada"],"inLanguage":"es","potentialAction":[{"@type":"CommentAction","name":"Comment","target":["https:\/\/www.eldiariodetucuman.com\/web\/mira-en-vivo-las-12-en-30-el-ministro-de-educacion-explica-los-cambios-en-las-becas-progresar\/#respond"]}]},{"@type":"WebPage","@id":"https:\/\/www.eldiariodetucuman.com\/web\/mira-en-vivo-las-12-en-30-el-ministro-de-educacion-explica-los-cambios-en-las-becas-progresar\/","url":"https:\/\/www.eldiariodetucuman.com\/web\/mira-en-vivo-las-12-en-30-el-ministro-de-educacion-explica-los-cambios-en-las-becas-progresar\/","name":"Mir\u00e1 en vivo Las 12 en 30: el ministro de Educaci\u00f3n explica los cambios en las becas Progresar - El Diario de Tucuman","isPartOf":{"@id":"https:\/\/www.eldiariodetucuman.com\/web\/#website"},"primaryImageOfPage":{"@id":"https:\/\/www.eldiariodetucuman.com\/web\/mira-en-vivo-las-12-en-30-el-ministro-de-educacion-explica-los-cambios-en-las-becas-progresar\/#primaryimage"},"image":{"@id":"https:\/\/www.eldiariodetucuman.com\/web\/mira-en-vivo-las-12-en-30-el-ministro-de-educacion-explica-los-cambios-en-las-becas-progresar\/#primaryimage"},"thumbnailUrl":"https:\/\/www.eldiariodetucuman.com\/web\/wp-content\/uploads\/2018\/04\/91ebcc85e2385f5a09e41654baf23597.jpeg","datePublished":"2018-04-05T15:14:57+00:00","dateModified":"2018-04-05T15:15:02+00:00","breadcrumb":{"@id":"https:\/\/www.eldiariodetucuman.com\/web\/mira-en-vivo-las-12-en-30-el-ministro-de-educacion-explica-los-cambios-en-las-becas-progresar\/#breadcrumb"},"inLanguage":"es","potentialAction":[{"@type":"ReadAction","target":["https:\/\/www.eldiariodetucuman.com\/web\/mira-en-vivo-las-12-en-30-el-ministro-de-educacion-explica-los-cambios-en-las-becas-progresar\/"]}]},{"@type":"ImageObject","inLanguage":"es","@id":"https:\/\/www.eldiariodetucuman.com\/web\/mira-en-vivo-las-12-en-30-el-ministro-de-educacion-explica-los-cambios-en-las-becas-progresar\/#primaryimage","url":"https:\/\/www.eldiariodetucuman.com\/web\/wp-content\/uploads\/2018\/04\/91ebcc85e2385f5a09e41654baf23597.jpeg","contentUrl":"https:\/\/www.eldiariodetucuman.com\/web\/wp-content\/uploads\/2018\/04\/91ebcc85e2385f5a09e41654baf23597.jpeg","width":1500,"height":850},{"@type":"BreadcrumbList","@id":"https:\/\/www.eldiariodetucuman.com\/web\/mira-en-vivo-las-12-en-30-el-ministro-de-educacion-explica-los-cambios-en-las-becas-progresar\/#breadcrumb","itemListElement":[{"@type":"ListItem","position":1,"name":"Portada","item":"https:\/\/www.eldiariodetucuman.com\/web\/"},{"@type":"ListItem","position":2,"name":"Mir\u00e1 en vivo Las 12 en 30: el ministro de Educaci\u00f3n explica los cambios en las becas Progresar"}]},{"@type":"WebSite","@id":"https:\/\/www.eldiariodetucuman.com\/web\/#website","url":"https:\/\/www.eldiariodetucuman.com\/web\/","name":"El Diario de Tucuman","description":"Diario Tucuman - Informaci\u00f3n y noticias","publisher":{"@id":"https:\/\/www.eldiariodetucuman.com\/web\/#organization"},"potentialAction":[{"@type":"SearchAction","target":{"@type":"EntryPoint","urlTemplate":"https:\/\/www.eldiariodetucuman.com\/web\/?s={search_term_string}"},"query-input":{"@type":"PropertyValueSpecification","valueRequired":true,"valueName":"search_term_string"}}],"inLanguage":"es"},{"@type":"Organization","@id":"https:\/\/www.eldiariodetucuman.com\/web\/#organization","name":"El Diario de Tucuman","url":"https:\/\/www.eldiariodetucuman.com\/web\/","logo":{"@type":"ImageObject","inLanguage":"es","@id":"https:\/\/www.eldiariodetucuman.com\/web\/#\/schema\/logo\/image\/","url":"http:\/\/www.eldiariodetucuman.com\/web\/wp-content\/uploads\/2017\/12\/el-diario-de-tucuman.jpg","contentUrl":"http:\/\/www.eldiariodetucuman.com\/web\/wp-content\/uploads\/2017\/12\/el-diario-de-tucuman.jpg","width":272,"height":92,"caption":"El Diario de Tucuman"},"image":{"@id":"https:\/\/www.eldiariodetucuman.com\/web\/#\/schema\/logo\/image\/"}},{"@type":"Person","@id":"https:\/\/www.eldiariodetucuman.com\/web\/#\/schema\/person\/9250197d75ab5483412e19678b121caa","name":"admin","image":{"@type":"ImageObject","inLanguage":"es","@id":"https:\/\/secure.gravatar.com\/avatar\/c44d117c2be811212c22cb481f6b8384b6873de103fbc49e7a03cc58d7dea4ac?s=96&d=mm&r=g","url":"https:\/\/secure.gravatar.com\/avatar\/c44d117c2be811212c22cb481f6b8384b6873de103fbc49e7a03cc58d7dea4ac?s=96&d=mm&r=g","contentUrl":"https:\/\/secure.gravatar.com\/avatar\/c44d117c2be811212c22cb481f6b8384b6873de103fbc49e7a03cc58d7dea4ac?s=96&d=mm&r=g","caption":"admin"},"url":"https:\/\/www.eldiariodetucuman.com\/web\/author\/admin\/"}]}},"_links":{"self":[{"href":"https:\/\/www.eldiariodetucuman.com\/web\/wp-json\/wp\/v2\/posts\/7928","targetHints":{"allow":["GET"]}}],"collection":[{"href":"https:\/\/www.eldiariodetucuman.com\/web\/wp-json\/wp\/v2\/posts"}],"about":[{"href":"https:\/\/www.eldiariodetucuman.com\/web\/wp-json\/wp\/v2\/types\/post"}],"author":[{"embeddable":true,"href":"https:\/\/www.eldiariodetucuman.com\/web\/wp-json\/wp\/v2\/users\/1"}],"replies":[{"embeddable":true,"href":"https:\/\/www.eldiariodetucuman.com\/web\/wp-json\/wp\/v2\/comments?post=7928"}],"version-history":[{"count":1,"href":"https:\/\/www.eldiariodetucuman.com\/web\/wp-json\/wp\/v2\/posts\/7928\/revisions"}],"predecessor-version":[{"id":7930,"href":"https:\/\/www.eldiariodetucuman.com\/web\/wp-json\/wp\/v2\/posts\/7928\/revisions\/7930"}],"wp:featuredmedia":[{"embeddable":true,"href":"https:\/\/www.eldiariodetucuman.com\/web\/wp-json\/wp\/v2\/media\/7929"}],"wp:attachment":[{"href":"https:\/\/www.eldiariodetucuman.com\/web\/wp-json\/wp\/v2\/media?parent=7928"}],"wp:term":[{"taxonomy":"category","embeddable":true,"href":"https:\/\/www.eldiariodetucuman.com\/web\/wp-json\/wp\/v2\/categories?post=7928"},{"taxonomy":"post_tag","embeddable":true,"href":"https:\/\/www.eldiariodetucuman.com\/web\/wp-json\/wp\/v2\/tags?post=7928"}],"curies":[{"name":"wp","href":"https:\/\/api.w.org\/{rel}","templated":true}]}}