{"id":7922,"date":"2018-04-05T12:08:25","date_gmt":"2018-04-05T15:08:25","guid":{"rendered":"http:\/\/www.eldiariodetucuman.com\/web\/entregaron-tarjetas-y-abonos-a-alumnos-de-lules-2\/"},"modified":"2018-04-05T12:08:25","modified_gmt":"2018-04-05T15:08:25","slug":"entregaron-tarjetas-y-abonos-a-alumnos-de-lules-2","status":"publish","type":"post","link":"https:\/\/www.eldiariodetucuman.com\/web\/entregaron-tarjetas-y-abonos-a-alumnos-de-lules-2\/","title":{"rendered":"Entregaron tarjetas y abonos a alumnos de Lules"},"content":{"rendered":"<div>\n<div readability=\"64\">\n<p>El vicegobernador, <strong>Osvaldo Jaldo<\/strong>, encabez\u00f3 el acto de entrega de 400 tarjetas magn\u00e9ticas para alumnos de Lules dentro del operativo de implementaci\u00f3n del boleto estudiantil gratuito. Adem\u00e1s, para los usuarios de \u00f3mnibus que no tienen las condiciones t\u00e9cnicas para el uso de la tarjeta, se entregaron 1500 abonos.<\/p>\n<p>El operativo de entrega se mont\u00f3 en la Casa de la Cultura de la ciudad del oeste tucumano y cont\u00f3 con la participaci\u00f3n del intendente local <strong>Carlos Gal\u00eda<\/strong>, el ministro de Educaci\u00f3n, <strong>Juan Pablo Lichtmajer<\/strong>, y el intendente de Banda del R\u00edo Sal\u00ed, <strong>Dar\u00edo Monteros<\/strong>, entre otros.<\/p>\n<p><iframe loading=\"lazy\" width=\"650\" height=\"315\" src=\"http:\/\/www.youtube.com\/embed\/0SGniFr_Y_A\"><\/iframe><\/p>\n<p>\u00a0<\/p>\n<p>\u00a0<\/p>\n<blockquote class=\"mom_quote \"><p>\u201cEstamos contento y vemos la alegr\u00eda de los chicos y los padres. Esta es una medida que la estaban esperando y era una necesidad para la gente. Este boleto es invertir en educaci\u00f3n, ayudar a que los chicos est\u00e9n en el lugar en el que deben estar. Ac\u00e1 en Lules abonos y tarjetas van a superar las 2200 y por eso estamos agradecidos con el intendente que encabez\u00f3 el operativo\u201d, afirm\u00f3 Jaldo.\u00a0<\/p><\/blockquote>\n<p>Por su parte, el ministro de Educaci\u00f3n expres\u00f3 que esta medida \u201cgarantiza que los chicos est\u00e9n en la escuela porque la educaci\u00f3n nos une\u201d. Adem\u00e1s resalt\u00f3 que \u201cesto es important\u00edsimo para la sociedad y la familia tucumana\u201d.<\/p>\n<p>\u201cEsto fue un acierto muy grande del Gobierno. Desde el interior ve\u00edamos que hab\u00eda una necesidad y esto vino a mejorar la situaci\u00f3n y por eso estamos muy agradecidos a todos los que influyeron para que se haga realidad. Conocemos la situaci\u00f3n econ\u00f3mica y esto es una ayuda\u201d, agreg\u00f3 el intendente Gal\u00eda.<\/p>\n<p>La legisladora <strong>Stella Maris C\u00f3rdoba<\/strong> por su parte explic\u00f3 que \u201cla mejor apuesta es a la educaci\u00f3n de los tucumanos. Sabemos que la situaci\u00f3n econ\u00f3mica est\u00e1 complicada y que al subir el precio del boleto se iba a complicar m\u00e1s por eso no queremos que ning\u00fan chico falte a la escuela por no poder pagar el boleto\u201d.<\/p>\n<\/div>\n<\/div>\n<p>Fuente: http:\/\/comunicaciontucuman.gob.ar\/2018\/04\/entregaron-tarjetas-y-abonos-a-alumnos-de-lules\/<\/p>\n","protected":false},"excerpt":{"rendered":"<p>El vicegobernador, Osvaldo Jaldo, encabez\u00f3 el acto de entrega de 400 tarjetas magn\u00e9ticas para alumnos de Lules dentro del operativo de implementaci\u00f3n del boleto estudiantil gratuito. Adem\u00e1s, para los usuarios de \u00f3mnibus que no tienen las condiciones t\u00e9cnicas para el uso de la tarjeta, se entregaron 1500 abonos. El operativo de entrega se mont\u00f3 en [&hellip;]<\/p>\n","protected":false},"author":1,"featured_media":7923,"comment_status":"open","ping_status":"closed","sticky":false,"template":"","format":"standard","meta":{"footnotes":""},"categories":[3],"tags":[],"class_list":{"0":"post-7922","1":"post","2":"type-post","3":"status-publish","4":"format-standard","5":"has-post-thumbnail","7":"category-politica"},"yoast_head":"<!-- This site is optimized with the Yoast SEO plugin v27.4 - https:\/\/yoast.com\/product\/yoast-seo-wordpress\/ -->\n<title>Entregaron tarjetas y abonos a alumnos de Lules - El Diario de Tucuman<\/title>\n<meta name=\"robots\" content=\"index, follow, max-snippet:-1, max-image-preview:large, max-video-preview:-1\" \/>\n<link rel=\"canonical\" href=\"https:\/\/www.eldiariodetucuman.com\/web\/entregaron-tarjetas-y-abonos-a-alumnos-de-lules-2\/\" \/>\n<meta property=\"og:locale\" content=\"es_ES\" \/>\n<meta property=\"og:type\" content=\"article\" \/>\n<meta property=\"og:title\" content=\"Entregaron tarjetas y abonos a alumnos de Lules - El Diario de Tucuman\" \/>\n<meta property=\"og:description\" content=\"El vicegobernador, Osvaldo Jaldo, encabez\u00f3 el acto de entrega de 400 tarjetas magn\u00e9ticas para alumnos de Lules dentro del operativo de implementaci\u00f3n del boleto estudiantil gratuito. Adem\u00e1s, para los usuarios de \u00f3mnibus que no tienen las condiciones t\u00e9cnicas para el uso de la tarjeta, se entregaron 1500 abonos. El operativo de entrega se mont\u00f3 en [&hellip;]\" \/>\n<meta property=\"og:url\" content=\"https:\/\/www.eldiariodetucuman.com\/web\/entregaron-tarjetas-y-abonos-a-alumnos-de-lules-2\/\" \/>\n<meta property=\"og:site_name\" content=\"El Diario de Tucuman\" \/>\n<meta property=\"article:published_time\" content=\"2018-04-05T15:08:25+00:00\" \/>\n<meta property=\"og:image\" content=\"https:\/\/www.eldiariodetucuman.com\/web\/wp-content\/uploads\/2018\/04\/9eaa884618226f9682b36946ec8948b6.jpeg\" \/>\n\t<meta property=\"og:image:width\" content=\"300\" \/>\n\t<meta property=\"og:image:height\" content=\"166\" \/>\n\t<meta property=\"og:image:type\" content=\"image\/jpeg\" \/>\n<meta name=\"author\" content=\"admin\" \/>\n<meta name=\"twitter:card\" content=\"summary_large_image\" \/>\n<meta name=\"twitter:label1\" content=\"Escrito por\" \/>\n\t<meta name=\"twitter:data1\" content=\"admin\" \/>\n\t<meta name=\"twitter:label2\" content=\"Tiempo de lectura\" \/>\n\t<meta name=\"twitter:data2\" content=\"2 minutos\" \/>\n<script type=\"application\/ld+json\" class=\"yoast-schema-graph\">{\"@context\":\"https:\\\/\\\/schema.org\",\"@graph\":[{\"@type\":\"Article\",\"@id\":\"https:\\\/\\\/www.eldiariodetucuman.com\\\/web\\\/entregaron-tarjetas-y-abonos-a-alumnos-de-lules-2\\\/#article\",\"isPartOf\":{\"@id\":\"https:\\\/\\\/www.eldiariodetucuman.com\\\/web\\\/entregaron-tarjetas-y-abonos-a-alumnos-de-lules-2\\\/\"},\"author\":{\"name\":\"admin\",\"@id\":\"https:\\\/\\\/www.eldiariodetucuman.com\\\/web\\\/#\\\/schema\\\/person\\\/9250197d75ab5483412e19678b121caa\"},\"headline\":\"Entregaron tarjetas y abonos a alumnos de Lules\",\"datePublished\":\"2018-04-05T15:08:25+00:00\",\"mainEntityOfPage\":{\"@id\":\"https:\\\/\\\/www.eldiariodetucuman.com\\\/web\\\/entregaron-tarjetas-y-abonos-a-alumnos-de-lules-2\\\/\"},\"wordCount\":353,\"commentCount\":0,\"publisher\":{\"@id\":\"https:\\\/\\\/www.eldiariodetucuman.com\\\/web\\\/#organization\"},\"image\":{\"@id\":\"https:\\\/\\\/www.eldiariodetucuman.com\\\/web\\\/entregaron-tarjetas-y-abonos-a-alumnos-de-lules-2\\\/#primaryimage\"},\"thumbnailUrl\":\"https:\\\/\\\/www.eldiariodetucuman.com\\\/web\\\/wp-content\\\/uploads\\\/2018\\\/04\\\/9eaa884618226f9682b36946ec8948b6.jpeg\",\"articleSection\":[\"Politica\"],\"inLanguage\":\"es\",\"potentialAction\":[{\"@type\":\"CommentAction\",\"name\":\"Comment\",\"target\":[\"https:\\\/\\\/www.eldiariodetucuman.com\\\/web\\\/entregaron-tarjetas-y-abonos-a-alumnos-de-lules-2\\\/#respond\"]}]},{\"@type\":\"WebPage\",\"@id\":\"https:\\\/\\\/www.eldiariodetucuman.com\\\/web\\\/entregaron-tarjetas-y-abonos-a-alumnos-de-lules-2\\\/\",\"url\":\"https:\\\/\\\/www.eldiariodetucuman.com\\\/web\\\/entregaron-tarjetas-y-abonos-a-alumnos-de-lules-2\\\/\",\"name\":\"Entregaron tarjetas y abonos a alumnos de Lules - El Diario de Tucuman\",\"isPartOf\":{\"@id\":\"https:\\\/\\\/www.eldiariodetucuman.com\\\/web\\\/#website\"},\"primaryImageOfPage\":{\"@id\":\"https:\\\/\\\/www.eldiariodetucuman.com\\\/web\\\/entregaron-tarjetas-y-abonos-a-alumnos-de-lules-2\\\/#primaryimage\"},\"image\":{\"@id\":\"https:\\\/\\\/www.eldiariodetucuman.com\\\/web\\\/entregaron-tarjetas-y-abonos-a-alumnos-de-lules-2\\\/#primaryimage\"},\"thumbnailUrl\":\"https:\\\/\\\/www.eldiariodetucuman.com\\\/web\\\/wp-content\\\/uploads\\\/2018\\\/04\\\/9eaa884618226f9682b36946ec8948b6.jpeg\",\"datePublished\":\"2018-04-05T15:08:25+00:00\",\"breadcrumb\":{\"@id\":\"https:\\\/\\\/www.eldiariodetucuman.com\\\/web\\\/entregaron-tarjetas-y-abonos-a-alumnos-de-lules-2\\\/#breadcrumb\"},\"inLanguage\":\"es\",\"potentialAction\":[{\"@type\":\"ReadAction\",\"target\":[\"https:\\\/\\\/www.eldiariodetucuman.com\\\/web\\\/entregaron-tarjetas-y-abonos-a-alumnos-de-lules-2\\\/\"]}]},{\"@type\":\"ImageObject\",\"inLanguage\":\"es\",\"@id\":\"https:\\\/\\\/www.eldiariodetucuman.com\\\/web\\\/entregaron-tarjetas-y-abonos-a-alumnos-de-lules-2\\\/#primaryimage\",\"url\":\"https:\\\/\\\/www.eldiariodetucuman.com\\\/web\\\/wp-content\\\/uploads\\\/2018\\\/04\\\/9eaa884618226f9682b36946ec8948b6.jpeg\",\"contentUrl\":\"https:\\\/\\\/www.eldiariodetucuman.com\\\/web\\\/wp-content\\\/uploads\\\/2018\\\/04\\\/9eaa884618226f9682b36946ec8948b6.jpeg\",\"width\":300,\"height\":166},{\"@type\":\"BreadcrumbList\",\"@id\":\"https:\\\/\\\/www.eldiariodetucuman.com\\\/web\\\/entregaron-tarjetas-y-abonos-a-alumnos-de-lules-2\\\/#breadcrumb\",\"itemListElement\":[{\"@type\":\"ListItem\",\"position\":1,\"name\":\"Portada\",\"item\":\"https:\\\/\\\/www.eldiariodetucuman.com\\\/web\\\/\"},{\"@type\":\"ListItem\",\"position\":2,\"name\":\"Entregaron tarjetas y abonos a alumnos de Lules\"}]},{\"@type\":\"WebSite\",\"@id\":\"https:\\\/\\\/www.eldiariodetucuman.com\\\/web\\\/#website\",\"url\":\"https:\\\/\\\/www.eldiariodetucuman.com\\\/web\\\/\",\"name\":\"El Diario de Tucuman\",\"description\":\"Diario Tucuman - Informaci\u00f3n y noticias\",\"publisher\":{\"@id\":\"https:\\\/\\\/www.eldiariodetucuman.com\\\/web\\\/#organization\"},\"potentialAction\":[{\"@type\":\"SearchAction\",\"target\":{\"@type\":\"EntryPoint\",\"urlTemplate\":\"https:\\\/\\\/www.eldiariodetucuman.com\\\/web\\\/?s={search_term_string}\"},\"query-input\":{\"@type\":\"PropertyValueSpecification\",\"valueRequired\":true,\"valueName\":\"search_term_string\"}}],\"inLanguage\":\"es\"},{\"@type\":\"Organization\",\"@id\":\"https:\\\/\\\/www.eldiariodetucuman.com\\\/web\\\/#organization\",\"name\":\"El Diario de Tucuman\",\"url\":\"https:\\\/\\\/www.eldiariodetucuman.com\\\/web\\\/\",\"logo\":{\"@type\":\"ImageObject\",\"inLanguage\":\"es\",\"@id\":\"https:\\\/\\\/www.eldiariodetucuman.com\\\/web\\\/#\\\/schema\\\/logo\\\/image\\\/\",\"url\":\"http:\\\/\\\/www.eldiariodetucuman.com\\\/web\\\/wp-content\\\/uploads\\\/2017\\\/12\\\/el-diario-de-tucuman.jpg\",\"contentUrl\":\"http:\\\/\\\/www.eldiariodetucuman.com\\\/web\\\/wp-content\\\/uploads\\\/2017\\\/12\\\/el-diario-de-tucuman.jpg\",\"width\":272,\"height\":92,\"caption\":\"El Diario de Tucuman\"},\"image\":{\"@id\":\"https:\\\/\\\/www.eldiariodetucuman.com\\\/web\\\/#\\\/schema\\\/logo\\\/image\\\/\"}},{\"@type\":\"Person\",\"@id\":\"https:\\\/\\\/www.eldiariodetucuman.com\\\/web\\\/#\\\/schema\\\/person\\\/9250197d75ab5483412e19678b121caa\",\"name\":\"admin\",\"image\":{\"@type\":\"ImageObject\",\"inLanguage\":\"es\",\"@id\":\"https:\\\/\\\/secure.gravatar.com\\\/avatar\\\/c44d117c2be811212c22cb481f6b8384b6873de103fbc49e7a03cc58d7dea4ac?s=96&d=mm&r=g\",\"url\":\"https:\\\/\\\/secure.gravatar.com\\\/avatar\\\/c44d117c2be811212c22cb481f6b8384b6873de103fbc49e7a03cc58d7dea4ac?s=96&d=mm&r=g\",\"contentUrl\":\"https:\\\/\\\/secure.gravatar.com\\\/avatar\\\/c44d117c2be811212c22cb481f6b8384b6873de103fbc49e7a03cc58d7dea4ac?s=96&d=mm&r=g\",\"caption\":\"admin\"},\"url\":\"https:\\\/\\\/www.eldiariodetucuman.com\\\/web\\\/author\\\/admin\\\/\"}]}<\/script>\n<!-- \/ Yoast SEO plugin. -->","yoast_head_json":{"title":"Entregaron tarjetas y abonos a alumnos de Lules - El Diario de Tucuman","robots":{"index":"index","follow":"follow","max-snippet":"max-snippet:-1","max-image-preview":"max-image-preview:large","max-video-preview":"max-video-preview:-1"},"canonical":"https:\/\/www.eldiariodetucuman.com\/web\/entregaron-tarjetas-y-abonos-a-alumnos-de-lules-2\/","og_locale":"es_ES","og_type":"article","og_title":"Entregaron tarjetas y abonos a alumnos de Lules - El Diario de Tucuman","og_description":"El vicegobernador, Osvaldo Jaldo, encabez\u00f3 el acto de entrega de 400 tarjetas magn\u00e9ticas para alumnos de Lules dentro del operativo de implementaci\u00f3n del boleto estudiantil gratuito. Adem\u00e1s, para los usuarios de \u00f3mnibus que no tienen las condiciones t\u00e9cnicas para el uso de la tarjeta, se entregaron 1500 abonos. El operativo de entrega se mont\u00f3 en [&hellip;]","og_url":"https:\/\/www.eldiariodetucuman.com\/web\/entregaron-tarjetas-y-abonos-a-alumnos-de-lules-2\/","og_site_name":"El Diario de Tucuman","article_published_time":"2018-04-05T15:08:25+00:00","og_image":[{"width":300,"height":166,"url":"https:\/\/www.eldiariodetucuman.com\/web\/wp-content\/uploads\/2018\/04\/9eaa884618226f9682b36946ec8948b6.jpeg","type":"image\/jpeg"}],"author":"admin","twitter_card":"summary_large_image","twitter_misc":{"Escrito por":"admin","Tiempo de lectura":"2 minutos"},"schema":{"@context":"https:\/\/schema.org","@graph":[{"@type":"Article","@id":"https:\/\/www.eldiariodetucuman.com\/web\/entregaron-tarjetas-y-abonos-a-alumnos-de-lules-2\/#article","isPartOf":{"@id":"https:\/\/www.eldiariodetucuman.com\/web\/entregaron-tarjetas-y-abonos-a-alumnos-de-lules-2\/"},"author":{"name":"admin","@id":"https:\/\/www.eldiariodetucuman.com\/web\/#\/schema\/person\/9250197d75ab5483412e19678b121caa"},"headline":"Entregaron tarjetas y abonos a alumnos de Lules","datePublished":"2018-04-05T15:08:25+00:00","mainEntityOfPage":{"@id":"https:\/\/www.eldiariodetucuman.com\/web\/entregaron-tarjetas-y-abonos-a-alumnos-de-lules-2\/"},"wordCount":353,"commentCount":0,"publisher":{"@id":"https:\/\/www.eldiariodetucuman.com\/web\/#organization"},"image":{"@id":"https:\/\/www.eldiariodetucuman.com\/web\/entregaron-tarjetas-y-abonos-a-alumnos-de-lules-2\/#primaryimage"},"thumbnailUrl":"https:\/\/www.eldiariodetucuman.com\/web\/wp-content\/uploads\/2018\/04\/9eaa884618226f9682b36946ec8948b6.jpeg","articleSection":["Politica"],"inLanguage":"es","potentialAction":[{"@type":"CommentAction","name":"Comment","target":["https:\/\/www.eldiariodetucuman.com\/web\/entregaron-tarjetas-y-abonos-a-alumnos-de-lules-2\/#respond"]}]},{"@type":"WebPage","@id":"https:\/\/www.eldiariodetucuman.com\/web\/entregaron-tarjetas-y-abonos-a-alumnos-de-lules-2\/","url":"https:\/\/www.eldiariodetucuman.com\/web\/entregaron-tarjetas-y-abonos-a-alumnos-de-lules-2\/","name":"Entregaron tarjetas y abonos a alumnos de Lules - El Diario de Tucuman","isPartOf":{"@id":"https:\/\/www.eldiariodetucuman.com\/web\/#website"},"primaryImageOfPage":{"@id":"https:\/\/www.eldiariodetucuman.com\/web\/entregaron-tarjetas-y-abonos-a-alumnos-de-lules-2\/#primaryimage"},"image":{"@id":"https:\/\/www.eldiariodetucuman.com\/web\/entregaron-tarjetas-y-abonos-a-alumnos-de-lules-2\/#primaryimage"},"thumbnailUrl":"https:\/\/www.eldiariodetucuman.com\/web\/wp-content\/uploads\/2018\/04\/9eaa884618226f9682b36946ec8948b6.jpeg","datePublished":"2018-04-05T15:08:25+00:00","breadcrumb":{"@id":"https:\/\/www.eldiariodetucuman.com\/web\/entregaron-tarjetas-y-abonos-a-alumnos-de-lules-2\/#breadcrumb"},"inLanguage":"es","potentialAction":[{"@type":"ReadAction","target":["https:\/\/www.eldiariodetucuman.com\/web\/entregaron-tarjetas-y-abonos-a-alumnos-de-lules-2\/"]}]},{"@type":"ImageObject","inLanguage":"es","@id":"https:\/\/www.eldiariodetucuman.com\/web\/entregaron-tarjetas-y-abonos-a-alumnos-de-lules-2\/#primaryimage","url":"https:\/\/www.eldiariodetucuman.com\/web\/wp-content\/uploads\/2018\/04\/9eaa884618226f9682b36946ec8948b6.jpeg","contentUrl":"https:\/\/www.eldiariodetucuman.com\/web\/wp-content\/uploads\/2018\/04\/9eaa884618226f9682b36946ec8948b6.jpeg","width":300,"height":166},{"@type":"BreadcrumbList","@id":"https:\/\/www.eldiariodetucuman.com\/web\/entregaron-tarjetas-y-abonos-a-alumnos-de-lules-2\/#breadcrumb","itemListElement":[{"@type":"ListItem","position":1,"name":"Portada","item":"https:\/\/www.eldiariodetucuman.com\/web\/"},{"@type":"ListItem","position":2,"name":"Entregaron tarjetas y abonos a alumnos de Lules"}]},{"@type":"WebSite","@id":"https:\/\/www.eldiariodetucuman.com\/web\/#website","url":"https:\/\/www.eldiariodetucuman.com\/web\/","name":"El Diario de Tucuman","description":"Diario Tucuman - Informaci\u00f3n y noticias","publisher":{"@id":"https:\/\/www.eldiariodetucuman.com\/web\/#organization"},"potentialAction":[{"@type":"SearchAction","target":{"@type":"EntryPoint","urlTemplate":"https:\/\/www.eldiariodetucuman.com\/web\/?s={search_term_string}"},"query-input":{"@type":"PropertyValueSpecification","valueRequired":true,"valueName":"search_term_string"}}],"inLanguage":"es"},{"@type":"Organization","@id":"https:\/\/www.eldiariodetucuman.com\/web\/#organization","name":"El Diario de Tucuman","url":"https:\/\/www.eldiariodetucuman.com\/web\/","logo":{"@type":"ImageObject","inLanguage":"es","@id":"https:\/\/www.eldiariodetucuman.com\/web\/#\/schema\/logo\/image\/","url":"http:\/\/www.eldiariodetucuman.com\/web\/wp-content\/uploads\/2017\/12\/el-diario-de-tucuman.jpg","contentUrl":"http:\/\/www.eldiariodetucuman.com\/web\/wp-content\/uploads\/2017\/12\/el-diario-de-tucuman.jpg","width":272,"height":92,"caption":"El Diario de Tucuman"},"image":{"@id":"https:\/\/www.eldiariodetucuman.com\/web\/#\/schema\/logo\/image\/"}},{"@type":"Person","@id":"https:\/\/www.eldiariodetucuman.com\/web\/#\/schema\/person\/9250197d75ab5483412e19678b121caa","name":"admin","image":{"@type":"ImageObject","inLanguage":"es","@id":"https:\/\/secure.gravatar.com\/avatar\/c44d117c2be811212c22cb481f6b8384b6873de103fbc49e7a03cc58d7dea4ac?s=96&d=mm&r=g","url":"https:\/\/secure.gravatar.com\/avatar\/c44d117c2be811212c22cb481f6b8384b6873de103fbc49e7a03cc58d7dea4ac?s=96&d=mm&r=g","contentUrl":"https:\/\/secure.gravatar.com\/avatar\/c44d117c2be811212c22cb481f6b8384b6873de103fbc49e7a03cc58d7dea4ac?s=96&d=mm&r=g","caption":"admin"},"url":"https:\/\/www.eldiariodetucuman.com\/web\/author\/admin\/"}]}},"_links":{"self":[{"href":"https:\/\/www.eldiariodetucuman.com\/web\/wp-json\/wp\/v2\/posts\/7922","targetHints":{"allow":["GET"]}}],"collection":[{"href":"https:\/\/www.eldiariodetucuman.com\/web\/wp-json\/wp\/v2\/posts"}],"about":[{"href":"https:\/\/www.eldiariodetucuman.com\/web\/wp-json\/wp\/v2\/types\/post"}],"author":[{"embeddable":true,"href":"https:\/\/www.eldiariodetucuman.com\/web\/wp-json\/wp\/v2\/users\/1"}],"replies":[{"embeddable":true,"href":"https:\/\/www.eldiariodetucuman.com\/web\/wp-json\/wp\/v2\/comments?post=7922"}],"version-history":[{"count":1,"href":"https:\/\/www.eldiariodetucuman.com\/web\/wp-json\/wp\/v2\/posts\/7922\/revisions"}],"predecessor-version":[{"id":7924,"href":"https:\/\/www.eldiariodetucuman.com\/web\/wp-json\/wp\/v2\/posts\/7922\/revisions\/7924"}],"wp:featuredmedia":[{"embeddable":true,"href":"https:\/\/www.eldiariodetucuman.com\/web\/wp-json\/wp\/v2\/media\/7923"}],"wp:attachment":[{"href":"https:\/\/www.eldiariodetucuman.com\/web\/wp-json\/wp\/v2\/media?parent=7922"}],"wp:term":[{"taxonomy":"category","embeddable":true,"href":"https:\/\/www.eldiariodetucuman.com\/web\/wp-json\/wp\/v2\/categories?post=7922"},{"taxonomy":"post_tag","embeddable":true,"href":"https:\/\/www.eldiariodetucuman.com\/web\/wp-json\/wp\/v2\/tags?post=7922"}],"curies":[{"name":"wp","href":"https:\/\/api.w.org\/{rel}","templated":true}]}}