{"id":7432,"date":"2018-03-25T12:55:22","date_gmt":"2018-03-25T15:55:22","guid":{"rendered":"http:\/\/www.eldiariodetucuman.com\/web\/como-saber-que-datos-compartis-en-facebook-instagram-twitter-chrome-y-firefox\/"},"modified":"2018-03-25T12:55:22","modified_gmt":"2018-03-25T15:55:22","slug":"como-saber-que-datos-compartis-en-facebook-instagram-twitter-chrome-y-firefox","status":"publish","type":"post","link":"https:\/\/www.eldiariodetucuman.com\/web\/como-saber-que-datos-compartis-en-facebook-instagram-twitter-chrome-y-firefox\/","title":{"rendered":"C\u00f3mo saber qu\u00e9 datos compart\u00eds en Facebook, Instagram, Twitter, Chrome y Firefox"},"content":{"rendered":"<div>\n<div id=\"cuerpo\">\n<figure class=\"XL caja-destacada epigrafe\" id=\"figure_2653625\" data-is=\"imagen\"><span title=\"Ampliar imagen\" class=\"icon-ampliar\"><\/span><br \/>\n                        <span title=\"Cerrar modal\" class=\"icon-cerrar\"><\/span><figcaption><epigrafe>El esc\u00e1ndalo de Facebook con la manipulaci\u00f3n de datos deriv\u00f3 en un inter\u00e9s por conocer c\u00f3mo el resto de las plataformas y servicios on line acceden a la informaci\u00f3n personal de los usuarios<\/epigrafe><span class=\"fuente\"> Fuente: EFE<\/span><br \/>\n                        <\/figcaption><\/figure>\n<p class=\"capital\">Cada aplicaci\u00f3n que se instala en una red social, ya sea<br \/>\n<!-- TODO : Revisar HTML LN9 --><br \/>\n<a href=\"http:\/\/www.lanacion.com.ar\/facebook-t891\" data-event=\"contentLinkClick\"><br \/>\nFacebook<br \/>\n<\/a> ,<br \/>\n<!-- TODO : Revisar HTML LN9 --><br \/>\n<a href=\"http:\/\/www.lanacion.com.ar\/instagram-t58488\" data-event=\"contentLinkClick\"><br \/>\nInstagram<br \/>\n<\/a>  o<br \/>\n<!-- TODO : Revisar HTML LN9 --><br \/>\n<a href=\"http:\/\/www.lanacion.com.ar\/twitter-t7230\" data-event=\"contentLinkClick\"><br \/>\nTwitter<br \/>\n<\/a> , solicita permisos que pocos usuarios leen antes de aceptar.<br \/>\n<!-- TODO : Revisar HTML LN9 --><br \/>\n<a href=\"http:\/\/www.lanacion.com.ar\/el-escandalo-de-cambridge-analytica-t63872\" data-event=\"contentLinkClick\"><br \/>\nEl esc\u00e1ndalo de Cambridge Analytica<br \/>\n<\/a>  despert\u00f3 la necesidad de conocer c\u00f3mo averiguar qu\u00e9 informaci\u00f3n se comparte con los creadores de las apps.<\/p>\n<p><!-- middle1 --><\/p>\n<p><!-- middle1 --><\/p>\n<p>El reporte fue elaborado por la empresa de seguridad inform\u00e1tica ESET, que dividi\u00f3 el trabajo entre redes sociales y navegadores web como Chrome y Firefox: ambos permiten agregar extensiones para mejorar la productividad, algo que tambi\u00e9n demanda entregar datos.<\/p>\n<h2 class=\"subtitulo-1\" id=\"aplicaciones-en-facebook\">\nAplicaciones en Facebook<br \/>\n<\/h2>\n<figure class=\"L\" id=\"figure_2653617\" data-is=\"imagen\"><span title=\"Ampliar imagen\" class=\"icon-ampliar\"><\/span><br \/>\n                        <span title=\"Cerrar modal\" class=\"icon-cerrar\"><\/span><\/p>\n<p>                            <img decoding=\"async\" src=\"http:\/\/bucket3.glanacion.com\/anexos\/fotos\/17\/2653617w740.jpg\" alt=\"\"><figcaption><span class=\"fuente\"> Fuente: Archivo<\/span><br \/>\n                        <\/figcaption><\/figure>\n<p><!-- middle1 --><\/p>\n<section class=\"listado ademas floatFix\" id=\"listadoAdemas\" data-is-block=\"true\" data-block-name=\"n_relacionadas-cuerpo\" data-diagramacion-id=\"0\"><\/section>\n<p>Facebook permite que otros desarrolladores utilicen la red social para agregar funcionalidades adicionales. Para comprobar qu\u00e9 apps se est\u00e1n utilizando, solo debe ir a la opci\u00f3n Configuraci\u00f3n y luego elegir la opci\u00f3n Aplicaciones.<\/p>\n<p><!-- middle1 --><\/p>\n<p><!-- middle1 --><\/p>\n<p>Al hacer click sobre cada una de las aplicaciones, se puede saber cu\u00e1l es la informaci\u00f3n del usuario a la que tiene acceso la aplicaci\u00f3n.<\/p>\n<p>Los usuarios pueden restringir la informaci\u00f3n que comparten con esas aplicaciones, pero hay ciertos datos que son obligatorios para poder seguir utiliz\u00e1ndolas.<\/p>\n<p><!-- middle1 --><\/p>\n<figure class=\"L\" id=\"figure_2653619\" data-is=\"imagen\"><span title=\"Ampliar imagen\" class=\"icon-ampliar\"><\/span><br \/>\n                        <span title=\"Cerrar modal\" class=\"icon-cerrar\"><\/span><\/p>\n<p>                            <img decoding=\"async\" src=\"http:\/\/bucket3.glanacion.com\/anexos\/fotos\/19\/2653619w740.jpg\" alt=\"\"><figcaption><span class=\"fuente\"> Fuente: Archivo<\/span><br \/>\n                        <\/figcaption><\/figure>\n<p><!-- middle1 --><\/p>\n<p>En caso de que el usuario desee borrar alguna aplicaci\u00f3n, la informaci\u00f3n que ya se comparti\u00f3 con la empresa desarrolladora podr\u00eda quedar en sus servidores. \u00abEn ese caso se deber\u00e1 verificar espec\u00edficamente cu\u00e1les son las pol\u00edticas de cada desarrollador y en caso de que algo no est\u00e9 de acuerdo a lo que espera el usuario, ponerse en contacto con la empresa para pedir que borren la informaci\u00f3n\u00bb,<br \/>\n<a class=\"link\" href=\"https:\/\/www.welivesecurity.com\/la-es\/2018\/03\/22\/saber-que-informacion-compartes-en-facebook-y-otras-aplicaciones\/\">explic\u00f3<\/a>  ESET.<\/p>\n<h2 class=\"subtitulo-1\" id=\"instagram-y-twitter\">\nInstagram y Twitter<br \/>\n<\/h2>\n<figure class=\"L\" id=\"figure_2653618\" data-is=\"imagen\"><span title=\"Ampliar imagen\" class=\"icon-ampliar\"><\/span><br \/>\n                        <span title=\"Cerrar modal\" class=\"icon-cerrar\"><\/span><\/p>\n<p>                            <img decoding=\"async\" src=\"http:\/\/bucket3.glanacion.com\/anexos\/fotos\/18\/2653618w740.jpg\" alt=\"\"><figcaption><span class=\"fuente\"> Fuente: Archivo<\/span><br \/>\n                        <\/figcaption><\/figure>\n<p><!-- middle1 --><\/p>\n<p>Hay otras redes sociales que tambi\u00e9n permiten que aplicaciones de terceros sumen funcionalidades a la experiencia, siempre a cambio de cierta informaci\u00f3n de los usuarios.<\/p>\n<p>En el caso de Instagram, se puede entrar desde un navegador a la cuenta y en la secci\u00f3n de la configuraci\u00f3n Aplicaciones autorizadas se encontrar\u00e1 el detalle de los permisos que como usuario otorga para acceder a cierta informaci\u00f3n personal; y la posibilidad de revocar el acceso a la misma.<\/p>\n<figure class=\"L\" id=\"figure_2653621\" data-is=\"imagen\"><span title=\"Ampliar imagen\" class=\"icon-ampliar\"><\/span><br \/>\n                        <span title=\"Cerrar modal\" class=\"icon-cerrar\"><\/span><\/p>\n<p>                            <img decoding=\"async\" src=\"http:\/\/bucket1.glanacion.com\/anexos\/fotos\/21\/2653621w740.jpg\" alt=\"\"><figcaption><span class=\"fuente\"> Fuente: Archivo<\/span><br \/>\n                        <\/figcaption><\/figure>\n<p>Con Twitter ocurre algo muy similar, ya que en la parte de configuraci\u00f3n de la cuenta es posible acceder a la informaci\u00f3n de las aplicaciones que tienen acceso a la informaci\u00f3n.<\/p>\n<h2 class=\"subtitulo-1\" id=\"navegadores-tambien\">\nNavegadores, tambi\u00e9n<br \/>\n<\/h2>\n<figure class=\"L\" id=\"figure_2653623\" data-is=\"imagen\"><span title=\"Ampliar imagen\" class=\"icon-ampliar\"><\/span><br \/>\n                        <span title=\"Cerrar modal\" class=\"icon-cerrar\"><\/span><\/p>\n<p>                            <img decoding=\"async\" src=\"http:\/\/bucket2.glanacion.com\/anexos\/fotos\/23\/2653623w740.jpg\" alt=\"\"><figcaption><span class=\"fuente\"> Fuente: Archivo<\/span><br \/>\n                        <\/figcaption><\/figure>\n<p>Firefox y Chrome, dos de los navegadores m\u00e1s populares, permiten descargar Extensiones, las cuales piden permisos al momento de instalarse.<\/p>\n<p>En el caso de Firefox, antes de instalar alguna de esas extensiones desde la tienda oficial Firefox Add-ons, permite ver al final de la p\u00e1gina los permisos que solicita. Una vez instalados, en la opci\u00f3n Administrador de complementos se pueden ver todos los que est\u00e1n activos.<\/p>\n<p>En Chrome, antes de instalar una Extensi\u00f3n se muestra la informaci\u00f3n a la cual el usuario permite acceder una vez que haga clic en \u00aba\u00f1adir extensi\u00f3n\u00bb desde el Chrome Web Store.<\/p>\n<p>                <!-- firma autor --><\/p>\n<p>                <!-- temas --><\/p>\n<div class=\"temas\">\n<h4>temas <b>en esta nota<\/b><\/h4>\n<p> <!-- ***NUEVO*** - caja like --><\/p>\n<p>\n    <span class=\"texto-like\"> \u00bfTe gust\u00f3 <b>esta nota?<\/b><\/span><br \/>\n    <span class=\"icon-me-gusta\"> <\/span>\n<\/p>\n<\/p><\/div>\n<\/p><\/div>\n<\/div>\n","protected":false},"excerpt":{"rendered":"<p>El esc\u00e1ndalo de Facebook con la manipulaci\u00f3n de datos deriv\u00f3 en un inter\u00e9s por conocer c\u00f3mo el resto de las plataformas y servicios on line acceden a la informaci\u00f3n personal de los usuarios Fuente: EFE Cada aplicaci\u00f3n que se instala en una red social, ya sea Facebook , Instagram o Twitter , solicita permisos que [&hellip;]<\/p>\n","protected":false},"author":4,"featured_media":7433,"comment_status":"open","ping_status":"closed","sticky":false,"template":"","format":"standard","meta":{"footnotes":""},"categories":[154],"tags":[],"class_list":{"0":"post-7432","1":"post","2":"type-post","3":"status-publish","4":"format-standard","5":"has-post-thumbnail","7":"category-ciencia-y-tecnologia"},"yoast_head":"<!-- This site is optimized with the Yoast SEO plugin v27.4 - https:\/\/yoast.com\/product\/yoast-seo-wordpress\/ -->\n<title>C\u00f3mo saber qu\u00e9 datos compart\u00eds en Facebook, Instagram, Twitter, Chrome y Firefox - El Diario de Tucuman<\/title>\n<meta name=\"robots\" content=\"index, follow, max-snippet:-1, max-image-preview:large, max-video-preview:-1\" \/>\n<link rel=\"canonical\" href=\"https:\/\/www.eldiariodetucuman.com\/web\/como-saber-que-datos-compartis-en-facebook-instagram-twitter-chrome-y-firefox\/\" \/>\n<meta property=\"og:locale\" content=\"es_ES\" \/>\n<meta property=\"og:type\" content=\"article\" \/>\n<meta property=\"og:title\" content=\"C\u00f3mo saber qu\u00e9 datos compart\u00eds en Facebook, Instagram, Twitter, Chrome y Firefox - El Diario de Tucuman\" \/>\n<meta property=\"og:description\" content=\"El esc\u00e1ndalo de Facebook con la manipulaci\u00f3n de datos deriv\u00f3 en un inter\u00e9s por conocer c\u00f3mo el resto de las plataformas y servicios on line acceden a la informaci\u00f3n personal de los usuarios Fuente: EFE Cada aplicaci\u00f3n que se instala en una red social, ya sea Facebook , Instagram o Twitter , solicita permisos que [&hellip;]\" \/>\n<meta property=\"og:url\" content=\"https:\/\/www.eldiariodetucuman.com\/web\/como-saber-que-datos-compartis-en-facebook-instagram-twitter-chrome-y-firefox\/\" \/>\n<meta property=\"og:site_name\" content=\"El Diario de Tucuman\" \/>\n<meta property=\"article:published_time\" content=\"2018-03-25T15:55:22+00:00\" \/>\n<meta property=\"og:image\" content=\"https:\/\/www.eldiariodetucuman.com\/web\/wp-content\/uploads\/2018\/03\/41fdaaebf0670f272191de47e88ee5ec.jpeg\" \/>\n\t<meta property=\"og:image:width\" content=\"1032\" \/>\n\t<meta property=\"og:image:height\" content=\"688\" \/>\n\t<meta property=\"og:image:type\" content=\"image\/jpeg\" \/>\n<meta name=\"author\" content=\"eldiario detucuman\" \/>\n<meta name=\"twitter:card\" content=\"summary_large_image\" \/>\n<meta name=\"twitter:label1\" content=\"Escrito por\" \/>\n\t<meta name=\"twitter:data1\" content=\"eldiario detucuman\" \/>\n\t<meta name=\"twitter:label2\" content=\"Tiempo de lectura\" \/>\n\t<meta name=\"twitter:data2\" content=\"3 minutos\" \/>\n<script type=\"application\/ld+json\" class=\"yoast-schema-graph\">{\"@context\":\"https:\\\/\\\/schema.org\",\"@graph\":[{\"@type\":\"Article\",\"@id\":\"https:\\\/\\\/www.eldiariodetucuman.com\\\/web\\\/como-saber-que-datos-compartis-en-facebook-instagram-twitter-chrome-y-firefox\\\/#article\",\"isPartOf\":{\"@id\":\"https:\\\/\\\/www.eldiariodetucuman.com\\\/web\\\/como-saber-que-datos-compartis-en-facebook-instagram-twitter-chrome-y-firefox\\\/\"},\"author\":{\"name\":\"eldiario detucuman\",\"@id\":\"https:\\\/\\\/www.eldiariodetucuman.com\\\/web\\\/#\\\/schema\\\/person\\\/6f95946e54fde848b878ffa4928071d5\"},\"headline\":\"C\u00f3mo saber qu\u00e9 datos compart\u00eds en Facebook, Instagram, Twitter, Chrome y Firefox\",\"datePublished\":\"2018-03-25T15:55:22+00:00\",\"mainEntityOfPage\":{\"@id\":\"https:\\\/\\\/www.eldiariodetucuman.com\\\/web\\\/como-saber-que-datos-compartis-en-facebook-instagram-twitter-chrome-y-firefox\\\/\"},\"wordCount\":556,\"commentCount\":0,\"publisher\":{\"@id\":\"https:\\\/\\\/www.eldiariodetucuman.com\\\/web\\\/#organization\"},\"image\":{\"@id\":\"https:\\\/\\\/www.eldiariodetucuman.com\\\/web\\\/como-saber-que-datos-compartis-en-facebook-instagram-twitter-chrome-y-firefox\\\/#primaryimage\"},\"thumbnailUrl\":\"https:\\\/\\\/www.eldiariodetucuman.com\\\/web\\\/wp-content\\\/uploads\\\/2018\\\/03\\\/41fdaaebf0670f272191de47e88ee5ec.jpeg\",\"articleSection\":[\"ciencia y tecnologia\"],\"inLanguage\":\"es\",\"potentialAction\":[{\"@type\":\"CommentAction\",\"name\":\"Comment\",\"target\":[\"https:\\\/\\\/www.eldiariodetucuman.com\\\/web\\\/como-saber-que-datos-compartis-en-facebook-instagram-twitter-chrome-y-firefox\\\/#respond\"]}]},{\"@type\":\"WebPage\",\"@id\":\"https:\\\/\\\/www.eldiariodetucuman.com\\\/web\\\/como-saber-que-datos-compartis-en-facebook-instagram-twitter-chrome-y-firefox\\\/\",\"url\":\"https:\\\/\\\/www.eldiariodetucuman.com\\\/web\\\/como-saber-que-datos-compartis-en-facebook-instagram-twitter-chrome-y-firefox\\\/\",\"name\":\"C\u00f3mo saber qu\u00e9 datos compart\u00eds en Facebook, Instagram, Twitter, Chrome y Firefox - El Diario de Tucuman\",\"isPartOf\":{\"@id\":\"https:\\\/\\\/www.eldiariodetucuman.com\\\/web\\\/#website\"},\"primaryImageOfPage\":{\"@id\":\"https:\\\/\\\/www.eldiariodetucuman.com\\\/web\\\/como-saber-que-datos-compartis-en-facebook-instagram-twitter-chrome-y-firefox\\\/#primaryimage\"},\"image\":{\"@id\":\"https:\\\/\\\/www.eldiariodetucuman.com\\\/web\\\/como-saber-que-datos-compartis-en-facebook-instagram-twitter-chrome-y-firefox\\\/#primaryimage\"},\"thumbnailUrl\":\"https:\\\/\\\/www.eldiariodetucuman.com\\\/web\\\/wp-content\\\/uploads\\\/2018\\\/03\\\/41fdaaebf0670f272191de47e88ee5ec.jpeg\",\"datePublished\":\"2018-03-25T15:55:22+00:00\",\"breadcrumb\":{\"@id\":\"https:\\\/\\\/www.eldiariodetucuman.com\\\/web\\\/como-saber-que-datos-compartis-en-facebook-instagram-twitter-chrome-y-firefox\\\/#breadcrumb\"},\"inLanguage\":\"es\",\"potentialAction\":[{\"@type\":\"ReadAction\",\"target\":[\"https:\\\/\\\/www.eldiariodetucuman.com\\\/web\\\/como-saber-que-datos-compartis-en-facebook-instagram-twitter-chrome-y-firefox\\\/\"]}]},{\"@type\":\"ImageObject\",\"inLanguage\":\"es\",\"@id\":\"https:\\\/\\\/www.eldiariodetucuman.com\\\/web\\\/como-saber-que-datos-compartis-en-facebook-instagram-twitter-chrome-y-firefox\\\/#primaryimage\",\"url\":\"https:\\\/\\\/www.eldiariodetucuman.com\\\/web\\\/wp-content\\\/uploads\\\/2018\\\/03\\\/41fdaaebf0670f272191de47e88ee5ec.jpeg\",\"contentUrl\":\"https:\\\/\\\/www.eldiariodetucuman.com\\\/web\\\/wp-content\\\/uploads\\\/2018\\\/03\\\/41fdaaebf0670f272191de47e88ee5ec.jpeg\",\"width\":1032,\"height\":688},{\"@type\":\"BreadcrumbList\",\"@id\":\"https:\\\/\\\/www.eldiariodetucuman.com\\\/web\\\/como-saber-que-datos-compartis-en-facebook-instagram-twitter-chrome-y-firefox\\\/#breadcrumb\",\"itemListElement\":[{\"@type\":\"ListItem\",\"position\":1,\"name\":\"Portada\",\"item\":\"https:\\\/\\\/www.eldiariodetucuman.com\\\/web\\\/\"},{\"@type\":\"ListItem\",\"position\":2,\"name\":\"C\u00f3mo saber qu\u00e9 datos compart\u00eds en Facebook, Instagram, Twitter, Chrome y Firefox\"}]},{\"@type\":\"WebSite\",\"@id\":\"https:\\\/\\\/www.eldiariodetucuman.com\\\/web\\\/#website\",\"url\":\"https:\\\/\\\/www.eldiariodetucuman.com\\\/web\\\/\",\"name\":\"El Diario de Tucuman\",\"description\":\"Diario Tucuman - Informaci\u00f3n y noticias\",\"publisher\":{\"@id\":\"https:\\\/\\\/www.eldiariodetucuman.com\\\/web\\\/#organization\"},\"potentialAction\":[{\"@type\":\"SearchAction\",\"target\":{\"@type\":\"EntryPoint\",\"urlTemplate\":\"https:\\\/\\\/www.eldiariodetucuman.com\\\/web\\\/?s={search_term_string}\"},\"query-input\":{\"@type\":\"PropertyValueSpecification\",\"valueRequired\":true,\"valueName\":\"search_term_string\"}}],\"inLanguage\":\"es\"},{\"@type\":\"Organization\",\"@id\":\"https:\\\/\\\/www.eldiariodetucuman.com\\\/web\\\/#organization\",\"name\":\"El Diario de Tucuman\",\"url\":\"https:\\\/\\\/www.eldiariodetucuman.com\\\/web\\\/\",\"logo\":{\"@type\":\"ImageObject\",\"inLanguage\":\"es\",\"@id\":\"https:\\\/\\\/www.eldiariodetucuman.com\\\/web\\\/#\\\/schema\\\/logo\\\/image\\\/\",\"url\":\"http:\\\/\\\/www.eldiariodetucuman.com\\\/web\\\/wp-content\\\/uploads\\\/2017\\\/12\\\/el-diario-de-tucuman.jpg\",\"contentUrl\":\"http:\\\/\\\/www.eldiariodetucuman.com\\\/web\\\/wp-content\\\/uploads\\\/2017\\\/12\\\/el-diario-de-tucuman.jpg\",\"width\":272,\"height\":92,\"caption\":\"El Diario de Tucuman\"},\"image\":{\"@id\":\"https:\\\/\\\/www.eldiariodetucuman.com\\\/web\\\/#\\\/schema\\\/logo\\\/image\\\/\"}},{\"@type\":\"Person\",\"@id\":\"https:\\\/\\\/www.eldiariodetucuman.com\\\/web\\\/#\\\/schema\\\/person\\\/6f95946e54fde848b878ffa4928071d5\",\"name\":\"eldiario detucuman\",\"image\":{\"@type\":\"ImageObject\",\"inLanguage\":\"es\",\"@id\":\"https:\\\/\\\/secure.gravatar.com\\\/avatar\\\/b6e1f89c5c4044c4962c8e6c20b1ca2cc99f549c965908afd4ec5308b3f51bfe?s=96&d=mm&r=g\",\"url\":\"https:\\\/\\\/secure.gravatar.com\\\/avatar\\\/b6e1f89c5c4044c4962c8e6c20b1ca2cc99f549c965908afd4ec5308b3f51bfe?s=96&d=mm&r=g\",\"contentUrl\":\"https:\\\/\\\/secure.gravatar.com\\\/avatar\\\/b6e1f89c5c4044c4962c8e6c20b1ca2cc99f549c965908afd4ec5308b3f51bfe?s=96&d=mm&r=g\",\"caption\":\"eldiario detucuman\"},\"url\":\"https:\\\/\\\/www.eldiariodetucuman.com\\\/web\\\/author\\\/eldiariodetucuman\\\/\"}]}<\/script>\n<!-- \/ Yoast SEO plugin. -->","yoast_head_json":{"title":"C\u00f3mo saber qu\u00e9 datos compart\u00eds en Facebook, Instagram, Twitter, Chrome y Firefox - El Diario de Tucuman","robots":{"index":"index","follow":"follow","max-snippet":"max-snippet:-1","max-image-preview":"max-image-preview:large","max-video-preview":"max-video-preview:-1"},"canonical":"https:\/\/www.eldiariodetucuman.com\/web\/como-saber-que-datos-compartis-en-facebook-instagram-twitter-chrome-y-firefox\/","og_locale":"es_ES","og_type":"article","og_title":"C\u00f3mo saber qu\u00e9 datos compart\u00eds en Facebook, Instagram, Twitter, Chrome y Firefox - El Diario de Tucuman","og_description":"El esc\u00e1ndalo de Facebook con la manipulaci\u00f3n de datos deriv\u00f3 en un inter\u00e9s por conocer c\u00f3mo el resto de las plataformas y servicios on line acceden a la informaci\u00f3n personal de los usuarios Fuente: EFE Cada aplicaci\u00f3n que se instala en una red social, ya sea Facebook , Instagram o Twitter , solicita permisos que [&hellip;]","og_url":"https:\/\/www.eldiariodetucuman.com\/web\/como-saber-que-datos-compartis-en-facebook-instagram-twitter-chrome-y-firefox\/","og_site_name":"El Diario de Tucuman","article_published_time":"2018-03-25T15:55:22+00:00","og_image":[{"width":1032,"height":688,"url":"https:\/\/www.eldiariodetucuman.com\/web\/wp-content\/uploads\/2018\/03\/41fdaaebf0670f272191de47e88ee5ec.jpeg","type":"image\/jpeg"}],"author":"eldiario detucuman","twitter_card":"summary_large_image","twitter_misc":{"Escrito por":"eldiario detucuman","Tiempo de lectura":"3 minutos"},"schema":{"@context":"https:\/\/schema.org","@graph":[{"@type":"Article","@id":"https:\/\/www.eldiariodetucuman.com\/web\/como-saber-que-datos-compartis-en-facebook-instagram-twitter-chrome-y-firefox\/#article","isPartOf":{"@id":"https:\/\/www.eldiariodetucuman.com\/web\/como-saber-que-datos-compartis-en-facebook-instagram-twitter-chrome-y-firefox\/"},"author":{"name":"eldiario detucuman","@id":"https:\/\/www.eldiariodetucuman.com\/web\/#\/schema\/person\/6f95946e54fde848b878ffa4928071d5"},"headline":"C\u00f3mo saber qu\u00e9 datos compart\u00eds en Facebook, Instagram, Twitter, Chrome y Firefox","datePublished":"2018-03-25T15:55:22+00:00","mainEntityOfPage":{"@id":"https:\/\/www.eldiariodetucuman.com\/web\/como-saber-que-datos-compartis-en-facebook-instagram-twitter-chrome-y-firefox\/"},"wordCount":556,"commentCount":0,"publisher":{"@id":"https:\/\/www.eldiariodetucuman.com\/web\/#organization"},"image":{"@id":"https:\/\/www.eldiariodetucuman.com\/web\/como-saber-que-datos-compartis-en-facebook-instagram-twitter-chrome-y-firefox\/#primaryimage"},"thumbnailUrl":"https:\/\/www.eldiariodetucuman.com\/web\/wp-content\/uploads\/2018\/03\/41fdaaebf0670f272191de47e88ee5ec.jpeg","articleSection":["ciencia y tecnologia"],"inLanguage":"es","potentialAction":[{"@type":"CommentAction","name":"Comment","target":["https:\/\/www.eldiariodetucuman.com\/web\/como-saber-que-datos-compartis-en-facebook-instagram-twitter-chrome-y-firefox\/#respond"]}]},{"@type":"WebPage","@id":"https:\/\/www.eldiariodetucuman.com\/web\/como-saber-que-datos-compartis-en-facebook-instagram-twitter-chrome-y-firefox\/","url":"https:\/\/www.eldiariodetucuman.com\/web\/como-saber-que-datos-compartis-en-facebook-instagram-twitter-chrome-y-firefox\/","name":"C\u00f3mo saber qu\u00e9 datos compart\u00eds en Facebook, Instagram, Twitter, Chrome y Firefox - El Diario de Tucuman","isPartOf":{"@id":"https:\/\/www.eldiariodetucuman.com\/web\/#website"},"primaryImageOfPage":{"@id":"https:\/\/www.eldiariodetucuman.com\/web\/como-saber-que-datos-compartis-en-facebook-instagram-twitter-chrome-y-firefox\/#primaryimage"},"image":{"@id":"https:\/\/www.eldiariodetucuman.com\/web\/como-saber-que-datos-compartis-en-facebook-instagram-twitter-chrome-y-firefox\/#primaryimage"},"thumbnailUrl":"https:\/\/www.eldiariodetucuman.com\/web\/wp-content\/uploads\/2018\/03\/41fdaaebf0670f272191de47e88ee5ec.jpeg","datePublished":"2018-03-25T15:55:22+00:00","breadcrumb":{"@id":"https:\/\/www.eldiariodetucuman.com\/web\/como-saber-que-datos-compartis-en-facebook-instagram-twitter-chrome-y-firefox\/#breadcrumb"},"inLanguage":"es","potentialAction":[{"@type":"ReadAction","target":["https:\/\/www.eldiariodetucuman.com\/web\/como-saber-que-datos-compartis-en-facebook-instagram-twitter-chrome-y-firefox\/"]}]},{"@type":"ImageObject","inLanguage":"es","@id":"https:\/\/www.eldiariodetucuman.com\/web\/como-saber-que-datos-compartis-en-facebook-instagram-twitter-chrome-y-firefox\/#primaryimage","url":"https:\/\/www.eldiariodetucuman.com\/web\/wp-content\/uploads\/2018\/03\/41fdaaebf0670f272191de47e88ee5ec.jpeg","contentUrl":"https:\/\/www.eldiariodetucuman.com\/web\/wp-content\/uploads\/2018\/03\/41fdaaebf0670f272191de47e88ee5ec.jpeg","width":1032,"height":688},{"@type":"BreadcrumbList","@id":"https:\/\/www.eldiariodetucuman.com\/web\/como-saber-que-datos-compartis-en-facebook-instagram-twitter-chrome-y-firefox\/#breadcrumb","itemListElement":[{"@type":"ListItem","position":1,"name":"Portada","item":"https:\/\/www.eldiariodetucuman.com\/web\/"},{"@type":"ListItem","position":2,"name":"C\u00f3mo saber qu\u00e9 datos compart\u00eds en Facebook, Instagram, Twitter, Chrome y Firefox"}]},{"@type":"WebSite","@id":"https:\/\/www.eldiariodetucuman.com\/web\/#website","url":"https:\/\/www.eldiariodetucuman.com\/web\/","name":"El Diario de Tucuman","description":"Diario Tucuman - Informaci\u00f3n y noticias","publisher":{"@id":"https:\/\/www.eldiariodetucuman.com\/web\/#organization"},"potentialAction":[{"@type":"SearchAction","target":{"@type":"EntryPoint","urlTemplate":"https:\/\/www.eldiariodetucuman.com\/web\/?s={search_term_string}"},"query-input":{"@type":"PropertyValueSpecification","valueRequired":true,"valueName":"search_term_string"}}],"inLanguage":"es"},{"@type":"Organization","@id":"https:\/\/www.eldiariodetucuman.com\/web\/#organization","name":"El Diario de Tucuman","url":"https:\/\/www.eldiariodetucuman.com\/web\/","logo":{"@type":"ImageObject","inLanguage":"es","@id":"https:\/\/www.eldiariodetucuman.com\/web\/#\/schema\/logo\/image\/","url":"http:\/\/www.eldiariodetucuman.com\/web\/wp-content\/uploads\/2017\/12\/el-diario-de-tucuman.jpg","contentUrl":"http:\/\/www.eldiariodetucuman.com\/web\/wp-content\/uploads\/2017\/12\/el-diario-de-tucuman.jpg","width":272,"height":92,"caption":"El Diario de Tucuman"},"image":{"@id":"https:\/\/www.eldiariodetucuman.com\/web\/#\/schema\/logo\/image\/"}},{"@type":"Person","@id":"https:\/\/www.eldiariodetucuman.com\/web\/#\/schema\/person\/6f95946e54fde848b878ffa4928071d5","name":"eldiario detucuman","image":{"@type":"ImageObject","inLanguage":"es","@id":"https:\/\/secure.gravatar.com\/avatar\/b6e1f89c5c4044c4962c8e6c20b1ca2cc99f549c965908afd4ec5308b3f51bfe?s=96&d=mm&r=g","url":"https:\/\/secure.gravatar.com\/avatar\/b6e1f89c5c4044c4962c8e6c20b1ca2cc99f549c965908afd4ec5308b3f51bfe?s=96&d=mm&r=g","contentUrl":"https:\/\/secure.gravatar.com\/avatar\/b6e1f89c5c4044c4962c8e6c20b1ca2cc99f549c965908afd4ec5308b3f51bfe?s=96&d=mm&r=g","caption":"eldiario detucuman"},"url":"https:\/\/www.eldiariodetucuman.com\/web\/author\/eldiariodetucuman\/"}]}},"_links":{"self":[{"href":"https:\/\/www.eldiariodetucuman.com\/web\/wp-json\/wp\/v2\/posts\/7432","targetHints":{"allow":["GET"]}}],"collection":[{"href":"https:\/\/www.eldiariodetucuman.com\/web\/wp-json\/wp\/v2\/posts"}],"about":[{"href":"https:\/\/www.eldiariodetucuman.com\/web\/wp-json\/wp\/v2\/types\/post"}],"author":[{"embeddable":true,"href":"https:\/\/www.eldiariodetucuman.com\/web\/wp-json\/wp\/v2\/users\/4"}],"replies":[{"embeddable":true,"href":"https:\/\/www.eldiariodetucuman.com\/web\/wp-json\/wp\/v2\/comments?post=7432"}],"version-history":[{"count":0,"href":"https:\/\/www.eldiariodetucuman.com\/web\/wp-json\/wp\/v2\/posts\/7432\/revisions"}],"wp:featuredmedia":[{"embeddable":true,"href":"https:\/\/www.eldiariodetucuman.com\/web\/wp-json\/wp\/v2\/media\/7433"}],"wp:attachment":[{"href":"https:\/\/www.eldiariodetucuman.com\/web\/wp-json\/wp\/v2\/media?parent=7432"}],"wp:term":[{"taxonomy":"category","embeddable":true,"href":"https:\/\/www.eldiariodetucuman.com\/web\/wp-json\/wp\/v2\/categories?post=7432"},{"taxonomy":"post_tag","embeddable":true,"href":"https:\/\/www.eldiariodetucuman.com\/web\/wp-json\/wp\/v2\/tags?post=7432"}],"curies":[{"name":"wp","href":"https:\/\/api.w.org\/{rel}","templated":true}]}}