{"id":7430,"date":"2018-03-25T12:51:48","date_gmt":"2018-03-25T15:51:48","guid":{"rendered":"http:\/\/www.eldiariodetucuman.com\/web\/policia-abatio-a-loco-que-decia-ser-del-isis-y-mato-a-tres-personas-en-francia\/"},"modified":"2018-03-25T12:51:48","modified_gmt":"2018-03-25T15:51:48","slug":"policia-abatio-a-loco-que-decia-ser-del-isis-y-mato-a-tres-personas-en-francia","status":"publish","type":"post","link":"https:\/\/www.eldiariodetucuman.com\/web\/policia-abatio-a-loco-que-decia-ser-del-isis-y-mato-a-tres-personas-en-francia\/","title":{"rendered":"Polic\u00eda abati\u00f3 a loco que dec\u00eda ser del ISIS y mat\u00f3 a tres personas en Francia"},"content":{"rendered":"<div>\n<div itemprop=\"articleBody\" readability=\"152.51428571429\">\n<p>La polic\u00eda francesa abati\u00f3 al hombre que mat\u00f3 a por lo menos tres personas e hiri\u00f3 a varias m\u00e1s en un mort\u00edfero recorrido que termin\u00f3 con una toma de rehenes en un supermercado del sur de   <a href=\"https:\/\/www.cronica.com.ar\/tags\/Francia\">Francia<\/a>, indicaron fuentes de seguridad.<\/p>\n<p>Un polic\u00eda que particip\u00f3 en la liberaci\u00f3n de todos los rehenes en el Super U de la ciudad de Trebes result\u00f3 herido durante la operaci\u00f3n para matar al atacante, agreg\u00f3 la fuente, que no quiso ser identificada.\u00a0<\/p>\n<p>El alcalde de la ciudad hab\u00eda dicho en un primer momento a Bfmtv que dos personas sufrieron disparos en la toma de rehenes, quienes finalmente murieron.<\/p>\n<p>El hombre hab\u00eda quedado solo dentro del supermercado junto a un polic\u00eda, tras la salida de todas las dem\u00e1s personas que estaban en el lugar, dijo el alcalde <strong>\u00c9ric\u00a0Menassi.<\/strong><\/p>\n<p>Las fuerzas de seguridad respond\u00edan a dos incidentes separados, uno en el supermercado de Trebes y otro en la cercana ciudad de Carcassonne, donde un polic\u00eda fue herido de bala. Sin embargo, no se confirm\u00f3 que los\u00a0hechos estaban vinculados.<\/p>\n<p>En Trebes, el hombre irrumpi\u00f3 en un supermercado Super U a media ma\u00f1ana, y luego se escucharon disparos, dijeron fuentes de seguridad.\u00a0La Fiscal\u00eda local dijo que el hombre reivindic\u00f3 su lealtad al EI.\u00a0<\/p>\n<p>Testigos dijeron que grit\u00f3 <em>\u00absoy un soldado de D\u00e1esh\u00bb<\/em>, uno de los nombres con los que se conoce al EI.<br \/>Autoridades locales tuitearon que la zona est\u00e1 acordonada y vedada al p\u00fablico.<\/p>\n<p>La Fiscal\u00eda antiterrorista inform\u00f3 que los rehenes fueron liberados mientras que un grupo comando entr\u00f3 al supermercado para aniquilar al criminal.<\/p>\n<p>Si se confirma el nexo con el EI, el ataque ser\u00eda el incidente de seguridad m\u00e1s grave desde la elecci\u00f3n del presidente liberal <strong>  <a href=\"https:\/\/www.cronica.com.ar\/tags\/Emmanuel%20Macron\">Emmanuel Macron<\/a><\/strong>, en mayo pasado.<\/p>\n<p><u><strong>Los atentados mortales perpetrados en   <a href=\"https:\/\/www.cronica.com.ar\/tags\/Francia\">Francia<\/a> desde 2015<\/strong><\/u><\/p>\n<p>-1 de octubre: Un tunecino de 29 a\u00f1os, <strong>Ahmed Hanachi<\/strong>, mat\u00f3 a dos mujeres j\u00f3venes ante la estaci\u00f3n Saint-Charles de Marsella (sur) al grito de <em>\u201cAl\u00e1 Akbar\u201d<\/em> (\u2018Al\u00e1 es el mas grande\u2018) antes de ser abatido por militares. El EI reivindic\u00f3 ese ataque. \u00a0\u00a0<\/p>\n<p>&#8211; 20 de abril de 2017: En Par\u00eds, un polic\u00eda, <strong>Xavier Jugel\u00e9<\/strong>, muri\u00f3 a balazos y otros dos resultaron heridos en los Campos El\u00edseos por <strong>Karim Cheurfi<\/strong>, un exconvicto de 39 a\u00f1os, que fue abatido de inmediato por la polic\u00eda. El EI reivindic\u00f3 el atentado poco despu\u00e9s.<\/p>\n<p>&#8211; 26 de julio de 2016: El padre <strong>Jacques Hamel<\/strong>, sacerdote de Saint-Etienne-du-Rouvray, en el norte de   <a href=\"https:\/\/www.cronica.com.ar\/tags\/Francia\">Francia<\/a>, es degollado en su parroquia por dos yihadistas, Abdel Malik Petitjean y Adel Kermiche, luego abatidos por la polic\u00eda. El asesinato fue reivindicado por el EI.<\/p>\n<p>&#8211; 14 de julio de 2016: Un tunecino de 31 a\u00f1os, <strong>Mohamed Lahouaiej-Bouhlel<\/strong>, arremete contra la muchedumbre con un cami\u00f3n poco antes de un espect\u00e1culo de fuegos artificiales de la fiesta nacional francesa en Niza (sureste), matando a 86 personas e hiriendo a m\u00e1s de 400.<strong> <\/strong>Lahouaiej-Bouhlel fue el abatido por la polic\u00eda. El atentado fue reivindicado por el EI. \u00a0<\/p>\n<p>&#8211; 13 de junio de 2016: Un polic\u00eda de Magnanville, en la regi\u00f3n parisina, y su compa\u00f1era empleada de una comisar\u00eda, son asesinados en su domicilio por un yihadista de 25 a\u00f1os, <strong>Larossi Abballa<\/strong>, que hab\u00eda reivindicado su acci\u00f3n en Twitter y Facebook en nombre del EI, fue abatido por el RAID, una unidad de \u00e9lite de la polic\u00eda.<\/p>\n<p>&#8211; 13 de noviembre de 2015:   <a href=\"https:\/\/www.cronica.com.ar\/tags\/Francia\">Francia<\/a> es blanco del peor ataque terrorista de su historia. Un grupo de hombres armados matan a 130 personas y hieren a m\u00e1s de 350 en Par\u00eds, en la sala de conciertos Batacl\u00e1n, en varios bares y restaurantes de la capital y cerca del Estadio de   <a href=\"https:\/\/www.cronica.com.ar\/tags\/Francia\">Francia<\/a>. Los ataques fueron reivindicados por el EI. \u00a0<\/p>\n<p>&#8211; 26 de junio de 2015:<strong> Yassin Salhi<\/strong> mata y decapita a su jefe, <strong>Herv\u00e9 Cornara<\/strong>, en Chassieu, en el sureste de   <a href=\"https:\/\/www.cronica.com.ar\/tags\/Francia\">Francia<\/a>, enarbolando banderas yihadistas e intentando luego hacer explotar una f\u00e1brica embistiendo con una camioneta con bombonas de gas, antes de ser detenido. \u00a0<\/p>\n<p>&#8211; 7-9 de enero de 2015: los hermanos <strong>Ch\u00e9rif <\/strong>y <strong>Said Kouachi<\/strong> matan a 12 personas el 7 de enero en la sede del semanario sat\u00edrico <strong>Charlie Hebdo<\/strong> en Par\u00eds. Tras dos d\u00edas de huida, los dos hombres son abatidos por las fuerzas del orden.\u00a0<\/p>\n<p>&#8211; El 8 de enero,<strong> Amedy Coulibaly <\/strong>mata a una polic\u00eda en Montrouge, en el sur de Par\u00eds. El 9 de enero, toma como rehenes a clientes y empleados de un supermercado k\u00f3sher y mata a cuatro, todos jud\u00edos. Fue abatido en el asalto de la polic\u00eda.\u00a0<\/p>\n<p>Los hermanos <strong>Kouachi <\/strong>reivindicaban pertenecer a la red Al Qaida en la Pen\u00ednsula Ar\u00e1biga (AQPA), Amedy Coulibaly al EI.<\/p>\n<p><strong><u><em>As\u00ed\u00a0trabajaba la polic\u00eda en la zona<\/em><\/u><\/strong><br \/>\u00a0<\/p>\n<p>\u00a0<\/p>\n<\/div>\n<\/div>\n","protected":false},"excerpt":{"rendered":"<p>La polic\u00eda francesa abati\u00f3 al hombre que mat\u00f3 a por lo menos tres personas e hiri\u00f3 a varias m\u00e1s en un mort\u00edfero recorrido que termin\u00f3 con una toma de rehenes en un supermercado del sur de Francia, indicaron fuentes de seguridad. Un polic\u00eda que particip\u00f3 en la liberaci\u00f3n de todos los rehenes en el Super [&hellip;]<\/p>\n","protected":false},"author":4,"featured_media":7431,"comment_status":"open","ping_status":"closed","sticky":false,"template":"","format":"standard","meta":{"footnotes":""},"categories":[194],"tags":[],"class_list":{"0":"post-7430","1":"post","2":"type-post","3":"status-publish","4":"format-standard","5":"has-post-thumbnail","7":"category-internacionales"},"yoast_head":"<!-- This site is optimized with the Yoast SEO plugin v27.4 - https:\/\/yoast.com\/product\/yoast-seo-wordpress\/ -->\n<title>Polic\u00eda abati\u00f3 a loco que dec\u00eda ser del ISIS y mat\u00f3 a tres personas en Francia - El Diario de Tucuman<\/title>\n<meta name=\"robots\" content=\"index, follow, max-snippet:-1, max-image-preview:large, max-video-preview:-1\" \/>\n<link rel=\"canonical\" href=\"https:\/\/www.eldiariodetucuman.com\/web\/policia-abatio-a-loco-que-decia-ser-del-isis-y-mato-a-tres-personas-en-francia\/\" \/>\n<meta property=\"og:locale\" content=\"es_ES\" \/>\n<meta property=\"og:type\" content=\"article\" \/>\n<meta property=\"og:title\" content=\"Polic\u00eda abati\u00f3 a loco que dec\u00eda ser del ISIS y mat\u00f3 a tres personas en Francia - El Diario de Tucuman\" \/>\n<meta property=\"og:description\" content=\"La polic\u00eda francesa abati\u00f3 al hombre que mat\u00f3 a por lo menos tres personas e hiri\u00f3 a varias m\u00e1s en un mort\u00edfero recorrido que termin\u00f3 con una toma de rehenes en un supermercado del sur de Francia, indicaron fuentes de seguridad. Un polic\u00eda que particip\u00f3 en la liberaci\u00f3n de todos los rehenes en el Super [&hellip;]\" \/>\n<meta property=\"og:url\" content=\"https:\/\/www.eldiariodetucuman.com\/web\/policia-abatio-a-loco-que-decia-ser-del-isis-y-mato-a-tres-personas-en-francia\/\" \/>\n<meta property=\"og:site_name\" content=\"El Diario de Tucuman\" \/>\n<meta property=\"article:published_time\" content=\"2018-03-25T15:51:48+00:00\" \/>\n<meta property=\"og:image\" content=\"https:\/\/www.eldiariodetucuman.com\/web\/wp-content\/uploads\/2018\/03\/4b3fb13c8cddf5ff4b416e8a15809dcf.jpeg\" \/>\n\t<meta property=\"og:image:width\" content=\"970\" \/>\n\t<meta property=\"og:image:height\" content=\"546\" \/>\n\t<meta property=\"og:image:type\" content=\"image\/jpeg\" \/>\n<meta name=\"author\" content=\"eldiario detucuman\" \/>\n<meta name=\"twitter:card\" content=\"summary_large_image\" \/>\n<meta name=\"twitter:label1\" content=\"Escrito por\" \/>\n\t<meta name=\"twitter:data1\" content=\"eldiario detucuman\" \/>\n\t<meta name=\"twitter:label2\" content=\"Tiempo de lectura\" \/>\n\t<meta name=\"twitter:data2\" content=\"4 minutos\" \/>\n<script type=\"application\/ld+json\" class=\"yoast-schema-graph\">{\"@context\":\"https:\\\/\\\/schema.org\",\"@graph\":[{\"@type\":\"Article\",\"@id\":\"https:\\\/\\\/www.eldiariodetucuman.com\\\/web\\\/policia-abatio-a-loco-que-decia-ser-del-isis-y-mato-a-tres-personas-en-francia\\\/#article\",\"isPartOf\":{\"@id\":\"https:\\\/\\\/www.eldiariodetucuman.com\\\/web\\\/policia-abatio-a-loco-que-decia-ser-del-isis-y-mato-a-tres-personas-en-francia\\\/\"},\"author\":{\"name\":\"eldiario detucuman\",\"@id\":\"https:\\\/\\\/www.eldiariodetucuman.com\\\/web\\\/#\\\/schema\\\/person\\\/6f95946e54fde848b878ffa4928071d5\"},\"headline\":\"Polic\u00eda abati\u00f3 a loco que dec\u00eda ser del ISIS y mat\u00f3 a tres personas en Francia\",\"datePublished\":\"2018-03-25T15:51:48+00:00\",\"mainEntityOfPage\":{\"@id\":\"https:\\\/\\\/www.eldiariodetucuman.com\\\/web\\\/policia-abatio-a-loco-que-decia-ser-del-isis-y-mato-a-tres-personas-en-francia\\\/\"},\"wordCount\":824,\"commentCount\":0,\"publisher\":{\"@id\":\"https:\\\/\\\/www.eldiariodetucuman.com\\\/web\\\/#organization\"},\"image\":{\"@id\":\"https:\\\/\\\/www.eldiariodetucuman.com\\\/web\\\/policia-abatio-a-loco-que-decia-ser-del-isis-y-mato-a-tres-personas-en-francia\\\/#primaryimage\"},\"thumbnailUrl\":\"https:\\\/\\\/www.eldiariodetucuman.com\\\/web\\\/wp-content\\\/uploads\\\/2018\\\/03\\\/4b3fb13c8cddf5ff4b416e8a15809dcf.jpeg\",\"articleSection\":[\"Internacionales\"],\"inLanguage\":\"es\",\"potentialAction\":[{\"@type\":\"CommentAction\",\"name\":\"Comment\",\"target\":[\"https:\\\/\\\/www.eldiariodetucuman.com\\\/web\\\/policia-abatio-a-loco-que-decia-ser-del-isis-y-mato-a-tres-personas-en-francia\\\/#respond\"]}]},{\"@type\":\"WebPage\",\"@id\":\"https:\\\/\\\/www.eldiariodetucuman.com\\\/web\\\/policia-abatio-a-loco-que-decia-ser-del-isis-y-mato-a-tres-personas-en-francia\\\/\",\"url\":\"https:\\\/\\\/www.eldiariodetucuman.com\\\/web\\\/policia-abatio-a-loco-que-decia-ser-del-isis-y-mato-a-tres-personas-en-francia\\\/\",\"name\":\"Polic\u00eda abati\u00f3 a loco que dec\u00eda ser del ISIS y mat\u00f3 a tres personas en Francia - El Diario de Tucuman\",\"isPartOf\":{\"@id\":\"https:\\\/\\\/www.eldiariodetucuman.com\\\/web\\\/#website\"},\"primaryImageOfPage\":{\"@id\":\"https:\\\/\\\/www.eldiariodetucuman.com\\\/web\\\/policia-abatio-a-loco-que-decia-ser-del-isis-y-mato-a-tres-personas-en-francia\\\/#primaryimage\"},\"image\":{\"@id\":\"https:\\\/\\\/www.eldiariodetucuman.com\\\/web\\\/policia-abatio-a-loco-que-decia-ser-del-isis-y-mato-a-tres-personas-en-francia\\\/#primaryimage\"},\"thumbnailUrl\":\"https:\\\/\\\/www.eldiariodetucuman.com\\\/web\\\/wp-content\\\/uploads\\\/2018\\\/03\\\/4b3fb13c8cddf5ff4b416e8a15809dcf.jpeg\",\"datePublished\":\"2018-03-25T15:51:48+00:00\",\"breadcrumb\":{\"@id\":\"https:\\\/\\\/www.eldiariodetucuman.com\\\/web\\\/policia-abatio-a-loco-que-decia-ser-del-isis-y-mato-a-tres-personas-en-francia\\\/#breadcrumb\"},\"inLanguage\":\"es\",\"potentialAction\":[{\"@type\":\"ReadAction\",\"target\":[\"https:\\\/\\\/www.eldiariodetucuman.com\\\/web\\\/policia-abatio-a-loco-que-decia-ser-del-isis-y-mato-a-tres-personas-en-francia\\\/\"]}]},{\"@type\":\"ImageObject\",\"inLanguage\":\"es\",\"@id\":\"https:\\\/\\\/www.eldiariodetucuman.com\\\/web\\\/policia-abatio-a-loco-que-decia-ser-del-isis-y-mato-a-tres-personas-en-francia\\\/#primaryimage\",\"url\":\"https:\\\/\\\/www.eldiariodetucuman.com\\\/web\\\/wp-content\\\/uploads\\\/2018\\\/03\\\/4b3fb13c8cddf5ff4b416e8a15809dcf.jpeg\",\"contentUrl\":\"https:\\\/\\\/www.eldiariodetucuman.com\\\/web\\\/wp-content\\\/uploads\\\/2018\\\/03\\\/4b3fb13c8cddf5ff4b416e8a15809dcf.jpeg\",\"width\":970,\"height\":546},{\"@type\":\"BreadcrumbList\",\"@id\":\"https:\\\/\\\/www.eldiariodetucuman.com\\\/web\\\/policia-abatio-a-loco-que-decia-ser-del-isis-y-mato-a-tres-personas-en-francia\\\/#breadcrumb\",\"itemListElement\":[{\"@type\":\"ListItem\",\"position\":1,\"name\":\"Portada\",\"item\":\"https:\\\/\\\/www.eldiariodetucuman.com\\\/web\\\/\"},{\"@type\":\"ListItem\",\"position\":2,\"name\":\"Polic\u00eda abati\u00f3 a loco que dec\u00eda ser del ISIS y mat\u00f3 a tres personas en Francia\"}]},{\"@type\":\"WebSite\",\"@id\":\"https:\\\/\\\/www.eldiariodetucuman.com\\\/web\\\/#website\",\"url\":\"https:\\\/\\\/www.eldiariodetucuman.com\\\/web\\\/\",\"name\":\"El Diario de Tucuman\",\"description\":\"Diario Tucuman - Informaci\u00f3n y noticias\",\"publisher\":{\"@id\":\"https:\\\/\\\/www.eldiariodetucuman.com\\\/web\\\/#organization\"},\"potentialAction\":[{\"@type\":\"SearchAction\",\"target\":{\"@type\":\"EntryPoint\",\"urlTemplate\":\"https:\\\/\\\/www.eldiariodetucuman.com\\\/web\\\/?s={search_term_string}\"},\"query-input\":{\"@type\":\"PropertyValueSpecification\",\"valueRequired\":true,\"valueName\":\"search_term_string\"}}],\"inLanguage\":\"es\"},{\"@type\":\"Organization\",\"@id\":\"https:\\\/\\\/www.eldiariodetucuman.com\\\/web\\\/#organization\",\"name\":\"El Diario de Tucuman\",\"url\":\"https:\\\/\\\/www.eldiariodetucuman.com\\\/web\\\/\",\"logo\":{\"@type\":\"ImageObject\",\"inLanguage\":\"es\",\"@id\":\"https:\\\/\\\/www.eldiariodetucuman.com\\\/web\\\/#\\\/schema\\\/logo\\\/image\\\/\",\"url\":\"http:\\\/\\\/www.eldiariodetucuman.com\\\/web\\\/wp-content\\\/uploads\\\/2017\\\/12\\\/el-diario-de-tucuman.jpg\",\"contentUrl\":\"http:\\\/\\\/www.eldiariodetucuman.com\\\/web\\\/wp-content\\\/uploads\\\/2017\\\/12\\\/el-diario-de-tucuman.jpg\",\"width\":272,\"height\":92,\"caption\":\"El Diario de Tucuman\"},\"image\":{\"@id\":\"https:\\\/\\\/www.eldiariodetucuman.com\\\/web\\\/#\\\/schema\\\/logo\\\/image\\\/\"}},{\"@type\":\"Person\",\"@id\":\"https:\\\/\\\/www.eldiariodetucuman.com\\\/web\\\/#\\\/schema\\\/person\\\/6f95946e54fde848b878ffa4928071d5\",\"name\":\"eldiario detucuman\",\"image\":{\"@type\":\"ImageObject\",\"inLanguage\":\"es\",\"@id\":\"https:\\\/\\\/secure.gravatar.com\\\/avatar\\\/b6e1f89c5c4044c4962c8e6c20b1ca2cc99f549c965908afd4ec5308b3f51bfe?s=96&d=mm&r=g\",\"url\":\"https:\\\/\\\/secure.gravatar.com\\\/avatar\\\/b6e1f89c5c4044c4962c8e6c20b1ca2cc99f549c965908afd4ec5308b3f51bfe?s=96&d=mm&r=g\",\"contentUrl\":\"https:\\\/\\\/secure.gravatar.com\\\/avatar\\\/b6e1f89c5c4044c4962c8e6c20b1ca2cc99f549c965908afd4ec5308b3f51bfe?s=96&d=mm&r=g\",\"caption\":\"eldiario detucuman\"},\"url\":\"https:\\\/\\\/www.eldiariodetucuman.com\\\/web\\\/author\\\/eldiariodetucuman\\\/\"}]}<\/script>\n<!-- \/ Yoast SEO plugin. -->","yoast_head_json":{"title":"Polic\u00eda abati\u00f3 a loco que dec\u00eda ser del ISIS y mat\u00f3 a tres personas en Francia - El Diario de Tucuman","robots":{"index":"index","follow":"follow","max-snippet":"max-snippet:-1","max-image-preview":"max-image-preview:large","max-video-preview":"max-video-preview:-1"},"canonical":"https:\/\/www.eldiariodetucuman.com\/web\/policia-abatio-a-loco-que-decia-ser-del-isis-y-mato-a-tres-personas-en-francia\/","og_locale":"es_ES","og_type":"article","og_title":"Polic\u00eda abati\u00f3 a loco que dec\u00eda ser del ISIS y mat\u00f3 a tres personas en Francia - El Diario de Tucuman","og_description":"La polic\u00eda francesa abati\u00f3 al hombre que mat\u00f3 a por lo menos tres personas e hiri\u00f3 a varias m\u00e1s en un mort\u00edfero recorrido que termin\u00f3 con una toma de rehenes en un supermercado del sur de Francia, indicaron fuentes de seguridad. Un polic\u00eda que particip\u00f3 en la liberaci\u00f3n de todos los rehenes en el Super [&hellip;]","og_url":"https:\/\/www.eldiariodetucuman.com\/web\/policia-abatio-a-loco-que-decia-ser-del-isis-y-mato-a-tres-personas-en-francia\/","og_site_name":"El Diario de Tucuman","article_published_time":"2018-03-25T15:51:48+00:00","og_image":[{"width":970,"height":546,"url":"https:\/\/www.eldiariodetucuman.com\/web\/wp-content\/uploads\/2018\/03\/4b3fb13c8cddf5ff4b416e8a15809dcf.jpeg","type":"image\/jpeg"}],"author":"eldiario detucuman","twitter_card":"summary_large_image","twitter_misc":{"Escrito por":"eldiario detucuman","Tiempo de lectura":"4 minutos"},"schema":{"@context":"https:\/\/schema.org","@graph":[{"@type":"Article","@id":"https:\/\/www.eldiariodetucuman.com\/web\/policia-abatio-a-loco-que-decia-ser-del-isis-y-mato-a-tres-personas-en-francia\/#article","isPartOf":{"@id":"https:\/\/www.eldiariodetucuman.com\/web\/policia-abatio-a-loco-que-decia-ser-del-isis-y-mato-a-tres-personas-en-francia\/"},"author":{"name":"eldiario detucuman","@id":"https:\/\/www.eldiariodetucuman.com\/web\/#\/schema\/person\/6f95946e54fde848b878ffa4928071d5"},"headline":"Polic\u00eda abati\u00f3 a loco que dec\u00eda ser del ISIS y mat\u00f3 a tres personas en Francia","datePublished":"2018-03-25T15:51:48+00:00","mainEntityOfPage":{"@id":"https:\/\/www.eldiariodetucuman.com\/web\/policia-abatio-a-loco-que-decia-ser-del-isis-y-mato-a-tres-personas-en-francia\/"},"wordCount":824,"commentCount":0,"publisher":{"@id":"https:\/\/www.eldiariodetucuman.com\/web\/#organization"},"image":{"@id":"https:\/\/www.eldiariodetucuman.com\/web\/policia-abatio-a-loco-que-decia-ser-del-isis-y-mato-a-tres-personas-en-francia\/#primaryimage"},"thumbnailUrl":"https:\/\/www.eldiariodetucuman.com\/web\/wp-content\/uploads\/2018\/03\/4b3fb13c8cddf5ff4b416e8a15809dcf.jpeg","articleSection":["Internacionales"],"inLanguage":"es","potentialAction":[{"@type":"CommentAction","name":"Comment","target":["https:\/\/www.eldiariodetucuman.com\/web\/policia-abatio-a-loco-que-decia-ser-del-isis-y-mato-a-tres-personas-en-francia\/#respond"]}]},{"@type":"WebPage","@id":"https:\/\/www.eldiariodetucuman.com\/web\/policia-abatio-a-loco-que-decia-ser-del-isis-y-mato-a-tres-personas-en-francia\/","url":"https:\/\/www.eldiariodetucuman.com\/web\/policia-abatio-a-loco-que-decia-ser-del-isis-y-mato-a-tres-personas-en-francia\/","name":"Polic\u00eda abati\u00f3 a loco que dec\u00eda ser del ISIS y mat\u00f3 a tres personas en Francia - El Diario de Tucuman","isPartOf":{"@id":"https:\/\/www.eldiariodetucuman.com\/web\/#website"},"primaryImageOfPage":{"@id":"https:\/\/www.eldiariodetucuman.com\/web\/policia-abatio-a-loco-que-decia-ser-del-isis-y-mato-a-tres-personas-en-francia\/#primaryimage"},"image":{"@id":"https:\/\/www.eldiariodetucuman.com\/web\/policia-abatio-a-loco-que-decia-ser-del-isis-y-mato-a-tres-personas-en-francia\/#primaryimage"},"thumbnailUrl":"https:\/\/www.eldiariodetucuman.com\/web\/wp-content\/uploads\/2018\/03\/4b3fb13c8cddf5ff4b416e8a15809dcf.jpeg","datePublished":"2018-03-25T15:51:48+00:00","breadcrumb":{"@id":"https:\/\/www.eldiariodetucuman.com\/web\/policia-abatio-a-loco-que-decia-ser-del-isis-y-mato-a-tres-personas-en-francia\/#breadcrumb"},"inLanguage":"es","potentialAction":[{"@type":"ReadAction","target":["https:\/\/www.eldiariodetucuman.com\/web\/policia-abatio-a-loco-que-decia-ser-del-isis-y-mato-a-tres-personas-en-francia\/"]}]},{"@type":"ImageObject","inLanguage":"es","@id":"https:\/\/www.eldiariodetucuman.com\/web\/policia-abatio-a-loco-que-decia-ser-del-isis-y-mato-a-tres-personas-en-francia\/#primaryimage","url":"https:\/\/www.eldiariodetucuman.com\/web\/wp-content\/uploads\/2018\/03\/4b3fb13c8cddf5ff4b416e8a15809dcf.jpeg","contentUrl":"https:\/\/www.eldiariodetucuman.com\/web\/wp-content\/uploads\/2018\/03\/4b3fb13c8cddf5ff4b416e8a15809dcf.jpeg","width":970,"height":546},{"@type":"BreadcrumbList","@id":"https:\/\/www.eldiariodetucuman.com\/web\/policia-abatio-a-loco-que-decia-ser-del-isis-y-mato-a-tres-personas-en-francia\/#breadcrumb","itemListElement":[{"@type":"ListItem","position":1,"name":"Portada","item":"https:\/\/www.eldiariodetucuman.com\/web\/"},{"@type":"ListItem","position":2,"name":"Polic\u00eda abati\u00f3 a loco que dec\u00eda ser del ISIS y mat\u00f3 a tres personas en Francia"}]},{"@type":"WebSite","@id":"https:\/\/www.eldiariodetucuman.com\/web\/#website","url":"https:\/\/www.eldiariodetucuman.com\/web\/","name":"El Diario de Tucuman","description":"Diario Tucuman - Informaci\u00f3n y noticias","publisher":{"@id":"https:\/\/www.eldiariodetucuman.com\/web\/#organization"},"potentialAction":[{"@type":"SearchAction","target":{"@type":"EntryPoint","urlTemplate":"https:\/\/www.eldiariodetucuman.com\/web\/?s={search_term_string}"},"query-input":{"@type":"PropertyValueSpecification","valueRequired":true,"valueName":"search_term_string"}}],"inLanguage":"es"},{"@type":"Organization","@id":"https:\/\/www.eldiariodetucuman.com\/web\/#organization","name":"El Diario de Tucuman","url":"https:\/\/www.eldiariodetucuman.com\/web\/","logo":{"@type":"ImageObject","inLanguage":"es","@id":"https:\/\/www.eldiariodetucuman.com\/web\/#\/schema\/logo\/image\/","url":"http:\/\/www.eldiariodetucuman.com\/web\/wp-content\/uploads\/2017\/12\/el-diario-de-tucuman.jpg","contentUrl":"http:\/\/www.eldiariodetucuman.com\/web\/wp-content\/uploads\/2017\/12\/el-diario-de-tucuman.jpg","width":272,"height":92,"caption":"El Diario de Tucuman"},"image":{"@id":"https:\/\/www.eldiariodetucuman.com\/web\/#\/schema\/logo\/image\/"}},{"@type":"Person","@id":"https:\/\/www.eldiariodetucuman.com\/web\/#\/schema\/person\/6f95946e54fde848b878ffa4928071d5","name":"eldiario detucuman","image":{"@type":"ImageObject","inLanguage":"es","@id":"https:\/\/secure.gravatar.com\/avatar\/b6e1f89c5c4044c4962c8e6c20b1ca2cc99f549c965908afd4ec5308b3f51bfe?s=96&d=mm&r=g","url":"https:\/\/secure.gravatar.com\/avatar\/b6e1f89c5c4044c4962c8e6c20b1ca2cc99f549c965908afd4ec5308b3f51bfe?s=96&d=mm&r=g","contentUrl":"https:\/\/secure.gravatar.com\/avatar\/b6e1f89c5c4044c4962c8e6c20b1ca2cc99f549c965908afd4ec5308b3f51bfe?s=96&d=mm&r=g","caption":"eldiario detucuman"},"url":"https:\/\/www.eldiariodetucuman.com\/web\/author\/eldiariodetucuman\/"}]}},"_links":{"self":[{"href":"https:\/\/www.eldiariodetucuman.com\/web\/wp-json\/wp\/v2\/posts\/7430","targetHints":{"allow":["GET"]}}],"collection":[{"href":"https:\/\/www.eldiariodetucuman.com\/web\/wp-json\/wp\/v2\/posts"}],"about":[{"href":"https:\/\/www.eldiariodetucuman.com\/web\/wp-json\/wp\/v2\/types\/post"}],"author":[{"embeddable":true,"href":"https:\/\/www.eldiariodetucuman.com\/web\/wp-json\/wp\/v2\/users\/4"}],"replies":[{"embeddable":true,"href":"https:\/\/www.eldiariodetucuman.com\/web\/wp-json\/wp\/v2\/comments?post=7430"}],"version-history":[{"count":0,"href":"https:\/\/www.eldiariodetucuman.com\/web\/wp-json\/wp\/v2\/posts\/7430\/revisions"}],"wp:featuredmedia":[{"embeddable":true,"href":"https:\/\/www.eldiariodetucuman.com\/web\/wp-json\/wp\/v2\/media\/7431"}],"wp:attachment":[{"href":"https:\/\/www.eldiariodetucuman.com\/web\/wp-json\/wp\/v2\/media?parent=7430"}],"wp:term":[{"taxonomy":"category","embeddable":true,"href":"https:\/\/www.eldiariodetucuman.com\/web\/wp-json\/wp\/v2\/categories?post=7430"},{"taxonomy":"post_tag","embeddable":true,"href":"https:\/\/www.eldiariodetucuman.com\/web\/wp-json\/wp\/v2\/tags?post=7430"}],"curies":[{"name":"wp","href":"https:\/\/api.w.org\/{rel}","templated":true}]}}