{"id":7428,"date":"2018-03-25T12:51:42","date_gmt":"2018-03-25T15:51:42","guid":{"rendered":"http:\/\/www.eldiariodetucuman.com\/web\/martin-vizcarra-agarro-un-hierro-caliente-en-peru\/"},"modified":"2018-03-25T12:51:42","modified_gmt":"2018-03-25T15:51:42","slug":"martin-vizcarra-agarro-un-hierro-caliente-en-peru","status":"publish","type":"post","link":"https:\/\/www.eldiariodetucuman.com\/web\/martin-vizcarra-agarro-un-hierro-caliente-en-peru\/","title":{"rendered":"Mart\u00edn Vizcarra agarr\u00f3 un hierro caliente en Per\u00fa"},"content":{"rendered":"<div>\n<div itemprop=\"articleBody\" readability=\"92\">\n<p>Las inc\u00f3gnitas en torno a qui\u00e9n iba a asumir la presidencia en Per\u00fa se esfumaron no bien regres\u00f3 al pa\u00eds <strong>Mart\u00edn Vizcarra<\/strong>, primer vicepresidente del renunciado <strong>Pedro Pablo Kuczynski<\/strong>. Sin dudarlo, acept\u00f3 el desaf\u00edo y se hizo cargo del hierro caliente que le dejaron.<\/p>\n<p><em>\u201cTengo la certeza de que podemos transformar este dif\u00edcil momento en el nacimiento de una nueva etapa pol\u00edtica donde lo primero sea el Per\u00fa. Quiero transmitirles la enorme fe, el compromiso y el entusiasmo con el cual desarrollaremos esta gran tarea\u201d<\/em>, expres\u00f3 el ingeniero, de 55 a\u00f1os, quien hasta que explot\u00f3 el gobierno de Kuczynski se desempe\u00f1aba como embajador en Canad\u00e1.<\/p>\n<p>Tras recibir el Gran Collar de la Orden El Sol de Per\u00fa y la Orden Al M\u00e9rito por Servicios Distinguidos en el grado de Gran Cruz Especial, el flamante mandatario asegur\u00f3 que tiene claro \u201clo que hay que hacer y c\u00f3mo hacerlo\u201d. <em>\u201cTengo la firmeza, apertura al di\u00e1logo y la determinaci\u00f3n para conducir el pa\u00eds por el camino correcto. Propongo a ustedes, congresistas, y ante todos los peruanos de cualquier ideolog\u00eda y credo, un pacto social que nos comprometa a fin de luchar sin distingo alguno contra la corrupci\u00f3n e impulsar el desarrollo\u201d<\/em>, dijo.<\/p>\n<p>En ese marco, se refiri\u00f3 al conflicto pol\u00edtico que atraviesa el pa\u00eds: <em>\u201cLa Justicia deber\u00e1 actuar con independencia, responsabilidad y celeridad, pero al mismo tiempo lo sucedido debe marcar el punto final de una pol\u00edtica de odio y confrontaci\u00f3n que s\u00f3lo ha perjudicado al pa\u00eds\u201d<\/em>.<\/p>\n<p><u><strong>Renuncia<\/strong><\/u><\/p>\n<p>Mientras Kuczynski amenazaba con retirar su renuncia si el Congreso no la aceptaba tal cual hab\u00eda sido presentada, el Palacio Legislativo aprob\u00f3 la dimisi\u00f3n del mandatario que hab\u00eda asumido en julio de 2016. Durante la sesi\u00f3n, los legisladores emitieron un documento en el que aceptaron la salida, pero con la aclaraci\u00f3n de que <em>\u201cdeploran y rechazan\u201d<\/em> los t\u00e9rminos de la carta enviada por el ex jefe de Estado. La declaraci\u00f3n, adem\u00e1s, asegura que Kuczynski incurri\u00f3 en hechos por los que cay\u00f3 en <em>\u201cincapacidad moral\u201d<\/em>.<\/p>\n<p><u><strong>D\u00eda clave para Kuczynski<\/strong><\/u><\/p>\n<p>Haber dejado la presidencia no implica que se hayan acabado los problemas para Pedro Pablo Kuczynski. La Justicia peruana va a analizar hoy el pedido para que se le proh\u00edba la salida del pa\u00eds. Investigado por los pagos realizados por la constructora brasile\u00f1a Odebrecht por asesor\u00edas, un tribunal analizar\u00e1 la solicitud de la fiscal\u00eda, que entendi\u00f3 que las explicaciones del ahora ex mandatario sobre su participaci\u00f3n en esos v\u00ednculos no fueron convincentes.<\/p>\n<p>Es que Kuczynski dijo no saber de d\u00f3nde hab\u00edan llegado los tres millones de d\u00f3lares que recibieron su empresa, Westfield Capital, y First Capital, de su socio Gerardo Sep\u00falveda, cuando fue ministro de Econom\u00eda y presidente del Consejo de Ministros del gobierno de Alejandro Toledo.Por eso, el ex mandatario es investigado por el delito de lavado de activos.<\/p>\n<\/div>\n<\/div>\n","protected":false},"excerpt":{"rendered":"<p>Las inc\u00f3gnitas en torno a qui\u00e9n iba a asumir la presidencia en Per\u00fa se esfumaron no bien regres\u00f3 al pa\u00eds Mart\u00edn Vizcarra, primer vicepresidente del renunciado Pedro Pablo Kuczynski. Sin dudarlo, acept\u00f3 el desaf\u00edo y se hizo cargo del hierro caliente que le dejaron. \u201cTengo la certeza de que podemos transformar este dif\u00edcil momento en [&hellip;]<\/p>\n","protected":false},"author":4,"featured_media":7429,"comment_status":"open","ping_status":"closed","sticky":false,"template":"","format":"standard","meta":{"footnotes":""},"categories":[194],"tags":[],"class_list":{"0":"post-7428","1":"post","2":"type-post","3":"status-publish","4":"format-standard","5":"has-post-thumbnail","7":"category-internacionales"},"yoast_head":"<!-- This site is optimized with the Yoast SEO plugin v27.4 - https:\/\/yoast.com\/product\/yoast-seo-wordpress\/ -->\n<title>Mart\u00edn Vizcarra agarr\u00f3 un hierro caliente en Per\u00fa - El Diario de Tucuman<\/title>\n<meta name=\"robots\" content=\"index, follow, max-snippet:-1, max-image-preview:large, max-video-preview:-1\" \/>\n<link rel=\"canonical\" href=\"https:\/\/www.eldiariodetucuman.com\/web\/martin-vizcarra-agarro-un-hierro-caliente-en-peru\/\" \/>\n<meta property=\"og:locale\" content=\"es_ES\" \/>\n<meta property=\"og:type\" content=\"article\" \/>\n<meta property=\"og:title\" content=\"Mart\u00edn Vizcarra agarr\u00f3 un hierro caliente en Per\u00fa - El Diario de Tucuman\" \/>\n<meta property=\"og:description\" content=\"Las inc\u00f3gnitas en torno a qui\u00e9n iba a asumir la presidencia en Per\u00fa se esfumaron no bien regres\u00f3 al pa\u00eds Mart\u00edn Vizcarra, primer vicepresidente del renunciado Pedro Pablo Kuczynski. Sin dudarlo, acept\u00f3 el desaf\u00edo y se hizo cargo del hierro caliente que le dejaron. \u201cTengo la certeza de que podemos transformar este dif\u00edcil momento en [&hellip;]\" \/>\n<meta property=\"og:url\" content=\"https:\/\/www.eldiariodetucuman.com\/web\/martin-vizcarra-agarro-un-hierro-caliente-en-peru\/\" \/>\n<meta property=\"og:site_name\" content=\"El Diario de Tucuman\" \/>\n<meta property=\"article:published_time\" content=\"2018-03-25T15:51:42+00:00\" \/>\n<meta property=\"og:image\" content=\"https:\/\/www.eldiariodetucuman.com\/web\/wp-content\/uploads\/2018\/03\/0659a6c31c6416afe91afdb5f673151f.jpeg\" \/>\n\t<meta property=\"og:image:width\" content=\"970\" \/>\n\t<meta property=\"og:image:height\" content=\"546\" \/>\n\t<meta property=\"og:image:type\" content=\"image\/jpeg\" \/>\n<meta name=\"author\" content=\"eldiario detucuman\" \/>\n<meta name=\"twitter:card\" content=\"summary_large_image\" \/>\n<meta name=\"twitter:label1\" content=\"Escrito por\" \/>\n\t<meta name=\"twitter:data1\" content=\"eldiario detucuman\" \/>\n\t<meta name=\"twitter:label2\" content=\"Tiempo de lectura\" \/>\n\t<meta name=\"twitter:data2\" content=\"3 minutos\" \/>\n<script type=\"application\/ld+json\" class=\"yoast-schema-graph\">{\"@context\":\"https:\\\/\\\/schema.org\",\"@graph\":[{\"@type\":\"Article\",\"@id\":\"https:\\\/\\\/www.eldiariodetucuman.com\\\/web\\\/martin-vizcarra-agarro-un-hierro-caliente-en-peru\\\/#article\",\"isPartOf\":{\"@id\":\"https:\\\/\\\/www.eldiariodetucuman.com\\\/web\\\/martin-vizcarra-agarro-un-hierro-caliente-en-peru\\\/\"},\"author\":{\"name\":\"eldiario detucuman\",\"@id\":\"https:\\\/\\\/www.eldiariodetucuman.com\\\/web\\\/#\\\/schema\\\/person\\\/6f95946e54fde848b878ffa4928071d5\"},\"headline\":\"Mart\u00edn Vizcarra agarr\u00f3 un hierro caliente en Per\u00fa\",\"datePublished\":\"2018-03-25T15:51:42+00:00\",\"mainEntityOfPage\":{\"@id\":\"https:\\\/\\\/www.eldiariodetucuman.com\\\/web\\\/martin-vizcarra-agarro-un-hierro-caliente-en-peru\\\/\"},\"wordCount\":514,\"commentCount\":0,\"publisher\":{\"@id\":\"https:\\\/\\\/www.eldiariodetucuman.com\\\/web\\\/#organization\"},\"image\":{\"@id\":\"https:\\\/\\\/www.eldiariodetucuman.com\\\/web\\\/martin-vizcarra-agarro-un-hierro-caliente-en-peru\\\/#primaryimage\"},\"thumbnailUrl\":\"https:\\\/\\\/www.eldiariodetucuman.com\\\/web\\\/wp-content\\\/uploads\\\/2018\\\/03\\\/0659a6c31c6416afe91afdb5f673151f.jpeg\",\"articleSection\":[\"Internacionales\"],\"inLanguage\":\"es\",\"potentialAction\":[{\"@type\":\"CommentAction\",\"name\":\"Comment\",\"target\":[\"https:\\\/\\\/www.eldiariodetucuman.com\\\/web\\\/martin-vizcarra-agarro-un-hierro-caliente-en-peru\\\/#respond\"]}]},{\"@type\":\"WebPage\",\"@id\":\"https:\\\/\\\/www.eldiariodetucuman.com\\\/web\\\/martin-vizcarra-agarro-un-hierro-caliente-en-peru\\\/\",\"url\":\"https:\\\/\\\/www.eldiariodetucuman.com\\\/web\\\/martin-vizcarra-agarro-un-hierro-caliente-en-peru\\\/\",\"name\":\"Mart\u00edn Vizcarra agarr\u00f3 un hierro caliente en Per\u00fa - El Diario de Tucuman\",\"isPartOf\":{\"@id\":\"https:\\\/\\\/www.eldiariodetucuman.com\\\/web\\\/#website\"},\"primaryImageOfPage\":{\"@id\":\"https:\\\/\\\/www.eldiariodetucuman.com\\\/web\\\/martin-vizcarra-agarro-un-hierro-caliente-en-peru\\\/#primaryimage\"},\"image\":{\"@id\":\"https:\\\/\\\/www.eldiariodetucuman.com\\\/web\\\/martin-vizcarra-agarro-un-hierro-caliente-en-peru\\\/#primaryimage\"},\"thumbnailUrl\":\"https:\\\/\\\/www.eldiariodetucuman.com\\\/web\\\/wp-content\\\/uploads\\\/2018\\\/03\\\/0659a6c31c6416afe91afdb5f673151f.jpeg\",\"datePublished\":\"2018-03-25T15:51:42+00:00\",\"breadcrumb\":{\"@id\":\"https:\\\/\\\/www.eldiariodetucuman.com\\\/web\\\/martin-vizcarra-agarro-un-hierro-caliente-en-peru\\\/#breadcrumb\"},\"inLanguage\":\"es\",\"potentialAction\":[{\"@type\":\"ReadAction\",\"target\":[\"https:\\\/\\\/www.eldiariodetucuman.com\\\/web\\\/martin-vizcarra-agarro-un-hierro-caliente-en-peru\\\/\"]}]},{\"@type\":\"ImageObject\",\"inLanguage\":\"es\",\"@id\":\"https:\\\/\\\/www.eldiariodetucuman.com\\\/web\\\/martin-vizcarra-agarro-un-hierro-caliente-en-peru\\\/#primaryimage\",\"url\":\"https:\\\/\\\/www.eldiariodetucuman.com\\\/web\\\/wp-content\\\/uploads\\\/2018\\\/03\\\/0659a6c31c6416afe91afdb5f673151f.jpeg\",\"contentUrl\":\"https:\\\/\\\/www.eldiariodetucuman.com\\\/web\\\/wp-content\\\/uploads\\\/2018\\\/03\\\/0659a6c31c6416afe91afdb5f673151f.jpeg\",\"width\":970,\"height\":546},{\"@type\":\"BreadcrumbList\",\"@id\":\"https:\\\/\\\/www.eldiariodetucuman.com\\\/web\\\/martin-vizcarra-agarro-un-hierro-caliente-en-peru\\\/#breadcrumb\",\"itemListElement\":[{\"@type\":\"ListItem\",\"position\":1,\"name\":\"Portada\",\"item\":\"https:\\\/\\\/www.eldiariodetucuman.com\\\/web\\\/\"},{\"@type\":\"ListItem\",\"position\":2,\"name\":\"Mart\u00edn Vizcarra agarr\u00f3 un hierro caliente en Per\u00fa\"}]},{\"@type\":\"WebSite\",\"@id\":\"https:\\\/\\\/www.eldiariodetucuman.com\\\/web\\\/#website\",\"url\":\"https:\\\/\\\/www.eldiariodetucuman.com\\\/web\\\/\",\"name\":\"El Diario de Tucuman\",\"description\":\"Diario Tucuman - Informaci\u00f3n y noticias\",\"publisher\":{\"@id\":\"https:\\\/\\\/www.eldiariodetucuman.com\\\/web\\\/#organization\"},\"potentialAction\":[{\"@type\":\"SearchAction\",\"target\":{\"@type\":\"EntryPoint\",\"urlTemplate\":\"https:\\\/\\\/www.eldiariodetucuman.com\\\/web\\\/?s={search_term_string}\"},\"query-input\":{\"@type\":\"PropertyValueSpecification\",\"valueRequired\":true,\"valueName\":\"search_term_string\"}}],\"inLanguage\":\"es\"},{\"@type\":\"Organization\",\"@id\":\"https:\\\/\\\/www.eldiariodetucuman.com\\\/web\\\/#organization\",\"name\":\"El Diario de Tucuman\",\"url\":\"https:\\\/\\\/www.eldiariodetucuman.com\\\/web\\\/\",\"logo\":{\"@type\":\"ImageObject\",\"inLanguage\":\"es\",\"@id\":\"https:\\\/\\\/www.eldiariodetucuman.com\\\/web\\\/#\\\/schema\\\/logo\\\/image\\\/\",\"url\":\"http:\\\/\\\/www.eldiariodetucuman.com\\\/web\\\/wp-content\\\/uploads\\\/2017\\\/12\\\/el-diario-de-tucuman.jpg\",\"contentUrl\":\"http:\\\/\\\/www.eldiariodetucuman.com\\\/web\\\/wp-content\\\/uploads\\\/2017\\\/12\\\/el-diario-de-tucuman.jpg\",\"width\":272,\"height\":92,\"caption\":\"El Diario de Tucuman\"},\"image\":{\"@id\":\"https:\\\/\\\/www.eldiariodetucuman.com\\\/web\\\/#\\\/schema\\\/logo\\\/image\\\/\"}},{\"@type\":\"Person\",\"@id\":\"https:\\\/\\\/www.eldiariodetucuman.com\\\/web\\\/#\\\/schema\\\/person\\\/6f95946e54fde848b878ffa4928071d5\",\"name\":\"eldiario detucuman\",\"image\":{\"@type\":\"ImageObject\",\"inLanguage\":\"es\",\"@id\":\"https:\\\/\\\/secure.gravatar.com\\\/avatar\\\/b6e1f89c5c4044c4962c8e6c20b1ca2cc99f549c965908afd4ec5308b3f51bfe?s=96&d=mm&r=g\",\"url\":\"https:\\\/\\\/secure.gravatar.com\\\/avatar\\\/b6e1f89c5c4044c4962c8e6c20b1ca2cc99f549c965908afd4ec5308b3f51bfe?s=96&d=mm&r=g\",\"contentUrl\":\"https:\\\/\\\/secure.gravatar.com\\\/avatar\\\/b6e1f89c5c4044c4962c8e6c20b1ca2cc99f549c965908afd4ec5308b3f51bfe?s=96&d=mm&r=g\",\"caption\":\"eldiario detucuman\"},\"url\":\"https:\\\/\\\/www.eldiariodetucuman.com\\\/web\\\/author\\\/eldiariodetucuman\\\/\"}]}<\/script>\n<!-- \/ Yoast SEO plugin. -->","yoast_head_json":{"title":"Mart\u00edn Vizcarra agarr\u00f3 un hierro caliente en Per\u00fa - El Diario de Tucuman","robots":{"index":"index","follow":"follow","max-snippet":"max-snippet:-1","max-image-preview":"max-image-preview:large","max-video-preview":"max-video-preview:-1"},"canonical":"https:\/\/www.eldiariodetucuman.com\/web\/martin-vizcarra-agarro-un-hierro-caliente-en-peru\/","og_locale":"es_ES","og_type":"article","og_title":"Mart\u00edn Vizcarra agarr\u00f3 un hierro caliente en Per\u00fa - El Diario de Tucuman","og_description":"Las inc\u00f3gnitas en torno a qui\u00e9n iba a asumir la presidencia en Per\u00fa se esfumaron no bien regres\u00f3 al pa\u00eds Mart\u00edn Vizcarra, primer vicepresidente del renunciado Pedro Pablo Kuczynski. Sin dudarlo, acept\u00f3 el desaf\u00edo y se hizo cargo del hierro caliente que le dejaron. \u201cTengo la certeza de que podemos transformar este dif\u00edcil momento en [&hellip;]","og_url":"https:\/\/www.eldiariodetucuman.com\/web\/martin-vizcarra-agarro-un-hierro-caliente-en-peru\/","og_site_name":"El Diario de Tucuman","article_published_time":"2018-03-25T15:51:42+00:00","og_image":[{"width":970,"height":546,"url":"https:\/\/www.eldiariodetucuman.com\/web\/wp-content\/uploads\/2018\/03\/0659a6c31c6416afe91afdb5f673151f.jpeg","type":"image\/jpeg"}],"author":"eldiario detucuman","twitter_card":"summary_large_image","twitter_misc":{"Escrito por":"eldiario detucuman","Tiempo de lectura":"3 minutos"},"schema":{"@context":"https:\/\/schema.org","@graph":[{"@type":"Article","@id":"https:\/\/www.eldiariodetucuman.com\/web\/martin-vizcarra-agarro-un-hierro-caliente-en-peru\/#article","isPartOf":{"@id":"https:\/\/www.eldiariodetucuman.com\/web\/martin-vizcarra-agarro-un-hierro-caliente-en-peru\/"},"author":{"name":"eldiario detucuman","@id":"https:\/\/www.eldiariodetucuman.com\/web\/#\/schema\/person\/6f95946e54fde848b878ffa4928071d5"},"headline":"Mart\u00edn Vizcarra agarr\u00f3 un hierro caliente en Per\u00fa","datePublished":"2018-03-25T15:51:42+00:00","mainEntityOfPage":{"@id":"https:\/\/www.eldiariodetucuman.com\/web\/martin-vizcarra-agarro-un-hierro-caliente-en-peru\/"},"wordCount":514,"commentCount":0,"publisher":{"@id":"https:\/\/www.eldiariodetucuman.com\/web\/#organization"},"image":{"@id":"https:\/\/www.eldiariodetucuman.com\/web\/martin-vizcarra-agarro-un-hierro-caliente-en-peru\/#primaryimage"},"thumbnailUrl":"https:\/\/www.eldiariodetucuman.com\/web\/wp-content\/uploads\/2018\/03\/0659a6c31c6416afe91afdb5f673151f.jpeg","articleSection":["Internacionales"],"inLanguage":"es","potentialAction":[{"@type":"CommentAction","name":"Comment","target":["https:\/\/www.eldiariodetucuman.com\/web\/martin-vizcarra-agarro-un-hierro-caliente-en-peru\/#respond"]}]},{"@type":"WebPage","@id":"https:\/\/www.eldiariodetucuman.com\/web\/martin-vizcarra-agarro-un-hierro-caliente-en-peru\/","url":"https:\/\/www.eldiariodetucuman.com\/web\/martin-vizcarra-agarro-un-hierro-caliente-en-peru\/","name":"Mart\u00edn Vizcarra agarr\u00f3 un hierro caliente en Per\u00fa - El Diario de Tucuman","isPartOf":{"@id":"https:\/\/www.eldiariodetucuman.com\/web\/#website"},"primaryImageOfPage":{"@id":"https:\/\/www.eldiariodetucuman.com\/web\/martin-vizcarra-agarro-un-hierro-caliente-en-peru\/#primaryimage"},"image":{"@id":"https:\/\/www.eldiariodetucuman.com\/web\/martin-vizcarra-agarro-un-hierro-caliente-en-peru\/#primaryimage"},"thumbnailUrl":"https:\/\/www.eldiariodetucuman.com\/web\/wp-content\/uploads\/2018\/03\/0659a6c31c6416afe91afdb5f673151f.jpeg","datePublished":"2018-03-25T15:51:42+00:00","breadcrumb":{"@id":"https:\/\/www.eldiariodetucuman.com\/web\/martin-vizcarra-agarro-un-hierro-caliente-en-peru\/#breadcrumb"},"inLanguage":"es","potentialAction":[{"@type":"ReadAction","target":["https:\/\/www.eldiariodetucuman.com\/web\/martin-vizcarra-agarro-un-hierro-caliente-en-peru\/"]}]},{"@type":"ImageObject","inLanguage":"es","@id":"https:\/\/www.eldiariodetucuman.com\/web\/martin-vizcarra-agarro-un-hierro-caliente-en-peru\/#primaryimage","url":"https:\/\/www.eldiariodetucuman.com\/web\/wp-content\/uploads\/2018\/03\/0659a6c31c6416afe91afdb5f673151f.jpeg","contentUrl":"https:\/\/www.eldiariodetucuman.com\/web\/wp-content\/uploads\/2018\/03\/0659a6c31c6416afe91afdb5f673151f.jpeg","width":970,"height":546},{"@type":"BreadcrumbList","@id":"https:\/\/www.eldiariodetucuman.com\/web\/martin-vizcarra-agarro-un-hierro-caliente-en-peru\/#breadcrumb","itemListElement":[{"@type":"ListItem","position":1,"name":"Portada","item":"https:\/\/www.eldiariodetucuman.com\/web\/"},{"@type":"ListItem","position":2,"name":"Mart\u00edn Vizcarra agarr\u00f3 un hierro caliente en Per\u00fa"}]},{"@type":"WebSite","@id":"https:\/\/www.eldiariodetucuman.com\/web\/#website","url":"https:\/\/www.eldiariodetucuman.com\/web\/","name":"El Diario de Tucuman","description":"Diario Tucuman - Informaci\u00f3n y noticias","publisher":{"@id":"https:\/\/www.eldiariodetucuman.com\/web\/#organization"},"potentialAction":[{"@type":"SearchAction","target":{"@type":"EntryPoint","urlTemplate":"https:\/\/www.eldiariodetucuman.com\/web\/?s={search_term_string}"},"query-input":{"@type":"PropertyValueSpecification","valueRequired":true,"valueName":"search_term_string"}}],"inLanguage":"es"},{"@type":"Organization","@id":"https:\/\/www.eldiariodetucuman.com\/web\/#organization","name":"El Diario de Tucuman","url":"https:\/\/www.eldiariodetucuman.com\/web\/","logo":{"@type":"ImageObject","inLanguage":"es","@id":"https:\/\/www.eldiariodetucuman.com\/web\/#\/schema\/logo\/image\/","url":"http:\/\/www.eldiariodetucuman.com\/web\/wp-content\/uploads\/2017\/12\/el-diario-de-tucuman.jpg","contentUrl":"http:\/\/www.eldiariodetucuman.com\/web\/wp-content\/uploads\/2017\/12\/el-diario-de-tucuman.jpg","width":272,"height":92,"caption":"El Diario de Tucuman"},"image":{"@id":"https:\/\/www.eldiariodetucuman.com\/web\/#\/schema\/logo\/image\/"}},{"@type":"Person","@id":"https:\/\/www.eldiariodetucuman.com\/web\/#\/schema\/person\/6f95946e54fde848b878ffa4928071d5","name":"eldiario detucuman","image":{"@type":"ImageObject","inLanguage":"es","@id":"https:\/\/secure.gravatar.com\/avatar\/b6e1f89c5c4044c4962c8e6c20b1ca2cc99f549c965908afd4ec5308b3f51bfe?s=96&d=mm&r=g","url":"https:\/\/secure.gravatar.com\/avatar\/b6e1f89c5c4044c4962c8e6c20b1ca2cc99f549c965908afd4ec5308b3f51bfe?s=96&d=mm&r=g","contentUrl":"https:\/\/secure.gravatar.com\/avatar\/b6e1f89c5c4044c4962c8e6c20b1ca2cc99f549c965908afd4ec5308b3f51bfe?s=96&d=mm&r=g","caption":"eldiario detucuman"},"url":"https:\/\/www.eldiariodetucuman.com\/web\/author\/eldiariodetucuman\/"}]}},"_links":{"self":[{"href":"https:\/\/www.eldiariodetucuman.com\/web\/wp-json\/wp\/v2\/posts\/7428","targetHints":{"allow":["GET"]}}],"collection":[{"href":"https:\/\/www.eldiariodetucuman.com\/web\/wp-json\/wp\/v2\/posts"}],"about":[{"href":"https:\/\/www.eldiariodetucuman.com\/web\/wp-json\/wp\/v2\/types\/post"}],"author":[{"embeddable":true,"href":"https:\/\/www.eldiariodetucuman.com\/web\/wp-json\/wp\/v2\/users\/4"}],"replies":[{"embeddable":true,"href":"https:\/\/www.eldiariodetucuman.com\/web\/wp-json\/wp\/v2\/comments?post=7428"}],"version-history":[{"count":0,"href":"https:\/\/www.eldiariodetucuman.com\/web\/wp-json\/wp\/v2\/posts\/7428\/revisions"}],"wp:featuredmedia":[{"embeddable":true,"href":"https:\/\/www.eldiariodetucuman.com\/web\/wp-json\/wp\/v2\/media\/7429"}],"wp:attachment":[{"href":"https:\/\/www.eldiariodetucuman.com\/web\/wp-json\/wp\/v2\/media?parent=7428"}],"wp:term":[{"taxonomy":"category","embeddable":true,"href":"https:\/\/www.eldiariodetucuman.com\/web\/wp-json\/wp\/v2\/categories?post=7428"},{"taxonomy":"post_tag","embeddable":true,"href":"https:\/\/www.eldiariodetucuman.com\/web\/wp-json\/wp\/v2\/tags?post=7428"}],"curies":[{"name":"wp","href":"https:\/\/api.w.org\/{rel}","templated":true}]}}