{"id":7423,"date":"2018-03-25T12:37:14","date_gmt":"2018-03-25T15:37:14","guid":{"rendered":"http:\/\/www.eldiariodetucuman.com\/web\/gracias-a-dios-macri-es-gobierno-sostuvo-chilavert\/"},"modified":"2018-03-25T12:37:16","modified_gmt":"2018-03-25T15:37:16","slug":"gracias-a-dios-macri-es-gobierno-sostuvo-chilavert","status":"publish","type":"post","link":"https:\/\/www.eldiariodetucuman.com\/web\/gracias-a-dios-macri-es-gobierno-sostuvo-chilavert\/","title":{"rendered":"\u00abGracias a Dios, Macri es Gobierno\u00bb, sostuvo Chilavert"},"content":{"rendered":"<div>\n<div readability=\"52.002214839424\">\n<p>El ex arquero de V\u00e9lez Sarsfield y del seleccionado paraguayo, <a href=\"https:\/\/www.elintransigente.com\/noticias\/buscar\/?buscar=Jos%C3%A9+Luis+Chilavert\"><strong>Jos\u00e9 Luis Chilavert<\/strong><\/a>, volvi\u00f3 a ponderar la administraci\u00f3n Cambiemos y agradeci\u00f3 a Dios que el presidente <a href=\"https:\/\/www.elintransigente.com\/noticias\/buscar\/?buscar=Mauricio+Macri\"><strong>Mauricio Macri<\/strong><\/a> est\u00e9 en el Gobierno ya que, seg\u00fan razon\u00f3, \u00abno s\u00f3lo ayuda a la Argentina\u00bb sino a \u00abtoda la regi\u00f3n\u00bb.<\/p>\n<p>En una entrevista concedida al ciclo \u00abIntratables\u00bb, el futbolista asever\u00f3: <strong>\u00abHoy tienen a Macri que gracias a Dios es\u00a0Gobierno porque no s\u00f3lo ayuda a la Argentina sino que ayuda a la regi\u00f3n porque en mi pa\u00eds si hubiera seguido (Fernando) Lugo, Paraguay hoy estar\u00eda devastado\u00bb<\/strong>.\u00a0<\/p>\n<p>En ese sentido, a\u00f1adi\u00f3: \u00abLugo estuvo s\u00f3lo dos a\u00f1os y fue desastroso&#8230;por eso lo han sacado, porque fue lamentable su gesti\u00f3n\u00bb. Acto seguido, volvi\u00f3 a referirse al jefe de Estado argentino y se\u00f1al\u00f3 que tambi\u00e9n \u00e9l \u00abencontr\u00f3 un pa\u00eds devastado\u00bb al asumir su cargo.\u00a0\u00a0<\/p>\n<aside class=\"htmlinline \"><ins class=\"adsbygoogle\" data-ad-format=\"fluid\" data-ad-layout=\"in-article\" data-ad-client=\"ca-pub-7781556717282971\" data-ad-slot=\"9383133609\"><\/ins><br \/>\n<\/aside>\n<p>De ese modo, explic\u00f3 que cuando a \u00abse\u00a0ajusta, la gente humilde sufre\u00bb sin embargo enfatiz\u00f3 que \u00abhay que mirar para adelante, 50 a\u00f1os para adelante\u00bb. Y, siguiendo esa l\u00ednea, sentenci\u00f3:<strong> \u00abLa \u00fanica manera es ajustar\u00bb,\u00a0<\/strong>al tiempo que razon\u00f3 que se debe apuntar\u00a0a ayudar a que la gente humilde \u00absalga de esa situaci\u00f3n de pobreza\u00bb en la que viven.\u00a0<\/p>\n<p>\u00abConozco a Macri porque muchas veces estuve por ir a Boca Juniors y me parece que <strong>es un Presidente que ama su pa\u00eds<\/strong>, que quiere lo mejor y que con el Gobierno que hace, tal vez desde adentro no lo ven, pero <strong>\u00e9l apunta m\u00e1s a ayudar a la gente humilde aunque muchos dicen que gobierna para los poderosos<\/strong>\u00ab.<\/p>\n<p>A modo de cierre, Chilavert se\u00f1al\u00f3 que el mandatario tiene, ciertamente, \u00abuna asignaci\u00f3n pendiente\u00bb. \u00abNo puede ser que a un chico que vende un sandwich lo llevan pr\u00e1cticamente detenido y Crist\u00f3bal L\u00f3pez y compa\u00f1\u00eda est\u00e1n libres&#8230;esas cosas a una persona humilde le chocan, le duelen\u00bb.<br \/>\n\u00a0<\/p>\n<p>\n    <iframe loading=\"lazy\" width=\"560\" height=\"315\" src=\"https:\/\/www.youtube.com\/embed\/AsAWGV7slpw\" frameborder=\"0\" allow=\"autoplay; encrypted-media\" allowfullscreen=\"\"><\/iframe>\n    <\/p>\n<\/div>\n<\/div>\n<p>Fuente: https:\/\/www.elintransigente.com\/politica\/2018\/3\/24\/gracias-dios-macri-es-gobierno-sostuvo-chilavert-483722.html<\/p>\n","protected":false},"excerpt":{"rendered":"<p>El ex arquero de V\u00e9lez Sarsfield y del seleccionado paraguayo, Jos\u00e9 Luis Chilavert, volvi\u00f3 a ponderar la administraci\u00f3n Cambiemos y agradeci\u00f3 a Dios que el presidente Mauricio Macri est\u00e9 en el Gobierno ya que, seg\u00fan razon\u00f3, \u00abno s\u00f3lo ayuda a la Argentina\u00bb sino a \u00abtoda la regi\u00f3n\u00bb. En una entrevista concedida al ciclo \u00abIntratables\u00bb, el [&hellip;]<\/p>\n","protected":false},"author":1,"featured_media":7424,"comment_status":"open","ping_status":"closed","sticky":false,"template":"","format":"standard","meta":{"footnotes":""},"categories":[1],"tags":[],"class_list":{"0":"post-7423","1":"post","2":"type-post","3":"status-publish","4":"format-standard","5":"has-post-thumbnail","7":"category-portada"},"yoast_head":"<!-- This site is optimized with the Yoast SEO plugin v27.4 - https:\/\/yoast.com\/product\/yoast-seo-wordpress\/ -->\n<title>&quot;Gracias a Dios, Macri es Gobierno&quot;, sostuvo Chilavert - El Diario de Tucuman<\/title>\n<meta name=\"robots\" content=\"index, follow, max-snippet:-1, max-image-preview:large, max-video-preview:-1\" \/>\n<link rel=\"canonical\" href=\"https:\/\/www.eldiariodetucuman.com\/web\/gracias-a-dios-macri-es-gobierno-sostuvo-chilavert\/\" \/>\n<meta property=\"og:locale\" content=\"es_ES\" \/>\n<meta property=\"og:type\" content=\"article\" \/>\n<meta property=\"og:title\" content=\"&quot;Gracias a Dios, Macri es Gobierno&quot;, sostuvo Chilavert - El Diario de Tucuman\" \/>\n<meta property=\"og:description\" content=\"El ex arquero de V\u00e9lez Sarsfield y del seleccionado paraguayo, Jos\u00e9 Luis Chilavert, volvi\u00f3 a ponderar la administraci\u00f3n Cambiemos y agradeci\u00f3 a Dios que el presidente Mauricio Macri est\u00e9 en el Gobierno ya que, seg\u00fan razon\u00f3, \u00abno s\u00f3lo ayuda a la Argentina\u00bb sino a \u00abtoda la regi\u00f3n\u00bb. En una entrevista concedida al ciclo \u00abIntratables\u00bb, el [&hellip;]\" \/>\n<meta property=\"og:url\" content=\"https:\/\/www.eldiariodetucuman.com\/web\/gracias-a-dios-macri-es-gobierno-sostuvo-chilavert\/\" \/>\n<meta property=\"og:site_name\" content=\"El Diario de Tucuman\" \/>\n<meta property=\"article:published_time\" content=\"2018-03-25T15:37:14+00:00\" \/>\n<meta property=\"article:modified_time\" content=\"2018-03-25T15:37:16+00:00\" \/>\n<meta property=\"og:image\" content=\"https:\/\/www.eldiariodetucuman.com\/web\/wp-content\/uploads\/2018\/03\/30ed8c4b72bf2fd82bf4561fde6fc702.jpeg\" \/>\n\t<meta property=\"og:image:width\" content=\"960\" \/>\n\t<meta property=\"og:image:height\" content=\"632\" \/>\n\t<meta property=\"og:image:type\" content=\"image\/jpeg\" \/>\n<meta name=\"author\" content=\"admin\" \/>\n<meta name=\"twitter:card\" content=\"summary_large_image\" \/>\n<meta name=\"twitter:label1\" content=\"Escrito por\" \/>\n\t<meta name=\"twitter:data1\" content=\"admin\" \/>\n\t<meta name=\"twitter:label2\" content=\"Tiempo de lectura\" \/>\n\t<meta name=\"twitter:data2\" content=\"2 minutos\" \/>\n<script type=\"application\/ld+json\" class=\"yoast-schema-graph\">{\"@context\":\"https:\\\/\\\/schema.org\",\"@graph\":[{\"@type\":\"Article\",\"@id\":\"https:\\\/\\\/www.eldiariodetucuman.com\\\/web\\\/gracias-a-dios-macri-es-gobierno-sostuvo-chilavert\\\/#article\",\"isPartOf\":{\"@id\":\"https:\\\/\\\/www.eldiariodetucuman.com\\\/web\\\/gracias-a-dios-macri-es-gobierno-sostuvo-chilavert\\\/\"},\"author\":{\"name\":\"admin\",\"@id\":\"https:\\\/\\\/www.eldiariodetucuman.com\\\/web\\\/#\\\/schema\\\/person\\\/9250197d75ab5483412e19678b121caa\"},\"headline\":\"\u00abGracias a Dios, Macri es Gobierno\u00bb, sostuvo Chilavert\",\"datePublished\":\"2018-03-25T15:37:14+00:00\",\"dateModified\":\"2018-03-25T15:37:16+00:00\",\"mainEntityOfPage\":{\"@id\":\"https:\\\/\\\/www.eldiariodetucuman.com\\\/web\\\/gracias-a-dios-macri-es-gobierno-sostuvo-chilavert\\\/\"},\"wordCount\":347,\"commentCount\":0,\"publisher\":{\"@id\":\"https:\\\/\\\/www.eldiariodetucuman.com\\\/web\\\/#organization\"},\"image\":{\"@id\":\"https:\\\/\\\/www.eldiariodetucuman.com\\\/web\\\/gracias-a-dios-macri-es-gobierno-sostuvo-chilavert\\\/#primaryimage\"},\"thumbnailUrl\":\"https:\\\/\\\/www.eldiariodetucuman.com\\\/web\\\/wp-content\\\/uploads\\\/2018\\\/03\\\/30ed8c4b72bf2fd82bf4561fde6fc702.jpeg\",\"articleSection\":[\"Portada\"],\"inLanguage\":\"es\",\"potentialAction\":[{\"@type\":\"CommentAction\",\"name\":\"Comment\",\"target\":[\"https:\\\/\\\/www.eldiariodetucuman.com\\\/web\\\/gracias-a-dios-macri-es-gobierno-sostuvo-chilavert\\\/#respond\"]}]},{\"@type\":\"WebPage\",\"@id\":\"https:\\\/\\\/www.eldiariodetucuman.com\\\/web\\\/gracias-a-dios-macri-es-gobierno-sostuvo-chilavert\\\/\",\"url\":\"https:\\\/\\\/www.eldiariodetucuman.com\\\/web\\\/gracias-a-dios-macri-es-gobierno-sostuvo-chilavert\\\/\",\"name\":\"\\\"Gracias a Dios, Macri es Gobierno\\\", sostuvo Chilavert - El Diario de Tucuman\",\"isPartOf\":{\"@id\":\"https:\\\/\\\/www.eldiariodetucuman.com\\\/web\\\/#website\"},\"primaryImageOfPage\":{\"@id\":\"https:\\\/\\\/www.eldiariodetucuman.com\\\/web\\\/gracias-a-dios-macri-es-gobierno-sostuvo-chilavert\\\/#primaryimage\"},\"image\":{\"@id\":\"https:\\\/\\\/www.eldiariodetucuman.com\\\/web\\\/gracias-a-dios-macri-es-gobierno-sostuvo-chilavert\\\/#primaryimage\"},\"thumbnailUrl\":\"https:\\\/\\\/www.eldiariodetucuman.com\\\/web\\\/wp-content\\\/uploads\\\/2018\\\/03\\\/30ed8c4b72bf2fd82bf4561fde6fc702.jpeg\",\"datePublished\":\"2018-03-25T15:37:14+00:00\",\"dateModified\":\"2018-03-25T15:37:16+00:00\",\"breadcrumb\":{\"@id\":\"https:\\\/\\\/www.eldiariodetucuman.com\\\/web\\\/gracias-a-dios-macri-es-gobierno-sostuvo-chilavert\\\/#breadcrumb\"},\"inLanguage\":\"es\",\"potentialAction\":[{\"@type\":\"ReadAction\",\"target\":[\"https:\\\/\\\/www.eldiariodetucuman.com\\\/web\\\/gracias-a-dios-macri-es-gobierno-sostuvo-chilavert\\\/\"]}]},{\"@type\":\"ImageObject\",\"inLanguage\":\"es\",\"@id\":\"https:\\\/\\\/www.eldiariodetucuman.com\\\/web\\\/gracias-a-dios-macri-es-gobierno-sostuvo-chilavert\\\/#primaryimage\",\"url\":\"https:\\\/\\\/www.eldiariodetucuman.com\\\/web\\\/wp-content\\\/uploads\\\/2018\\\/03\\\/30ed8c4b72bf2fd82bf4561fde6fc702.jpeg\",\"contentUrl\":\"https:\\\/\\\/www.eldiariodetucuman.com\\\/web\\\/wp-content\\\/uploads\\\/2018\\\/03\\\/30ed8c4b72bf2fd82bf4561fde6fc702.jpeg\",\"width\":960,\"height\":632},{\"@type\":\"BreadcrumbList\",\"@id\":\"https:\\\/\\\/www.eldiariodetucuman.com\\\/web\\\/gracias-a-dios-macri-es-gobierno-sostuvo-chilavert\\\/#breadcrumb\",\"itemListElement\":[{\"@type\":\"ListItem\",\"position\":1,\"name\":\"Portada\",\"item\":\"https:\\\/\\\/www.eldiariodetucuman.com\\\/web\\\/\"},{\"@type\":\"ListItem\",\"position\":2,\"name\":\"\u00abGracias a Dios, Macri es Gobierno\u00bb, sostuvo Chilavert\"}]},{\"@type\":\"WebSite\",\"@id\":\"https:\\\/\\\/www.eldiariodetucuman.com\\\/web\\\/#website\",\"url\":\"https:\\\/\\\/www.eldiariodetucuman.com\\\/web\\\/\",\"name\":\"El Diario de Tucuman\",\"description\":\"Diario Tucuman - Informaci\u00f3n y noticias\",\"publisher\":{\"@id\":\"https:\\\/\\\/www.eldiariodetucuman.com\\\/web\\\/#organization\"},\"potentialAction\":[{\"@type\":\"SearchAction\",\"target\":{\"@type\":\"EntryPoint\",\"urlTemplate\":\"https:\\\/\\\/www.eldiariodetucuman.com\\\/web\\\/?s={search_term_string}\"},\"query-input\":{\"@type\":\"PropertyValueSpecification\",\"valueRequired\":true,\"valueName\":\"search_term_string\"}}],\"inLanguage\":\"es\"},{\"@type\":\"Organization\",\"@id\":\"https:\\\/\\\/www.eldiariodetucuman.com\\\/web\\\/#organization\",\"name\":\"El Diario de Tucuman\",\"url\":\"https:\\\/\\\/www.eldiariodetucuman.com\\\/web\\\/\",\"logo\":{\"@type\":\"ImageObject\",\"inLanguage\":\"es\",\"@id\":\"https:\\\/\\\/www.eldiariodetucuman.com\\\/web\\\/#\\\/schema\\\/logo\\\/image\\\/\",\"url\":\"http:\\\/\\\/www.eldiariodetucuman.com\\\/web\\\/wp-content\\\/uploads\\\/2017\\\/12\\\/el-diario-de-tucuman.jpg\",\"contentUrl\":\"http:\\\/\\\/www.eldiariodetucuman.com\\\/web\\\/wp-content\\\/uploads\\\/2017\\\/12\\\/el-diario-de-tucuman.jpg\",\"width\":272,\"height\":92,\"caption\":\"El Diario de Tucuman\"},\"image\":{\"@id\":\"https:\\\/\\\/www.eldiariodetucuman.com\\\/web\\\/#\\\/schema\\\/logo\\\/image\\\/\"}},{\"@type\":\"Person\",\"@id\":\"https:\\\/\\\/www.eldiariodetucuman.com\\\/web\\\/#\\\/schema\\\/person\\\/9250197d75ab5483412e19678b121caa\",\"name\":\"admin\",\"image\":{\"@type\":\"ImageObject\",\"inLanguage\":\"es\",\"@id\":\"https:\\\/\\\/secure.gravatar.com\\\/avatar\\\/c44d117c2be811212c22cb481f6b8384b6873de103fbc49e7a03cc58d7dea4ac?s=96&d=mm&r=g\",\"url\":\"https:\\\/\\\/secure.gravatar.com\\\/avatar\\\/c44d117c2be811212c22cb481f6b8384b6873de103fbc49e7a03cc58d7dea4ac?s=96&d=mm&r=g\",\"contentUrl\":\"https:\\\/\\\/secure.gravatar.com\\\/avatar\\\/c44d117c2be811212c22cb481f6b8384b6873de103fbc49e7a03cc58d7dea4ac?s=96&d=mm&r=g\",\"caption\":\"admin\"},\"url\":\"https:\\\/\\\/www.eldiariodetucuman.com\\\/web\\\/author\\\/admin\\\/\"}]}<\/script>\n<!-- \/ Yoast SEO plugin. -->","yoast_head_json":{"title":"\"Gracias a Dios, Macri es Gobierno\", sostuvo Chilavert - El Diario de Tucuman","robots":{"index":"index","follow":"follow","max-snippet":"max-snippet:-1","max-image-preview":"max-image-preview:large","max-video-preview":"max-video-preview:-1"},"canonical":"https:\/\/www.eldiariodetucuman.com\/web\/gracias-a-dios-macri-es-gobierno-sostuvo-chilavert\/","og_locale":"es_ES","og_type":"article","og_title":"\"Gracias a Dios, Macri es Gobierno\", sostuvo Chilavert - El Diario de Tucuman","og_description":"El ex arquero de V\u00e9lez Sarsfield y del seleccionado paraguayo, Jos\u00e9 Luis Chilavert, volvi\u00f3 a ponderar la administraci\u00f3n Cambiemos y agradeci\u00f3 a Dios que el presidente Mauricio Macri est\u00e9 en el Gobierno ya que, seg\u00fan razon\u00f3, \u00abno s\u00f3lo ayuda a la Argentina\u00bb sino a \u00abtoda la regi\u00f3n\u00bb. En una entrevista concedida al ciclo \u00abIntratables\u00bb, el [&hellip;]","og_url":"https:\/\/www.eldiariodetucuman.com\/web\/gracias-a-dios-macri-es-gobierno-sostuvo-chilavert\/","og_site_name":"El Diario de Tucuman","article_published_time":"2018-03-25T15:37:14+00:00","article_modified_time":"2018-03-25T15:37:16+00:00","og_image":[{"width":960,"height":632,"url":"https:\/\/www.eldiariodetucuman.com\/web\/wp-content\/uploads\/2018\/03\/30ed8c4b72bf2fd82bf4561fde6fc702.jpeg","type":"image\/jpeg"}],"author":"admin","twitter_card":"summary_large_image","twitter_misc":{"Escrito por":"admin","Tiempo de lectura":"2 minutos"},"schema":{"@context":"https:\/\/schema.org","@graph":[{"@type":"Article","@id":"https:\/\/www.eldiariodetucuman.com\/web\/gracias-a-dios-macri-es-gobierno-sostuvo-chilavert\/#article","isPartOf":{"@id":"https:\/\/www.eldiariodetucuman.com\/web\/gracias-a-dios-macri-es-gobierno-sostuvo-chilavert\/"},"author":{"name":"admin","@id":"https:\/\/www.eldiariodetucuman.com\/web\/#\/schema\/person\/9250197d75ab5483412e19678b121caa"},"headline":"\u00abGracias a Dios, Macri es Gobierno\u00bb, sostuvo Chilavert","datePublished":"2018-03-25T15:37:14+00:00","dateModified":"2018-03-25T15:37:16+00:00","mainEntityOfPage":{"@id":"https:\/\/www.eldiariodetucuman.com\/web\/gracias-a-dios-macri-es-gobierno-sostuvo-chilavert\/"},"wordCount":347,"commentCount":0,"publisher":{"@id":"https:\/\/www.eldiariodetucuman.com\/web\/#organization"},"image":{"@id":"https:\/\/www.eldiariodetucuman.com\/web\/gracias-a-dios-macri-es-gobierno-sostuvo-chilavert\/#primaryimage"},"thumbnailUrl":"https:\/\/www.eldiariodetucuman.com\/web\/wp-content\/uploads\/2018\/03\/30ed8c4b72bf2fd82bf4561fde6fc702.jpeg","articleSection":["Portada"],"inLanguage":"es","potentialAction":[{"@type":"CommentAction","name":"Comment","target":["https:\/\/www.eldiariodetucuman.com\/web\/gracias-a-dios-macri-es-gobierno-sostuvo-chilavert\/#respond"]}]},{"@type":"WebPage","@id":"https:\/\/www.eldiariodetucuman.com\/web\/gracias-a-dios-macri-es-gobierno-sostuvo-chilavert\/","url":"https:\/\/www.eldiariodetucuman.com\/web\/gracias-a-dios-macri-es-gobierno-sostuvo-chilavert\/","name":"\"Gracias a Dios, Macri es Gobierno\", sostuvo Chilavert - El Diario de Tucuman","isPartOf":{"@id":"https:\/\/www.eldiariodetucuman.com\/web\/#website"},"primaryImageOfPage":{"@id":"https:\/\/www.eldiariodetucuman.com\/web\/gracias-a-dios-macri-es-gobierno-sostuvo-chilavert\/#primaryimage"},"image":{"@id":"https:\/\/www.eldiariodetucuman.com\/web\/gracias-a-dios-macri-es-gobierno-sostuvo-chilavert\/#primaryimage"},"thumbnailUrl":"https:\/\/www.eldiariodetucuman.com\/web\/wp-content\/uploads\/2018\/03\/30ed8c4b72bf2fd82bf4561fde6fc702.jpeg","datePublished":"2018-03-25T15:37:14+00:00","dateModified":"2018-03-25T15:37:16+00:00","breadcrumb":{"@id":"https:\/\/www.eldiariodetucuman.com\/web\/gracias-a-dios-macri-es-gobierno-sostuvo-chilavert\/#breadcrumb"},"inLanguage":"es","potentialAction":[{"@type":"ReadAction","target":["https:\/\/www.eldiariodetucuman.com\/web\/gracias-a-dios-macri-es-gobierno-sostuvo-chilavert\/"]}]},{"@type":"ImageObject","inLanguage":"es","@id":"https:\/\/www.eldiariodetucuman.com\/web\/gracias-a-dios-macri-es-gobierno-sostuvo-chilavert\/#primaryimage","url":"https:\/\/www.eldiariodetucuman.com\/web\/wp-content\/uploads\/2018\/03\/30ed8c4b72bf2fd82bf4561fde6fc702.jpeg","contentUrl":"https:\/\/www.eldiariodetucuman.com\/web\/wp-content\/uploads\/2018\/03\/30ed8c4b72bf2fd82bf4561fde6fc702.jpeg","width":960,"height":632},{"@type":"BreadcrumbList","@id":"https:\/\/www.eldiariodetucuman.com\/web\/gracias-a-dios-macri-es-gobierno-sostuvo-chilavert\/#breadcrumb","itemListElement":[{"@type":"ListItem","position":1,"name":"Portada","item":"https:\/\/www.eldiariodetucuman.com\/web\/"},{"@type":"ListItem","position":2,"name":"\u00abGracias a Dios, Macri es Gobierno\u00bb, sostuvo Chilavert"}]},{"@type":"WebSite","@id":"https:\/\/www.eldiariodetucuman.com\/web\/#website","url":"https:\/\/www.eldiariodetucuman.com\/web\/","name":"El Diario de Tucuman","description":"Diario Tucuman - Informaci\u00f3n y noticias","publisher":{"@id":"https:\/\/www.eldiariodetucuman.com\/web\/#organization"},"potentialAction":[{"@type":"SearchAction","target":{"@type":"EntryPoint","urlTemplate":"https:\/\/www.eldiariodetucuman.com\/web\/?s={search_term_string}"},"query-input":{"@type":"PropertyValueSpecification","valueRequired":true,"valueName":"search_term_string"}}],"inLanguage":"es"},{"@type":"Organization","@id":"https:\/\/www.eldiariodetucuman.com\/web\/#organization","name":"El Diario de Tucuman","url":"https:\/\/www.eldiariodetucuman.com\/web\/","logo":{"@type":"ImageObject","inLanguage":"es","@id":"https:\/\/www.eldiariodetucuman.com\/web\/#\/schema\/logo\/image\/","url":"http:\/\/www.eldiariodetucuman.com\/web\/wp-content\/uploads\/2017\/12\/el-diario-de-tucuman.jpg","contentUrl":"http:\/\/www.eldiariodetucuman.com\/web\/wp-content\/uploads\/2017\/12\/el-diario-de-tucuman.jpg","width":272,"height":92,"caption":"El Diario de Tucuman"},"image":{"@id":"https:\/\/www.eldiariodetucuman.com\/web\/#\/schema\/logo\/image\/"}},{"@type":"Person","@id":"https:\/\/www.eldiariodetucuman.com\/web\/#\/schema\/person\/9250197d75ab5483412e19678b121caa","name":"admin","image":{"@type":"ImageObject","inLanguage":"es","@id":"https:\/\/secure.gravatar.com\/avatar\/c44d117c2be811212c22cb481f6b8384b6873de103fbc49e7a03cc58d7dea4ac?s=96&d=mm&r=g","url":"https:\/\/secure.gravatar.com\/avatar\/c44d117c2be811212c22cb481f6b8384b6873de103fbc49e7a03cc58d7dea4ac?s=96&d=mm&r=g","contentUrl":"https:\/\/secure.gravatar.com\/avatar\/c44d117c2be811212c22cb481f6b8384b6873de103fbc49e7a03cc58d7dea4ac?s=96&d=mm&r=g","caption":"admin"},"url":"https:\/\/www.eldiariodetucuman.com\/web\/author\/admin\/"}]}},"_links":{"self":[{"href":"https:\/\/www.eldiariodetucuman.com\/web\/wp-json\/wp\/v2\/posts\/7423","targetHints":{"allow":["GET"]}}],"collection":[{"href":"https:\/\/www.eldiariodetucuman.com\/web\/wp-json\/wp\/v2\/posts"}],"about":[{"href":"https:\/\/www.eldiariodetucuman.com\/web\/wp-json\/wp\/v2\/types\/post"}],"author":[{"embeddable":true,"href":"https:\/\/www.eldiariodetucuman.com\/web\/wp-json\/wp\/v2\/users\/1"}],"replies":[{"embeddable":true,"href":"https:\/\/www.eldiariodetucuman.com\/web\/wp-json\/wp\/v2\/comments?post=7423"}],"version-history":[{"count":1,"href":"https:\/\/www.eldiariodetucuman.com\/web\/wp-json\/wp\/v2\/posts\/7423\/revisions"}],"predecessor-version":[{"id":7425,"href":"https:\/\/www.eldiariodetucuman.com\/web\/wp-json\/wp\/v2\/posts\/7423\/revisions\/7425"}],"wp:featuredmedia":[{"embeddable":true,"href":"https:\/\/www.eldiariodetucuman.com\/web\/wp-json\/wp\/v2\/media\/7424"}],"wp:attachment":[{"href":"https:\/\/www.eldiariodetucuman.com\/web\/wp-json\/wp\/v2\/media?parent=7423"}],"wp:term":[{"taxonomy":"category","embeddable":true,"href":"https:\/\/www.eldiariodetucuman.com\/web\/wp-json\/wp\/v2\/categories?post=7423"},{"taxonomy":"post_tag","embeddable":true,"href":"https:\/\/www.eldiariodetucuman.com\/web\/wp-json\/wp\/v2\/tags?post=7423"}],"curies":[{"name":"wp","href":"https:\/\/api.w.org\/{rel}","templated":true}]}}