{"id":7420,"date":"2018-03-25T12:05:45","date_gmt":"2018-03-25T15:05:45","guid":{"rendered":"http:\/\/www.eldiariodetucuman.com\/web\/volvera-el-sol-mira-el-pronostico-para-hoy-y-manana\/"},"modified":"2018-03-25T12:05:49","modified_gmt":"2018-03-25T15:05:49","slug":"volvera-el-sol-mira-el-pronostico-para-hoy-y-manana","status":"publish","type":"post","link":"https:\/\/www.eldiariodetucuman.com\/web\/volvera-el-sol-mira-el-pronostico-para-hoy-y-manana\/","title":{"rendered":"\u00bfVolver\u00e1 el sol? Mir\u00e1 el pron\u00f3stico para hoy y ma\u00f1ana"},"content":{"rendered":"<div>\n<div readability=\"52\">\n<p>A diferencia de lo que fueron los \u00faltimos d\u00edas, la jornada de hoy promete regalarnos destellos de sol en algunos momentos, aunque estar\u00e1 fresco.<\/p>\n<p>El servicio climatol\u00f3gico Accuweather pronostica un d\u00eda nublado, con un cielo gris como protagonista. Se prev\u00e9 que durante la siesta se pueda disfrutar de algunos momentos de sol alcanzando la m\u00e1xima de 23\u00b0.<\/p>\n<p class=\"style frase\">Se espera que el tiempo contin\u00fae inestable toda la tarde, pero el sol ya no volver\u00eda a aparecer. Para la noche se prev\u00e9 que la temperatura descienda hasta los 14\u00b0<\/p>\n<p>Si se cumple con este pron\u00f3stico, para ma\u00f1ana podr\u00eda ser un d\u00eda soleado, con temperaturas m\u00e1s elevadas con respecto a este fin de semana, seg\u00fan el Servicio Meteorol\u00f3gico Nacional. As\u00ed, ir\u00eda aumentando la temperatura durante la semana.<\/p>\n<\/p><\/div>\n<\/div>\n<p>Fuente: http:\/\/www.lagaceta.com.ar\/nota\/765345\/actualidad\/volvera-sol-mira-pronostico-para-hoy-manana.html<\/p>\n","protected":false},"excerpt":{"rendered":"<p>A diferencia de lo que fueron los \u00faltimos d\u00edas, la jornada de hoy promete regalarnos destellos de sol en algunos momentos, aunque estar\u00e1 fresco. El servicio climatol\u00f3gico Accuweather pronostica un d\u00eda nublado, con un cielo gris como protagonista. Se prev\u00e9 que durante la siesta se pueda disfrutar de algunos momentos de sol alcanzando la m\u00e1xima [&hellip;]<\/p>\n","protected":false},"author":1,"featured_media":7421,"comment_status":"open","ping_status":"closed","sticky":false,"template":"","format":"standard","meta":{"footnotes":""},"categories":[1],"tags":[],"class_list":{"0":"post-7420","1":"post","2":"type-post","3":"status-publish","4":"format-standard","5":"has-post-thumbnail","7":"category-portada"},"yoast_head":"<!-- This site is optimized with the Yoast SEO plugin v27.4 - https:\/\/yoast.com\/product\/yoast-seo-wordpress\/ -->\n<title>\u00bfVolver\u00e1 el sol? Mir\u00e1 el pron\u00f3stico para hoy y ma\u00f1ana - El Diario de Tucuman<\/title>\n<meta name=\"robots\" content=\"index, follow, max-snippet:-1, max-image-preview:large, max-video-preview:-1\" \/>\n<link rel=\"canonical\" href=\"https:\/\/www.eldiariodetucuman.com\/web\/volvera-el-sol-mira-el-pronostico-para-hoy-y-manana\/\" \/>\n<meta property=\"og:locale\" content=\"es_ES\" \/>\n<meta property=\"og:type\" content=\"article\" \/>\n<meta property=\"og:title\" content=\"\u00bfVolver\u00e1 el sol? Mir\u00e1 el pron\u00f3stico para hoy y ma\u00f1ana - El Diario de Tucuman\" \/>\n<meta property=\"og:description\" content=\"A diferencia de lo que fueron los \u00faltimos d\u00edas, la jornada de hoy promete regalarnos destellos de sol en algunos momentos, aunque estar\u00e1 fresco. El servicio climatol\u00f3gico Accuweather pronostica un d\u00eda nublado, con un cielo gris como protagonista. Se prev\u00e9 que durante la siesta se pueda disfrutar de algunos momentos de sol alcanzando la m\u00e1xima [&hellip;]\" \/>\n<meta property=\"og:url\" content=\"https:\/\/www.eldiariodetucuman.com\/web\/volvera-el-sol-mira-el-pronostico-para-hoy-y-manana\/\" \/>\n<meta property=\"og:site_name\" content=\"El Diario de Tucuman\" \/>\n<meta property=\"article:published_time\" content=\"2018-03-25T15:05:45+00:00\" \/>\n<meta property=\"article:modified_time\" content=\"2018-03-25T15:05:49+00:00\" \/>\n<meta property=\"og:image\" content=\"https:\/\/www.eldiariodetucuman.com\/web\/wp-content\/uploads\/2018\/03\/9a959a9c02c2b7bbf3a92dcc44650e0e.jpeg\" \/>\n\t<meta property=\"og:image:width\" content=\"1500\" \/>\n\t<meta property=\"og:image:height\" content=\"850\" \/>\n\t<meta property=\"og:image:type\" content=\"image\/jpeg\" \/>\n<meta name=\"author\" content=\"admin\" \/>\n<meta name=\"twitter:card\" content=\"summary_large_image\" \/>\n<meta name=\"twitter:label1\" content=\"Escrito por\" \/>\n\t<meta name=\"twitter:data1\" content=\"admin\" \/>\n\t<meta name=\"twitter:label2\" content=\"Tiempo de lectura\" \/>\n\t<meta name=\"twitter:data2\" content=\"1 minuto\" \/>\n<script type=\"application\/ld+json\" class=\"yoast-schema-graph\">{\"@context\":\"https:\\\/\\\/schema.org\",\"@graph\":[{\"@type\":\"Article\",\"@id\":\"https:\\\/\\\/www.eldiariodetucuman.com\\\/web\\\/volvera-el-sol-mira-el-pronostico-para-hoy-y-manana\\\/#article\",\"isPartOf\":{\"@id\":\"https:\\\/\\\/www.eldiariodetucuman.com\\\/web\\\/volvera-el-sol-mira-el-pronostico-para-hoy-y-manana\\\/\"},\"author\":{\"name\":\"admin\",\"@id\":\"https:\\\/\\\/www.eldiariodetucuman.com\\\/web\\\/#\\\/schema\\\/person\\\/9250197d75ab5483412e19678b121caa\"},\"headline\":\"\u00bfVolver\u00e1 el sol? Mir\u00e1 el pron\u00f3stico para hoy y ma\u00f1ana\",\"datePublished\":\"2018-03-25T15:05:45+00:00\",\"dateModified\":\"2018-03-25T15:05:49+00:00\",\"mainEntityOfPage\":{\"@id\":\"https:\\\/\\\/www.eldiariodetucuman.com\\\/web\\\/volvera-el-sol-mira-el-pronostico-para-hoy-y-manana\\\/\"},\"wordCount\":158,\"commentCount\":0,\"publisher\":{\"@id\":\"https:\\\/\\\/www.eldiariodetucuman.com\\\/web\\\/#organization\"},\"image\":{\"@id\":\"https:\\\/\\\/www.eldiariodetucuman.com\\\/web\\\/volvera-el-sol-mira-el-pronostico-para-hoy-y-manana\\\/#primaryimage\"},\"thumbnailUrl\":\"https:\\\/\\\/www.eldiariodetucuman.com\\\/web\\\/wp-content\\\/uploads\\\/2018\\\/03\\\/9a959a9c02c2b7bbf3a92dcc44650e0e.jpeg\",\"articleSection\":[\"Portada\"],\"inLanguage\":\"es\",\"potentialAction\":[{\"@type\":\"CommentAction\",\"name\":\"Comment\",\"target\":[\"https:\\\/\\\/www.eldiariodetucuman.com\\\/web\\\/volvera-el-sol-mira-el-pronostico-para-hoy-y-manana\\\/#respond\"]}]},{\"@type\":\"WebPage\",\"@id\":\"https:\\\/\\\/www.eldiariodetucuman.com\\\/web\\\/volvera-el-sol-mira-el-pronostico-para-hoy-y-manana\\\/\",\"url\":\"https:\\\/\\\/www.eldiariodetucuman.com\\\/web\\\/volvera-el-sol-mira-el-pronostico-para-hoy-y-manana\\\/\",\"name\":\"\u00bfVolver\u00e1 el sol? Mir\u00e1 el pron\u00f3stico para hoy y ma\u00f1ana - El Diario de Tucuman\",\"isPartOf\":{\"@id\":\"https:\\\/\\\/www.eldiariodetucuman.com\\\/web\\\/#website\"},\"primaryImageOfPage\":{\"@id\":\"https:\\\/\\\/www.eldiariodetucuman.com\\\/web\\\/volvera-el-sol-mira-el-pronostico-para-hoy-y-manana\\\/#primaryimage\"},\"image\":{\"@id\":\"https:\\\/\\\/www.eldiariodetucuman.com\\\/web\\\/volvera-el-sol-mira-el-pronostico-para-hoy-y-manana\\\/#primaryimage\"},\"thumbnailUrl\":\"https:\\\/\\\/www.eldiariodetucuman.com\\\/web\\\/wp-content\\\/uploads\\\/2018\\\/03\\\/9a959a9c02c2b7bbf3a92dcc44650e0e.jpeg\",\"datePublished\":\"2018-03-25T15:05:45+00:00\",\"dateModified\":\"2018-03-25T15:05:49+00:00\",\"breadcrumb\":{\"@id\":\"https:\\\/\\\/www.eldiariodetucuman.com\\\/web\\\/volvera-el-sol-mira-el-pronostico-para-hoy-y-manana\\\/#breadcrumb\"},\"inLanguage\":\"es\",\"potentialAction\":[{\"@type\":\"ReadAction\",\"target\":[\"https:\\\/\\\/www.eldiariodetucuman.com\\\/web\\\/volvera-el-sol-mira-el-pronostico-para-hoy-y-manana\\\/\"]}]},{\"@type\":\"ImageObject\",\"inLanguage\":\"es\",\"@id\":\"https:\\\/\\\/www.eldiariodetucuman.com\\\/web\\\/volvera-el-sol-mira-el-pronostico-para-hoy-y-manana\\\/#primaryimage\",\"url\":\"https:\\\/\\\/www.eldiariodetucuman.com\\\/web\\\/wp-content\\\/uploads\\\/2018\\\/03\\\/9a959a9c02c2b7bbf3a92dcc44650e0e.jpeg\",\"contentUrl\":\"https:\\\/\\\/www.eldiariodetucuman.com\\\/web\\\/wp-content\\\/uploads\\\/2018\\\/03\\\/9a959a9c02c2b7bbf3a92dcc44650e0e.jpeg\",\"width\":1500,\"height\":850},{\"@type\":\"BreadcrumbList\",\"@id\":\"https:\\\/\\\/www.eldiariodetucuman.com\\\/web\\\/volvera-el-sol-mira-el-pronostico-para-hoy-y-manana\\\/#breadcrumb\",\"itemListElement\":[{\"@type\":\"ListItem\",\"position\":1,\"name\":\"Portada\",\"item\":\"https:\\\/\\\/www.eldiariodetucuman.com\\\/web\\\/\"},{\"@type\":\"ListItem\",\"position\":2,\"name\":\"\u00bfVolver\u00e1 el sol? Mir\u00e1 el pron\u00f3stico para hoy y ma\u00f1ana\"}]},{\"@type\":\"WebSite\",\"@id\":\"https:\\\/\\\/www.eldiariodetucuman.com\\\/web\\\/#website\",\"url\":\"https:\\\/\\\/www.eldiariodetucuman.com\\\/web\\\/\",\"name\":\"El Diario de Tucuman\",\"description\":\"Diario Tucuman - Informaci\u00f3n y noticias\",\"publisher\":{\"@id\":\"https:\\\/\\\/www.eldiariodetucuman.com\\\/web\\\/#organization\"},\"potentialAction\":[{\"@type\":\"SearchAction\",\"target\":{\"@type\":\"EntryPoint\",\"urlTemplate\":\"https:\\\/\\\/www.eldiariodetucuman.com\\\/web\\\/?s={search_term_string}\"},\"query-input\":{\"@type\":\"PropertyValueSpecification\",\"valueRequired\":true,\"valueName\":\"search_term_string\"}}],\"inLanguage\":\"es\"},{\"@type\":\"Organization\",\"@id\":\"https:\\\/\\\/www.eldiariodetucuman.com\\\/web\\\/#organization\",\"name\":\"El Diario de Tucuman\",\"url\":\"https:\\\/\\\/www.eldiariodetucuman.com\\\/web\\\/\",\"logo\":{\"@type\":\"ImageObject\",\"inLanguage\":\"es\",\"@id\":\"https:\\\/\\\/www.eldiariodetucuman.com\\\/web\\\/#\\\/schema\\\/logo\\\/image\\\/\",\"url\":\"http:\\\/\\\/www.eldiariodetucuman.com\\\/web\\\/wp-content\\\/uploads\\\/2017\\\/12\\\/el-diario-de-tucuman.jpg\",\"contentUrl\":\"http:\\\/\\\/www.eldiariodetucuman.com\\\/web\\\/wp-content\\\/uploads\\\/2017\\\/12\\\/el-diario-de-tucuman.jpg\",\"width\":272,\"height\":92,\"caption\":\"El Diario de Tucuman\"},\"image\":{\"@id\":\"https:\\\/\\\/www.eldiariodetucuman.com\\\/web\\\/#\\\/schema\\\/logo\\\/image\\\/\"}},{\"@type\":\"Person\",\"@id\":\"https:\\\/\\\/www.eldiariodetucuman.com\\\/web\\\/#\\\/schema\\\/person\\\/9250197d75ab5483412e19678b121caa\",\"name\":\"admin\",\"image\":{\"@type\":\"ImageObject\",\"inLanguage\":\"es\",\"@id\":\"https:\\\/\\\/secure.gravatar.com\\\/avatar\\\/c44d117c2be811212c22cb481f6b8384b6873de103fbc49e7a03cc58d7dea4ac?s=96&d=mm&r=g\",\"url\":\"https:\\\/\\\/secure.gravatar.com\\\/avatar\\\/c44d117c2be811212c22cb481f6b8384b6873de103fbc49e7a03cc58d7dea4ac?s=96&d=mm&r=g\",\"contentUrl\":\"https:\\\/\\\/secure.gravatar.com\\\/avatar\\\/c44d117c2be811212c22cb481f6b8384b6873de103fbc49e7a03cc58d7dea4ac?s=96&d=mm&r=g\",\"caption\":\"admin\"},\"url\":\"https:\\\/\\\/www.eldiariodetucuman.com\\\/web\\\/author\\\/admin\\\/\"}]}<\/script>\n<!-- \/ Yoast SEO plugin. -->","yoast_head_json":{"title":"\u00bfVolver\u00e1 el sol? Mir\u00e1 el pron\u00f3stico para hoy y ma\u00f1ana - El Diario de Tucuman","robots":{"index":"index","follow":"follow","max-snippet":"max-snippet:-1","max-image-preview":"max-image-preview:large","max-video-preview":"max-video-preview:-1"},"canonical":"https:\/\/www.eldiariodetucuman.com\/web\/volvera-el-sol-mira-el-pronostico-para-hoy-y-manana\/","og_locale":"es_ES","og_type":"article","og_title":"\u00bfVolver\u00e1 el sol? Mir\u00e1 el pron\u00f3stico para hoy y ma\u00f1ana - El Diario de Tucuman","og_description":"A diferencia de lo que fueron los \u00faltimos d\u00edas, la jornada de hoy promete regalarnos destellos de sol en algunos momentos, aunque estar\u00e1 fresco. El servicio climatol\u00f3gico Accuweather pronostica un d\u00eda nublado, con un cielo gris como protagonista. Se prev\u00e9 que durante la siesta se pueda disfrutar de algunos momentos de sol alcanzando la m\u00e1xima [&hellip;]","og_url":"https:\/\/www.eldiariodetucuman.com\/web\/volvera-el-sol-mira-el-pronostico-para-hoy-y-manana\/","og_site_name":"El Diario de Tucuman","article_published_time":"2018-03-25T15:05:45+00:00","article_modified_time":"2018-03-25T15:05:49+00:00","og_image":[{"width":1500,"height":850,"url":"https:\/\/www.eldiariodetucuman.com\/web\/wp-content\/uploads\/2018\/03\/9a959a9c02c2b7bbf3a92dcc44650e0e.jpeg","type":"image\/jpeg"}],"author":"admin","twitter_card":"summary_large_image","twitter_misc":{"Escrito por":"admin","Tiempo de lectura":"1 minuto"},"schema":{"@context":"https:\/\/schema.org","@graph":[{"@type":"Article","@id":"https:\/\/www.eldiariodetucuman.com\/web\/volvera-el-sol-mira-el-pronostico-para-hoy-y-manana\/#article","isPartOf":{"@id":"https:\/\/www.eldiariodetucuman.com\/web\/volvera-el-sol-mira-el-pronostico-para-hoy-y-manana\/"},"author":{"name":"admin","@id":"https:\/\/www.eldiariodetucuman.com\/web\/#\/schema\/person\/9250197d75ab5483412e19678b121caa"},"headline":"\u00bfVolver\u00e1 el sol? Mir\u00e1 el pron\u00f3stico para hoy y ma\u00f1ana","datePublished":"2018-03-25T15:05:45+00:00","dateModified":"2018-03-25T15:05:49+00:00","mainEntityOfPage":{"@id":"https:\/\/www.eldiariodetucuman.com\/web\/volvera-el-sol-mira-el-pronostico-para-hoy-y-manana\/"},"wordCount":158,"commentCount":0,"publisher":{"@id":"https:\/\/www.eldiariodetucuman.com\/web\/#organization"},"image":{"@id":"https:\/\/www.eldiariodetucuman.com\/web\/volvera-el-sol-mira-el-pronostico-para-hoy-y-manana\/#primaryimage"},"thumbnailUrl":"https:\/\/www.eldiariodetucuman.com\/web\/wp-content\/uploads\/2018\/03\/9a959a9c02c2b7bbf3a92dcc44650e0e.jpeg","articleSection":["Portada"],"inLanguage":"es","potentialAction":[{"@type":"CommentAction","name":"Comment","target":["https:\/\/www.eldiariodetucuman.com\/web\/volvera-el-sol-mira-el-pronostico-para-hoy-y-manana\/#respond"]}]},{"@type":"WebPage","@id":"https:\/\/www.eldiariodetucuman.com\/web\/volvera-el-sol-mira-el-pronostico-para-hoy-y-manana\/","url":"https:\/\/www.eldiariodetucuman.com\/web\/volvera-el-sol-mira-el-pronostico-para-hoy-y-manana\/","name":"\u00bfVolver\u00e1 el sol? Mir\u00e1 el pron\u00f3stico para hoy y ma\u00f1ana - El Diario de Tucuman","isPartOf":{"@id":"https:\/\/www.eldiariodetucuman.com\/web\/#website"},"primaryImageOfPage":{"@id":"https:\/\/www.eldiariodetucuman.com\/web\/volvera-el-sol-mira-el-pronostico-para-hoy-y-manana\/#primaryimage"},"image":{"@id":"https:\/\/www.eldiariodetucuman.com\/web\/volvera-el-sol-mira-el-pronostico-para-hoy-y-manana\/#primaryimage"},"thumbnailUrl":"https:\/\/www.eldiariodetucuman.com\/web\/wp-content\/uploads\/2018\/03\/9a959a9c02c2b7bbf3a92dcc44650e0e.jpeg","datePublished":"2018-03-25T15:05:45+00:00","dateModified":"2018-03-25T15:05:49+00:00","breadcrumb":{"@id":"https:\/\/www.eldiariodetucuman.com\/web\/volvera-el-sol-mira-el-pronostico-para-hoy-y-manana\/#breadcrumb"},"inLanguage":"es","potentialAction":[{"@type":"ReadAction","target":["https:\/\/www.eldiariodetucuman.com\/web\/volvera-el-sol-mira-el-pronostico-para-hoy-y-manana\/"]}]},{"@type":"ImageObject","inLanguage":"es","@id":"https:\/\/www.eldiariodetucuman.com\/web\/volvera-el-sol-mira-el-pronostico-para-hoy-y-manana\/#primaryimage","url":"https:\/\/www.eldiariodetucuman.com\/web\/wp-content\/uploads\/2018\/03\/9a959a9c02c2b7bbf3a92dcc44650e0e.jpeg","contentUrl":"https:\/\/www.eldiariodetucuman.com\/web\/wp-content\/uploads\/2018\/03\/9a959a9c02c2b7bbf3a92dcc44650e0e.jpeg","width":1500,"height":850},{"@type":"BreadcrumbList","@id":"https:\/\/www.eldiariodetucuman.com\/web\/volvera-el-sol-mira-el-pronostico-para-hoy-y-manana\/#breadcrumb","itemListElement":[{"@type":"ListItem","position":1,"name":"Portada","item":"https:\/\/www.eldiariodetucuman.com\/web\/"},{"@type":"ListItem","position":2,"name":"\u00bfVolver\u00e1 el sol? Mir\u00e1 el pron\u00f3stico para hoy y ma\u00f1ana"}]},{"@type":"WebSite","@id":"https:\/\/www.eldiariodetucuman.com\/web\/#website","url":"https:\/\/www.eldiariodetucuman.com\/web\/","name":"El Diario de Tucuman","description":"Diario Tucuman - Informaci\u00f3n y noticias","publisher":{"@id":"https:\/\/www.eldiariodetucuman.com\/web\/#organization"},"potentialAction":[{"@type":"SearchAction","target":{"@type":"EntryPoint","urlTemplate":"https:\/\/www.eldiariodetucuman.com\/web\/?s={search_term_string}"},"query-input":{"@type":"PropertyValueSpecification","valueRequired":true,"valueName":"search_term_string"}}],"inLanguage":"es"},{"@type":"Organization","@id":"https:\/\/www.eldiariodetucuman.com\/web\/#organization","name":"El Diario de Tucuman","url":"https:\/\/www.eldiariodetucuman.com\/web\/","logo":{"@type":"ImageObject","inLanguage":"es","@id":"https:\/\/www.eldiariodetucuman.com\/web\/#\/schema\/logo\/image\/","url":"http:\/\/www.eldiariodetucuman.com\/web\/wp-content\/uploads\/2017\/12\/el-diario-de-tucuman.jpg","contentUrl":"http:\/\/www.eldiariodetucuman.com\/web\/wp-content\/uploads\/2017\/12\/el-diario-de-tucuman.jpg","width":272,"height":92,"caption":"El Diario de Tucuman"},"image":{"@id":"https:\/\/www.eldiariodetucuman.com\/web\/#\/schema\/logo\/image\/"}},{"@type":"Person","@id":"https:\/\/www.eldiariodetucuman.com\/web\/#\/schema\/person\/9250197d75ab5483412e19678b121caa","name":"admin","image":{"@type":"ImageObject","inLanguage":"es","@id":"https:\/\/secure.gravatar.com\/avatar\/c44d117c2be811212c22cb481f6b8384b6873de103fbc49e7a03cc58d7dea4ac?s=96&d=mm&r=g","url":"https:\/\/secure.gravatar.com\/avatar\/c44d117c2be811212c22cb481f6b8384b6873de103fbc49e7a03cc58d7dea4ac?s=96&d=mm&r=g","contentUrl":"https:\/\/secure.gravatar.com\/avatar\/c44d117c2be811212c22cb481f6b8384b6873de103fbc49e7a03cc58d7dea4ac?s=96&d=mm&r=g","caption":"admin"},"url":"https:\/\/www.eldiariodetucuman.com\/web\/author\/admin\/"}]}},"_links":{"self":[{"href":"https:\/\/www.eldiariodetucuman.com\/web\/wp-json\/wp\/v2\/posts\/7420","targetHints":{"allow":["GET"]}}],"collection":[{"href":"https:\/\/www.eldiariodetucuman.com\/web\/wp-json\/wp\/v2\/posts"}],"about":[{"href":"https:\/\/www.eldiariodetucuman.com\/web\/wp-json\/wp\/v2\/types\/post"}],"author":[{"embeddable":true,"href":"https:\/\/www.eldiariodetucuman.com\/web\/wp-json\/wp\/v2\/users\/1"}],"replies":[{"embeddable":true,"href":"https:\/\/www.eldiariodetucuman.com\/web\/wp-json\/wp\/v2\/comments?post=7420"}],"version-history":[{"count":1,"href":"https:\/\/www.eldiariodetucuman.com\/web\/wp-json\/wp\/v2\/posts\/7420\/revisions"}],"predecessor-version":[{"id":7422,"href":"https:\/\/www.eldiariodetucuman.com\/web\/wp-json\/wp\/v2\/posts\/7420\/revisions\/7422"}],"wp:featuredmedia":[{"embeddable":true,"href":"https:\/\/www.eldiariodetucuman.com\/web\/wp-json\/wp\/v2\/media\/7421"}],"wp:attachment":[{"href":"https:\/\/www.eldiariodetucuman.com\/web\/wp-json\/wp\/v2\/media?parent=7420"}],"wp:term":[{"taxonomy":"category","embeddable":true,"href":"https:\/\/www.eldiariodetucuman.com\/web\/wp-json\/wp\/v2\/categories?post=7420"},{"taxonomy":"post_tag","embeddable":true,"href":"https:\/\/www.eldiariodetucuman.com\/web\/wp-json\/wp\/v2\/tags?post=7420"}],"curies":[{"name":"wp","href":"https:\/\/api.w.org\/{rel}","templated":true}]}}