{"id":7233,"date":"2018-03-21T12:59:29","date_gmt":"2018-03-21T15:59:29","guid":{"rendered":"http:\/\/www.eldiariodetucuman.com\/web\/ringo-starr-reivindica-la-paz-ahora-como-sir\/"},"modified":"2018-03-21T12:59:32","modified_gmt":"2018-03-21T15:59:32","slug":"ringo-starr-reivindica-la-paz-ahora-como-sir","status":"publish","type":"post","link":"https:\/\/www.eldiariodetucuman.com\/web\/ringo-starr-reivindica-la-paz-ahora-como-sir\/","title":{"rendered":"Ringo Starr reivindica la paz, ahora como Sir"},"content":{"rendered":"<div>\n<div readability=\"64\">\n<p>Los dedos en V en se\u00f1al de paz es la expresi\u00f3n que eligi\u00f3 <b>Ringo Starr<\/b> para celebrar su consagraci\u00f3n como Caballero del Imperio Brit\u00e1nico. A las puertas del palacio de Buckingham, donde recibi\u00f3 la distinci\u00f3n de manos del pr\u00edncipe <b>Guillermo<\/b>, el m\u00fasico de 77 a\u00f1os estren\u00f3 su t\u00edtulo de Sir con esa pose y en compa\u00f1\u00eda de su esposa, la actriz <b>Barbara Bach<\/b>. <\/p>\n<p>El 7 de julio, <b>Richard Henry Starkey<\/b> (nombre real del artista) cumplir\u00e1 a\u00f1os. Pero se puede afirmar que su nacimiento se concret\u00f3 en agosto de 1962, cuando <b>Pete Best <\/b>fue despedido de la formaci\u00f3n original de The Beatles y Ringo fue llamado para reemplazarlo luego de que <b>Paul McCartney<\/b> y <b>John Lennon<\/b> lo escucharon en Rory Storm &#038; The Hurricanes, la banda que integraba previamente en un Liverpool en ebullici\u00f3n. A partir de all\u00ed, se transform\u00f3 en leyenda junto a sus colegas, con quienes fue nombrado como Miembro de la Orden del Imperio Brit\u00e1nico en 1965, por parte de la Corona.<\/p>\n<p>Starr no se limit\u00f3 a tocar la bater\u00eda, sino que tambi\u00e9n fue parte del coro en diferentes canciones. Adem\u00e1s compuso \u201cDon\u2019t pass me by\u201d y \u201cOctopus\u2019s garden\u201d, pese a lo cual su figura (y su talento) siempre qued\u00f3 a la sombra de sus compa\u00f1eros, incluso detr\u00e1s de <b>George Harrison<\/b>. Su carrera como solista estuvo plagada de altibajos, y se anim\u00f3 incluso a incursionar como actor. La reivindicaci\u00f3n m\u00e1s importante le lleg\u00f3 en 2011, cuando los lectores de la revista Rolling Stone lo votaron como el quinto mejor baterista de la historia. Su \u00faltimo disco es \u201cGive more love\u201d, lanzado al mercado el a\u00f1o pasado; es su producci\u00f3n individual n\u00famero 19 y en dos temas fue acompa\u00f1ado por McCartney, quien detenta el t\u00edtulo de Sir desde hace m\u00e1s de 20 a\u00f1os. Justamente, el cantante insisti\u00f3 en que se le concediese la misma distinci\u00f3n al baterista, que actualmente vive entre Londres, M\u00f3naco y Los \u00c1ngeles.<\/p>\n<\/p><\/div>\n<\/div>\n<p>Fuente: http:\/\/www.lagaceta.com.ar\/nota\/764821\/espectaculos\/ringo-starr-reivindica-paz-ahora-como-sir.html<\/p>\n","protected":false},"excerpt":{"rendered":"<p>Los dedos en V en se\u00f1al de paz es la expresi\u00f3n que eligi\u00f3 Ringo Starr para celebrar su consagraci\u00f3n como Caballero del Imperio Brit\u00e1nico. A las puertas del palacio de Buckingham, donde recibi\u00f3 la distinci\u00f3n de manos del pr\u00edncipe Guillermo, el m\u00fasico de 77 a\u00f1os estren\u00f3 su t\u00edtulo de Sir con esa pose y en [&hellip;]<\/p>\n","protected":false},"author":1,"featured_media":7234,"comment_status":"open","ping_status":"closed","sticky":false,"template":"","format":"standard","meta":{"footnotes":""},"categories":[152],"tags":[],"class_list":{"0":"post-7233","1":"post","2":"type-post","3":"status-publish","4":"format-standard","5":"has-post-thumbnail","7":"category-argentina"},"yoast_head":"<!-- This site is optimized with the Yoast SEO plugin v27.4 - https:\/\/yoast.com\/product\/yoast-seo-wordpress\/ -->\n<title>Ringo Starr reivindica la paz, ahora como Sir - El Diario de Tucuman<\/title>\n<meta name=\"robots\" content=\"index, follow, max-snippet:-1, max-image-preview:large, max-video-preview:-1\" \/>\n<link rel=\"canonical\" href=\"https:\/\/www.eldiariodetucuman.com\/web\/ringo-starr-reivindica-la-paz-ahora-como-sir\/\" \/>\n<meta property=\"og:locale\" content=\"es_ES\" \/>\n<meta property=\"og:type\" content=\"article\" \/>\n<meta property=\"og:title\" content=\"Ringo Starr reivindica la paz, ahora como Sir - El Diario de Tucuman\" \/>\n<meta property=\"og:description\" content=\"Los dedos en V en se\u00f1al de paz es la expresi\u00f3n que eligi\u00f3 Ringo Starr para celebrar su consagraci\u00f3n como Caballero del Imperio Brit\u00e1nico. A las puertas del palacio de Buckingham, donde recibi\u00f3 la distinci\u00f3n de manos del pr\u00edncipe Guillermo, el m\u00fasico de 77 a\u00f1os estren\u00f3 su t\u00edtulo de Sir con esa pose y en [&hellip;]\" \/>\n<meta property=\"og:url\" content=\"https:\/\/www.eldiariodetucuman.com\/web\/ringo-starr-reivindica-la-paz-ahora-como-sir\/\" \/>\n<meta property=\"og:site_name\" content=\"El Diario de Tucuman\" \/>\n<meta property=\"article:published_time\" content=\"2018-03-21T15:59:29+00:00\" \/>\n<meta property=\"article:modified_time\" content=\"2018-03-21T15:59:32+00:00\" \/>\n<meta property=\"og:image\" content=\"https:\/\/www.eldiariodetucuman.com\/web\/wp-content\/uploads\/2018\/03\/e3664abad1d2cb6ed13a931508a0ce99.jpeg\" \/>\n\t<meta property=\"og:image:width\" content=\"710\" \/>\n\t<meta property=\"og:image:height\" content=\"1080\" \/>\n\t<meta property=\"og:image:type\" content=\"image\/jpeg\" \/>\n<meta name=\"author\" content=\"admin\" \/>\n<meta name=\"twitter:card\" content=\"summary_large_image\" \/>\n<meta name=\"twitter:label1\" content=\"Escrito por\" \/>\n\t<meta name=\"twitter:data1\" content=\"admin\" \/>\n\t<meta name=\"twitter:label2\" content=\"Tiempo de lectura\" \/>\n\t<meta name=\"twitter:data2\" content=\"2 minutos\" \/>\n<script type=\"application\/ld+json\" class=\"yoast-schema-graph\">{\"@context\":\"https:\\\/\\\/schema.org\",\"@graph\":[{\"@type\":\"Article\",\"@id\":\"https:\\\/\\\/www.eldiariodetucuman.com\\\/web\\\/ringo-starr-reivindica-la-paz-ahora-como-sir\\\/#article\",\"isPartOf\":{\"@id\":\"https:\\\/\\\/www.eldiariodetucuman.com\\\/web\\\/ringo-starr-reivindica-la-paz-ahora-como-sir\\\/\"},\"author\":{\"name\":\"admin\",\"@id\":\"https:\\\/\\\/www.eldiariodetucuman.com\\\/web\\\/#\\\/schema\\\/person\\\/9250197d75ab5483412e19678b121caa\"},\"headline\":\"Ringo Starr reivindica la paz, ahora como Sir\",\"datePublished\":\"2018-03-21T15:59:29+00:00\",\"dateModified\":\"2018-03-21T15:59:32+00:00\",\"mainEntityOfPage\":{\"@id\":\"https:\\\/\\\/www.eldiariodetucuman.com\\\/web\\\/ringo-starr-reivindica-la-paz-ahora-como-sir\\\/\"},\"wordCount\":359,\"commentCount\":0,\"publisher\":{\"@id\":\"https:\\\/\\\/www.eldiariodetucuman.com\\\/web\\\/#organization\"},\"image\":{\"@id\":\"https:\\\/\\\/www.eldiariodetucuman.com\\\/web\\\/ringo-starr-reivindica-la-paz-ahora-como-sir\\\/#primaryimage\"},\"thumbnailUrl\":\"https:\\\/\\\/www.eldiariodetucuman.com\\\/web\\\/wp-content\\\/uploads\\\/2018\\\/03\\\/e3664abad1d2cb6ed13a931508a0ce99.jpeg\",\"articleSection\":[\"Argentina\"],\"inLanguage\":\"es\",\"potentialAction\":[{\"@type\":\"CommentAction\",\"name\":\"Comment\",\"target\":[\"https:\\\/\\\/www.eldiariodetucuman.com\\\/web\\\/ringo-starr-reivindica-la-paz-ahora-como-sir\\\/#respond\"]}]},{\"@type\":\"WebPage\",\"@id\":\"https:\\\/\\\/www.eldiariodetucuman.com\\\/web\\\/ringo-starr-reivindica-la-paz-ahora-como-sir\\\/\",\"url\":\"https:\\\/\\\/www.eldiariodetucuman.com\\\/web\\\/ringo-starr-reivindica-la-paz-ahora-como-sir\\\/\",\"name\":\"Ringo Starr reivindica la paz, ahora como Sir - El Diario de Tucuman\",\"isPartOf\":{\"@id\":\"https:\\\/\\\/www.eldiariodetucuman.com\\\/web\\\/#website\"},\"primaryImageOfPage\":{\"@id\":\"https:\\\/\\\/www.eldiariodetucuman.com\\\/web\\\/ringo-starr-reivindica-la-paz-ahora-como-sir\\\/#primaryimage\"},\"image\":{\"@id\":\"https:\\\/\\\/www.eldiariodetucuman.com\\\/web\\\/ringo-starr-reivindica-la-paz-ahora-como-sir\\\/#primaryimage\"},\"thumbnailUrl\":\"https:\\\/\\\/www.eldiariodetucuman.com\\\/web\\\/wp-content\\\/uploads\\\/2018\\\/03\\\/e3664abad1d2cb6ed13a931508a0ce99.jpeg\",\"datePublished\":\"2018-03-21T15:59:29+00:00\",\"dateModified\":\"2018-03-21T15:59:32+00:00\",\"breadcrumb\":{\"@id\":\"https:\\\/\\\/www.eldiariodetucuman.com\\\/web\\\/ringo-starr-reivindica-la-paz-ahora-como-sir\\\/#breadcrumb\"},\"inLanguage\":\"es\",\"potentialAction\":[{\"@type\":\"ReadAction\",\"target\":[\"https:\\\/\\\/www.eldiariodetucuman.com\\\/web\\\/ringo-starr-reivindica-la-paz-ahora-como-sir\\\/\"]}]},{\"@type\":\"ImageObject\",\"inLanguage\":\"es\",\"@id\":\"https:\\\/\\\/www.eldiariodetucuman.com\\\/web\\\/ringo-starr-reivindica-la-paz-ahora-como-sir\\\/#primaryimage\",\"url\":\"https:\\\/\\\/www.eldiariodetucuman.com\\\/web\\\/wp-content\\\/uploads\\\/2018\\\/03\\\/e3664abad1d2cb6ed13a931508a0ce99.jpeg\",\"contentUrl\":\"https:\\\/\\\/www.eldiariodetucuman.com\\\/web\\\/wp-content\\\/uploads\\\/2018\\\/03\\\/e3664abad1d2cb6ed13a931508a0ce99.jpeg\",\"width\":710,\"height\":1080},{\"@type\":\"BreadcrumbList\",\"@id\":\"https:\\\/\\\/www.eldiariodetucuman.com\\\/web\\\/ringo-starr-reivindica-la-paz-ahora-como-sir\\\/#breadcrumb\",\"itemListElement\":[{\"@type\":\"ListItem\",\"position\":1,\"name\":\"Portada\",\"item\":\"https:\\\/\\\/www.eldiariodetucuman.com\\\/web\\\/\"},{\"@type\":\"ListItem\",\"position\":2,\"name\":\"Ringo Starr reivindica la paz, ahora como Sir\"}]},{\"@type\":\"WebSite\",\"@id\":\"https:\\\/\\\/www.eldiariodetucuman.com\\\/web\\\/#website\",\"url\":\"https:\\\/\\\/www.eldiariodetucuman.com\\\/web\\\/\",\"name\":\"El Diario de Tucuman\",\"description\":\"Diario Tucuman - Informaci\u00f3n y noticias\",\"publisher\":{\"@id\":\"https:\\\/\\\/www.eldiariodetucuman.com\\\/web\\\/#organization\"},\"potentialAction\":[{\"@type\":\"SearchAction\",\"target\":{\"@type\":\"EntryPoint\",\"urlTemplate\":\"https:\\\/\\\/www.eldiariodetucuman.com\\\/web\\\/?s={search_term_string}\"},\"query-input\":{\"@type\":\"PropertyValueSpecification\",\"valueRequired\":true,\"valueName\":\"search_term_string\"}}],\"inLanguage\":\"es\"},{\"@type\":\"Organization\",\"@id\":\"https:\\\/\\\/www.eldiariodetucuman.com\\\/web\\\/#organization\",\"name\":\"El Diario de Tucuman\",\"url\":\"https:\\\/\\\/www.eldiariodetucuman.com\\\/web\\\/\",\"logo\":{\"@type\":\"ImageObject\",\"inLanguage\":\"es\",\"@id\":\"https:\\\/\\\/www.eldiariodetucuman.com\\\/web\\\/#\\\/schema\\\/logo\\\/image\\\/\",\"url\":\"http:\\\/\\\/www.eldiariodetucuman.com\\\/web\\\/wp-content\\\/uploads\\\/2017\\\/12\\\/el-diario-de-tucuman.jpg\",\"contentUrl\":\"http:\\\/\\\/www.eldiariodetucuman.com\\\/web\\\/wp-content\\\/uploads\\\/2017\\\/12\\\/el-diario-de-tucuman.jpg\",\"width\":272,\"height\":92,\"caption\":\"El Diario de Tucuman\"},\"image\":{\"@id\":\"https:\\\/\\\/www.eldiariodetucuman.com\\\/web\\\/#\\\/schema\\\/logo\\\/image\\\/\"}},{\"@type\":\"Person\",\"@id\":\"https:\\\/\\\/www.eldiariodetucuman.com\\\/web\\\/#\\\/schema\\\/person\\\/9250197d75ab5483412e19678b121caa\",\"name\":\"admin\",\"image\":{\"@type\":\"ImageObject\",\"inLanguage\":\"es\",\"@id\":\"https:\\\/\\\/secure.gravatar.com\\\/avatar\\\/c44d117c2be811212c22cb481f6b8384b6873de103fbc49e7a03cc58d7dea4ac?s=96&d=mm&r=g\",\"url\":\"https:\\\/\\\/secure.gravatar.com\\\/avatar\\\/c44d117c2be811212c22cb481f6b8384b6873de103fbc49e7a03cc58d7dea4ac?s=96&d=mm&r=g\",\"contentUrl\":\"https:\\\/\\\/secure.gravatar.com\\\/avatar\\\/c44d117c2be811212c22cb481f6b8384b6873de103fbc49e7a03cc58d7dea4ac?s=96&d=mm&r=g\",\"caption\":\"admin\"},\"url\":\"https:\\\/\\\/www.eldiariodetucuman.com\\\/web\\\/author\\\/admin\\\/\"}]}<\/script>\n<!-- \/ Yoast SEO plugin. -->","yoast_head_json":{"title":"Ringo Starr reivindica la paz, ahora como Sir - El Diario de Tucuman","robots":{"index":"index","follow":"follow","max-snippet":"max-snippet:-1","max-image-preview":"max-image-preview:large","max-video-preview":"max-video-preview:-1"},"canonical":"https:\/\/www.eldiariodetucuman.com\/web\/ringo-starr-reivindica-la-paz-ahora-como-sir\/","og_locale":"es_ES","og_type":"article","og_title":"Ringo Starr reivindica la paz, ahora como Sir - El Diario de Tucuman","og_description":"Los dedos en V en se\u00f1al de paz es la expresi\u00f3n que eligi\u00f3 Ringo Starr para celebrar su consagraci\u00f3n como Caballero del Imperio Brit\u00e1nico. A las puertas del palacio de Buckingham, donde recibi\u00f3 la distinci\u00f3n de manos del pr\u00edncipe Guillermo, el m\u00fasico de 77 a\u00f1os estren\u00f3 su t\u00edtulo de Sir con esa pose y en [&hellip;]","og_url":"https:\/\/www.eldiariodetucuman.com\/web\/ringo-starr-reivindica-la-paz-ahora-como-sir\/","og_site_name":"El Diario de Tucuman","article_published_time":"2018-03-21T15:59:29+00:00","article_modified_time":"2018-03-21T15:59:32+00:00","og_image":[{"width":710,"height":1080,"url":"https:\/\/www.eldiariodetucuman.com\/web\/wp-content\/uploads\/2018\/03\/e3664abad1d2cb6ed13a931508a0ce99.jpeg","type":"image\/jpeg"}],"author":"admin","twitter_card":"summary_large_image","twitter_misc":{"Escrito por":"admin","Tiempo de lectura":"2 minutos"},"schema":{"@context":"https:\/\/schema.org","@graph":[{"@type":"Article","@id":"https:\/\/www.eldiariodetucuman.com\/web\/ringo-starr-reivindica-la-paz-ahora-como-sir\/#article","isPartOf":{"@id":"https:\/\/www.eldiariodetucuman.com\/web\/ringo-starr-reivindica-la-paz-ahora-como-sir\/"},"author":{"name":"admin","@id":"https:\/\/www.eldiariodetucuman.com\/web\/#\/schema\/person\/9250197d75ab5483412e19678b121caa"},"headline":"Ringo Starr reivindica la paz, ahora como Sir","datePublished":"2018-03-21T15:59:29+00:00","dateModified":"2018-03-21T15:59:32+00:00","mainEntityOfPage":{"@id":"https:\/\/www.eldiariodetucuman.com\/web\/ringo-starr-reivindica-la-paz-ahora-como-sir\/"},"wordCount":359,"commentCount":0,"publisher":{"@id":"https:\/\/www.eldiariodetucuman.com\/web\/#organization"},"image":{"@id":"https:\/\/www.eldiariodetucuman.com\/web\/ringo-starr-reivindica-la-paz-ahora-como-sir\/#primaryimage"},"thumbnailUrl":"https:\/\/www.eldiariodetucuman.com\/web\/wp-content\/uploads\/2018\/03\/e3664abad1d2cb6ed13a931508a0ce99.jpeg","articleSection":["Argentina"],"inLanguage":"es","potentialAction":[{"@type":"CommentAction","name":"Comment","target":["https:\/\/www.eldiariodetucuman.com\/web\/ringo-starr-reivindica-la-paz-ahora-como-sir\/#respond"]}]},{"@type":"WebPage","@id":"https:\/\/www.eldiariodetucuman.com\/web\/ringo-starr-reivindica-la-paz-ahora-como-sir\/","url":"https:\/\/www.eldiariodetucuman.com\/web\/ringo-starr-reivindica-la-paz-ahora-como-sir\/","name":"Ringo Starr reivindica la paz, ahora como Sir - El Diario de Tucuman","isPartOf":{"@id":"https:\/\/www.eldiariodetucuman.com\/web\/#website"},"primaryImageOfPage":{"@id":"https:\/\/www.eldiariodetucuman.com\/web\/ringo-starr-reivindica-la-paz-ahora-como-sir\/#primaryimage"},"image":{"@id":"https:\/\/www.eldiariodetucuman.com\/web\/ringo-starr-reivindica-la-paz-ahora-como-sir\/#primaryimage"},"thumbnailUrl":"https:\/\/www.eldiariodetucuman.com\/web\/wp-content\/uploads\/2018\/03\/e3664abad1d2cb6ed13a931508a0ce99.jpeg","datePublished":"2018-03-21T15:59:29+00:00","dateModified":"2018-03-21T15:59:32+00:00","breadcrumb":{"@id":"https:\/\/www.eldiariodetucuman.com\/web\/ringo-starr-reivindica-la-paz-ahora-como-sir\/#breadcrumb"},"inLanguage":"es","potentialAction":[{"@type":"ReadAction","target":["https:\/\/www.eldiariodetucuman.com\/web\/ringo-starr-reivindica-la-paz-ahora-como-sir\/"]}]},{"@type":"ImageObject","inLanguage":"es","@id":"https:\/\/www.eldiariodetucuman.com\/web\/ringo-starr-reivindica-la-paz-ahora-como-sir\/#primaryimage","url":"https:\/\/www.eldiariodetucuman.com\/web\/wp-content\/uploads\/2018\/03\/e3664abad1d2cb6ed13a931508a0ce99.jpeg","contentUrl":"https:\/\/www.eldiariodetucuman.com\/web\/wp-content\/uploads\/2018\/03\/e3664abad1d2cb6ed13a931508a0ce99.jpeg","width":710,"height":1080},{"@type":"BreadcrumbList","@id":"https:\/\/www.eldiariodetucuman.com\/web\/ringo-starr-reivindica-la-paz-ahora-como-sir\/#breadcrumb","itemListElement":[{"@type":"ListItem","position":1,"name":"Portada","item":"https:\/\/www.eldiariodetucuman.com\/web\/"},{"@type":"ListItem","position":2,"name":"Ringo Starr reivindica la paz, ahora como Sir"}]},{"@type":"WebSite","@id":"https:\/\/www.eldiariodetucuman.com\/web\/#website","url":"https:\/\/www.eldiariodetucuman.com\/web\/","name":"El Diario de Tucuman","description":"Diario Tucuman - Informaci\u00f3n y noticias","publisher":{"@id":"https:\/\/www.eldiariodetucuman.com\/web\/#organization"},"potentialAction":[{"@type":"SearchAction","target":{"@type":"EntryPoint","urlTemplate":"https:\/\/www.eldiariodetucuman.com\/web\/?s={search_term_string}"},"query-input":{"@type":"PropertyValueSpecification","valueRequired":true,"valueName":"search_term_string"}}],"inLanguage":"es"},{"@type":"Organization","@id":"https:\/\/www.eldiariodetucuman.com\/web\/#organization","name":"El Diario de Tucuman","url":"https:\/\/www.eldiariodetucuman.com\/web\/","logo":{"@type":"ImageObject","inLanguage":"es","@id":"https:\/\/www.eldiariodetucuman.com\/web\/#\/schema\/logo\/image\/","url":"http:\/\/www.eldiariodetucuman.com\/web\/wp-content\/uploads\/2017\/12\/el-diario-de-tucuman.jpg","contentUrl":"http:\/\/www.eldiariodetucuman.com\/web\/wp-content\/uploads\/2017\/12\/el-diario-de-tucuman.jpg","width":272,"height":92,"caption":"El Diario de Tucuman"},"image":{"@id":"https:\/\/www.eldiariodetucuman.com\/web\/#\/schema\/logo\/image\/"}},{"@type":"Person","@id":"https:\/\/www.eldiariodetucuman.com\/web\/#\/schema\/person\/9250197d75ab5483412e19678b121caa","name":"admin","image":{"@type":"ImageObject","inLanguage":"es","@id":"https:\/\/secure.gravatar.com\/avatar\/c44d117c2be811212c22cb481f6b8384b6873de103fbc49e7a03cc58d7dea4ac?s=96&d=mm&r=g","url":"https:\/\/secure.gravatar.com\/avatar\/c44d117c2be811212c22cb481f6b8384b6873de103fbc49e7a03cc58d7dea4ac?s=96&d=mm&r=g","contentUrl":"https:\/\/secure.gravatar.com\/avatar\/c44d117c2be811212c22cb481f6b8384b6873de103fbc49e7a03cc58d7dea4ac?s=96&d=mm&r=g","caption":"admin"},"url":"https:\/\/www.eldiariodetucuman.com\/web\/author\/admin\/"}]}},"_links":{"self":[{"href":"https:\/\/www.eldiariodetucuman.com\/web\/wp-json\/wp\/v2\/posts\/7233","targetHints":{"allow":["GET"]}}],"collection":[{"href":"https:\/\/www.eldiariodetucuman.com\/web\/wp-json\/wp\/v2\/posts"}],"about":[{"href":"https:\/\/www.eldiariodetucuman.com\/web\/wp-json\/wp\/v2\/types\/post"}],"author":[{"embeddable":true,"href":"https:\/\/www.eldiariodetucuman.com\/web\/wp-json\/wp\/v2\/users\/1"}],"replies":[{"embeddable":true,"href":"https:\/\/www.eldiariodetucuman.com\/web\/wp-json\/wp\/v2\/comments?post=7233"}],"version-history":[{"count":1,"href":"https:\/\/www.eldiariodetucuman.com\/web\/wp-json\/wp\/v2\/posts\/7233\/revisions"}],"predecessor-version":[{"id":7235,"href":"https:\/\/www.eldiariodetucuman.com\/web\/wp-json\/wp\/v2\/posts\/7233\/revisions\/7235"}],"wp:featuredmedia":[{"embeddable":true,"href":"https:\/\/www.eldiariodetucuman.com\/web\/wp-json\/wp\/v2\/media\/7234"}],"wp:attachment":[{"href":"https:\/\/www.eldiariodetucuman.com\/web\/wp-json\/wp\/v2\/media?parent=7233"}],"wp:term":[{"taxonomy":"category","embeddable":true,"href":"https:\/\/www.eldiariodetucuman.com\/web\/wp-json\/wp\/v2\/categories?post=7233"},{"taxonomy":"post_tag","embeddable":true,"href":"https:\/\/www.eldiariodetucuman.com\/web\/wp-json\/wp\/v2\/tags?post=7233"}],"curies":[{"name":"wp","href":"https:\/\/api.w.org\/{rel}","templated":true}]}}