{"id":7231,"date":"2018-03-21T12:55:32","date_gmt":"2018-03-21T15:55:32","guid":{"rendered":"http:\/\/www.eldiariodetucuman.com\/web\/para-el-cofundador-de-whatsapp-llego-el-momento-de-dejar-de-usar-facebook\/"},"modified":"2018-03-21T12:55:32","modified_gmt":"2018-03-21T15:55:32","slug":"para-el-cofundador-de-whatsapp-llego-el-momento-de-dejar-de-usar-facebook","status":"publish","type":"post","link":"https:\/\/www.eldiariodetucuman.com\/web\/para-el-cofundador-de-whatsapp-llego-el-momento-de-dejar-de-usar-facebook\/","title":{"rendered":"Para el cofundador de Whatsapp lleg\u00f3 el momento de dejar de usar Facebook"},"content":{"rendered":"<div>\n<div id=\"cuerpo\">\n<figure class=\"XL caja-destacada epigrafe\" id=\"figure_2651788\" data-is=\"imagen\"><span title=\"Ampliar imagen\" class=\"icon-ampliar\"><\/span><br \/>\n                        <span title=\"Cerrar modal\" class=\"icon-cerrar\"><\/span><figcaption><epigrafe>Brian Acton, uno de los creadores de Whatsapp<\/epigrafe><span class=\"fuente\"> Cr\u00e9dito: Gentileza WSJ<\/span><br \/>\n                        <\/figcaption><\/figure>\n<p class=\"capital\">Brian Acton es<br \/>\n<a class=\"link\" href=\"https:\/\/www.lanacion.com.ar\/1665770-las-historias-detras-de-los-cofundadores-de-whatsapp\">uno de los creadores de Whatsapp, junto a su colega Jan Koum  <\/a>  . En 2014<br \/>\n<a class=\"link\" href=\"https:\/\/www.lanacion.com.ar\/1665563-facebook-compra-whatsapp-pagara-us-16000-millones\">vendieron el mensajero instant\u00e1neo a Facebook por 19.500 millones de d\u00f3lares<\/a>. Koum se qued\u00f3 al frente de Whatsapp,  y Acton se transform\u00f3 en un inversor, con los 6500 millones de d\u00f3lares que recibi\u00f3 por la venta.<\/p>\n<p><!-- middle1 --><\/p>\n<p><!-- middle1 --><\/p>\n<p>Viendo c\u00f3mo se desenvolv\u00eda<br \/>\n<a class=\"link\" href=\"https:\/\/www.lanacion.com.ar\/2118307-4-claves-para-entender-el-escandalo-politico-de-cambridge-analytica-y-facebook\">el esc\u00e1ndalo que involucra a Facebook, a la firma de miner\u00eda de datos Cambridge Analytica<\/a>  y a las acusaciones de que \u00e9sta us\u00f3 un test de personalidad para acceder sin autorizaci\u00f3n a millones de perfiles de usuarios, con el fin de mostrarles propaganda que influyera sobre su voto en las elecciones de Estados Unidos, Brian Acton public\u00f3 un tuit con apenas tres palabras y un hashtag.<\/p>\n<p><!-- middle1 --><\/p>\n<section class=\"listado ademas floatFix\" id=\"listadoAdemas\" data-is-block=\"true\" data-block-name=\"n_relacionadas-cuerpo\" data-diagramacion-id=\"0\"><\/section>\n<p>\u00abYa es tiempo. #borr\u00e1facebook\u00bb, public\u00f3 en su cuenta de Twitter, y transform\u00f3 ese mensaje en viral, con m\u00e1s de 11 mil Me gusta y m\u00e1s de 5500 retuits.<\/p>\n<p><!-- middle1 --><\/p>\n<p><!-- middle1 --><\/p>\n<p>Acton, adem\u00e1s, es el promotor de la Fundaci\u00f3n Signal, que busca llevar la tecnolog\u00eda de encriptaci\u00f3n de datos que usa Whatsapp a otras plataformas.<\/p>\n<p>                <!-- firma autor --><\/p>\n<p>                <!-- temas --><\/p>\n<div class=\"temas\">\n<h4>temas <b>en esta nota<\/b><\/h4>\n<p> <!-- ***NUEVO*** - caja like --><\/p>\n<p>\n    <span class=\"texto-like\"> \u00bfTe gust\u00f3 <b>esta nota?<\/b><\/span><br \/>\n    <span class=\"icon-me-gusta\"> <\/span>\n<\/p>\n<\/p><\/div>\n<\/p><\/div>\n<\/div>\n","protected":false},"excerpt":{"rendered":"<p>Brian Acton, uno de los creadores de Whatsapp Cr\u00e9dito: Gentileza WSJ Brian Acton es uno de los creadores de Whatsapp, junto a su colega Jan Koum . En 2014 vendieron el mensajero instant\u00e1neo a Facebook por 19.500 millones de d\u00f3lares. Koum se qued\u00f3 al frente de Whatsapp, y Acton se transform\u00f3 en un inversor, con [&hellip;]<\/p>\n","protected":false},"author":4,"featured_media":7232,"comment_status":"open","ping_status":"closed","sticky":false,"template":"","format":"standard","meta":{"footnotes":""},"categories":[154],"tags":[],"class_list":{"0":"post-7231","1":"post","2":"type-post","3":"status-publish","4":"format-standard","5":"has-post-thumbnail","7":"category-ciencia-y-tecnologia"},"yoast_head":"<!-- This site is optimized with the Yoast SEO plugin v27.4 - https:\/\/yoast.com\/product\/yoast-seo-wordpress\/ -->\n<title>Para el cofundador de Whatsapp lleg\u00f3 el momento de dejar de usar Facebook - El Diario de Tucuman<\/title>\n<meta name=\"robots\" content=\"index, follow, max-snippet:-1, max-image-preview:large, max-video-preview:-1\" \/>\n<link rel=\"canonical\" href=\"https:\/\/www.eldiariodetucuman.com\/web\/para-el-cofundador-de-whatsapp-llego-el-momento-de-dejar-de-usar-facebook\/\" \/>\n<meta property=\"og:locale\" content=\"es_ES\" \/>\n<meta property=\"og:type\" content=\"article\" \/>\n<meta property=\"og:title\" content=\"Para el cofundador de Whatsapp lleg\u00f3 el momento de dejar de usar Facebook - El Diario de Tucuman\" \/>\n<meta property=\"og:description\" content=\"Brian Acton, uno de los creadores de Whatsapp Cr\u00e9dito: Gentileza WSJ Brian Acton es uno de los creadores de Whatsapp, junto a su colega Jan Koum . En 2014 vendieron el mensajero instant\u00e1neo a Facebook por 19.500 millones de d\u00f3lares. Koum se qued\u00f3 al frente de Whatsapp, y Acton se transform\u00f3 en un inversor, con [&hellip;]\" \/>\n<meta property=\"og:url\" content=\"https:\/\/www.eldiariodetucuman.com\/web\/para-el-cofundador-de-whatsapp-llego-el-momento-de-dejar-de-usar-facebook\/\" \/>\n<meta property=\"og:site_name\" content=\"El Diario de Tucuman\" \/>\n<meta property=\"article:published_time\" content=\"2018-03-21T15:55:32+00:00\" \/>\n<meta property=\"og:image\" content=\"https:\/\/www.eldiariodetucuman.com\/web\/wp-content\/uploads\/2018\/03\/ad6892f3009df92471c6f4c5788eab08.jpeg\" \/>\n\t<meta property=\"og:image:width\" content=\"1032\" \/>\n\t<meta property=\"og:image:height\" content=\"688\" \/>\n\t<meta property=\"og:image:type\" content=\"image\/jpeg\" \/>\n<meta name=\"author\" content=\"eldiario detucuman\" \/>\n<meta name=\"twitter:card\" content=\"summary_large_image\" \/>\n<meta name=\"twitter:label1\" content=\"Escrito por\" \/>\n\t<meta name=\"twitter:data1\" content=\"eldiario detucuman\" \/>\n\t<meta name=\"twitter:label2\" content=\"Tiempo de lectura\" \/>\n\t<meta name=\"twitter:data2\" content=\"1 minuto\" \/>\n<script type=\"application\/ld+json\" class=\"yoast-schema-graph\">{\"@context\":\"https:\\\/\\\/schema.org\",\"@graph\":[{\"@type\":\"Article\",\"@id\":\"https:\\\/\\\/www.eldiariodetucuman.com\\\/web\\\/para-el-cofundador-de-whatsapp-llego-el-momento-de-dejar-de-usar-facebook\\\/#article\",\"isPartOf\":{\"@id\":\"https:\\\/\\\/www.eldiariodetucuman.com\\\/web\\\/para-el-cofundador-de-whatsapp-llego-el-momento-de-dejar-de-usar-facebook\\\/\"},\"author\":{\"name\":\"eldiario detucuman\",\"@id\":\"https:\\\/\\\/www.eldiariodetucuman.com\\\/web\\\/#\\\/schema\\\/person\\\/6f95946e54fde848b878ffa4928071d5\"},\"headline\":\"Para el cofundador de Whatsapp lleg\u00f3 el momento de dejar de usar Facebook\",\"datePublished\":\"2018-03-21T15:55:32+00:00\",\"mainEntityOfPage\":{\"@id\":\"https:\\\/\\\/www.eldiariodetucuman.com\\\/web\\\/para-el-cofundador-de-whatsapp-llego-el-momento-de-dejar-de-usar-facebook\\\/\"},\"wordCount\":218,\"commentCount\":0,\"publisher\":{\"@id\":\"https:\\\/\\\/www.eldiariodetucuman.com\\\/web\\\/#organization\"},\"image\":{\"@id\":\"https:\\\/\\\/www.eldiariodetucuman.com\\\/web\\\/para-el-cofundador-de-whatsapp-llego-el-momento-de-dejar-de-usar-facebook\\\/#primaryimage\"},\"thumbnailUrl\":\"https:\\\/\\\/www.eldiariodetucuman.com\\\/web\\\/wp-content\\\/uploads\\\/2018\\\/03\\\/ad6892f3009df92471c6f4c5788eab08.jpeg\",\"articleSection\":[\"ciencia y tecnologia\"],\"inLanguage\":\"es\",\"potentialAction\":[{\"@type\":\"CommentAction\",\"name\":\"Comment\",\"target\":[\"https:\\\/\\\/www.eldiariodetucuman.com\\\/web\\\/para-el-cofundador-de-whatsapp-llego-el-momento-de-dejar-de-usar-facebook\\\/#respond\"]}]},{\"@type\":\"WebPage\",\"@id\":\"https:\\\/\\\/www.eldiariodetucuman.com\\\/web\\\/para-el-cofundador-de-whatsapp-llego-el-momento-de-dejar-de-usar-facebook\\\/\",\"url\":\"https:\\\/\\\/www.eldiariodetucuman.com\\\/web\\\/para-el-cofundador-de-whatsapp-llego-el-momento-de-dejar-de-usar-facebook\\\/\",\"name\":\"Para el cofundador de Whatsapp lleg\u00f3 el momento de dejar de usar Facebook - El Diario de Tucuman\",\"isPartOf\":{\"@id\":\"https:\\\/\\\/www.eldiariodetucuman.com\\\/web\\\/#website\"},\"primaryImageOfPage\":{\"@id\":\"https:\\\/\\\/www.eldiariodetucuman.com\\\/web\\\/para-el-cofundador-de-whatsapp-llego-el-momento-de-dejar-de-usar-facebook\\\/#primaryimage\"},\"image\":{\"@id\":\"https:\\\/\\\/www.eldiariodetucuman.com\\\/web\\\/para-el-cofundador-de-whatsapp-llego-el-momento-de-dejar-de-usar-facebook\\\/#primaryimage\"},\"thumbnailUrl\":\"https:\\\/\\\/www.eldiariodetucuman.com\\\/web\\\/wp-content\\\/uploads\\\/2018\\\/03\\\/ad6892f3009df92471c6f4c5788eab08.jpeg\",\"datePublished\":\"2018-03-21T15:55:32+00:00\",\"breadcrumb\":{\"@id\":\"https:\\\/\\\/www.eldiariodetucuman.com\\\/web\\\/para-el-cofundador-de-whatsapp-llego-el-momento-de-dejar-de-usar-facebook\\\/#breadcrumb\"},\"inLanguage\":\"es\",\"potentialAction\":[{\"@type\":\"ReadAction\",\"target\":[\"https:\\\/\\\/www.eldiariodetucuman.com\\\/web\\\/para-el-cofundador-de-whatsapp-llego-el-momento-de-dejar-de-usar-facebook\\\/\"]}]},{\"@type\":\"ImageObject\",\"inLanguage\":\"es\",\"@id\":\"https:\\\/\\\/www.eldiariodetucuman.com\\\/web\\\/para-el-cofundador-de-whatsapp-llego-el-momento-de-dejar-de-usar-facebook\\\/#primaryimage\",\"url\":\"https:\\\/\\\/www.eldiariodetucuman.com\\\/web\\\/wp-content\\\/uploads\\\/2018\\\/03\\\/ad6892f3009df92471c6f4c5788eab08.jpeg\",\"contentUrl\":\"https:\\\/\\\/www.eldiariodetucuman.com\\\/web\\\/wp-content\\\/uploads\\\/2018\\\/03\\\/ad6892f3009df92471c6f4c5788eab08.jpeg\",\"width\":1032,\"height\":688},{\"@type\":\"BreadcrumbList\",\"@id\":\"https:\\\/\\\/www.eldiariodetucuman.com\\\/web\\\/para-el-cofundador-de-whatsapp-llego-el-momento-de-dejar-de-usar-facebook\\\/#breadcrumb\",\"itemListElement\":[{\"@type\":\"ListItem\",\"position\":1,\"name\":\"Portada\",\"item\":\"https:\\\/\\\/www.eldiariodetucuman.com\\\/web\\\/\"},{\"@type\":\"ListItem\",\"position\":2,\"name\":\"Para el cofundador de Whatsapp lleg\u00f3 el momento de dejar de usar Facebook\"}]},{\"@type\":\"WebSite\",\"@id\":\"https:\\\/\\\/www.eldiariodetucuman.com\\\/web\\\/#website\",\"url\":\"https:\\\/\\\/www.eldiariodetucuman.com\\\/web\\\/\",\"name\":\"El Diario de Tucuman\",\"description\":\"Diario Tucuman - Informaci\u00f3n y noticias\",\"publisher\":{\"@id\":\"https:\\\/\\\/www.eldiariodetucuman.com\\\/web\\\/#organization\"},\"potentialAction\":[{\"@type\":\"SearchAction\",\"target\":{\"@type\":\"EntryPoint\",\"urlTemplate\":\"https:\\\/\\\/www.eldiariodetucuman.com\\\/web\\\/?s={search_term_string}\"},\"query-input\":{\"@type\":\"PropertyValueSpecification\",\"valueRequired\":true,\"valueName\":\"search_term_string\"}}],\"inLanguage\":\"es\"},{\"@type\":\"Organization\",\"@id\":\"https:\\\/\\\/www.eldiariodetucuman.com\\\/web\\\/#organization\",\"name\":\"El Diario de Tucuman\",\"url\":\"https:\\\/\\\/www.eldiariodetucuman.com\\\/web\\\/\",\"logo\":{\"@type\":\"ImageObject\",\"inLanguage\":\"es\",\"@id\":\"https:\\\/\\\/www.eldiariodetucuman.com\\\/web\\\/#\\\/schema\\\/logo\\\/image\\\/\",\"url\":\"http:\\\/\\\/www.eldiariodetucuman.com\\\/web\\\/wp-content\\\/uploads\\\/2017\\\/12\\\/el-diario-de-tucuman.jpg\",\"contentUrl\":\"http:\\\/\\\/www.eldiariodetucuman.com\\\/web\\\/wp-content\\\/uploads\\\/2017\\\/12\\\/el-diario-de-tucuman.jpg\",\"width\":272,\"height\":92,\"caption\":\"El Diario de Tucuman\"},\"image\":{\"@id\":\"https:\\\/\\\/www.eldiariodetucuman.com\\\/web\\\/#\\\/schema\\\/logo\\\/image\\\/\"}},{\"@type\":\"Person\",\"@id\":\"https:\\\/\\\/www.eldiariodetucuman.com\\\/web\\\/#\\\/schema\\\/person\\\/6f95946e54fde848b878ffa4928071d5\",\"name\":\"eldiario detucuman\",\"image\":{\"@type\":\"ImageObject\",\"inLanguage\":\"es\",\"@id\":\"https:\\\/\\\/secure.gravatar.com\\\/avatar\\\/b6e1f89c5c4044c4962c8e6c20b1ca2cc99f549c965908afd4ec5308b3f51bfe?s=96&d=mm&r=g\",\"url\":\"https:\\\/\\\/secure.gravatar.com\\\/avatar\\\/b6e1f89c5c4044c4962c8e6c20b1ca2cc99f549c965908afd4ec5308b3f51bfe?s=96&d=mm&r=g\",\"contentUrl\":\"https:\\\/\\\/secure.gravatar.com\\\/avatar\\\/b6e1f89c5c4044c4962c8e6c20b1ca2cc99f549c965908afd4ec5308b3f51bfe?s=96&d=mm&r=g\",\"caption\":\"eldiario detucuman\"},\"url\":\"https:\\\/\\\/www.eldiariodetucuman.com\\\/web\\\/author\\\/eldiariodetucuman\\\/\"}]}<\/script>\n<!-- \/ Yoast SEO plugin. -->","yoast_head_json":{"title":"Para el cofundador de Whatsapp lleg\u00f3 el momento de dejar de usar Facebook - El Diario de Tucuman","robots":{"index":"index","follow":"follow","max-snippet":"max-snippet:-1","max-image-preview":"max-image-preview:large","max-video-preview":"max-video-preview:-1"},"canonical":"https:\/\/www.eldiariodetucuman.com\/web\/para-el-cofundador-de-whatsapp-llego-el-momento-de-dejar-de-usar-facebook\/","og_locale":"es_ES","og_type":"article","og_title":"Para el cofundador de Whatsapp lleg\u00f3 el momento de dejar de usar Facebook - El Diario de Tucuman","og_description":"Brian Acton, uno de los creadores de Whatsapp Cr\u00e9dito: Gentileza WSJ Brian Acton es uno de los creadores de Whatsapp, junto a su colega Jan Koum . En 2014 vendieron el mensajero instant\u00e1neo a Facebook por 19.500 millones de d\u00f3lares. Koum se qued\u00f3 al frente de Whatsapp, y Acton se transform\u00f3 en un inversor, con [&hellip;]","og_url":"https:\/\/www.eldiariodetucuman.com\/web\/para-el-cofundador-de-whatsapp-llego-el-momento-de-dejar-de-usar-facebook\/","og_site_name":"El Diario de Tucuman","article_published_time":"2018-03-21T15:55:32+00:00","og_image":[{"width":1032,"height":688,"url":"https:\/\/www.eldiariodetucuman.com\/web\/wp-content\/uploads\/2018\/03\/ad6892f3009df92471c6f4c5788eab08.jpeg","type":"image\/jpeg"}],"author":"eldiario detucuman","twitter_card":"summary_large_image","twitter_misc":{"Escrito por":"eldiario detucuman","Tiempo de lectura":"1 minuto"},"schema":{"@context":"https:\/\/schema.org","@graph":[{"@type":"Article","@id":"https:\/\/www.eldiariodetucuman.com\/web\/para-el-cofundador-de-whatsapp-llego-el-momento-de-dejar-de-usar-facebook\/#article","isPartOf":{"@id":"https:\/\/www.eldiariodetucuman.com\/web\/para-el-cofundador-de-whatsapp-llego-el-momento-de-dejar-de-usar-facebook\/"},"author":{"name":"eldiario detucuman","@id":"https:\/\/www.eldiariodetucuman.com\/web\/#\/schema\/person\/6f95946e54fde848b878ffa4928071d5"},"headline":"Para el cofundador de Whatsapp lleg\u00f3 el momento de dejar de usar Facebook","datePublished":"2018-03-21T15:55:32+00:00","mainEntityOfPage":{"@id":"https:\/\/www.eldiariodetucuman.com\/web\/para-el-cofundador-de-whatsapp-llego-el-momento-de-dejar-de-usar-facebook\/"},"wordCount":218,"commentCount":0,"publisher":{"@id":"https:\/\/www.eldiariodetucuman.com\/web\/#organization"},"image":{"@id":"https:\/\/www.eldiariodetucuman.com\/web\/para-el-cofundador-de-whatsapp-llego-el-momento-de-dejar-de-usar-facebook\/#primaryimage"},"thumbnailUrl":"https:\/\/www.eldiariodetucuman.com\/web\/wp-content\/uploads\/2018\/03\/ad6892f3009df92471c6f4c5788eab08.jpeg","articleSection":["ciencia y tecnologia"],"inLanguage":"es","potentialAction":[{"@type":"CommentAction","name":"Comment","target":["https:\/\/www.eldiariodetucuman.com\/web\/para-el-cofundador-de-whatsapp-llego-el-momento-de-dejar-de-usar-facebook\/#respond"]}]},{"@type":"WebPage","@id":"https:\/\/www.eldiariodetucuman.com\/web\/para-el-cofundador-de-whatsapp-llego-el-momento-de-dejar-de-usar-facebook\/","url":"https:\/\/www.eldiariodetucuman.com\/web\/para-el-cofundador-de-whatsapp-llego-el-momento-de-dejar-de-usar-facebook\/","name":"Para el cofundador de Whatsapp lleg\u00f3 el momento de dejar de usar Facebook - El Diario de Tucuman","isPartOf":{"@id":"https:\/\/www.eldiariodetucuman.com\/web\/#website"},"primaryImageOfPage":{"@id":"https:\/\/www.eldiariodetucuman.com\/web\/para-el-cofundador-de-whatsapp-llego-el-momento-de-dejar-de-usar-facebook\/#primaryimage"},"image":{"@id":"https:\/\/www.eldiariodetucuman.com\/web\/para-el-cofundador-de-whatsapp-llego-el-momento-de-dejar-de-usar-facebook\/#primaryimage"},"thumbnailUrl":"https:\/\/www.eldiariodetucuman.com\/web\/wp-content\/uploads\/2018\/03\/ad6892f3009df92471c6f4c5788eab08.jpeg","datePublished":"2018-03-21T15:55:32+00:00","breadcrumb":{"@id":"https:\/\/www.eldiariodetucuman.com\/web\/para-el-cofundador-de-whatsapp-llego-el-momento-de-dejar-de-usar-facebook\/#breadcrumb"},"inLanguage":"es","potentialAction":[{"@type":"ReadAction","target":["https:\/\/www.eldiariodetucuman.com\/web\/para-el-cofundador-de-whatsapp-llego-el-momento-de-dejar-de-usar-facebook\/"]}]},{"@type":"ImageObject","inLanguage":"es","@id":"https:\/\/www.eldiariodetucuman.com\/web\/para-el-cofundador-de-whatsapp-llego-el-momento-de-dejar-de-usar-facebook\/#primaryimage","url":"https:\/\/www.eldiariodetucuman.com\/web\/wp-content\/uploads\/2018\/03\/ad6892f3009df92471c6f4c5788eab08.jpeg","contentUrl":"https:\/\/www.eldiariodetucuman.com\/web\/wp-content\/uploads\/2018\/03\/ad6892f3009df92471c6f4c5788eab08.jpeg","width":1032,"height":688},{"@type":"BreadcrumbList","@id":"https:\/\/www.eldiariodetucuman.com\/web\/para-el-cofundador-de-whatsapp-llego-el-momento-de-dejar-de-usar-facebook\/#breadcrumb","itemListElement":[{"@type":"ListItem","position":1,"name":"Portada","item":"https:\/\/www.eldiariodetucuman.com\/web\/"},{"@type":"ListItem","position":2,"name":"Para el cofundador de Whatsapp lleg\u00f3 el momento de dejar de usar Facebook"}]},{"@type":"WebSite","@id":"https:\/\/www.eldiariodetucuman.com\/web\/#website","url":"https:\/\/www.eldiariodetucuman.com\/web\/","name":"El Diario de Tucuman","description":"Diario Tucuman - Informaci\u00f3n y noticias","publisher":{"@id":"https:\/\/www.eldiariodetucuman.com\/web\/#organization"},"potentialAction":[{"@type":"SearchAction","target":{"@type":"EntryPoint","urlTemplate":"https:\/\/www.eldiariodetucuman.com\/web\/?s={search_term_string}"},"query-input":{"@type":"PropertyValueSpecification","valueRequired":true,"valueName":"search_term_string"}}],"inLanguage":"es"},{"@type":"Organization","@id":"https:\/\/www.eldiariodetucuman.com\/web\/#organization","name":"El Diario de Tucuman","url":"https:\/\/www.eldiariodetucuman.com\/web\/","logo":{"@type":"ImageObject","inLanguage":"es","@id":"https:\/\/www.eldiariodetucuman.com\/web\/#\/schema\/logo\/image\/","url":"http:\/\/www.eldiariodetucuman.com\/web\/wp-content\/uploads\/2017\/12\/el-diario-de-tucuman.jpg","contentUrl":"http:\/\/www.eldiariodetucuman.com\/web\/wp-content\/uploads\/2017\/12\/el-diario-de-tucuman.jpg","width":272,"height":92,"caption":"El Diario de Tucuman"},"image":{"@id":"https:\/\/www.eldiariodetucuman.com\/web\/#\/schema\/logo\/image\/"}},{"@type":"Person","@id":"https:\/\/www.eldiariodetucuman.com\/web\/#\/schema\/person\/6f95946e54fde848b878ffa4928071d5","name":"eldiario detucuman","image":{"@type":"ImageObject","inLanguage":"es","@id":"https:\/\/secure.gravatar.com\/avatar\/b6e1f89c5c4044c4962c8e6c20b1ca2cc99f549c965908afd4ec5308b3f51bfe?s=96&d=mm&r=g","url":"https:\/\/secure.gravatar.com\/avatar\/b6e1f89c5c4044c4962c8e6c20b1ca2cc99f549c965908afd4ec5308b3f51bfe?s=96&d=mm&r=g","contentUrl":"https:\/\/secure.gravatar.com\/avatar\/b6e1f89c5c4044c4962c8e6c20b1ca2cc99f549c965908afd4ec5308b3f51bfe?s=96&d=mm&r=g","caption":"eldiario detucuman"},"url":"https:\/\/www.eldiariodetucuman.com\/web\/author\/eldiariodetucuman\/"}]}},"_links":{"self":[{"href":"https:\/\/www.eldiariodetucuman.com\/web\/wp-json\/wp\/v2\/posts\/7231","targetHints":{"allow":["GET"]}}],"collection":[{"href":"https:\/\/www.eldiariodetucuman.com\/web\/wp-json\/wp\/v2\/posts"}],"about":[{"href":"https:\/\/www.eldiariodetucuman.com\/web\/wp-json\/wp\/v2\/types\/post"}],"author":[{"embeddable":true,"href":"https:\/\/www.eldiariodetucuman.com\/web\/wp-json\/wp\/v2\/users\/4"}],"replies":[{"embeddable":true,"href":"https:\/\/www.eldiariodetucuman.com\/web\/wp-json\/wp\/v2\/comments?post=7231"}],"version-history":[{"count":0,"href":"https:\/\/www.eldiariodetucuman.com\/web\/wp-json\/wp\/v2\/posts\/7231\/revisions"}],"wp:featuredmedia":[{"embeddable":true,"href":"https:\/\/www.eldiariodetucuman.com\/web\/wp-json\/wp\/v2\/media\/7232"}],"wp:attachment":[{"href":"https:\/\/www.eldiariodetucuman.com\/web\/wp-json\/wp\/v2\/media?parent=7231"}],"wp:term":[{"taxonomy":"category","embeddable":true,"href":"https:\/\/www.eldiariodetucuman.com\/web\/wp-json\/wp\/v2\/categories?post=7231"},{"taxonomy":"post_tag","embeddable":true,"href":"https:\/\/www.eldiariodetucuman.com\/web\/wp-json\/wp\/v2\/tags?post=7231"}],"curies":[{"name":"wp","href":"https:\/\/api.w.org\/{rel}","templated":true}]}}