{"id":7227,"date":"2018-03-21T12:50:21","date_gmt":"2018-03-21T15:50:21","guid":{"rendered":"http:\/\/www.eldiariodetucuman.com\/web\/trump-felicito-a-putin-por-su-aplastante-triunfo\/"},"modified":"2018-03-21T12:50:21","modified_gmt":"2018-03-21T15:50:21","slug":"trump-felicito-a-putin-por-su-aplastante-triunfo","status":"publish","type":"post","link":"https:\/\/www.eldiariodetucuman.com\/web\/trump-felicito-a-putin-por-su-aplastante-triunfo\/","title":{"rendered":"Trump felicit\u00f3 a Putin por su aplastante triunfo"},"content":{"rendered":"<div>\n<div itemprop=\"articleBody\" readability=\"56.499502487562\">\n<p>El presidente estadounidense, <strong>  <a href=\"https:\/\/www.cronica.com.ar\/tags\/Donald%20Trump\">Donald Trump<\/a><\/strong>, confirm\u00f3 que llam\u00f3 por tel\u00e9fono a su colega ruso, <strong>  <a href=\"https:\/\/www.cronica.com.ar\/tags\/Vladimir%20Putin\">Vladimir Putin<\/a><\/strong>, quien fue reelecto en las elecciones del domingo pasado, y que planea reunirse con \u00e9l<em> \u201cen un futuro no demasiado distante\u201d<\/em> para hablar sobre la<em> \u201ccarrera armament\u00edstica\u201d<\/em> entre las dos potencias.<\/p>\n<p><em>\u201cHabl\u00e9 por tel\u00e9fono con el presidente Putin y lo felicit\u00e9 por la victoria, su victoria electoral\u201d<\/em>, afirm\u00f3 Trump a los periodistas al comienzo de su reuni\u00f3n con el pr\u00edncipe heredero saudita, <strong>Mohamed bin Salman<\/strong>, en la Casa Blanca.<\/p>\n<p><em>\u201cLa llamada tuvo que ver tambi\u00e9n con el hecho de que probablemente nos reuniremos en un futuro no demasiado distante para que podamos hablar sobre las armas, sobre la carrera armament\u00edstica<\/em>\u201d, a\u00f1adi\u00f3 el mandatario yanqui.<\/p>\n<p>El llamado termin\u00f3 con las especulaciones creadas en torno del silencio del magnate republicano luego del rotundo triunfo de Putin con el 76% de los votos en los comicios que le aseguraron un cuarto mandato en el poder.<\/p>\n<\/div>\n<\/div>\n","protected":false},"excerpt":{"rendered":"<p>El presidente estadounidense, Donald Trump, confirm\u00f3 que llam\u00f3 por tel\u00e9fono a su colega ruso, Vladimir Putin, quien fue reelecto en las elecciones del domingo pasado, y que planea reunirse con \u00e9l \u201cen un futuro no demasiado distante\u201d para hablar sobre la \u201ccarrera armament\u00edstica\u201d entre las dos potencias. \u201cHabl\u00e9 por tel\u00e9fono con el presidente Putin y [&hellip;]<\/p>\n","protected":false},"author":4,"featured_media":7228,"comment_status":"open","ping_status":"closed","sticky":false,"template":"","format":"standard","meta":{"footnotes":""},"categories":[194],"tags":[],"class_list":{"0":"post-7227","1":"post","2":"type-post","3":"status-publish","4":"format-standard","5":"has-post-thumbnail","7":"category-internacionales"},"yoast_head":"<!-- This site is optimized with the Yoast SEO plugin v27.4 - https:\/\/yoast.com\/product\/yoast-seo-wordpress\/ -->\n<title>Trump felicit\u00f3 a Putin por su aplastante triunfo - El Diario de Tucuman<\/title>\n<meta name=\"robots\" content=\"index, follow, max-snippet:-1, max-image-preview:large, max-video-preview:-1\" \/>\n<link rel=\"canonical\" href=\"https:\/\/www.eldiariodetucuman.com\/web\/trump-felicito-a-putin-por-su-aplastante-triunfo\/\" \/>\n<meta property=\"og:locale\" content=\"es_ES\" \/>\n<meta property=\"og:type\" content=\"article\" \/>\n<meta property=\"og:title\" content=\"Trump felicit\u00f3 a Putin por su aplastante triunfo - El Diario de Tucuman\" \/>\n<meta property=\"og:description\" content=\"El presidente estadounidense, Donald Trump, confirm\u00f3 que llam\u00f3 por tel\u00e9fono a su colega ruso, Vladimir Putin, quien fue reelecto en las elecciones del domingo pasado, y que planea reunirse con \u00e9l \u201cen un futuro no demasiado distante\u201d para hablar sobre la \u201ccarrera armament\u00edstica\u201d entre las dos potencias. \u201cHabl\u00e9 por tel\u00e9fono con el presidente Putin y [&hellip;]\" \/>\n<meta property=\"og:url\" content=\"https:\/\/www.eldiariodetucuman.com\/web\/trump-felicito-a-putin-por-su-aplastante-triunfo\/\" \/>\n<meta property=\"og:site_name\" content=\"El Diario de Tucuman\" \/>\n<meta property=\"article:published_time\" content=\"2018-03-21T15:50:21+00:00\" \/>\n<meta property=\"og:image\" content=\"https:\/\/www.eldiariodetucuman.com\/web\/wp-content\/uploads\/2018\/03\/506b589f2e18e0fc507fdec4720169a4.jpeg\" \/>\n\t<meta property=\"og:image:width\" content=\"970\" \/>\n\t<meta property=\"og:image:height\" content=\"546\" \/>\n\t<meta property=\"og:image:type\" content=\"image\/jpeg\" \/>\n<meta name=\"author\" content=\"eldiario detucuman\" \/>\n<meta name=\"twitter:card\" content=\"summary_large_image\" \/>\n<meta name=\"twitter:label1\" content=\"Escrito por\" \/>\n\t<meta name=\"twitter:data1\" content=\"eldiario detucuman\" \/>\n\t<meta name=\"twitter:label2\" content=\"Tiempo de lectura\" \/>\n\t<meta name=\"twitter:data2\" content=\"1 minuto\" \/>\n<script type=\"application\/ld+json\" class=\"yoast-schema-graph\">{\"@context\":\"https:\\\/\\\/schema.org\",\"@graph\":[{\"@type\":\"Article\",\"@id\":\"https:\\\/\\\/www.eldiariodetucuman.com\\\/web\\\/trump-felicito-a-putin-por-su-aplastante-triunfo\\\/#article\",\"isPartOf\":{\"@id\":\"https:\\\/\\\/www.eldiariodetucuman.com\\\/web\\\/trump-felicito-a-putin-por-su-aplastante-triunfo\\\/\"},\"author\":{\"name\":\"eldiario detucuman\",\"@id\":\"https:\\\/\\\/www.eldiariodetucuman.com\\\/web\\\/#\\\/schema\\\/person\\\/6f95946e54fde848b878ffa4928071d5\"},\"headline\":\"Trump felicit\u00f3 a Putin por su aplastante triunfo\",\"datePublished\":\"2018-03-21T15:50:21+00:00\",\"mainEntityOfPage\":{\"@id\":\"https:\\\/\\\/www.eldiariodetucuman.com\\\/web\\\/trump-felicito-a-putin-por-su-aplastante-triunfo\\\/\"},\"wordCount\":173,\"commentCount\":0,\"publisher\":{\"@id\":\"https:\\\/\\\/www.eldiariodetucuman.com\\\/web\\\/#organization\"},\"image\":{\"@id\":\"https:\\\/\\\/www.eldiariodetucuman.com\\\/web\\\/trump-felicito-a-putin-por-su-aplastante-triunfo\\\/#primaryimage\"},\"thumbnailUrl\":\"https:\\\/\\\/www.eldiariodetucuman.com\\\/web\\\/wp-content\\\/uploads\\\/2018\\\/03\\\/506b589f2e18e0fc507fdec4720169a4.jpeg\",\"articleSection\":[\"Internacionales\"],\"inLanguage\":\"es\",\"potentialAction\":[{\"@type\":\"CommentAction\",\"name\":\"Comment\",\"target\":[\"https:\\\/\\\/www.eldiariodetucuman.com\\\/web\\\/trump-felicito-a-putin-por-su-aplastante-triunfo\\\/#respond\"]}]},{\"@type\":\"WebPage\",\"@id\":\"https:\\\/\\\/www.eldiariodetucuman.com\\\/web\\\/trump-felicito-a-putin-por-su-aplastante-triunfo\\\/\",\"url\":\"https:\\\/\\\/www.eldiariodetucuman.com\\\/web\\\/trump-felicito-a-putin-por-su-aplastante-triunfo\\\/\",\"name\":\"Trump felicit\u00f3 a Putin por su aplastante triunfo - El Diario de Tucuman\",\"isPartOf\":{\"@id\":\"https:\\\/\\\/www.eldiariodetucuman.com\\\/web\\\/#website\"},\"primaryImageOfPage\":{\"@id\":\"https:\\\/\\\/www.eldiariodetucuman.com\\\/web\\\/trump-felicito-a-putin-por-su-aplastante-triunfo\\\/#primaryimage\"},\"image\":{\"@id\":\"https:\\\/\\\/www.eldiariodetucuman.com\\\/web\\\/trump-felicito-a-putin-por-su-aplastante-triunfo\\\/#primaryimage\"},\"thumbnailUrl\":\"https:\\\/\\\/www.eldiariodetucuman.com\\\/web\\\/wp-content\\\/uploads\\\/2018\\\/03\\\/506b589f2e18e0fc507fdec4720169a4.jpeg\",\"datePublished\":\"2018-03-21T15:50:21+00:00\",\"breadcrumb\":{\"@id\":\"https:\\\/\\\/www.eldiariodetucuman.com\\\/web\\\/trump-felicito-a-putin-por-su-aplastante-triunfo\\\/#breadcrumb\"},\"inLanguage\":\"es\",\"potentialAction\":[{\"@type\":\"ReadAction\",\"target\":[\"https:\\\/\\\/www.eldiariodetucuman.com\\\/web\\\/trump-felicito-a-putin-por-su-aplastante-triunfo\\\/\"]}]},{\"@type\":\"ImageObject\",\"inLanguage\":\"es\",\"@id\":\"https:\\\/\\\/www.eldiariodetucuman.com\\\/web\\\/trump-felicito-a-putin-por-su-aplastante-triunfo\\\/#primaryimage\",\"url\":\"https:\\\/\\\/www.eldiariodetucuman.com\\\/web\\\/wp-content\\\/uploads\\\/2018\\\/03\\\/506b589f2e18e0fc507fdec4720169a4.jpeg\",\"contentUrl\":\"https:\\\/\\\/www.eldiariodetucuman.com\\\/web\\\/wp-content\\\/uploads\\\/2018\\\/03\\\/506b589f2e18e0fc507fdec4720169a4.jpeg\",\"width\":970,\"height\":546},{\"@type\":\"BreadcrumbList\",\"@id\":\"https:\\\/\\\/www.eldiariodetucuman.com\\\/web\\\/trump-felicito-a-putin-por-su-aplastante-triunfo\\\/#breadcrumb\",\"itemListElement\":[{\"@type\":\"ListItem\",\"position\":1,\"name\":\"Portada\",\"item\":\"https:\\\/\\\/www.eldiariodetucuman.com\\\/web\\\/\"},{\"@type\":\"ListItem\",\"position\":2,\"name\":\"Trump felicit\u00f3 a Putin por su aplastante triunfo\"}]},{\"@type\":\"WebSite\",\"@id\":\"https:\\\/\\\/www.eldiariodetucuman.com\\\/web\\\/#website\",\"url\":\"https:\\\/\\\/www.eldiariodetucuman.com\\\/web\\\/\",\"name\":\"El Diario de Tucuman\",\"description\":\"Diario Tucuman - Informaci\u00f3n y noticias\",\"publisher\":{\"@id\":\"https:\\\/\\\/www.eldiariodetucuman.com\\\/web\\\/#organization\"},\"potentialAction\":[{\"@type\":\"SearchAction\",\"target\":{\"@type\":\"EntryPoint\",\"urlTemplate\":\"https:\\\/\\\/www.eldiariodetucuman.com\\\/web\\\/?s={search_term_string}\"},\"query-input\":{\"@type\":\"PropertyValueSpecification\",\"valueRequired\":true,\"valueName\":\"search_term_string\"}}],\"inLanguage\":\"es\"},{\"@type\":\"Organization\",\"@id\":\"https:\\\/\\\/www.eldiariodetucuman.com\\\/web\\\/#organization\",\"name\":\"El Diario de Tucuman\",\"url\":\"https:\\\/\\\/www.eldiariodetucuman.com\\\/web\\\/\",\"logo\":{\"@type\":\"ImageObject\",\"inLanguage\":\"es\",\"@id\":\"https:\\\/\\\/www.eldiariodetucuman.com\\\/web\\\/#\\\/schema\\\/logo\\\/image\\\/\",\"url\":\"http:\\\/\\\/www.eldiariodetucuman.com\\\/web\\\/wp-content\\\/uploads\\\/2017\\\/12\\\/el-diario-de-tucuman.jpg\",\"contentUrl\":\"http:\\\/\\\/www.eldiariodetucuman.com\\\/web\\\/wp-content\\\/uploads\\\/2017\\\/12\\\/el-diario-de-tucuman.jpg\",\"width\":272,\"height\":92,\"caption\":\"El Diario de Tucuman\"},\"image\":{\"@id\":\"https:\\\/\\\/www.eldiariodetucuman.com\\\/web\\\/#\\\/schema\\\/logo\\\/image\\\/\"}},{\"@type\":\"Person\",\"@id\":\"https:\\\/\\\/www.eldiariodetucuman.com\\\/web\\\/#\\\/schema\\\/person\\\/6f95946e54fde848b878ffa4928071d5\",\"name\":\"eldiario detucuman\",\"image\":{\"@type\":\"ImageObject\",\"inLanguage\":\"es\",\"@id\":\"https:\\\/\\\/secure.gravatar.com\\\/avatar\\\/b6e1f89c5c4044c4962c8e6c20b1ca2cc99f549c965908afd4ec5308b3f51bfe?s=96&d=mm&r=g\",\"url\":\"https:\\\/\\\/secure.gravatar.com\\\/avatar\\\/b6e1f89c5c4044c4962c8e6c20b1ca2cc99f549c965908afd4ec5308b3f51bfe?s=96&d=mm&r=g\",\"contentUrl\":\"https:\\\/\\\/secure.gravatar.com\\\/avatar\\\/b6e1f89c5c4044c4962c8e6c20b1ca2cc99f549c965908afd4ec5308b3f51bfe?s=96&d=mm&r=g\",\"caption\":\"eldiario detucuman\"},\"url\":\"https:\\\/\\\/www.eldiariodetucuman.com\\\/web\\\/author\\\/eldiariodetucuman\\\/\"}]}<\/script>\n<!-- \/ Yoast SEO plugin. -->","yoast_head_json":{"title":"Trump felicit\u00f3 a Putin por su aplastante triunfo - El Diario de Tucuman","robots":{"index":"index","follow":"follow","max-snippet":"max-snippet:-1","max-image-preview":"max-image-preview:large","max-video-preview":"max-video-preview:-1"},"canonical":"https:\/\/www.eldiariodetucuman.com\/web\/trump-felicito-a-putin-por-su-aplastante-triunfo\/","og_locale":"es_ES","og_type":"article","og_title":"Trump felicit\u00f3 a Putin por su aplastante triunfo - El Diario de Tucuman","og_description":"El presidente estadounidense, Donald Trump, confirm\u00f3 que llam\u00f3 por tel\u00e9fono a su colega ruso, Vladimir Putin, quien fue reelecto en las elecciones del domingo pasado, y que planea reunirse con \u00e9l \u201cen un futuro no demasiado distante\u201d para hablar sobre la \u201ccarrera armament\u00edstica\u201d entre las dos potencias. \u201cHabl\u00e9 por tel\u00e9fono con el presidente Putin y [&hellip;]","og_url":"https:\/\/www.eldiariodetucuman.com\/web\/trump-felicito-a-putin-por-su-aplastante-triunfo\/","og_site_name":"El Diario de Tucuman","article_published_time":"2018-03-21T15:50:21+00:00","og_image":[{"width":970,"height":546,"url":"https:\/\/www.eldiariodetucuman.com\/web\/wp-content\/uploads\/2018\/03\/506b589f2e18e0fc507fdec4720169a4.jpeg","type":"image\/jpeg"}],"author":"eldiario detucuman","twitter_card":"summary_large_image","twitter_misc":{"Escrito por":"eldiario detucuman","Tiempo de lectura":"1 minuto"},"schema":{"@context":"https:\/\/schema.org","@graph":[{"@type":"Article","@id":"https:\/\/www.eldiariodetucuman.com\/web\/trump-felicito-a-putin-por-su-aplastante-triunfo\/#article","isPartOf":{"@id":"https:\/\/www.eldiariodetucuman.com\/web\/trump-felicito-a-putin-por-su-aplastante-triunfo\/"},"author":{"name":"eldiario detucuman","@id":"https:\/\/www.eldiariodetucuman.com\/web\/#\/schema\/person\/6f95946e54fde848b878ffa4928071d5"},"headline":"Trump felicit\u00f3 a Putin por su aplastante triunfo","datePublished":"2018-03-21T15:50:21+00:00","mainEntityOfPage":{"@id":"https:\/\/www.eldiariodetucuman.com\/web\/trump-felicito-a-putin-por-su-aplastante-triunfo\/"},"wordCount":173,"commentCount":0,"publisher":{"@id":"https:\/\/www.eldiariodetucuman.com\/web\/#organization"},"image":{"@id":"https:\/\/www.eldiariodetucuman.com\/web\/trump-felicito-a-putin-por-su-aplastante-triunfo\/#primaryimage"},"thumbnailUrl":"https:\/\/www.eldiariodetucuman.com\/web\/wp-content\/uploads\/2018\/03\/506b589f2e18e0fc507fdec4720169a4.jpeg","articleSection":["Internacionales"],"inLanguage":"es","potentialAction":[{"@type":"CommentAction","name":"Comment","target":["https:\/\/www.eldiariodetucuman.com\/web\/trump-felicito-a-putin-por-su-aplastante-triunfo\/#respond"]}]},{"@type":"WebPage","@id":"https:\/\/www.eldiariodetucuman.com\/web\/trump-felicito-a-putin-por-su-aplastante-triunfo\/","url":"https:\/\/www.eldiariodetucuman.com\/web\/trump-felicito-a-putin-por-su-aplastante-triunfo\/","name":"Trump felicit\u00f3 a Putin por su aplastante triunfo - El Diario de Tucuman","isPartOf":{"@id":"https:\/\/www.eldiariodetucuman.com\/web\/#website"},"primaryImageOfPage":{"@id":"https:\/\/www.eldiariodetucuman.com\/web\/trump-felicito-a-putin-por-su-aplastante-triunfo\/#primaryimage"},"image":{"@id":"https:\/\/www.eldiariodetucuman.com\/web\/trump-felicito-a-putin-por-su-aplastante-triunfo\/#primaryimage"},"thumbnailUrl":"https:\/\/www.eldiariodetucuman.com\/web\/wp-content\/uploads\/2018\/03\/506b589f2e18e0fc507fdec4720169a4.jpeg","datePublished":"2018-03-21T15:50:21+00:00","breadcrumb":{"@id":"https:\/\/www.eldiariodetucuman.com\/web\/trump-felicito-a-putin-por-su-aplastante-triunfo\/#breadcrumb"},"inLanguage":"es","potentialAction":[{"@type":"ReadAction","target":["https:\/\/www.eldiariodetucuman.com\/web\/trump-felicito-a-putin-por-su-aplastante-triunfo\/"]}]},{"@type":"ImageObject","inLanguage":"es","@id":"https:\/\/www.eldiariodetucuman.com\/web\/trump-felicito-a-putin-por-su-aplastante-triunfo\/#primaryimage","url":"https:\/\/www.eldiariodetucuman.com\/web\/wp-content\/uploads\/2018\/03\/506b589f2e18e0fc507fdec4720169a4.jpeg","contentUrl":"https:\/\/www.eldiariodetucuman.com\/web\/wp-content\/uploads\/2018\/03\/506b589f2e18e0fc507fdec4720169a4.jpeg","width":970,"height":546},{"@type":"BreadcrumbList","@id":"https:\/\/www.eldiariodetucuman.com\/web\/trump-felicito-a-putin-por-su-aplastante-triunfo\/#breadcrumb","itemListElement":[{"@type":"ListItem","position":1,"name":"Portada","item":"https:\/\/www.eldiariodetucuman.com\/web\/"},{"@type":"ListItem","position":2,"name":"Trump felicit\u00f3 a Putin por su aplastante triunfo"}]},{"@type":"WebSite","@id":"https:\/\/www.eldiariodetucuman.com\/web\/#website","url":"https:\/\/www.eldiariodetucuman.com\/web\/","name":"El Diario de Tucuman","description":"Diario Tucuman - Informaci\u00f3n y noticias","publisher":{"@id":"https:\/\/www.eldiariodetucuman.com\/web\/#organization"},"potentialAction":[{"@type":"SearchAction","target":{"@type":"EntryPoint","urlTemplate":"https:\/\/www.eldiariodetucuman.com\/web\/?s={search_term_string}"},"query-input":{"@type":"PropertyValueSpecification","valueRequired":true,"valueName":"search_term_string"}}],"inLanguage":"es"},{"@type":"Organization","@id":"https:\/\/www.eldiariodetucuman.com\/web\/#organization","name":"El Diario de Tucuman","url":"https:\/\/www.eldiariodetucuman.com\/web\/","logo":{"@type":"ImageObject","inLanguage":"es","@id":"https:\/\/www.eldiariodetucuman.com\/web\/#\/schema\/logo\/image\/","url":"http:\/\/www.eldiariodetucuman.com\/web\/wp-content\/uploads\/2017\/12\/el-diario-de-tucuman.jpg","contentUrl":"http:\/\/www.eldiariodetucuman.com\/web\/wp-content\/uploads\/2017\/12\/el-diario-de-tucuman.jpg","width":272,"height":92,"caption":"El Diario de Tucuman"},"image":{"@id":"https:\/\/www.eldiariodetucuman.com\/web\/#\/schema\/logo\/image\/"}},{"@type":"Person","@id":"https:\/\/www.eldiariodetucuman.com\/web\/#\/schema\/person\/6f95946e54fde848b878ffa4928071d5","name":"eldiario detucuman","image":{"@type":"ImageObject","inLanguage":"es","@id":"https:\/\/secure.gravatar.com\/avatar\/b6e1f89c5c4044c4962c8e6c20b1ca2cc99f549c965908afd4ec5308b3f51bfe?s=96&d=mm&r=g","url":"https:\/\/secure.gravatar.com\/avatar\/b6e1f89c5c4044c4962c8e6c20b1ca2cc99f549c965908afd4ec5308b3f51bfe?s=96&d=mm&r=g","contentUrl":"https:\/\/secure.gravatar.com\/avatar\/b6e1f89c5c4044c4962c8e6c20b1ca2cc99f549c965908afd4ec5308b3f51bfe?s=96&d=mm&r=g","caption":"eldiario detucuman"},"url":"https:\/\/www.eldiariodetucuman.com\/web\/author\/eldiariodetucuman\/"}]}},"_links":{"self":[{"href":"https:\/\/www.eldiariodetucuman.com\/web\/wp-json\/wp\/v2\/posts\/7227","targetHints":{"allow":["GET"]}}],"collection":[{"href":"https:\/\/www.eldiariodetucuman.com\/web\/wp-json\/wp\/v2\/posts"}],"about":[{"href":"https:\/\/www.eldiariodetucuman.com\/web\/wp-json\/wp\/v2\/types\/post"}],"author":[{"embeddable":true,"href":"https:\/\/www.eldiariodetucuman.com\/web\/wp-json\/wp\/v2\/users\/4"}],"replies":[{"embeddable":true,"href":"https:\/\/www.eldiariodetucuman.com\/web\/wp-json\/wp\/v2\/comments?post=7227"}],"version-history":[{"count":0,"href":"https:\/\/www.eldiariodetucuman.com\/web\/wp-json\/wp\/v2\/posts\/7227\/revisions"}],"wp:featuredmedia":[{"embeddable":true,"href":"https:\/\/www.eldiariodetucuman.com\/web\/wp-json\/wp\/v2\/media\/7228"}],"wp:attachment":[{"href":"https:\/\/www.eldiariodetucuman.com\/web\/wp-json\/wp\/v2\/media?parent=7227"}],"wp:term":[{"taxonomy":"category","embeddable":true,"href":"https:\/\/www.eldiariodetucuman.com\/web\/wp-json\/wp\/v2\/categories?post=7227"},{"taxonomy":"post_tag","embeddable":true,"href":"https:\/\/www.eldiariodetucuman.com\/web\/wp-json\/wp\/v2\/tags?post=7227"}],"curies":[{"name":"wp","href":"https:\/\/api.w.org\/{rel}","templated":true}]}}