{"id":7213,"date":"2018-03-21T12:37:17","date_gmt":"2018-03-21T15:37:17","guid":{"rendered":"http:\/\/www.eldiariodetucuman.com\/web\/fernandez-mejide-deberian-mandarlo-a-prision-domiciliaria\/"},"modified":"2018-03-21T12:37:19","modified_gmt":"2018-03-21T15:37:19","slug":"fernandez-mejide-deberian-mandarlo-a-prision-domiciliaria","status":"publish","type":"post","link":"https:\/\/www.eldiariodetucuman.com\/web\/fernandez-mejide-deberian-mandarlo-a-prision-domiciliaria\/","title":{"rendered":"Fern\u00e1ndez Mejide: \u201cDeber\u00edan mandarlo a prisi\u00f3n domiciliaria\u00bb"},"content":{"rendered":"<div>\n<div readability=\"53.500889679715\">\n<p>Podr\u00eda esperarse una respuesta m\u00e1s dura por parte de quien perdi\u00f3 a un hijo durante la dictadura. Pablo era tan s\u00f3lo un estudiante de 17 a\u00f1os cuando fue secuestrado en el 76\u00b4 junto a su novia por \u201cuna confusi\u00f3n\u201d, seg\u00fan se estima hasta el d\u00eda de hoy.\u00a0<\/p>\n<p>Sin embargo, <a href=\"https:\/\/www.elintransigente.com\/argentina\/2014\/9\/8\/fernandez-mejide-presentara-el-dialogo-264727.html\">Graciela Fern\u00e1ndez Mejide<\/a>, su madre y una de las referentes m\u00e1s exponentes de los derechos humanos en la Argentina sigue sosteniendo la misma postura que tuvo cuando declar\u00f3, en el Juicio a las Juntas, estar en contra de la pena de muerte para los represores, aun cuando hayan secuestrado y matado a sus hijos.<\/p>\n<p>\u00a0\u00a0Ahora, consultada por <a href=\"https:\/\/www.elintransigente.com\/politica\/2018\/3\/20\/astiz-podria-conseguir-prision-domiciliaria-483133.html\">el caso del genocida Astiz, beneficiado recientemente con prisi\u00f3n domiciliaria por padecer c\u00e1ncer de pr\u00f3stata<\/a>, Fern\u00e1ndez Mejide volvi\u00f3 a se\u00f1alar lo mismo: \u201cRepito lo que dije hace rato y no importa que cambien el personaje y sea otro, a determinada edad o con enfermedades terminales, <strong>creo que deja de ser una condena y pasa a ser casi venganza mantener una persona en prisi\u00f3n\u201d<\/strong>.<\/p>\n<aside class=\"htmlinline \"><ins class=\"adsbygoogle\" data-ad-format=\"fluid\" data-ad-layout=\"in-article\" data-ad-client=\"ca-pub-7781556717282971\" data-ad-slot=\"9383133609\"><\/ins><br \/>\n<\/aside>\n<p>En di\u00e1logo con Luis Novarecio por radio La Red, la ex integrante de la Conadep indic\u00f3 que de eso se tratan los derechos humanos: <strong>\u201cMal nos hubiera ido luchando por el respeto a los derechos humanos si no consider\u00e1ramos que todos aun nuestro peor enemigo tiene derecho a ello\u201d<\/strong>. Y en ese sentido, agreg\u00f3: \u201cLo que tenemos que dejar sentado es c\u00f3mo nos ponemos ante el derecho de las personas, m\u00e1s all\u00e1 de nuestras subjetividades\u201d.<\/p>\n<p>Es por eso que, para Fern\u00e1ndez Mejide, si bien el personaje le \u201csigue provocando la misma reacci\u00f3n de siempre\u201d, es importante que en su condici\u00f3n pueda cumplir su condena en el domicilio. \u201cDeber\u00edan mandarlo a domiciliaria, con prisi\u00f3n domiciliaria, con la pulsera electr\u00f3nica que es lo que corresponde. Y que pudiera atenderse y eventualmente y estar cuidado por la gente que designe \u00e9l mismo o su familia\u201d, deja\u00a0en claro su postura sobre el tema Astiz.\u00a0<\/p>\n<p>Aunque, la referente de los derechos humano aclara que\u00a0\u00abhay sentimientos contradictorios\u00bb en todo esto. <strong>\u00abNo es que yo perdone a Astiz, pero se equivoc\u00f3 quien se crey\u00f3 que pele\u00e1bamos solo por el derecho de nuestros hijos. Yo peleo por el futuro de nuestro pa\u00eds y lo har\u00e9 mientras me duren las fuerzas\u00bb<\/strong>, sostuvo.\u00a0\u00a0<br \/>\n\u00a0<\/p>\n<p>\u00a0<\/p>\n<\/div>\n<\/div>\n<p>Fuente: https:\/\/www.elintransigente.com\/politica\/2018\/3\/21\/fernandez-mejide-deberian-mandarlo-prision-domiciliaria-483219.html<\/p>\n","protected":false},"excerpt":{"rendered":"<p>Podr\u00eda esperarse una respuesta m\u00e1s dura por parte de quien perdi\u00f3 a un hijo durante la dictadura. Pablo era tan s\u00f3lo un estudiante de 17 a\u00f1os cuando fue secuestrado en el 76\u00b4 junto a su novia por \u201cuna confusi\u00f3n\u201d, seg\u00fan se estima hasta el d\u00eda de hoy.\u00a0 Sin embargo, Graciela Fern\u00e1ndez Mejide, su madre y [&hellip;]<\/p>\n","protected":false},"author":1,"featured_media":7214,"comment_status":"open","ping_status":"closed","sticky":false,"template":"","format":"standard","meta":{"footnotes":""},"categories":[1],"tags":[],"class_list":{"0":"post-7213","1":"post","2":"type-post","3":"status-publish","4":"format-standard","5":"has-post-thumbnail","7":"category-portada"},"yoast_head":"<!-- This site is optimized with the Yoast SEO plugin v27.4 - https:\/\/yoast.com\/product\/yoast-seo-wordpress\/ -->\n<title>Fern\u00e1ndez Mejide: \u201cDeber\u00edan mandarlo a prisi\u00f3n domiciliaria&quot; - El Diario de Tucuman<\/title>\n<meta name=\"robots\" content=\"index, follow, max-snippet:-1, max-image-preview:large, max-video-preview:-1\" \/>\n<link rel=\"canonical\" href=\"https:\/\/www.eldiariodetucuman.com\/web\/fernandez-mejide-deberian-mandarlo-a-prision-domiciliaria\/\" \/>\n<meta property=\"og:locale\" content=\"es_ES\" \/>\n<meta property=\"og:type\" content=\"article\" \/>\n<meta property=\"og:title\" content=\"Fern\u00e1ndez Mejide: \u201cDeber\u00edan mandarlo a prisi\u00f3n domiciliaria&quot; - El Diario de Tucuman\" \/>\n<meta property=\"og:description\" content=\"Podr\u00eda esperarse una respuesta m\u00e1s dura por parte de quien perdi\u00f3 a un hijo durante la dictadura. Pablo era tan s\u00f3lo un estudiante de 17 a\u00f1os cuando fue secuestrado en el 76\u00b4 junto a su novia por \u201cuna confusi\u00f3n\u201d, seg\u00fan se estima hasta el d\u00eda de hoy.\u00a0 Sin embargo, Graciela Fern\u00e1ndez Mejide, su madre y [&hellip;]\" \/>\n<meta property=\"og:url\" content=\"https:\/\/www.eldiariodetucuman.com\/web\/fernandez-mejide-deberian-mandarlo-a-prision-domiciliaria\/\" \/>\n<meta property=\"og:site_name\" content=\"El Diario de Tucuman\" \/>\n<meta property=\"article:published_time\" content=\"2018-03-21T15:37:17+00:00\" \/>\n<meta property=\"article:modified_time\" content=\"2018-03-21T15:37:19+00:00\" \/>\n<meta property=\"og:image\" content=\"https:\/\/www.eldiariodetucuman.com\/web\/wp-content\/uploads\/2018\/03\/bea0c96a375e461f6dcb99f6f7d85cd0.jpeg\" \/>\n\t<meta property=\"og:image:width\" content=\"960\" \/>\n\t<meta property=\"og:image:height\" content=\"640\" \/>\n\t<meta property=\"og:image:type\" content=\"image\/jpeg\" \/>\n<meta name=\"author\" content=\"admin\" \/>\n<meta name=\"twitter:card\" content=\"summary_large_image\" \/>\n<meta name=\"twitter:label1\" content=\"Escrito por\" \/>\n\t<meta name=\"twitter:data1\" content=\"admin\" \/>\n\t<meta name=\"twitter:label2\" content=\"Tiempo de lectura\" \/>\n\t<meta name=\"twitter:data2\" content=\"2 minutos\" \/>\n<script type=\"application\/ld+json\" class=\"yoast-schema-graph\">{\"@context\":\"https:\\\/\\\/schema.org\",\"@graph\":[{\"@type\":\"Article\",\"@id\":\"https:\\\/\\\/www.eldiariodetucuman.com\\\/web\\\/fernandez-mejide-deberian-mandarlo-a-prision-domiciliaria\\\/#article\",\"isPartOf\":{\"@id\":\"https:\\\/\\\/www.eldiariodetucuman.com\\\/web\\\/fernandez-mejide-deberian-mandarlo-a-prision-domiciliaria\\\/\"},\"author\":{\"name\":\"admin\",\"@id\":\"https:\\\/\\\/www.eldiariodetucuman.com\\\/web\\\/#\\\/schema\\\/person\\\/9250197d75ab5483412e19678b121caa\"},\"headline\":\"Fern\u00e1ndez Mejide: \u201cDeber\u00edan mandarlo a prisi\u00f3n domiciliaria\u00bb\",\"datePublished\":\"2018-03-21T15:37:17+00:00\",\"dateModified\":\"2018-03-21T15:37:19+00:00\",\"mainEntityOfPage\":{\"@id\":\"https:\\\/\\\/www.eldiariodetucuman.com\\\/web\\\/fernandez-mejide-deberian-mandarlo-a-prision-domiciliaria\\\/\"},\"wordCount\":417,\"commentCount\":0,\"publisher\":{\"@id\":\"https:\\\/\\\/www.eldiariodetucuman.com\\\/web\\\/#organization\"},\"image\":{\"@id\":\"https:\\\/\\\/www.eldiariodetucuman.com\\\/web\\\/fernandez-mejide-deberian-mandarlo-a-prision-domiciliaria\\\/#primaryimage\"},\"thumbnailUrl\":\"https:\\\/\\\/www.eldiariodetucuman.com\\\/web\\\/wp-content\\\/uploads\\\/2018\\\/03\\\/bea0c96a375e461f6dcb99f6f7d85cd0.jpeg\",\"articleSection\":[\"Portada\"],\"inLanguage\":\"es\",\"potentialAction\":[{\"@type\":\"CommentAction\",\"name\":\"Comment\",\"target\":[\"https:\\\/\\\/www.eldiariodetucuman.com\\\/web\\\/fernandez-mejide-deberian-mandarlo-a-prision-domiciliaria\\\/#respond\"]}]},{\"@type\":\"WebPage\",\"@id\":\"https:\\\/\\\/www.eldiariodetucuman.com\\\/web\\\/fernandez-mejide-deberian-mandarlo-a-prision-domiciliaria\\\/\",\"url\":\"https:\\\/\\\/www.eldiariodetucuman.com\\\/web\\\/fernandez-mejide-deberian-mandarlo-a-prision-domiciliaria\\\/\",\"name\":\"Fern\u00e1ndez Mejide: \u201cDeber\u00edan mandarlo a prisi\u00f3n domiciliaria\\\" - El Diario de Tucuman\",\"isPartOf\":{\"@id\":\"https:\\\/\\\/www.eldiariodetucuman.com\\\/web\\\/#website\"},\"primaryImageOfPage\":{\"@id\":\"https:\\\/\\\/www.eldiariodetucuman.com\\\/web\\\/fernandez-mejide-deberian-mandarlo-a-prision-domiciliaria\\\/#primaryimage\"},\"image\":{\"@id\":\"https:\\\/\\\/www.eldiariodetucuman.com\\\/web\\\/fernandez-mejide-deberian-mandarlo-a-prision-domiciliaria\\\/#primaryimage\"},\"thumbnailUrl\":\"https:\\\/\\\/www.eldiariodetucuman.com\\\/web\\\/wp-content\\\/uploads\\\/2018\\\/03\\\/bea0c96a375e461f6dcb99f6f7d85cd0.jpeg\",\"datePublished\":\"2018-03-21T15:37:17+00:00\",\"dateModified\":\"2018-03-21T15:37:19+00:00\",\"breadcrumb\":{\"@id\":\"https:\\\/\\\/www.eldiariodetucuman.com\\\/web\\\/fernandez-mejide-deberian-mandarlo-a-prision-domiciliaria\\\/#breadcrumb\"},\"inLanguage\":\"es\",\"potentialAction\":[{\"@type\":\"ReadAction\",\"target\":[\"https:\\\/\\\/www.eldiariodetucuman.com\\\/web\\\/fernandez-mejide-deberian-mandarlo-a-prision-domiciliaria\\\/\"]}]},{\"@type\":\"ImageObject\",\"inLanguage\":\"es\",\"@id\":\"https:\\\/\\\/www.eldiariodetucuman.com\\\/web\\\/fernandez-mejide-deberian-mandarlo-a-prision-domiciliaria\\\/#primaryimage\",\"url\":\"https:\\\/\\\/www.eldiariodetucuman.com\\\/web\\\/wp-content\\\/uploads\\\/2018\\\/03\\\/bea0c96a375e461f6dcb99f6f7d85cd0.jpeg\",\"contentUrl\":\"https:\\\/\\\/www.eldiariodetucuman.com\\\/web\\\/wp-content\\\/uploads\\\/2018\\\/03\\\/bea0c96a375e461f6dcb99f6f7d85cd0.jpeg\",\"width\":960,\"height\":640},{\"@type\":\"BreadcrumbList\",\"@id\":\"https:\\\/\\\/www.eldiariodetucuman.com\\\/web\\\/fernandez-mejide-deberian-mandarlo-a-prision-domiciliaria\\\/#breadcrumb\",\"itemListElement\":[{\"@type\":\"ListItem\",\"position\":1,\"name\":\"Portada\",\"item\":\"https:\\\/\\\/www.eldiariodetucuman.com\\\/web\\\/\"},{\"@type\":\"ListItem\",\"position\":2,\"name\":\"Fern\u00e1ndez Mejide: \u201cDeber\u00edan mandarlo a prisi\u00f3n domiciliaria\u00bb\"}]},{\"@type\":\"WebSite\",\"@id\":\"https:\\\/\\\/www.eldiariodetucuman.com\\\/web\\\/#website\",\"url\":\"https:\\\/\\\/www.eldiariodetucuman.com\\\/web\\\/\",\"name\":\"El Diario de Tucuman\",\"description\":\"Diario Tucuman - Informaci\u00f3n y noticias\",\"publisher\":{\"@id\":\"https:\\\/\\\/www.eldiariodetucuman.com\\\/web\\\/#organization\"},\"potentialAction\":[{\"@type\":\"SearchAction\",\"target\":{\"@type\":\"EntryPoint\",\"urlTemplate\":\"https:\\\/\\\/www.eldiariodetucuman.com\\\/web\\\/?s={search_term_string}\"},\"query-input\":{\"@type\":\"PropertyValueSpecification\",\"valueRequired\":true,\"valueName\":\"search_term_string\"}}],\"inLanguage\":\"es\"},{\"@type\":\"Organization\",\"@id\":\"https:\\\/\\\/www.eldiariodetucuman.com\\\/web\\\/#organization\",\"name\":\"El Diario de Tucuman\",\"url\":\"https:\\\/\\\/www.eldiariodetucuman.com\\\/web\\\/\",\"logo\":{\"@type\":\"ImageObject\",\"inLanguage\":\"es\",\"@id\":\"https:\\\/\\\/www.eldiariodetucuman.com\\\/web\\\/#\\\/schema\\\/logo\\\/image\\\/\",\"url\":\"http:\\\/\\\/www.eldiariodetucuman.com\\\/web\\\/wp-content\\\/uploads\\\/2017\\\/12\\\/el-diario-de-tucuman.jpg\",\"contentUrl\":\"http:\\\/\\\/www.eldiariodetucuman.com\\\/web\\\/wp-content\\\/uploads\\\/2017\\\/12\\\/el-diario-de-tucuman.jpg\",\"width\":272,\"height\":92,\"caption\":\"El Diario de Tucuman\"},\"image\":{\"@id\":\"https:\\\/\\\/www.eldiariodetucuman.com\\\/web\\\/#\\\/schema\\\/logo\\\/image\\\/\"}},{\"@type\":\"Person\",\"@id\":\"https:\\\/\\\/www.eldiariodetucuman.com\\\/web\\\/#\\\/schema\\\/person\\\/9250197d75ab5483412e19678b121caa\",\"name\":\"admin\",\"image\":{\"@type\":\"ImageObject\",\"inLanguage\":\"es\",\"@id\":\"https:\\\/\\\/secure.gravatar.com\\\/avatar\\\/c44d117c2be811212c22cb481f6b8384b6873de103fbc49e7a03cc58d7dea4ac?s=96&d=mm&r=g\",\"url\":\"https:\\\/\\\/secure.gravatar.com\\\/avatar\\\/c44d117c2be811212c22cb481f6b8384b6873de103fbc49e7a03cc58d7dea4ac?s=96&d=mm&r=g\",\"contentUrl\":\"https:\\\/\\\/secure.gravatar.com\\\/avatar\\\/c44d117c2be811212c22cb481f6b8384b6873de103fbc49e7a03cc58d7dea4ac?s=96&d=mm&r=g\",\"caption\":\"admin\"},\"url\":\"https:\\\/\\\/www.eldiariodetucuman.com\\\/web\\\/author\\\/admin\\\/\"}]}<\/script>\n<!-- \/ Yoast SEO plugin. -->","yoast_head_json":{"title":"Fern\u00e1ndez Mejide: \u201cDeber\u00edan mandarlo a prisi\u00f3n domiciliaria\" - El Diario de Tucuman","robots":{"index":"index","follow":"follow","max-snippet":"max-snippet:-1","max-image-preview":"max-image-preview:large","max-video-preview":"max-video-preview:-1"},"canonical":"https:\/\/www.eldiariodetucuman.com\/web\/fernandez-mejide-deberian-mandarlo-a-prision-domiciliaria\/","og_locale":"es_ES","og_type":"article","og_title":"Fern\u00e1ndez Mejide: \u201cDeber\u00edan mandarlo a prisi\u00f3n domiciliaria\" - El Diario de Tucuman","og_description":"Podr\u00eda esperarse una respuesta m\u00e1s dura por parte de quien perdi\u00f3 a un hijo durante la dictadura. Pablo era tan s\u00f3lo un estudiante de 17 a\u00f1os cuando fue secuestrado en el 76\u00b4 junto a su novia por \u201cuna confusi\u00f3n\u201d, seg\u00fan se estima hasta el d\u00eda de hoy.\u00a0 Sin embargo, Graciela Fern\u00e1ndez Mejide, su madre y [&hellip;]","og_url":"https:\/\/www.eldiariodetucuman.com\/web\/fernandez-mejide-deberian-mandarlo-a-prision-domiciliaria\/","og_site_name":"El Diario de Tucuman","article_published_time":"2018-03-21T15:37:17+00:00","article_modified_time":"2018-03-21T15:37:19+00:00","og_image":[{"width":960,"height":640,"url":"https:\/\/www.eldiariodetucuman.com\/web\/wp-content\/uploads\/2018\/03\/bea0c96a375e461f6dcb99f6f7d85cd0.jpeg","type":"image\/jpeg"}],"author":"admin","twitter_card":"summary_large_image","twitter_misc":{"Escrito por":"admin","Tiempo de lectura":"2 minutos"},"schema":{"@context":"https:\/\/schema.org","@graph":[{"@type":"Article","@id":"https:\/\/www.eldiariodetucuman.com\/web\/fernandez-mejide-deberian-mandarlo-a-prision-domiciliaria\/#article","isPartOf":{"@id":"https:\/\/www.eldiariodetucuman.com\/web\/fernandez-mejide-deberian-mandarlo-a-prision-domiciliaria\/"},"author":{"name":"admin","@id":"https:\/\/www.eldiariodetucuman.com\/web\/#\/schema\/person\/9250197d75ab5483412e19678b121caa"},"headline":"Fern\u00e1ndez Mejide: \u201cDeber\u00edan mandarlo a prisi\u00f3n domiciliaria\u00bb","datePublished":"2018-03-21T15:37:17+00:00","dateModified":"2018-03-21T15:37:19+00:00","mainEntityOfPage":{"@id":"https:\/\/www.eldiariodetucuman.com\/web\/fernandez-mejide-deberian-mandarlo-a-prision-domiciliaria\/"},"wordCount":417,"commentCount":0,"publisher":{"@id":"https:\/\/www.eldiariodetucuman.com\/web\/#organization"},"image":{"@id":"https:\/\/www.eldiariodetucuman.com\/web\/fernandez-mejide-deberian-mandarlo-a-prision-domiciliaria\/#primaryimage"},"thumbnailUrl":"https:\/\/www.eldiariodetucuman.com\/web\/wp-content\/uploads\/2018\/03\/bea0c96a375e461f6dcb99f6f7d85cd0.jpeg","articleSection":["Portada"],"inLanguage":"es","potentialAction":[{"@type":"CommentAction","name":"Comment","target":["https:\/\/www.eldiariodetucuman.com\/web\/fernandez-mejide-deberian-mandarlo-a-prision-domiciliaria\/#respond"]}]},{"@type":"WebPage","@id":"https:\/\/www.eldiariodetucuman.com\/web\/fernandez-mejide-deberian-mandarlo-a-prision-domiciliaria\/","url":"https:\/\/www.eldiariodetucuman.com\/web\/fernandez-mejide-deberian-mandarlo-a-prision-domiciliaria\/","name":"Fern\u00e1ndez Mejide: \u201cDeber\u00edan mandarlo a prisi\u00f3n domiciliaria\" - El Diario de Tucuman","isPartOf":{"@id":"https:\/\/www.eldiariodetucuman.com\/web\/#website"},"primaryImageOfPage":{"@id":"https:\/\/www.eldiariodetucuman.com\/web\/fernandez-mejide-deberian-mandarlo-a-prision-domiciliaria\/#primaryimage"},"image":{"@id":"https:\/\/www.eldiariodetucuman.com\/web\/fernandez-mejide-deberian-mandarlo-a-prision-domiciliaria\/#primaryimage"},"thumbnailUrl":"https:\/\/www.eldiariodetucuman.com\/web\/wp-content\/uploads\/2018\/03\/bea0c96a375e461f6dcb99f6f7d85cd0.jpeg","datePublished":"2018-03-21T15:37:17+00:00","dateModified":"2018-03-21T15:37:19+00:00","breadcrumb":{"@id":"https:\/\/www.eldiariodetucuman.com\/web\/fernandez-mejide-deberian-mandarlo-a-prision-domiciliaria\/#breadcrumb"},"inLanguage":"es","potentialAction":[{"@type":"ReadAction","target":["https:\/\/www.eldiariodetucuman.com\/web\/fernandez-mejide-deberian-mandarlo-a-prision-domiciliaria\/"]}]},{"@type":"ImageObject","inLanguage":"es","@id":"https:\/\/www.eldiariodetucuman.com\/web\/fernandez-mejide-deberian-mandarlo-a-prision-domiciliaria\/#primaryimage","url":"https:\/\/www.eldiariodetucuman.com\/web\/wp-content\/uploads\/2018\/03\/bea0c96a375e461f6dcb99f6f7d85cd0.jpeg","contentUrl":"https:\/\/www.eldiariodetucuman.com\/web\/wp-content\/uploads\/2018\/03\/bea0c96a375e461f6dcb99f6f7d85cd0.jpeg","width":960,"height":640},{"@type":"BreadcrumbList","@id":"https:\/\/www.eldiariodetucuman.com\/web\/fernandez-mejide-deberian-mandarlo-a-prision-domiciliaria\/#breadcrumb","itemListElement":[{"@type":"ListItem","position":1,"name":"Portada","item":"https:\/\/www.eldiariodetucuman.com\/web\/"},{"@type":"ListItem","position":2,"name":"Fern\u00e1ndez Mejide: \u201cDeber\u00edan mandarlo a prisi\u00f3n domiciliaria\u00bb"}]},{"@type":"WebSite","@id":"https:\/\/www.eldiariodetucuman.com\/web\/#website","url":"https:\/\/www.eldiariodetucuman.com\/web\/","name":"El Diario de Tucuman","description":"Diario Tucuman - Informaci\u00f3n y noticias","publisher":{"@id":"https:\/\/www.eldiariodetucuman.com\/web\/#organization"},"potentialAction":[{"@type":"SearchAction","target":{"@type":"EntryPoint","urlTemplate":"https:\/\/www.eldiariodetucuman.com\/web\/?s={search_term_string}"},"query-input":{"@type":"PropertyValueSpecification","valueRequired":true,"valueName":"search_term_string"}}],"inLanguage":"es"},{"@type":"Organization","@id":"https:\/\/www.eldiariodetucuman.com\/web\/#organization","name":"El Diario de Tucuman","url":"https:\/\/www.eldiariodetucuman.com\/web\/","logo":{"@type":"ImageObject","inLanguage":"es","@id":"https:\/\/www.eldiariodetucuman.com\/web\/#\/schema\/logo\/image\/","url":"http:\/\/www.eldiariodetucuman.com\/web\/wp-content\/uploads\/2017\/12\/el-diario-de-tucuman.jpg","contentUrl":"http:\/\/www.eldiariodetucuman.com\/web\/wp-content\/uploads\/2017\/12\/el-diario-de-tucuman.jpg","width":272,"height":92,"caption":"El Diario de Tucuman"},"image":{"@id":"https:\/\/www.eldiariodetucuman.com\/web\/#\/schema\/logo\/image\/"}},{"@type":"Person","@id":"https:\/\/www.eldiariodetucuman.com\/web\/#\/schema\/person\/9250197d75ab5483412e19678b121caa","name":"admin","image":{"@type":"ImageObject","inLanguage":"es","@id":"https:\/\/secure.gravatar.com\/avatar\/c44d117c2be811212c22cb481f6b8384b6873de103fbc49e7a03cc58d7dea4ac?s=96&d=mm&r=g","url":"https:\/\/secure.gravatar.com\/avatar\/c44d117c2be811212c22cb481f6b8384b6873de103fbc49e7a03cc58d7dea4ac?s=96&d=mm&r=g","contentUrl":"https:\/\/secure.gravatar.com\/avatar\/c44d117c2be811212c22cb481f6b8384b6873de103fbc49e7a03cc58d7dea4ac?s=96&d=mm&r=g","caption":"admin"},"url":"https:\/\/www.eldiariodetucuman.com\/web\/author\/admin\/"}]}},"_links":{"self":[{"href":"https:\/\/www.eldiariodetucuman.com\/web\/wp-json\/wp\/v2\/posts\/7213","targetHints":{"allow":["GET"]}}],"collection":[{"href":"https:\/\/www.eldiariodetucuman.com\/web\/wp-json\/wp\/v2\/posts"}],"about":[{"href":"https:\/\/www.eldiariodetucuman.com\/web\/wp-json\/wp\/v2\/types\/post"}],"author":[{"embeddable":true,"href":"https:\/\/www.eldiariodetucuman.com\/web\/wp-json\/wp\/v2\/users\/1"}],"replies":[{"embeddable":true,"href":"https:\/\/www.eldiariodetucuman.com\/web\/wp-json\/wp\/v2\/comments?post=7213"}],"version-history":[{"count":1,"href":"https:\/\/www.eldiariodetucuman.com\/web\/wp-json\/wp\/v2\/posts\/7213\/revisions"}],"predecessor-version":[{"id":7215,"href":"https:\/\/www.eldiariodetucuman.com\/web\/wp-json\/wp\/v2\/posts\/7213\/revisions\/7215"}],"wp:featuredmedia":[{"embeddable":true,"href":"https:\/\/www.eldiariodetucuman.com\/web\/wp-json\/wp\/v2\/media\/7214"}],"wp:attachment":[{"href":"https:\/\/www.eldiariodetucuman.com\/web\/wp-json\/wp\/v2\/media?parent=7213"}],"wp:term":[{"taxonomy":"category","embeddable":true,"href":"https:\/\/www.eldiariodetucuman.com\/web\/wp-json\/wp\/v2\/categories?post=7213"},{"taxonomy":"post_tag","embeddable":true,"href":"https:\/\/www.eldiariodetucuman.com\/web\/wp-json\/wp\/v2\/tags?post=7213"}],"curies":[{"name":"wp","href":"https:\/\/api.w.org\/{rel}","templated":true}]}}