{"id":7206,"date":"2018-03-21T12:14:30","date_gmt":"2018-03-21T15:14:30","guid":{"rendered":"http:\/\/www.eldiariodetucuman.com\/web\/luis-ibanez-asumira-como-secretario-de-seguridad-en-reemplazo-de-miguel-gomez\/"},"modified":"2018-03-21T12:14:34","modified_gmt":"2018-03-21T15:14:34","slug":"luis-ibanez-asumira-como-secretario-de-seguridad-en-reemplazo-de-miguel-gomez","status":"publish","type":"post","link":"https:\/\/www.eldiariodetucuman.com\/web\/luis-ibanez-asumira-como-secretario-de-seguridad-en-reemplazo-de-miguel-gomez\/","title":{"rendered":"Luis Ib\u00e1\u00f1ez asumir\u00e1 como secretario de Seguridad en reemplazo de Miguel G\u00f3mez"},"content":{"rendered":"<div>\n<div readability=\"59.712177121771\">\n<p>El Gobierno confirm\u00f3 hoy que <b>Luis Ib\u00e1\u00f1ez<\/b> asumir\u00e1 como secretario de Seguridad en reemplazo de <b>Miguel G\u00f3mez<\/b>, quien dimiti\u00f3 semanas atr\u00e1s por motivos familiares. El ex comisario se desempe\u00f1aba hasta hoy como subsecretario, cargo que hab\u00eda asumido hace poco m\u00e1s de tres meses.<\/p>\n<p>En su paso por la Polic\u00eda, Ib\u00e1\u00f1ez se desempe\u00f1\u00f3 como jefe de la Unidad Regional Norte, del ex comando Radioel\u00e9ctrico y de la Patrulla Urbana. Ocupaba este \u00faltimo puesto, en 2006, cuando se produjo el <a href=\"https:\/\/www.lagaceta.com.ar\/nota\/242355\/policiales\/asesino-mutilo-esposa-cuarto-hotel-luego-arrastro-escaleras.html\" mce_href=\"https:\/\/www.lagaceta.com.ar\/nota\/242355\/policiales\/asesino-mutilo-esposa-cuarto-hotel-luego-arrastro-escaleras.html\" target=\"_blank\">crimen de <b>Mar\u00eda Marta Arias<\/b><\/a>, en un hotel de la zona del parque. La joven fue asesinada por su esposo, el santiague\u00f1o <b>Pablo Am\u00edn<\/b>, quien la estrangul\u00f3, le hizo cortes al cuerpo y le sac\u00f3 los globos oculares.<\/p>\n<p>La vacante que deja Ib\u00e1\u00f1ez en la subsecretar\u00eda de Seguridad ser\u00e1 cubierta por <b>Jos\u00e9 Ardiles<\/b>.<\/p>\n<p>Hace dos semanas, en medio de muchos rumores y conjeturas, G\u00f3mez explic\u00f3 &#8211;<a href=\"https:\/\/www.lagaceta.com.ar\/nota\/763616\/actualidad\/ex-secretario-seguridad-rompio-silencio-explico-motivos-renuncia.html\" mce_href=\"https:\/\/www.lagaceta.com.ar\/nota\/763616\/actualidad\/ex-secretario-seguridad-rompio-silencio-explico-motivos-renuncia.html\" target=\"_blank\">a trav\u00e9s de una carta<\/a>&#8211; los motivos por los que present\u00f3 su renuncia. Agradeci\u00f3 a las autoridades por haber depositado confianza en \u00e9l y revel\u00f3 que su designaci\u00f3n en el cargo le absorbi\u00f3 su tiempo en familia, algo que le gener\u00f3 conflictos y discusiones en el seno familiar. \u00abComprend\u00ed que mi pasi\u00f3n y entrega por lo que hago, el hecho de querer atender y resolver todo me estaban llevando a descuidar lo m\u00e1s que quiero en vida, mi familia\u00bb, dijo.<\/p>\n<p>Noticia en desarrollo&#8230;<\/p>\n<p><br mce_bogus=\"1\"><\/div>\n<\/div>\n<p>Fuente: http:\/\/www.lagaceta.com.ar\/nota\/764901\/actualidad\/luis-ibanez-asumira-como-secretario-seguridad-reemplazo-miguel-gomez.html<\/p>\n","protected":false},"excerpt":{"rendered":"<p>El Gobierno confirm\u00f3 hoy que Luis Ib\u00e1\u00f1ez asumir\u00e1 como secretario de Seguridad en reemplazo de Miguel G\u00f3mez, quien dimiti\u00f3 semanas atr\u00e1s por motivos familiares. El ex comisario se desempe\u00f1aba hasta hoy como subsecretario, cargo que hab\u00eda asumido hace poco m\u00e1s de tres meses. En su paso por la Polic\u00eda, Ib\u00e1\u00f1ez se desempe\u00f1\u00f3 como jefe de [&hellip;]<\/p>\n","protected":false},"author":1,"featured_media":7207,"comment_status":"open","ping_status":"closed","sticky":false,"template":"","format":"standard","meta":{"footnotes":""},"categories":[1],"tags":[],"class_list":{"0":"post-7206","1":"post","2":"type-post","3":"status-publish","4":"format-standard","5":"has-post-thumbnail","7":"category-portada"},"yoast_head":"<!-- This site is optimized with the Yoast SEO plugin v27.4 - https:\/\/yoast.com\/product\/yoast-seo-wordpress\/ -->\n<title>Luis Ib\u00e1\u00f1ez asumir\u00e1 como secretario de Seguridad en reemplazo de Miguel G\u00f3mez - El Diario de Tucuman<\/title>\n<meta name=\"robots\" content=\"index, follow, max-snippet:-1, max-image-preview:large, max-video-preview:-1\" \/>\n<link rel=\"canonical\" href=\"https:\/\/www.eldiariodetucuman.com\/web\/luis-ibanez-asumira-como-secretario-de-seguridad-en-reemplazo-de-miguel-gomez\/\" \/>\n<meta property=\"og:locale\" content=\"es_ES\" \/>\n<meta property=\"og:type\" content=\"article\" \/>\n<meta property=\"og:title\" content=\"Luis Ib\u00e1\u00f1ez asumir\u00e1 como secretario de Seguridad en reemplazo de Miguel G\u00f3mez - El Diario de Tucuman\" \/>\n<meta property=\"og:description\" content=\"El Gobierno confirm\u00f3 hoy que Luis Ib\u00e1\u00f1ez asumir\u00e1 como secretario de Seguridad en reemplazo de Miguel G\u00f3mez, quien dimiti\u00f3 semanas atr\u00e1s por motivos familiares. El ex comisario se desempe\u00f1aba hasta hoy como subsecretario, cargo que hab\u00eda asumido hace poco m\u00e1s de tres meses. En su paso por la Polic\u00eda, Ib\u00e1\u00f1ez se desempe\u00f1\u00f3 como jefe de [&hellip;]\" \/>\n<meta property=\"og:url\" content=\"https:\/\/www.eldiariodetucuman.com\/web\/luis-ibanez-asumira-como-secretario-de-seguridad-en-reemplazo-de-miguel-gomez\/\" \/>\n<meta property=\"og:site_name\" content=\"El Diario de Tucuman\" \/>\n<meta property=\"article:published_time\" content=\"2018-03-21T15:14:30+00:00\" \/>\n<meta property=\"article:modified_time\" content=\"2018-03-21T15:14:34+00:00\" \/>\n<meta property=\"og:image\" content=\"https:\/\/www.eldiariodetucuman.com\/web\/wp-content\/uploads\/2018\/03\/f9cae44a2a5ff65543c21e5137565150.jpeg\" \/>\n\t<meta property=\"og:image:width\" content=\"1500\" \/>\n\t<meta property=\"og:image:height\" content=\"850\" \/>\n\t<meta property=\"og:image:type\" content=\"image\/jpeg\" \/>\n<meta name=\"author\" content=\"admin\" \/>\n<meta name=\"twitter:card\" content=\"summary_large_image\" \/>\n<meta name=\"twitter:label1\" content=\"Escrito por\" \/>\n\t<meta name=\"twitter:data1\" content=\"admin\" \/>\n\t<meta name=\"twitter:label2\" content=\"Tiempo de lectura\" \/>\n\t<meta name=\"twitter:data2\" content=\"1 minuto\" \/>\n<script type=\"application\/ld+json\" class=\"yoast-schema-graph\">{\"@context\":\"https:\\\/\\\/schema.org\",\"@graph\":[{\"@type\":\"Article\",\"@id\":\"https:\\\/\\\/www.eldiariodetucuman.com\\\/web\\\/luis-ibanez-asumira-como-secretario-de-seguridad-en-reemplazo-de-miguel-gomez\\\/#article\",\"isPartOf\":{\"@id\":\"https:\\\/\\\/www.eldiariodetucuman.com\\\/web\\\/luis-ibanez-asumira-como-secretario-de-seguridad-en-reemplazo-de-miguel-gomez\\\/\"},\"author\":{\"name\":\"admin\",\"@id\":\"https:\\\/\\\/www.eldiariodetucuman.com\\\/web\\\/#\\\/schema\\\/person\\\/9250197d75ab5483412e19678b121caa\"},\"headline\":\"Luis Ib\u00e1\u00f1ez asumir\u00e1 como secretario de Seguridad en reemplazo de Miguel G\u00f3mez\",\"datePublished\":\"2018-03-21T15:14:30+00:00\",\"dateModified\":\"2018-03-21T15:14:34+00:00\",\"mainEntityOfPage\":{\"@id\":\"https:\\\/\\\/www.eldiariodetucuman.com\\\/web\\\/luis-ibanez-asumira-como-secretario-de-seguridad-en-reemplazo-de-miguel-gomez\\\/\"},\"wordCount\":268,\"commentCount\":0,\"publisher\":{\"@id\":\"https:\\\/\\\/www.eldiariodetucuman.com\\\/web\\\/#organization\"},\"image\":{\"@id\":\"https:\\\/\\\/www.eldiariodetucuman.com\\\/web\\\/luis-ibanez-asumira-como-secretario-de-seguridad-en-reemplazo-de-miguel-gomez\\\/#primaryimage\"},\"thumbnailUrl\":\"https:\\\/\\\/www.eldiariodetucuman.com\\\/web\\\/wp-content\\\/uploads\\\/2018\\\/03\\\/f9cae44a2a5ff65543c21e5137565150.jpeg\",\"articleSection\":[\"Portada\"],\"inLanguage\":\"es\",\"potentialAction\":[{\"@type\":\"CommentAction\",\"name\":\"Comment\",\"target\":[\"https:\\\/\\\/www.eldiariodetucuman.com\\\/web\\\/luis-ibanez-asumira-como-secretario-de-seguridad-en-reemplazo-de-miguel-gomez\\\/#respond\"]}]},{\"@type\":\"WebPage\",\"@id\":\"https:\\\/\\\/www.eldiariodetucuman.com\\\/web\\\/luis-ibanez-asumira-como-secretario-de-seguridad-en-reemplazo-de-miguel-gomez\\\/\",\"url\":\"https:\\\/\\\/www.eldiariodetucuman.com\\\/web\\\/luis-ibanez-asumira-como-secretario-de-seguridad-en-reemplazo-de-miguel-gomez\\\/\",\"name\":\"Luis Ib\u00e1\u00f1ez asumir\u00e1 como secretario de Seguridad en reemplazo de Miguel G\u00f3mez - El Diario de Tucuman\",\"isPartOf\":{\"@id\":\"https:\\\/\\\/www.eldiariodetucuman.com\\\/web\\\/#website\"},\"primaryImageOfPage\":{\"@id\":\"https:\\\/\\\/www.eldiariodetucuman.com\\\/web\\\/luis-ibanez-asumira-como-secretario-de-seguridad-en-reemplazo-de-miguel-gomez\\\/#primaryimage\"},\"image\":{\"@id\":\"https:\\\/\\\/www.eldiariodetucuman.com\\\/web\\\/luis-ibanez-asumira-como-secretario-de-seguridad-en-reemplazo-de-miguel-gomez\\\/#primaryimage\"},\"thumbnailUrl\":\"https:\\\/\\\/www.eldiariodetucuman.com\\\/web\\\/wp-content\\\/uploads\\\/2018\\\/03\\\/f9cae44a2a5ff65543c21e5137565150.jpeg\",\"datePublished\":\"2018-03-21T15:14:30+00:00\",\"dateModified\":\"2018-03-21T15:14:34+00:00\",\"breadcrumb\":{\"@id\":\"https:\\\/\\\/www.eldiariodetucuman.com\\\/web\\\/luis-ibanez-asumira-como-secretario-de-seguridad-en-reemplazo-de-miguel-gomez\\\/#breadcrumb\"},\"inLanguage\":\"es\",\"potentialAction\":[{\"@type\":\"ReadAction\",\"target\":[\"https:\\\/\\\/www.eldiariodetucuman.com\\\/web\\\/luis-ibanez-asumira-como-secretario-de-seguridad-en-reemplazo-de-miguel-gomez\\\/\"]}]},{\"@type\":\"ImageObject\",\"inLanguage\":\"es\",\"@id\":\"https:\\\/\\\/www.eldiariodetucuman.com\\\/web\\\/luis-ibanez-asumira-como-secretario-de-seguridad-en-reemplazo-de-miguel-gomez\\\/#primaryimage\",\"url\":\"https:\\\/\\\/www.eldiariodetucuman.com\\\/web\\\/wp-content\\\/uploads\\\/2018\\\/03\\\/f9cae44a2a5ff65543c21e5137565150.jpeg\",\"contentUrl\":\"https:\\\/\\\/www.eldiariodetucuman.com\\\/web\\\/wp-content\\\/uploads\\\/2018\\\/03\\\/f9cae44a2a5ff65543c21e5137565150.jpeg\",\"width\":1500,\"height\":850},{\"@type\":\"BreadcrumbList\",\"@id\":\"https:\\\/\\\/www.eldiariodetucuman.com\\\/web\\\/luis-ibanez-asumira-como-secretario-de-seguridad-en-reemplazo-de-miguel-gomez\\\/#breadcrumb\",\"itemListElement\":[{\"@type\":\"ListItem\",\"position\":1,\"name\":\"Portada\",\"item\":\"https:\\\/\\\/www.eldiariodetucuman.com\\\/web\\\/\"},{\"@type\":\"ListItem\",\"position\":2,\"name\":\"Luis Ib\u00e1\u00f1ez asumir\u00e1 como secretario de Seguridad en reemplazo de Miguel G\u00f3mez\"}]},{\"@type\":\"WebSite\",\"@id\":\"https:\\\/\\\/www.eldiariodetucuman.com\\\/web\\\/#website\",\"url\":\"https:\\\/\\\/www.eldiariodetucuman.com\\\/web\\\/\",\"name\":\"El Diario de Tucuman\",\"description\":\"Diario Tucuman - Informaci\u00f3n y noticias\",\"publisher\":{\"@id\":\"https:\\\/\\\/www.eldiariodetucuman.com\\\/web\\\/#organization\"},\"potentialAction\":[{\"@type\":\"SearchAction\",\"target\":{\"@type\":\"EntryPoint\",\"urlTemplate\":\"https:\\\/\\\/www.eldiariodetucuman.com\\\/web\\\/?s={search_term_string}\"},\"query-input\":{\"@type\":\"PropertyValueSpecification\",\"valueRequired\":true,\"valueName\":\"search_term_string\"}}],\"inLanguage\":\"es\"},{\"@type\":\"Organization\",\"@id\":\"https:\\\/\\\/www.eldiariodetucuman.com\\\/web\\\/#organization\",\"name\":\"El Diario de Tucuman\",\"url\":\"https:\\\/\\\/www.eldiariodetucuman.com\\\/web\\\/\",\"logo\":{\"@type\":\"ImageObject\",\"inLanguage\":\"es\",\"@id\":\"https:\\\/\\\/www.eldiariodetucuman.com\\\/web\\\/#\\\/schema\\\/logo\\\/image\\\/\",\"url\":\"http:\\\/\\\/www.eldiariodetucuman.com\\\/web\\\/wp-content\\\/uploads\\\/2017\\\/12\\\/el-diario-de-tucuman.jpg\",\"contentUrl\":\"http:\\\/\\\/www.eldiariodetucuman.com\\\/web\\\/wp-content\\\/uploads\\\/2017\\\/12\\\/el-diario-de-tucuman.jpg\",\"width\":272,\"height\":92,\"caption\":\"El Diario de Tucuman\"},\"image\":{\"@id\":\"https:\\\/\\\/www.eldiariodetucuman.com\\\/web\\\/#\\\/schema\\\/logo\\\/image\\\/\"}},{\"@type\":\"Person\",\"@id\":\"https:\\\/\\\/www.eldiariodetucuman.com\\\/web\\\/#\\\/schema\\\/person\\\/9250197d75ab5483412e19678b121caa\",\"name\":\"admin\",\"image\":{\"@type\":\"ImageObject\",\"inLanguage\":\"es\",\"@id\":\"https:\\\/\\\/secure.gravatar.com\\\/avatar\\\/c44d117c2be811212c22cb481f6b8384b6873de103fbc49e7a03cc58d7dea4ac?s=96&d=mm&r=g\",\"url\":\"https:\\\/\\\/secure.gravatar.com\\\/avatar\\\/c44d117c2be811212c22cb481f6b8384b6873de103fbc49e7a03cc58d7dea4ac?s=96&d=mm&r=g\",\"contentUrl\":\"https:\\\/\\\/secure.gravatar.com\\\/avatar\\\/c44d117c2be811212c22cb481f6b8384b6873de103fbc49e7a03cc58d7dea4ac?s=96&d=mm&r=g\",\"caption\":\"admin\"},\"url\":\"https:\\\/\\\/www.eldiariodetucuman.com\\\/web\\\/author\\\/admin\\\/\"}]}<\/script>\n<!-- \/ Yoast SEO plugin. -->","yoast_head_json":{"title":"Luis Ib\u00e1\u00f1ez asumir\u00e1 como secretario de Seguridad en reemplazo de Miguel G\u00f3mez - El Diario de Tucuman","robots":{"index":"index","follow":"follow","max-snippet":"max-snippet:-1","max-image-preview":"max-image-preview:large","max-video-preview":"max-video-preview:-1"},"canonical":"https:\/\/www.eldiariodetucuman.com\/web\/luis-ibanez-asumira-como-secretario-de-seguridad-en-reemplazo-de-miguel-gomez\/","og_locale":"es_ES","og_type":"article","og_title":"Luis Ib\u00e1\u00f1ez asumir\u00e1 como secretario de Seguridad en reemplazo de Miguel G\u00f3mez - El Diario de Tucuman","og_description":"El Gobierno confirm\u00f3 hoy que Luis Ib\u00e1\u00f1ez asumir\u00e1 como secretario de Seguridad en reemplazo de Miguel G\u00f3mez, quien dimiti\u00f3 semanas atr\u00e1s por motivos familiares. El ex comisario se desempe\u00f1aba hasta hoy como subsecretario, cargo que hab\u00eda asumido hace poco m\u00e1s de tres meses. En su paso por la Polic\u00eda, Ib\u00e1\u00f1ez se desempe\u00f1\u00f3 como jefe de [&hellip;]","og_url":"https:\/\/www.eldiariodetucuman.com\/web\/luis-ibanez-asumira-como-secretario-de-seguridad-en-reemplazo-de-miguel-gomez\/","og_site_name":"El Diario de Tucuman","article_published_time":"2018-03-21T15:14:30+00:00","article_modified_time":"2018-03-21T15:14:34+00:00","og_image":[{"width":1500,"height":850,"url":"https:\/\/www.eldiariodetucuman.com\/web\/wp-content\/uploads\/2018\/03\/f9cae44a2a5ff65543c21e5137565150.jpeg","type":"image\/jpeg"}],"author":"admin","twitter_card":"summary_large_image","twitter_misc":{"Escrito por":"admin","Tiempo de lectura":"1 minuto"},"schema":{"@context":"https:\/\/schema.org","@graph":[{"@type":"Article","@id":"https:\/\/www.eldiariodetucuman.com\/web\/luis-ibanez-asumira-como-secretario-de-seguridad-en-reemplazo-de-miguel-gomez\/#article","isPartOf":{"@id":"https:\/\/www.eldiariodetucuman.com\/web\/luis-ibanez-asumira-como-secretario-de-seguridad-en-reemplazo-de-miguel-gomez\/"},"author":{"name":"admin","@id":"https:\/\/www.eldiariodetucuman.com\/web\/#\/schema\/person\/9250197d75ab5483412e19678b121caa"},"headline":"Luis Ib\u00e1\u00f1ez asumir\u00e1 como secretario de Seguridad en reemplazo de Miguel G\u00f3mez","datePublished":"2018-03-21T15:14:30+00:00","dateModified":"2018-03-21T15:14:34+00:00","mainEntityOfPage":{"@id":"https:\/\/www.eldiariodetucuman.com\/web\/luis-ibanez-asumira-como-secretario-de-seguridad-en-reemplazo-de-miguel-gomez\/"},"wordCount":268,"commentCount":0,"publisher":{"@id":"https:\/\/www.eldiariodetucuman.com\/web\/#organization"},"image":{"@id":"https:\/\/www.eldiariodetucuman.com\/web\/luis-ibanez-asumira-como-secretario-de-seguridad-en-reemplazo-de-miguel-gomez\/#primaryimage"},"thumbnailUrl":"https:\/\/www.eldiariodetucuman.com\/web\/wp-content\/uploads\/2018\/03\/f9cae44a2a5ff65543c21e5137565150.jpeg","articleSection":["Portada"],"inLanguage":"es","potentialAction":[{"@type":"CommentAction","name":"Comment","target":["https:\/\/www.eldiariodetucuman.com\/web\/luis-ibanez-asumira-como-secretario-de-seguridad-en-reemplazo-de-miguel-gomez\/#respond"]}]},{"@type":"WebPage","@id":"https:\/\/www.eldiariodetucuman.com\/web\/luis-ibanez-asumira-como-secretario-de-seguridad-en-reemplazo-de-miguel-gomez\/","url":"https:\/\/www.eldiariodetucuman.com\/web\/luis-ibanez-asumira-como-secretario-de-seguridad-en-reemplazo-de-miguel-gomez\/","name":"Luis Ib\u00e1\u00f1ez asumir\u00e1 como secretario de Seguridad en reemplazo de Miguel G\u00f3mez - El Diario de Tucuman","isPartOf":{"@id":"https:\/\/www.eldiariodetucuman.com\/web\/#website"},"primaryImageOfPage":{"@id":"https:\/\/www.eldiariodetucuman.com\/web\/luis-ibanez-asumira-como-secretario-de-seguridad-en-reemplazo-de-miguel-gomez\/#primaryimage"},"image":{"@id":"https:\/\/www.eldiariodetucuman.com\/web\/luis-ibanez-asumira-como-secretario-de-seguridad-en-reemplazo-de-miguel-gomez\/#primaryimage"},"thumbnailUrl":"https:\/\/www.eldiariodetucuman.com\/web\/wp-content\/uploads\/2018\/03\/f9cae44a2a5ff65543c21e5137565150.jpeg","datePublished":"2018-03-21T15:14:30+00:00","dateModified":"2018-03-21T15:14:34+00:00","breadcrumb":{"@id":"https:\/\/www.eldiariodetucuman.com\/web\/luis-ibanez-asumira-como-secretario-de-seguridad-en-reemplazo-de-miguel-gomez\/#breadcrumb"},"inLanguage":"es","potentialAction":[{"@type":"ReadAction","target":["https:\/\/www.eldiariodetucuman.com\/web\/luis-ibanez-asumira-como-secretario-de-seguridad-en-reemplazo-de-miguel-gomez\/"]}]},{"@type":"ImageObject","inLanguage":"es","@id":"https:\/\/www.eldiariodetucuman.com\/web\/luis-ibanez-asumira-como-secretario-de-seguridad-en-reemplazo-de-miguel-gomez\/#primaryimage","url":"https:\/\/www.eldiariodetucuman.com\/web\/wp-content\/uploads\/2018\/03\/f9cae44a2a5ff65543c21e5137565150.jpeg","contentUrl":"https:\/\/www.eldiariodetucuman.com\/web\/wp-content\/uploads\/2018\/03\/f9cae44a2a5ff65543c21e5137565150.jpeg","width":1500,"height":850},{"@type":"BreadcrumbList","@id":"https:\/\/www.eldiariodetucuman.com\/web\/luis-ibanez-asumira-como-secretario-de-seguridad-en-reemplazo-de-miguel-gomez\/#breadcrumb","itemListElement":[{"@type":"ListItem","position":1,"name":"Portada","item":"https:\/\/www.eldiariodetucuman.com\/web\/"},{"@type":"ListItem","position":2,"name":"Luis Ib\u00e1\u00f1ez asumir\u00e1 como secretario de Seguridad en reemplazo de Miguel G\u00f3mez"}]},{"@type":"WebSite","@id":"https:\/\/www.eldiariodetucuman.com\/web\/#website","url":"https:\/\/www.eldiariodetucuman.com\/web\/","name":"El Diario de Tucuman","description":"Diario Tucuman - Informaci\u00f3n y noticias","publisher":{"@id":"https:\/\/www.eldiariodetucuman.com\/web\/#organization"},"potentialAction":[{"@type":"SearchAction","target":{"@type":"EntryPoint","urlTemplate":"https:\/\/www.eldiariodetucuman.com\/web\/?s={search_term_string}"},"query-input":{"@type":"PropertyValueSpecification","valueRequired":true,"valueName":"search_term_string"}}],"inLanguage":"es"},{"@type":"Organization","@id":"https:\/\/www.eldiariodetucuman.com\/web\/#organization","name":"El Diario de Tucuman","url":"https:\/\/www.eldiariodetucuman.com\/web\/","logo":{"@type":"ImageObject","inLanguage":"es","@id":"https:\/\/www.eldiariodetucuman.com\/web\/#\/schema\/logo\/image\/","url":"http:\/\/www.eldiariodetucuman.com\/web\/wp-content\/uploads\/2017\/12\/el-diario-de-tucuman.jpg","contentUrl":"http:\/\/www.eldiariodetucuman.com\/web\/wp-content\/uploads\/2017\/12\/el-diario-de-tucuman.jpg","width":272,"height":92,"caption":"El Diario de Tucuman"},"image":{"@id":"https:\/\/www.eldiariodetucuman.com\/web\/#\/schema\/logo\/image\/"}},{"@type":"Person","@id":"https:\/\/www.eldiariodetucuman.com\/web\/#\/schema\/person\/9250197d75ab5483412e19678b121caa","name":"admin","image":{"@type":"ImageObject","inLanguage":"es","@id":"https:\/\/secure.gravatar.com\/avatar\/c44d117c2be811212c22cb481f6b8384b6873de103fbc49e7a03cc58d7dea4ac?s=96&d=mm&r=g","url":"https:\/\/secure.gravatar.com\/avatar\/c44d117c2be811212c22cb481f6b8384b6873de103fbc49e7a03cc58d7dea4ac?s=96&d=mm&r=g","contentUrl":"https:\/\/secure.gravatar.com\/avatar\/c44d117c2be811212c22cb481f6b8384b6873de103fbc49e7a03cc58d7dea4ac?s=96&d=mm&r=g","caption":"admin"},"url":"https:\/\/www.eldiariodetucuman.com\/web\/author\/admin\/"}]}},"_links":{"self":[{"href":"https:\/\/www.eldiariodetucuman.com\/web\/wp-json\/wp\/v2\/posts\/7206","targetHints":{"allow":["GET"]}}],"collection":[{"href":"https:\/\/www.eldiariodetucuman.com\/web\/wp-json\/wp\/v2\/posts"}],"about":[{"href":"https:\/\/www.eldiariodetucuman.com\/web\/wp-json\/wp\/v2\/types\/post"}],"author":[{"embeddable":true,"href":"https:\/\/www.eldiariodetucuman.com\/web\/wp-json\/wp\/v2\/users\/1"}],"replies":[{"embeddable":true,"href":"https:\/\/www.eldiariodetucuman.com\/web\/wp-json\/wp\/v2\/comments?post=7206"}],"version-history":[{"count":1,"href":"https:\/\/www.eldiariodetucuman.com\/web\/wp-json\/wp\/v2\/posts\/7206\/revisions"}],"predecessor-version":[{"id":7208,"href":"https:\/\/www.eldiariodetucuman.com\/web\/wp-json\/wp\/v2\/posts\/7206\/revisions\/7208"}],"wp:featuredmedia":[{"embeddable":true,"href":"https:\/\/www.eldiariodetucuman.com\/web\/wp-json\/wp\/v2\/media\/7207"}],"wp:attachment":[{"href":"https:\/\/www.eldiariodetucuman.com\/web\/wp-json\/wp\/v2\/media?parent=7206"}],"wp:term":[{"taxonomy":"category","embeddable":true,"href":"https:\/\/www.eldiariodetucuman.com\/web\/wp-json\/wp\/v2\/categories?post=7206"},{"taxonomy":"post_tag","embeddable":true,"href":"https:\/\/www.eldiariodetucuman.com\/web\/wp-json\/wp\/v2\/tags?post=7206"}],"curies":[{"name":"wp","href":"https:\/\/api.w.org\/{rel}","templated":true}]}}