{"id":7191,"date":"2018-03-21T12:00:28","date_gmt":"2018-03-21T15:00:28","guid":{"rendered":"http:\/\/www.eldiariodetucuman.com\/web\/mira-en-vivo-las-12-en-30-la-construccion-del-cepla-en-la-costanera-y-como-afectara-la-suspension-de-los-vuelos-de-aerolineas\/"},"modified":"2018-03-21T12:00:34","modified_gmt":"2018-03-21T15:00:34","slug":"mira-en-vivo-las-12-en-30-la-construccion-del-cepla-en-la-costanera-y-como-afectara-la-suspension-de-los-vuelos-de-aerolineas","status":"publish","type":"post","link":"https:\/\/www.eldiariodetucuman.com\/web\/mira-en-vivo-las-12-en-30-la-construccion-del-cepla-en-la-costanera-y-como-afectara-la-suspension-de-los-vuelos-de-aerolineas\/","title":{"rendered":"Mir\u00e1 en vivo \u00abLas 12 en 30\u00bb: la construcci\u00f3n del Cepla en La Costanera y c\u00f3mo afectar\u00e1 la suspensi\u00f3n de los vuelos de Aerol\u00edneas"},"content":{"rendered":"<div>\n<div readability=\"45.142857142857\">\n<p>De lunes a viernes, al mediod\u00eda, <b>Jos\u00e9 N\u00e1zaro<\/b> y <b>Carolina Servetto<\/b> profundizan los temas que son noticia durante la jornada con <a href=\"http:\/\/www.lagaceta.com.ar\/programa\/13009\/12-30\" mce_href=\"http:\/\/www.lagaceta.com.ar\/programa\/13009\/12-30\" target=\"_blank\">\u201cLas 12 en 30\u201d<\/a>. El objetivo de este noticiero es ahondar sobre los temas m\u00e1s candentes de la ma\u00f1ana, a trav\u00e9s de entrevistas con los protagonistas del d\u00eda y del di\u00e1logo con periodistas de LA GACETA.<\/p>\n<p>El noticiero se emitir\u00e1 en vivo por <a href=\"http:\/\/www.lagaceta.com.ar\/\" mce_href=\"http:\/\/www.lagaceta.com.ar\/\" target=\"_blank\">LAGACETA.com<\/a> y las cuentas de <a href=\"https:\/\/www.facebook.com\/lagaceta\/\" mce_href=\"https:\/\/www.facebook.com\/lagaceta\/\" target=\"_blank\">Facebook<\/a> y <a href=\"https:\/\/www.youtube.com\/user\/lagacetatucuman\" mce_href=\"https:\/\/www.youtube.com\/user\/lagacetatucuman\" target=\"_blank\">Youtube<\/a> de nuestro diario.<\/p>\n<p>Hoy visitan el estudio autoridades del Ente de Turismo para hablar sobre los vuelos, Semana Santa y otros temas vinculados con el turismo. Adem\u00e1s, representantes de la Hermandad de los Barrios analizan la situaci\u00f3n de la Costanera un d\u00eda antes de que la Legislatura trate el proyecto de construcci\u00f3n del CEPLA.<\/p>\n<p><br mce_bogus=\"1\"><\/div>\n<\/div>\n<p>Fuente: http:\/\/www.lagaceta.com.ar\/nota\/764891\/lg-play\/mira-vivo-12-30-construccion-cepla-costanera-como-afectara-suspension-vuelos-aerolineas.html<\/p>\n","protected":false},"excerpt":{"rendered":"<p>De lunes a viernes, al mediod\u00eda, Jos\u00e9 N\u00e1zaro y Carolina Servetto profundizan los temas que son noticia durante la jornada con \u201cLas 12 en 30\u201d. El objetivo de este noticiero es ahondar sobre los temas m\u00e1s candentes de la ma\u00f1ana, a trav\u00e9s de entrevistas con los protagonistas del d\u00eda y del di\u00e1logo con periodistas de [&hellip;]<\/p>\n","protected":false},"author":1,"featured_media":7192,"comment_status":"open","ping_status":"closed","sticky":false,"template":"","format":"standard","meta":{"footnotes":""},"categories":[1],"tags":[],"class_list":{"0":"post-7191","1":"post","2":"type-post","3":"status-publish","4":"format-standard","5":"has-post-thumbnail","7":"category-portada"},"yoast_head":"<!-- This site is optimized with the Yoast SEO plugin v27.4 - https:\/\/yoast.com\/product\/yoast-seo-wordpress\/ -->\n<title>Mir\u00e1 en vivo &quot;Las 12 en 30&quot;: la construcci\u00f3n del Cepla en La Costanera y c\u00f3mo afectar\u00e1 la suspensi\u00f3n de los vuelos de Aerol\u00edneas - El Diario de Tucuman<\/title>\n<meta name=\"robots\" content=\"index, follow, max-snippet:-1, max-image-preview:large, max-video-preview:-1\" \/>\n<link rel=\"canonical\" href=\"https:\/\/www.eldiariodetucuman.com\/web\/mira-en-vivo-las-12-en-30-la-construccion-del-cepla-en-la-costanera-y-como-afectara-la-suspension-de-los-vuelos-de-aerolineas\/\" \/>\n<meta property=\"og:locale\" content=\"es_ES\" \/>\n<meta property=\"og:type\" content=\"article\" \/>\n<meta property=\"og:title\" content=\"Mir\u00e1 en vivo &quot;Las 12 en 30&quot;: la construcci\u00f3n del Cepla en La Costanera y c\u00f3mo afectar\u00e1 la suspensi\u00f3n de los vuelos de Aerol\u00edneas - El Diario de Tucuman\" \/>\n<meta property=\"og:description\" content=\"De lunes a viernes, al mediod\u00eda, Jos\u00e9 N\u00e1zaro y Carolina Servetto profundizan los temas que son noticia durante la jornada con \u201cLas 12 en 30\u201d. El objetivo de este noticiero es ahondar sobre los temas m\u00e1s candentes de la ma\u00f1ana, a trav\u00e9s de entrevistas con los protagonistas del d\u00eda y del di\u00e1logo con periodistas de [&hellip;]\" \/>\n<meta property=\"og:url\" content=\"https:\/\/www.eldiariodetucuman.com\/web\/mira-en-vivo-las-12-en-30-la-construccion-del-cepla-en-la-costanera-y-como-afectara-la-suspension-de-los-vuelos-de-aerolineas\/\" \/>\n<meta property=\"og:site_name\" content=\"El Diario de Tucuman\" \/>\n<meta property=\"article:published_time\" content=\"2018-03-21T15:00:28+00:00\" \/>\n<meta property=\"article:modified_time\" content=\"2018-03-21T15:00:34+00:00\" \/>\n<meta property=\"og:image\" content=\"https:\/\/www.eldiariodetucuman.com\/web\/wp-content\/uploads\/2018\/03\/2ebfbb34bbe52d30a3ad4a8f23ac9c7c.jpeg\" \/>\n\t<meta property=\"og:image:width\" content=\"1500\" \/>\n\t<meta property=\"og:image:height\" content=\"850\" \/>\n\t<meta property=\"og:image:type\" content=\"image\/jpeg\" \/>\n<meta name=\"author\" content=\"admin\" \/>\n<meta name=\"twitter:card\" content=\"summary_large_image\" \/>\n<meta name=\"twitter:label1\" content=\"Escrito por\" \/>\n\t<meta name=\"twitter:data1\" content=\"admin\" \/>\n\t<meta name=\"twitter:label2\" content=\"Tiempo de lectura\" \/>\n\t<meta name=\"twitter:data2\" content=\"1 minuto\" \/>\n<script type=\"application\/ld+json\" class=\"yoast-schema-graph\">{\"@context\":\"https:\\\/\\\/schema.org\",\"@graph\":[{\"@type\":\"Article\",\"@id\":\"https:\\\/\\\/www.eldiariodetucuman.com\\\/web\\\/mira-en-vivo-las-12-en-30-la-construccion-del-cepla-en-la-costanera-y-como-afectara-la-suspension-de-los-vuelos-de-aerolineas\\\/#article\",\"isPartOf\":{\"@id\":\"https:\\\/\\\/www.eldiariodetucuman.com\\\/web\\\/mira-en-vivo-las-12-en-30-la-construccion-del-cepla-en-la-costanera-y-como-afectara-la-suspension-de-los-vuelos-de-aerolineas\\\/\"},\"author\":{\"name\":\"admin\",\"@id\":\"https:\\\/\\\/www.eldiariodetucuman.com\\\/web\\\/#\\\/schema\\\/person\\\/9250197d75ab5483412e19678b121caa\"},\"headline\":\"Mir\u00e1 en vivo \u00abLas 12 en 30\u00bb: la construcci\u00f3n del Cepla en La Costanera y c\u00f3mo afectar\u00e1 la suspensi\u00f3n de los vuelos de Aerol\u00edneas\",\"datePublished\":\"2018-03-21T15:00:28+00:00\",\"dateModified\":\"2018-03-21T15:00:34+00:00\",\"mainEntityOfPage\":{\"@id\":\"https:\\\/\\\/www.eldiariodetucuman.com\\\/web\\\/mira-en-vivo-las-12-en-30-la-construccion-del-cepla-en-la-costanera-y-como-afectara-la-suspension-de-los-vuelos-de-aerolineas\\\/\"},\"wordCount\":174,\"commentCount\":0,\"publisher\":{\"@id\":\"https:\\\/\\\/www.eldiariodetucuman.com\\\/web\\\/#organization\"},\"image\":{\"@id\":\"https:\\\/\\\/www.eldiariodetucuman.com\\\/web\\\/mira-en-vivo-las-12-en-30-la-construccion-del-cepla-en-la-costanera-y-como-afectara-la-suspension-de-los-vuelos-de-aerolineas\\\/#primaryimage\"},\"thumbnailUrl\":\"https:\\\/\\\/www.eldiariodetucuman.com\\\/web\\\/wp-content\\\/uploads\\\/2018\\\/03\\\/2ebfbb34bbe52d30a3ad4a8f23ac9c7c.jpeg\",\"articleSection\":[\"Portada\"],\"inLanguage\":\"es\",\"potentialAction\":[{\"@type\":\"CommentAction\",\"name\":\"Comment\",\"target\":[\"https:\\\/\\\/www.eldiariodetucuman.com\\\/web\\\/mira-en-vivo-las-12-en-30-la-construccion-del-cepla-en-la-costanera-y-como-afectara-la-suspension-de-los-vuelos-de-aerolineas\\\/#respond\"]}]},{\"@type\":\"WebPage\",\"@id\":\"https:\\\/\\\/www.eldiariodetucuman.com\\\/web\\\/mira-en-vivo-las-12-en-30-la-construccion-del-cepla-en-la-costanera-y-como-afectara-la-suspension-de-los-vuelos-de-aerolineas\\\/\",\"url\":\"https:\\\/\\\/www.eldiariodetucuman.com\\\/web\\\/mira-en-vivo-las-12-en-30-la-construccion-del-cepla-en-la-costanera-y-como-afectara-la-suspension-de-los-vuelos-de-aerolineas\\\/\",\"name\":\"Mir\u00e1 en vivo \\\"Las 12 en 30\\\": la construcci\u00f3n del Cepla en La Costanera y c\u00f3mo afectar\u00e1 la suspensi\u00f3n de los vuelos de Aerol\u00edneas - El Diario de Tucuman\",\"isPartOf\":{\"@id\":\"https:\\\/\\\/www.eldiariodetucuman.com\\\/web\\\/#website\"},\"primaryImageOfPage\":{\"@id\":\"https:\\\/\\\/www.eldiariodetucuman.com\\\/web\\\/mira-en-vivo-las-12-en-30-la-construccion-del-cepla-en-la-costanera-y-como-afectara-la-suspension-de-los-vuelos-de-aerolineas\\\/#primaryimage\"},\"image\":{\"@id\":\"https:\\\/\\\/www.eldiariodetucuman.com\\\/web\\\/mira-en-vivo-las-12-en-30-la-construccion-del-cepla-en-la-costanera-y-como-afectara-la-suspension-de-los-vuelos-de-aerolineas\\\/#primaryimage\"},\"thumbnailUrl\":\"https:\\\/\\\/www.eldiariodetucuman.com\\\/web\\\/wp-content\\\/uploads\\\/2018\\\/03\\\/2ebfbb34bbe52d30a3ad4a8f23ac9c7c.jpeg\",\"datePublished\":\"2018-03-21T15:00:28+00:00\",\"dateModified\":\"2018-03-21T15:00:34+00:00\",\"breadcrumb\":{\"@id\":\"https:\\\/\\\/www.eldiariodetucuman.com\\\/web\\\/mira-en-vivo-las-12-en-30-la-construccion-del-cepla-en-la-costanera-y-como-afectara-la-suspension-de-los-vuelos-de-aerolineas\\\/#breadcrumb\"},\"inLanguage\":\"es\",\"potentialAction\":[{\"@type\":\"ReadAction\",\"target\":[\"https:\\\/\\\/www.eldiariodetucuman.com\\\/web\\\/mira-en-vivo-las-12-en-30-la-construccion-del-cepla-en-la-costanera-y-como-afectara-la-suspension-de-los-vuelos-de-aerolineas\\\/\"]}]},{\"@type\":\"ImageObject\",\"inLanguage\":\"es\",\"@id\":\"https:\\\/\\\/www.eldiariodetucuman.com\\\/web\\\/mira-en-vivo-las-12-en-30-la-construccion-del-cepla-en-la-costanera-y-como-afectara-la-suspension-de-los-vuelos-de-aerolineas\\\/#primaryimage\",\"url\":\"https:\\\/\\\/www.eldiariodetucuman.com\\\/web\\\/wp-content\\\/uploads\\\/2018\\\/03\\\/2ebfbb34bbe52d30a3ad4a8f23ac9c7c.jpeg\",\"contentUrl\":\"https:\\\/\\\/www.eldiariodetucuman.com\\\/web\\\/wp-content\\\/uploads\\\/2018\\\/03\\\/2ebfbb34bbe52d30a3ad4a8f23ac9c7c.jpeg\",\"width\":1500,\"height\":850},{\"@type\":\"BreadcrumbList\",\"@id\":\"https:\\\/\\\/www.eldiariodetucuman.com\\\/web\\\/mira-en-vivo-las-12-en-30-la-construccion-del-cepla-en-la-costanera-y-como-afectara-la-suspension-de-los-vuelos-de-aerolineas\\\/#breadcrumb\",\"itemListElement\":[{\"@type\":\"ListItem\",\"position\":1,\"name\":\"Portada\",\"item\":\"https:\\\/\\\/www.eldiariodetucuman.com\\\/web\\\/\"},{\"@type\":\"ListItem\",\"position\":2,\"name\":\"Mir\u00e1 en vivo \u00abLas 12 en 30\u00bb: la construcci\u00f3n del Cepla en La Costanera y c\u00f3mo afectar\u00e1 la suspensi\u00f3n de los vuelos de Aerol\u00edneas\"}]},{\"@type\":\"WebSite\",\"@id\":\"https:\\\/\\\/www.eldiariodetucuman.com\\\/web\\\/#website\",\"url\":\"https:\\\/\\\/www.eldiariodetucuman.com\\\/web\\\/\",\"name\":\"El Diario de Tucuman\",\"description\":\"Diario Tucuman - Informaci\u00f3n y noticias\",\"publisher\":{\"@id\":\"https:\\\/\\\/www.eldiariodetucuman.com\\\/web\\\/#organization\"},\"potentialAction\":[{\"@type\":\"SearchAction\",\"target\":{\"@type\":\"EntryPoint\",\"urlTemplate\":\"https:\\\/\\\/www.eldiariodetucuman.com\\\/web\\\/?s={search_term_string}\"},\"query-input\":{\"@type\":\"PropertyValueSpecification\",\"valueRequired\":true,\"valueName\":\"search_term_string\"}}],\"inLanguage\":\"es\"},{\"@type\":\"Organization\",\"@id\":\"https:\\\/\\\/www.eldiariodetucuman.com\\\/web\\\/#organization\",\"name\":\"El Diario de Tucuman\",\"url\":\"https:\\\/\\\/www.eldiariodetucuman.com\\\/web\\\/\",\"logo\":{\"@type\":\"ImageObject\",\"inLanguage\":\"es\",\"@id\":\"https:\\\/\\\/www.eldiariodetucuman.com\\\/web\\\/#\\\/schema\\\/logo\\\/image\\\/\",\"url\":\"http:\\\/\\\/www.eldiariodetucuman.com\\\/web\\\/wp-content\\\/uploads\\\/2017\\\/12\\\/el-diario-de-tucuman.jpg\",\"contentUrl\":\"http:\\\/\\\/www.eldiariodetucuman.com\\\/web\\\/wp-content\\\/uploads\\\/2017\\\/12\\\/el-diario-de-tucuman.jpg\",\"width\":272,\"height\":92,\"caption\":\"El Diario de Tucuman\"},\"image\":{\"@id\":\"https:\\\/\\\/www.eldiariodetucuman.com\\\/web\\\/#\\\/schema\\\/logo\\\/image\\\/\"}},{\"@type\":\"Person\",\"@id\":\"https:\\\/\\\/www.eldiariodetucuman.com\\\/web\\\/#\\\/schema\\\/person\\\/9250197d75ab5483412e19678b121caa\",\"name\":\"admin\",\"image\":{\"@type\":\"ImageObject\",\"inLanguage\":\"es\",\"@id\":\"https:\\\/\\\/secure.gravatar.com\\\/avatar\\\/c44d117c2be811212c22cb481f6b8384b6873de103fbc49e7a03cc58d7dea4ac?s=96&d=mm&r=g\",\"url\":\"https:\\\/\\\/secure.gravatar.com\\\/avatar\\\/c44d117c2be811212c22cb481f6b8384b6873de103fbc49e7a03cc58d7dea4ac?s=96&d=mm&r=g\",\"contentUrl\":\"https:\\\/\\\/secure.gravatar.com\\\/avatar\\\/c44d117c2be811212c22cb481f6b8384b6873de103fbc49e7a03cc58d7dea4ac?s=96&d=mm&r=g\",\"caption\":\"admin\"},\"url\":\"https:\\\/\\\/www.eldiariodetucuman.com\\\/web\\\/author\\\/admin\\\/\"}]}<\/script>\n<!-- \/ Yoast SEO plugin. -->","yoast_head_json":{"title":"Mir\u00e1 en vivo \"Las 12 en 30\": la construcci\u00f3n del Cepla en La Costanera y c\u00f3mo afectar\u00e1 la suspensi\u00f3n de los vuelos de Aerol\u00edneas - El Diario de Tucuman","robots":{"index":"index","follow":"follow","max-snippet":"max-snippet:-1","max-image-preview":"max-image-preview:large","max-video-preview":"max-video-preview:-1"},"canonical":"https:\/\/www.eldiariodetucuman.com\/web\/mira-en-vivo-las-12-en-30-la-construccion-del-cepla-en-la-costanera-y-como-afectara-la-suspension-de-los-vuelos-de-aerolineas\/","og_locale":"es_ES","og_type":"article","og_title":"Mir\u00e1 en vivo \"Las 12 en 30\": la construcci\u00f3n del Cepla en La Costanera y c\u00f3mo afectar\u00e1 la suspensi\u00f3n de los vuelos de Aerol\u00edneas - El Diario de Tucuman","og_description":"De lunes a viernes, al mediod\u00eda, Jos\u00e9 N\u00e1zaro y Carolina Servetto profundizan los temas que son noticia durante la jornada con \u201cLas 12 en 30\u201d. El objetivo de este noticiero es ahondar sobre los temas m\u00e1s candentes de la ma\u00f1ana, a trav\u00e9s de entrevistas con los protagonistas del d\u00eda y del di\u00e1logo con periodistas de [&hellip;]","og_url":"https:\/\/www.eldiariodetucuman.com\/web\/mira-en-vivo-las-12-en-30-la-construccion-del-cepla-en-la-costanera-y-como-afectara-la-suspension-de-los-vuelos-de-aerolineas\/","og_site_name":"El Diario de Tucuman","article_published_time":"2018-03-21T15:00:28+00:00","article_modified_time":"2018-03-21T15:00:34+00:00","og_image":[{"width":1500,"height":850,"url":"https:\/\/www.eldiariodetucuman.com\/web\/wp-content\/uploads\/2018\/03\/2ebfbb34bbe52d30a3ad4a8f23ac9c7c.jpeg","type":"image\/jpeg"}],"author":"admin","twitter_card":"summary_large_image","twitter_misc":{"Escrito por":"admin","Tiempo de lectura":"1 minuto"},"schema":{"@context":"https:\/\/schema.org","@graph":[{"@type":"Article","@id":"https:\/\/www.eldiariodetucuman.com\/web\/mira-en-vivo-las-12-en-30-la-construccion-del-cepla-en-la-costanera-y-como-afectara-la-suspension-de-los-vuelos-de-aerolineas\/#article","isPartOf":{"@id":"https:\/\/www.eldiariodetucuman.com\/web\/mira-en-vivo-las-12-en-30-la-construccion-del-cepla-en-la-costanera-y-como-afectara-la-suspension-de-los-vuelos-de-aerolineas\/"},"author":{"name":"admin","@id":"https:\/\/www.eldiariodetucuman.com\/web\/#\/schema\/person\/9250197d75ab5483412e19678b121caa"},"headline":"Mir\u00e1 en vivo \u00abLas 12 en 30\u00bb: la construcci\u00f3n del Cepla en La Costanera y c\u00f3mo afectar\u00e1 la suspensi\u00f3n de los vuelos de Aerol\u00edneas","datePublished":"2018-03-21T15:00:28+00:00","dateModified":"2018-03-21T15:00:34+00:00","mainEntityOfPage":{"@id":"https:\/\/www.eldiariodetucuman.com\/web\/mira-en-vivo-las-12-en-30-la-construccion-del-cepla-en-la-costanera-y-como-afectara-la-suspension-de-los-vuelos-de-aerolineas\/"},"wordCount":174,"commentCount":0,"publisher":{"@id":"https:\/\/www.eldiariodetucuman.com\/web\/#organization"},"image":{"@id":"https:\/\/www.eldiariodetucuman.com\/web\/mira-en-vivo-las-12-en-30-la-construccion-del-cepla-en-la-costanera-y-como-afectara-la-suspension-de-los-vuelos-de-aerolineas\/#primaryimage"},"thumbnailUrl":"https:\/\/www.eldiariodetucuman.com\/web\/wp-content\/uploads\/2018\/03\/2ebfbb34bbe52d30a3ad4a8f23ac9c7c.jpeg","articleSection":["Portada"],"inLanguage":"es","potentialAction":[{"@type":"CommentAction","name":"Comment","target":["https:\/\/www.eldiariodetucuman.com\/web\/mira-en-vivo-las-12-en-30-la-construccion-del-cepla-en-la-costanera-y-como-afectara-la-suspension-de-los-vuelos-de-aerolineas\/#respond"]}]},{"@type":"WebPage","@id":"https:\/\/www.eldiariodetucuman.com\/web\/mira-en-vivo-las-12-en-30-la-construccion-del-cepla-en-la-costanera-y-como-afectara-la-suspension-de-los-vuelos-de-aerolineas\/","url":"https:\/\/www.eldiariodetucuman.com\/web\/mira-en-vivo-las-12-en-30-la-construccion-del-cepla-en-la-costanera-y-como-afectara-la-suspension-de-los-vuelos-de-aerolineas\/","name":"Mir\u00e1 en vivo \"Las 12 en 30\": la construcci\u00f3n del Cepla en La Costanera y c\u00f3mo afectar\u00e1 la suspensi\u00f3n de los vuelos de Aerol\u00edneas - El Diario de Tucuman","isPartOf":{"@id":"https:\/\/www.eldiariodetucuman.com\/web\/#website"},"primaryImageOfPage":{"@id":"https:\/\/www.eldiariodetucuman.com\/web\/mira-en-vivo-las-12-en-30-la-construccion-del-cepla-en-la-costanera-y-como-afectara-la-suspension-de-los-vuelos-de-aerolineas\/#primaryimage"},"image":{"@id":"https:\/\/www.eldiariodetucuman.com\/web\/mira-en-vivo-las-12-en-30-la-construccion-del-cepla-en-la-costanera-y-como-afectara-la-suspension-de-los-vuelos-de-aerolineas\/#primaryimage"},"thumbnailUrl":"https:\/\/www.eldiariodetucuman.com\/web\/wp-content\/uploads\/2018\/03\/2ebfbb34bbe52d30a3ad4a8f23ac9c7c.jpeg","datePublished":"2018-03-21T15:00:28+00:00","dateModified":"2018-03-21T15:00:34+00:00","breadcrumb":{"@id":"https:\/\/www.eldiariodetucuman.com\/web\/mira-en-vivo-las-12-en-30-la-construccion-del-cepla-en-la-costanera-y-como-afectara-la-suspension-de-los-vuelos-de-aerolineas\/#breadcrumb"},"inLanguage":"es","potentialAction":[{"@type":"ReadAction","target":["https:\/\/www.eldiariodetucuman.com\/web\/mira-en-vivo-las-12-en-30-la-construccion-del-cepla-en-la-costanera-y-como-afectara-la-suspension-de-los-vuelos-de-aerolineas\/"]}]},{"@type":"ImageObject","inLanguage":"es","@id":"https:\/\/www.eldiariodetucuman.com\/web\/mira-en-vivo-las-12-en-30-la-construccion-del-cepla-en-la-costanera-y-como-afectara-la-suspension-de-los-vuelos-de-aerolineas\/#primaryimage","url":"https:\/\/www.eldiariodetucuman.com\/web\/wp-content\/uploads\/2018\/03\/2ebfbb34bbe52d30a3ad4a8f23ac9c7c.jpeg","contentUrl":"https:\/\/www.eldiariodetucuman.com\/web\/wp-content\/uploads\/2018\/03\/2ebfbb34bbe52d30a3ad4a8f23ac9c7c.jpeg","width":1500,"height":850},{"@type":"BreadcrumbList","@id":"https:\/\/www.eldiariodetucuman.com\/web\/mira-en-vivo-las-12-en-30-la-construccion-del-cepla-en-la-costanera-y-como-afectara-la-suspension-de-los-vuelos-de-aerolineas\/#breadcrumb","itemListElement":[{"@type":"ListItem","position":1,"name":"Portada","item":"https:\/\/www.eldiariodetucuman.com\/web\/"},{"@type":"ListItem","position":2,"name":"Mir\u00e1 en vivo \u00abLas 12 en 30\u00bb: la construcci\u00f3n del Cepla en La Costanera y c\u00f3mo afectar\u00e1 la suspensi\u00f3n de los vuelos de Aerol\u00edneas"}]},{"@type":"WebSite","@id":"https:\/\/www.eldiariodetucuman.com\/web\/#website","url":"https:\/\/www.eldiariodetucuman.com\/web\/","name":"El Diario de Tucuman","description":"Diario Tucuman - Informaci\u00f3n y noticias","publisher":{"@id":"https:\/\/www.eldiariodetucuman.com\/web\/#organization"},"potentialAction":[{"@type":"SearchAction","target":{"@type":"EntryPoint","urlTemplate":"https:\/\/www.eldiariodetucuman.com\/web\/?s={search_term_string}"},"query-input":{"@type":"PropertyValueSpecification","valueRequired":true,"valueName":"search_term_string"}}],"inLanguage":"es"},{"@type":"Organization","@id":"https:\/\/www.eldiariodetucuman.com\/web\/#organization","name":"El Diario de Tucuman","url":"https:\/\/www.eldiariodetucuman.com\/web\/","logo":{"@type":"ImageObject","inLanguage":"es","@id":"https:\/\/www.eldiariodetucuman.com\/web\/#\/schema\/logo\/image\/","url":"http:\/\/www.eldiariodetucuman.com\/web\/wp-content\/uploads\/2017\/12\/el-diario-de-tucuman.jpg","contentUrl":"http:\/\/www.eldiariodetucuman.com\/web\/wp-content\/uploads\/2017\/12\/el-diario-de-tucuman.jpg","width":272,"height":92,"caption":"El Diario de Tucuman"},"image":{"@id":"https:\/\/www.eldiariodetucuman.com\/web\/#\/schema\/logo\/image\/"}},{"@type":"Person","@id":"https:\/\/www.eldiariodetucuman.com\/web\/#\/schema\/person\/9250197d75ab5483412e19678b121caa","name":"admin","image":{"@type":"ImageObject","inLanguage":"es","@id":"https:\/\/secure.gravatar.com\/avatar\/c44d117c2be811212c22cb481f6b8384b6873de103fbc49e7a03cc58d7dea4ac?s=96&d=mm&r=g","url":"https:\/\/secure.gravatar.com\/avatar\/c44d117c2be811212c22cb481f6b8384b6873de103fbc49e7a03cc58d7dea4ac?s=96&d=mm&r=g","contentUrl":"https:\/\/secure.gravatar.com\/avatar\/c44d117c2be811212c22cb481f6b8384b6873de103fbc49e7a03cc58d7dea4ac?s=96&d=mm&r=g","caption":"admin"},"url":"https:\/\/www.eldiariodetucuman.com\/web\/author\/admin\/"}]}},"_links":{"self":[{"href":"https:\/\/www.eldiariodetucuman.com\/web\/wp-json\/wp\/v2\/posts\/7191","targetHints":{"allow":["GET"]}}],"collection":[{"href":"https:\/\/www.eldiariodetucuman.com\/web\/wp-json\/wp\/v2\/posts"}],"about":[{"href":"https:\/\/www.eldiariodetucuman.com\/web\/wp-json\/wp\/v2\/types\/post"}],"author":[{"embeddable":true,"href":"https:\/\/www.eldiariodetucuman.com\/web\/wp-json\/wp\/v2\/users\/1"}],"replies":[{"embeddable":true,"href":"https:\/\/www.eldiariodetucuman.com\/web\/wp-json\/wp\/v2\/comments?post=7191"}],"version-history":[{"count":1,"href":"https:\/\/www.eldiariodetucuman.com\/web\/wp-json\/wp\/v2\/posts\/7191\/revisions"}],"predecessor-version":[{"id":7193,"href":"https:\/\/www.eldiariodetucuman.com\/web\/wp-json\/wp\/v2\/posts\/7191\/revisions\/7193"}],"wp:featuredmedia":[{"embeddable":true,"href":"https:\/\/www.eldiariodetucuman.com\/web\/wp-json\/wp\/v2\/media\/7192"}],"wp:attachment":[{"href":"https:\/\/www.eldiariodetucuman.com\/web\/wp-json\/wp\/v2\/media?parent=7191"}],"wp:term":[{"taxonomy":"category","embeddable":true,"href":"https:\/\/www.eldiariodetucuman.com\/web\/wp-json\/wp\/v2\/categories?post=7191"},{"taxonomy":"post_tag","embeddable":true,"href":"https:\/\/www.eldiariodetucuman.com\/web\/wp-json\/wp\/v2\/tags?post=7191"}],"curies":[{"name":"wp","href":"https:\/\/api.w.org\/{rel}","templated":true}]}}