{"id":7188,"date":"2018-03-21T11:42:17","date_gmt":"2018-03-21T14:42:17","guid":{"rendered":"http:\/\/www.eldiariodetucuman.com\/web\/investigan-si-tambien-se-usaron-datos-de-facebook-para-campanas-argentinas\/"},"modified":"2018-03-21T11:42:19","modified_gmt":"2018-03-21T14:42:19","slug":"investigan-si-tambien-se-usaron-datos-de-facebook-para-campanas-argentinas","status":"publish","type":"post","link":"https:\/\/www.eldiariodetucuman.com\/web\/investigan-si-tambien-se-usaron-datos-de-facebook-para-campanas-argentinas\/","title":{"rendered":"Investigan si tambi\u00e9n se usaron datos de Facebook para campa\u00f1as argentinas"},"content":{"rendered":"<div>\n<div readability=\"67.967415235579\">\n<p>El esc\u00e1ndalo mundial que vincula a la consultora Cambridge Analytica y Facebook har\u00eda pie en Argentina, donde <a href=\"https:\/\/www.elintransigente.com\/politica\/2018\/3\/20\/la-empresa-acusada-de-usar-datos-de-facebook-habria-operado-tambien-en-argentina-483087.html\">la empresa acusada de recolectar datos personas de Facebook tambi\u00e9n habr\u00eda operado<\/a>.\u00a0<\/p>\n<p>En ese sentido, la <strong>C\u00e1mara Nacional Electoral local ya est\u00e1 investigando<\/strong> si la firma trabaj\u00f3 en torno a las carreras electorales\u00a0locales y, como lo hizo en Estados Unidos, realiz\u00f3 \u201ccampa\u00f1as sucias\u201d.\u00a0<\/p>\n<p>Asimismo, diputados kirchneristas solicitaron datos al \u00e1rea encargada de vedar por la transparencia en los comicios\u00a0y que es encabezada por Alberto Dalla V\u00eda. En tanto, desde el organismo\u00a0notificaron que ya se hab\u00eda iniciado una \u201c<strong>investigaci\u00f3n interna<\/strong>\u201d.\u00a0<\/p>\n<p>Mientras tanto, <strong>desde la oposici\u00f3n se\u00f1alan a Cambemos<\/strong> como el \u00fanico partido que pudo haber contratado los servicios de la consultora, aunque por el momento son meras suposiciones, ya que no se sabe qu\u00e9 trabajos espec\u00edficos realizaron en el pa\u00eds.\u00a0<\/p>\n<p>Uno de los legisladores que solicitar\u00e1 el informe ser\u00e1 el diputado porte\u00f1o por el Frente para la Victoria <strong>Juan Cabandi\u00e9<\/strong>, quien adem\u00e1s asegur\u00f3 que en la sesi\u00f3n de hoy<strong> pedir\u00e1 debatir el tema<\/strong>.\u00a0<\/p>\n<p>El esc\u00e1ndalo, que repercute tambi\u00e9n en nuestro pa\u00eds, estall\u00f3 gracias a un informe period\u00edstico del<br \/>\nChannel 4 de Inglaterra, que incluy\u00f3 c\u00e1maras ocultas, y que revel\u00f3 el uso de datos de Facebook para las campa\u00f1as.\u00a0<\/p>\n<p>Los periodistas entrevistaron al presidente de la empresa CA, Alexander Nix, entre otros directivos, y all\u00ed cuenta c\u00f3mo influyeron en distintas campa\u00f1as, entre las que se\u00f1alan la victoria de Donald Trump, y el Brexit.<\/p>\n<p>De acuerdo a la investigaci\u00f3n europea, la CNE local quiere saber si dentro de las m\u00e1s de 200 elecciones en todo el mundo en la que se habr\u00eda utilizado esta metodolog\u00eda, tambi\u00e9n se encuentra Argentina.\u00a0<\/p>\n<p>En tanto, el especialista en seguridad inform\u00e1tica,<a href=\"https:\/\/www.elintransigente.com\/politica\/2018\/3\/20\/cambiemos-reconoce-que-ganaron-por-las-campanas-en-las-redes-sociales-483128.html\"> Ariel Garbarz<\/a>, opin\u00f3 sobre el uso indebido de datos de usuarios de Facebook y brind\u00f3 detalles sobre el impacto de las redes en el triunfo del presidente argentino, Mauricio Macri.\u00a0<\/p>\n<p>\u00abCambiemos reconoce que ha ganado las elecciones por las campa\u00f1as publicitarias que hicieron en las redes sociales, sino hubieran tenido menos votos\u00bb, indic\u00f3 Garbarz, respecto del caso que ya est\u00e1 siendo investigado y que promete tener muchos cap\u00edtulos.\u00a0<\/p>\n<\/div>\n<\/div>\n<p>Fuente: https:\/\/www.elintransigente.com\/politica\/2018\/3\/21\/investigan-si-tambien-se-usaron-datos-de-facebook-para-campanas-argentinas-483207.html<\/p>\n","protected":false},"excerpt":{"rendered":"<p>El esc\u00e1ndalo mundial que vincula a la consultora Cambridge Analytica y Facebook har\u00eda pie en Argentina, donde la empresa acusada de recolectar datos personas de Facebook tambi\u00e9n habr\u00eda operado.\u00a0 En ese sentido, la C\u00e1mara Nacional Electoral local ya est\u00e1 investigando si la firma trabaj\u00f3 en torno a las carreras electorales\u00a0locales y, como lo hizo en [&hellip;]<\/p>\n","protected":false},"author":1,"featured_media":7189,"comment_status":"open","ping_status":"closed","sticky":false,"template":"","format":"standard","meta":{"footnotes":""},"categories":[1],"tags":[],"class_list":{"0":"post-7188","1":"post","2":"type-post","3":"status-publish","4":"format-standard","5":"has-post-thumbnail","7":"category-portada"},"yoast_head":"<!-- This site is optimized with the Yoast SEO plugin v27.4 - https:\/\/yoast.com\/product\/yoast-seo-wordpress\/ -->\n<title>Investigan si tambi\u00e9n se usaron datos de Facebook para campa\u00f1as argentinas - El Diario de Tucuman<\/title>\n<meta name=\"robots\" content=\"index, follow, max-snippet:-1, max-image-preview:large, max-video-preview:-1\" \/>\n<link rel=\"canonical\" href=\"https:\/\/www.eldiariodetucuman.com\/web\/investigan-si-tambien-se-usaron-datos-de-facebook-para-campanas-argentinas\/\" \/>\n<meta property=\"og:locale\" content=\"es_ES\" \/>\n<meta property=\"og:type\" content=\"article\" \/>\n<meta property=\"og:title\" content=\"Investigan si tambi\u00e9n se usaron datos de Facebook para campa\u00f1as argentinas - El Diario de Tucuman\" \/>\n<meta property=\"og:description\" content=\"El esc\u00e1ndalo mundial que vincula a la consultora Cambridge Analytica y Facebook har\u00eda pie en Argentina, donde la empresa acusada de recolectar datos personas de Facebook tambi\u00e9n habr\u00eda operado.\u00a0 En ese sentido, la C\u00e1mara Nacional Electoral local ya est\u00e1 investigando si la firma trabaj\u00f3 en torno a las carreras electorales\u00a0locales y, como lo hizo en [&hellip;]\" \/>\n<meta property=\"og:url\" content=\"https:\/\/www.eldiariodetucuman.com\/web\/investigan-si-tambien-se-usaron-datos-de-facebook-para-campanas-argentinas\/\" \/>\n<meta property=\"og:site_name\" content=\"El Diario de Tucuman\" \/>\n<meta property=\"article:published_time\" content=\"2018-03-21T14:42:17+00:00\" \/>\n<meta property=\"article:modified_time\" content=\"2018-03-21T14:42:19+00:00\" \/>\n<meta property=\"og:image\" content=\"https:\/\/www.eldiariodetucuman.com\/web\/wp-content\/uploads\/2018\/03\/d4c0fec2881b39be6a9447787d3a6c83.jpeg\" \/>\n\t<meta property=\"og:image:width\" content=\"960\" \/>\n\t<meta property=\"og:image:height\" content=\"678\" \/>\n\t<meta property=\"og:image:type\" content=\"image\/jpeg\" \/>\n<meta name=\"author\" content=\"admin\" \/>\n<meta name=\"twitter:card\" content=\"summary_large_image\" \/>\n<meta name=\"twitter:label1\" content=\"Escrito por\" \/>\n\t<meta name=\"twitter:data1\" content=\"admin\" \/>\n\t<meta name=\"twitter:label2\" content=\"Tiempo de lectura\" \/>\n\t<meta name=\"twitter:data2\" content=\"2 minutos\" \/>\n<script type=\"application\/ld+json\" class=\"yoast-schema-graph\">{\"@context\":\"https:\\\/\\\/schema.org\",\"@graph\":[{\"@type\":\"Article\",\"@id\":\"https:\\\/\\\/www.eldiariodetucuman.com\\\/web\\\/investigan-si-tambien-se-usaron-datos-de-facebook-para-campanas-argentinas\\\/#article\",\"isPartOf\":{\"@id\":\"https:\\\/\\\/www.eldiariodetucuman.com\\\/web\\\/investigan-si-tambien-se-usaron-datos-de-facebook-para-campanas-argentinas\\\/\"},\"author\":{\"name\":\"admin\",\"@id\":\"https:\\\/\\\/www.eldiariodetucuman.com\\\/web\\\/#\\\/schema\\\/person\\\/9250197d75ab5483412e19678b121caa\"},\"headline\":\"Investigan si tambi\u00e9n se usaron datos de Facebook para campa\u00f1as argentinas\",\"datePublished\":\"2018-03-21T14:42:17+00:00\",\"dateModified\":\"2018-03-21T14:42:19+00:00\",\"mainEntityOfPage\":{\"@id\":\"https:\\\/\\\/www.eldiariodetucuman.com\\\/web\\\/investigan-si-tambien-se-usaron-datos-de-facebook-para-campanas-argentinas\\\/\"},\"wordCount\":403,\"commentCount\":0,\"publisher\":{\"@id\":\"https:\\\/\\\/www.eldiariodetucuman.com\\\/web\\\/#organization\"},\"image\":{\"@id\":\"https:\\\/\\\/www.eldiariodetucuman.com\\\/web\\\/investigan-si-tambien-se-usaron-datos-de-facebook-para-campanas-argentinas\\\/#primaryimage\"},\"thumbnailUrl\":\"https:\\\/\\\/www.eldiariodetucuman.com\\\/web\\\/wp-content\\\/uploads\\\/2018\\\/03\\\/d4c0fec2881b39be6a9447787d3a6c83.jpeg\",\"articleSection\":[\"Portada\"],\"inLanguage\":\"es\",\"potentialAction\":[{\"@type\":\"CommentAction\",\"name\":\"Comment\",\"target\":[\"https:\\\/\\\/www.eldiariodetucuman.com\\\/web\\\/investigan-si-tambien-se-usaron-datos-de-facebook-para-campanas-argentinas\\\/#respond\"]}]},{\"@type\":\"WebPage\",\"@id\":\"https:\\\/\\\/www.eldiariodetucuman.com\\\/web\\\/investigan-si-tambien-se-usaron-datos-de-facebook-para-campanas-argentinas\\\/\",\"url\":\"https:\\\/\\\/www.eldiariodetucuman.com\\\/web\\\/investigan-si-tambien-se-usaron-datos-de-facebook-para-campanas-argentinas\\\/\",\"name\":\"Investigan si tambi\u00e9n se usaron datos de Facebook para campa\u00f1as argentinas - El Diario de Tucuman\",\"isPartOf\":{\"@id\":\"https:\\\/\\\/www.eldiariodetucuman.com\\\/web\\\/#website\"},\"primaryImageOfPage\":{\"@id\":\"https:\\\/\\\/www.eldiariodetucuman.com\\\/web\\\/investigan-si-tambien-se-usaron-datos-de-facebook-para-campanas-argentinas\\\/#primaryimage\"},\"image\":{\"@id\":\"https:\\\/\\\/www.eldiariodetucuman.com\\\/web\\\/investigan-si-tambien-se-usaron-datos-de-facebook-para-campanas-argentinas\\\/#primaryimage\"},\"thumbnailUrl\":\"https:\\\/\\\/www.eldiariodetucuman.com\\\/web\\\/wp-content\\\/uploads\\\/2018\\\/03\\\/d4c0fec2881b39be6a9447787d3a6c83.jpeg\",\"datePublished\":\"2018-03-21T14:42:17+00:00\",\"dateModified\":\"2018-03-21T14:42:19+00:00\",\"breadcrumb\":{\"@id\":\"https:\\\/\\\/www.eldiariodetucuman.com\\\/web\\\/investigan-si-tambien-se-usaron-datos-de-facebook-para-campanas-argentinas\\\/#breadcrumb\"},\"inLanguage\":\"es\",\"potentialAction\":[{\"@type\":\"ReadAction\",\"target\":[\"https:\\\/\\\/www.eldiariodetucuman.com\\\/web\\\/investigan-si-tambien-se-usaron-datos-de-facebook-para-campanas-argentinas\\\/\"]}]},{\"@type\":\"ImageObject\",\"inLanguage\":\"es\",\"@id\":\"https:\\\/\\\/www.eldiariodetucuman.com\\\/web\\\/investigan-si-tambien-se-usaron-datos-de-facebook-para-campanas-argentinas\\\/#primaryimage\",\"url\":\"https:\\\/\\\/www.eldiariodetucuman.com\\\/web\\\/wp-content\\\/uploads\\\/2018\\\/03\\\/d4c0fec2881b39be6a9447787d3a6c83.jpeg\",\"contentUrl\":\"https:\\\/\\\/www.eldiariodetucuman.com\\\/web\\\/wp-content\\\/uploads\\\/2018\\\/03\\\/d4c0fec2881b39be6a9447787d3a6c83.jpeg\",\"width\":960,\"height\":678},{\"@type\":\"BreadcrumbList\",\"@id\":\"https:\\\/\\\/www.eldiariodetucuman.com\\\/web\\\/investigan-si-tambien-se-usaron-datos-de-facebook-para-campanas-argentinas\\\/#breadcrumb\",\"itemListElement\":[{\"@type\":\"ListItem\",\"position\":1,\"name\":\"Portada\",\"item\":\"https:\\\/\\\/www.eldiariodetucuman.com\\\/web\\\/\"},{\"@type\":\"ListItem\",\"position\":2,\"name\":\"Investigan si tambi\u00e9n se usaron datos de Facebook para campa\u00f1as argentinas\"}]},{\"@type\":\"WebSite\",\"@id\":\"https:\\\/\\\/www.eldiariodetucuman.com\\\/web\\\/#website\",\"url\":\"https:\\\/\\\/www.eldiariodetucuman.com\\\/web\\\/\",\"name\":\"El Diario de Tucuman\",\"description\":\"Diario Tucuman - Informaci\u00f3n y noticias\",\"publisher\":{\"@id\":\"https:\\\/\\\/www.eldiariodetucuman.com\\\/web\\\/#organization\"},\"potentialAction\":[{\"@type\":\"SearchAction\",\"target\":{\"@type\":\"EntryPoint\",\"urlTemplate\":\"https:\\\/\\\/www.eldiariodetucuman.com\\\/web\\\/?s={search_term_string}\"},\"query-input\":{\"@type\":\"PropertyValueSpecification\",\"valueRequired\":true,\"valueName\":\"search_term_string\"}}],\"inLanguage\":\"es\"},{\"@type\":\"Organization\",\"@id\":\"https:\\\/\\\/www.eldiariodetucuman.com\\\/web\\\/#organization\",\"name\":\"El Diario de Tucuman\",\"url\":\"https:\\\/\\\/www.eldiariodetucuman.com\\\/web\\\/\",\"logo\":{\"@type\":\"ImageObject\",\"inLanguage\":\"es\",\"@id\":\"https:\\\/\\\/www.eldiariodetucuman.com\\\/web\\\/#\\\/schema\\\/logo\\\/image\\\/\",\"url\":\"http:\\\/\\\/www.eldiariodetucuman.com\\\/web\\\/wp-content\\\/uploads\\\/2017\\\/12\\\/el-diario-de-tucuman.jpg\",\"contentUrl\":\"http:\\\/\\\/www.eldiariodetucuman.com\\\/web\\\/wp-content\\\/uploads\\\/2017\\\/12\\\/el-diario-de-tucuman.jpg\",\"width\":272,\"height\":92,\"caption\":\"El Diario de Tucuman\"},\"image\":{\"@id\":\"https:\\\/\\\/www.eldiariodetucuman.com\\\/web\\\/#\\\/schema\\\/logo\\\/image\\\/\"}},{\"@type\":\"Person\",\"@id\":\"https:\\\/\\\/www.eldiariodetucuman.com\\\/web\\\/#\\\/schema\\\/person\\\/9250197d75ab5483412e19678b121caa\",\"name\":\"admin\",\"image\":{\"@type\":\"ImageObject\",\"inLanguage\":\"es\",\"@id\":\"https:\\\/\\\/secure.gravatar.com\\\/avatar\\\/c44d117c2be811212c22cb481f6b8384b6873de103fbc49e7a03cc58d7dea4ac?s=96&d=mm&r=g\",\"url\":\"https:\\\/\\\/secure.gravatar.com\\\/avatar\\\/c44d117c2be811212c22cb481f6b8384b6873de103fbc49e7a03cc58d7dea4ac?s=96&d=mm&r=g\",\"contentUrl\":\"https:\\\/\\\/secure.gravatar.com\\\/avatar\\\/c44d117c2be811212c22cb481f6b8384b6873de103fbc49e7a03cc58d7dea4ac?s=96&d=mm&r=g\",\"caption\":\"admin\"},\"url\":\"https:\\\/\\\/www.eldiariodetucuman.com\\\/web\\\/author\\\/admin\\\/\"}]}<\/script>\n<!-- \/ Yoast SEO plugin. -->","yoast_head_json":{"title":"Investigan si tambi\u00e9n se usaron datos de Facebook para campa\u00f1as argentinas - El Diario de Tucuman","robots":{"index":"index","follow":"follow","max-snippet":"max-snippet:-1","max-image-preview":"max-image-preview:large","max-video-preview":"max-video-preview:-1"},"canonical":"https:\/\/www.eldiariodetucuman.com\/web\/investigan-si-tambien-se-usaron-datos-de-facebook-para-campanas-argentinas\/","og_locale":"es_ES","og_type":"article","og_title":"Investigan si tambi\u00e9n se usaron datos de Facebook para campa\u00f1as argentinas - El Diario de Tucuman","og_description":"El esc\u00e1ndalo mundial que vincula a la consultora Cambridge Analytica y Facebook har\u00eda pie en Argentina, donde la empresa acusada de recolectar datos personas de Facebook tambi\u00e9n habr\u00eda operado.\u00a0 En ese sentido, la C\u00e1mara Nacional Electoral local ya est\u00e1 investigando si la firma trabaj\u00f3 en torno a las carreras electorales\u00a0locales y, como lo hizo en [&hellip;]","og_url":"https:\/\/www.eldiariodetucuman.com\/web\/investigan-si-tambien-se-usaron-datos-de-facebook-para-campanas-argentinas\/","og_site_name":"El Diario de Tucuman","article_published_time":"2018-03-21T14:42:17+00:00","article_modified_time":"2018-03-21T14:42:19+00:00","og_image":[{"width":960,"height":678,"url":"https:\/\/www.eldiariodetucuman.com\/web\/wp-content\/uploads\/2018\/03\/d4c0fec2881b39be6a9447787d3a6c83.jpeg","type":"image\/jpeg"}],"author":"admin","twitter_card":"summary_large_image","twitter_misc":{"Escrito por":"admin","Tiempo de lectura":"2 minutos"},"schema":{"@context":"https:\/\/schema.org","@graph":[{"@type":"Article","@id":"https:\/\/www.eldiariodetucuman.com\/web\/investigan-si-tambien-se-usaron-datos-de-facebook-para-campanas-argentinas\/#article","isPartOf":{"@id":"https:\/\/www.eldiariodetucuman.com\/web\/investigan-si-tambien-se-usaron-datos-de-facebook-para-campanas-argentinas\/"},"author":{"name":"admin","@id":"https:\/\/www.eldiariodetucuman.com\/web\/#\/schema\/person\/9250197d75ab5483412e19678b121caa"},"headline":"Investigan si tambi\u00e9n se usaron datos de Facebook para campa\u00f1as argentinas","datePublished":"2018-03-21T14:42:17+00:00","dateModified":"2018-03-21T14:42:19+00:00","mainEntityOfPage":{"@id":"https:\/\/www.eldiariodetucuman.com\/web\/investigan-si-tambien-se-usaron-datos-de-facebook-para-campanas-argentinas\/"},"wordCount":403,"commentCount":0,"publisher":{"@id":"https:\/\/www.eldiariodetucuman.com\/web\/#organization"},"image":{"@id":"https:\/\/www.eldiariodetucuman.com\/web\/investigan-si-tambien-se-usaron-datos-de-facebook-para-campanas-argentinas\/#primaryimage"},"thumbnailUrl":"https:\/\/www.eldiariodetucuman.com\/web\/wp-content\/uploads\/2018\/03\/d4c0fec2881b39be6a9447787d3a6c83.jpeg","articleSection":["Portada"],"inLanguage":"es","potentialAction":[{"@type":"CommentAction","name":"Comment","target":["https:\/\/www.eldiariodetucuman.com\/web\/investigan-si-tambien-se-usaron-datos-de-facebook-para-campanas-argentinas\/#respond"]}]},{"@type":"WebPage","@id":"https:\/\/www.eldiariodetucuman.com\/web\/investigan-si-tambien-se-usaron-datos-de-facebook-para-campanas-argentinas\/","url":"https:\/\/www.eldiariodetucuman.com\/web\/investigan-si-tambien-se-usaron-datos-de-facebook-para-campanas-argentinas\/","name":"Investigan si tambi\u00e9n se usaron datos de Facebook para campa\u00f1as argentinas - El Diario de Tucuman","isPartOf":{"@id":"https:\/\/www.eldiariodetucuman.com\/web\/#website"},"primaryImageOfPage":{"@id":"https:\/\/www.eldiariodetucuman.com\/web\/investigan-si-tambien-se-usaron-datos-de-facebook-para-campanas-argentinas\/#primaryimage"},"image":{"@id":"https:\/\/www.eldiariodetucuman.com\/web\/investigan-si-tambien-se-usaron-datos-de-facebook-para-campanas-argentinas\/#primaryimage"},"thumbnailUrl":"https:\/\/www.eldiariodetucuman.com\/web\/wp-content\/uploads\/2018\/03\/d4c0fec2881b39be6a9447787d3a6c83.jpeg","datePublished":"2018-03-21T14:42:17+00:00","dateModified":"2018-03-21T14:42:19+00:00","breadcrumb":{"@id":"https:\/\/www.eldiariodetucuman.com\/web\/investigan-si-tambien-se-usaron-datos-de-facebook-para-campanas-argentinas\/#breadcrumb"},"inLanguage":"es","potentialAction":[{"@type":"ReadAction","target":["https:\/\/www.eldiariodetucuman.com\/web\/investigan-si-tambien-se-usaron-datos-de-facebook-para-campanas-argentinas\/"]}]},{"@type":"ImageObject","inLanguage":"es","@id":"https:\/\/www.eldiariodetucuman.com\/web\/investigan-si-tambien-se-usaron-datos-de-facebook-para-campanas-argentinas\/#primaryimage","url":"https:\/\/www.eldiariodetucuman.com\/web\/wp-content\/uploads\/2018\/03\/d4c0fec2881b39be6a9447787d3a6c83.jpeg","contentUrl":"https:\/\/www.eldiariodetucuman.com\/web\/wp-content\/uploads\/2018\/03\/d4c0fec2881b39be6a9447787d3a6c83.jpeg","width":960,"height":678},{"@type":"BreadcrumbList","@id":"https:\/\/www.eldiariodetucuman.com\/web\/investigan-si-tambien-se-usaron-datos-de-facebook-para-campanas-argentinas\/#breadcrumb","itemListElement":[{"@type":"ListItem","position":1,"name":"Portada","item":"https:\/\/www.eldiariodetucuman.com\/web\/"},{"@type":"ListItem","position":2,"name":"Investigan si tambi\u00e9n se usaron datos de Facebook para campa\u00f1as argentinas"}]},{"@type":"WebSite","@id":"https:\/\/www.eldiariodetucuman.com\/web\/#website","url":"https:\/\/www.eldiariodetucuman.com\/web\/","name":"El Diario de Tucuman","description":"Diario Tucuman - Informaci\u00f3n y noticias","publisher":{"@id":"https:\/\/www.eldiariodetucuman.com\/web\/#organization"},"potentialAction":[{"@type":"SearchAction","target":{"@type":"EntryPoint","urlTemplate":"https:\/\/www.eldiariodetucuman.com\/web\/?s={search_term_string}"},"query-input":{"@type":"PropertyValueSpecification","valueRequired":true,"valueName":"search_term_string"}}],"inLanguage":"es"},{"@type":"Organization","@id":"https:\/\/www.eldiariodetucuman.com\/web\/#organization","name":"El Diario de Tucuman","url":"https:\/\/www.eldiariodetucuman.com\/web\/","logo":{"@type":"ImageObject","inLanguage":"es","@id":"https:\/\/www.eldiariodetucuman.com\/web\/#\/schema\/logo\/image\/","url":"http:\/\/www.eldiariodetucuman.com\/web\/wp-content\/uploads\/2017\/12\/el-diario-de-tucuman.jpg","contentUrl":"http:\/\/www.eldiariodetucuman.com\/web\/wp-content\/uploads\/2017\/12\/el-diario-de-tucuman.jpg","width":272,"height":92,"caption":"El Diario de Tucuman"},"image":{"@id":"https:\/\/www.eldiariodetucuman.com\/web\/#\/schema\/logo\/image\/"}},{"@type":"Person","@id":"https:\/\/www.eldiariodetucuman.com\/web\/#\/schema\/person\/9250197d75ab5483412e19678b121caa","name":"admin","image":{"@type":"ImageObject","inLanguage":"es","@id":"https:\/\/secure.gravatar.com\/avatar\/c44d117c2be811212c22cb481f6b8384b6873de103fbc49e7a03cc58d7dea4ac?s=96&d=mm&r=g","url":"https:\/\/secure.gravatar.com\/avatar\/c44d117c2be811212c22cb481f6b8384b6873de103fbc49e7a03cc58d7dea4ac?s=96&d=mm&r=g","contentUrl":"https:\/\/secure.gravatar.com\/avatar\/c44d117c2be811212c22cb481f6b8384b6873de103fbc49e7a03cc58d7dea4ac?s=96&d=mm&r=g","caption":"admin"},"url":"https:\/\/www.eldiariodetucuman.com\/web\/author\/admin\/"}]}},"_links":{"self":[{"href":"https:\/\/www.eldiariodetucuman.com\/web\/wp-json\/wp\/v2\/posts\/7188","targetHints":{"allow":["GET"]}}],"collection":[{"href":"https:\/\/www.eldiariodetucuman.com\/web\/wp-json\/wp\/v2\/posts"}],"about":[{"href":"https:\/\/www.eldiariodetucuman.com\/web\/wp-json\/wp\/v2\/types\/post"}],"author":[{"embeddable":true,"href":"https:\/\/www.eldiariodetucuman.com\/web\/wp-json\/wp\/v2\/users\/1"}],"replies":[{"embeddable":true,"href":"https:\/\/www.eldiariodetucuman.com\/web\/wp-json\/wp\/v2\/comments?post=7188"}],"version-history":[{"count":1,"href":"https:\/\/www.eldiariodetucuman.com\/web\/wp-json\/wp\/v2\/posts\/7188\/revisions"}],"predecessor-version":[{"id":7190,"href":"https:\/\/www.eldiariodetucuman.com\/web\/wp-json\/wp\/v2\/posts\/7188\/revisions\/7190"}],"wp:featuredmedia":[{"embeddable":true,"href":"https:\/\/www.eldiariodetucuman.com\/web\/wp-json\/wp\/v2\/media\/7189"}],"wp:attachment":[{"href":"https:\/\/www.eldiariodetucuman.com\/web\/wp-json\/wp\/v2\/media?parent=7188"}],"wp:term":[{"taxonomy":"category","embeddable":true,"href":"https:\/\/www.eldiariodetucuman.com\/web\/wp-json\/wp\/v2\/categories?post=7188"},{"taxonomy":"post_tag","embeddable":true,"href":"https:\/\/www.eldiariodetucuman.com\/web\/wp-json\/wp\/v2\/tags?post=7188"}],"curies":[{"name":"wp","href":"https:\/\/api.w.org\/{rel}","templated":true}]}}