{"id":7185,"date":"2018-03-21T11:42:11","date_gmt":"2018-03-21T14:42:11","guid":{"rendered":"http:\/\/www.eldiariodetucuman.com\/web\/roberto-baradel-no-queremos-perder-poder-adquisitivo\/"},"modified":"2018-03-21T11:42:12","modified_gmt":"2018-03-21T14:42:12","slug":"roberto-baradel-no-queremos-perder-poder-adquisitivo","status":"publish","type":"post","link":"https:\/\/www.eldiariodetucuman.com\/web\/roberto-baradel-no-queremos-perder-poder-adquisitivo\/","title":{"rendered":"Roberto Baradel: \u00abNo queremos perder poder adquisitivo\u00bb"},"content":{"rendered":"<div>\n<div readability=\"45.013333333333\">\n<p><strong><a href=\"https:\/\/www.elintransigente.com\/politica\/2018\/3\/11\/con-los-600-pesos-ofrecidos-no-se-paga-ni-la-boleta-luz-se-quejo-baradel-481849.html\">Roberto Baradel<\/a><\/strong>, titular del <strong>Sindicato \u00danico de Trabajadores de la Educaci\u00f3n <\/strong>de la Provincia de Buenos Aires, se refiri\u00f3 a la nueva <strong><a href=\"https:\/\/www.elintransigente.com\/sociedad\/2018\/3\/21\/la-quinta-es-la-vencida-483187.html\">reuni\u00f3n que mantendr\u00e1n hoy, a las 14 horas<\/a><\/strong>, los representantes de los docentes y las autoridades de la Provincia de Buenos Aires, para tratar de alcanzar un acuerdo salarial. Sostuvo, que mantienen una <a href=\"https:\/\/www.elintransigente.com\/politica\/2018\/3\/19\/estatales-bonaerenses-juntan-fuerzas-para-afrontar-el-ajuste-del-ejecutivo-482967.html\"><strong>demanda de 20%<\/strong><\/a> de actualizaci\u00f3n para este a\u00f1o porque \u201c<strong>no queremos perder poder adquisitivo<\/strong>\u201d. En tal sentido, afirm\u00f3 que \u201c<strong>no es muy buena la expectativa de la reuni\u00f3n de hoy<\/strong>\u201d porque, a su parecer, las autoridades \u201cquieren imponer una propuesta m\u00e1s que negociar\u201d. Sin embargo, expres\u00f3 que quiere escuchar la propuesta \u201c<strong>porque quiz\u00e1s nos sorprenda el Gobierno<\/strong>\u201d.<\/p>\n<p>Luego asever\u00f3 que \u201c<strong>estamos esperando que el Gobierno act\u00fae con sentido com\u00fan<\/strong>\u201d.\u00a0 E insisti\u00f3 respecto a que el Gobierno de la <strong>Provincia posee recursos financieros <\/strong>para satisfacer la demanda de los docentes: \u201cTienen m\u00e1s de <strong>40 mil millones de pesos<\/strong>, con los que antes no contaban, de coparticipaci\u00f3n\u201d. Y a\u00f1adi\u00f3 que \u201cno tiene inconvenientes para mejorar la propuesta a no ser que sea una decisi\u00f3n pol\u00edtica\u201d.<\/p>\n<p>Mientras las autoridades ofrecen un <strong>aumento salarial del 5% por cuatrimestre <\/strong>sin cl\u00e1usula de actualizaci\u00f3n autom\u00e1tica, los representantes gremiales <strong>docentes demandan para 2018 un aumento del 20% con cl\u00e1usula autom\u00e1tica de actualizaci\u00f3n en caso que la inflaci\u00f3n efectivamente supere las proyecciones<\/strong>. Adem\u00e1s, solicitan se d\u00e9 respuesta al reclamo de \u201crecuperaci\u00f3n de 4 puntos porcentuales de 2016\u201d.<\/p>\n<aside class=\"htmlinline \"><ins class=\"adsbygoogle\" data-ad-format=\"fluid\" data-ad-layout=\"in-article\" data-ad-client=\"ca-pub-7781556717282971\" data-ad-slot=\"9383133609\"><\/ins><br \/>\n<\/aside>\n<p>Por otra parte, Baradel cuestion\u00f3 las pol\u00edticas financieras en educaci\u00f3n, al sostener que en el Gobierno bonaerense \u201ctienen una meta que es reducir el d\u00e9ficit fiscal y <a href=\"https:\/\/www.elintransigente.com\/politica\/2018\/3\/12\/los-docentes-salen-otra-vez-las-calles-481874.html\"><strong>entonces recortan y el recorte es cerrar escuelas y fusionar cursos<\/strong><\/a>\u201d. Sostuvo, en tal sentido, que agruparon cursos en escuelas de baja matr\u00edcula pero sin criterio pedag\u00f3gico. \u201cEst\u00e1n fusionando un segundo con un tercero, un tercero con un cuarto, que no tiene ning\u00fan sentido pedag\u00f3gico y genera dificultades\u201d, manifest\u00f3. \u00a0Adem\u00e1s, efectu\u00f3 cuestionamientos respecto a que \u201cquieren cerrar bachilleratos de adultos, centros de formaci\u00f3n profesional y quieren que desaparezcan las escuelas especiales\u00bb.<\/p>\n<p>\u00a0<\/p>\n<\/div>\n<\/div>\n<p>Fuente: https:\/\/www.elintransigente.com\/politica\/2018\/3\/21\/roberto-baradel-no-queremos-perder-poder-adquisitivo-483208.html<\/p>\n","protected":false},"excerpt":{"rendered":"<p>Roberto Baradel, titular del Sindicato \u00danico de Trabajadores de la Educaci\u00f3n de la Provincia de Buenos Aires, se refiri\u00f3 a la nueva reuni\u00f3n que mantendr\u00e1n hoy, a las 14 horas, los representantes de los docentes y las autoridades de la Provincia de Buenos Aires, para tratar de alcanzar un acuerdo salarial. Sostuvo, que mantienen una [&hellip;]<\/p>\n","protected":false},"author":1,"featured_media":7186,"comment_status":"open","ping_status":"closed","sticky":false,"template":"","format":"standard","meta":{"footnotes":""},"categories":[1],"tags":[],"class_list":{"0":"post-7185","1":"post","2":"type-post","3":"status-publish","4":"format-standard","5":"has-post-thumbnail","7":"category-portada"},"yoast_head":"<!-- This site is optimized with the Yoast SEO plugin v27.4 - https:\/\/yoast.com\/product\/yoast-seo-wordpress\/ -->\n<title>Roberto Baradel: &quot;No queremos perder poder adquisitivo&quot; - El Diario de Tucuman<\/title>\n<meta name=\"robots\" content=\"index, follow, max-snippet:-1, max-image-preview:large, max-video-preview:-1\" \/>\n<link rel=\"canonical\" href=\"https:\/\/www.eldiariodetucuman.com\/web\/roberto-baradel-no-queremos-perder-poder-adquisitivo\/\" \/>\n<meta property=\"og:locale\" content=\"es_ES\" \/>\n<meta property=\"og:type\" content=\"article\" \/>\n<meta property=\"og:title\" content=\"Roberto Baradel: &quot;No queremos perder poder adquisitivo&quot; - El Diario de Tucuman\" \/>\n<meta property=\"og:description\" content=\"Roberto Baradel, titular del Sindicato \u00danico de Trabajadores de la Educaci\u00f3n de la Provincia de Buenos Aires, se refiri\u00f3 a la nueva reuni\u00f3n que mantendr\u00e1n hoy, a las 14 horas, los representantes de los docentes y las autoridades de la Provincia de Buenos Aires, para tratar de alcanzar un acuerdo salarial. Sostuvo, que mantienen una [&hellip;]\" \/>\n<meta property=\"og:url\" content=\"https:\/\/www.eldiariodetucuman.com\/web\/roberto-baradel-no-queremos-perder-poder-adquisitivo\/\" \/>\n<meta property=\"og:site_name\" content=\"El Diario de Tucuman\" \/>\n<meta property=\"article:published_time\" content=\"2018-03-21T14:42:11+00:00\" \/>\n<meta property=\"article:modified_time\" content=\"2018-03-21T14:42:12+00:00\" \/>\n<meta property=\"og:image\" content=\"https:\/\/www.eldiariodetucuman.com\/web\/wp-content\/uploads\/2018\/03\/1f147fab7be88ca27c19bf296b9ade12.jpeg\" \/>\n\t<meta property=\"og:image:width\" content=\"960\" \/>\n\t<meta property=\"og:image:height\" content=\"640\" \/>\n\t<meta property=\"og:image:type\" content=\"image\/jpeg\" \/>\n<meta name=\"author\" content=\"admin\" \/>\n<meta name=\"twitter:card\" content=\"summary_large_image\" \/>\n<meta name=\"twitter:label1\" content=\"Escrito por\" \/>\n\t<meta name=\"twitter:data1\" content=\"admin\" \/>\n\t<meta name=\"twitter:label2\" content=\"Tiempo de lectura\" \/>\n\t<meta name=\"twitter:data2\" content=\"2 minutos\" \/>\n<script type=\"application\/ld+json\" class=\"yoast-schema-graph\">{\"@context\":\"https:\\\/\\\/schema.org\",\"@graph\":[{\"@type\":\"Article\",\"@id\":\"https:\\\/\\\/www.eldiariodetucuman.com\\\/web\\\/roberto-baradel-no-queremos-perder-poder-adquisitivo\\\/#article\",\"isPartOf\":{\"@id\":\"https:\\\/\\\/www.eldiariodetucuman.com\\\/web\\\/roberto-baradel-no-queremos-perder-poder-adquisitivo\\\/\"},\"author\":{\"name\":\"admin\",\"@id\":\"https:\\\/\\\/www.eldiariodetucuman.com\\\/web\\\/#\\\/schema\\\/person\\\/9250197d75ab5483412e19678b121caa\"},\"headline\":\"Roberto Baradel: \u00abNo queremos perder poder adquisitivo\u00bb\",\"datePublished\":\"2018-03-21T14:42:11+00:00\",\"dateModified\":\"2018-03-21T14:42:12+00:00\",\"mainEntityOfPage\":{\"@id\":\"https:\\\/\\\/www.eldiariodetucuman.com\\\/web\\\/roberto-baradel-no-queremos-perder-poder-adquisitivo\\\/\"},\"wordCount\":373,\"commentCount\":0,\"publisher\":{\"@id\":\"https:\\\/\\\/www.eldiariodetucuman.com\\\/web\\\/#organization\"},\"image\":{\"@id\":\"https:\\\/\\\/www.eldiariodetucuman.com\\\/web\\\/roberto-baradel-no-queremos-perder-poder-adquisitivo\\\/#primaryimage\"},\"thumbnailUrl\":\"https:\\\/\\\/www.eldiariodetucuman.com\\\/web\\\/wp-content\\\/uploads\\\/2018\\\/03\\\/1f147fab7be88ca27c19bf296b9ade12.jpeg\",\"articleSection\":[\"Portada\"],\"inLanguage\":\"es\",\"potentialAction\":[{\"@type\":\"CommentAction\",\"name\":\"Comment\",\"target\":[\"https:\\\/\\\/www.eldiariodetucuman.com\\\/web\\\/roberto-baradel-no-queremos-perder-poder-adquisitivo\\\/#respond\"]}]},{\"@type\":\"WebPage\",\"@id\":\"https:\\\/\\\/www.eldiariodetucuman.com\\\/web\\\/roberto-baradel-no-queremos-perder-poder-adquisitivo\\\/\",\"url\":\"https:\\\/\\\/www.eldiariodetucuman.com\\\/web\\\/roberto-baradel-no-queremos-perder-poder-adquisitivo\\\/\",\"name\":\"Roberto Baradel: \\\"No queremos perder poder adquisitivo\\\" - El Diario de Tucuman\",\"isPartOf\":{\"@id\":\"https:\\\/\\\/www.eldiariodetucuman.com\\\/web\\\/#website\"},\"primaryImageOfPage\":{\"@id\":\"https:\\\/\\\/www.eldiariodetucuman.com\\\/web\\\/roberto-baradel-no-queremos-perder-poder-adquisitivo\\\/#primaryimage\"},\"image\":{\"@id\":\"https:\\\/\\\/www.eldiariodetucuman.com\\\/web\\\/roberto-baradel-no-queremos-perder-poder-adquisitivo\\\/#primaryimage\"},\"thumbnailUrl\":\"https:\\\/\\\/www.eldiariodetucuman.com\\\/web\\\/wp-content\\\/uploads\\\/2018\\\/03\\\/1f147fab7be88ca27c19bf296b9ade12.jpeg\",\"datePublished\":\"2018-03-21T14:42:11+00:00\",\"dateModified\":\"2018-03-21T14:42:12+00:00\",\"breadcrumb\":{\"@id\":\"https:\\\/\\\/www.eldiariodetucuman.com\\\/web\\\/roberto-baradel-no-queremos-perder-poder-adquisitivo\\\/#breadcrumb\"},\"inLanguage\":\"es\",\"potentialAction\":[{\"@type\":\"ReadAction\",\"target\":[\"https:\\\/\\\/www.eldiariodetucuman.com\\\/web\\\/roberto-baradel-no-queremos-perder-poder-adquisitivo\\\/\"]}]},{\"@type\":\"ImageObject\",\"inLanguage\":\"es\",\"@id\":\"https:\\\/\\\/www.eldiariodetucuman.com\\\/web\\\/roberto-baradel-no-queremos-perder-poder-adquisitivo\\\/#primaryimage\",\"url\":\"https:\\\/\\\/www.eldiariodetucuman.com\\\/web\\\/wp-content\\\/uploads\\\/2018\\\/03\\\/1f147fab7be88ca27c19bf296b9ade12.jpeg\",\"contentUrl\":\"https:\\\/\\\/www.eldiariodetucuman.com\\\/web\\\/wp-content\\\/uploads\\\/2018\\\/03\\\/1f147fab7be88ca27c19bf296b9ade12.jpeg\",\"width\":960,\"height\":640},{\"@type\":\"BreadcrumbList\",\"@id\":\"https:\\\/\\\/www.eldiariodetucuman.com\\\/web\\\/roberto-baradel-no-queremos-perder-poder-adquisitivo\\\/#breadcrumb\",\"itemListElement\":[{\"@type\":\"ListItem\",\"position\":1,\"name\":\"Portada\",\"item\":\"https:\\\/\\\/www.eldiariodetucuman.com\\\/web\\\/\"},{\"@type\":\"ListItem\",\"position\":2,\"name\":\"Roberto Baradel: \u00abNo queremos perder poder adquisitivo\u00bb\"}]},{\"@type\":\"WebSite\",\"@id\":\"https:\\\/\\\/www.eldiariodetucuman.com\\\/web\\\/#website\",\"url\":\"https:\\\/\\\/www.eldiariodetucuman.com\\\/web\\\/\",\"name\":\"El Diario de Tucuman\",\"description\":\"Diario Tucuman - Informaci\u00f3n y noticias\",\"publisher\":{\"@id\":\"https:\\\/\\\/www.eldiariodetucuman.com\\\/web\\\/#organization\"},\"potentialAction\":[{\"@type\":\"SearchAction\",\"target\":{\"@type\":\"EntryPoint\",\"urlTemplate\":\"https:\\\/\\\/www.eldiariodetucuman.com\\\/web\\\/?s={search_term_string}\"},\"query-input\":{\"@type\":\"PropertyValueSpecification\",\"valueRequired\":true,\"valueName\":\"search_term_string\"}}],\"inLanguage\":\"es\"},{\"@type\":\"Organization\",\"@id\":\"https:\\\/\\\/www.eldiariodetucuman.com\\\/web\\\/#organization\",\"name\":\"El Diario de Tucuman\",\"url\":\"https:\\\/\\\/www.eldiariodetucuman.com\\\/web\\\/\",\"logo\":{\"@type\":\"ImageObject\",\"inLanguage\":\"es\",\"@id\":\"https:\\\/\\\/www.eldiariodetucuman.com\\\/web\\\/#\\\/schema\\\/logo\\\/image\\\/\",\"url\":\"http:\\\/\\\/www.eldiariodetucuman.com\\\/web\\\/wp-content\\\/uploads\\\/2017\\\/12\\\/el-diario-de-tucuman.jpg\",\"contentUrl\":\"http:\\\/\\\/www.eldiariodetucuman.com\\\/web\\\/wp-content\\\/uploads\\\/2017\\\/12\\\/el-diario-de-tucuman.jpg\",\"width\":272,\"height\":92,\"caption\":\"El Diario de Tucuman\"},\"image\":{\"@id\":\"https:\\\/\\\/www.eldiariodetucuman.com\\\/web\\\/#\\\/schema\\\/logo\\\/image\\\/\"}},{\"@type\":\"Person\",\"@id\":\"https:\\\/\\\/www.eldiariodetucuman.com\\\/web\\\/#\\\/schema\\\/person\\\/9250197d75ab5483412e19678b121caa\",\"name\":\"admin\",\"image\":{\"@type\":\"ImageObject\",\"inLanguage\":\"es\",\"@id\":\"https:\\\/\\\/secure.gravatar.com\\\/avatar\\\/c44d117c2be811212c22cb481f6b8384b6873de103fbc49e7a03cc58d7dea4ac?s=96&d=mm&r=g\",\"url\":\"https:\\\/\\\/secure.gravatar.com\\\/avatar\\\/c44d117c2be811212c22cb481f6b8384b6873de103fbc49e7a03cc58d7dea4ac?s=96&d=mm&r=g\",\"contentUrl\":\"https:\\\/\\\/secure.gravatar.com\\\/avatar\\\/c44d117c2be811212c22cb481f6b8384b6873de103fbc49e7a03cc58d7dea4ac?s=96&d=mm&r=g\",\"caption\":\"admin\"},\"url\":\"https:\\\/\\\/www.eldiariodetucuman.com\\\/web\\\/author\\\/admin\\\/\"}]}<\/script>\n<!-- \/ Yoast SEO plugin. -->","yoast_head_json":{"title":"Roberto Baradel: \"No queremos perder poder adquisitivo\" - El Diario de Tucuman","robots":{"index":"index","follow":"follow","max-snippet":"max-snippet:-1","max-image-preview":"max-image-preview:large","max-video-preview":"max-video-preview:-1"},"canonical":"https:\/\/www.eldiariodetucuman.com\/web\/roberto-baradel-no-queremos-perder-poder-adquisitivo\/","og_locale":"es_ES","og_type":"article","og_title":"Roberto Baradel: \"No queremos perder poder adquisitivo\" - El Diario de Tucuman","og_description":"Roberto Baradel, titular del Sindicato \u00danico de Trabajadores de la Educaci\u00f3n de la Provincia de Buenos Aires, se refiri\u00f3 a la nueva reuni\u00f3n que mantendr\u00e1n hoy, a las 14 horas, los representantes de los docentes y las autoridades de la Provincia de Buenos Aires, para tratar de alcanzar un acuerdo salarial. Sostuvo, que mantienen una [&hellip;]","og_url":"https:\/\/www.eldiariodetucuman.com\/web\/roberto-baradel-no-queremos-perder-poder-adquisitivo\/","og_site_name":"El Diario de Tucuman","article_published_time":"2018-03-21T14:42:11+00:00","article_modified_time":"2018-03-21T14:42:12+00:00","og_image":[{"width":960,"height":640,"url":"https:\/\/www.eldiariodetucuman.com\/web\/wp-content\/uploads\/2018\/03\/1f147fab7be88ca27c19bf296b9ade12.jpeg","type":"image\/jpeg"}],"author":"admin","twitter_card":"summary_large_image","twitter_misc":{"Escrito por":"admin","Tiempo de lectura":"2 minutos"},"schema":{"@context":"https:\/\/schema.org","@graph":[{"@type":"Article","@id":"https:\/\/www.eldiariodetucuman.com\/web\/roberto-baradel-no-queremos-perder-poder-adquisitivo\/#article","isPartOf":{"@id":"https:\/\/www.eldiariodetucuman.com\/web\/roberto-baradel-no-queremos-perder-poder-adquisitivo\/"},"author":{"name":"admin","@id":"https:\/\/www.eldiariodetucuman.com\/web\/#\/schema\/person\/9250197d75ab5483412e19678b121caa"},"headline":"Roberto Baradel: \u00abNo queremos perder poder adquisitivo\u00bb","datePublished":"2018-03-21T14:42:11+00:00","dateModified":"2018-03-21T14:42:12+00:00","mainEntityOfPage":{"@id":"https:\/\/www.eldiariodetucuman.com\/web\/roberto-baradel-no-queremos-perder-poder-adquisitivo\/"},"wordCount":373,"commentCount":0,"publisher":{"@id":"https:\/\/www.eldiariodetucuman.com\/web\/#organization"},"image":{"@id":"https:\/\/www.eldiariodetucuman.com\/web\/roberto-baradel-no-queremos-perder-poder-adquisitivo\/#primaryimage"},"thumbnailUrl":"https:\/\/www.eldiariodetucuman.com\/web\/wp-content\/uploads\/2018\/03\/1f147fab7be88ca27c19bf296b9ade12.jpeg","articleSection":["Portada"],"inLanguage":"es","potentialAction":[{"@type":"CommentAction","name":"Comment","target":["https:\/\/www.eldiariodetucuman.com\/web\/roberto-baradel-no-queremos-perder-poder-adquisitivo\/#respond"]}]},{"@type":"WebPage","@id":"https:\/\/www.eldiariodetucuman.com\/web\/roberto-baradel-no-queremos-perder-poder-adquisitivo\/","url":"https:\/\/www.eldiariodetucuman.com\/web\/roberto-baradel-no-queremos-perder-poder-adquisitivo\/","name":"Roberto Baradel: \"No queremos perder poder adquisitivo\" - El Diario de Tucuman","isPartOf":{"@id":"https:\/\/www.eldiariodetucuman.com\/web\/#website"},"primaryImageOfPage":{"@id":"https:\/\/www.eldiariodetucuman.com\/web\/roberto-baradel-no-queremos-perder-poder-adquisitivo\/#primaryimage"},"image":{"@id":"https:\/\/www.eldiariodetucuman.com\/web\/roberto-baradel-no-queremos-perder-poder-adquisitivo\/#primaryimage"},"thumbnailUrl":"https:\/\/www.eldiariodetucuman.com\/web\/wp-content\/uploads\/2018\/03\/1f147fab7be88ca27c19bf296b9ade12.jpeg","datePublished":"2018-03-21T14:42:11+00:00","dateModified":"2018-03-21T14:42:12+00:00","breadcrumb":{"@id":"https:\/\/www.eldiariodetucuman.com\/web\/roberto-baradel-no-queremos-perder-poder-adquisitivo\/#breadcrumb"},"inLanguage":"es","potentialAction":[{"@type":"ReadAction","target":["https:\/\/www.eldiariodetucuman.com\/web\/roberto-baradel-no-queremos-perder-poder-adquisitivo\/"]}]},{"@type":"ImageObject","inLanguage":"es","@id":"https:\/\/www.eldiariodetucuman.com\/web\/roberto-baradel-no-queremos-perder-poder-adquisitivo\/#primaryimage","url":"https:\/\/www.eldiariodetucuman.com\/web\/wp-content\/uploads\/2018\/03\/1f147fab7be88ca27c19bf296b9ade12.jpeg","contentUrl":"https:\/\/www.eldiariodetucuman.com\/web\/wp-content\/uploads\/2018\/03\/1f147fab7be88ca27c19bf296b9ade12.jpeg","width":960,"height":640},{"@type":"BreadcrumbList","@id":"https:\/\/www.eldiariodetucuman.com\/web\/roberto-baradel-no-queremos-perder-poder-adquisitivo\/#breadcrumb","itemListElement":[{"@type":"ListItem","position":1,"name":"Portada","item":"https:\/\/www.eldiariodetucuman.com\/web\/"},{"@type":"ListItem","position":2,"name":"Roberto Baradel: \u00abNo queremos perder poder adquisitivo\u00bb"}]},{"@type":"WebSite","@id":"https:\/\/www.eldiariodetucuman.com\/web\/#website","url":"https:\/\/www.eldiariodetucuman.com\/web\/","name":"El Diario de Tucuman","description":"Diario Tucuman - Informaci\u00f3n y noticias","publisher":{"@id":"https:\/\/www.eldiariodetucuman.com\/web\/#organization"},"potentialAction":[{"@type":"SearchAction","target":{"@type":"EntryPoint","urlTemplate":"https:\/\/www.eldiariodetucuman.com\/web\/?s={search_term_string}"},"query-input":{"@type":"PropertyValueSpecification","valueRequired":true,"valueName":"search_term_string"}}],"inLanguage":"es"},{"@type":"Organization","@id":"https:\/\/www.eldiariodetucuman.com\/web\/#organization","name":"El Diario de Tucuman","url":"https:\/\/www.eldiariodetucuman.com\/web\/","logo":{"@type":"ImageObject","inLanguage":"es","@id":"https:\/\/www.eldiariodetucuman.com\/web\/#\/schema\/logo\/image\/","url":"http:\/\/www.eldiariodetucuman.com\/web\/wp-content\/uploads\/2017\/12\/el-diario-de-tucuman.jpg","contentUrl":"http:\/\/www.eldiariodetucuman.com\/web\/wp-content\/uploads\/2017\/12\/el-diario-de-tucuman.jpg","width":272,"height":92,"caption":"El Diario de Tucuman"},"image":{"@id":"https:\/\/www.eldiariodetucuman.com\/web\/#\/schema\/logo\/image\/"}},{"@type":"Person","@id":"https:\/\/www.eldiariodetucuman.com\/web\/#\/schema\/person\/9250197d75ab5483412e19678b121caa","name":"admin","image":{"@type":"ImageObject","inLanguage":"es","@id":"https:\/\/secure.gravatar.com\/avatar\/c44d117c2be811212c22cb481f6b8384b6873de103fbc49e7a03cc58d7dea4ac?s=96&d=mm&r=g","url":"https:\/\/secure.gravatar.com\/avatar\/c44d117c2be811212c22cb481f6b8384b6873de103fbc49e7a03cc58d7dea4ac?s=96&d=mm&r=g","contentUrl":"https:\/\/secure.gravatar.com\/avatar\/c44d117c2be811212c22cb481f6b8384b6873de103fbc49e7a03cc58d7dea4ac?s=96&d=mm&r=g","caption":"admin"},"url":"https:\/\/www.eldiariodetucuman.com\/web\/author\/admin\/"}]}},"_links":{"self":[{"href":"https:\/\/www.eldiariodetucuman.com\/web\/wp-json\/wp\/v2\/posts\/7185","targetHints":{"allow":["GET"]}}],"collection":[{"href":"https:\/\/www.eldiariodetucuman.com\/web\/wp-json\/wp\/v2\/posts"}],"about":[{"href":"https:\/\/www.eldiariodetucuman.com\/web\/wp-json\/wp\/v2\/types\/post"}],"author":[{"embeddable":true,"href":"https:\/\/www.eldiariodetucuman.com\/web\/wp-json\/wp\/v2\/users\/1"}],"replies":[{"embeddable":true,"href":"https:\/\/www.eldiariodetucuman.com\/web\/wp-json\/wp\/v2\/comments?post=7185"}],"version-history":[{"count":1,"href":"https:\/\/www.eldiariodetucuman.com\/web\/wp-json\/wp\/v2\/posts\/7185\/revisions"}],"predecessor-version":[{"id":7187,"href":"https:\/\/www.eldiariodetucuman.com\/web\/wp-json\/wp\/v2\/posts\/7185\/revisions\/7187"}],"wp:featuredmedia":[{"embeddable":true,"href":"https:\/\/www.eldiariodetucuman.com\/web\/wp-json\/wp\/v2\/media\/7186"}],"wp:attachment":[{"href":"https:\/\/www.eldiariodetucuman.com\/web\/wp-json\/wp\/v2\/media?parent=7185"}],"wp:term":[{"taxonomy":"category","embeddable":true,"href":"https:\/\/www.eldiariodetucuman.com\/web\/wp-json\/wp\/v2\/categories?post=7185"},{"taxonomy":"post_tag","embeddable":true,"href":"https:\/\/www.eldiariodetucuman.com\/web\/wp-json\/wp\/v2\/tags?post=7185"}],"curies":[{"name":"wp","href":"https:\/\/api.w.org\/{rel}","templated":true}]}}