{"id":7011,"date":"2018-03-19T09:33:23","date_gmt":"2018-03-19T12:33:23","guid":{"rendered":"http:\/\/www.eldiariodetucuman.com\/web\/?p=7011"},"modified":"2018-03-19T09:46:52","modified_gmt":"2018-03-19T12:46:52","slug":"alarmante-viven-debajo-acoplado-consumidos-las-drogas","status":"publish","type":"post","link":"https:\/\/www.eldiariodetucuman.com\/web\/alarmante-viven-debajo-acoplado-consumidos-las-drogas\/","title":{"rendered":"Alarmante | \u00abViven\u00bb debajo de un acoplado, consumidos por las drogas"},"content":{"rendered":"<div class=\"col-lg-12 col-md-12 col-sm-12\">\n<p>La situaci\u00f3n fue denunciada por una vecina del lugar al diario<em> La Gaceta<\/em>.<\/p>\n<\/div>\n<p><!--more--><\/p>\n<div id=\"parent_1\" class=\"col-lg-8 col-md-12 col-sm-12\">\n<div class=\"newsBody\">\n<p>Una vecina pide ayuda a la sociedad y a las autoridades en general, ante lo que considera \u201cuna grave situaci\u00f3n de abandono de persona\u201d por parte del Estado provincial, y tambi\u00e9n de la administraci\u00f3n municipal.<\/p>\n<p>Advierte que la intersecci\u00f3n del pasaje Domingo Mill\u00e1n y avenida Belgrano hay un acoplado que est\u00e1 abandonado desde hace unos 14 a\u00f1os, que pertenece a una pescader\u00eda de la zona y que nunca fue retirado de ese lugar. La cuesti\u00f3n es que debajo del veh\u00edculo \u201cviven\u201d un grupo de ni\u00f1os y de j\u00f3venes que normalmente se encuentran bajo los efectos de las drogas.<\/p>\n<p>Esta lectora hace hincapi\u00e9 en que ya se comunic\u00f3 con entidades sociales del \u00e1mbito privado y p\u00fablico, sin que hasta la fecha haya recibido ayuda alguna. Solicita que alguien de la sociedad tucumana se apiade por estos chicos y acerque una soluci\u00f3n para semejante situaci\u00f3n cr\u00edtica.<\/p>\n<p><strong>Fuente:<\/strong><a href=\"https:\/\/www.lagaceta.com.ar\/nota\/764614\/actualidad\/grupo-ninos-jovenes-viven-debajo-acoplado-consumidos-drogas.html\">\u00a0https:\/\/www.lagaceta.com.ar\/nota\/764614\/actualidad\/grupo-ninos-jovenes-viven-debajo-acoplado-consumidos-drogas.html<\/a><\/p>\n<\/div>\n<\/div>\n","protected":false},"excerpt":{"rendered":"<p>La situaci\u00f3n fue denunciada por una vecina del lugar al diario La Gaceta.<\/p>\n","protected":false},"author":5,"featured_media":7013,"comment_status":"closed","ping_status":"open","sticky":false,"template":"","format":"standard","meta":{"footnotes":""},"categories":[2],"tags":[1480,1479],"class_list":{"0":"post-7011","1":"post","2":"type-post","3":"status-publish","4":"format-standard","5":"has-post-thumbnail","7":"category-actualidad","8":"tag-alarmante","9":"tag-la-gaceta"},"yoast_head":"<!-- This site is optimized with the Yoast SEO plugin v27.4 - https:\/\/yoast.com\/product\/yoast-seo-wordpress\/ -->\n<title>Alarmante | &quot;Viven&quot; debajo de un acoplado, consumidos por las drogas<\/title>\n<meta name=\"description\" content=\"La situaci\u00f3n fue denunciada por una vecina del lugar al diario La Gaceta.\" \/>\n<meta name=\"robots\" content=\"index, follow, max-snippet:-1, max-image-preview:large, max-video-preview:-1\" \/>\n<link rel=\"canonical\" href=\"https:\/\/www.eldiariodetucuman.com\/web\/alarmante-viven-debajo-acoplado-consumidos-las-drogas\/\" \/>\n<meta property=\"og:locale\" content=\"es_ES\" \/>\n<meta property=\"og:type\" content=\"article\" \/>\n<meta property=\"og:title\" content=\"Alarmante | &quot;Viven&quot; debajo de un acoplado, consumidos por las drogas\" \/>\n<meta property=\"og:description\" content=\"La situaci\u00f3n fue denunciada por una vecina del lugar al diario La Gaceta.\" \/>\n<meta property=\"og:url\" content=\"https:\/\/www.eldiariodetucuman.com\/web\/alarmante-viven-debajo-acoplado-consumidos-las-drogas\/\" \/>\n<meta property=\"og:site_name\" content=\"El Diario de Tucuman\" \/>\n<meta property=\"article:published_time\" content=\"2018-03-19T12:33:23+00:00\" \/>\n<meta property=\"article:modified_time\" content=\"2018-03-19T12:46:52+00:00\" \/>\n<meta property=\"og:image\" content=\"https:\/\/www.eldiariodetucuman.com\/web\/wp-content\/uploads\/2018\/03\/alarmanteabandono-e1521463570345.jpg\" \/>\n\t<meta property=\"og:image:width\" content=\"897\" \/>\n\t<meta property=\"og:image:height\" content=\"753\" \/>\n\t<meta property=\"og:image:type\" content=\"image\/jpeg\" \/>\n<meta name=\"author\" content=\"Redactor Uno\" \/>\n<meta name=\"twitter:card\" content=\"summary_large_image\" \/>\n<meta name=\"twitter:label1\" content=\"Escrito por\" \/>\n\t<meta name=\"twitter:data1\" content=\"Redactor Uno\" \/>\n\t<meta name=\"twitter:label2\" content=\"Tiempo de lectura\" \/>\n\t<meta name=\"twitter:data2\" content=\"1 minuto\" \/>\n<script type=\"application\/ld+json\" class=\"yoast-schema-graph\">{\"@context\":\"https:\\\/\\\/schema.org\",\"@graph\":[{\"@type\":\"Article\",\"@id\":\"https:\\\/\\\/www.eldiariodetucuman.com\\\/web\\\/alarmante-viven-debajo-acoplado-consumidos-las-drogas\\\/#article\",\"isPartOf\":{\"@id\":\"https:\\\/\\\/www.eldiariodetucuman.com\\\/web\\\/alarmante-viven-debajo-acoplado-consumidos-las-drogas\\\/\"},\"author\":{\"name\":\"Redactor Uno\",\"@id\":\"https:\\\/\\\/www.eldiariodetucuman.com\\\/web\\\/#\\\/schema\\\/person\\\/7e6644a46e60888f6b868594407e08dd\"},\"headline\":\"Alarmante | \u00abViven\u00bb debajo de un acoplado, consumidos por las drogas\",\"datePublished\":\"2018-03-19T12:33:23+00:00\",\"dateModified\":\"2018-03-19T12:46:52+00:00\",\"mainEntityOfPage\":{\"@id\":\"https:\\\/\\\/www.eldiariodetucuman.com\\\/web\\\/alarmante-viven-debajo-acoplado-consumidos-las-drogas\\\/\"},\"wordCount\":192,\"publisher\":{\"@id\":\"https:\\\/\\\/www.eldiariodetucuman.com\\\/web\\\/#organization\"},\"image\":{\"@id\":\"https:\\\/\\\/www.eldiariodetucuman.com\\\/web\\\/alarmante-viven-debajo-acoplado-consumidos-las-drogas\\\/#primaryimage\"},\"thumbnailUrl\":\"https:\\\/\\\/www.eldiariodetucuman.com\\\/web\\\/wp-content\\\/uploads\\\/2018\\\/03\\\/alarmanteabandono-e1521463570345.jpg\",\"keywords\":[\"Alarmante\",\"La Gaceta\"],\"articleSection\":[\"Actualidad\"],\"inLanguage\":\"es\"},{\"@type\":\"WebPage\",\"@id\":\"https:\\\/\\\/www.eldiariodetucuman.com\\\/web\\\/alarmante-viven-debajo-acoplado-consumidos-las-drogas\\\/\",\"url\":\"https:\\\/\\\/www.eldiariodetucuman.com\\\/web\\\/alarmante-viven-debajo-acoplado-consumidos-las-drogas\\\/\",\"name\":\"Alarmante | \\\"Viven\\\" debajo de un acoplado, consumidos por las drogas\",\"isPartOf\":{\"@id\":\"https:\\\/\\\/www.eldiariodetucuman.com\\\/web\\\/#website\"},\"primaryImageOfPage\":{\"@id\":\"https:\\\/\\\/www.eldiariodetucuman.com\\\/web\\\/alarmante-viven-debajo-acoplado-consumidos-las-drogas\\\/#primaryimage\"},\"image\":{\"@id\":\"https:\\\/\\\/www.eldiariodetucuman.com\\\/web\\\/alarmante-viven-debajo-acoplado-consumidos-las-drogas\\\/#primaryimage\"},\"thumbnailUrl\":\"https:\\\/\\\/www.eldiariodetucuman.com\\\/web\\\/wp-content\\\/uploads\\\/2018\\\/03\\\/alarmanteabandono-e1521463570345.jpg\",\"datePublished\":\"2018-03-19T12:33:23+00:00\",\"dateModified\":\"2018-03-19T12:46:52+00:00\",\"description\":\"La situaci\u00f3n fue denunciada por una vecina del lugar al diario La Gaceta.\",\"breadcrumb\":{\"@id\":\"https:\\\/\\\/www.eldiariodetucuman.com\\\/web\\\/alarmante-viven-debajo-acoplado-consumidos-las-drogas\\\/#breadcrumb\"},\"inLanguage\":\"es\",\"potentialAction\":[{\"@type\":\"ReadAction\",\"target\":[\"https:\\\/\\\/www.eldiariodetucuman.com\\\/web\\\/alarmante-viven-debajo-acoplado-consumidos-las-drogas\\\/\"]}]},{\"@type\":\"ImageObject\",\"inLanguage\":\"es\",\"@id\":\"https:\\\/\\\/www.eldiariodetucuman.com\\\/web\\\/alarmante-viven-debajo-acoplado-consumidos-las-drogas\\\/#primaryimage\",\"url\":\"https:\\\/\\\/www.eldiariodetucuman.com\\\/web\\\/wp-content\\\/uploads\\\/2018\\\/03\\\/alarmanteabandono-e1521463570345.jpg\",\"contentUrl\":\"https:\\\/\\\/www.eldiariodetucuman.com\\\/web\\\/wp-content\\\/uploads\\\/2018\\\/03\\\/alarmanteabandono-e1521463570345.jpg\",\"width\":897,\"height\":753},{\"@type\":\"BreadcrumbList\",\"@id\":\"https:\\\/\\\/www.eldiariodetucuman.com\\\/web\\\/alarmante-viven-debajo-acoplado-consumidos-las-drogas\\\/#breadcrumb\",\"itemListElement\":[{\"@type\":\"ListItem\",\"position\":1,\"name\":\"Portada\",\"item\":\"https:\\\/\\\/www.eldiariodetucuman.com\\\/web\\\/\"},{\"@type\":\"ListItem\",\"position\":2,\"name\":\"Alarmante | \u00abViven\u00bb debajo de un acoplado, consumidos por las drogas\"}]},{\"@type\":\"WebSite\",\"@id\":\"https:\\\/\\\/www.eldiariodetucuman.com\\\/web\\\/#website\",\"url\":\"https:\\\/\\\/www.eldiariodetucuman.com\\\/web\\\/\",\"name\":\"El Diario de Tucuman\",\"description\":\"Diario Tucuman - Informaci\u00f3n y noticias\",\"publisher\":{\"@id\":\"https:\\\/\\\/www.eldiariodetucuman.com\\\/web\\\/#organization\"},\"potentialAction\":[{\"@type\":\"SearchAction\",\"target\":{\"@type\":\"EntryPoint\",\"urlTemplate\":\"https:\\\/\\\/www.eldiariodetucuman.com\\\/web\\\/?s={search_term_string}\"},\"query-input\":{\"@type\":\"PropertyValueSpecification\",\"valueRequired\":true,\"valueName\":\"search_term_string\"}}],\"inLanguage\":\"es\"},{\"@type\":\"Organization\",\"@id\":\"https:\\\/\\\/www.eldiariodetucuman.com\\\/web\\\/#organization\",\"name\":\"El Diario de Tucuman\",\"url\":\"https:\\\/\\\/www.eldiariodetucuman.com\\\/web\\\/\",\"logo\":{\"@type\":\"ImageObject\",\"inLanguage\":\"es\",\"@id\":\"https:\\\/\\\/www.eldiariodetucuman.com\\\/web\\\/#\\\/schema\\\/logo\\\/image\\\/\",\"url\":\"http:\\\/\\\/www.eldiariodetucuman.com\\\/web\\\/wp-content\\\/uploads\\\/2017\\\/12\\\/el-diario-de-tucuman.jpg\",\"contentUrl\":\"http:\\\/\\\/www.eldiariodetucuman.com\\\/web\\\/wp-content\\\/uploads\\\/2017\\\/12\\\/el-diario-de-tucuman.jpg\",\"width\":272,\"height\":92,\"caption\":\"El Diario de Tucuman\"},\"image\":{\"@id\":\"https:\\\/\\\/www.eldiariodetucuman.com\\\/web\\\/#\\\/schema\\\/logo\\\/image\\\/\"}},{\"@type\":\"Person\",\"@id\":\"https:\\\/\\\/www.eldiariodetucuman.com\\\/web\\\/#\\\/schema\\\/person\\\/7e6644a46e60888f6b868594407e08dd\",\"name\":\"Redactor Uno\",\"image\":{\"@type\":\"ImageObject\",\"inLanguage\":\"es\",\"@id\":\"https:\\\/\\\/secure.gravatar.com\\\/avatar\\\/0049b1bdf1bd548385c9ea6b9356431717930913089febd2ba904f0187d7d074?s=96&d=mm&r=g\",\"url\":\"https:\\\/\\\/secure.gravatar.com\\\/avatar\\\/0049b1bdf1bd548385c9ea6b9356431717930913089febd2ba904f0187d7d074?s=96&d=mm&r=g\",\"contentUrl\":\"https:\\\/\\\/secure.gravatar.com\\\/avatar\\\/0049b1bdf1bd548385c9ea6b9356431717930913089febd2ba904f0187d7d074?s=96&d=mm&r=g\",\"caption\":\"Redactor Uno\"},\"url\":\"https:\\\/\\\/www.eldiariodetucuman.com\\\/web\\\/author\\\/mramasco\\\/\"}]}<\/script>\n<!-- \/ Yoast SEO plugin. -->","yoast_head_json":{"title":"Alarmante | \"Viven\" debajo de un acoplado, consumidos por las drogas","description":"La situaci\u00f3n fue denunciada por una vecina del lugar al diario La Gaceta.","robots":{"index":"index","follow":"follow","max-snippet":"max-snippet:-1","max-image-preview":"max-image-preview:large","max-video-preview":"max-video-preview:-1"},"canonical":"https:\/\/www.eldiariodetucuman.com\/web\/alarmante-viven-debajo-acoplado-consumidos-las-drogas\/","og_locale":"es_ES","og_type":"article","og_title":"Alarmante | \"Viven\" debajo de un acoplado, consumidos por las drogas","og_description":"La situaci\u00f3n fue denunciada por una vecina del lugar al diario La Gaceta.","og_url":"https:\/\/www.eldiariodetucuman.com\/web\/alarmante-viven-debajo-acoplado-consumidos-las-drogas\/","og_site_name":"El Diario de Tucuman","article_published_time":"2018-03-19T12:33:23+00:00","article_modified_time":"2018-03-19T12:46:52+00:00","og_image":[{"width":897,"height":753,"url":"https:\/\/www.eldiariodetucuman.com\/web\/wp-content\/uploads\/2018\/03\/alarmanteabandono-e1521463570345.jpg","type":"image\/jpeg"}],"author":"Redactor Uno","twitter_card":"summary_large_image","twitter_misc":{"Escrito por":"Redactor Uno","Tiempo de lectura":"1 minuto"},"schema":{"@context":"https:\/\/schema.org","@graph":[{"@type":"Article","@id":"https:\/\/www.eldiariodetucuman.com\/web\/alarmante-viven-debajo-acoplado-consumidos-las-drogas\/#article","isPartOf":{"@id":"https:\/\/www.eldiariodetucuman.com\/web\/alarmante-viven-debajo-acoplado-consumidos-las-drogas\/"},"author":{"name":"Redactor Uno","@id":"https:\/\/www.eldiariodetucuman.com\/web\/#\/schema\/person\/7e6644a46e60888f6b868594407e08dd"},"headline":"Alarmante | \u00abViven\u00bb debajo de un acoplado, consumidos por las drogas","datePublished":"2018-03-19T12:33:23+00:00","dateModified":"2018-03-19T12:46:52+00:00","mainEntityOfPage":{"@id":"https:\/\/www.eldiariodetucuman.com\/web\/alarmante-viven-debajo-acoplado-consumidos-las-drogas\/"},"wordCount":192,"publisher":{"@id":"https:\/\/www.eldiariodetucuman.com\/web\/#organization"},"image":{"@id":"https:\/\/www.eldiariodetucuman.com\/web\/alarmante-viven-debajo-acoplado-consumidos-las-drogas\/#primaryimage"},"thumbnailUrl":"https:\/\/www.eldiariodetucuman.com\/web\/wp-content\/uploads\/2018\/03\/alarmanteabandono-e1521463570345.jpg","keywords":["Alarmante","La Gaceta"],"articleSection":["Actualidad"],"inLanguage":"es"},{"@type":"WebPage","@id":"https:\/\/www.eldiariodetucuman.com\/web\/alarmante-viven-debajo-acoplado-consumidos-las-drogas\/","url":"https:\/\/www.eldiariodetucuman.com\/web\/alarmante-viven-debajo-acoplado-consumidos-las-drogas\/","name":"Alarmante | \"Viven\" debajo de un acoplado, consumidos por las drogas","isPartOf":{"@id":"https:\/\/www.eldiariodetucuman.com\/web\/#website"},"primaryImageOfPage":{"@id":"https:\/\/www.eldiariodetucuman.com\/web\/alarmante-viven-debajo-acoplado-consumidos-las-drogas\/#primaryimage"},"image":{"@id":"https:\/\/www.eldiariodetucuman.com\/web\/alarmante-viven-debajo-acoplado-consumidos-las-drogas\/#primaryimage"},"thumbnailUrl":"https:\/\/www.eldiariodetucuman.com\/web\/wp-content\/uploads\/2018\/03\/alarmanteabandono-e1521463570345.jpg","datePublished":"2018-03-19T12:33:23+00:00","dateModified":"2018-03-19T12:46:52+00:00","description":"La situaci\u00f3n fue denunciada por una vecina del lugar al diario La Gaceta.","breadcrumb":{"@id":"https:\/\/www.eldiariodetucuman.com\/web\/alarmante-viven-debajo-acoplado-consumidos-las-drogas\/#breadcrumb"},"inLanguage":"es","potentialAction":[{"@type":"ReadAction","target":["https:\/\/www.eldiariodetucuman.com\/web\/alarmante-viven-debajo-acoplado-consumidos-las-drogas\/"]}]},{"@type":"ImageObject","inLanguage":"es","@id":"https:\/\/www.eldiariodetucuman.com\/web\/alarmante-viven-debajo-acoplado-consumidos-las-drogas\/#primaryimage","url":"https:\/\/www.eldiariodetucuman.com\/web\/wp-content\/uploads\/2018\/03\/alarmanteabandono-e1521463570345.jpg","contentUrl":"https:\/\/www.eldiariodetucuman.com\/web\/wp-content\/uploads\/2018\/03\/alarmanteabandono-e1521463570345.jpg","width":897,"height":753},{"@type":"BreadcrumbList","@id":"https:\/\/www.eldiariodetucuman.com\/web\/alarmante-viven-debajo-acoplado-consumidos-las-drogas\/#breadcrumb","itemListElement":[{"@type":"ListItem","position":1,"name":"Portada","item":"https:\/\/www.eldiariodetucuman.com\/web\/"},{"@type":"ListItem","position":2,"name":"Alarmante | \u00abViven\u00bb debajo de un acoplado, consumidos por las drogas"}]},{"@type":"WebSite","@id":"https:\/\/www.eldiariodetucuman.com\/web\/#website","url":"https:\/\/www.eldiariodetucuman.com\/web\/","name":"El Diario de Tucuman","description":"Diario Tucuman - Informaci\u00f3n y noticias","publisher":{"@id":"https:\/\/www.eldiariodetucuman.com\/web\/#organization"},"potentialAction":[{"@type":"SearchAction","target":{"@type":"EntryPoint","urlTemplate":"https:\/\/www.eldiariodetucuman.com\/web\/?s={search_term_string}"},"query-input":{"@type":"PropertyValueSpecification","valueRequired":true,"valueName":"search_term_string"}}],"inLanguage":"es"},{"@type":"Organization","@id":"https:\/\/www.eldiariodetucuman.com\/web\/#organization","name":"El Diario de Tucuman","url":"https:\/\/www.eldiariodetucuman.com\/web\/","logo":{"@type":"ImageObject","inLanguage":"es","@id":"https:\/\/www.eldiariodetucuman.com\/web\/#\/schema\/logo\/image\/","url":"http:\/\/www.eldiariodetucuman.com\/web\/wp-content\/uploads\/2017\/12\/el-diario-de-tucuman.jpg","contentUrl":"http:\/\/www.eldiariodetucuman.com\/web\/wp-content\/uploads\/2017\/12\/el-diario-de-tucuman.jpg","width":272,"height":92,"caption":"El Diario de Tucuman"},"image":{"@id":"https:\/\/www.eldiariodetucuman.com\/web\/#\/schema\/logo\/image\/"}},{"@type":"Person","@id":"https:\/\/www.eldiariodetucuman.com\/web\/#\/schema\/person\/7e6644a46e60888f6b868594407e08dd","name":"Redactor Uno","image":{"@type":"ImageObject","inLanguage":"es","@id":"https:\/\/secure.gravatar.com\/avatar\/0049b1bdf1bd548385c9ea6b9356431717930913089febd2ba904f0187d7d074?s=96&d=mm&r=g","url":"https:\/\/secure.gravatar.com\/avatar\/0049b1bdf1bd548385c9ea6b9356431717930913089febd2ba904f0187d7d074?s=96&d=mm&r=g","contentUrl":"https:\/\/secure.gravatar.com\/avatar\/0049b1bdf1bd548385c9ea6b9356431717930913089febd2ba904f0187d7d074?s=96&d=mm&r=g","caption":"Redactor Uno"},"url":"https:\/\/www.eldiariodetucuman.com\/web\/author\/mramasco\/"}]}},"_links":{"self":[{"href":"https:\/\/www.eldiariodetucuman.com\/web\/wp-json\/wp\/v2\/posts\/7011","targetHints":{"allow":["GET"]}}],"collection":[{"href":"https:\/\/www.eldiariodetucuman.com\/web\/wp-json\/wp\/v2\/posts"}],"about":[{"href":"https:\/\/www.eldiariodetucuman.com\/web\/wp-json\/wp\/v2\/types\/post"}],"author":[{"embeddable":true,"href":"https:\/\/www.eldiariodetucuman.com\/web\/wp-json\/wp\/v2\/users\/5"}],"replies":[{"embeddable":true,"href":"https:\/\/www.eldiariodetucuman.com\/web\/wp-json\/wp\/v2\/comments?post=7011"}],"version-history":[{"count":1,"href":"https:\/\/www.eldiariodetucuman.com\/web\/wp-json\/wp\/v2\/posts\/7011\/revisions"}],"predecessor-version":[{"id":7012,"href":"https:\/\/www.eldiariodetucuman.com\/web\/wp-json\/wp\/v2\/posts\/7011\/revisions\/7012"}],"wp:featuredmedia":[{"embeddable":true,"href":"https:\/\/www.eldiariodetucuman.com\/web\/wp-json\/wp\/v2\/media\/7013"}],"wp:attachment":[{"href":"https:\/\/www.eldiariodetucuman.com\/web\/wp-json\/wp\/v2\/media?parent=7011"}],"wp:term":[{"taxonomy":"category","embeddable":true,"href":"https:\/\/www.eldiariodetucuman.com\/web\/wp-json\/wp\/v2\/categories?post=7011"},{"taxonomy":"post_tag","embeddable":true,"href":"https:\/\/www.eldiariodetucuman.com\/web\/wp-json\/wp\/v2\/tags?post=7011"}],"curies":[{"name":"wp","href":"https:\/\/api.w.org\/{rel}","templated":true}]}}