{"id":7005,"date":"2018-03-18T13:00:11","date_gmt":"2018-03-18T16:00:11","guid":{"rendered":"http:\/\/www.eldiariodetucuman.com\/web\/cecilia-paliza-recibe-un-premio-en-el-senado-de-la-nacion\/"},"modified":"2018-03-18T13:00:13","modified_gmt":"2018-03-18T16:00:13","slug":"cecilia-paliza-recibe-un-premio-en-el-senado-de-la-nacion","status":"publish","type":"post","link":"https:\/\/www.eldiariodetucuman.com\/web\/cecilia-paliza-recibe-un-premio-en-el-senado-de-la-nacion\/","title":{"rendered":"Cecilia Paliza recibe un premio en el Senado de la Naci\u00f3n"},"content":{"rendered":"<div>\n<div readability=\"75\">\n<p>El 8 de marzo de 2017 <b>Cecilia Paliza<\/b> present\u00f3, en el Sal\u00f3n Blanco y en la explanada de la Casa de Gobierno, su canci\u00f3n \u201cNi una menos, ni una m\u00e1s\u201d, en el contexto del D\u00eda de la Mujer. <\/p>\n<p>Durante aquella jornada la cantante lanz\u00f3 un videoclip del tema, en el que intervinieron varias mujeres tucumanas, conocidas de diversas profesiones.<\/p>\n<p>Buenos Aires se apresta a celebrar la Cumbre Internacional de Mujeres por la Paz ma\u00f1ana y el martes. En ese marco, y en el Senado de la Naci\u00f3n, Paliza recibir\u00e1 un premio por su canci\u00f3n, en la categor\u00eda \u201cLa voz como instrumento de denuncia\u201d . <\/p>\n<p>Ella fue seleccionada para el galard\u00f3n, por lo cual representa a Argentina en la categor\u00eda, y abrir\u00e1 los actos interpretando el tema. \u201cMi objetivo con esta canci\u00f3n est\u00e1 cumplido. Desde un inicio quer\u00eda que mi voz y mi carrera adoptaran un compromiso importante y tuvieran un sentido\u201d, expres\u00f3 la artista.<\/p>\n<p>Organiza la cumbre la Federaci\u00f3n Mundial de Mujeres Grandes Maestras (WFGM, su sigla en ingl\u00e9s) cuyas integrantes trabajan en cultura, danza, artes marciales, deporte y programas de ayuda social. Tambi\u00e9n intervienen m\u00e9dicas, escritoras, cantantes y toda aquella mujer que desde su trabajo contribuya al cambio en la sociedad. <\/p>\n<p>\u201cLa canci\u00f3n habla desde el amor. S\u00f3lo quiere concientizar a hombres y mujeres, y transmite ese empujoncito hacia las que todav\u00eda no despertaron, para decirles que no est\u00e1n solas y que se tienen que valorar\u201d, subray\u00f3 Paliza acerca del texto. <\/p>\n<\/p><\/div>\n<\/div>\n<p>Fuente: http:\/\/www.lagaceta.com.ar\/nota\/764472\/espectaculos\/cecilia-paliza-recibe-premio-senado-nacion.html<\/p>\n","protected":false},"excerpt":{"rendered":"<p>El 8 de marzo de 2017 Cecilia Paliza present\u00f3, en el Sal\u00f3n Blanco y en la explanada de la Casa de Gobierno, su canci\u00f3n \u201cNi una menos, ni una m\u00e1s\u201d, en el contexto del D\u00eda de la Mujer. Durante aquella jornada la cantante lanz\u00f3 un videoclip del tema, en el que intervinieron varias mujeres tucumanas, [&hellip;]<\/p>\n","protected":false},"author":1,"featured_media":7006,"comment_status":"open","ping_status":"closed","sticky":false,"template":"","format":"standard","meta":{"footnotes":""},"categories":[152],"tags":[],"class_list":{"0":"post-7005","1":"post","2":"type-post","3":"status-publish","4":"format-standard","5":"has-post-thumbnail","7":"category-argentina"},"yoast_head":"<!-- This site is optimized with the Yoast SEO plugin v27.4 - https:\/\/yoast.com\/product\/yoast-seo-wordpress\/ -->\n<title>Cecilia Paliza recibe un premio en el Senado de la Naci\u00f3n - El Diario de Tucuman<\/title>\n<meta name=\"robots\" content=\"index, follow, max-snippet:-1, max-image-preview:large, max-video-preview:-1\" \/>\n<link rel=\"canonical\" href=\"https:\/\/www.eldiariodetucuman.com\/web\/cecilia-paliza-recibe-un-premio-en-el-senado-de-la-nacion\/\" \/>\n<meta property=\"og:locale\" content=\"es_ES\" \/>\n<meta property=\"og:type\" content=\"article\" \/>\n<meta property=\"og:title\" content=\"Cecilia Paliza recibe un premio en el Senado de la Naci\u00f3n - El Diario de Tucuman\" \/>\n<meta property=\"og:description\" content=\"El 8 de marzo de 2017 Cecilia Paliza present\u00f3, en el Sal\u00f3n Blanco y en la explanada de la Casa de Gobierno, su canci\u00f3n \u201cNi una menos, ni una m\u00e1s\u201d, en el contexto del D\u00eda de la Mujer. Durante aquella jornada la cantante lanz\u00f3 un videoclip del tema, en el que intervinieron varias mujeres tucumanas, [&hellip;]\" \/>\n<meta property=\"og:url\" content=\"https:\/\/www.eldiariodetucuman.com\/web\/cecilia-paliza-recibe-un-premio-en-el-senado-de-la-nacion\/\" \/>\n<meta property=\"og:site_name\" content=\"El Diario de Tucuman\" \/>\n<meta property=\"article:published_time\" content=\"2018-03-18T16:00:11+00:00\" \/>\n<meta property=\"article:modified_time\" content=\"2018-03-18T16:00:13+00:00\" \/>\n<meta property=\"og:image\" content=\"https:\/\/www.eldiariodetucuman.com\/web\/wp-content\/uploads\/2018\/03\/e72264f1bdefcff6dcc702da1c2fef53.jpeg\" \/>\n\t<meta property=\"og:image:width\" content=\"970\" \/>\n\t<meta property=\"og:image:height\" content=\"646\" \/>\n\t<meta property=\"og:image:type\" content=\"image\/jpeg\" \/>\n<meta name=\"author\" content=\"admin\" \/>\n<meta name=\"twitter:card\" content=\"summary_large_image\" \/>\n<meta name=\"twitter:label1\" content=\"Escrito por\" \/>\n\t<meta name=\"twitter:data1\" content=\"admin\" \/>\n\t<meta name=\"twitter:label2\" content=\"Tiempo de lectura\" \/>\n\t<meta name=\"twitter:data2\" content=\"1 minuto\" \/>\n<script type=\"application\/ld+json\" class=\"yoast-schema-graph\">{\"@context\":\"https:\\\/\\\/schema.org\",\"@graph\":[{\"@type\":\"Article\",\"@id\":\"https:\\\/\\\/www.eldiariodetucuman.com\\\/web\\\/cecilia-paliza-recibe-un-premio-en-el-senado-de-la-nacion\\\/#article\",\"isPartOf\":{\"@id\":\"https:\\\/\\\/www.eldiariodetucuman.com\\\/web\\\/cecilia-paliza-recibe-un-premio-en-el-senado-de-la-nacion\\\/\"},\"author\":{\"name\":\"admin\",\"@id\":\"https:\\\/\\\/www.eldiariodetucuman.com\\\/web\\\/#\\\/schema\\\/person\\\/9250197d75ab5483412e19678b121caa\"},\"headline\":\"Cecilia Paliza recibe un premio en el Senado de la Naci\u00f3n\",\"datePublished\":\"2018-03-18T16:00:11+00:00\",\"dateModified\":\"2018-03-18T16:00:13+00:00\",\"mainEntityOfPage\":{\"@id\":\"https:\\\/\\\/www.eldiariodetucuman.com\\\/web\\\/cecilia-paliza-recibe-un-premio-en-el-senado-de-la-nacion\\\/\"},\"wordCount\":281,\"commentCount\":0,\"publisher\":{\"@id\":\"https:\\\/\\\/www.eldiariodetucuman.com\\\/web\\\/#organization\"},\"image\":{\"@id\":\"https:\\\/\\\/www.eldiariodetucuman.com\\\/web\\\/cecilia-paliza-recibe-un-premio-en-el-senado-de-la-nacion\\\/#primaryimage\"},\"thumbnailUrl\":\"https:\\\/\\\/www.eldiariodetucuman.com\\\/web\\\/wp-content\\\/uploads\\\/2018\\\/03\\\/e72264f1bdefcff6dcc702da1c2fef53.jpeg\",\"articleSection\":[\"Argentina\"],\"inLanguage\":\"es\",\"potentialAction\":[{\"@type\":\"CommentAction\",\"name\":\"Comment\",\"target\":[\"https:\\\/\\\/www.eldiariodetucuman.com\\\/web\\\/cecilia-paliza-recibe-un-premio-en-el-senado-de-la-nacion\\\/#respond\"]}]},{\"@type\":\"WebPage\",\"@id\":\"https:\\\/\\\/www.eldiariodetucuman.com\\\/web\\\/cecilia-paliza-recibe-un-premio-en-el-senado-de-la-nacion\\\/\",\"url\":\"https:\\\/\\\/www.eldiariodetucuman.com\\\/web\\\/cecilia-paliza-recibe-un-premio-en-el-senado-de-la-nacion\\\/\",\"name\":\"Cecilia Paliza recibe un premio en el Senado de la Naci\u00f3n - El Diario de Tucuman\",\"isPartOf\":{\"@id\":\"https:\\\/\\\/www.eldiariodetucuman.com\\\/web\\\/#website\"},\"primaryImageOfPage\":{\"@id\":\"https:\\\/\\\/www.eldiariodetucuman.com\\\/web\\\/cecilia-paliza-recibe-un-premio-en-el-senado-de-la-nacion\\\/#primaryimage\"},\"image\":{\"@id\":\"https:\\\/\\\/www.eldiariodetucuman.com\\\/web\\\/cecilia-paliza-recibe-un-premio-en-el-senado-de-la-nacion\\\/#primaryimage\"},\"thumbnailUrl\":\"https:\\\/\\\/www.eldiariodetucuman.com\\\/web\\\/wp-content\\\/uploads\\\/2018\\\/03\\\/e72264f1bdefcff6dcc702da1c2fef53.jpeg\",\"datePublished\":\"2018-03-18T16:00:11+00:00\",\"dateModified\":\"2018-03-18T16:00:13+00:00\",\"breadcrumb\":{\"@id\":\"https:\\\/\\\/www.eldiariodetucuman.com\\\/web\\\/cecilia-paliza-recibe-un-premio-en-el-senado-de-la-nacion\\\/#breadcrumb\"},\"inLanguage\":\"es\",\"potentialAction\":[{\"@type\":\"ReadAction\",\"target\":[\"https:\\\/\\\/www.eldiariodetucuman.com\\\/web\\\/cecilia-paliza-recibe-un-premio-en-el-senado-de-la-nacion\\\/\"]}]},{\"@type\":\"ImageObject\",\"inLanguage\":\"es\",\"@id\":\"https:\\\/\\\/www.eldiariodetucuman.com\\\/web\\\/cecilia-paliza-recibe-un-premio-en-el-senado-de-la-nacion\\\/#primaryimage\",\"url\":\"https:\\\/\\\/www.eldiariodetucuman.com\\\/web\\\/wp-content\\\/uploads\\\/2018\\\/03\\\/e72264f1bdefcff6dcc702da1c2fef53.jpeg\",\"contentUrl\":\"https:\\\/\\\/www.eldiariodetucuman.com\\\/web\\\/wp-content\\\/uploads\\\/2018\\\/03\\\/e72264f1bdefcff6dcc702da1c2fef53.jpeg\",\"width\":970,\"height\":646},{\"@type\":\"BreadcrumbList\",\"@id\":\"https:\\\/\\\/www.eldiariodetucuman.com\\\/web\\\/cecilia-paliza-recibe-un-premio-en-el-senado-de-la-nacion\\\/#breadcrumb\",\"itemListElement\":[{\"@type\":\"ListItem\",\"position\":1,\"name\":\"Portada\",\"item\":\"https:\\\/\\\/www.eldiariodetucuman.com\\\/web\\\/\"},{\"@type\":\"ListItem\",\"position\":2,\"name\":\"Cecilia Paliza recibe un premio en el Senado de la Naci\u00f3n\"}]},{\"@type\":\"WebSite\",\"@id\":\"https:\\\/\\\/www.eldiariodetucuman.com\\\/web\\\/#website\",\"url\":\"https:\\\/\\\/www.eldiariodetucuman.com\\\/web\\\/\",\"name\":\"El Diario de Tucuman\",\"description\":\"Diario Tucuman - Informaci\u00f3n y noticias\",\"publisher\":{\"@id\":\"https:\\\/\\\/www.eldiariodetucuman.com\\\/web\\\/#organization\"},\"potentialAction\":[{\"@type\":\"SearchAction\",\"target\":{\"@type\":\"EntryPoint\",\"urlTemplate\":\"https:\\\/\\\/www.eldiariodetucuman.com\\\/web\\\/?s={search_term_string}\"},\"query-input\":{\"@type\":\"PropertyValueSpecification\",\"valueRequired\":true,\"valueName\":\"search_term_string\"}}],\"inLanguage\":\"es\"},{\"@type\":\"Organization\",\"@id\":\"https:\\\/\\\/www.eldiariodetucuman.com\\\/web\\\/#organization\",\"name\":\"El Diario de Tucuman\",\"url\":\"https:\\\/\\\/www.eldiariodetucuman.com\\\/web\\\/\",\"logo\":{\"@type\":\"ImageObject\",\"inLanguage\":\"es\",\"@id\":\"https:\\\/\\\/www.eldiariodetucuman.com\\\/web\\\/#\\\/schema\\\/logo\\\/image\\\/\",\"url\":\"http:\\\/\\\/www.eldiariodetucuman.com\\\/web\\\/wp-content\\\/uploads\\\/2017\\\/12\\\/el-diario-de-tucuman.jpg\",\"contentUrl\":\"http:\\\/\\\/www.eldiariodetucuman.com\\\/web\\\/wp-content\\\/uploads\\\/2017\\\/12\\\/el-diario-de-tucuman.jpg\",\"width\":272,\"height\":92,\"caption\":\"El Diario de Tucuman\"},\"image\":{\"@id\":\"https:\\\/\\\/www.eldiariodetucuman.com\\\/web\\\/#\\\/schema\\\/logo\\\/image\\\/\"}},{\"@type\":\"Person\",\"@id\":\"https:\\\/\\\/www.eldiariodetucuman.com\\\/web\\\/#\\\/schema\\\/person\\\/9250197d75ab5483412e19678b121caa\",\"name\":\"admin\",\"image\":{\"@type\":\"ImageObject\",\"inLanguage\":\"es\",\"@id\":\"https:\\\/\\\/secure.gravatar.com\\\/avatar\\\/c44d117c2be811212c22cb481f6b8384b6873de103fbc49e7a03cc58d7dea4ac?s=96&d=mm&r=g\",\"url\":\"https:\\\/\\\/secure.gravatar.com\\\/avatar\\\/c44d117c2be811212c22cb481f6b8384b6873de103fbc49e7a03cc58d7dea4ac?s=96&d=mm&r=g\",\"contentUrl\":\"https:\\\/\\\/secure.gravatar.com\\\/avatar\\\/c44d117c2be811212c22cb481f6b8384b6873de103fbc49e7a03cc58d7dea4ac?s=96&d=mm&r=g\",\"caption\":\"admin\"},\"url\":\"https:\\\/\\\/www.eldiariodetucuman.com\\\/web\\\/author\\\/admin\\\/\"}]}<\/script>\n<!-- \/ Yoast SEO plugin. -->","yoast_head_json":{"title":"Cecilia Paliza recibe un premio en el Senado de la Naci\u00f3n - El Diario de Tucuman","robots":{"index":"index","follow":"follow","max-snippet":"max-snippet:-1","max-image-preview":"max-image-preview:large","max-video-preview":"max-video-preview:-1"},"canonical":"https:\/\/www.eldiariodetucuman.com\/web\/cecilia-paliza-recibe-un-premio-en-el-senado-de-la-nacion\/","og_locale":"es_ES","og_type":"article","og_title":"Cecilia Paliza recibe un premio en el Senado de la Naci\u00f3n - El Diario de Tucuman","og_description":"El 8 de marzo de 2017 Cecilia Paliza present\u00f3, en el Sal\u00f3n Blanco y en la explanada de la Casa de Gobierno, su canci\u00f3n \u201cNi una menos, ni una m\u00e1s\u201d, en el contexto del D\u00eda de la Mujer. Durante aquella jornada la cantante lanz\u00f3 un videoclip del tema, en el que intervinieron varias mujeres tucumanas, [&hellip;]","og_url":"https:\/\/www.eldiariodetucuman.com\/web\/cecilia-paliza-recibe-un-premio-en-el-senado-de-la-nacion\/","og_site_name":"El Diario de Tucuman","article_published_time":"2018-03-18T16:00:11+00:00","article_modified_time":"2018-03-18T16:00:13+00:00","og_image":[{"width":970,"height":646,"url":"https:\/\/www.eldiariodetucuman.com\/web\/wp-content\/uploads\/2018\/03\/e72264f1bdefcff6dcc702da1c2fef53.jpeg","type":"image\/jpeg"}],"author":"admin","twitter_card":"summary_large_image","twitter_misc":{"Escrito por":"admin","Tiempo de lectura":"1 minuto"},"schema":{"@context":"https:\/\/schema.org","@graph":[{"@type":"Article","@id":"https:\/\/www.eldiariodetucuman.com\/web\/cecilia-paliza-recibe-un-premio-en-el-senado-de-la-nacion\/#article","isPartOf":{"@id":"https:\/\/www.eldiariodetucuman.com\/web\/cecilia-paliza-recibe-un-premio-en-el-senado-de-la-nacion\/"},"author":{"name":"admin","@id":"https:\/\/www.eldiariodetucuman.com\/web\/#\/schema\/person\/9250197d75ab5483412e19678b121caa"},"headline":"Cecilia Paliza recibe un premio en el Senado de la Naci\u00f3n","datePublished":"2018-03-18T16:00:11+00:00","dateModified":"2018-03-18T16:00:13+00:00","mainEntityOfPage":{"@id":"https:\/\/www.eldiariodetucuman.com\/web\/cecilia-paliza-recibe-un-premio-en-el-senado-de-la-nacion\/"},"wordCount":281,"commentCount":0,"publisher":{"@id":"https:\/\/www.eldiariodetucuman.com\/web\/#organization"},"image":{"@id":"https:\/\/www.eldiariodetucuman.com\/web\/cecilia-paliza-recibe-un-premio-en-el-senado-de-la-nacion\/#primaryimage"},"thumbnailUrl":"https:\/\/www.eldiariodetucuman.com\/web\/wp-content\/uploads\/2018\/03\/e72264f1bdefcff6dcc702da1c2fef53.jpeg","articleSection":["Argentina"],"inLanguage":"es","potentialAction":[{"@type":"CommentAction","name":"Comment","target":["https:\/\/www.eldiariodetucuman.com\/web\/cecilia-paliza-recibe-un-premio-en-el-senado-de-la-nacion\/#respond"]}]},{"@type":"WebPage","@id":"https:\/\/www.eldiariodetucuman.com\/web\/cecilia-paliza-recibe-un-premio-en-el-senado-de-la-nacion\/","url":"https:\/\/www.eldiariodetucuman.com\/web\/cecilia-paliza-recibe-un-premio-en-el-senado-de-la-nacion\/","name":"Cecilia Paliza recibe un premio en el Senado de la Naci\u00f3n - El Diario de Tucuman","isPartOf":{"@id":"https:\/\/www.eldiariodetucuman.com\/web\/#website"},"primaryImageOfPage":{"@id":"https:\/\/www.eldiariodetucuman.com\/web\/cecilia-paliza-recibe-un-premio-en-el-senado-de-la-nacion\/#primaryimage"},"image":{"@id":"https:\/\/www.eldiariodetucuman.com\/web\/cecilia-paliza-recibe-un-premio-en-el-senado-de-la-nacion\/#primaryimage"},"thumbnailUrl":"https:\/\/www.eldiariodetucuman.com\/web\/wp-content\/uploads\/2018\/03\/e72264f1bdefcff6dcc702da1c2fef53.jpeg","datePublished":"2018-03-18T16:00:11+00:00","dateModified":"2018-03-18T16:00:13+00:00","breadcrumb":{"@id":"https:\/\/www.eldiariodetucuman.com\/web\/cecilia-paliza-recibe-un-premio-en-el-senado-de-la-nacion\/#breadcrumb"},"inLanguage":"es","potentialAction":[{"@type":"ReadAction","target":["https:\/\/www.eldiariodetucuman.com\/web\/cecilia-paliza-recibe-un-premio-en-el-senado-de-la-nacion\/"]}]},{"@type":"ImageObject","inLanguage":"es","@id":"https:\/\/www.eldiariodetucuman.com\/web\/cecilia-paliza-recibe-un-premio-en-el-senado-de-la-nacion\/#primaryimage","url":"https:\/\/www.eldiariodetucuman.com\/web\/wp-content\/uploads\/2018\/03\/e72264f1bdefcff6dcc702da1c2fef53.jpeg","contentUrl":"https:\/\/www.eldiariodetucuman.com\/web\/wp-content\/uploads\/2018\/03\/e72264f1bdefcff6dcc702da1c2fef53.jpeg","width":970,"height":646},{"@type":"BreadcrumbList","@id":"https:\/\/www.eldiariodetucuman.com\/web\/cecilia-paliza-recibe-un-premio-en-el-senado-de-la-nacion\/#breadcrumb","itemListElement":[{"@type":"ListItem","position":1,"name":"Portada","item":"https:\/\/www.eldiariodetucuman.com\/web\/"},{"@type":"ListItem","position":2,"name":"Cecilia Paliza recibe un premio en el Senado de la Naci\u00f3n"}]},{"@type":"WebSite","@id":"https:\/\/www.eldiariodetucuman.com\/web\/#website","url":"https:\/\/www.eldiariodetucuman.com\/web\/","name":"El Diario de Tucuman","description":"Diario Tucuman - Informaci\u00f3n y noticias","publisher":{"@id":"https:\/\/www.eldiariodetucuman.com\/web\/#organization"},"potentialAction":[{"@type":"SearchAction","target":{"@type":"EntryPoint","urlTemplate":"https:\/\/www.eldiariodetucuman.com\/web\/?s={search_term_string}"},"query-input":{"@type":"PropertyValueSpecification","valueRequired":true,"valueName":"search_term_string"}}],"inLanguage":"es"},{"@type":"Organization","@id":"https:\/\/www.eldiariodetucuman.com\/web\/#organization","name":"El Diario de Tucuman","url":"https:\/\/www.eldiariodetucuman.com\/web\/","logo":{"@type":"ImageObject","inLanguage":"es","@id":"https:\/\/www.eldiariodetucuman.com\/web\/#\/schema\/logo\/image\/","url":"http:\/\/www.eldiariodetucuman.com\/web\/wp-content\/uploads\/2017\/12\/el-diario-de-tucuman.jpg","contentUrl":"http:\/\/www.eldiariodetucuman.com\/web\/wp-content\/uploads\/2017\/12\/el-diario-de-tucuman.jpg","width":272,"height":92,"caption":"El Diario de Tucuman"},"image":{"@id":"https:\/\/www.eldiariodetucuman.com\/web\/#\/schema\/logo\/image\/"}},{"@type":"Person","@id":"https:\/\/www.eldiariodetucuman.com\/web\/#\/schema\/person\/9250197d75ab5483412e19678b121caa","name":"admin","image":{"@type":"ImageObject","inLanguage":"es","@id":"https:\/\/secure.gravatar.com\/avatar\/c44d117c2be811212c22cb481f6b8384b6873de103fbc49e7a03cc58d7dea4ac?s=96&d=mm&r=g","url":"https:\/\/secure.gravatar.com\/avatar\/c44d117c2be811212c22cb481f6b8384b6873de103fbc49e7a03cc58d7dea4ac?s=96&d=mm&r=g","contentUrl":"https:\/\/secure.gravatar.com\/avatar\/c44d117c2be811212c22cb481f6b8384b6873de103fbc49e7a03cc58d7dea4ac?s=96&d=mm&r=g","caption":"admin"},"url":"https:\/\/www.eldiariodetucuman.com\/web\/author\/admin\/"}]}},"_links":{"self":[{"href":"https:\/\/www.eldiariodetucuman.com\/web\/wp-json\/wp\/v2\/posts\/7005","targetHints":{"allow":["GET"]}}],"collection":[{"href":"https:\/\/www.eldiariodetucuman.com\/web\/wp-json\/wp\/v2\/posts"}],"about":[{"href":"https:\/\/www.eldiariodetucuman.com\/web\/wp-json\/wp\/v2\/types\/post"}],"author":[{"embeddable":true,"href":"https:\/\/www.eldiariodetucuman.com\/web\/wp-json\/wp\/v2\/users\/1"}],"replies":[{"embeddable":true,"href":"https:\/\/www.eldiariodetucuman.com\/web\/wp-json\/wp\/v2\/comments?post=7005"}],"version-history":[{"count":1,"href":"https:\/\/www.eldiariodetucuman.com\/web\/wp-json\/wp\/v2\/posts\/7005\/revisions"}],"predecessor-version":[{"id":7007,"href":"https:\/\/www.eldiariodetucuman.com\/web\/wp-json\/wp\/v2\/posts\/7005\/revisions\/7007"}],"wp:featuredmedia":[{"embeddable":true,"href":"https:\/\/www.eldiariodetucuman.com\/web\/wp-json\/wp\/v2\/media\/7006"}],"wp:attachment":[{"href":"https:\/\/www.eldiariodetucuman.com\/web\/wp-json\/wp\/v2\/media?parent=7005"}],"wp:term":[{"taxonomy":"category","embeddable":true,"href":"https:\/\/www.eldiariodetucuman.com\/web\/wp-json\/wp\/v2\/categories?post=7005"},{"taxonomy":"post_tag","embeddable":true,"href":"https:\/\/www.eldiariodetucuman.com\/web\/wp-json\/wp\/v2\/tags?post=7005"}],"curies":[{"name":"wp","href":"https:\/\/api.w.org\/{rel}","templated":true}]}}