{"id":690,"date":"2015-10-27T12:05:09","date_gmt":"2015-10-27T12:05:09","guid":{"rendered":"http:\/\/www.eldiariodetucuman.com\/web\/?p=690"},"modified":"2015-10-27T12:05:09","modified_gmt":"2015-10-27T12:05:09","slug":"se-inaugura-un-espacio-cultural-que-llevara-el-nombre-de-lola-mora","status":"publish","type":"post","link":"https:\/\/www.eldiariodetucuman.com\/web\/se-inaugura-un-espacio-cultural-que-llevara-el-nombre-de-lola-mora\/","title":{"rendered":"Se inaugura un espacio cultural que llevar\u00e1 el nombre de Lola Mora"},"content":{"rendered":"<p>Con un acto que se realizar\u00e1 el d\u00eda mi\u00e9rcoles 28 de octubre, a las 12, el Ente Cultural de Tucum\u00e1n dejar\u00e1 habilitado el espacio en su sede de San Mart\u00edn 251, planta baja. El mismo ser\u00e1 apto para la realizaci\u00f3n de actividades dis\u00edmiles.<!--more--><\/p>\n<p>Alojada en el hall central del edificio, el redise\u00f1o de la sala rompe con el esquema de las salas tradicionales de teatro, convirti\u00e9ndose en un patio de circulaci\u00f3n, cuya caracter\u00edstica principal es la flexibilidad del espacio, un concepto postmoderno que prioriza la diversidad actual de las tendencias art\u00edsticas.<\/p>\n<p>El nuevo espacio cultural ser\u00e1 apto para la realizaci\u00f3n de diversas actividades, entre otras, teatro, recitales, desfiles, exhibiciones de muestras, conferencias y dictado de talleres. Dotado de 120 butacas movibles y un escenario tambi\u00e9n m\u00f3vil, el espacio estar\u00e1 abierto para el uso de la comunidad.<\/p>\n","protected":false},"excerpt":{"rendered":"<p>Con un acto que se realizar\u00e1 el d\u00eda mi\u00e9rcoles 28 de octubre, a las 12, el Ente Cultural de Tucum\u00e1n dejar\u00e1 habilitado el espacio en su sede de San Mart\u00edn 251, planta baja. El mismo ser\u00e1 apto para la realizaci\u00f3n de actividades dis\u00edmiles.<\/p>\n","protected":false},"author":3,"featured_media":691,"comment_status":"closed","ping_status":"open","sticky":false,"template":"","format":"standard","meta":{"footnotes":""},"categories":[2],"tags":[7,61],"class_list":{"0":"post-690","1":"post","2":"type-post","3":"status-publish","4":"format-standard","5":"has-post-thumbnail","7":"category-actualidad","8":"tag-el-diario-de-tucuman","9":"tag-tucuman"},"yoast_head":"<!-- This site is optimized with the Yoast SEO plugin v27.5 - https:\/\/yoast.com\/product\/yoast-seo-wordpress\/ -->\n<title>Se inaugura un espacio cultural que llevar\u00e1 el nombre de Lola Mora - El Diario de Tucuman<\/title>\n<meta name=\"robots\" content=\"index, follow, max-snippet:-1, max-image-preview:large, max-video-preview:-1\" \/>\n<link rel=\"canonical\" href=\"https:\/\/www.eldiariodetucuman.com\/web\/se-inaugura-un-espacio-cultural-que-llevara-el-nombre-de-lola-mora\/\" \/>\n<meta property=\"og:locale\" content=\"es_ES\" \/>\n<meta property=\"og:type\" content=\"article\" \/>\n<meta property=\"og:title\" content=\"Se inaugura un espacio cultural que llevar\u00e1 el nombre de Lola Mora - El Diario de Tucuman\" \/>\n<meta property=\"og:description\" content=\"Con un acto que se realizar\u00e1 el d\u00eda mi\u00e9rcoles 28 de octubre, a las 12, el Ente Cultural de Tucum\u00e1n dejar\u00e1 habilitado el espacio en su sede de San Mart\u00edn 251, planta baja. El mismo ser\u00e1 apto para la realizaci\u00f3n de actividades dis\u00edmiles.\" \/>\n<meta property=\"og:url\" content=\"https:\/\/www.eldiariodetucuman.com\/web\/se-inaugura-un-espacio-cultural-que-llevara-el-nombre-de-lola-mora\/\" \/>\n<meta property=\"og:site_name\" content=\"El Diario de Tucuman\" \/>\n<meta property=\"article:published_time\" content=\"2015-10-27T12:05:09+00:00\" \/>\n<meta property=\"og:image\" content=\"https:\/\/www.eldiariodetucuman.com\/web\/wp-content\/uploads\/2015\/10\/Sala_Lola_Mora.jpg\" \/>\n\t<meta property=\"og:image:width\" content=\"750\" \/>\n\t<meta property=\"og:image:height\" content=\"416\" \/>\n\t<meta property=\"og:image:type\" content=\"image\/jpeg\" \/>\n<meta name=\"author\" content=\"El diario de Tucuman\" \/>\n<meta name=\"twitter:card\" content=\"summary_large_image\" \/>\n<meta name=\"twitter:label1\" content=\"Escrito por\" \/>\n\t<meta name=\"twitter:data1\" content=\"El diario de Tucuman\" \/>\n\t<meta name=\"twitter:label2\" content=\"Tiempo de lectura\" \/>\n\t<meta name=\"twitter:data2\" content=\"1 minuto\" \/>\n<script type=\"application\/ld+json\" class=\"yoast-schema-graph\">{\"@context\":\"https:\\\/\\\/schema.org\",\"@graph\":[{\"@type\":\"Article\",\"@id\":\"https:\\\/\\\/www.eldiariodetucuman.com\\\/web\\\/se-inaugura-un-espacio-cultural-que-llevara-el-nombre-de-lola-mora\\\/#article\",\"isPartOf\":{\"@id\":\"https:\\\/\\\/www.eldiariodetucuman.com\\\/web\\\/se-inaugura-un-espacio-cultural-que-llevara-el-nombre-de-lola-mora\\\/\"},\"author\":{\"name\":\"El diario de Tucuman\",\"@id\":\"https:\\\/\\\/www.eldiariodetucuman.com\\\/web\\\/#\\\/schema\\\/person\\\/3adbe300ecd6242af93c97dab1dc3ba1\"},\"headline\":\"Se inaugura un espacio cultural que llevar\u00e1 el nombre de Lola Mora\",\"datePublished\":\"2015-10-27T12:05:09+00:00\",\"mainEntityOfPage\":{\"@id\":\"https:\\\/\\\/www.eldiariodetucuman.com\\\/web\\\/se-inaugura-un-espacio-cultural-que-llevara-el-nombre-de-lola-mora\\\/\"},\"wordCount\":158,\"publisher\":{\"@id\":\"https:\\\/\\\/www.eldiariodetucuman.com\\\/web\\\/#organization\"},\"image\":{\"@id\":\"https:\\\/\\\/www.eldiariodetucuman.com\\\/web\\\/se-inaugura-un-espacio-cultural-que-llevara-el-nombre-de-lola-mora\\\/#primaryimage\"},\"thumbnailUrl\":\"https:\\\/\\\/www.eldiariodetucuman.com\\\/web\\\/wp-content\\\/uploads\\\/2015\\\/10\\\/Sala_Lola_Mora.jpg\",\"keywords\":[\"El Diario de Tucuman\",\"Tucuman\"],\"articleSection\":[\"Actualidad\"],\"inLanguage\":\"es\"},{\"@type\":\"WebPage\",\"@id\":\"https:\\\/\\\/www.eldiariodetucuman.com\\\/web\\\/se-inaugura-un-espacio-cultural-que-llevara-el-nombre-de-lola-mora\\\/\",\"url\":\"https:\\\/\\\/www.eldiariodetucuman.com\\\/web\\\/se-inaugura-un-espacio-cultural-que-llevara-el-nombre-de-lola-mora\\\/\",\"name\":\"Se inaugura un espacio cultural que llevar\u00e1 el nombre de Lola Mora - El Diario de Tucuman\",\"isPartOf\":{\"@id\":\"https:\\\/\\\/www.eldiariodetucuman.com\\\/web\\\/#website\"},\"primaryImageOfPage\":{\"@id\":\"https:\\\/\\\/www.eldiariodetucuman.com\\\/web\\\/se-inaugura-un-espacio-cultural-que-llevara-el-nombre-de-lola-mora\\\/#primaryimage\"},\"image\":{\"@id\":\"https:\\\/\\\/www.eldiariodetucuman.com\\\/web\\\/se-inaugura-un-espacio-cultural-que-llevara-el-nombre-de-lola-mora\\\/#primaryimage\"},\"thumbnailUrl\":\"https:\\\/\\\/www.eldiariodetucuman.com\\\/web\\\/wp-content\\\/uploads\\\/2015\\\/10\\\/Sala_Lola_Mora.jpg\",\"datePublished\":\"2015-10-27T12:05:09+00:00\",\"breadcrumb\":{\"@id\":\"https:\\\/\\\/www.eldiariodetucuman.com\\\/web\\\/se-inaugura-un-espacio-cultural-que-llevara-el-nombre-de-lola-mora\\\/#breadcrumb\"},\"inLanguage\":\"es\",\"potentialAction\":[{\"@type\":\"ReadAction\",\"target\":[\"https:\\\/\\\/www.eldiariodetucuman.com\\\/web\\\/se-inaugura-un-espacio-cultural-que-llevara-el-nombre-de-lola-mora\\\/\"]}]},{\"@type\":\"ImageObject\",\"inLanguage\":\"es\",\"@id\":\"https:\\\/\\\/www.eldiariodetucuman.com\\\/web\\\/se-inaugura-un-espacio-cultural-que-llevara-el-nombre-de-lola-mora\\\/#primaryimage\",\"url\":\"https:\\\/\\\/www.eldiariodetucuman.com\\\/web\\\/wp-content\\\/uploads\\\/2015\\\/10\\\/Sala_Lola_Mora.jpg\",\"contentUrl\":\"https:\\\/\\\/www.eldiariodetucuman.com\\\/web\\\/wp-content\\\/uploads\\\/2015\\\/10\\\/Sala_Lola_Mora.jpg\",\"width\":750,\"height\":416},{\"@type\":\"BreadcrumbList\",\"@id\":\"https:\\\/\\\/www.eldiariodetucuman.com\\\/web\\\/se-inaugura-un-espacio-cultural-que-llevara-el-nombre-de-lola-mora\\\/#breadcrumb\",\"itemListElement\":[{\"@type\":\"ListItem\",\"position\":1,\"name\":\"Portada\",\"item\":\"https:\\\/\\\/www.eldiariodetucuman.com\\\/web\\\/\"},{\"@type\":\"ListItem\",\"position\":2,\"name\":\"Se inaugura un espacio cultural que llevar\u00e1 el nombre de Lola Mora\"}]},{\"@type\":\"WebSite\",\"@id\":\"https:\\\/\\\/www.eldiariodetucuman.com\\\/web\\\/#website\",\"url\":\"https:\\\/\\\/www.eldiariodetucuman.com\\\/web\\\/\",\"name\":\"El Diario de Tucuman\",\"description\":\"Diario Tucuman - Informaci\u00f3n y noticias\",\"publisher\":{\"@id\":\"https:\\\/\\\/www.eldiariodetucuman.com\\\/web\\\/#organization\"},\"potentialAction\":[{\"@type\":\"SearchAction\",\"target\":{\"@type\":\"EntryPoint\",\"urlTemplate\":\"https:\\\/\\\/www.eldiariodetucuman.com\\\/web\\\/?s={search_term_string}\"},\"query-input\":{\"@type\":\"PropertyValueSpecification\",\"valueRequired\":true,\"valueName\":\"search_term_string\"}}],\"inLanguage\":\"es\"},{\"@type\":\"Organization\",\"@id\":\"https:\\\/\\\/www.eldiariodetucuman.com\\\/web\\\/#organization\",\"name\":\"El Diario de Tucuman\",\"url\":\"https:\\\/\\\/www.eldiariodetucuman.com\\\/web\\\/\",\"logo\":{\"@type\":\"ImageObject\",\"inLanguage\":\"es\",\"@id\":\"https:\\\/\\\/www.eldiariodetucuman.com\\\/web\\\/#\\\/schema\\\/logo\\\/image\\\/\",\"url\":\"http:\\\/\\\/www.eldiariodetucuman.com\\\/web\\\/wp-content\\\/uploads\\\/2017\\\/12\\\/el-diario-de-tucuman.jpg\",\"contentUrl\":\"http:\\\/\\\/www.eldiariodetucuman.com\\\/web\\\/wp-content\\\/uploads\\\/2017\\\/12\\\/el-diario-de-tucuman.jpg\",\"width\":272,\"height\":92,\"caption\":\"El Diario de Tucuman\"},\"image\":{\"@id\":\"https:\\\/\\\/www.eldiariodetucuman.com\\\/web\\\/#\\\/schema\\\/logo\\\/image\\\/\"}},{\"@type\":\"Person\",\"@id\":\"https:\\\/\\\/www.eldiariodetucuman.com\\\/web\\\/#\\\/schema\\\/person\\\/3adbe300ecd6242af93c97dab1dc3ba1\",\"name\":\"El diario de Tucuman\",\"image\":{\"@type\":\"ImageObject\",\"inLanguage\":\"es\",\"@id\":\"https:\\\/\\\/secure.gravatar.com\\\/avatar\\\/b7214de193b24d0bd708ac5516aa13d0f20c6560795bfbee06857d5c8ac2f0b2?s=96&d=mm&r=g\",\"url\":\"https:\\\/\\\/secure.gravatar.com\\\/avatar\\\/b7214de193b24d0bd708ac5516aa13d0f20c6560795bfbee06857d5c8ac2f0b2?s=96&d=mm&r=g\",\"contentUrl\":\"https:\\\/\\\/secure.gravatar.com\\\/avatar\\\/b7214de193b24d0bd708ac5516aa13d0f20c6560795bfbee06857d5c8ac2f0b2?s=96&d=mm&r=g\",\"caption\":\"El diario de Tucuman\"},\"url\":\"https:\\\/\\\/www.eldiariodetucuman.com\\\/web\\\/author\\\/mgiobellina\\\/\"}]}<\/script>\n<!-- \/ Yoast SEO plugin. -->","yoast_head_json":{"title":"Se inaugura un espacio cultural que llevar\u00e1 el nombre de Lola Mora - El Diario de Tucuman","robots":{"index":"index","follow":"follow","max-snippet":"max-snippet:-1","max-image-preview":"max-image-preview:large","max-video-preview":"max-video-preview:-1"},"canonical":"https:\/\/www.eldiariodetucuman.com\/web\/se-inaugura-un-espacio-cultural-que-llevara-el-nombre-de-lola-mora\/","og_locale":"es_ES","og_type":"article","og_title":"Se inaugura un espacio cultural que llevar\u00e1 el nombre de Lola Mora - El Diario de Tucuman","og_description":"Con un acto que se realizar\u00e1 el d\u00eda mi\u00e9rcoles 28 de octubre, a las 12, el Ente Cultural de Tucum\u00e1n dejar\u00e1 habilitado el espacio en su sede de San Mart\u00edn 251, planta baja. El mismo ser\u00e1 apto para la realizaci\u00f3n de actividades dis\u00edmiles.","og_url":"https:\/\/www.eldiariodetucuman.com\/web\/se-inaugura-un-espacio-cultural-que-llevara-el-nombre-de-lola-mora\/","og_site_name":"El Diario de Tucuman","article_published_time":"2015-10-27T12:05:09+00:00","og_image":[{"width":750,"height":416,"url":"https:\/\/www.eldiariodetucuman.com\/web\/wp-content\/uploads\/2015\/10\/Sala_Lola_Mora.jpg","type":"image\/jpeg"}],"author":"El diario de Tucuman","twitter_card":"summary_large_image","twitter_misc":{"Escrito por":"El diario de Tucuman","Tiempo de lectura":"1 minuto"},"schema":{"@context":"https:\/\/schema.org","@graph":[{"@type":"Article","@id":"https:\/\/www.eldiariodetucuman.com\/web\/se-inaugura-un-espacio-cultural-que-llevara-el-nombre-de-lola-mora\/#article","isPartOf":{"@id":"https:\/\/www.eldiariodetucuman.com\/web\/se-inaugura-un-espacio-cultural-que-llevara-el-nombre-de-lola-mora\/"},"author":{"name":"El diario de Tucuman","@id":"https:\/\/www.eldiariodetucuman.com\/web\/#\/schema\/person\/3adbe300ecd6242af93c97dab1dc3ba1"},"headline":"Se inaugura un espacio cultural que llevar\u00e1 el nombre de Lola Mora","datePublished":"2015-10-27T12:05:09+00:00","mainEntityOfPage":{"@id":"https:\/\/www.eldiariodetucuman.com\/web\/se-inaugura-un-espacio-cultural-que-llevara-el-nombre-de-lola-mora\/"},"wordCount":158,"publisher":{"@id":"https:\/\/www.eldiariodetucuman.com\/web\/#organization"},"image":{"@id":"https:\/\/www.eldiariodetucuman.com\/web\/se-inaugura-un-espacio-cultural-que-llevara-el-nombre-de-lola-mora\/#primaryimage"},"thumbnailUrl":"https:\/\/www.eldiariodetucuman.com\/web\/wp-content\/uploads\/2015\/10\/Sala_Lola_Mora.jpg","keywords":["El Diario de Tucuman","Tucuman"],"articleSection":["Actualidad"],"inLanguage":"es"},{"@type":"WebPage","@id":"https:\/\/www.eldiariodetucuman.com\/web\/se-inaugura-un-espacio-cultural-que-llevara-el-nombre-de-lola-mora\/","url":"https:\/\/www.eldiariodetucuman.com\/web\/se-inaugura-un-espacio-cultural-que-llevara-el-nombre-de-lola-mora\/","name":"Se inaugura un espacio cultural que llevar\u00e1 el nombre de Lola Mora - El Diario de Tucuman","isPartOf":{"@id":"https:\/\/www.eldiariodetucuman.com\/web\/#website"},"primaryImageOfPage":{"@id":"https:\/\/www.eldiariodetucuman.com\/web\/se-inaugura-un-espacio-cultural-que-llevara-el-nombre-de-lola-mora\/#primaryimage"},"image":{"@id":"https:\/\/www.eldiariodetucuman.com\/web\/se-inaugura-un-espacio-cultural-que-llevara-el-nombre-de-lola-mora\/#primaryimage"},"thumbnailUrl":"https:\/\/www.eldiariodetucuman.com\/web\/wp-content\/uploads\/2015\/10\/Sala_Lola_Mora.jpg","datePublished":"2015-10-27T12:05:09+00:00","breadcrumb":{"@id":"https:\/\/www.eldiariodetucuman.com\/web\/se-inaugura-un-espacio-cultural-que-llevara-el-nombre-de-lola-mora\/#breadcrumb"},"inLanguage":"es","potentialAction":[{"@type":"ReadAction","target":["https:\/\/www.eldiariodetucuman.com\/web\/se-inaugura-un-espacio-cultural-que-llevara-el-nombre-de-lola-mora\/"]}]},{"@type":"ImageObject","inLanguage":"es","@id":"https:\/\/www.eldiariodetucuman.com\/web\/se-inaugura-un-espacio-cultural-que-llevara-el-nombre-de-lola-mora\/#primaryimage","url":"https:\/\/www.eldiariodetucuman.com\/web\/wp-content\/uploads\/2015\/10\/Sala_Lola_Mora.jpg","contentUrl":"https:\/\/www.eldiariodetucuman.com\/web\/wp-content\/uploads\/2015\/10\/Sala_Lola_Mora.jpg","width":750,"height":416},{"@type":"BreadcrumbList","@id":"https:\/\/www.eldiariodetucuman.com\/web\/se-inaugura-un-espacio-cultural-que-llevara-el-nombre-de-lola-mora\/#breadcrumb","itemListElement":[{"@type":"ListItem","position":1,"name":"Portada","item":"https:\/\/www.eldiariodetucuman.com\/web\/"},{"@type":"ListItem","position":2,"name":"Se inaugura un espacio cultural que llevar\u00e1 el nombre de Lola Mora"}]},{"@type":"WebSite","@id":"https:\/\/www.eldiariodetucuman.com\/web\/#website","url":"https:\/\/www.eldiariodetucuman.com\/web\/","name":"El Diario de Tucuman","description":"Diario Tucuman - Informaci\u00f3n y noticias","publisher":{"@id":"https:\/\/www.eldiariodetucuman.com\/web\/#organization"},"potentialAction":[{"@type":"SearchAction","target":{"@type":"EntryPoint","urlTemplate":"https:\/\/www.eldiariodetucuman.com\/web\/?s={search_term_string}"},"query-input":{"@type":"PropertyValueSpecification","valueRequired":true,"valueName":"search_term_string"}}],"inLanguage":"es"},{"@type":"Organization","@id":"https:\/\/www.eldiariodetucuman.com\/web\/#organization","name":"El Diario de Tucuman","url":"https:\/\/www.eldiariodetucuman.com\/web\/","logo":{"@type":"ImageObject","inLanguage":"es","@id":"https:\/\/www.eldiariodetucuman.com\/web\/#\/schema\/logo\/image\/","url":"http:\/\/www.eldiariodetucuman.com\/web\/wp-content\/uploads\/2017\/12\/el-diario-de-tucuman.jpg","contentUrl":"http:\/\/www.eldiariodetucuman.com\/web\/wp-content\/uploads\/2017\/12\/el-diario-de-tucuman.jpg","width":272,"height":92,"caption":"El Diario de Tucuman"},"image":{"@id":"https:\/\/www.eldiariodetucuman.com\/web\/#\/schema\/logo\/image\/"}},{"@type":"Person","@id":"https:\/\/www.eldiariodetucuman.com\/web\/#\/schema\/person\/3adbe300ecd6242af93c97dab1dc3ba1","name":"El diario de Tucuman","image":{"@type":"ImageObject","inLanguage":"es","@id":"https:\/\/secure.gravatar.com\/avatar\/b7214de193b24d0bd708ac5516aa13d0f20c6560795bfbee06857d5c8ac2f0b2?s=96&d=mm&r=g","url":"https:\/\/secure.gravatar.com\/avatar\/b7214de193b24d0bd708ac5516aa13d0f20c6560795bfbee06857d5c8ac2f0b2?s=96&d=mm&r=g","contentUrl":"https:\/\/secure.gravatar.com\/avatar\/b7214de193b24d0bd708ac5516aa13d0f20c6560795bfbee06857d5c8ac2f0b2?s=96&d=mm&r=g","caption":"El diario de Tucuman"},"url":"https:\/\/www.eldiariodetucuman.com\/web\/author\/mgiobellina\/"}]}},"_links":{"self":[{"href":"https:\/\/www.eldiariodetucuman.com\/web\/wp-json\/wp\/v2\/posts\/690","targetHints":{"allow":["GET"]}}],"collection":[{"href":"https:\/\/www.eldiariodetucuman.com\/web\/wp-json\/wp\/v2\/posts"}],"about":[{"href":"https:\/\/www.eldiariodetucuman.com\/web\/wp-json\/wp\/v2\/types\/post"}],"author":[{"embeddable":true,"href":"https:\/\/www.eldiariodetucuman.com\/web\/wp-json\/wp\/v2\/users\/3"}],"replies":[{"embeddable":true,"href":"https:\/\/www.eldiariodetucuman.com\/web\/wp-json\/wp\/v2\/comments?post=690"}],"version-history":[{"count":1,"href":"https:\/\/www.eldiariodetucuman.com\/web\/wp-json\/wp\/v2\/posts\/690\/revisions"}],"predecessor-version":[{"id":692,"href":"https:\/\/www.eldiariodetucuman.com\/web\/wp-json\/wp\/v2\/posts\/690\/revisions\/692"}],"wp:featuredmedia":[{"embeddable":true,"href":"https:\/\/www.eldiariodetucuman.com\/web\/wp-json\/wp\/v2\/media\/691"}],"wp:attachment":[{"href":"https:\/\/www.eldiariodetucuman.com\/web\/wp-json\/wp\/v2\/media?parent=690"}],"wp:term":[{"taxonomy":"category","embeddable":true,"href":"https:\/\/www.eldiariodetucuman.com\/web\/wp-json\/wp\/v2\/categories?post=690"},{"taxonomy":"post_tag","embeddable":true,"href":"https:\/\/www.eldiariodetucuman.com\/web\/wp-json\/wp\/v2\/tags?post=690"}],"curies":[{"name":"wp","href":"https:\/\/api.w.org\/{rel}","templated":true}]}}