{"id":687,"date":"2015-10-27T12:02:00","date_gmt":"2015-10-27T12:02:00","guid":{"rendered":"http:\/\/www.eldiariodetucuman.com\/web\/?p=687"},"modified":"2015-10-27T12:02:00","modified_gmt":"2015-10-27T12:02:00","slug":"anibal-fernandez-a-lo-mejor-ha-llegado-el-momento-que-yo-me-tenga-que-correr","status":"publish","type":"post","link":"https:\/\/www.eldiariodetucuman.com\/web\/anibal-fernandez-a-lo-mejor-ha-llegado-el-momento-que-yo-me-tenga-que-correr\/","title":{"rendered":"An\u00edbal Fern\u00e1ndez: A lo mejor ha llegado el momento que yo me tenga que correr"},"content":{"rendered":"<p>El Jefe de Gabinete, An\u00edbal Fern\u00e1ndez, felicit\u00f3 hoy a Mar\u00eda Eugenia Vidal, quien lo derrot\u00f3 en la elecci\u00f3n para gobernador en la provincia de Buenos Aires, y le dese\u00f3 \u00abde coraz\u00f3n\u00bb una buena gesti\u00f3n.<!--more--><\/p>\n<p>\u00abLo que se ve est\u00e1 a la vista\u00bb, resumi\u00f3 el candidato kirchnerista, quien evalu\u00f3 que se dieron \u00abresultados tan particulares\u00bb en los comicios de ayer.<\/p>\n<p>En declaraciones a la prensa en la Casa Rosada, Fern\u00e1ndez ampli\u00f3: \u00abLe deseo de coraz\u00f3n que los resultados que obtenga sean positivos\u00bb.<\/p>\n<p>Tambi\u00e9n admiti\u00f3 que la dura derrota en la provincia de Buenos Aires ante la macrista Mar\u00eda Eugenia Vidal lo lleva a reflexionar que \u00abllega el momento\u00bb de \u00abdar un paso al costado\u00bb.<\/p>\n<p>\u00abA lo mejor ha llegado el momento que yo me tenga que correr\u00bb, indic\u00f3 el funcionario en declaraciones a la prensa en la Casa Rosada y remarc\u00f3 que siempre est\u00e1 dispuesto a \u00abcolaborar\u00bb desde la militancia pol\u00edtica.<\/p>\n<p>A continuaci\u00f3n, admiti\u00f3 que, a ra\u00edz del rev\u00e9s, posiblemente \u00abllega el momento en que yo tenga que dar un paso al costado\u00bb.<\/p>\n<p>Adem\u00e1s neg\u00f3 ser \u00abel mariscal de la derrota\u00bb del kirchnerismo en la provincia de Buenos Aires y apunt\u00f3 que \u00abhubo traici\u00f3n de otros dirigentes que lo pagaron en su distrito de la misma manera\u00bb.<\/p>\n<p>Derrota<br \/>\n\u00abVoy a trabajar para que gane Daniel Scioli\u00bb, anticip\u00f3 el candidato a la gobernaci\u00f3n bonaerense, que perdi\u00f3 a manos de la macrista Mar\u00eda Eugenia Vidal, y a\u00f1adi\u00f3 que \u00absi hubiese sido el mariscal de la derrota hubiera llevado\u00bb al gobernador a la derrota en la Provincia.<\/p>\n<p>En declaraciones a la prensa en la Casa Rosada, Fern\u00e1ndez analiz\u00f3 que \u00ablo que se dio no es una casualidad\u00bb.<\/p>\n<p>El candidato mostr\u00f3 su resignaci\u00f3n por la inesperada derrota del oficialismo ante la macrista Mar\u00eda Eugenia Vidal en la provincia de Buenos Aires, al sostener que \u00ablos resultados hay que mirarlos con prudencia, no son calenturientos\u00bb.<\/p>\n<p>\u00abSi se present\u00f3 y fue votada, Vidal est\u00e1 en condiciones de gobernar la provincia\u00bb, manifest\u00f3 el postulante kirchnerista.<\/p>\n<p>En declaraciones a la prensa en la Casa Rosada, Fern\u00e1ndez dijo que la diferencia \u00abno fue tan lejana\u00bb entre ambos, ya que termin\u00f3 siendo de \u00ab4,30\u00bb puntos.<\/p>\n","protected":false},"excerpt":{"rendered":"<p>El Jefe de Gabinete, An\u00edbal Fern\u00e1ndez, felicit\u00f3 hoy a Mar\u00eda Eugenia Vidal, quien lo derrot\u00f3 en la elecci\u00f3n para gobernador en la provincia de Buenos Aires, y le dese\u00f3 \u00abde coraz\u00f3n\u00bb una buena gesti\u00f3n.<\/p>\n","protected":false},"author":3,"featured_media":688,"comment_status":"closed","ping_status":"open","sticky":false,"template":"","format":"standard","meta":{"footnotes":""},"categories":[3],"tags":[],"class_list":{"0":"post-687","1":"post","2":"type-post","3":"status-publish","4":"format-standard","5":"has-post-thumbnail","7":"category-politica"},"yoast_head":"<!-- This site is optimized with the Yoast SEO plugin v27.5 - https:\/\/yoast.com\/product\/yoast-seo-wordpress\/ -->\n<title>An\u00edbal Fern\u00e1ndez: A lo mejor ha llegado el momento que yo me tenga que correr - El Diario de Tucuman<\/title>\n<meta name=\"robots\" content=\"index, follow, max-snippet:-1, max-image-preview:large, max-video-preview:-1\" \/>\n<link rel=\"canonical\" href=\"https:\/\/www.eldiariodetucuman.com\/web\/anibal-fernandez-a-lo-mejor-ha-llegado-el-momento-que-yo-me-tenga-que-correr\/\" \/>\n<meta property=\"og:locale\" content=\"es_ES\" \/>\n<meta property=\"og:type\" content=\"article\" \/>\n<meta property=\"og:title\" content=\"An\u00edbal Fern\u00e1ndez: A lo mejor ha llegado el momento que yo me tenga que correr - El Diario de Tucuman\" \/>\n<meta property=\"og:description\" content=\"El Jefe de Gabinete, An\u00edbal Fern\u00e1ndez, felicit\u00f3 hoy a Mar\u00eda Eugenia Vidal, quien lo derrot\u00f3 en la elecci\u00f3n para gobernador en la provincia de Buenos Aires, y le dese\u00f3 \u00abde coraz\u00f3n\u00bb una buena gesti\u00f3n.\" \/>\n<meta property=\"og:url\" content=\"https:\/\/www.eldiariodetucuman.com\/web\/anibal-fernandez-a-lo-mejor-ha-llegado-el-momento-que-yo-me-tenga-que-correr\/\" \/>\n<meta property=\"og:site_name\" content=\"El Diario de Tucuman\" \/>\n<meta property=\"article:published_time\" content=\"2015-10-27T12:02:00+00:00\" \/>\n<meta property=\"og:image\" content=\"https:\/\/www.eldiariodetucuman.com\/web\/wp-content\/uploads\/2015\/10\/anibal-fernandez_28.jpg\" \/>\n\t<meta property=\"og:image:width\" content=\"642\" \/>\n\t<meta property=\"og:image:height\" content=\"366\" \/>\n\t<meta property=\"og:image:type\" content=\"image\/jpeg\" \/>\n<meta name=\"author\" content=\"El diario de Tucuman\" \/>\n<meta name=\"twitter:card\" content=\"summary_large_image\" \/>\n<meta name=\"twitter:label1\" content=\"Escrito por\" \/>\n\t<meta name=\"twitter:data1\" content=\"El diario de Tucuman\" \/>\n\t<meta name=\"twitter:label2\" content=\"Tiempo de lectura\" \/>\n\t<meta name=\"twitter:data2\" content=\"2 minutos\" \/>\n<script type=\"application\/ld+json\" class=\"yoast-schema-graph\">{\"@context\":\"https:\\\/\\\/schema.org\",\"@graph\":[{\"@type\":\"Article\",\"@id\":\"https:\\\/\\\/www.eldiariodetucuman.com\\\/web\\\/anibal-fernandez-a-lo-mejor-ha-llegado-el-momento-que-yo-me-tenga-que-correr\\\/#article\",\"isPartOf\":{\"@id\":\"https:\\\/\\\/www.eldiariodetucuman.com\\\/web\\\/anibal-fernandez-a-lo-mejor-ha-llegado-el-momento-que-yo-me-tenga-que-correr\\\/\"},\"author\":{\"name\":\"El diario de Tucuman\",\"@id\":\"https:\\\/\\\/www.eldiariodetucuman.com\\\/web\\\/#\\\/schema\\\/person\\\/3adbe300ecd6242af93c97dab1dc3ba1\"},\"headline\":\"An\u00edbal Fern\u00e1ndez: A lo mejor ha llegado el momento que yo me tenga que correr\",\"datePublished\":\"2015-10-27T12:02:00+00:00\",\"mainEntityOfPage\":{\"@id\":\"https:\\\/\\\/www.eldiariodetucuman.com\\\/web\\\/anibal-fernandez-a-lo-mejor-ha-llegado-el-momento-que-yo-me-tenga-que-correr\\\/\"},\"wordCount\":393,\"publisher\":{\"@id\":\"https:\\\/\\\/www.eldiariodetucuman.com\\\/web\\\/#organization\"},\"image\":{\"@id\":\"https:\\\/\\\/www.eldiariodetucuman.com\\\/web\\\/anibal-fernandez-a-lo-mejor-ha-llegado-el-momento-que-yo-me-tenga-que-correr\\\/#primaryimage\"},\"thumbnailUrl\":\"https:\\\/\\\/www.eldiariodetucuman.com\\\/web\\\/wp-content\\\/uploads\\\/2015\\\/10\\\/anibal-fernandez_28.jpg\",\"articleSection\":[\"Politica\"],\"inLanguage\":\"es\"},{\"@type\":\"WebPage\",\"@id\":\"https:\\\/\\\/www.eldiariodetucuman.com\\\/web\\\/anibal-fernandez-a-lo-mejor-ha-llegado-el-momento-que-yo-me-tenga-que-correr\\\/\",\"url\":\"https:\\\/\\\/www.eldiariodetucuman.com\\\/web\\\/anibal-fernandez-a-lo-mejor-ha-llegado-el-momento-que-yo-me-tenga-que-correr\\\/\",\"name\":\"An\u00edbal Fern\u00e1ndez: A lo mejor ha llegado el momento que yo me tenga que correr - El Diario de Tucuman\",\"isPartOf\":{\"@id\":\"https:\\\/\\\/www.eldiariodetucuman.com\\\/web\\\/#website\"},\"primaryImageOfPage\":{\"@id\":\"https:\\\/\\\/www.eldiariodetucuman.com\\\/web\\\/anibal-fernandez-a-lo-mejor-ha-llegado-el-momento-que-yo-me-tenga-que-correr\\\/#primaryimage\"},\"image\":{\"@id\":\"https:\\\/\\\/www.eldiariodetucuman.com\\\/web\\\/anibal-fernandez-a-lo-mejor-ha-llegado-el-momento-que-yo-me-tenga-que-correr\\\/#primaryimage\"},\"thumbnailUrl\":\"https:\\\/\\\/www.eldiariodetucuman.com\\\/web\\\/wp-content\\\/uploads\\\/2015\\\/10\\\/anibal-fernandez_28.jpg\",\"datePublished\":\"2015-10-27T12:02:00+00:00\",\"breadcrumb\":{\"@id\":\"https:\\\/\\\/www.eldiariodetucuman.com\\\/web\\\/anibal-fernandez-a-lo-mejor-ha-llegado-el-momento-que-yo-me-tenga-que-correr\\\/#breadcrumb\"},\"inLanguage\":\"es\",\"potentialAction\":[{\"@type\":\"ReadAction\",\"target\":[\"https:\\\/\\\/www.eldiariodetucuman.com\\\/web\\\/anibal-fernandez-a-lo-mejor-ha-llegado-el-momento-que-yo-me-tenga-que-correr\\\/\"]}]},{\"@type\":\"ImageObject\",\"inLanguage\":\"es\",\"@id\":\"https:\\\/\\\/www.eldiariodetucuman.com\\\/web\\\/anibal-fernandez-a-lo-mejor-ha-llegado-el-momento-que-yo-me-tenga-que-correr\\\/#primaryimage\",\"url\":\"https:\\\/\\\/www.eldiariodetucuman.com\\\/web\\\/wp-content\\\/uploads\\\/2015\\\/10\\\/anibal-fernandez_28.jpg\",\"contentUrl\":\"https:\\\/\\\/www.eldiariodetucuman.com\\\/web\\\/wp-content\\\/uploads\\\/2015\\\/10\\\/anibal-fernandez_28.jpg\",\"width\":642,\"height\":366},{\"@type\":\"BreadcrumbList\",\"@id\":\"https:\\\/\\\/www.eldiariodetucuman.com\\\/web\\\/anibal-fernandez-a-lo-mejor-ha-llegado-el-momento-que-yo-me-tenga-que-correr\\\/#breadcrumb\",\"itemListElement\":[{\"@type\":\"ListItem\",\"position\":1,\"name\":\"Portada\",\"item\":\"https:\\\/\\\/www.eldiariodetucuman.com\\\/web\\\/\"},{\"@type\":\"ListItem\",\"position\":2,\"name\":\"An\u00edbal Fern\u00e1ndez: A lo mejor ha llegado el momento que yo me tenga que correr\"}]},{\"@type\":\"WebSite\",\"@id\":\"https:\\\/\\\/www.eldiariodetucuman.com\\\/web\\\/#website\",\"url\":\"https:\\\/\\\/www.eldiariodetucuman.com\\\/web\\\/\",\"name\":\"El Diario de Tucuman\",\"description\":\"Diario Tucuman - Informaci\u00f3n y noticias\",\"publisher\":{\"@id\":\"https:\\\/\\\/www.eldiariodetucuman.com\\\/web\\\/#organization\"},\"potentialAction\":[{\"@type\":\"SearchAction\",\"target\":{\"@type\":\"EntryPoint\",\"urlTemplate\":\"https:\\\/\\\/www.eldiariodetucuman.com\\\/web\\\/?s={search_term_string}\"},\"query-input\":{\"@type\":\"PropertyValueSpecification\",\"valueRequired\":true,\"valueName\":\"search_term_string\"}}],\"inLanguage\":\"es\"},{\"@type\":\"Organization\",\"@id\":\"https:\\\/\\\/www.eldiariodetucuman.com\\\/web\\\/#organization\",\"name\":\"El Diario de Tucuman\",\"url\":\"https:\\\/\\\/www.eldiariodetucuman.com\\\/web\\\/\",\"logo\":{\"@type\":\"ImageObject\",\"inLanguage\":\"es\",\"@id\":\"https:\\\/\\\/www.eldiariodetucuman.com\\\/web\\\/#\\\/schema\\\/logo\\\/image\\\/\",\"url\":\"http:\\\/\\\/www.eldiariodetucuman.com\\\/web\\\/wp-content\\\/uploads\\\/2017\\\/12\\\/el-diario-de-tucuman.jpg\",\"contentUrl\":\"http:\\\/\\\/www.eldiariodetucuman.com\\\/web\\\/wp-content\\\/uploads\\\/2017\\\/12\\\/el-diario-de-tucuman.jpg\",\"width\":272,\"height\":92,\"caption\":\"El Diario de Tucuman\"},\"image\":{\"@id\":\"https:\\\/\\\/www.eldiariodetucuman.com\\\/web\\\/#\\\/schema\\\/logo\\\/image\\\/\"}},{\"@type\":\"Person\",\"@id\":\"https:\\\/\\\/www.eldiariodetucuman.com\\\/web\\\/#\\\/schema\\\/person\\\/3adbe300ecd6242af93c97dab1dc3ba1\",\"name\":\"El diario de Tucuman\",\"image\":{\"@type\":\"ImageObject\",\"inLanguage\":\"es\",\"@id\":\"https:\\\/\\\/secure.gravatar.com\\\/avatar\\\/b7214de193b24d0bd708ac5516aa13d0f20c6560795bfbee06857d5c8ac2f0b2?s=96&d=mm&r=g\",\"url\":\"https:\\\/\\\/secure.gravatar.com\\\/avatar\\\/b7214de193b24d0bd708ac5516aa13d0f20c6560795bfbee06857d5c8ac2f0b2?s=96&d=mm&r=g\",\"contentUrl\":\"https:\\\/\\\/secure.gravatar.com\\\/avatar\\\/b7214de193b24d0bd708ac5516aa13d0f20c6560795bfbee06857d5c8ac2f0b2?s=96&d=mm&r=g\",\"caption\":\"El diario de Tucuman\"},\"url\":\"https:\\\/\\\/www.eldiariodetucuman.com\\\/web\\\/author\\\/mgiobellina\\\/\"}]}<\/script>\n<!-- \/ Yoast SEO plugin. -->","yoast_head_json":{"title":"An\u00edbal Fern\u00e1ndez: A lo mejor ha llegado el momento que yo me tenga que correr - El Diario de Tucuman","robots":{"index":"index","follow":"follow","max-snippet":"max-snippet:-1","max-image-preview":"max-image-preview:large","max-video-preview":"max-video-preview:-1"},"canonical":"https:\/\/www.eldiariodetucuman.com\/web\/anibal-fernandez-a-lo-mejor-ha-llegado-el-momento-que-yo-me-tenga-que-correr\/","og_locale":"es_ES","og_type":"article","og_title":"An\u00edbal Fern\u00e1ndez: A lo mejor ha llegado el momento que yo me tenga que correr - El Diario de Tucuman","og_description":"El Jefe de Gabinete, An\u00edbal Fern\u00e1ndez, felicit\u00f3 hoy a Mar\u00eda Eugenia Vidal, quien lo derrot\u00f3 en la elecci\u00f3n para gobernador en la provincia de Buenos Aires, y le dese\u00f3 \u00abde coraz\u00f3n\u00bb una buena gesti\u00f3n.","og_url":"https:\/\/www.eldiariodetucuman.com\/web\/anibal-fernandez-a-lo-mejor-ha-llegado-el-momento-que-yo-me-tenga-que-correr\/","og_site_name":"El Diario de Tucuman","article_published_time":"2015-10-27T12:02:00+00:00","og_image":[{"width":642,"height":366,"url":"https:\/\/www.eldiariodetucuman.com\/web\/wp-content\/uploads\/2015\/10\/anibal-fernandez_28.jpg","type":"image\/jpeg"}],"author":"El diario de Tucuman","twitter_card":"summary_large_image","twitter_misc":{"Escrito por":"El diario de Tucuman","Tiempo de lectura":"2 minutos"},"schema":{"@context":"https:\/\/schema.org","@graph":[{"@type":"Article","@id":"https:\/\/www.eldiariodetucuman.com\/web\/anibal-fernandez-a-lo-mejor-ha-llegado-el-momento-que-yo-me-tenga-que-correr\/#article","isPartOf":{"@id":"https:\/\/www.eldiariodetucuman.com\/web\/anibal-fernandez-a-lo-mejor-ha-llegado-el-momento-que-yo-me-tenga-que-correr\/"},"author":{"name":"El diario de Tucuman","@id":"https:\/\/www.eldiariodetucuman.com\/web\/#\/schema\/person\/3adbe300ecd6242af93c97dab1dc3ba1"},"headline":"An\u00edbal Fern\u00e1ndez: A lo mejor ha llegado el momento que yo me tenga que correr","datePublished":"2015-10-27T12:02:00+00:00","mainEntityOfPage":{"@id":"https:\/\/www.eldiariodetucuman.com\/web\/anibal-fernandez-a-lo-mejor-ha-llegado-el-momento-que-yo-me-tenga-que-correr\/"},"wordCount":393,"publisher":{"@id":"https:\/\/www.eldiariodetucuman.com\/web\/#organization"},"image":{"@id":"https:\/\/www.eldiariodetucuman.com\/web\/anibal-fernandez-a-lo-mejor-ha-llegado-el-momento-que-yo-me-tenga-que-correr\/#primaryimage"},"thumbnailUrl":"https:\/\/www.eldiariodetucuman.com\/web\/wp-content\/uploads\/2015\/10\/anibal-fernandez_28.jpg","articleSection":["Politica"],"inLanguage":"es"},{"@type":"WebPage","@id":"https:\/\/www.eldiariodetucuman.com\/web\/anibal-fernandez-a-lo-mejor-ha-llegado-el-momento-que-yo-me-tenga-que-correr\/","url":"https:\/\/www.eldiariodetucuman.com\/web\/anibal-fernandez-a-lo-mejor-ha-llegado-el-momento-que-yo-me-tenga-que-correr\/","name":"An\u00edbal Fern\u00e1ndez: A lo mejor ha llegado el momento que yo me tenga que correr - El Diario de Tucuman","isPartOf":{"@id":"https:\/\/www.eldiariodetucuman.com\/web\/#website"},"primaryImageOfPage":{"@id":"https:\/\/www.eldiariodetucuman.com\/web\/anibal-fernandez-a-lo-mejor-ha-llegado-el-momento-que-yo-me-tenga-que-correr\/#primaryimage"},"image":{"@id":"https:\/\/www.eldiariodetucuman.com\/web\/anibal-fernandez-a-lo-mejor-ha-llegado-el-momento-que-yo-me-tenga-que-correr\/#primaryimage"},"thumbnailUrl":"https:\/\/www.eldiariodetucuman.com\/web\/wp-content\/uploads\/2015\/10\/anibal-fernandez_28.jpg","datePublished":"2015-10-27T12:02:00+00:00","breadcrumb":{"@id":"https:\/\/www.eldiariodetucuman.com\/web\/anibal-fernandez-a-lo-mejor-ha-llegado-el-momento-que-yo-me-tenga-que-correr\/#breadcrumb"},"inLanguage":"es","potentialAction":[{"@type":"ReadAction","target":["https:\/\/www.eldiariodetucuman.com\/web\/anibal-fernandez-a-lo-mejor-ha-llegado-el-momento-que-yo-me-tenga-que-correr\/"]}]},{"@type":"ImageObject","inLanguage":"es","@id":"https:\/\/www.eldiariodetucuman.com\/web\/anibal-fernandez-a-lo-mejor-ha-llegado-el-momento-que-yo-me-tenga-que-correr\/#primaryimage","url":"https:\/\/www.eldiariodetucuman.com\/web\/wp-content\/uploads\/2015\/10\/anibal-fernandez_28.jpg","contentUrl":"https:\/\/www.eldiariodetucuman.com\/web\/wp-content\/uploads\/2015\/10\/anibal-fernandez_28.jpg","width":642,"height":366},{"@type":"BreadcrumbList","@id":"https:\/\/www.eldiariodetucuman.com\/web\/anibal-fernandez-a-lo-mejor-ha-llegado-el-momento-que-yo-me-tenga-que-correr\/#breadcrumb","itemListElement":[{"@type":"ListItem","position":1,"name":"Portada","item":"https:\/\/www.eldiariodetucuman.com\/web\/"},{"@type":"ListItem","position":2,"name":"An\u00edbal Fern\u00e1ndez: A lo mejor ha llegado el momento que yo me tenga que correr"}]},{"@type":"WebSite","@id":"https:\/\/www.eldiariodetucuman.com\/web\/#website","url":"https:\/\/www.eldiariodetucuman.com\/web\/","name":"El Diario de Tucuman","description":"Diario Tucuman - Informaci\u00f3n y noticias","publisher":{"@id":"https:\/\/www.eldiariodetucuman.com\/web\/#organization"},"potentialAction":[{"@type":"SearchAction","target":{"@type":"EntryPoint","urlTemplate":"https:\/\/www.eldiariodetucuman.com\/web\/?s={search_term_string}"},"query-input":{"@type":"PropertyValueSpecification","valueRequired":true,"valueName":"search_term_string"}}],"inLanguage":"es"},{"@type":"Organization","@id":"https:\/\/www.eldiariodetucuman.com\/web\/#organization","name":"El Diario de Tucuman","url":"https:\/\/www.eldiariodetucuman.com\/web\/","logo":{"@type":"ImageObject","inLanguage":"es","@id":"https:\/\/www.eldiariodetucuman.com\/web\/#\/schema\/logo\/image\/","url":"http:\/\/www.eldiariodetucuman.com\/web\/wp-content\/uploads\/2017\/12\/el-diario-de-tucuman.jpg","contentUrl":"http:\/\/www.eldiariodetucuman.com\/web\/wp-content\/uploads\/2017\/12\/el-diario-de-tucuman.jpg","width":272,"height":92,"caption":"El Diario de Tucuman"},"image":{"@id":"https:\/\/www.eldiariodetucuman.com\/web\/#\/schema\/logo\/image\/"}},{"@type":"Person","@id":"https:\/\/www.eldiariodetucuman.com\/web\/#\/schema\/person\/3adbe300ecd6242af93c97dab1dc3ba1","name":"El diario de Tucuman","image":{"@type":"ImageObject","inLanguage":"es","@id":"https:\/\/secure.gravatar.com\/avatar\/b7214de193b24d0bd708ac5516aa13d0f20c6560795bfbee06857d5c8ac2f0b2?s=96&d=mm&r=g","url":"https:\/\/secure.gravatar.com\/avatar\/b7214de193b24d0bd708ac5516aa13d0f20c6560795bfbee06857d5c8ac2f0b2?s=96&d=mm&r=g","contentUrl":"https:\/\/secure.gravatar.com\/avatar\/b7214de193b24d0bd708ac5516aa13d0f20c6560795bfbee06857d5c8ac2f0b2?s=96&d=mm&r=g","caption":"El diario de Tucuman"},"url":"https:\/\/www.eldiariodetucuman.com\/web\/author\/mgiobellina\/"}]}},"_links":{"self":[{"href":"https:\/\/www.eldiariodetucuman.com\/web\/wp-json\/wp\/v2\/posts\/687","targetHints":{"allow":["GET"]}}],"collection":[{"href":"https:\/\/www.eldiariodetucuman.com\/web\/wp-json\/wp\/v2\/posts"}],"about":[{"href":"https:\/\/www.eldiariodetucuman.com\/web\/wp-json\/wp\/v2\/types\/post"}],"author":[{"embeddable":true,"href":"https:\/\/www.eldiariodetucuman.com\/web\/wp-json\/wp\/v2\/users\/3"}],"replies":[{"embeddable":true,"href":"https:\/\/www.eldiariodetucuman.com\/web\/wp-json\/wp\/v2\/comments?post=687"}],"version-history":[{"count":1,"href":"https:\/\/www.eldiariodetucuman.com\/web\/wp-json\/wp\/v2\/posts\/687\/revisions"}],"predecessor-version":[{"id":689,"href":"https:\/\/www.eldiariodetucuman.com\/web\/wp-json\/wp\/v2\/posts\/687\/revisions\/689"}],"wp:featuredmedia":[{"embeddable":true,"href":"https:\/\/www.eldiariodetucuman.com\/web\/wp-json\/wp\/v2\/media\/688"}],"wp:attachment":[{"href":"https:\/\/www.eldiariodetucuman.com\/web\/wp-json\/wp\/v2\/media?parent=687"}],"wp:term":[{"taxonomy":"category","embeddable":true,"href":"https:\/\/www.eldiariodetucuman.com\/web\/wp-json\/wp\/v2\/categories?post=687"},{"taxonomy":"post_tag","embeddable":true,"href":"https:\/\/www.eldiariodetucuman.com\/web\/wp-json\/wp\/v2\/tags?post=687"}],"curies":[{"name":"wp","href":"https:\/\/api.w.org\/{rel}","templated":true}]}}