{"id":681,"date":"2015-10-07T15:44:51","date_gmt":"2015-10-07T15:44:51","guid":{"rendered":"http:\/\/www.eldiariodetucuman.com\/web\/?p=681"},"modified":"2015-10-07T15:44:51","modified_gmt":"2015-10-07T15:44:51","slug":"vuelve-agarrate-catalina-para-deslumbrar-a-tucuman","status":"publish","type":"post","link":"https:\/\/www.eldiariodetucuman.com\/web\/vuelve-agarrate-catalina-para-deslumbrar-a-tucuman\/","title":{"rendered":"Vuelve Agarrate Catalina para deslumbrar a Tucuman"},"content":{"rendered":"<p>Nuevo espect\u00e1culo:<br \/>\nUN D\u00cdA DE JULIO<\/p>\n<p>Luego de girar por todo el mundo, y con localidades agotadas en Buenos Aires y Cordoba, la murga regresa para reencontrarse con su p\u00fablico y regalarles una nueva y movilizante historia, con su nuevo espect\u00e1culo: Un d\u00eda de Julio.<br \/>\nUn hombre misterioso y solitario encerrado entre las cuatro paredes de su casa, intenta, con sus teor\u00edas extravagantes, cambiar el mundo exterior, porque le resulta inhabitable. Un d\u00eda de Julio suceder\u00e1 algo que cambiar\u00e1 su vida y la de su entorno, para siempre<br \/>\nUn poco de la historia de esta murga\u2026<\/p>\n<p>Agarrate Catalina nace en el a\u00f1o 2001. Se presenta en el Encuentro de Murga Joven y participa del mismo dos a\u00f1os.<\/p>\n<p>En el a\u00f1o 2002 da la Prueba de Admisi\u00f3n e ingresa al Carnaval en el a\u00f1o 2003. Logran el pasaje a la Liguilla, siendo \u00e9ste un hecho hist\u00f3rico, es la primera murga joven que accede a la tercera instancia del Concurso.<\/p>\n<p>Obtiene el primer lugar del Concurso Oficial en los a\u00f1os 2005, 2006 y 2008, siendo el conjunto que realiza m\u00e1s tablados en febrero.<\/p>\n<p>En el a\u00f1o 2006 es designada Embajadora Cultural de Montevideo por la Intendencia Municipal.<br \/>\nRealiza giras por el interior de su pa\u00eds, Argentina, Brasil, M\u00e9xico, Paraguay, Chile, Cuba, Panam\u00e1, Espa\u00f1a y Francia. Ha llevado su espect\u00e1culo entre otros a la Casa de las Am\u00e9ricas y Galileo Galilei en Madrid, La Fiesta del Pilar en Zaragoza, La Sorbona en Par\u00eds, Teatro Hel\u00e9nico en M\u00e9xico D.F., Teatro Libertador de C\u00f3rdoba, Teatro Independencia de Mendoza, los festejos oficiales en el Palacio de Gobierno en el marco de la asunci\u00f3n del Presidente Lugo en Paraguay, Teatro Nacional de Panam\u00e1, La Trastienda y Teatro Coliseo en Buenos Aires, los Carnavales Culturales de Valpara\u00edso. Es la primera murga en llegar a C\u00e1diz, cuna y origen de su g\u00e9nero. Es invitada al Foro Social Mundial 2010 realizado en Porto Alegre. Se presenta en festivales internacionales de m\u00fasica y teatro en numerosas ciudades de M\u00e9xico y Argentina.<\/p>\n<p>En el a\u00f1o 2009 es la primera murga en realizar una gira de verano y Carnaval de dos meses a lo largo y ancho de todo el pa\u00eds llevando a cabo m\u00e1s de cincuenta funciones, llegando a todos los departamentos del Uruguay. Acompa\u00f1an a la Vuelta Ciclista en Semana de Turismo, present\u00e1ndose en cada una de las ciudades donde finalizan las etapas.<\/p>\n<p>Ha editado seis discos que han sido r\u00e9cord en ventas, figurando durante varias semanas en las listas de los m\u00e1s vendidos en los \u00faltimos a\u00f1os. Cinco de ellos son discos de oro y platino. Ha editado el dvd denominado \u201cPasaporte\u201d que incluye im\u00e1genes de sus distintos viajes por el mundo y los espect\u00e1culos completos de los a\u00f1os 2006, 2007 y 2008.<\/p>\n<p>En el a\u00f1o 2010 retorna al Carnaval con el espect\u00e1culo: \u201cCivilizaci\u00f3n\u201d. En un hecho sin precedentes en la historia del carnaval, a m\u00e1s de un mes de su presentaci\u00f3n en el Teatro de Verano agotaron las entradas.<\/p>\n<p>Hoy una nueva historia surge y la traemos a Tucuman, para que la disfruten y dejar algo en cada uno de ustedes\u2026<\/p>\n<p><strong>Presentaci\u00f3n<\/strong><\/p>\n<p><strong>Tucum\u00e1n \u2013 San Miguel de Tucum\u00e1n<\/strong><br \/>\n<strong> S\u00e1bado 7 de Noviembre de 2015<\/strong><br \/>\n<strong> Teatro Alberdi \u2013 Jujuy esq. Crisostomo Alvarez<\/strong><br \/>\n<strong> 22 hs.<\/strong><\/p>\n<p><strong>ENTRADAS EN VENTA en boleter\u00eda del Teatro y www.autoentrada.com<\/strong><\/p>\n<p>Carnaval Uruguayo<br \/>\n<iframe loading=\"lazy\" title=\"Para ver\" width=\"696\" height=\"522\" src=\"https:\/\/www.youtube.com\/embed\/85IcZhZaOiU?feature=oembed\" frameborder=\"0\" allow=\"accelerometer; autoplay; clipboard-write; encrypted-media; gyroscope; picture-in-picture; web-share\" allowfullscreen><\/iframe><\/p>\n<p>Institucional<br \/>\n<iframe loading=\"lazy\" title=\"Clip Agarrate Catalina\" width=\"696\" height=\"522\" src=\"https:\/\/www.youtube.com\/embed\/iFPPYlJfjdc?feature=oembed\" frameborder=\"0\" allow=\"accelerometer; autoplay; clipboard-write; encrypted-media; gyroscope; picture-in-picture; web-share\" allowfullscreen><\/iframe><\/p>\n<p>Gira Mundial<br \/>\nhttp:\/\/youtu.be\/tWRs-oCgwZc<\/p>\n","protected":false},"excerpt":{"rendered":"<p>Nuevo espect\u00e1culo: UN D\u00cdA DE JULIO Luego de girar por todo el mundo, y con localidades agotadas en Buenos Aires y Cordoba, la murga regresa para reencontrarse con su p\u00fablico y regalarles una nueva y movilizante historia, con su nuevo espect\u00e1culo: Un d\u00eda de Julio. Un hombre misterioso y solitario encerrado entre las cuatro paredes [&hellip;]<\/p>\n","protected":false},"author":3,"featured_media":682,"comment_status":"closed","ping_status":"open","sticky":false,"template":"","format":"standard","meta":{"footnotes":""},"categories":[5],"tags":[7,61],"class_list":{"0":"post-681","1":"post","2":"type-post","3":"status-publish","4":"format-standard","5":"has-post-thumbnail","7":"category-cultura","8":"tag-el-diario-de-tucuman","9":"tag-tucuman"},"yoast_head":"<!-- This site is optimized with the Yoast SEO plugin v27.5 - https:\/\/yoast.com\/product\/yoast-seo-wordpress\/ -->\n<title>Vuelve Agarrate Catalina para deslumbrar a Tucuman - El Diario de Tucuman<\/title>\n<meta name=\"robots\" content=\"index, follow, max-snippet:-1, max-image-preview:large, max-video-preview:-1\" \/>\n<link rel=\"canonical\" href=\"https:\/\/www.eldiariodetucuman.com\/web\/vuelve-agarrate-catalina-para-deslumbrar-a-tucuman\/\" \/>\n<meta property=\"og:locale\" content=\"es_ES\" \/>\n<meta property=\"og:type\" content=\"article\" \/>\n<meta property=\"og:title\" content=\"Vuelve Agarrate Catalina para deslumbrar a Tucuman - El Diario de Tucuman\" \/>\n<meta property=\"og:description\" content=\"Nuevo espect\u00e1culo: UN D\u00cdA DE JULIO Luego de girar por todo el mundo, y con localidades agotadas en Buenos Aires y Cordoba, la murga regresa para reencontrarse con su p\u00fablico y regalarles una nueva y movilizante historia, con su nuevo espect\u00e1culo: Un d\u00eda de Julio. Un hombre misterioso y solitario encerrado entre las cuatro paredes [&hellip;]\" \/>\n<meta property=\"og:url\" content=\"https:\/\/www.eldiariodetucuman.com\/web\/vuelve-agarrate-catalina-para-deslumbrar-a-tucuman\/\" \/>\n<meta property=\"og:site_name\" content=\"El Diario de Tucuman\" \/>\n<meta property=\"article:published_time\" content=\"2015-10-07T15:44:51+00:00\" \/>\n<meta property=\"og:image\" content=\"https:\/\/www.eldiariodetucuman.com\/web\/wp-content\/uploads\/2015\/10\/Catalina_Sodre_0934_\u00a9Rodrigo-L\u00f3pez.jpg\" \/>\n\t<meta property=\"og:image:width\" content=\"2480\" \/>\n\t<meta property=\"og:image:height\" content=\"1656\" \/>\n\t<meta property=\"og:image:type\" content=\"image\/jpeg\" \/>\n<meta name=\"author\" content=\"El diario de Tucuman\" \/>\n<meta name=\"twitter:card\" content=\"summary_large_image\" \/>\n<meta name=\"twitter:label1\" content=\"Escrito por\" \/>\n\t<meta name=\"twitter:data1\" content=\"El diario de Tucuman\" \/>\n\t<meta name=\"twitter:label2\" content=\"Tiempo de lectura\" \/>\n\t<meta name=\"twitter:data2\" content=\"3 minutos\" \/>\n<script type=\"application\/ld+json\" class=\"yoast-schema-graph\">{\"@context\":\"https:\\\/\\\/schema.org\",\"@graph\":[{\"@type\":\"Article\",\"@id\":\"https:\\\/\\\/www.eldiariodetucuman.com\\\/web\\\/vuelve-agarrate-catalina-para-deslumbrar-a-tucuman\\\/#article\",\"isPartOf\":{\"@id\":\"https:\\\/\\\/www.eldiariodetucuman.com\\\/web\\\/vuelve-agarrate-catalina-para-deslumbrar-a-tucuman\\\/\"},\"author\":{\"name\":\"El diario de Tucuman\",\"@id\":\"https:\\\/\\\/www.eldiariodetucuman.com\\\/web\\\/#\\\/schema\\\/person\\\/3adbe300ecd6242af93c97dab1dc3ba1\"},\"headline\":\"Vuelve Agarrate Catalina para deslumbrar a Tucuman\",\"datePublished\":\"2015-10-07T15:44:51+00:00\",\"mainEntityOfPage\":{\"@id\":\"https:\\\/\\\/www.eldiariodetucuman.com\\\/web\\\/vuelve-agarrate-catalina-para-deslumbrar-a-tucuman\\\/\"},\"wordCount\":611,\"publisher\":{\"@id\":\"https:\\\/\\\/www.eldiariodetucuman.com\\\/web\\\/#organization\"},\"image\":{\"@id\":\"https:\\\/\\\/www.eldiariodetucuman.com\\\/web\\\/vuelve-agarrate-catalina-para-deslumbrar-a-tucuman\\\/#primaryimage\"},\"thumbnailUrl\":\"https:\\\/\\\/www.eldiariodetucuman.com\\\/web\\\/wp-content\\\/uploads\\\/2015\\\/10\\\/Catalina_Sodre_0934_\u00a9Rodrigo-L\u00f3pez.jpg\",\"keywords\":[\"El Diario de Tucuman\",\"Tucuman\"],\"articleSection\":[\"Cultura\"],\"inLanguage\":\"es\"},{\"@type\":\"WebPage\",\"@id\":\"https:\\\/\\\/www.eldiariodetucuman.com\\\/web\\\/vuelve-agarrate-catalina-para-deslumbrar-a-tucuman\\\/\",\"url\":\"https:\\\/\\\/www.eldiariodetucuman.com\\\/web\\\/vuelve-agarrate-catalina-para-deslumbrar-a-tucuman\\\/\",\"name\":\"Vuelve Agarrate Catalina para deslumbrar a Tucuman - El Diario de Tucuman\",\"isPartOf\":{\"@id\":\"https:\\\/\\\/www.eldiariodetucuman.com\\\/web\\\/#website\"},\"primaryImageOfPage\":{\"@id\":\"https:\\\/\\\/www.eldiariodetucuman.com\\\/web\\\/vuelve-agarrate-catalina-para-deslumbrar-a-tucuman\\\/#primaryimage\"},\"image\":{\"@id\":\"https:\\\/\\\/www.eldiariodetucuman.com\\\/web\\\/vuelve-agarrate-catalina-para-deslumbrar-a-tucuman\\\/#primaryimage\"},\"thumbnailUrl\":\"https:\\\/\\\/www.eldiariodetucuman.com\\\/web\\\/wp-content\\\/uploads\\\/2015\\\/10\\\/Catalina_Sodre_0934_\u00a9Rodrigo-L\u00f3pez.jpg\",\"datePublished\":\"2015-10-07T15:44:51+00:00\",\"breadcrumb\":{\"@id\":\"https:\\\/\\\/www.eldiariodetucuman.com\\\/web\\\/vuelve-agarrate-catalina-para-deslumbrar-a-tucuman\\\/#breadcrumb\"},\"inLanguage\":\"es\",\"potentialAction\":[{\"@type\":\"ReadAction\",\"target\":[\"https:\\\/\\\/www.eldiariodetucuman.com\\\/web\\\/vuelve-agarrate-catalina-para-deslumbrar-a-tucuman\\\/\"]}]},{\"@type\":\"ImageObject\",\"inLanguage\":\"es\",\"@id\":\"https:\\\/\\\/www.eldiariodetucuman.com\\\/web\\\/vuelve-agarrate-catalina-para-deslumbrar-a-tucuman\\\/#primaryimage\",\"url\":\"https:\\\/\\\/www.eldiariodetucuman.com\\\/web\\\/wp-content\\\/uploads\\\/2015\\\/10\\\/Catalina_Sodre_0934_\u00a9Rodrigo-L\u00f3pez.jpg\",\"contentUrl\":\"https:\\\/\\\/www.eldiariodetucuman.com\\\/web\\\/wp-content\\\/uploads\\\/2015\\\/10\\\/Catalina_Sodre_0934_\u00a9Rodrigo-L\u00f3pez.jpg\",\"width\":2480,\"height\":1656},{\"@type\":\"BreadcrumbList\",\"@id\":\"https:\\\/\\\/www.eldiariodetucuman.com\\\/web\\\/vuelve-agarrate-catalina-para-deslumbrar-a-tucuman\\\/#breadcrumb\",\"itemListElement\":[{\"@type\":\"ListItem\",\"position\":1,\"name\":\"Portada\",\"item\":\"https:\\\/\\\/www.eldiariodetucuman.com\\\/web\\\/\"},{\"@type\":\"ListItem\",\"position\":2,\"name\":\"Vuelve Agarrate Catalina para deslumbrar a Tucuman\"}]},{\"@type\":\"WebSite\",\"@id\":\"https:\\\/\\\/www.eldiariodetucuman.com\\\/web\\\/#website\",\"url\":\"https:\\\/\\\/www.eldiariodetucuman.com\\\/web\\\/\",\"name\":\"El Diario de Tucuman\",\"description\":\"Diario Tucuman - Informaci\u00f3n y noticias\",\"publisher\":{\"@id\":\"https:\\\/\\\/www.eldiariodetucuman.com\\\/web\\\/#organization\"},\"potentialAction\":[{\"@type\":\"SearchAction\",\"target\":{\"@type\":\"EntryPoint\",\"urlTemplate\":\"https:\\\/\\\/www.eldiariodetucuman.com\\\/web\\\/?s={search_term_string}\"},\"query-input\":{\"@type\":\"PropertyValueSpecification\",\"valueRequired\":true,\"valueName\":\"search_term_string\"}}],\"inLanguage\":\"es\"},{\"@type\":\"Organization\",\"@id\":\"https:\\\/\\\/www.eldiariodetucuman.com\\\/web\\\/#organization\",\"name\":\"El Diario de Tucuman\",\"url\":\"https:\\\/\\\/www.eldiariodetucuman.com\\\/web\\\/\",\"logo\":{\"@type\":\"ImageObject\",\"inLanguage\":\"es\",\"@id\":\"https:\\\/\\\/www.eldiariodetucuman.com\\\/web\\\/#\\\/schema\\\/logo\\\/image\\\/\",\"url\":\"http:\\\/\\\/www.eldiariodetucuman.com\\\/web\\\/wp-content\\\/uploads\\\/2017\\\/12\\\/el-diario-de-tucuman.jpg\",\"contentUrl\":\"http:\\\/\\\/www.eldiariodetucuman.com\\\/web\\\/wp-content\\\/uploads\\\/2017\\\/12\\\/el-diario-de-tucuman.jpg\",\"width\":272,\"height\":92,\"caption\":\"El Diario de Tucuman\"},\"image\":{\"@id\":\"https:\\\/\\\/www.eldiariodetucuman.com\\\/web\\\/#\\\/schema\\\/logo\\\/image\\\/\"}},{\"@type\":\"Person\",\"@id\":\"https:\\\/\\\/www.eldiariodetucuman.com\\\/web\\\/#\\\/schema\\\/person\\\/3adbe300ecd6242af93c97dab1dc3ba1\",\"name\":\"El diario de Tucuman\",\"image\":{\"@type\":\"ImageObject\",\"inLanguage\":\"es\",\"@id\":\"https:\\\/\\\/secure.gravatar.com\\\/avatar\\\/b7214de193b24d0bd708ac5516aa13d0f20c6560795bfbee06857d5c8ac2f0b2?s=96&d=mm&r=g\",\"url\":\"https:\\\/\\\/secure.gravatar.com\\\/avatar\\\/b7214de193b24d0bd708ac5516aa13d0f20c6560795bfbee06857d5c8ac2f0b2?s=96&d=mm&r=g\",\"contentUrl\":\"https:\\\/\\\/secure.gravatar.com\\\/avatar\\\/b7214de193b24d0bd708ac5516aa13d0f20c6560795bfbee06857d5c8ac2f0b2?s=96&d=mm&r=g\",\"caption\":\"El diario de Tucuman\"},\"url\":\"https:\\\/\\\/www.eldiariodetucuman.com\\\/web\\\/author\\\/mgiobellina\\\/\"}]}<\/script>\n<!-- \/ Yoast SEO plugin. -->","yoast_head_json":{"title":"Vuelve Agarrate Catalina para deslumbrar a Tucuman - El Diario de Tucuman","robots":{"index":"index","follow":"follow","max-snippet":"max-snippet:-1","max-image-preview":"max-image-preview:large","max-video-preview":"max-video-preview:-1"},"canonical":"https:\/\/www.eldiariodetucuman.com\/web\/vuelve-agarrate-catalina-para-deslumbrar-a-tucuman\/","og_locale":"es_ES","og_type":"article","og_title":"Vuelve Agarrate Catalina para deslumbrar a Tucuman - El Diario de Tucuman","og_description":"Nuevo espect\u00e1culo: UN D\u00cdA DE JULIO Luego de girar por todo el mundo, y con localidades agotadas en Buenos Aires y Cordoba, la murga regresa para reencontrarse con su p\u00fablico y regalarles una nueva y movilizante historia, con su nuevo espect\u00e1culo: Un d\u00eda de Julio. Un hombre misterioso y solitario encerrado entre las cuatro paredes [&hellip;]","og_url":"https:\/\/www.eldiariodetucuman.com\/web\/vuelve-agarrate-catalina-para-deslumbrar-a-tucuman\/","og_site_name":"El Diario de Tucuman","article_published_time":"2015-10-07T15:44:51+00:00","og_image":[{"width":2480,"height":1656,"url":"https:\/\/www.eldiariodetucuman.com\/web\/wp-content\/uploads\/2015\/10\/Catalina_Sodre_0934_\u00a9Rodrigo-L\u00f3pez.jpg","type":"image\/jpeg"}],"author":"El diario de Tucuman","twitter_card":"summary_large_image","twitter_misc":{"Escrito por":"El diario de Tucuman","Tiempo de lectura":"3 minutos"},"schema":{"@context":"https:\/\/schema.org","@graph":[{"@type":"Article","@id":"https:\/\/www.eldiariodetucuman.com\/web\/vuelve-agarrate-catalina-para-deslumbrar-a-tucuman\/#article","isPartOf":{"@id":"https:\/\/www.eldiariodetucuman.com\/web\/vuelve-agarrate-catalina-para-deslumbrar-a-tucuman\/"},"author":{"name":"El diario de Tucuman","@id":"https:\/\/www.eldiariodetucuman.com\/web\/#\/schema\/person\/3adbe300ecd6242af93c97dab1dc3ba1"},"headline":"Vuelve Agarrate Catalina para deslumbrar a Tucuman","datePublished":"2015-10-07T15:44:51+00:00","mainEntityOfPage":{"@id":"https:\/\/www.eldiariodetucuman.com\/web\/vuelve-agarrate-catalina-para-deslumbrar-a-tucuman\/"},"wordCount":611,"publisher":{"@id":"https:\/\/www.eldiariodetucuman.com\/web\/#organization"},"image":{"@id":"https:\/\/www.eldiariodetucuman.com\/web\/vuelve-agarrate-catalina-para-deslumbrar-a-tucuman\/#primaryimage"},"thumbnailUrl":"https:\/\/www.eldiariodetucuman.com\/web\/wp-content\/uploads\/2015\/10\/Catalina_Sodre_0934_\u00a9Rodrigo-L\u00f3pez.jpg","keywords":["El Diario de Tucuman","Tucuman"],"articleSection":["Cultura"],"inLanguage":"es"},{"@type":"WebPage","@id":"https:\/\/www.eldiariodetucuman.com\/web\/vuelve-agarrate-catalina-para-deslumbrar-a-tucuman\/","url":"https:\/\/www.eldiariodetucuman.com\/web\/vuelve-agarrate-catalina-para-deslumbrar-a-tucuman\/","name":"Vuelve Agarrate Catalina para deslumbrar a Tucuman - El Diario de Tucuman","isPartOf":{"@id":"https:\/\/www.eldiariodetucuman.com\/web\/#website"},"primaryImageOfPage":{"@id":"https:\/\/www.eldiariodetucuman.com\/web\/vuelve-agarrate-catalina-para-deslumbrar-a-tucuman\/#primaryimage"},"image":{"@id":"https:\/\/www.eldiariodetucuman.com\/web\/vuelve-agarrate-catalina-para-deslumbrar-a-tucuman\/#primaryimage"},"thumbnailUrl":"https:\/\/www.eldiariodetucuman.com\/web\/wp-content\/uploads\/2015\/10\/Catalina_Sodre_0934_\u00a9Rodrigo-L\u00f3pez.jpg","datePublished":"2015-10-07T15:44:51+00:00","breadcrumb":{"@id":"https:\/\/www.eldiariodetucuman.com\/web\/vuelve-agarrate-catalina-para-deslumbrar-a-tucuman\/#breadcrumb"},"inLanguage":"es","potentialAction":[{"@type":"ReadAction","target":["https:\/\/www.eldiariodetucuman.com\/web\/vuelve-agarrate-catalina-para-deslumbrar-a-tucuman\/"]}]},{"@type":"ImageObject","inLanguage":"es","@id":"https:\/\/www.eldiariodetucuman.com\/web\/vuelve-agarrate-catalina-para-deslumbrar-a-tucuman\/#primaryimage","url":"https:\/\/www.eldiariodetucuman.com\/web\/wp-content\/uploads\/2015\/10\/Catalina_Sodre_0934_\u00a9Rodrigo-L\u00f3pez.jpg","contentUrl":"https:\/\/www.eldiariodetucuman.com\/web\/wp-content\/uploads\/2015\/10\/Catalina_Sodre_0934_\u00a9Rodrigo-L\u00f3pez.jpg","width":2480,"height":1656},{"@type":"BreadcrumbList","@id":"https:\/\/www.eldiariodetucuman.com\/web\/vuelve-agarrate-catalina-para-deslumbrar-a-tucuman\/#breadcrumb","itemListElement":[{"@type":"ListItem","position":1,"name":"Portada","item":"https:\/\/www.eldiariodetucuman.com\/web\/"},{"@type":"ListItem","position":2,"name":"Vuelve Agarrate Catalina para deslumbrar a Tucuman"}]},{"@type":"WebSite","@id":"https:\/\/www.eldiariodetucuman.com\/web\/#website","url":"https:\/\/www.eldiariodetucuman.com\/web\/","name":"El Diario de Tucuman","description":"Diario Tucuman - Informaci\u00f3n y noticias","publisher":{"@id":"https:\/\/www.eldiariodetucuman.com\/web\/#organization"},"potentialAction":[{"@type":"SearchAction","target":{"@type":"EntryPoint","urlTemplate":"https:\/\/www.eldiariodetucuman.com\/web\/?s={search_term_string}"},"query-input":{"@type":"PropertyValueSpecification","valueRequired":true,"valueName":"search_term_string"}}],"inLanguage":"es"},{"@type":"Organization","@id":"https:\/\/www.eldiariodetucuman.com\/web\/#organization","name":"El Diario de Tucuman","url":"https:\/\/www.eldiariodetucuman.com\/web\/","logo":{"@type":"ImageObject","inLanguage":"es","@id":"https:\/\/www.eldiariodetucuman.com\/web\/#\/schema\/logo\/image\/","url":"http:\/\/www.eldiariodetucuman.com\/web\/wp-content\/uploads\/2017\/12\/el-diario-de-tucuman.jpg","contentUrl":"http:\/\/www.eldiariodetucuman.com\/web\/wp-content\/uploads\/2017\/12\/el-diario-de-tucuman.jpg","width":272,"height":92,"caption":"El Diario de Tucuman"},"image":{"@id":"https:\/\/www.eldiariodetucuman.com\/web\/#\/schema\/logo\/image\/"}},{"@type":"Person","@id":"https:\/\/www.eldiariodetucuman.com\/web\/#\/schema\/person\/3adbe300ecd6242af93c97dab1dc3ba1","name":"El diario de Tucuman","image":{"@type":"ImageObject","inLanguage":"es","@id":"https:\/\/secure.gravatar.com\/avatar\/b7214de193b24d0bd708ac5516aa13d0f20c6560795bfbee06857d5c8ac2f0b2?s=96&d=mm&r=g","url":"https:\/\/secure.gravatar.com\/avatar\/b7214de193b24d0bd708ac5516aa13d0f20c6560795bfbee06857d5c8ac2f0b2?s=96&d=mm&r=g","contentUrl":"https:\/\/secure.gravatar.com\/avatar\/b7214de193b24d0bd708ac5516aa13d0f20c6560795bfbee06857d5c8ac2f0b2?s=96&d=mm&r=g","caption":"El diario de Tucuman"},"url":"https:\/\/www.eldiariodetucuman.com\/web\/author\/mgiobellina\/"}]}},"_links":{"self":[{"href":"https:\/\/www.eldiariodetucuman.com\/web\/wp-json\/wp\/v2\/posts\/681","targetHints":{"allow":["GET"]}}],"collection":[{"href":"https:\/\/www.eldiariodetucuman.com\/web\/wp-json\/wp\/v2\/posts"}],"about":[{"href":"https:\/\/www.eldiariodetucuman.com\/web\/wp-json\/wp\/v2\/types\/post"}],"author":[{"embeddable":true,"href":"https:\/\/www.eldiariodetucuman.com\/web\/wp-json\/wp\/v2\/users\/3"}],"replies":[{"embeddable":true,"href":"https:\/\/www.eldiariodetucuman.com\/web\/wp-json\/wp\/v2\/comments?post=681"}],"version-history":[{"count":1,"href":"https:\/\/www.eldiariodetucuman.com\/web\/wp-json\/wp\/v2\/posts\/681\/revisions"}],"predecessor-version":[{"id":683,"href":"https:\/\/www.eldiariodetucuman.com\/web\/wp-json\/wp\/v2\/posts\/681\/revisions\/683"}],"wp:featuredmedia":[{"embeddable":true,"href":"https:\/\/www.eldiariodetucuman.com\/web\/wp-json\/wp\/v2\/media\/682"}],"wp:attachment":[{"href":"https:\/\/www.eldiariodetucuman.com\/web\/wp-json\/wp\/v2\/media?parent=681"}],"wp:term":[{"taxonomy":"category","embeddable":true,"href":"https:\/\/www.eldiariodetucuman.com\/web\/wp-json\/wp\/v2\/categories?post=681"},{"taxonomy":"post_tag","embeddable":true,"href":"https:\/\/www.eldiariodetucuman.com\/web\/wp-json\/wp\/v2\/tags?post=681"}],"curies":[{"name":"wp","href":"https:\/\/api.w.org\/{rel}","templated":true}]}}