{"id":678,"date":"2015-10-07T15:21:01","date_gmt":"2015-10-07T15:21:01","guid":{"rendered":"http:\/\/www.eldiariodetucuman.com\/web\/?p=678"},"modified":"2015-10-07T15:21:01","modified_gmt":"2015-10-07T15:21:01","slug":"de-que-se-trata-el-mundial-de-leyendas-que-se-hara-en-mexico-en-2017","status":"publish","type":"post","link":"https:\/\/www.eldiariodetucuman.com\/web\/de-que-se-trata-el-mundial-de-leyendas-que-se-hara-en-mexico-en-2017\/","title":{"rendered":"De qu\u00e9 se trata el Mundial de Leyendas que se har\u00e1 en M\u00e9xico en 2017"},"content":{"rendered":"<p>Lo fan\u00e1ticos del f\u00fatbol tendr\u00e1n una nueva cita para disfrutar del deporte m\u00e1s popular del planeta. Es que, en enero de 2017, se jugar\u00e1 la primera Copa del Mundo de Leyendas. Se trata de un torneo organizado por la Academia Aspire y World Sport Company, que contar\u00e1 con muchos de los mejores jugadores del pasado.<!--more--><\/p>\n<p>Seg\u00fan detalla el diario Marca en su portal web, la competencia se llevar\u00e1 adelante en enero de 2017, durante dos semanas, y concentrar\u00e1 a 12 selecciones de mucha historia, cuyos planteles estar\u00e1n compuestos con futbolistas de entre 35 y 45 a\u00f1os.<\/p>\n<p>La publicaci\u00f3n asegura, adem\u00e1s, que ya est\u00e1n confirmados los pa\u00edses participantes: Alemania, Argentina, Brasil, Estapa, Italia, Francia, Inglaterra, Holanda, Jap\u00f3n, Sud\u00e1frica, M\u00e9xico y Estados Unidos.<\/p>\n<p>Se estima que, entre otros, est\u00e9n presentes figuras de la talla de Luis Figo, Juan Sebasti\u00e1n Ver\u00f3n y Roberto Carlos, entre otros.<\/p>\n<p>Fuente: La Voz del Interior : http:\/\/mundod.lavoz.com.ar\/futbol\/de-que-se-trata-el-mundial-de-leyendas-que-se-hara-en-mexico-en-2017?cx_level=player_home_lvi_extendido<\/p>\n","protected":false},"excerpt":{"rendered":"<p>Lo fan\u00e1ticos del f\u00fatbol tendr\u00e1n una nueva cita para disfrutar del deporte m\u00e1s popular del planeta. Es que, en enero de 2017, se jugar\u00e1 la primera Copa del Mundo de Leyendas. Se trata de un torneo organizado por la Academia Aspire y World Sport Company, que contar\u00e1 con muchos de los mejores jugadores del pasado.<\/p>\n","protected":false},"author":3,"featured_media":679,"comment_status":"closed","ping_status":"open","sticky":false,"template":"","format":"standard","meta":{"footnotes":""},"categories":[6],"tags":[7,61],"class_list":{"0":"post-678","1":"post","2":"type-post","3":"status-publish","4":"format-standard","5":"has-post-thumbnail","7":"category-deporte","8":"tag-el-diario-de-tucuman","9":"tag-tucuman"},"yoast_head":"<!-- This site is optimized with the Yoast SEO plugin v27.5 - https:\/\/yoast.com\/product\/yoast-seo-wordpress\/ -->\n<title>De qu\u00e9 se trata el Mundial de Leyendas que se har\u00e1 en M\u00e9xico en 2017 - El Diario de Tucuman<\/title>\n<meta name=\"robots\" content=\"index, follow, max-snippet:-1, max-image-preview:large, max-video-preview:-1\" \/>\n<link rel=\"canonical\" href=\"https:\/\/www.eldiariodetucuman.com\/web\/de-que-se-trata-el-mundial-de-leyendas-que-se-hara-en-mexico-en-2017\/\" \/>\n<meta property=\"og:locale\" content=\"es_ES\" \/>\n<meta property=\"og:type\" content=\"article\" \/>\n<meta property=\"og:title\" content=\"De qu\u00e9 se trata el Mundial de Leyendas que se har\u00e1 en M\u00e9xico en 2017 - El Diario de Tucuman\" \/>\n<meta property=\"og:description\" content=\"Lo fan\u00e1ticos del f\u00fatbol tendr\u00e1n una nueva cita para disfrutar del deporte m\u00e1s popular del planeta. Es que, en enero de 2017, se jugar\u00e1 la primera Copa del Mundo de Leyendas. Se trata de un torneo organizado por la Academia Aspire y World Sport Company, que contar\u00e1 con muchos de los mejores jugadores del pasado.\" \/>\n<meta property=\"og:url\" content=\"https:\/\/www.eldiariodetucuman.com\/web\/de-que-se-trata-el-mundial-de-leyendas-que-se-hara-en-mexico-en-2017\/\" \/>\n<meta property=\"og:site_name\" content=\"El Diario de Tucuman\" \/>\n<meta property=\"article:published_time\" content=\"2015-10-07T15:21:01+00:00\" \/>\n<meta property=\"og:image\" content=\"https:\/\/www.eldiariodetucuman.com\/web\/wp-content\/uploads\/2015\/10\/leyendas-1.jpg\" \/>\n\t<meta property=\"og:image:width\" content=\"642\" \/>\n\t<meta property=\"og:image:height\" content=\"366\" \/>\n\t<meta property=\"og:image:type\" content=\"image\/jpeg\" \/>\n<meta name=\"author\" content=\"El diario de Tucuman\" \/>\n<meta name=\"twitter:card\" content=\"summary_large_image\" \/>\n<meta name=\"twitter:label1\" content=\"Escrito por\" \/>\n\t<meta name=\"twitter:data1\" content=\"El diario de Tucuman\" \/>\n\t<meta name=\"twitter:label2\" content=\"Tiempo de lectura\" \/>\n\t<meta name=\"twitter:data2\" content=\"1 minuto\" \/>\n<script type=\"application\/ld+json\" class=\"yoast-schema-graph\">{\"@context\":\"https:\\\/\\\/schema.org\",\"@graph\":[{\"@type\":\"Article\",\"@id\":\"https:\\\/\\\/www.eldiariodetucuman.com\\\/web\\\/de-que-se-trata-el-mundial-de-leyendas-que-se-hara-en-mexico-en-2017\\\/#article\",\"isPartOf\":{\"@id\":\"https:\\\/\\\/www.eldiariodetucuman.com\\\/web\\\/de-que-se-trata-el-mundial-de-leyendas-que-se-hara-en-mexico-en-2017\\\/\"},\"author\":{\"name\":\"El diario de Tucuman\",\"@id\":\"https:\\\/\\\/www.eldiariodetucuman.com\\\/web\\\/#\\\/schema\\\/person\\\/3adbe300ecd6242af93c97dab1dc3ba1\"},\"headline\":\"De qu\u00e9 se trata el Mundial de Leyendas que se har\u00e1 en M\u00e9xico en 2017\",\"datePublished\":\"2015-10-07T15:21:01+00:00\",\"mainEntityOfPage\":{\"@id\":\"https:\\\/\\\/www.eldiariodetucuman.com\\\/web\\\/de-que-se-trata-el-mundial-de-leyendas-que-se-hara-en-mexico-en-2017\\\/\"},\"wordCount\":188,\"publisher\":{\"@id\":\"https:\\\/\\\/www.eldiariodetucuman.com\\\/web\\\/#organization\"},\"image\":{\"@id\":\"https:\\\/\\\/www.eldiariodetucuman.com\\\/web\\\/de-que-se-trata-el-mundial-de-leyendas-que-se-hara-en-mexico-en-2017\\\/#primaryimage\"},\"thumbnailUrl\":\"https:\\\/\\\/www.eldiariodetucuman.com\\\/web\\\/wp-content\\\/uploads\\\/2015\\\/10\\\/leyendas-1.jpg\",\"keywords\":[\"El Diario de Tucuman\",\"Tucuman\"],\"articleSection\":[\"Deporte\"],\"inLanguage\":\"es\"},{\"@type\":\"WebPage\",\"@id\":\"https:\\\/\\\/www.eldiariodetucuman.com\\\/web\\\/de-que-se-trata-el-mundial-de-leyendas-que-se-hara-en-mexico-en-2017\\\/\",\"url\":\"https:\\\/\\\/www.eldiariodetucuman.com\\\/web\\\/de-que-se-trata-el-mundial-de-leyendas-que-se-hara-en-mexico-en-2017\\\/\",\"name\":\"De qu\u00e9 se trata el Mundial de Leyendas que se har\u00e1 en M\u00e9xico en 2017 - El Diario de Tucuman\",\"isPartOf\":{\"@id\":\"https:\\\/\\\/www.eldiariodetucuman.com\\\/web\\\/#website\"},\"primaryImageOfPage\":{\"@id\":\"https:\\\/\\\/www.eldiariodetucuman.com\\\/web\\\/de-que-se-trata-el-mundial-de-leyendas-que-se-hara-en-mexico-en-2017\\\/#primaryimage\"},\"image\":{\"@id\":\"https:\\\/\\\/www.eldiariodetucuman.com\\\/web\\\/de-que-se-trata-el-mundial-de-leyendas-que-se-hara-en-mexico-en-2017\\\/#primaryimage\"},\"thumbnailUrl\":\"https:\\\/\\\/www.eldiariodetucuman.com\\\/web\\\/wp-content\\\/uploads\\\/2015\\\/10\\\/leyendas-1.jpg\",\"datePublished\":\"2015-10-07T15:21:01+00:00\",\"breadcrumb\":{\"@id\":\"https:\\\/\\\/www.eldiariodetucuman.com\\\/web\\\/de-que-se-trata-el-mundial-de-leyendas-que-se-hara-en-mexico-en-2017\\\/#breadcrumb\"},\"inLanguage\":\"es\",\"potentialAction\":[{\"@type\":\"ReadAction\",\"target\":[\"https:\\\/\\\/www.eldiariodetucuman.com\\\/web\\\/de-que-se-trata-el-mundial-de-leyendas-que-se-hara-en-mexico-en-2017\\\/\"]}]},{\"@type\":\"ImageObject\",\"inLanguage\":\"es\",\"@id\":\"https:\\\/\\\/www.eldiariodetucuman.com\\\/web\\\/de-que-se-trata-el-mundial-de-leyendas-que-se-hara-en-mexico-en-2017\\\/#primaryimage\",\"url\":\"https:\\\/\\\/www.eldiariodetucuman.com\\\/web\\\/wp-content\\\/uploads\\\/2015\\\/10\\\/leyendas-1.jpg\",\"contentUrl\":\"https:\\\/\\\/www.eldiariodetucuman.com\\\/web\\\/wp-content\\\/uploads\\\/2015\\\/10\\\/leyendas-1.jpg\",\"width\":642,\"height\":366},{\"@type\":\"BreadcrumbList\",\"@id\":\"https:\\\/\\\/www.eldiariodetucuman.com\\\/web\\\/de-que-se-trata-el-mundial-de-leyendas-que-se-hara-en-mexico-en-2017\\\/#breadcrumb\",\"itemListElement\":[{\"@type\":\"ListItem\",\"position\":1,\"name\":\"Portada\",\"item\":\"https:\\\/\\\/www.eldiariodetucuman.com\\\/web\\\/\"},{\"@type\":\"ListItem\",\"position\":2,\"name\":\"De qu\u00e9 se trata el Mundial de Leyendas que se har\u00e1 en M\u00e9xico en 2017\"}]},{\"@type\":\"WebSite\",\"@id\":\"https:\\\/\\\/www.eldiariodetucuman.com\\\/web\\\/#website\",\"url\":\"https:\\\/\\\/www.eldiariodetucuman.com\\\/web\\\/\",\"name\":\"El Diario de Tucuman\",\"description\":\"Diario Tucuman - Informaci\u00f3n y noticias\",\"publisher\":{\"@id\":\"https:\\\/\\\/www.eldiariodetucuman.com\\\/web\\\/#organization\"},\"potentialAction\":[{\"@type\":\"SearchAction\",\"target\":{\"@type\":\"EntryPoint\",\"urlTemplate\":\"https:\\\/\\\/www.eldiariodetucuman.com\\\/web\\\/?s={search_term_string}\"},\"query-input\":{\"@type\":\"PropertyValueSpecification\",\"valueRequired\":true,\"valueName\":\"search_term_string\"}}],\"inLanguage\":\"es\"},{\"@type\":\"Organization\",\"@id\":\"https:\\\/\\\/www.eldiariodetucuman.com\\\/web\\\/#organization\",\"name\":\"El Diario de Tucuman\",\"url\":\"https:\\\/\\\/www.eldiariodetucuman.com\\\/web\\\/\",\"logo\":{\"@type\":\"ImageObject\",\"inLanguage\":\"es\",\"@id\":\"https:\\\/\\\/www.eldiariodetucuman.com\\\/web\\\/#\\\/schema\\\/logo\\\/image\\\/\",\"url\":\"http:\\\/\\\/www.eldiariodetucuman.com\\\/web\\\/wp-content\\\/uploads\\\/2017\\\/12\\\/el-diario-de-tucuman.jpg\",\"contentUrl\":\"http:\\\/\\\/www.eldiariodetucuman.com\\\/web\\\/wp-content\\\/uploads\\\/2017\\\/12\\\/el-diario-de-tucuman.jpg\",\"width\":272,\"height\":92,\"caption\":\"El Diario de Tucuman\"},\"image\":{\"@id\":\"https:\\\/\\\/www.eldiariodetucuman.com\\\/web\\\/#\\\/schema\\\/logo\\\/image\\\/\"}},{\"@type\":\"Person\",\"@id\":\"https:\\\/\\\/www.eldiariodetucuman.com\\\/web\\\/#\\\/schema\\\/person\\\/3adbe300ecd6242af93c97dab1dc3ba1\",\"name\":\"El diario de Tucuman\",\"image\":{\"@type\":\"ImageObject\",\"inLanguage\":\"es\",\"@id\":\"https:\\\/\\\/secure.gravatar.com\\\/avatar\\\/b7214de193b24d0bd708ac5516aa13d0f20c6560795bfbee06857d5c8ac2f0b2?s=96&d=mm&r=g\",\"url\":\"https:\\\/\\\/secure.gravatar.com\\\/avatar\\\/b7214de193b24d0bd708ac5516aa13d0f20c6560795bfbee06857d5c8ac2f0b2?s=96&d=mm&r=g\",\"contentUrl\":\"https:\\\/\\\/secure.gravatar.com\\\/avatar\\\/b7214de193b24d0bd708ac5516aa13d0f20c6560795bfbee06857d5c8ac2f0b2?s=96&d=mm&r=g\",\"caption\":\"El diario de Tucuman\"},\"url\":\"https:\\\/\\\/www.eldiariodetucuman.com\\\/web\\\/author\\\/mgiobellina\\\/\"}]}<\/script>\n<!-- \/ Yoast SEO plugin. -->","yoast_head_json":{"title":"De qu\u00e9 se trata el Mundial de Leyendas que se har\u00e1 en M\u00e9xico en 2017 - El Diario de Tucuman","robots":{"index":"index","follow":"follow","max-snippet":"max-snippet:-1","max-image-preview":"max-image-preview:large","max-video-preview":"max-video-preview:-1"},"canonical":"https:\/\/www.eldiariodetucuman.com\/web\/de-que-se-trata-el-mundial-de-leyendas-que-se-hara-en-mexico-en-2017\/","og_locale":"es_ES","og_type":"article","og_title":"De qu\u00e9 se trata el Mundial de Leyendas que se har\u00e1 en M\u00e9xico en 2017 - El Diario de Tucuman","og_description":"Lo fan\u00e1ticos del f\u00fatbol tendr\u00e1n una nueva cita para disfrutar del deporte m\u00e1s popular del planeta. Es que, en enero de 2017, se jugar\u00e1 la primera Copa del Mundo de Leyendas. Se trata de un torneo organizado por la Academia Aspire y World Sport Company, que contar\u00e1 con muchos de los mejores jugadores del pasado.","og_url":"https:\/\/www.eldiariodetucuman.com\/web\/de-que-se-trata-el-mundial-de-leyendas-que-se-hara-en-mexico-en-2017\/","og_site_name":"El Diario de Tucuman","article_published_time":"2015-10-07T15:21:01+00:00","og_image":[{"width":642,"height":366,"url":"https:\/\/www.eldiariodetucuman.com\/web\/wp-content\/uploads\/2015\/10\/leyendas-1.jpg","type":"image\/jpeg"}],"author":"El diario de Tucuman","twitter_card":"summary_large_image","twitter_misc":{"Escrito por":"El diario de Tucuman","Tiempo de lectura":"1 minuto"},"schema":{"@context":"https:\/\/schema.org","@graph":[{"@type":"Article","@id":"https:\/\/www.eldiariodetucuman.com\/web\/de-que-se-trata-el-mundial-de-leyendas-que-se-hara-en-mexico-en-2017\/#article","isPartOf":{"@id":"https:\/\/www.eldiariodetucuman.com\/web\/de-que-se-trata-el-mundial-de-leyendas-que-se-hara-en-mexico-en-2017\/"},"author":{"name":"El diario de Tucuman","@id":"https:\/\/www.eldiariodetucuman.com\/web\/#\/schema\/person\/3adbe300ecd6242af93c97dab1dc3ba1"},"headline":"De qu\u00e9 se trata el Mundial de Leyendas que se har\u00e1 en M\u00e9xico en 2017","datePublished":"2015-10-07T15:21:01+00:00","mainEntityOfPage":{"@id":"https:\/\/www.eldiariodetucuman.com\/web\/de-que-se-trata-el-mundial-de-leyendas-que-se-hara-en-mexico-en-2017\/"},"wordCount":188,"publisher":{"@id":"https:\/\/www.eldiariodetucuman.com\/web\/#organization"},"image":{"@id":"https:\/\/www.eldiariodetucuman.com\/web\/de-que-se-trata-el-mundial-de-leyendas-que-se-hara-en-mexico-en-2017\/#primaryimage"},"thumbnailUrl":"https:\/\/www.eldiariodetucuman.com\/web\/wp-content\/uploads\/2015\/10\/leyendas-1.jpg","keywords":["El Diario de Tucuman","Tucuman"],"articleSection":["Deporte"],"inLanguage":"es"},{"@type":"WebPage","@id":"https:\/\/www.eldiariodetucuman.com\/web\/de-que-se-trata-el-mundial-de-leyendas-que-se-hara-en-mexico-en-2017\/","url":"https:\/\/www.eldiariodetucuman.com\/web\/de-que-se-trata-el-mundial-de-leyendas-que-se-hara-en-mexico-en-2017\/","name":"De qu\u00e9 se trata el Mundial de Leyendas que se har\u00e1 en M\u00e9xico en 2017 - El Diario de Tucuman","isPartOf":{"@id":"https:\/\/www.eldiariodetucuman.com\/web\/#website"},"primaryImageOfPage":{"@id":"https:\/\/www.eldiariodetucuman.com\/web\/de-que-se-trata-el-mundial-de-leyendas-que-se-hara-en-mexico-en-2017\/#primaryimage"},"image":{"@id":"https:\/\/www.eldiariodetucuman.com\/web\/de-que-se-trata-el-mundial-de-leyendas-que-se-hara-en-mexico-en-2017\/#primaryimage"},"thumbnailUrl":"https:\/\/www.eldiariodetucuman.com\/web\/wp-content\/uploads\/2015\/10\/leyendas-1.jpg","datePublished":"2015-10-07T15:21:01+00:00","breadcrumb":{"@id":"https:\/\/www.eldiariodetucuman.com\/web\/de-que-se-trata-el-mundial-de-leyendas-que-se-hara-en-mexico-en-2017\/#breadcrumb"},"inLanguage":"es","potentialAction":[{"@type":"ReadAction","target":["https:\/\/www.eldiariodetucuman.com\/web\/de-que-se-trata-el-mundial-de-leyendas-que-se-hara-en-mexico-en-2017\/"]}]},{"@type":"ImageObject","inLanguage":"es","@id":"https:\/\/www.eldiariodetucuman.com\/web\/de-que-se-trata-el-mundial-de-leyendas-que-se-hara-en-mexico-en-2017\/#primaryimage","url":"https:\/\/www.eldiariodetucuman.com\/web\/wp-content\/uploads\/2015\/10\/leyendas-1.jpg","contentUrl":"https:\/\/www.eldiariodetucuman.com\/web\/wp-content\/uploads\/2015\/10\/leyendas-1.jpg","width":642,"height":366},{"@type":"BreadcrumbList","@id":"https:\/\/www.eldiariodetucuman.com\/web\/de-que-se-trata-el-mundial-de-leyendas-que-se-hara-en-mexico-en-2017\/#breadcrumb","itemListElement":[{"@type":"ListItem","position":1,"name":"Portada","item":"https:\/\/www.eldiariodetucuman.com\/web\/"},{"@type":"ListItem","position":2,"name":"De qu\u00e9 se trata el Mundial de Leyendas que se har\u00e1 en M\u00e9xico en 2017"}]},{"@type":"WebSite","@id":"https:\/\/www.eldiariodetucuman.com\/web\/#website","url":"https:\/\/www.eldiariodetucuman.com\/web\/","name":"El Diario de Tucuman","description":"Diario Tucuman - Informaci\u00f3n y noticias","publisher":{"@id":"https:\/\/www.eldiariodetucuman.com\/web\/#organization"},"potentialAction":[{"@type":"SearchAction","target":{"@type":"EntryPoint","urlTemplate":"https:\/\/www.eldiariodetucuman.com\/web\/?s={search_term_string}"},"query-input":{"@type":"PropertyValueSpecification","valueRequired":true,"valueName":"search_term_string"}}],"inLanguage":"es"},{"@type":"Organization","@id":"https:\/\/www.eldiariodetucuman.com\/web\/#organization","name":"El Diario de Tucuman","url":"https:\/\/www.eldiariodetucuman.com\/web\/","logo":{"@type":"ImageObject","inLanguage":"es","@id":"https:\/\/www.eldiariodetucuman.com\/web\/#\/schema\/logo\/image\/","url":"http:\/\/www.eldiariodetucuman.com\/web\/wp-content\/uploads\/2017\/12\/el-diario-de-tucuman.jpg","contentUrl":"http:\/\/www.eldiariodetucuman.com\/web\/wp-content\/uploads\/2017\/12\/el-diario-de-tucuman.jpg","width":272,"height":92,"caption":"El Diario de Tucuman"},"image":{"@id":"https:\/\/www.eldiariodetucuman.com\/web\/#\/schema\/logo\/image\/"}},{"@type":"Person","@id":"https:\/\/www.eldiariodetucuman.com\/web\/#\/schema\/person\/3adbe300ecd6242af93c97dab1dc3ba1","name":"El diario de Tucuman","image":{"@type":"ImageObject","inLanguage":"es","@id":"https:\/\/secure.gravatar.com\/avatar\/b7214de193b24d0bd708ac5516aa13d0f20c6560795bfbee06857d5c8ac2f0b2?s=96&d=mm&r=g","url":"https:\/\/secure.gravatar.com\/avatar\/b7214de193b24d0bd708ac5516aa13d0f20c6560795bfbee06857d5c8ac2f0b2?s=96&d=mm&r=g","contentUrl":"https:\/\/secure.gravatar.com\/avatar\/b7214de193b24d0bd708ac5516aa13d0f20c6560795bfbee06857d5c8ac2f0b2?s=96&d=mm&r=g","caption":"El diario de Tucuman"},"url":"https:\/\/www.eldiariodetucuman.com\/web\/author\/mgiobellina\/"}]}},"_links":{"self":[{"href":"https:\/\/www.eldiariodetucuman.com\/web\/wp-json\/wp\/v2\/posts\/678","targetHints":{"allow":["GET"]}}],"collection":[{"href":"https:\/\/www.eldiariodetucuman.com\/web\/wp-json\/wp\/v2\/posts"}],"about":[{"href":"https:\/\/www.eldiariodetucuman.com\/web\/wp-json\/wp\/v2\/types\/post"}],"author":[{"embeddable":true,"href":"https:\/\/www.eldiariodetucuman.com\/web\/wp-json\/wp\/v2\/users\/3"}],"replies":[{"embeddable":true,"href":"https:\/\/www.eldiariodetucuman.com\/web\/wp-json\/wp\/v2\/comments?post=678"}],"version-history":[{"count":1,"href":"https:\/\/www.eldiariodetucuman.com\/web\/wp-json\/wp\/v2\/posts\/678\/revisions"}],"predecessor-version":[{"id":680,"href":"https:\/\/www.eldiariodetucuman.com\/web\/wp-json\/wp\/v2\/posts\/678\/revisions\/680"}],"wp:featuredmedia":[{"embeddable":true,"href":"https:\/\/www.eldiariodetucuman.com\/web\/wp-json\/wp\/v2\/media\/679"}],"wp:attachment":[{"href":"https:\/\/www.eldiariodetucuman.com\/web\/wp-json\/wp\/v2\/media?parent=678"}],"wp:term":[{"taxonomy":"category","embeddable":true,"href":"https:\/\/www.eldiariodetucuman.com\/web\/wp-json\/wp\/v2\/categories?post=678"},{"taxonomy":"post_tag","embeddable":true,"href":"https:\/\/www.eldiariodetucuman.com\/web\/wp-json\/wp\/v2\/tags?post=678"}],"curies":[{"name":"wp","href":"https:\/\/api.w.org\/{rel}","templated":true}]}}