{"id":672,"date":"2015-10-07T15:11:42","date_gmt":"2015-10-07T15:11:42","guid":{"rendered":"http:\/\/www.eldiariodetucuman.com\/web\/?p=672"},"modified":"2015-10-07T15:11:43","modified_gmt":"2015-10-07T15:11:43","slug":"manny-pacquiao-revelo-que-le-queda-una-ultima-pelea-antes-del-retiro","status":"publish","type":"post","link":"https:\/\/www.eldiariodetucuman.com\/web\/manny-pacquiao-revelo-que-le-queda-una-ultima-pelea-antes-del-retiro\/","title":{"rendered":"Manny Pacquiao revel\u00f3 que le queda una \u00faltima pelea antes del retiro"},"content":{"rendered":"<p>El filipino Manny Pacquiao, considerado uno de los mejores boxeadores de la historia, dijo este mi\u00e9rcoles que pelear\u00e1 una vez m\u00e1s y luego se retirar\u00e1 para dedicarse a la pol\u00edtica en Filipinas.<!--more--><\/p>\n<p>\u00abNo digo que me vaya a retirar ya, porque seguro que habr\u00e1 otro combate antes de las elecciones\u00bb, asegur\u00f3 Pacquiao.<\/p>\n<p>\u00abYa tengo 37 a\u00f1os. No digo que me vaya a retirar ya, porque seguro que habr\u00e1 otro combate antes de las elecciones (&#8230;) Despu\u00e9s qui\u00e9n sabe\u00bb, detall\u00f3 Pacquiao en una entrevista a la emisora local ABC-CBN.<\/p>\n<p>El pugilista, actualmente diputado por la provincia de Sarangani, anunci\u00f3 el lunes pasado que se presentar\u00e1 como candidato al Senado a las elecciones que se celebraran en mayo de 2016 en Filipinas.<\/p>\n<p>\u00abCreo que estoy listo para jubilarme porque llevo mucho tiempo boxeando. Son m\u00e1s de 20 a\u00f1os ya\u00bb, manifest\u00f3 Pacquiao.<\/p>\n<p>El filipino perdi\u00f3 ante Floyd Mayweather el pasado mes de mayo en el denominado \u00abcombate del siglo\u00bb, un enfrentamiento que le report\u00f3 125 millones de d\u00f3lares y le convirti\u00f3 en el segundo atleta mejor pagado de este a\u00f1o, solo por detr\u00e1s del ganador.<\/p>\n<p>Pacquiao se mostr\u00f3 inseguro sobre la posibilidad de una revancha frente a Mayweather, que tambi\u00e9n anunci\u00f3 que se retira tras su \u00faltimo combate el pasado mes de septiembre.<\/p>\n<p>\u00abNo podemos decir si habr\u00e1 una revancha o no. Depende, depende&#8230;\u00bb, coment\u00f3 el boxeador, quien fue campe\u00f3n del mundo en ocho categor\u00edas distintas y tiene una marca de 57 victorias (38 por KO), 6 derrotas y 2 empates.<\/p>\n<p>Fuente: LA VOZ del interior: http:\/\/mundod.lavoz.com.ar\/y-mas\/manny-pacquiao-revelo-que-le-queda-una-ultima-pelea-antes-del-retiro<\/p>\n","protected":false},"excerpt":{"rendered":"<p>El filipino Manny Pacquiao, considerado uno de los mejores boxeadores de la historia, dijo este mi\u00e9rcoles que pelear\u00e1 una vez m\u00e1s y luego se retirar\u00e1 para dedicarse a la pol\u00edtica en Filipinas.<\/p>\n","protected":false},"author":3,"featured_media":673,"comment_status":"closed","ping_status":"open","sticky":false,"template":"","format":"standard","meta":{"footnotes":""},"categories":[6],"tags":[7,61],"class_list":{"0":"post-672","1":"post","2":"type-post","3":"status-publish","4":"format-standard","5":"has-post-thumbnail","7":"category-deporte","8":"tag-el-diario-de-tucuman","9":"tag-tucuman"},"yoast_head":"<!-- This site is optimized with the Yoast SEO plugin v27.5 - https:\/\/yoast.com\/product\/yoast-seo-wordpress\/ -->\n<title>Manny Pacquiao revel\u00f3 que le queda una \u00faltima pelea antes del retiro - El Diario de Tucuman<\/title>\n<meta name=\"robots\" content=\"index, follow, max-snippet:-1, max-image-preview:large, max-video-preview:-1\" \/>\n<link rel=\"canonical\" href=\"https:\/\/www.eldiariodetucuman.com\/web\/manny-pacquiao-revelo-que-le-queda-una-ultima-pelea-antes-del-retiro\/\" \/>\n<meta property=\"og:locale\" content=\"es_ES\" \/>\n<meta property=\"og:type\" content=\"article\" \/>\n<meta property=\"og:title\" content=\"Manny Pacquiao revel\u00f3 que le queda una \u00faltima pelea antes del retiro - El Diario de Tucuman\" \/>\n<meta property=\"og:description\" content=\"El filipino Manny Pacquiao, considerado uno de los mejores boxeadores de la historia, dijo este mi\u00e9rcoles que pelear\u00e1 una vez m\u00e1s y luego se retirar\u00e1 para dedicarse a la pol\u00edtica en Filipinas.\" \/>\n<meta property=\"og:url\" content=\"https:\/\/www.eldiariodetucuman.com\/web\/manny-pacquiao-revelo-que-le-queda-una-ultima-pelea-antes-del-retiro\/\" \/>\n<meta property=\"og:site_name\" content=\"El Diario de Tucuman\" \/>\n<meta property=\"article:published_time\" content=\"2015-10-07T15:11:42+00:00\" \/>\n<meta property=\"article:modified_time\" content=\"2015-10-07T15:11:43+00:00\" \/>\n<meta property=\"og:image\" content=\"https:\/\/www.eldiariodetucuman.com\/web\/wp-content\/uploads\/2015\/10\/pacquiao-manny-1.jpg\" \/>\n\t<meta property=\"og:image:width\" content=\"642\" \/>\n\t<meta property=\"og:image:height\" content=\"366\" \/>\n\t<meta property=\"og:image:type\" content=\"image\/jpeg\" \/>\n<meta name=\"author\" content=\"El diario de Tucuman\" \/>\n<meta name=\"twitter:card\" content=\"summary_large_image\" \/>\n<meta name=\"twitter:label1\" content=\"Escrito por\" \/>\n\t<meta name=\"twitter:data1\" content=\"El diario de Tucuman\" \/>\n\t<meta name=\"twitter:label2\" content=\"Tiempo de lectura\" \/>\n\t<meta name=\"twitter:data2\" content=\"1 minuto\" \/>\n<script type=\"application\/ld+json\" class=\"yoast-schema-graph\">{\"@context\":\"https:\\\/\\\/schema.org\",\"@graph\":[{\"@type\":\"Article\",\"@id\":\"https:\\\/\\\/www.eldiariodetucuman.com\\\/web\\\/manny-pacquiao-revelo-que-le-queda-una-ultima-pelea-antes-del-retiro\\\/#article\",\"isPartOf\":{\"@id\":\"https:\\\/\\\/www.eldiariodetucuman.com\\\/web\\\/manny-pacquiao-revelo-que-le-queda-una-ultima-pelea-antes-del-retiro\\\/\"},\"author\":{\"name\":\"El diario de Tucuman\",\"@id\":\"https:\\\/\\\/www.eldiariodetucuman.com\\\/web\\\/#\\\/schema\\\/person\\\/3adbe300ecd6242af93c97dab1dc3ba1\"},\"headline\":\"Manny Pacquiao revel\u00f3 que le queda una \u00faltima pelea antes del retiro\",\"datePublished\":\"2015-10-07T15:11:42+00:00\",\"dateModified\":\"2015-10-07T15:11:43+00:00\",\"mainEntityOfPage\":{\"@id\":\"https:\\\/\\\/www.eldiariodetucuman.com\\\/web\\\/manny-pacquiao-revelo-que-le-queda-una-ultima-pelea-antes-del-retiro\\\/\"},\"wordCount\":277,\"publisher\":{\"@id\":\"https:\\\/\\\/www.eldiariodetucuman.com\\\/web\\\/#organization\"},\"image\":{\"@id\":\"https:\\\/\\\/www.eldiariodetucuman.com\\\/web\\\/manny-pacquiao-revelo-que-le-queda-una-ultima-pelea-antes-del-retiro\\\/#primaryimage\"},\"thumbnailUrl\":\"https:\\\/\\\/www.eldiariodetucuman.com\\\/web\\\/wp-content\\\/uploads\\\/2015\\\/10\\\/pacquiao-manny-1.jpg\",\"keywords\":[\"El Diario de Tucuman\",\"Tucuman\"],\"articleSection\":[\"Deporte\"],\"inLanguage\":\"es\"},{\"@type\":\"WebPage\",\"@id\":\"https:\\\/\\\/www.eldiariodetucuman.com\\\/web\\\/manny-pacquiao-revelo-que-le-queda-una-ultima-pelea-antes-del-retiro\\\/\",\"url\":\"https:\\\/\\\/www.eldiariodetucuman.com\\\/web\\\/manny-pacquiao-revelo-que-le-queda-una-ultima-pelea-antes-del-retiro\\\/\",\"name\":\"Manny Pacquiao revel\u00f3 que le queda una \u00faltima pelea antes del retiro - El Diario de Tucuman\",\"isPartOf\":{\"@id\":\"https:\\\/\\\/www.eldiariodetucuman.com\\\/web\\\/#website\"},\"primaryImageOfPage\":{\"@id\":\"https:\\\/\\\/www.eldiariodetucuman.com\\\/web\\\/manny-pacquiao-revelo-que-le-queda-una-ultima-pelea-antes-del-retiro\\\/#primaryimage\"},\"image\":{\"@id\":\"https:\\\/\\\/www.eldiariodetucuman.com\\\/web\\\/manny-pacquiao-revelo-que-le-queda-una-ultima-pelea-antes-del-retiro\\\/#primaryimage\"},\"thumbnailUrl\":\"https:\\\/\\\/www.eldiariodetucuman.com\\\/web\\\/wp-content\\\/uploads\\\/2015\\\/10\\\/pacquiao-manny-1.jpg\",\"datePublished\":\"2015-10-07T15:11:42+00:00\",\"dateModified\":\"2015-10-07T15:11:43+00:00\",\"breadcrumb\":{\"@id\":\"https:\\\/\\\/www.eldiariodetucuman.com\\\/web\\\/manny-pacquiao-revelo-que-le-queda-una-ultima-pelea-antes-del-retiro\\\/#breadcrumb\"},\"inLanguage\":\"es\",\"potentialAction\":[{\"@type\":\"ReadAction\",\"target\":[\"https:\\\/\\\/www.eldiariodetucuman.com\\\/web\\\/manny-pacquiao-revelo-que-le-queda-una-ultima-pelea-antes-del-retiro\\\/\"]}]},{\"@type\":\"ImageObject\",\"inLanguage\":\"es\",\"@id\":\"https:\\\/\\\/www.eldiariodetucuman.com\\\/web\\\/manny-pacquiao-revelo-que-le-queda-una-ultima-pelea-antes-del-retiro\\\/#primaryimage\",\"url\":\"https:\\\/\\\/www.eldiariodetucuman.com\\\/web\\\/wp-content\\\/uploads\\\/2015\\\/10\\\/pacquiao-manny-1.jpg\",\"contentUrl\":\"https:\\\/\\\/www.eldiariodetucuman.com\\\/web\\\/wp-content\\\/uploads\\\/2015\\\/10\\\/pacquiao-manny-1.jpg\",\"width\":642,\"height\":366},{\"@type\":\"BreadcrumbList\",\"@id\":\"https:\\\/\\\/www.eldiariodetucuman.com\\\/web\\\/manny-pacquiao-revelo-que-le-queda-una-ultima-pelea-antes-del-retiro\\\/#breadcrumb\",\"itemListElement\":[{\"@type\":\"ListItem\",\"position\":1,\"name\":\"Portada\",\"item\":\"https:\\\/\\\/www.eldiariodetucuman.com\\\/web\\\/\"},{\"@type\":\"ListItem\",\"position\":2,\"name\":\"Manny Pacquiao revel\u00f3 que le queda una \u00faltima pelea antes del retiro\"}]},{\"@type\":\"WebSite\",\"@id\":\"https:\\\/\\\/www.eldiariodetucuman.com\\\/web\\\/#website\",\"url\":\"https:\\\/\\\/www.eldiariodetucuman.com\\\/web\\\/\",\"name\":\"El Diario de Tucuman\",\"description\":\"Diario Tucuman - Informaci\u00f3n y noticias\",\"publisher\":{\"@id\":\"https:\\\/\\\/www.eldiariodetucuman.com\\\/web\\\/#organization\"},\"potentialAction\":[{\"@type\":\"SearchAction\",\"target\":{\"@type\":\"EntryPoint\",\"urlTemplate\":\"https:\\\/\\\/www.eldiariodetucuman.com\\\/web\\\/?s={search_term_string}\"},\"query-input\":{\"@type\":\"PropertyValueSpecification\",\"valueRequired\":true,\"valueName\":\"search_term_string\"}}],\"inLanguage\":\"es\"},{\"@type\":\"Organization\",\"@id\":\"https:\\\/\\\/www.eldiariodetucuman.com\\\/web\\\/#organization\",\"name\":\"El Diario de Tucuman\",\"url\":\"https:\\\/\\\/www.eldiariodetucuman.com\\\/web\\\/\",\"logo\":{\"@type\":\"ImageObject\",\"inLanguage\":\"es\",\"@id\":\"https:\\\/\\\/www.eldiariodetucuman.com\\\/web\\\/#\\\/schema\\\/logo\\\/image\\\/\",\"url\":\"http:\\\/\\\/www.eldiariodetucuman.com\\\/web\\\/wp-content\\\/uploads\\\/2017\\\/12\\\/el-diario-de-tucuman.jpg\",\"contentUrl\":\"http:\\\/\\\/www.eldiariodetucuman.com\\\/web\\\/wp-content\\\/uploads\\\/2017\\\/12\\\/el-diario-de-tucuman.jpg\",\"width\":272,\"height\":92,\"caption\":\"El Diario de Tucuman\"},\"image\":{\"@id\":\"https:\\\/\\\/www.eldiariodetucuman.com\\\/web\\\/#\\\/schema\\\/logo\\\/image\\\/\"}},{\"@type\":\"Person\",\"@id\":\"https:\\\/\\\/www.eldiariodetucuman.com\\\/web\\\/#\\\/schema\\\/person\\\/3adbe300ecd6242af93c97dab1dc3ba1\",\"name\":\"El diario de Tucuman\",\"image\":{\"@type\":\"ImageObject\",\"inLanguage\":\"es\",\"@id\":\"https:\\\/\\\/secure.gravatar.com\\\/avatar\\\/b7214de193b24d0bd708ac5516aa13d0f20c6560795bfbee06857d5c8ac2f0b2?s=96&d=mm&r=g\",\"url\":\"https:\\\/\\\/secure.gravatar.com\\\/avatar\\\/b7214de193b24d0bd708ac5516aa13d0f20c6560795bfbee06857d5c8ac2f0b2?s=96&d=mm&r=g\",\"contentUrl\":\"https:\\\/\\\/secure.gravatar.com\\\/avatar\\\/b7214de193b24d0bd708ac5516aa13d0f20c6560795bfbee06857d5c8ac2f0b2?s=96&d=mm&r=g\",\"caption\":\"El diario de Tucuman\"},\"url\":\"https:\\\/\\\/www.eldiariodetucuman.com\\\/web\\\/author\\\/mgiobellina\\\/\"}]}<\/script>\n<!-- \/ Yoast SEO plugin. -->","yoast_head_json":{"title":"Manny Pacquiao revel\u00f3 que le queda una \u00faltima pelea antes del retiro - El Diario de Tucuman","robots":{"index":"index","follow":"follow","max-snippet":"max-snippet:-1","max-image-preview":"max-image-preview:large","max-video-preview":"max-video-preview:-1"},"canonical":"https:\/\/www.eldiariodetucuman.com\/web\/manny-pacquiao-revelo-que-le-queda-una-ultima-pelea-antes-del-retiro\/","og_locale":"es_ES","og_type":"article","og_title":"Manny Pacquiao revel\u00f3 que le queda una \u00faltima pelea antes del retiro - El Diario de Tucuman","og_description":"El filipino Manny Pacquiao, considerado uno de los mejores boxeadores de la historia, dijo este mi\u00e9rcoles que pelear\u00e1 una vez m\u00e1s y luego se retirar\u00e1 para dedicarse a la pol\u00edtica en Filipinas.","og_url":"https:\/\/www.eldiariodetucuman.com\/web\/manny-pacquiao-revelo-que-le-queda-una-ultima-pelea-antes-del-retiro\/","og_site_name":"El Diario de Tucuman","article_published_time":"2015-10-07T15:11:42+00:00","article_modified_time":"2015-10-07T15:11:43+00:00","og_image":[{"width":642,"height":366,"url":"https:\/\/www.eldiariodetucuman.com\/web\/wp-content\/uploads\/2015\/10\/pacquiao-manny-1.jpg","type":"image\/jpeg"}],"author":"El diario de Tucuman","twitter_card":"summary_large_image","twitter_misc":{"Escrito por":"El diario de Tucuman","Tiempo de lectura":"1 minuto"},"schema":{"@context":"https:\/\/schema.org","@graph":[{"@type":"Article","@id":"https:\/\/www.eldiariodetucuman.com\/web\/manny-pacquiao-revelo-que-le-queda-una-ultima-pelea-antes-del-retiro\/#article","isPartOf":{"@id":"https:\/\/www.eldiariodetucuman.com\/web\/manny-pacquiao-revelo-que-le-queda-una-ultima-pelea-antes-del-retiro\/"},"author":{"name":"El diario de Tucuman","@id":"https:\/\/www.eldiariodetucuman.com\/web\/#\/schema\/person\/3adbe300ecd6242af93c97dab1dc3ba1"},"headline":"Manny Pacquiao revel\u00f3 que le queda una \u00faltima pelea antes del retiro","datePublished":"2015-10-07T15:11:42+00:00","dateModified":"2015-10-07T15:11:43+00:00","mainEntityOfPage":{"@id":"https:\/\/www.eldiariodetucuman.com\/web\/manny-pacquiao-revelo-que-le-queda-una-ultima-pelea-antes-del-retiro\/"},"wordCount":277,"publisher":{"@id":"https:\/\/www.eldiariodetucuman.com\/web\/#organization"},"image":{"@id":"https:\/\/www.eldiariodetucuman.com\/web\/manny-pacquiao-revelo-que-le-queda-una-ultima-pelea-antes-del-retiro\/#primaryimage"},"thumbnailUrl":"https:\/\/www.eldiariodetucuman.com\/web\/wp-content\/uploads\/2015\/10\/pacquiao-manny-1.jpg","keywords":["El Diario de Tucuman","Tucuman"],"articleSection":["Deporte"],"inLanguage":"es"},{"@type":"WebPage","@id":"https:\/\/www.eldiariodetucuman.com\/web\/manny-pacquiao-revelo-que-le-queda-una-ultima-pelea-antes-del-retiro\/","url":"https:\/\/www.eldiariodetucuman.com\/web\/manny-pacquiao-revelo-que-le-queda-una-ultima-pelea-antes-del-retiro\/","name":"Manny Pacquiao revel\u00f3 que le queda una \u00faltima pelea antes del retiro - El Diario de Tucuman","isPartOf":{"@id":"https:\/\/www.eldiariodetucuman.com\/web\/#website"},"primaryImageOfPage":{"@id":"https:\/\/www.eldiariodetucuman.com\/web\/manny-pacquiao-revelo-que-le-queda-una-ultima-pelea-antes-del-retiro\/#primaryimage"},"image":{"@id":"https:\/\/www.eldiariodetucuman.com\/web\/manny-pacquiao-revelo-que-le-queda-una-ultima-pelea-antes-del-retiro\/#primaryimage"},"thumbnailUrl":"https:\/\/www.eldiariodetucuman.com\/web\/wp-content\/uploads\/2015\/10\/pacquiao-manny-1.jpg","datePublished":"2015-10-07T15:11:42+00:00","dateModified":"2015-10-07T15:11:43+00:00","breadcrumb":{"@id":"https:\/\/www.eldiariodetucuman.com\/web\/manny-pacquiao-revelo-que-le-queda-una-ultima-pelea-antes-del-retiro\/#breadcrumb"},"inLanguage":"es","potentialAction":[{"@type":"ReadAction","target":["https:\/\/www.eldiariodetucuman.com\/web\/manny-pacquiao-revelo-que-le-queda-una-ultima-pelea-antes-del-retiro\/"]}]},{"@type":"ImageObject","inLanguage":"es","@id":"https:\/\/www.eldiariodetucuman.com\/web\/manny-pacquiao-revelo-que-le-queda-una-ultima-pelea-antes-del-retiro\/#primaryimage","url":"https:\/\/www.eldiariodetucuman.com\/web\/wp-content\/uploads\/2015\/10\/pacquiao-manny-1.jpg","contentUrl":"https:\/\/www.eldiariodetucuman.com\/web\/wp-content\/uploads\/2015\/10\/pacquiao-manny-1.jpg","width":642,"height":366},{"@type":"BreadcrumbList","@id":"https:\/\/www.eldiariodetucuman.com\/web\/manny-pacquiao-revelo-que-le-queda-una-ultima-pelea-antes-del-retiro\/#breadcrumb","itemListElement":[{"@type":"ListItem","position":1,"name":"Portada","item":"https:\/\/www.eldiariodetucuman.com\/web\/"},{"@type":"ListItem","position":2,"name":"Manny Pacquiao revel\u00f3 que le queda una \u00faltima pelea antes del retiro"}]},{"@type":"WebSite","@id":"https:\/\/www.eldiariodetucuman.com\/web\/#website","url":"https:\/\/www.eldiariodetucuman.com\/web\/","name":"El Diario de Tucuman","description":"Diario Tucuman - Informaci\u00f3n y noticias","publisher":{"@id":"https:\/\/www.eldiariodetucuman.com\/web\/#organization"},"potentialAction":[{"@type":"SearchAction","target":{"@type":"EntryPoint","urlTemplate":"https:\/\/www.eldiariodetucuman.com\/web\/?s={search_term_string}"},"query-input":{"@type":"PropertyValueSpecification","valueRequired":true,"valueName":"search_term_string"}}],"inLanguage":"es"},{"@type":"Organization","@id":"https:\/\/www.eldiariodetucuman.com\/web\/#organization","name":"El Diario de Tucuman","url":"https:\/\/www.eldiariodetucuman.com\/web\/","logo":{"@type":"ImageObject","inLanguage":"es","@id":"https:\/\/www.eldiariodetucuman.com\/web\/#\/schema\/logo\/image\/","url":"http:\/\/www.eldiariodetucuman.com\/web\/wp-content\/uploads\/2017\/12\/el-diario-de-tucuman.jpg","contentUrl":"http:\/\/www.eldiariodetucuman.com\/web\/wp-content\/uploads\/2017\/12\/el-diario-de-tucuman.jpg","width":272,"height":92,"caption":"El Diario de Tucuman"},"image":{"@id":"https:\/\/www.eldiariodetucuman.com\/web\/#\/schema\/logo\/image\/"}},{"@type":"Person","@id":"https:\/\/www.eldiariodetucuman.com\/web\/#\/schema\/person\/3adbe300ecd6242af93c97dab1dc3ba1","name":"El diario de Tucuman","image":{"@type":"ImageObject","inLanguage":"es","@id":"https:\/\/secure.gravatar.com\/avatar\/b7214de193b24d0bd708ac5516aa13d0f20c6560795bfbee06857d5c8ac2f0b2?s=96&d=mm&r=g","url":"https:\/\/secure.gravatar.com\/avatar\/b7214de193b24d0bd708ac5516aa13d0f20c6560795bfbee06857d5c8ac2f0b2?s=96&d=mm&r=g","contentUrl":"https:\/\/secure.gravatar.com\/avatar\/b7214de193b24d0bd708ac5516aa13d0f20c6560795bfbee06857d5c8ac2f0b2?s=96&d=mm&r=g","caption":"El diario de Tucuman"},"url":"https:\/\/www.eldiariodetucuman.com\/web\/author\/mgiobellina\/"}]}},"_links":{"self":[{"href":"https:\/\/www.eldiariodetucuman.com\/web\/wp-json\/wp\/v2\/posts\/672","targetHints":{"allow":["GET"]}}],"collection":[{"href":"https:\/\/www.eldiariodetucuman.com\/web\/wp-json\/wp\/v2\/posts"}],"about":[{"href":"https:\/\/www.eldiariodetucuman.com\/web\/wp-json\/wp\/v2\/types\/post"}],"author":[{"embeddable":true,"href":"https:\/\/www.eldiariodetucuman.com\/web\/wp-json\/wp\/v2\/users\/3"}],"replies":[{"embeddable":true,"href":"https:\/\/www.eldiariodetucuman.com\/web\/wp-json\/wp\/v2\/comments?post=672"}],"version-history":[{"count":1,"href":"https:\/\/www.eldiariodetucuman.com\/web\/wp-json\/wp\/v2\/posts\/672\/revisions"}],"predecessor-version":[{"id":674,"href":"https:\/\/www.eldiariodetucuman.com\/web\/wp-json\/wp\/v2\/posts\/672\/revisions\/674"}],"wp:featuredmedia":[{"embeddable":true,"href":"https:\/\/www.eldiariodetucuman.com\/web\/wp-json\/wp\/v2\/media\/673"}],"wp:attachment":[{"href":"https:\/\/www.eldiariodetucuman.com\/web\/wp-json\/wp\/v2\/media?parent=672"}],"wp:term":[{"taxonomy":"category","embeddable":true,"href":"https:\/\/www.eldiariodetucuman.com\/web\/wp-json\/wp\/v2\/categories?post=672"},{"taxonomy":"post_tag","embeddable":true,"href":"https:\/\/www.eldiariodetucuman.com\/web\/wp-json\/wp\/v2\/tags?post=672"}],"curies":[{"name":"wp","href":"https:\/\/api.w.org\/{rel}","templated":true}]}}