{"id":666,"date":"2015-10-07T15:02:19","date_gmt":"2015-10-07T15:02:19","guid":{"rendered":"http:\/\/www.eldiariodetucuman.com\/web\/?p=666"},"modified":"2015-10-07T15:02:19","modified_gmt":"2015-10-07T15:02:19","slug":"una-estudiante-murio-durante-su-viaje-de-egresados-en-bariloche","status":"publish","type":"post","link":"https:\/\/www.eldiariodetucuman.com\/web\/una-estudiante-murio-durante-su-viaje-de-egresados-en-bariloche\/","title":{"rendered":"Una estudiante muri\u00f3 durante su viaje de egresados en Bariloche"},"content":{"rendered":"<p>Una adolescente del sur de la provincia de Buenos Aires muri\u00f3 ayer en el hotel de Bariloche en donde pasaba su viaje de egresados por motivos que a\u00fan se desconocen, minutos despu\u00e9s de sufrir una descompensaci\u00f3n y mientras era atendida por m\u00e9dicos del servicio de emergencias de la empresa que los traslad\u00f3 a la ciudad, inform\u00f3 la polic\u00eda.<!--more--><\/p>\n<p>Se trata de Julieta Uriarte, de 17 a\u00f1os de edad, del colegio Juan Elicagaray, de la localidad de Adolfo Gonz\u00e1les Chavez, cercana a Bah\u00eda Blanca, quien estaba en su habitaci\u00f3n del Hotel Sol con tres de sus compa\u00f1eras, cuando de pronto se descompuso.<\/p>\n<p>Sus compa\u00f1eras llamaron a un m\u00e9dico del establecimiento, que comenz\u00f3 a asistirla en instantes, al que r\u00e1pidamente se sum\u00f3 un equipo de emergencias m\u00e9dicas contratado por Travel Rock, la empresa operadora tur\u00edstica que traslada al contingente en su viaje de egresados.<\/p>\n<p>Pero la joven comenz\u00f3 a sentirse cada vez peor y en pocos minutos falleci\u00f3, sin que los m\u00e9dicos pudieran reanimarla, por motivos que reci\u00e9n se conocer\u00e1n ma\u00f1ana, cuando se practique la autopsia ordenadas por la justicia.<\/p>\n<p>La situaci\u00f3n provoc\u00f3 un fuerte impacto emocional entre los dem\u00e1s estudiantes, a los que se brinda una contenci\u00f3n psicol\u00f3gica, prevista tambi\u00e9n por las empresas que operan en viajes de egresados.<\/p>\n<p>Daniel Garc\u00eda, integrante de la Asociaci\u00f3n de Turismo Estudiantil de Bariloche (ATEBA), expres\u00f3 la amargura vivida por el sector a ra\u00edz de la muerte, destacando que Travel Rock puso un avi\u00f3n a disposici\u00f3n de los familiares de la v\u00edctima, que llegar\u00eda a Bariloche alrededor de las 23.<\/p>\n<p>Fuente: LA VOZ del interior : http:\/\/www.lavoz.com.ar\/ciudadanos\/bariloche-una-estudiante-murio-durante-su-viaje-de-egresados<\/p>\n","protected":false},"excerpt":{"rendered":"<p>Una adolescente del sur de la provincia de Buenos Aires muri\u00f3 ayer en el hotel de Bariloche en donde pasaba su viaje de egresados por motivos que a\u00fan se desconocen, minutos despu\u00e9s de sufrir una descompensaci\u00f3n y mientras era atendida por m\u00e9dicos del servicio de emergencias de la empresa que los traslad\u00f3 a la ciudad, [&hellip;]<\/p>\n","protected":false},"author":3,"featured_media":667,"comment_status":"closed","ping_status":"open","sticky":false,"template":"","format":"standard","meta":{"footnotes":""},"categories":[152],"tags":[7,61],"class_list":{"0":"post-666","1":"post","2":"type-post","3":"status-publish","4":"format-standard","5":"has-post-thumbnail","7":"category-argentina","8":"tag-el-diario-de-tucuman","9":"tag-tucuman"},"yoast_head":"<!-- This site is optimized with the Yoast SEO plugin v27.5 - https:\/\/yoast.com\/product\/yoast-seo-wordpress\/ -->\n<title>Una estudiante muri\u00f3 durante su viaje de egresados en Bariloche - El Diario de Tucuman<\/title>\n<meta name=\"robots\" content=\"index, follow, max-snippet:-1, max-image-preview:large, max-video-preview:-1\" \/>\n<link rel=\"canonical\" href=\"https:\/\/www.eldiariodetucuman.com\/web\/una-estudiante-murio-durante-su-viaje-de-egresados-en-bariloche\/\" \/>\n<meta property=\"og:locale\" content=\"es_ES\" \/>\n<meta property=\"og:type\" content=\"article\" \/>\n<meta property=\"og:title\" content=\"Una estudiante muri\u00f3 durante su viaje de egresados en Bariloche - El Diario de Tucuman\" \/>\n<meta property=\"og:description\" content=\"Una adolescente del sur de la provincia de Buenos Aires muri\u00f3 ayer en el hotel de Bariloche en donde pasaba su viaje de egresados por motivos que a\u00fan se desconocen, minutos despu\u00e9s de sufrir una descompensaci\u00f3n y mientras era atendida por m\u00e9dicos del servicio de emergencias de la empresa que los traslad\u00f3 a la ciudad, [&hellip;]\" \/>\n<meta property=\"og:url\" content=\"https:\/\/www.eldiariodetucuman.com\/web\/una-estudiante-murio-durante-su-viaje-de-egresados-en-bariloche\/\" \/>\n<meta property=\"og:site_name\" content=\"El Diario de Tucuman\" \/>\n<meta property=\"article:published_time\" content=\"2015-10-07T15:02:19+00:00\" \/>\n<meta property=\"og:image\" content=\"https:\/\/www.eldiariodetucuman.com\/web\/wp-content\/uploads\/2015\/10\/1024px-Centro_Civico_y_Puerto_San_Carlos_en_Bariloche.jpg\" \/>\n\t<meta property=\"og:image:width\" content=\"565\" \/>\n\t<meta property=\"og:image:height\" content=\"318\" \/>\n\t<meta property=\"og:image:type\" content=\"image\/jpeg\" \/>\n<meta name=\"author\" content=\"El diario de Tucuman\" \/>\n<meta name=\"twitter:card\" content=\"summary_large_image\" \/>\n<meta name=\"twitter:label1\" content=\"Escrito por\" \/>\n\t<meta name=\"twitter:data1\" content=\"El diario de Tucuman\" \/>\n\t<meta name=\"twitter:label2\" content=\"Tiempo de lectura\" \/>\n\t<meta name=\"twitter:data2\" content=\"1 minuto\" \/>\n<script type=\"application\/ld+json\" class=\"yoast-schema-graph\">{\"@context\":\"https:\\\/\\\/schema.org\",\"@graph\":[{\"@type\":\"Article\",\"@id\":\"https:\\\/\\\/www.eldiariodetucuman.com\\\/web\\\/una-estudiante-murio-durante-su-viaje-de-egresados-en-bariloche\\\/#article\",\"isPartOf\":{\"@id\":\"https:\\\/\\\/www.eldiariodetucuman.com\\\/web\\\/una-estudiante-murio-durante-su-viaje-de-egresados-en-bariloche\\\/\"},\"author\":{\"name\":\"El diario de Tucuman\",\"@id\":\"https:\\\/\\\/www.eldiariodetucuman.com\\\/web\\\/#\\\/schema\\\/person\\\/3adbe300ecd6242af93c97dab1dc3ba1\"},\"headline\":\"Una estudiante muri\u00f3 durante su viaje de egresados en Bariloche\",\"datePublished\":\"2015-10-07T15:02:19+00:00\",\"mainEntityOfPage\":{\"@id\":\"https:\\\/\\\/www.eldiariodetucuman.com\\\/web\\\/una-estudiante-murio-durante-su-viaje-de-egresados-en-bariloche\\\/\"},\"wordCount\":306,\"publisher\":{\"@id\":\"https:\\\/\\\/www.eldiariodetucuman.com\\\/web\\\/#organization\"},\"image\":{\"@id\":\"https:\\\/\\\/www.eldiariodetucuman.com\\\/web\\\/una-estudiante-murio-durante-su-viaje-de-egresados-en-bariloche\\\/#primaryimage\"},\"thumbnailUrl\":\"https:\\\/\\\/www.eldiariodetucuman.com\\\/web\\\/wp-content\\\/uploads\\\/2015\\\/10\\\/1024px-Centro_Civico_y_Puerto_San_Carlos_en_Bariloche.jpg\",\"keywords\":[\"El Diario de Tucuman\",\"Tucuman\"],\"articleSection\":[\"Argentina\"],\"inLanguage\":\"es\"},{\"@type\":\"WebPage\",\"@id\":\"https:\\\/\\\/www.eldiariodetucuman.com\\\/web\\\/una-estudiante-murio-durante-su-viaje-de-egresados-en-bariloche\\\/\",\"url\":\"https:\\\/\\\/www.eldiariodetucuman.com\\\/web\\\/una-estudiante-murio-durante-su-viaje-de-egresados-en-bariloche\\\/\",\"name\":\"Una estudiante muri\u00f3 durante su viaje de egresados en Bariloche - El Diario de Tucuman\",\"isPartOf\":{\"@id\":\"https:\\\/\\\/www.eldiariodetucuman.com\\\/web\\\/#website\"},\"primaryImageOfPage\":{\"@id\":\"https:\\\/\\\/www.eldiariodetucuman.com\\\/web\\\/una-estudiante-murio-durante-su-viaje-de-egresados-en-bariloche\\\/#primaryimage\"},\"image\":{\"@id\":\"https:\\\/\\\/www.eldiariodetucuman.com\\\/web\\\/una-estudiante-murio-durante-su-viaje-de-egresados-en-bariloche\\\/#primaryimage\"},\"thumbnailUrl\":\"https:\\\/\\\/www.eldiariodetucuman.com\\\/web\\\/wp-content\\\/uploads\\\/2015\\\/10\\\/1024px-Centro_Civico_y_Puerto_San_Carlos_en_Bariloche.jpg\",\"datePublished\":\"2015-10-07T15:02:19+00:00\",\"breadcrumb\":{\"@id\":\"https:\\\/\\\/www.eldiariodetucuman.com\\\/web\\\/una-estudiante-murio-durante-su-viaje-de-egresados-en-bariloche\\\/#breadcrumb\"},\"inLanguage\":\"es\",\"potentialAction\":[{\"@type\":\"ReadAction\",\"target\":[\"https:\\\/\\\/www.eldiariodetucuman.com\\\/web\\\/una-estudiante-murio-durante-su-viaje-de-egresados-en-bariloche\\\/\"]}]},{\"@type\":\"ImageObject\",\"inLanguage\":\"es\",\"@id\":\"https:\\\/\\\/www.eldiariodetucuman.com\\\/web\\\/una-estudiante-murio-durante-su-viaje-de-egresados-en-bariloche\\\/#primaryimage\",\"url\":\"https:\\\/\\\/www.eldiariodetucuman.com\\\/web\\\/wp-content\\\/uploads\\\/2015\\\/10\\\/1024px-Centro_Civico_y_Puerto_San_Carlos_en_Bariloche.jpg\",\"contentUrl\":\"https:\\\/\\\/www.eldiariodetucuman.com\\\/web\\\/wp-content\\\/uploads\\\/2015\\\/10\\\/1024px-Centro_Civico_y_Puerto_San_Carlos_en_Bariloche.jpg\",\"width\":565,\"height\":318},{\"@type\":\"BreadcrumbList\",\"@id\":\"https:\\\/\\\/www.eldiariodetucuman.com\\\/web\\\/una-estudiante-murio-durante-su-viaje-de-egresados-en-bariloche\\\/#breadcrumb\",\"itemListElement\":[{\"@type\":\"ListItem\",\"position\":1,\"name\":\"Portada\",\"item\":\"https:\\\/\\\/www.eldiariodetucuman.com\\\/web\\\/\"},{\"@type\":\"ListItem\",\"position\":2,\"name\":\"Una estudiante muri\u00f3 durante su viaje de egresados en Bariloche\"}]},{\"@type\":\"WebSite\",\"@id\":\"https:\\\/\\\/www.eldiariodetucuman.com\\\/web\\\/#website\",\"url\":\"https:\\\/\\\/www.eldiariodetucuman.com\\\/web\\\/\",\"name\":\"El Diario de Tucuman\",\"description\":\"Diario Tucuman - Informaci\u00f3n y noticias\",\"publisher\":{\"@id\":\"https:\\\/\\\/www.eldiariodetucuman.com\\\/web\\\/#organization\"},\"potentialAction\":[{\"@type\":\"SearchAction\",\"target\":{\"@type\":\"EntryPoint\",\"urlTemplate\":\"https:\\\/\\\/www.eldiariodetucuman.com\\\/web\\\/?s={search_term_string}\"},\"query-input\":{\"@type\":\"PropertyValueSpecification\",\"valueRequired\":true,\"valueName\":\"search_term_string\"}}],\"inLanguage\":\"es\"},{\"@type\":\"Organization\",\"@id\":\"https:\\\/\\\/www.eldiariodetucuman.com\\\/web\\\/#organization\",\"name\":\"El Diario de Tucuman\",\"url\":\"https:\\\/\\\/www.eldiariodetucuman.com\\\/web\\\/\",\"logo\":{\"@type\":\"ImageObject\",\"inLanguage\":\"es\",\"@id\":\"https:\\\/\\\/www.eldiariodetucuman.com\\\/web\\\/#\\\/schema\\\/logo\\\/image\\\/\",\"url\":\"http:\\\/\\\/www.eldiariodetucuman.com\\\/web\\\/wp-content\\\/uploads\\\/2017\\\/12\\\/el-diario-de-tucuman.jpg\",\"contentUrl\":\"http:\\\/\\\/www.eldiariodetucuman.com\\\/web\\\/wp-content\\\/uploads\\\/2017\\\/12\\\/el-diario-de-tucuman.jpg\",\"width\":272,\"height\":92,\"caption\":\"El Diario de Tucuman\"},\"image\":{\"@id\":\"https:\\\/\\\/www.eldiariodetucuman.com\\\/web\\\/#\\\/schema\\\/logo\\\/image\\\/\"}},{\"@type\":\"Person\",\"@id\":\"https:\\\/\\\/www.eldiariodetucuman.com\\\/web\\\/#\\\/schema\\\/person\\\/3adbe300ecd6242af93c97dab1dc3ba1\",\"name\":\"El diario de Tucuman\",\"image\":{\"@type\":\"ImageObject\",\"inLanguage\":\"es\",\"@id\":\"https:\\\/\\\/secure.gravatar.com\\\/avatar\\\/b7214de193b24d0bd708ac5516aa13d0f20c6560795bfbee06857d5c8ac2f0b2?s=96&d=mm&r=g\",\"url\":\"https:\\\/\\\/secure.gravatar.com\\\/avatar\\\/b7214de193b24d0bd708ac5516aa13d0f20c6560795bfbee06857d5c8ac2f0b2?s=96&d=mm&r=g\",\"contentUrl\":\"https:\\\/\\\/secure.gravatar.com\\\/avatar\\\/b7214de193b24d0bd708ac5516aa13d0f20c6560795bfbee06857d5c8ac2f0b2?s=96&d=mm&r=g\",\"caption\":\"El diario de Tucuman\"},\"url\":\"https:\\\/\\\/www.eldiariodetucuman.com\\\/web\\\/author\\\/mgiobellina\\\/\"}]}<\/script>\n<!-- \/ Yoast SEO plugin. -->","yoast_head_json":{"title":"Una estudiante muri\u00f3 durante su viaje de egresados en Bariloche - El Diario de Tucuman","robots":{"index":"index","follow":"follow","max-snippet":"max-snippet:-1","max-image-preview":"max-image-preview:large","max-video-preview":"max-video-preview:-1"},"canonical":"https:\/\/www.eldiariodetucuman.com\/web\/una-estudiante-murio-durante-su-viaje-de-egresados-en-bariloche\/","og_locale":"es_ES","og_type":"article","og_title":"Una estudiante muri\u00f3 durante su viaje de egresados en Bariloche - El Diario de Tucuman","og_description":"Una adolescente del sur de la provincia de Buenos Aires muri\u00f3 ayer en el hotel de Bariloche en donde pasaba su viaje de egresados por motivos que a\u00fan se desconocen, minutos despu\u00e9s de sufrir una descompensaci\u00f3n y mientras era atendida por m\u00e9dicos del servicio de emergencias de la empresa que los traslad\u00f3 a la ciudad, [&hellip;]","og_url":"https:\/\/www.eldiariodetucuman.com\/web\/una-estudiante-murio-durante-su-viaje-de-egresados-en-bariloche\/","og_site_name":"El Diario de Tucuman","article_published_time":"2015-10-07T15:02:19+00:00","og_image":[{"width":565,"height":318,"url":"https:\/\/www.eldiariodetucuman.com\/web\/wp-content\/uploads\/2015\/10\/1024px-Centro_Civico_y_Puerto_San_Carlos_en_Bariloche.jpg","type":"image\/jpeg"}],"author":"El diario de Tucuman","twitter_card":"summary_large_image","twitter_misc":{"Escrito por":"El diario de Tucuman","Tiempo de lectura":"1 minuto"},"schema":{"@context":"https:\/\/schema.org","@graph":[{"@type":"Article","@id":"https:\/\/www.eldiariodetucuman.com\/web\/una-estudiante-murio-durante-su-viaje-de-egresados-en-bariloche\/#article","isPartOf":{"@id":"https:\/\/www.eldiariodetucuman.com\/web\/una-estudiante-murio-durante-su-viaje-de-egresados-en-bariloche\/"},"author":{"name":"El diario de Tucuman","@id":"https:\/\/www.eldiariodetucuman.com\/web\/#\/schema\/person\/3adbe300ecd6242af93c97dab1dc3ba1"},"headline":"Una estudiante muri\u00f3 durante su viaje de egresados en Bariloche","datePublished":"2015-10-07T15:02:19+00:00","mainEntityOfPage":{"@id":"https:\/\/www.eldiariodetucuman.com\/web\/una-estudiante-murio-durante-su-viaje-de-egresados-en-bariloche\/"},"wordCount":306,"publisher":{"@id":"https:\/\/www.eldiariodetucuman.com\/web\/#organization"},"image":{"@id":"https:\/\/www.eldiariodetucuman.com\/web\/una-estudiante-murio-durante-su-viaje-de-egresados-en-bariloche\/#primaryimage"},"thumbnailUrl":"https:\/\/www.eldiariodetucuman.com\/web\/wp-content\/uploads\/2015\/10\/1024px-Centro_Civico_y_Puerto_San_Carlos_en_Bariloche.jpg","keywords":["El Diario de Tucuman","Tucuman"],"articleSection":["Argentina"],"inLanguage":"es"},{"@type":"WebPage","@id":"https:\/\/www.eldiariodetucuman.com\/web\/una-estudiante-murio-durante-su-viaje-de-egresados-en-bariloche\/","url":"https:\/\/www.eldiariodetucuman.com\/web\/una-estudiante-murio-durante-su-viaje-de-egresados-en-bariloche\/","name":"Una estudiante muri\u00f3 durante su viaje de egresados en Bariloche - El Diario de Tucuman","isPartOf":{"@id":"https:\/\/www.eldiariodetucuman.com\/web\/#website"},"primaryImageOfPage":{"@id":"https:\/\/www.eldiariodetucuman.com\/web\/una-estudiante-murio-durante-su-viaje-de-egresados-en-bariloche\/#primaryimage"},"image":{"@id":"https:\/\/www.eldiariodetucuman.com\/web\/una-estudiante-murio-durante-su-viaje-de-egresados-en-bariloche\/#primaryimage"},"thumbnailUrl":"https:\/\/www.eldiariodetucuman.com\/web\/wp-content\/uploads\/2015\/10\/1024px-Centro_Civico_y_Puerto_San_Carlos_en_Bariloche.jpg","datePublished":"2015-10-07T15:02:19+00:00","breadcrumb":{"@id":"https:\/\/www.eldiariodetucuman.com\/web\/una-estudiante-murio-durante-su-viaje-de-egresados-en-bariloche\/#breadcrumb"},"inLanguage":"es","potentialAction":[{"@type":"ReadAction","target":["https:\/\/www.eldiariodetucuman.com\/web\/una-estudiante-murio-durante-su-viaje-de-egresados-en-bariloche\/"]}]},{"@type":"ImageObject","inLanguage":"es","@id":"https:\/\/www.eldiariodetucuman.com\/web\/una-estudiante-murio-durante-su-viaje-de-egresados-en-bariloche\/#primaryimage","url":"https:\/\/www.eldiariodetucuman.com\/web\/wp-content\/uploads\/2015\/10\/1024px-Centro_Civico_y_Puerto_San_Carlos_en_Bariloche.jpg","contentUrl":"https:\/\/www.eldiariodetucuman.com\/web\/wp-content\/uploads\/2015\/10\/1024px-Centro_Civico_y_Puerto_San_Carlos_en_Bariloche.jpg","width":565,"height":318},{"@type":"BreadcrumbList","@id":"https:\/\/www.eldiariodetucuman.com\/web\/una-estudiante-murio-durante-su-viaje-de-egresados-en-bariloche\/#breadcrumb","itemListElement":[{"@type":"ListItem","position":1,"name":"Portada","item":"https:\/\/www.eldiariodetucuman.com\/web\/"},{"@type":"ListItem","position":2,"name":"Una estudiante muri\u00f3 durante su viaje de egresados en Bariloche"}]},{"@type":"WebSite","@id":"https:\/\/www.eldiariodetucuman.com\/web\/#website","url":"https:\/\/www.eldiariodetucuman.com\/web\/","name":"El Diario de Tucuman","description":"Diario Tucuman - Informaci\u00f3n y noticias","publisher":{"@id":"https:\/\/www.eldiariodetucuman.com\/web\/#organization"},"potentialAction":[{"@type":"SearchAction","target":{"@type":"EntryPoint","urlTemplate":"https:\/\/www.eldiariodetucuman.com\/web\/?s={search_term_string}"},"query-input":{"@type":"PropertyValueSpecification","valueRequired":true,"valueName":"search_term_string"}}],"inLanguage":"es"},{"@type":"Organization","@id":"https:\/\/www.eldiariodetucuman.com\/web\/#organization","name":"El Diario de Tucuman","url":"https:\/\/www.eldiariodetucuman.com\/web\/","logo":{"@type":"ImageObject","inLanguage":"es","@id":"https:\/\/www.eldiariodetucuman.com\/web\/#\/schema\/logo\/image\/","url":"http:\/\/www.eldiariodetucuman.com\/web\/wp-content\/uploads\/2017\/12\/el-diario-de-tucuman.jpg","contentUrl":"http:\/\/www.eldiariodetucuman.com\/web\/wp-content\/uploads\/2017\/12\/el-diario-de-tucuman.jpg","width":272,"height":92,"caption":"El Diario de Tucuman"},"image":{"@id":"https:\/\/www.eldiariodetucuman.com\/web\/#\/schema\/logo\/image\/"}},{"@type":"Person","@id":"https:\/\/www.eldiariodetucuman.com\/web\/#\/schema\/person\/3adbe300ecd6242af93c97dab1dc3ba1","name":"El diario de Tucuman","image":{"@type":"ImageObject","inLanguage":"es","@id":"https:\/\/secure.gravatar.com\/avatar\/b7214de193b24d0bd708ac5516aa13d0f20c6560795bfbee06857d5c8ac2f0b2?s=96&d=mm&r=g","url":"https:\/\/secure.gravatar.com\/avatar\/b7214de193b24d0bd708ac5516aa13d0f20c6560795bfbee06857d5c8ac2f0b2?s=96&d=mm&r=g","contentUrl":"https:\/\/secure.gravatar.com\/avatar\/b7214de193b24d0bd708ac5516aa13d0f20c6560795bfbee06857d5c8ac2f0b2?s=96&d=mm&r=g","caption":"El diario de Tucuman"},"url":"https:\/\/www.eldiariodetucuman.com\/web\/author\/mgiobellina\/"}]}},"_links":{"self":[{"href":"https:\/\/www.eldiariodetucuman.com\/web\/wp-json\/wp\/v2\/posts\/666","targetHints":{"allow":["GET"]}}],"collection":[{"href":"https:\/\/www.eldiariodetucuman.com\/web\/wp-json\/wp\/v2\/posts"}],"about":[{"href":"https:\/\/www.eldiariodetucuman.com\/web\/wp-json\/wp\/v2\/types\/post"}],"author":[{"embeddable":true,"href":"https:\/\/www.eldiariodetucuman.com\/web\/wp-json\/wp\/v2\/users\/3"}],"replies":[{"embeddable":true,"href":"https:\/\/www.eldiariodetucuman.com\/web\/wp-json\/wp\/v2\/comments?post=666"}],"version-history":[{"count":1,"href":"https:\/\/www.eldiariodetucuman.com\/web\/wp-json\/wp\/v2\/posts\/666\/revisions"}],"predecessor-version":[{"id":668,"href":"https:\/\/www.eldiariodetucuman.com\/web\/wp-json\/wp\/v2\/posts\/666\/revisions\/668"}],"wp:featuredmedia":[{"embeddable":true,"href":"https:\/\/www.eldiariodetucuman.com\/web\/wp-json\/wp\/v2\/media\/667"}],"wp:attachment":[{"href":"https:\/\/www.eldiariodetucuman.com\/web\/wp-json\/wp\/v2\/media?parent=666"}],"wp:term":[{"taxonomy":"category","embeddable":true,"href":"https:\/\/www.eldiariodetucuman.com\/web\/wp-json\/wp\/v2\/categories?post=666"},{"taxonomy":"post_tag","embeddable":true,"href":"https:\/\/www.eldiariodetucuman.com\/web\/wp-json\/wp\/v2\/tags?post=666"}],"curies":[{"name":"wp","href":"https:\/\/api.w.org\/{rel}","templated":true}]}}