{"id":6610,"date":"2018-03-12T11:42:06","date_gmt":"2018-03-12T14:42:06","guid":{"rendered":"http:\/\/www.eldiariodetucuman.com\/web\/pablo-y-hugo-moyano-amplian-la-denuncia-contra-carrio\/"},"modified":"2018-03-12T11:42:08","modified_gmt":"2018-03-12T14:42:08","slug":"pablo-y-hugo-moyano-amplian-la-denuncia-contra-carrio","status":"publish","type":"post","link":"https:\/\/www.eldiariodetucuman.com\/web\/pablo-y-hugo-moyano-amplian-la-denuncia-contra-carrio\/","title":{"rendered":"Pablo y Hugo Moyano ampl\u00edan la denuncia contra Carri\u00f3"},"content":{"rendered":"<div>\n<div readability=\"53.827466534457\">\n<p>La fuerte disputa que mantienen Pablo y Hugo Moyano con la diputada Elisa Carri\u00f3 escalar\u00e1 un nuevo pelda\u00f1o esta ma\u00f1ana, cuando <strong>ratifiquen y ampl\u00eden la denuncia<\/strong> que le realizaron en su contra por \u201cincitaci\u00f3n a la violencia colectiva, instigaci\u00f3n a cometer delitos y apolog\u00eda del crimen\u201d.\u00a0<\/p>\n<p>La <a href=\"https:\/\/www.elintransigente.com\/politica\/2018\/2\/27\/contraataque-los-moyano-denunciaron-carrio-480328.html\">denuncia ser\u00e1 ampliada<\/a> luego de los dichos que pronunci\u00f3<a href=\"https:\/\/www.elintransigente.com\/politica\/2018\/3\/11\/carrio-estoy-feliz-de-poder-recordar-esa-gesta-que-logro-el-campo-481839.html\"> Carri\u00f3 en San Pedro<\/a> este fin de semana, cuando asegur\u00f3: \u201cKirchner (N\u00e9stor) nos quer\u00eda meter en la ruta para confrontar con el <strong>criminal m\u00e1s criminal de la Argentina<\/strong>, que era el jefe del sindicato de los camioneros, Hugo Moyano\u201d.<\/p>\n<p>Adem\u00e1s, el abogado de los querellantes, Daniel Llermanos, ampliar\u00e1 la denuncia y sumar\u00e1 los nuevos dichos a los que hab\u00eda tenido en la sede de la Embajada Argentina en Uruguay, donde se\u00f1al\u00f3 que se trata de \u201c<strong>una familia de criminales<\/strong>\u201d.\u00a0<\/p>\n<p>\u201cEs un criminal, es una familia de criminales. No toda su familia, pero al menos \u00e9l y Pablo seguro. Cuando digo criminales digo criminales, no s\u00f3lo de robo de dinero. <strong>Hay muchas muertes que no se explican<\/strong>, muchas muertes tapadas\u201d, sentenci\u00f3 Carri\u00f3 el mes pasado, dejando entrever que except\u00faa del supuesto clan a Facundo Moyano, diputado nacional del Frente Renovador.\u00a0<\/p>\n<p>Asimismo, el representante legal de los gremialistas se dirigir\u00e1 hoy a las 10 al Juzgado Federal de Claudio Bonad\u00edo para ratificar la denuncia que ya hab\u00edan formulado y <strong>planean sumar<\/strong> tambi\u00e9n la poco feliz <strong>comparaci\u00f3n <\/strong>que hizo Carri\u00f3 <strong>de Moyano con Jimmy Hoffa<\/strong>, el sindicalista estadounidense que desapareci\u00f3 luego de enfrentarse al gobierno del pa\u00eds del norte.\u00a0<\/p>\n<p>\u201cVa a terminar bien. En Estados Unidos tambi\u00e9n un sindicalista pr\u00e1cticamente quiso tomar el pa\u00eds (hace referencia a Jimmy Hoffa, l\u00edder del sindicato de los camioneros acusado de tener v\u00ednculos con la mafia). Moyano es una persona parecida. <strong>Argentina no puede seguir en manos de mafias<\/strong>, esta es la batalla que hay que dar, y la tiene que dar el Presidente\u201d, hab\u00eda indicado la l\u00edder de la Coalici\u00f3n C\u00edvica.\u00a0<br \/>\n\u00a0<br \/>\n\u00a0<\/p>\n<\/div>\n<\/div>\n<p>Fuente: https:\/\/www.elintransigente.com\/politica\/2018\/3\/12\/pablo-hugo-moyano-amplian-la-denuncia-contra-carrio-481891.html<\/p>\n","protected":false},"excerpt":{"rendered":"<p>La fuerte disputa que mantienen Pablo y Hugo Moyano con la diputada Elisa Carri\u00f3 escalar\u00e1 un nuevo pelda\u00f1o esta ma\u00f1ana, cuando ratifiquen y ampl\u00eden la denuncia que le realizaron en su contra por \u201cincitaci\u00f3n a la violencia colectiva, instigaci\u00f3n a cometer delitos y apolog\u00eda del crimen\u201d.\u00a0 La denuncia ser\u00e1 ampliada luego de los dichos que [&hellip;]<\/p>\n","protected":false},"author":1,"featured_media":6611,"comment_status":"open","ping_status":"closed","sticky":false,"template":"","format":"standard","meta":{"footnotes":""},"categories":[1],"tags":[],"class_list":{"0":"post-6610","1":"post","2":"type-post","3":"status-publish","4":"format-standard","5":"has-post-thumbnail","7":"category-portada"},"yoast_head":"<!-- This site is optimized with the Yoast SEO plugin v27.4 - https:\/\/yoast.com\/product\/yoast-seo-wordpress\/ -->\n<title>Pablo y Hugo Moyano ampl\u00edan la denuncia contra Carri\u00f3 - El Diario de Tucuman<\/title>\n<meta name=\"robots\" content=\"index, follow, max-snippet:-1, max-image-preview:large, max-video-preview:-1\" \/>\n<link rel=\"canonical\" href=\"https:\/\/www.eldiariodetucuman.com\/web\/pablo-y-hugo-moyano-amplian-la-denuncia-contra-carrio\/\" \/>\n<meta property=\"og:locale\" content=\"es_ES\" \/>\n<meta property=\"og:type\" content=\"article\" \/>\n<meta property=\"og:title\" content=\"Pablo y Hugo Moyano ampl\u00edan la denuncia contra Carri\u00f3 - El Diario de Tucuman\" \/>\n<meta property=\"og:description\" content=\"La fuerte disputa que mantienen Pablo y Hugo Moyano con la diputada Elisa Carri\u00f3 escalar\u00e1 un nuevo pelda\u00f1o esta ma\u00f1ana, cuando ratifiquen y ampl\u00eden la denuncia que le realizaron en su contra por \u201cincitaci\u00f3n a la violencia colectiva, instigaci\u00f3n a cometer delitos y apolog\u00eda del crimen\u201d.\u00a0 La denuncia ser\u00e1 ampliada luego de los dichos que [&hellip;]\" \/>\n<meta property=\"og:url\" content=\"https:\/\/www.eldiariodetucuman.com\/web\/pablo-y-hugo-moyano-amplian-la-denuncia-contra-carrio\/\" \/>\n<meta property=\"og:site_name\" content=\"El Diario de Tucuman\" \/>\n<meta property=\"article:published_time\" content=\"2018-03-12T14:42:06+00:00\" \/>\n<meta property=\"article:modified_time\" content=\"2018-03-12T14:42:08+00:00\" \/>\n<meta property=\"og:image\" content=\"https:\/\/www.eldiariodetucuman.com\/web\/wp-content\/uploads\/2018\/03\/a6b30a020e869ce7e5ef5d15ba1afcc7.jpeg\" \/>\n\t<meta property=\"og:image:width\" content=\"960\" \/>\n\t<meta property=\"og:image:height\" content=\"960\" \/>\n\t<meta property=\"og:image:type\" content=\"image\/jpeg\" \/>\n<meta name=\"author\" content=\"admin\" \/>\n<meta name=\"twitter:card\" content=\"summary_large_image\" \/>\n<meta name=\"twitter:label1\" content=\"Escrito por\" \/>\n\t<meta name=\"twitter:data1\" content=\"admin\" \/>\n\t<meta name=\"twitter:label2\" content=\"Tiempo de lectura\" \/>\n\t<meta name=\"twitter:data2\" content=\"2 minutos\" \/>\n<script type=\"application\/ld+json\" class=\"yoast-schema-graph\">{\"@context\":\"https:\\\/\\\/schema.org\",\"@graph\":[{\"@type\":\"Article\",\"@id\":\"https:\\\/\\\/www.eldiariodetucuman.com\\\/web\\\/pablo-y-hugo-moyano-amplian-la-denuncia-contra-carrio\\\/#article\",\"isPartOf\":{\"@id\":\"https:\\\/\\\/www.eldiariodetucuman.com\\\/web\\\/pablo-y-hugo-moyano-amplian-la-denuncia-contra-carrio\\\/\"},\"author\":{\"name\":\"admin\",\"@id\":\"https:\\\/\\\/www.eldiariodetucuman.com\\\/web\\\/#\\\/schema\\\/person\\\/9250197d75ab5483412e19678b121caa\"},\"headline\":\"Pablo y Hugo Moyano ampl\u00edan la denuncia contra Carri\u00f3\",\"datePublished\":\"2018-03-12T14:42:06+00:00\",\"dateModified\":\"2018-03-12T14:42:08+00:00\",\"mainEntityOfPage\":{\"@id\":\"https:\\\/\\\/www.eldiariodetucuman.com\\\/web\\\/pablo-y-hugo-moyano-amplian-la-denuncia-contra-carrio\\\/\"},\"wordCount\":366,\"commentCount\":0,\"publisher\":{\"@id\":\"https:\\\/\\\/www.eldiariodetucuman.com\\\/web\\\/#organization\"},\"image\":{\"@id\":\"https:\\\/\\\/www.eldiariodetucuman.com\\\/web\\\/pablo-y-hugo-moyano-amplian-la-denuncia-contra-carrio\\\/#primaryimage\"},\"thumbnailUrl\":\"https:\\\/\\\/www.eldiariodetucuman.com\\\/web\\\/wp-content\\\/uploads\\\/2018\\\/03\\\/a6b30a020e869ce7e5ef5d15ba1afcc7.jpeg\",\"articleSection\":[\"Portada\"],\"inLanguage\":\"es\",\"potentialAction\":[{\"@type\":\"CommentAction\",\"name\":\"Comment\",\"target\":[\"https:\\\/\\\/www.eldiariodetucuman.com\\\/web\\\/pablo-y-hugo-moyano-amplian-la-denuncia-contra-carrio\\\/#respond\"]}]},{\"@type\":\"WebPage\",\"@id\":\"https:\\\/\\\/www.eldiariodetucuman.com\\\/web\\\/pablo-y-hugo-moyano-amplian-la-denuncia-contra-carrio\\\/\",\"url\":\"https:\\\/\\\/www.eldiariodetucuman.com\\\/web\\\/pablo-y-hugo-moyano-amplian-la-denuncia-contra-carrio\\\/\",\"name\":\"Pablo y Hugo Moyano ampl\u00edan la denuncia contra Carri\u00f3 - El Diario de Tucuman\",\"isPartOf\":{\"@id\":\"https:\\\/\\\/www.eldiariodetucuman.com\\\/web\\\/#website\"},\"primaryImageOfPage\":{\"@id\":\"https:\\\/\\\/www.eldiariodetucuman.com\\\/web\\\/pablo-y-hugo-moyano-amplian-la-denuncia-contra-carrio\\\/#primaryimage\"},\"image\":{\"@id\":\"https:\\\/\\\/www.eldiariodetucuman.com\\\/web\\\/pablo-y-hugo-moyano-amplian-la-denuncia-contra-carrio\\\/#primaryimage\"},\"thumbnailUrl\":\"https:\\\/\\\/www.eldiariodetucuman.com\\\/web\\\/wp-content\\\/uploads\\\/2018\\\/03\\\/a6b30a020e869ce7e5ef5d15ba1afcc7.jpeg\",\"datePublished\":\"2018-03-12T14:42:06+00:00\",\"dateModified\":\"2018-03-12T14:42:08+00:00\",\"breadcrumb\":{\"@id\":\"https:\\\/\\\/www.eldiariodetucuman.com\\\/web\\\/pablo-y-hugo-moyano-amplian-la-denuncia-contra-carrio\\\/#breadcrumb\"},\"inLanguage\":\"es\",\"potentialAction\":[{\"@type\":\"ReadAction\",\"target\":[\"https:\\\/\\\/www.eldiariodetucuman.com\\\/web\\\/pablo-y-hugo-moyano-amplian-la-denuncia-contra-carrio\\\/\"]}]},{\"@type\":\"ImageObject\",\"inLanguage\":\"es\",\"@id\":\"https:\\\/\\\/www.eldiariodetucuman.com\\\/web\\\/pablo-y-hugo-moyano-amplian-la-denuncia-contra-carrio\\\/#primaryimage\",\"url\":\"https:\\\/\\\/www.eldiariodetucuman.com\\\/web\\\/wp-content\\\/uploads\\\/2018\\\/03\\\/a6b30a020e869ce7e5ef5d15ba1afcc7.jpeg\",\"contentUrl\":\"https:\\\/\\\/www.eldiariodetucuman.com\\\/web\\\/wp-content\\\/uploads\\\/2018\\\/03\\\/a6b30a020e869ce7e5ef5d15ba1afcc7.jpeg\",\"width\":960,\"height\":960},{\"@type\":\"BreadcrumbList\",\"@id\":\"https:\\\/\\\/www.eldiariodetucuman.com\\\/web\\\/pablo-y-hugo-moyano-amplian-la-denuncia-contra-carrio\\\/#breadcrumb\",\"itemListElement\":[{\"@type\":\"ListItem\",\"position\":1,\"name\":\"Portada\",\"item\":\"https:\\\/\\\/www.eldiariodetucuman.com\\\/web\\\/\"},{\"@type\":\"ListItem\",\"position\":2,\"name\":\"Pablo y Hugo Moyano ampl\u00edan la denuncia contra Carri\u00f3\"}]},{\"@type\":\"WebSite\",\"@id\":\"https:\\\/\\\/www.eldiariodetucuman.com\\\/web\\\/#website\",\"url\":\"https:\\\/\\\/www.eldiariodetucuman.com\\\/web\\\/\",\"name\":\"El Diario de Tucuman\",\"description\":\"Diario Tucuman - Informaci\u00f3n y noticias\",\"publisher\":{\"@id\":\"https:\\\/\\\/www.eldiariodetucuman.com\\\/web\\\/#organization\"},\"potentialAction\":[{\"@type\":\"SearchAction\",\"target\":{\"@type\":\"EntryPoint\",\"urlTemplate\":\"https:\\\/\\\/www.eldiariodetucuman.com\\\/web\\\/?s={search_term_string}\"},\"query-input\":{\"@type\":\"PropertyValueSpecification\",\"valueRequired\":true,\"valueName\":\"search_term_string\"}}],\"inLanguage\":\"es\"},{\"@type\":\"Organization\",\"@id\":\"https:\\\/\\\/www.eldiariodetucuman.com\\\/web\\\/#organization\",\"name\":\"El Diario de Tucuman\",\"url\":\"https:\\\/\\\/www.eldiariodetucuman.com\\\/web\\\/\",\"logo\":{\"@type\":\"ImageObject\",\"inLanguage\":\"es\",\"@id\":\"https:\\\/\\\/www.eldiariodetucuman.com\\\/web\\\/#\\\/schema\\\/logo\\\/image\\\/\",\"url\":\"http:\\\/\\\/www.eldiariodetucuman.com\\\/web\\\/wp-content\\\/uploads\\\/2017\\\/12\\\/el-diario-de-tucuman.jpg\",\"contentUrl\":\"http:\\\/\\\/www.eldiariodetucuman.com\\\/web\\\/wp-content\\\/uploads\\\/2017\\\/12\\\/el-diario-de-tucuman.jpg\",\"width\":272,\"height\":92,\"caption\":\"El Diario de Tucuman\"},\"image\":{\"@id\":\"https:\\\/\\\/www.eldiariodetucuman.com\\\/web\\\/#\\\/schema\\\/logo\\\/image\\\/\"}},{\"@type\":\"Person\",\"@id\":\"https:\\\/\\\/www.eldiariodetucuman.com\\\/web\\\/#\\\/schema\\\/person\\\/9250197d75ab5483412e19678b121caa\",\"name\":\"admin\",\"image\":{\"@type\":\"ImageObject\",\"inLanguage\":\"es\",\"@id\":\"https:\\\/\\\/secure.gravatar.com\\\/avatar\\\/c44d117c2be811212c22cb481f6b8384b6873de103fbc49e7a03cc58d7dea4ac?s=96&d=mm&r=g\",\"url\":\"https:\\\/\\\/secure.gravatar.com\\\/avatar\\\/c44d117c2be811212c22cb481f6b8384b6873de103fbc49e7a03cc58d7dea4ac?s=96&d=mm&r=g\",\"contentUrl\":\"https:\\\/\\\/secure.gravatar.com\\\/avatar\\\/c44d117c2be811212c22cb481f6b8384b6873de103fbc49e7a03cc58d7dea4ac?s=96&d=mm&r=g\",\"caption\":\"admin\"},\"url\":\"https:\\\/\\\/www.eldiariodetucuman.com\\\/web\\\/author\\\/admin\\\/\"}]}<\/script>\n<!-- \/ Yoast SEO plugin. -->","yoast_head_json":{"title":"Pablo y Hugo Moyano ampl\u00edan la denuncia contra Carri\u00f3 - El Diario de Tucuman","robots":{"index":"index","follow":"follow","max-snippet":"max-snippet:-1","max-image-preview":"max-image-preview:large","max-video-preview":"max-video-preview:-1"},"canonical":"https:\/\/www.eldiariodetucuman.com\/web\/pablo-y-hugo-moyano-amplian-la-denuncia-contra-carrio\/","og_locale":"es_ES","og_type":"article","og_title":"Pablo y Hugo Moyano ampl\u00edan la denuncia contra Carri\u00f3 - El Diario de Tucuman","og_description":"La fuerte disputa que mantienen Pablo y Hugo Moyano con la diputada Elisa Carri\u00f3 escalar\u00e1 un nuevo pelda\u00f1o esta ma\u00f1ana, cuando ratifiquen y ampl\u00eden la denuncia que le realizaron en su contra por \u201cincitaci\u00f3n a la violencia colectiva, instigaci\u00f3n a cometer delitos y apolog\u00eda del crimen\u201d.\u00a0 La denuncia ser\u00e1 ampliada luego de los dichos que [&hellip;]","og_url":"https:\/\/www.eldiariodetucuman.com\/web\/pablo-y-hugo-moyano-amplian-la-denuncia-contra-carrio\/","og_site_name":"El Diario de Tucuman","article_published_time":"2018-03-12T14:42:06+00:00","article_modified_time":"2018-03-12T14:42:08+00:00","og_image":[{"width":960,"height":960,"url":"https:\/\/www.eldiariodetucuman.com\/web\/wp-content\/uploads\/2018\/03\/a6b30a020e869ce7e5ef5d15ba1afcc7.jpeg","type":"image\/jpeg"}],"author":"admin","twitter_card":"summary_large_image","twitter_misc":{"Escrito por":"admin","Tiempo de lectura":"2 minutos"},"schema":{"@context":"https:\/\/schema.org","@graph":[{"@type":"Article","@id":"https:\/\/www.eldiariodetucuman.com\/web\/pablo-y-hugo-moyano-amplian-la-denuncia-contra-carrio\/#article","isPartOf":{"@id":"https:\/\/www.eldiariodetucuman.com\/web\/pablo-y-hugo-moyano-amplian-la-denuncia-contra-carrio\/"},"author":{"name":"admin","@id":"https:\/\/www.eldiariodetucuman.com\/web\/#\/schema\/person\/9250197d75ab5483412e19678b121caa"},"headline":"Pablo y Hugo Moyano ampl\u00edan la denuncia contra Carri\u00f3","datePublished":"2018-03-12T14:42:06+00:00","dateModified":"2018-03-12T14:42:08+00:00","mainEntityOfPage":{"@id":"https:\/\/www.eldiariodetucuman.com\/web\/pablo-y-hugo-moyano-amplian-la-denuncia-contra-carrio\/"},"wordCount":366,"commentCount":0,"publisher":{"@id":"https:\/\/www.eldiariodetucuman.com\/web\/#organization"},"image":{"@id":"https:\/\/www.eldiariodetucuman.com\/web\/pablo-y-hugo-moyano-amplian-la-denuncia-contra-carrio\/#primaryimage"},"thumbnailUrl":"https:\/\/www.eldiariodetucuman.com\/web\/wp-content\/uploads\/2018\/03\/a6b30a020e869ce7e5ef5d15ba1afcc7.jpeg","articleSection":["Portada"],"inLanguage":"es","potentialAction":[{"@type":"CommentAction","name":"Comment","target":["https:\/\/www.eldiariodetucuman.com\/web\/pablo-y-hugo-moyano-amplian-la-denuncia-contra-carrio\/#respond"]}]},{"@type":"WebPage","@id":"https:\/\/www.eldiariodetucuman.com\/web\/pablo-y-hugo-moyano-amplian-la-denuncia-contra-carrio\/","url":"https:\/\/www.eldiariodetucuman.com\/web\/pablo-y-hugo-moyano-amplian-la-denuncia-contra-carrio\/","name":"Pablo y Hugo Moyano ampl\u00edan la denuncia contra Carri\u00f3 - El Diario de Tucuman","isPartOf":{"@id":"https:\/\/www.eldiariodetucuman.com\/web\/#website"},"primaryImageOfPage":{"@id":"https:\/\/www.eldiariodetucuman.com\/web\/pablo-y-hugo-moyano-amplian-la-denuncia-contra-carrio\/#primaryimage"},"image":{"@id":"https:\/\/www.eldiariodetucuman.com\/web\/pablo-y-hugo-moyano-amplian-la-denuncia-contra-carrio\/#primaryimage"},"thumbnailUrl":"https:\/\/www.eldiariodetucuman.com\/web\/wp-content\/uploads\/2018\/03\/a6b30a020e869ce7e5ef5d15ba1afcc7.jpeg","datePublished":"2018-03-12T14:42:06+00:00","dateModified":"2018-03-12T14:42:08+00:00","breadcrumb":{"@id":"https:\/\/www.eldiariodetucuman.com\/web\/pablo-y-hugo-moyano-amplian-la-denuncia-contra-carrio\/#breadcrumb"},"inLanguage":"es","potentialAction":[{"@type":"ReadAction","target":["https:\/\/www.eldiariodetucuman.com\/web\/pablo-y-hugo-moyano-amplian-la-denuncia-contra-carrio\/"]}]},{"@type":"ImageObject","inLanguage":"es","@id":"https:\/\/www.eldiariodetucuman.com\/web\/pablo-y-hugo-moyano-amplian-la-denuncia-contra-carrio\/#primaryimage","url":"https:\/\/www.eldiariodetucuman.com\/web\/wp-content\/uploads\/2018\/03\/a6b30a020e869ce7e5ef5d15ba1afcc7.jpeg","contentUrl":"https:\/\/www.eldiariodetucuman.com\/web\/wp-content\/uploads\/2018\/03\/a6b30a020e869ce7e5ef5d15ba1afcc7.jpeg","width":960,"height":960},{"@type":"BreadcrumbList","@id":"https:\/\/www.eldiariodetucuman.com\/web\/pablo-y-hugo-moyano-amplian-la-denuncia-contra-carrio\/#breadcrumb","itemListElement":[{"@type":"ListItem","position":1,"name":"Portada","item":"https:\/\/www.eldiariodetucuman.com\/web\/"},{"@type":"ListItem","position":2,"name":"Pablo y Hugo Moyano ampl\u00edan la denuncia contra Carri\u00f3"}]},{"@type":"WebSite","@id":"https:\/\/www.eldiariodetucuman.com\/web\/#website","url":"https:\/\/www.eldiariodetucuman.com\/web\/","name":"El Diario de Tucuman","description":"Diario Tucuman - Informaci\u00f3n y noticias","publisher":{"@id":"https:\/\/www.eldiariodetucuman.com\/web\/#organization"},"potentialAction":[{"@type":"SearchAction","target":{"@type":"EntryPoint","urlTemplate":"https:\/\/www.eldiariodetucuman.com\/web\/?s={search_term_string}"},"query-input":{"@type":"PropertyValueSpecification","valueRequired":true,"valueName":"search_term_string"}}],"inLanguage":"es"},{"@type":"Organization","@id":"https:\/\/www.eldiariodetucuman.com\/web\/#organization","name":"El Diario de Tucuman","url":"https:\/\/www.eldiariodetucuman.com\/web\/","logo":{"@type":"ImageObject","inLanguage":"es","@id":"https:\/\/www.eldiariodetucuman.com\/web\/#\/schema\/logo\/image\/","url":"http:\/\/www.eldiariodetucuman.com\/web\/wp-content\/uploads\/2017\/12\/el-diario-de-tucuman.jpg","contentUrl":"http:\/\/www.eldiariodetucuman.com\/web\/wp-content\/uploads\/2017\/12\/el-diario-de-tucuman.jpg","width":272,"height":92,"caption":"El Diario de Tucuman"},"image":{"@id":"https:\/\/www.eldiariodetucuman.com\/web\/#\/schema\/logo\/image\/"}},{"@type":"Person","@id":"https:\/\/www.eldiariodetucuman.com\/web\/#\/schema\/person\/9250197d75ab5483412e19678b121caa","name":"admin","image":{"@type":"ImageObject","inLanguage":"es","@id":"https:\/\/secure.gravatar.com\/avatar\/c44d117c2be811212c22cb481f6b8384b6873de103fbc49e7a03cc58d7dea4ac?s=96&d=mm&r=g","url":"https:\/\/secure.gravatar.com\/avatar\/c44d117c2be811212c22cb481f6b8384b6873de103fbc49e7a03cc58d7dea4ac?s=96&d=mm&r=g","contentUrl":"https:\/\/secure.gravatar.com\/avatar\/c44d117c2be811212c22cb481f6b8384b6873de103fbc49e7a03cc58d7dea4ac?s=96&d=mm&r=g","caption":"admin"},"url":"https:\/\/www.eldiariodetucuman.com\/web\/author\/admin\/"}]}},"_links":{"self":[{"href":"https:\/\/www.eldiariodetucuman.com\/web\/wp-json\/wp\/v2\/posts\/6610","targetHints":{"allow":["GET"]}}],"collection":[{"href":"https:\/\/www.eldiariodetucuman.com\/web\/wp-json\/wp\/v2\/posts"}],"about":[{"href":"https:\/\/www.eldiariodetucuman.com\/web\/wp-json\/wp\/v2\/types\/post"}],"author":[{"embeddable":true,"href":"https:\/\/www.eldiariodetucuman.com\/web\/wp-json\/wp\/v2\/users\/1"}],"replies":[{"embeddable":true,"href":"https:\/\/www.eldiariodetucuman.com\/web\/wp-json\/wp\/v2\/comments?post=6610"}],"version-history":[{"count":1,"href":"https:\/\/www.eldiariodetucuman.com\/web\/wp-json\/wp\/v2\/posts\/6610\/revisions"}],"predecessor-version":[{"id":6612,"href":"https:\/\/www.eldiariodetucuman.com\/web\/wp-json\/wp\/v2\/posts\/6610\/revisions\/6612"}],"wp:featuredmedia":[{"embeddable":true,"href":"https:\/\/www.eldiariodetucuman.com\/web\/wp-json\/wp\/v2\/media\/6611"}],"wp:attachment":[{"href":"https:\/\/www.eldiariodetucuman.com\/web\/wp-json\/wp\/v2\/media?parent=6610"}],"wp:term":[{"taxonomy":"category","embeddable":true,"href":"https:\/\/www.eldiariodetucuman.com\/web\/wp-json\/wp\/v2\/categories?post=6610"},{"taxonomy":"post_tag","embeddable":true,"href":"https:\/\/www.eldiariodetucuman.com\/web\/wp-json\/wp\/v2\/tags?post=6610"}],"curies":[{"name":"wp","href":"https:\/\/api.w.org\/{rel}","templated":true}]}}