{"id":6607,"date":"2018-03-12T11:41:58","date_gmt":"2018-03-12T14:41:58","guid":{"rendered":"http:\/\/www.eldiariodetucuman.com\/web\/garavano-nego-la-existencia-de-una-doctrina-chocobar\/"},"modified":"2018-03-12T11:42:00","modified_gmt":"2018-03-12T14:42:00","slug":"garavano-nego-la-existencia-de-una-doctrina-chocobar","status":"publish","type":"post","link":"https:\/\/www.eldiariodetucuman.com\/web\/garavano-nego-la-existencia-de-una-doctrina-chocobar\/","title":{"rendered":"Garavano neg\u00f3 la existencia de una \u201cdoctrina Chocobar\u201d"},"content":{"rendered":"<div>\n<div readability=\"63.095972579263\">\n<p>El abultado n\u00famero de v\u00edctimas que se registraron en las \u00faltimas semanas, producto de una notoria soltura policial se denomin\u00f3 medi\u00e1ticamente \u201c<a href=\"https:\/\/www.elintransigente.com\/noticias\/buscar\/?buscar=chocobar\">doctrina Chocobar<\/a>\u201d, en relaci\u00f3n al caso del polic\u00eda que le dispar\u00f3 a un ladr\u00f3n por la espalda y que fue abalado por el gobierno de <a href=\"https:\/\/www.elintransigente.com\/noticias\/buscar\/?buscar=Mauricio+Macri\">Mauricio Macri<\/a>.\u00a0<\/p>\n<p>El pico m\u00e1ximo de alerta ante este nuevo y empoderado comportamiento policial se dio la semana pasada, cuando<a href=\"https:\/\/www.elintransigente.com\/sociedad\/2018\/3\/10\/mi-nieto-no-manejaba-un-revolver-como-inventa-la-policia-481791.html\"> la polic\u00eda mat\u00f3 de un disparo en la nuca a un nene<\/a> que qued\u00f3 en medio de una persecuci\u00f3n en Tucum\u00e1n.\u00a0<\/p>\n<p>Ante esta alarmante situaci\u00f3n, el ministro de Justicia de la Naci\u00f3n, <a href=\"https:\/\/www.elintransigente.com\/noticias\/buscar\/?buscar=Germ%C3%A1n+Garavano\">Germ\u00e1n Garavano<\/a>, desminti\u00f3 hoy que exista una tendencia policial hacia el gatillo f\u00e1cil y volvi\u00f3 a defender el rol de las fuerzas.\u00a0<\/p>\n<p>\u201c<strong>No creo que haya una doctrina Chocobar<\/strong>, se trata de equilibrar. La v\u00edctima fue siempre el gran olvidado del proceso penal. Hoy<strong> la v\u00edctima tiene que recuperar el protagonismo<\/strong> porque, en definitiva, todos somos v\u00edctimas. Que no haya abolicionismo, ni mano dura, y que se trabaje para asistir a las v\u00edctimas\u201d, se\u00f1al\u00f3 en di\u00e1logo con FM La Patriada.\u00a0<\/p>\n<p>Y sobre esta pol\u00e9mica, agreg\u00f3: \u201cA veces las v\u00edctimas son v\u00edctimas de hechos de fuerzas de seguridad y tambi\u00e9n hay que acompa\u00f1ar esas situaciones. <strong>Es un equilibrio en el que tambi\u00e9n se reconoce el trabajo de las fuerzas<\/strong>, cuando no hay un exceso y un abuso est\u00e1n para protegernos\u201d.\u00a0<\/p>\n<p>Adem\u00e1s, desminti\u00f3 que el ministerio que encabeza y la Corte Suprema hayan solicitado listados con 1.111 detenidos que re\u00fanen los requisitos para ser beneficiados con libertad condicional, y que incluir\u00eda a <a href=\"https:\/\/www.elintransigente.com\/politica\/2018\/3\/6\/el-gobierno-quiere-mandar-la-casa-96-represores-481127.html\">96 represores, homicidas y violadores<\/a>.\u00a0<\/p>\n<p>\u201cEs falso que hayamos entregado una lista para otorgar beneficios y liberar genocidas y asesinos\u201d, asegur\u00f3 categ\u00f3rico, durante una entrevista radial concedida esta ma\u00f1ana.\u00a0<\/p>\n<p>En tanto, celebr\u00f3 el <strong>traslado de la c\u00e1rcel de Devoto<\/strong>, que se anunciar\u00e1 en las pr\u00f3ximas horas, y que fue festejado por los vecinos del barrio, que ped\u00edan la mudanza hac\u00eda m\u00e1s de 30 a\u00f1os.\u00a0<\/p>\n<p>\u00abEs un hecho hist\u00f3rico. El gobierno de la Ciudad se compromete a construir una c\u00e1rcel en Marcos Paz en unos dos a\u00f1os. De esta manera se le estar\u00e1 devolviendo el predio a la comunidad y tambi\u00e9n se mejorar\u00e1 la situaci\u00f3n de los detenidos, <strong>la c\u00e1rcel de Devoto es la peor de las c\u00e1rceles federales<\/strong>\u201d, concluy\u00f3 Garavano.<br \/>\n\u00a0<\/p>\n<\/div>\n<\/div>\n<p>Fuente: https:\/\/www.elintransigente.com\/politica\/2018\/3\/12\/garavano-nego-la-existencia-de-una-doctrina-chocobar-481904.html<\/p>\n","protected":false},"excerpt":{"rendered":"<p>El abultado n\u00famero de v\u00edctimas que se registraron en las \u00faltimas semanas, producto de una notoria soltura policial se denomin\u00f3 medi\u00e1ticamente \u201cdoctrina Chocobar\u201d, en relaci\u00f3n al caso del polic\u00eda que le dispar\u00f3 a un ladr\u00f3n por la espalda y que fue abalado por el gobierno de Mauricio Macri.\u00a0 El pico m\u00e1ximo de alerta ante este [&hellip;]<\/p>\n","protected":false},"author":1,"featured_media":6608,"comment_status":"open","ping_status":"closed","sticky":false,"template":"","format":"standard","meta":{"footnotes":""},"categories":[1],"tags":[],"class_list":{"0":"post-6607","1":"post","2":"type-post","3":"status-publish","4":"format-standard","5":"has-post-thumbnail","7":"category-portada"},"yoast_head":"<!-- This site is optimized with the Yoast SEO plugin v27.4 - https:\/\/yoast.com\/product\/yoast-seo-wordpress\/ -->\n<title>Garavano neg\u00f3 la existencia de una \u201cdoctrina Chocobar\u201d - El Diario de Tucuman<\/title>\n<meta name=\"robots\" content=\"index, follow, max-snippet:-1, max-image-preview:large, max-video-preview:-1\" \/>\n<link rel=\"canonical\" href=\"https:\/\/www.eldiariodetucuman.com\/web\/garavano-nego-la-existencia-de-una-doctrina-chocobar\/\" \/>\n<meta property=\"og:locale\" content=\"es_ES\" \/>\n<meta property=\"og:type\" content=\"article\" \/>\n<meta property=\"og:title\" content=\"Garavano neg\u00f3 la existencia de una \u201cdoctrina Chocobar\u201d - El Diario de Tucuman\" \/>\n<meta property=\"og:description\" content=\"El abultado n\u00famero de v\u00edctimas que se registraron en las \u00faltimas semanas, producto de una notoria soltura policial se denomin\u00f3 medi\u00e1ticamente \u201cdoctrina Chocobar\u201d, en relaci\u00f3n al caso del polic\u00eda que le dispar\u00f3 a un ladr\u00f3n por la espalda y que fue abalado por el gobierno de Mauricio Macri.\u00a0 El pico m\u00e1ximo de alerta ante este [&hellip;]\" \/>\n<meta property=\"og:url\" content=\"https:\/\/www.eldiariodetucuman.com\/web\/garavano-nego-la-existencia-de-una-doctrina-chocobar\/\" \/>\n<meta property=\"og:site_name\" content=\"El Diario de Tucuman\" \/>\n<meta property=\"article:published_time\" content=\"2018-03-12T14:41:58+00:00\" \/>\n<meta property=\"article:modified_time\" content=\"2018-03-12T14:42:00+00:00\" \/>\n<meta property=\"og:image\" content=\"https:\/\/www.eldiariodetucuman.com\/web\/wp-content\/uploads\/2018\/03\/2f2410bab43ffb5a9f308e6dfe4da565.jpeg\" \/>\n\t<meta property=\"og:image:width\" content=\"960\" \/>\n\t<meta property=\"og:image:height\" content=\"540\" \/>\n\t<meta property=\"og:image:type\" content=\"image\/jpeg\" \/>\n<meta name=\"author\" content=\"admin\" \/>\n<meta name=\"twitter:card\" content=\"summary_large_image\" \/>\n<meta name=\"twitter:label1\" content=\"Escrito por\" \/>\n\t<meta name=\"twitter:data1\" content=\"admin\" \/>\n\t<meta name=\"twitter:label2\" content=\"Tiempo de lectura\" \/>\n\t<meta name=\"twitter:data2\" content=\"2 minutos\" \/>\n<script type=\"application\/ld+json\" class=\"yoast-schema-graph\">{\"@context\":\"https:\\\/\\\/schema.org\",\"@graph\":[{\"@type\":\"Article\",\"@id\":\"https:\\\/\\\/www.eldiariodetucuman.com\\\/web\\\/garavano-nego-la-existencia-de-una-doctrina-chocobar\\\/#article\",\"isPartOf\":{\"@id\":\"https:\\\/\\\/www.eldiariodetucuman.com\\\/web\\\/garavano-nego-la-existencia-de-una-doctrina-chocobar\\\/\"},\"author\":{\"name\":\"admin\",\"@id\":\"https:\\\/\\\/www.eldiariodetucuman.com\\\/web\\\/#\\\/schema\\\/person\\\/9250197d75ab5483412e19678b121caa\"},\"headline\":\"Garavano neg\u00f3 la existencia de una \u201cdoctrina Chocobar\u201d\",\"datePublished\":\"2018-03-12T14:41:58+00:00\",\"dateModified\":\"2018-03-12T14:42:00+00:00\",\"mainEntityOfPage\":{\"@id\":\"https:\\\/\\\/www.eldiariodetucuman.com\\\/web\\\/garavano-nego-la-existencia-de-una-doctrina-chocobar\\\/\"},\"wordCount\":436,\"commentCount\":0,\"publisher\":{\"@id\":\"https:\\\/\\\/www.eldiariodetucuman.com\\\/web\\\/#organization\"},\"image\":{\"@id\":\"https:\\\/\\\/www.eldiariodetucuman.com\\\/web\\\/garavano-nego-la-existencia-de-una-doctrina-chocobar\\\/#primaryimage\"},\"thumbnailUrl\":\"https:\\\/\\\/www.eldiariodetucuman.com\\\/web\\\/wp-content\\\/uploads\\\/2018\\\/03\\\/2f2410bab43ffb5a9f308e6dfe4da565.jpeg\",\"articleSection\":[\"Portada\"],\"inLanguage\":\"es\",\"potentialAction\":[{\"@type\":\"CommentAction\",\"name\":\"Comment\",\"target\":[\"https:\\\/\\\/www.eldiariodetucuman.com\\\/web\\\/garavano-nego-la-existencia-de-una-doctrina-chocobar\\\/#respond\"]}]},{\"@type\":\"WebPage\",\"@id\":\"https:\\\/\\\/www.eldiariodetucuman.com\\\/web\\\/garavano-nego-la-existencia-de-una-doctrina-chocobar\\\/\",\"url\":\"https:\\\/\\\/www.eldiariodetucuman.com\\\/web\\\/garavano-nego-la-existencia-de-una-doctrina-chocobar\\\/\",\"name\":\"Garavano neg\u00f3 la existencia de una \u201cdoctrina Chocobar\u201d - El Diario de Tucuman\",\"isPartOf\":{\"@id\":\"https:\\\/\\\/www.eldiariodetucuman.com\\\/web\\\/#website\"},\"primaryImageOfPage\":{\"@id\":\"https:\\\/\\\/www.eldiariodetucuman.com\\\/web\\\/garavano-nego-la-existencia-de-una-doctrina-chocobar\\\/#primaryimage\"},\"image\":{\"@id\":\"https:\\\/\\\/www.eldiariodetucuman.com\\\/web\\\/garavano-nego-la-existencia-de-una-doctrina-chocobar\\\/#primaryimage\"},\"thumbnailUrl\":\"https:\\\/\\\/www.eldiariodetucuman.com\\\/web\\\/wp-content\\\/uploads\\\/2018\\\/03\\\/2f2410bab43ffb5a9f308e6dfe4da565.jpeg\",\"datePublished\":\"2018-03-12T14:41:58+00:00\",\"dateModified\":\"2018-03-12T14:42:00+00:00\",\"breadcrumb\":{\"@id\":\"https:\\\/\\\/www.eldiariodetucuman.com\\\/web\\\/garavano-nego-la-existencia-de-una-doctrina-chocobar\\\/#breadcrumb\"},\"inLanguage\":\"es\",\"potentialAction\":[{\"@type\":\"ReadAction\",\"target\":[\"https:\\\/\\\/www.eldiariodetucuman.com\\\/web\\\/garavano-nego-la-existencia-de-una-doctrina-chocobar\\\/\"]}]},{\"@type\":\"ImageObject\",\"inLanguage\":\"es\",\"@id\":\"https:\\\/\\\/www.eldiariodetucuman.com\\\/web\\\/garavano-nego-la-existencia-de-una-doctrina-chocobar\\\/#primaryimage\",\"url\":\"https:\\\/\\\/www.eldiariodetucuman.com\\\/web\\\/wp-content\\\/uploads\\\/2018\\\/03\\\/2f2410bab43ffb5a9f308e6dfe4da565.jpeg\",\"contentUrl\":\"https:\\\/\\\/www.eldiariodetucuman.com\\\/web\\\/wp-content\\\/uploads\\\/2018\\\/03\\\/2f2410bab43ffb5a9f308e6dfe4da565.jpeg\",\"width\":960,\"height\":540},{\"@type\":\"BreadcrumbList\",\"@id\":\"https:\\\/\\\/www.eldiariodetucuman.com\\\/web\\\/garavano-nego-la-existencia-de-una-doctrina-chocobar\\\/#breadcrumb\",\"itemListElement\":[{\"@type\":\"ListItem\",\"position\":1,\"name\":\"Portada\",\"item\":\"https:\\\/\\\/www.eldiariodetucuman.com\\\/web\\\/\"},{\"@type\":\"ListItem\",\"position\":2,\"name\":\"Garavano neg\u00f3 la existencia de una \u201cdoctrina Chocobar\u201d\"}]},{\"@type\":\"WebSite\",\"@id\":\"https:\\\/\\\/www.eldiariodetucuman.com\\\/web\\\/#website\",\"url\":\"https:\\\/\\\/www.eldiariodetucuman.com\\\/web\\\/\",\"name\":\"El Diario de Tucuman\",\"description\":\"Diario Tucuman - Informaci\u00f3n y noticias\",\"publisher\":{\"@id\":\"https:\\\/\\\/www.eldiariodetucuman.com\\\/web\\\/#organization\"},\"potentialAction\":[{\"@type\":\"SearchAction\",\"target\":{\"@type\":\"EntryPoint\",\"urlTemplate\":\"https:\\\/\\\/www.eldiariodetucuman.com\\\/web\\\/?s={search_term_string}\"},\"query-input\":{\"@type\":\"PropertyValueSpecification\",\"valueRequired\":true,\"valueName\":\"search_term_string\"}}],\"inLanguage\":\"es\"},{\"@type\":\"Organization\",\"@id\":\"https:\\\/\\\/www.eldiariodetucuman.com\\\/web\\\/#organization\",\"name\":\"El Diario de Tucuman\",\"url\":\"https:\\\/\\\/www.eldiariodetucuman.com\\\/web\\\/\",\"logo\":{\"@type\":\"ImageObject\",\"inLanguage\":\"es\",\"@id\":\"https:\\\/\\\/www.eldiariodetucuman.com\\\/web\\\/#\\\/schema\\\/logo\\\/image\\\/\",\"url\":\"http:\\\/\\\/www.eldiariodetucuman.com\\\/web\\\/wp-content\\\/uploads\\\/2017\\\/12\\\/el-diario-de-tucuman.jpg\",\"contentUrl\":\"http:\\\/\\\/www.eldiariodetucuman.com\\\/web\\\/wp-content\\\/uploads\\\/2017\\\/12\\\/el-diario-de-tucuman.jpg\",\"width\":272,\"height\":92,\"caption\":\"El Diario de Tucuman\"},\"image\":{\"@id\":\"https:\\\/\\\/www.eldiariodetucuman.com\\\/web\\\/#\\\/schema\\\/logo\\\/image\\\/\"}},{\"@type\":\"Person\",\"@id\":\"https:\\\/\\\/www.eldiariodetucuman.com\\\/web\\\/#\\\/schema\\\/person\\\/9250197d75ab5483412e19678b121caa\",\"name\":\"admin\",\"image\":{\"@type\":\"ImageObject\",\"inLanguage\":\"es\",\"@id\":\"https:\\\/\\\/secure.gravatar.com\\\/avatar\\\/c44d117c2be811212c22cb481f6b8384b6873de103fbc49e7a03cc58d7dea4ac?s=96&d=mm&r=g\",\"url\":\"https:\\\/\\\/secure.gravatar.com\\\/avatar\\\/c44d117c2be811212c22cb481f6b8384b6873de103fbc49e7a03cc58d7dea4ac?s=96&d=mm&r=g\",\"contentUrl\":\"https:\\\/\\\/secure.gravatar.com\\\/avatar\\\/c44d117c2be811212c22cb481f6b8384b6873de103fbc49e7a03cc58d7dea4ac?s=96&d=mm&r=g\",\"caption\":\"admin\"},\"url\":\"https:\\\/\\\/www.eldiariodetucuman.com\\\/web\\\/author\\\/admin\\\/\"}]}<\/script>\n<!-- \/ Yoast SEO plugin. -->","yoast_head_json":{"title":"Garavano neg\u00f3 la existencia de una \u201cdoctrina Chocobar\u201d - El Diario de Tucuman","robots":{"index":"index","follow":"follow","max-snippet":"max-snippet:-1","max-image-preview":"max-image-preview:large","max-video-preview":"max-video-preview:-1"},"canonical":"https:\/\/www.eldiariodetucuman.com\/web\/garavano-nego-la-existencia-de-una-doctrina-chocobar\/","og_locale":"es_ES","og_type":"article","og_title":"Garavano neg\u00f3 la existencia de una \u201cdoctrina Chocobar\u201d - El Diario de Tucuman","og_description":"El abultado n\u00famero de v\u00edctimas que se registraron en las \u00faltimas semanas, producto de una notoria soltura policial se denomin\u00f3 medi\u00e1ticamente \u201cdoctrina Chocobar\u201d, en relaci\u00f3n al caso del polic\u00eda que le dispar\u00f3 a un ladr\u00f3n por la espalda y que fue abalado por el gobierno de Mauricio Macri.\u00a0 El pico m\u00e1ximo de alerta ante este [&hellip;]","og_url":"https:\/\/www.eldiariodetucuman.com\/web\/garavano-nego-la-existencia-de-una-doctrina-chocobar\/","og_site_name":"El Diario de Tucuman","article_published_time":"2018-03-12T14:41:58+00:00","article_modified_time":"2018-03-12T14:42:00+00:00","og_image":[{"width":960,"height":540,"url":"https:\/\/www.eldiariodetucuman.com\/web\/wp-content\/uploads\/2018\/03\/2f2410bab43ffb5a9f308e6dfe4da565.jpeg","type":"image\/jpeg"}],"author":"admin","twitter_card":"summary_large_image","twitter_misc":{"Escrito por":"admin","Tiempo de lectura":"2 minutos"},"schema":{"@context":"https:\/\/schema.org","@graph":[{"@type":"Article","@id":"https:\/\/www.eldiariodetucuman.com\/web\/garavano-nego-la-existencia-de-una-doctrina-chocobar\/#article","isPartOf":{"@id":"https:\/\/www.eldiariodetucuman.com\/web\/garavano-nego-la-existencia-de-una-doctrina-chocobar\/"},"author":{"name":"admin","@id":"https:\/\/www.eldiariodetucuman.com\/web\/#\/schema\/person\/9250197d75ab5483412e19678b121caa"},"headline":"Garavano neg\u00f3 la existencia de una \u201cdoctrina Chocobar\u201d","datePublished":"2018-03-12T14:41:58+00:00","dateModified":"2018-03-12T14:42:00+00:00","mainEntityOfPage":{"@id":"https:\/\/www.eldiariodetucuman.com\/web\/garavano-nego-la-existencia-de-una-doctrina-chocobar\/"},"wordCount":436,"commentCount":0,"publisher":{"@id":"https:\/\/www.eldiariodetucuman.com\/web\/#organization"},"image":{"@id":"https:\/\/www.eldiariodetucuman.com\/web\/garavano-nego-la-existencia-de-una-doctrina-chocobar\/#primaryimage"},"thumbnailUrl":"https:\/\/www.eldiariodetucuman.com\/web\/wp-content\/uploads\/2018\/03\/2f2410bab43ffb5a9f308e6dfe4da565.jpeg","articleSection":["Portada"],"inLanguage":"es","potentialAction":[{"@type":"CommentAction","name":"Comment","target":["https:\/\/www.eldiariodetucuman.com\/web\/garavano-nego-la-existencia-de-una-doctrina-chocobar\/#respond"]}]},{"@type":"WebPage","@id":"https:\/\/www.eldiariodetucuman.com\/web\/garavano-nego-la-existencia-de-una-doctrina-chocobar\/","url":"https:\/\/www.eldiariodetucuman.com\/web\/garavano-nego-la-existencia-de-una-doctrina-chocobar\/","name":"Garavano neg\u00f3 la existencia de una \u201cdoctrina Chocobar\u201d - El Diario de Tucuman","isPartOf":{"@id":"https:\/\/www.eldiariodetucuman.com\/web\/#website"},"primaryImageOfPage":{"@id":"https:\/\/www.eldiariodetucuman.com\/web\/garavano-nego-la-existencia-de-una-doctrina-chocobar\/#primaryimage"},"image":{"@id":"https:\/\/www.eldiariodetucuman.com\/web\/garavano-nego-la-existencia-de-una-doctrina-chocobar\/#primaryimage"},"thumbnailUrl":"https:\/\/www.eldiariodetucuman.com\/web\/wp-content\/uploads\/2018\/03\/2f2410bab43ffb5a9f308e6dfe4da565.jpeg","datePublished":"2018-03-12T14:41:58+00:00","dateModified":"2018-03-12T14:42:00+00:00","breadcrumb":{"@id":"https:\/\/www.eldiariodetucuman.com\/web\/garavano-nego-la-existencia-de-una-doctrina-chocobar\/#breadcrumb"},"inLanguage":"es","potentialAction":[{"@type":"ReadAction","target":["https:\/\/www.eldiariodetucuman.com\/web\/garavano-nego-la-existencia-de-una-doctrina-chocobar\/"]}]},{"@type":"ImageObject","inLanguage":"es","@id":"https:\/\/www.eldiariodetucuman.com\/web\/garavano-nego-la-existencia-de-una-doctrina-chocobar\/#primaryimage","url":"https:\/\/www.eldiariodetucuman.com\/web\/wp-content\/uploads\/2018\/03\/2f2410bab43ffb5a9f308e6dfe4da565.jpeg","contentUrl":"https:\/\/www.eldiariodetucuman.com\/web\/wp-content\/uploads\/2018\/03\/2f2410bab43ffb5a9f308e6dfe4da565.jpeg","width":960,"height":540},{"@type":"BreadcrumbList","@id":"https:\/\/www.eldiariodetucuman.com\/web\/garavano-nego-la-existencia-de-una-doctrina-chocobar\/#breadcrumb","itemListElement":[{"@type":"ListItem","position":1,"name":"Portada","item":"https:\/\/www.eldiariodetucuman.com\/web\/"},{"@type":"ListItem","position":2,"name":"Garavano neg\u00f3 la existencia de una \u201cdoctrina Chocobar\u201d"}]},{"@type":"WebSite","@id":"https:\/\/www.eldiariodetucuman.com\/web\/#website","url":"https:\/\/www.eldiariodetucuman.com\/web\/","name":"El Diario de Tucuman","description":"Diario Tucuman - Informaci\u00f3n y noticias","publisher":{"@id":"https:\/\/www.eldiariodetucuman.com\/web\/#organization"},"potentialAction":[{"@type":"SearchAction","target":{"@type":"EntryPoint","urlTemplate":"https:\/\/www.eldiariodetucuman.com\/web\/?s={search_term_string}"},"query-input":{"@type":"PropertyValueSpecification","valueRequired":true,"valueName":"search_term_string"}}],"inLanguage":"es"},{"@type":"Organization","@id":"https:\/\/www.eldiariodetucuman.com\/web\/#organization","name":"El Diario de Tucuman","url":"https:\/\/www.eldiariodetucuman.com\/web\/","logo":{"@type":"ImageObject","inLanguage":"es","@id":"https:\/\/www.eldiariodetucuman.com\/web\/#\/schema\/logo\/image\/","url":"http:\/\/www.eldiariodetucuman.com\/web\/wp-content\/uploads\/2017\/12\/el-diario-de-tucuman.jpg","contentUrl":"http:\/\/www.eldiariodetucuman.com\/web\/wp-content\/uploads\/2017\/12\/el-diario-de-tucuman.jpg","width":272,"height":92,"caption":"El Diario de Tucuman"},"image":{"@id":"https:\/\/www.eldiariodetucuman.com\/web\/#\/schema\/logo\/image\/"}},{"@type":"Person","@id":"https:\/\/www.eldiariodetucuman.com\/web\/#\/schema\/person\/9250197d75ab5483412e19678b121caa","name":"admin","image":{"@type":"ImageObject","inLanguage":"es","@id":"https:\/\/secure.gravatar.com\/avatar\/c44d117c2be811212c22cb481f6b8384b6873de103fbc49e7a03cc58d7dea4ac?s=96&d=mm&r=g","url":"https:\/\/secure.gravatar.com\/avatar\/c44d117c2be811212c22cb481f6b8384b6873de103fbc49e7a03cc58d7dea4ac?s=96&d=mm&r=g","contentUrl":"https:\/\/secure.gravatar.com\/avatar\/c44d117c2be811212c22cb481f6b8384b6873de103fbc49e7a03cc58d7dea4ac?s=96&d=mm&r=g","caption":"admin"},"url":"https:\/\/www.eldiariodetucuman.com\/web\/author\/admin\/"}]}},"_links":{"self":[{"href":"https:\/\/www.eldiariodetucuman.com\/web\/wp-json\/wp\/v2\/posts\/6607","targetHints":{"allow":["GET"]}}],"collection":[{"href":"https:\/\/www.eldiariodetucuman.com\/web\/wp-json\/wp\/v2\/posts"}],"about":[{"href":"https:\/\/www.eldiariodetucuman.com\/web\/wp-json\/wp\/v2\/types\/post"}],"author":[{"embeddable":true,"href":"https:\/\/www.eldiariodetucuman.com\/web\/wp-json\/wp\/v2\/users\/1"}],"replies":[{"embeddable":true,"href":"https:\/\/www.eldiariodetucuman.com\/web\/wp-json\/wp\/v2\/comments?post=6607"}],"version-history":[{"count":1,"href":"https:\/\/www.eldiariodetucuman.com\/web\/wp-json\/wp\/v2\/posts\/6607\/revisions"}],"predecessor-version":[{"id":6609,"href":"https:\/\/www.eldiariodetucuman.com\/web\/wp-json\/wp\/v2\/posts\/6607\/revisions\/6609"}],"wp:featuredmedia":[{"embeddable":true,"href":"https:\/\/www.eldiariodetucuman.com\/web\/wp-json\/wp\/v2\/media\/6608"}],"wp:attachment":[{"href":"https:\/\/www.eldiariodetucuman.com\/web\/wp-json\/wp\/v2\/media?parent=6607"}],"wp:term":[{"taxonomy":"category","embeddable":true,"href":"https:\/\/www.eldiariodetucuman.com\/web\/wp-json\/wp\/v2\/categories?post=6607"},{"taxonomy":"post_tag","embeddable":true,"href":"https:\/\/www.eldiariodetucuman.com\/web\/wp-json\/wp\/v2\/tags?post=6607"}],"curies":[{"name":"wp","href":"https:\/\/api.w.org\/{rel}","templated":true}]}}