{"id":6605,"date":"2018-03-12T11:50:49","date_gmt":"2018-03-12T14:50:49","guid":{"rendered":"http:\/\/www.eldiariodetucuman.com\/web\/?p=6605"},"modified":"2018-03-12T11:50:49","modified_gmt":"2018-03-12T14:50:49","slug":"6605-2","status":"publish","type":"post","link":"https:\/\/www.eldiariodetucuman.com\/web\/6605-2\/","title":{"rendered":"Diez pel\u00edculas, documentales y series sobre educaci\u00f3n que puede ver en Netflix"},"content":{"rendered":"<p>Estar frente al televisor y tener claro qu\u00e9 ver es elemental, y m\u00e1s a\u00fan si es educativo. Un listado para ocupar el tiempo con buen contenido.<\/p>\n<p><!--more--><\/p>\n<p>\u00bfTarda m\u00e1s tiempo en decidirse por una pel\u00edcula en Netflix que en verla? Para facilitarle esta tarea, hay una lista con algunas pel\u00edculas sobre educaci\u00f3n que puede ver a trav\u00e9s de esta plataforma.<\/p>\n<p><strong>Todo cambia<\/strong><br \/>\nElinor Milchan dirigi\u00f3 en el a\u00f1o 2000 este documental de 51 minutos de duraci\u00f3n. En \u00e9l aparecen antiguos profesores y alumnos del Instituto Superior de Arte -que fund\u00f3 Fidel Castro para formar a los futuros artistas de la isla de Cuba- hablando de sus experiencias.<\/p>\n<p><strong>The Bad Kids<\/strong><br \/>\nEstrenada en 2016, esta cinta traslada al espectador hasta una remota escuela de secundaria del desierto de Mojave (Estados Unidos) para contarnos c\u00f3mo son las clases que all\u00ed imparten sus educadores. El enfoque empleado -diferente y poco convencional- quiere ayudar a los alumnos que all\u00ed estudian para que puedan cambiar sus vidas. Opinan que la empat\u00eda o las habilidades para la vida es lo que dar\u00e1 a estos alumnos en situaci\u00f3n de riesgo el control de su propio futuro. The Bad Kids muestra a la educaci\u00f3n como un instrumento para combatir los efectos paralizadores de la pobreza en las vidas de estos llamados \u201cchicos malos\u201d.<\/p>\n<p><strong>The beginning of life<\/strong><br \/>\nNetflix ha estrenado en su plataforma la primera temporada de esta serie de televisi\u00f3n de seis cap\u00edtulos centrada en el desarrollo infantil. Para ello, muestra las diferentes etapas del aprendizaje de los beb\u00e9s, la importancia de la interacci\u00f3n que se establece entre el adulto y el ni\u00f1o, y el reto de convertirse en padres. Adem\u00e1s, recurre a algunos de los avances en el campo de la neurociencia y la tecnolog\u00eda para analizar c\u00f3mo el entorno afecta a m\u00e1s peque\u00f1o. Tambi\u00e9n se han incluido entrevistas de expertos.<\/p>\n<p><strong>Rita<\/strong><br \/>\nIndependiente, siempre dice lo que piensa y querida entre sus estudiantes. As\u00ed es Rita, la profesora que protagoniza esta comedia dram\u00e1tica danesa. El contrapunto lo ponen los adultos que la rodean: la percepci\u00f3n que tienen de ella no es la misma que la de sus alumnos.<\/p>\n<p><strong>El indomable Will Hunting<\/strong><br \/>\nRebelde y con una gran capacidad intelectual. As\u00ed es Will Hunting, un joven de Boston con una capacidad innata para las matem\u00e1ticas; el destino ha querido que en su camino se cruce con el profesor y terapeuta Sean McGuire que le ayudar\u00e1 a reconducir esta asombrosa habilidad y a superar los problemas emocionales que ha ido arrastrando a lo largo de su vida. Se estren\u00f3 en 1997 y en ella participan Robin Williams, Matt Damon, Ben Affleck, Mini Driver.<\/p>\n<p><strong>Una mente maravillosa<\/strong><br \/>\nLa vida del matem\u00e1tico y ganador del Premio Nobel de Econom\u00eda John Forbes Nash fue llevada a la gran pantalla en esta pel\u00edcula, protagonizada por Russell Crowe; una historia de superaci\u00f3n con dosis de mucho sufrimiento, pero tambi\u00e9n de amor. El personaje principal, Nash, debe enfrentarse a la enfermedad de la esquizofrenia.<\/p>\n<p><strong>Hasta los huesos<\/strong><br \/>\nLa anorexia es uno de los grandes problemas de la sociedad actual, y esta pel\u00edcula dirigida por Marti Noxon y estrenada en 2017, narra la vida actual de Ellen, una veintea\u00f1era que padece esta enfermedad. En sus casi dos horas de duraci\u00f3n se habla sobre su tratamiento a trav\u00e9s de una terapia \u2018peculiar\u2019, pero tambi\u00e9n de las amistades y el autodescubrimiento tan imprescindible en su etapa de post-adolescencia.<\/p>\n<p><strong>Coach Carter<\/strong><br \/>\n\u00bfEstudios o deporte? Una pregunta que m\u00e1s de un joven y sus familias se habr\u00e1n hecho, pues a muchos les llega el momento de tomar una decisi\u00f3n. Coach Carter est\u00e1 protagonizada por Samuel L. Jackson, quien interpreta a Ken Carter, un entrenador de baloncesto para el que los estudios y el conocimiento est\u00e1n por encima de cualquier actividad y ejercicio deportivo.<\/p>\n<p><strong>Matilda<\/strong><br \/>\nUn cl\u00e1sico de 1996 intepretado por Mara Wilson y dirigido por Danny DeVito, en el que una ni\u00f1a descubre los poderes ocultos que tiene y con los que puede hacer casi \u2018magia\u2019 a su alrededor. La peque\u00f1a utilizar\u00e1 estos poderes para contrarrestar la crueldad de las personas a su alrededor, como su familia o la directora de su propio colegio.<\/p>\n<p><strong>Merl\u00ed<\/strong><br \/>\nEsta serie de televisi\u00f3n se estren\u00f3 en el a\u00f1o 2015 y ya va por su tercera temporada. Toma el nombre de su protagonista, Merl\u00ed, un profesor inconformista de filosof\u00eda que no hace caso de las reglas que hay establecidas, una situaci\u00f3n que no gusta ni a padres, compa\u00f1eros de profesi\u00f3n y el director de la escuela donde imparte clase. Sin embargo, sus alumnos est\u00e1n encantados con \u00e9l y le vean como fuente de inspiraci\u00f3n. Resulta llamativo que el nombre de cada uno de los cap\u00edtulos de esta serie est\u00e1 relacionado con alguna cuesti\u00f3n filos\u00f3fica o fil\u00f3sofo importante.<\/p>\n<p><strong>Fuente:<\/strong>\u00a0<a href=\"https:\/\/compartirpalabramaestra.org\/blog\/10-peliculas-documentales-y-series-sobre-educacion-que-puede-ver-en-netflix\">https:\/\/compartirpalabramaestra.org\/blog\/10-peliculas-documentales-y-series-sobre-educacion-que-puede-ver-en-netflix<\/a><\/p>\n","protected":false},"excerpt":{"rendered":"<p>Estar frente al televisor y tener claro qu\u00e9 ver es elemental, y m\u00e1s a\u00fan si es educativo. Un listado para ocupar el tiempo con buen contenido.<\/p>\n","protected":false},"author":5,"featured_media":6606,"comment_status":"closed","ping_status":"open","sticky":false,"template":"","format":"standard","meta":{"footnotes":""},"categories":[2],"tags":[7,1207,18],"class_list":{"0":"post-6605","1":"post","2":"type-post","3":"status-publish","4":"format-standard","5":"has-post-thumbnail","7":"category-actualidad","8":"tag-el-diario-de-tucuman","9":"tag-netflix","10":"tag-tecnologia"},"yoast_head":"<!-- This site is optimized with the Yoast SEO plugin v27.4 - https:\/\/yoast.com\/product\/yoast-seo-wordpress\/ -->\n<title>Diez pel\u00edculas, documentales y series sobre educaci\u00f3n que puede ver en Netflix<\/title>\n<meta name=\"description\" content=\"Estar frente al televisor y tener claro qu\u00e9 ver es elemental, y m\u00e1s a\u00fan si es educativo. Un listado para ocupar el tiempo con buen contenido.\" \/>\n<meta name=\"robots\" content=\"index, follow, max-snippet:-1, max-image-preview:large, max-video-preview:-1\" \/>\n<link rel=\"canonical\" href=\"https:\/\/www.eldiariodetucuman.com\/web\/6605-2\/\" \/>\n<meta property=\"og:locale\" content=\"es_ES\" \/>\n<meta property=\"og:type\" content=\"article\" \/>\n<meta property=\"og:title\" content=\"Diez pel\u00edculas, documentales y series sobre educaci\u00f3n que puede ver en Netflix\" \/>\n<meta property=\"og:description\" content=\"Estar frente al televisor y tener claro qu\u00e9 ver es elemental, y m\u00e1s a\u00fan si es educativo. Un listado para ocupar el tiempo con buen contenido.\" \/>\n<meta property=\"og:url\" content=\"https:\/\/www.eldiariodetucuman.com\/web\/6605-2\/\" \/>\n<meta property=\"og:site_name\" content=\"El Diario de Tucuman\" \/>\n<meta property=\"article:published_time\" content=\"2018-03-12T14:50:49+00:00\" \/>\n<meta property=\"og:image\" content=\"https:\/\/www.eldiariodetucuman.com\/web\/wp-content\/uploads\/2018\/03\/vernetflix.jpg\" \/>\n\t<meta property=\"og:image:width\" content=\"571\" \/>\n\t<meta property=\"og:image:height\" content=\"323\" \/>\n\t<meta property=\"og:image:type\" content=\"image\/jpeg\" \/>\n<meta name=\"author\" content=\"Redactor Uno\" \/>\n<meta name=\"twitter:card\" content=\"summary_large_image\" \/>\n<meta name=\"twitter:label1\" content=\"Escrito por\" \/>\n\t<meta name=\"twitter:data1\" content=\"Redactor Uno\" \/>\n\t<meta name=\"twitter:label2\" content=\"Tiempo de lectura\" \/>\n\t<meta name=\"twitter:data2\" content=\"4 minutos\" \/>\n<script type=\"application\/ld+json\" class=\"yoast-schema-graph\">{\"@context\":\"https:\\\/\\\/schema.org\",\"@graph\":[{\"@type\":\"Article\",\"@id\":\"https:\\\/\\\/www.eldiariodetucuman.com\\\/web\\\/6605-2\\\/#article\",\"isPartOf\":{\"@id\":\"https:\\\/\\\/www.eldiariodetucuman.com\\\/web\\\/6605-2\\\/\"},\"author\":{\"name\":\"Redactor Uno\",\"@id\":\"https:\\\/\\\/www.eldiariodetucuman.com\\\/web\\\/#\\\/schema\\\/person\\\/7e6644a46e60888f6b868594407e08dd\"},\"headline\":\"Diez pel\u00edculas, documentales y series sobre educaci\u00f3n que puede ver en Netflix\",\"datePublished\":\"2018-03-12T14:50:49+00:00\",\"mainEntityOfPage\":{\"@id\":\"https:\\\/\\\/www.eldiariodetucuman.com\\\/web\\\/6605-2\\\/\"},\"wordCount\":851,\"publisher\":{\"@id\":\"https:\\\/\\\/www.eldiariodetucuman.com\\\/web\\\/#organization\"},\"image\":{\"@id\":\"https:\\\/\\\/www.eldiariodetucuman.com\\\/web\\\/6605-2\\\/#primaryimage\"},\"thumbnailUrl\":\"https:\\\/\\\/www.eldiariodetucuman.com\\\/web\\\/wp-content\\\/uploads\\\/2018\\\/03\\\/vernetflix.jpg\",\"keywords\":[\"El Diario de Tucuman\",\"netflix\",\"Tecnologia\"],\"articleSection\":[\"Actualidad\"],\"inLanguage\":\"es\"},{\"@type\":\"WebPage\",\"@id\":\"https:\\\/\\\/www.eldiariodetucuman.com\\\/web\\\/6605-2\\\/\",\"url\":\"https:\\\/\\\/www.eldiariodetucuman.com\\\/web\\\/6605-2\\\/\",\"name\":\"Diez pel\u00edculas, documentales y series sobre educaci\u00f3n que puede ver en Netflix\",\"isPartOf\":{\"@id\":\"https:\\\/\\\/www.eldiariodetucuman.com\\\/web\\\/#website\"},\"primaryImageOfPage\":{\"@id\":\"https:\\\/\\\/www.eldiariodetucuman.com\\\/web\\\/6605-2\\\/#primaryimage\"},\"image\":{\"@id\":\"https:\\\/\\\/www.eldiariodetucuman.com\\\/web\\\/6605-2\\\/#primaryimage\"},\"thumbnailUrl\":\"https:\\\/\\\/www.eldiariodetucuman.com\\\/web\\\/wp-content\\\/uploads\\\/2018\\\/03\\\/vernetflix.jpg\",\"datePublished\":\"2018-03-12T14:50:49+00:00\",\"description\":\"Estar frente al televisor y tener claro qu\u00e9 ver es elemental, y m\u00e1s a\u00fan si es educativo. Un listado para ocupar el tiempo con buen contenido.\",\"breadcrumb\":{\"@id\":\"https:\\\/\\\/www.eldiariodetucuman.com\\\/web\\\/6605-2\\\/#breadcrumb\"},\"inLanguage\":\"es\",\"potentialAction\":[{\"@type\":\"ReadAction\",\"target\":[\"https:\\\/\\\/www.eldiariodetucuman.com\\\/web\\\/6605-2\\\/\"]}]},{\"@type\":\"ImageObject\",\"inLanguage\":\"es\",\"@id\":\"https:\\\/\\\/www.eldiariodetucuman.com\\\/web\\\/6605-2\\\/#primaryimage\",\"url\":\"https:\\\/\\\/www.eldiariodetucuman.com\\\/web\\\/wp-content\\\/uploads\\\/2018\\\/03\\\/vernetflix.jpg\",\"contentUrl\":\"https:\\\/\\\/www.eldiariodetucuman.com\\\/web\\\/wp-content\\\/uploads\\\/2018\\\/03\\\/vernetflix.jpg\",\"width\":571,\"height\":323},{\"@type\":\"BreadcrumbList\",\"@id\":\"https:\\\/\\\/www.eldiariodetucuman.com\\\/web\\\/6605-2\\\/#breadcrumb\",\"itemListElement\":[{\"@type\":\"ListItem\",\"position\":1,\"name\":\"Portada\",\"item\":\"https:\\\/\\\/www.eldiariodetucuman.com\\\/web\\\/\"},{\"@type\":\"ListItem\",\"position\":2,\"name\":\"Diez pel\u00edculas, documentales y series sobre educaci\u00f3n que puede ver en Netflix\"}]},{\"@type\":\"WebSite\",\"@id\":\"https:\\\/\\\/www.eldiariodetucuman.com\\\/web\\\/#website\",\"url\":\"https:\\\/\\\/www.eldiariodetucuman.com\\\/web\\\/\",\"name\":\"El Diario de Tucuman\",\"description\":\"Diario Tucuman - Informaci\u00f3n y noticias\",\"publisher\":{\"@id\":\"https:\\\/\\\/www.eldiariodetucuman.com\\\/web\\\/#organization\"},\"potentialAction\":[{\"@type\":\"SearchAction\",\"target\":{\"@type\":\"EntryPoint\",\"urlTemplate\":\"https:\\\/\\\/www.eldiariodetucuman.com\\\/web\\\/?s={search_term_string}\"},\"query-input\":{\"@type\":\"PropertyValueSpecification\",\"valueRequired\":true,\"valueName\":\"search_term_string\"}}],\"inLanguage\":\"es\"},{\"@type\":\"Organization\",\"@id\":\"https:\\\/\\\/www.eldiariodetucuman.com\\\/web\\\/#organization\",\"name\":\"El Diario de Tucuman\",\"url\":\"https:\\\/\\\/www.eldiariodetucuman.com\\\/web\\\/\",\"logo\":{\"@type\":\"ImageObject\",\"inLanguage\":\"es\",\"@id\":\"https:\\\/\\\/www.eldiariodetucuman.com\\\/web\\\/#\\\/schema\\\/logo\\\/image\\\/\",\"url\":\"http:\\\/\\\/www.eldiariodetucuman.com\\\/web\\\/wp-content\\\/uploads\\\/2017\\\/12\\\/el-diario-de-tucuman.jpg\",\"contentUrl\":\"http:\\\/\\\/www.eldiariodetucuman.com\\\/web\\\/wp-content\\\/uploads\\\/2017\\\/12\\\/el-diario-de-tucuman.jpg\",\"width\":272,\"height\":92,\"caption\":\"El Diario de Tucuman\"},\"image\":{\"@id\":\"https:\\\/\\\/www.eldiariodetucuman.com\\\/web\\\/#\\\/schema\\\/logo\\\/image\\\/\"}},{\"@type\":\"Person\",\"@id\":\"https:\\\/\\\/www.eldiariodetucuman.com\\\/web\\\/#\\\/schema\\\/person\\\/7e6644a46e60888f6b868594407e08dd\",\"name\":\"Redactor Uno\",\"image\":{\"@type\":\"ImageObject\",\"inLanguage\":\"es\",\"@id\":\"https:\\\/\\\/secure.gravatar.com\\\/avatar\\\/0049b1bdf1bd548385c9ea6b9356431717930913089febd2ba904f0187d7d074?s=96&d=mm&r=g\",\"url\":\"https:\\\/\\\/secure.gravatar.com\\\/avatar\\\/0049b1bdf1bd548385c9ea6b9356431717930913089febd2ba904f0187d7d074?s=96&d=mm&r=g\",\"contentUrl\":\"https:\\\/\\\/secure.gravatar.com\\\/avatar\\\/0049b1bdf1bd548385c9ea6b9356431717930913089febd2ba904f0187d7d074?s=96&d=mm&r=g\",\"caption\":\"Redactor Uno\"},\"url\":\"https:\\\/\\\/www.eldiariodetucuman.com\\\/web\\\/author\\\/mramasco\\\/\"}]}<\/script>\n<!-- \/ Yoast SEO plugin. -->","yoast_head_json":{"title":"Diez pel\u00edculas, documentales y series sobre educaci\u00f3n que puede ver en Netflix","description":"Estar frente al televisor y tener claro qu\u00e9 ver es elemental, y m\u00e1s a\u00fan si es educativo. Un listado para ocupar el tiempo con buen contenido.","robots":{"index":"index","follow":"follow","max-snippet":"max-snippet:-1","max-image-preview":"max-image-preview:large","max-video-preview":"max-video-preview:-1"},"canonical":"https:\/\/www.eldiariodetucuman.com\/web\/6605-2\/","og_locale":"es_ES","og_type":"article","og_title":"Diez pel\u00edculas, documentales y series sobre educaci\u00f3n que puede ver en Netflix","og_description":"Estar frente al televisor y tener claro qu\u00e9 ver es elemental, y m\u00e1s a\u00fan si es educativo. Un listado para ocupar el tiempo con buen contenido.","og_url":"https:\/\/www.eldiariodetucuman.com\/web\/6605-2\/","og_site_name":"El Diario de Tucuman","article_published_time":"2018-03-12T14:50:49+00:00","og_image":[{"width":571,"height":323,"url":"https:\/\/www.eldiariodetucuman.com\/web\/wp-content\/uploads\/2018\/03\/vernetflix.jpg","type":"image\/jpeg"}],"author":"Redactor Uno","twitter_card":"summary_large_image","twitter_misc":{"Escrito por":"Redactor Uno","Tiempo de lectura":"4 minutos"},"schema":{"@context":"https:\/\/schema.org","@graph":[{"@type":"Article","@id":"https:\/\/www.eldiariodetucuman.com\/web\/6605-2\/#article","isPartOf":{"@id":"https:\/\/www.eldiariodetucuman.com\/web\/6605-2\/"},"author":{"name":"Redactor Uno","@id":"https:\/\/www.eldiariodetucuman.com\/web\/#\/schema\/person\/7e6644a46e60888f6b868594407e08dd"},"headline":"Diez pel\u00edculas, documentales y series sobre educaci\u00f3n que puede ver en Netflix","datePublished":"2018-03-12T14:50:49+00:00","mainEntityOfPage":{"@id":"https:\/\/www.eldiariodetucuman.com\/web\/6605-2\/"},"wordCount":851,"publisher":{"@id":"https:\/\/www.eldiariodetucuman.com\/web\/#organization"},"image":{"@id":"https:\/\/www.eldiariodetucuman.com\/web\/6605-2\/#primaryimage"},"thumbnailUrl":"https:\/\/www.eldiariodetucuman.com\/web\/wp-content\/uploads\/2018\/03\/vernetflix.jpg","keywords":["El Diario de Tucuman","netflix","Tecnologia"],"articleSection":["Actualidad"],"inLanguage":"es"},{"@type":"WebPage","@id":"https:\/\/www.eldiariodetucuman.com\/web\/6605-2\/","url":"https:\/\/www.eldiariodetucuman.com\/web\/6605-2\/","name":"Diez pel\u00edculas, documentales y series sobre educaci\u00f3n que puede ver en Netflix","isPartOf":{"@id":"https:\/\/www.eldiariodetucuman.com\/web\/#website"},"primaryImageOfPage":{"@id":"https:\/\/www.eldiariodetucuman.com\/web\/6605-2\/#primaryimage"},"image":{"@id":"https:\/\/www.eldiariodetucuman.com\/web\/6605-2\/#primaryimage"},"thumbnailUrl":"https:\/\/www.eldiariodetucuman.com\/web\/wp-content\/uploads\/2018\/03\/vernetflix.jpg","datePublished":"2018-03-12T14:50:49+00:00","description":"Estar frente al televisor y tener claro qu\u00e9 ver es elemental, y m\u00e1s a\u00fan si es educativo. Un listado para ocupar el tiempo con buen contenido.","breadcrumb":{"@id":"https:\/\/www.eldiariodetucuman.com\/web\/6605-2\/#breadcrumb"},"inLanguage":"es","potentialAction":[{"@type":"ReadAction","target":["https:\/\/www.eldiariodetucuman.com\/web\/6605-2\/"]}]},{"@type":"ImageObject","inLanguage":"es","@id":"https:\/\/www.eldiariodetucuman.com\/web\/6605-2\/#primaryimage","url":"https:\/\/www.eldiariodetucuman.com\/web\/wp-content\/uploads\/2018\/03\/vernetflix.jpg","contentUrl":"https:\/\/www.eldiariodetucuman.com\/web\/wp-content\/uploads\/2018\/03\/vernetflix.jpg","width":571,"height":323},{"@type":"BreadcrumbList","@id":"https:\/\/www.eldiariodetucuman.com\/web\/6605-2\/#breadcrumb","itemListElement":[{"@type":"ListItem","position":1,"name":"Portada","item":"https:\/\/www.eldiariodetucuman.com\/web\/"},{"@type":"ListItem","position":2,"name":"Diez pel\u00edculas, documentales y series sobre educaci\u00f3n que puede ver en Netflix"}]},{"@type":"WebSite","@id":"https:\/\/www.eldiariodetucuman.com\/web\/#website","url":"https:\/\/www.eldiariodetucuman.com\/web\/","name":"El Diario de Tucuman","description":"Diario Tucuman - Informaci\u00f3n y noticias","publisher":{"@id":"https:\/\/www.eldiariodetucuman.com\/web\/#organization"},"potentialAction":[{"@type":"SearchAction","target":{"@type":"EntryPoint","urlTemplate":"https:\/\/www.eldiariodetucuman.com\/web\/?s={search_term_string}"},"query-input":{"@type":"PropertyValueSpecification","valueRequired":true,"valueName":"search_term_string"}}],"inLanguage":"es"},{"@type":"Organization","@id":"https:\/\/www.eldiariodetucuman.com\/web\/#organization","name":"El Diario de Tucuman","url":"https:\/\/www.eldiariodetucuman.com\/web\/","logo":{"@type":"ImageObject","inLanguage":"es","@id":"https:\/\/www.eldiariodetucuman.com\/web\/#\/schema\/logo\/image\/","url":"http:\/\/www.eldiariodetucuman.com\/web\/wp-content\/uploads\/2017\/12\/el-diario-de-tucuman.jpg","contentUrl":"http:\/\/www.eldiariodetucuman.com\/web\/wp-content\/uploads\/2017\/12\/el-diario-de-tucuman.jpg","width":272,"height":92,"caption":"El Diario de Tucuman"},"image":{"@id":"https:\/\/www.eldiariodetucuman.com\/web\/#\/schema\/logo\/image\/"}},{"@type":"Person","@id":"https:\/\/www.eldiariodetucuman.com\/web\/#\/schema\/person\/7e6644a46e60888f6b868594407e08dd","name":"Redactor Uno","image":{"@type":"ImageObject","inLanguage":"es","@id":"https:\/\/secure.gravatar.com\/avatar\/0049b1bdf1bd548385c9ea6b9356431717930913089febd2ba904f0187d7d074?s=96&d=mm&r=g","url":"https:\/\/secure.gravatar.com\/avatar\/0049b1bdf1bd548385c9ea6b9356431717930913089febd2ba904f0187d7d074?s=96&d=mm&r=g","contentUrl":"https:\/\/secure.gravatar.com\/avatar\/0049b1bdf1bd548385c9ea6b9356431717930913089febd2ba904f0187d7d074?s=96&d=mm&r=g","caption":"Redactor Uno"},"url":"https:\/\/www.eldiariodetucuman.com\/web\/author\/mramasco\/"}]}},"_links":{"self":[{"href":"https:\/\/www.eldiariodetucuman.com\/web\/wp-json\/wp\/v2\/posts\/6605","targetHints":{"allow":["GET"]}}],"collection":[{"href":"https:\/\/www.eldiariodetucuman.com\/web\/wp-json\/wp\/v2\/posts"}],"about":[{"href":"https:\/\/www.eldiariodetucuman.com\/web\/wp-json\/wp\/v2\/types\/post"}],"author":[{"embeddable":true,"href":"https:\/\/www.eldiariodetucuman.com\/web\/wp-json\/wp\/v2\/users\/5"}],"replies":[{"embeddable":true,"href":"https:\/\/www.eldiariodetucuman.com\/web\/wp-json\/wp\/v2\/comments?post=6605"}],"version-history":[{"count":1,"href":"https:\/\/www.eldiariodetucuman.com\/web\/wp-json\/wp\/v2\/posts\/6605\/revisions"}],"predecessor-version":[{"id":6616,"href":"https:\/\/www.eldiariodetucuman.com\/web\/wp-json\/wp\/v2\/posts\/6605\/revisions\/6616"}],"wp:featuredmedia":[{"embeddable":true,"href":"https:\/\/www.eldiariodetucuman.com\/web\/wp-json\/wp\/v2\/media\/6606"}],"wp:attachment":[{"href":"https:\/\/www.eldiariodetucuman.com\/web\/wp-json\/wp\/v2\/media?parent=6605"}],"wp:term":[{"taxonomy":"category","embeddable":true,"href":"https:\/\/www.eldiariodetucuman.com\/web\/wp-json\/wp\/v2\/categories?post=6605"},{"taxonomy":"post_tag","embeddable":true,"href":"https:\/\/www.eldiariodetucuman.com\/web\/wp-json\/wp\/v2\/tags?post=6605"}],"curies":[{"name":"wp","href":"https:\/\/api.w.org\/{rel}","templated":true}]}}