{"id":6507,"date":"2018-03-09T12:59:19","date_gmt":"2018-03-09T15:59:19","guid":{"rendered":"http:\/\/www.eldiariodetucuman.com\/web\/la-cantautora-marita-londra-rendira-homenaje-a-la-mujer-esta-noche-en-el-virla\/"},"modified":"2018-03-09T12:59:21","modified_gmt":"2018-03-09T15:59:21","slug":"la-cantautora-marita-londra-rendira-homenaje-a-la-mujer-esta-noche-en-el-virla","status":"publish","type":"post","link":"https:\/\/www.eldiariodetucuman.com\/web\/la-cantautora-marita-londra-rendira-homenaje-a-la-mujer-esta-noche-en-el-virla\/","title":{"rendered":"La cantautora Marita Londra rendir\u00e1 homenaje a la mujer esta noche en el Virla"},"content":{"rendered":"<div>\n<div readability=\"133\">\n<p><b>ACT\u00daA HOY<\/b><\/p>\n<p>\u2022 A las 22 en el auditorio del Centro Cultural Virla (25 de Mayo 265).<\/p>\n<p>Caricia en aire. Dulzura que amasa un rumor isle\u00f1o. Por el abrazo de la guitarra y flauta, la voz fluye \u201cen los ojos de un resplandor de agua correntosa\u201d. <b>Marita Londra<\/b> abriga en su sentimiento a esa mujer de la isla que late en la canci\u00f3n del Chacho M\u00fcller. Oriunda de Entre R\u00edos, la cantautora que vivi\u00f3 en San Luis muchos a\u00f1os, ha recorrido diversos caminos abordando el cancionero de la m\u00fasica popular argentina y latinoamericana, sin descuidar su parte autoral.<\/p>\n<p>El Fondo Nacional de las Artes le otorg\u00f3 el primer premio como compositora folcl\u00f3rica por su obra \u201cEl imposible\u201d. Ha coordinado ciclos dedicados a la difusi\u00f3n de las int\u00e9rpretes femeninas. Con el cantautor mendocino <b>Jorge Marziali <\/b>conform\u00f3 una yunta fecunda, tanto en lo compositivo como en lo art\u00edstico; durante cuatro a\u00f1os consecutivos mostraron su arte en el Festival de Cosqu\u00edn.<\/p>\n<p>\u201cDe ni\u00f1a me puso el viento la copla en el coraz\u00f3n, me sopl\u00f3 una melod\u00eda y el canto se me prendi\u00f3\u2026 Ahora vivo enamorada de lo que me haga vibrar, si quer\u00eds vibrar conmigo ven\u00ed conmigo a cantar\u201d, susurra. Con su alforja habitada de ternura y canciones, Marita Londra llega esta noche a Tucum\u00e1n para rendirle homenaje a la mujer. Tendr\u00e1 por invitados a <b>Juan Fal\u00fa <\/b>y a<b> Lucho Hoyos<\/b>.<\/p>\n<p><b>&#8211; \u00bfC\u00f3mo se produjo el desembarco en San Luis desde tu Gualeguaych\u00fa? Muchos creen que sos puntana.<\/b><\/p>\n<p>&#8211; Llegu\u00e9 a San Luis cantando y me qued\u00e9 m\u00e1s de 30 a\u00f1os. All\u00ed nacieron mis dos hijos y hace casi tres a\u00f1os que vivo en Traslasierra, lugar que eleg\u00ed.<\/p>\n<p><b>&#8211; \u00bfEl folclore cuyano influy\u00f3 en tu modo de cantar, de componer, de mirar el mundo?<\/b><\/p>\n<p>&#8211; Lo cuyano lo incorpor\u00e9 a lo que tra\u00eda de folclore en mi haber. Nuestro universo musical es tan amplio, que vivenciar esa parte musical del pa\u00eds me aport\u00f3 mucho. Lo cultivo y lo disfruto, como disfruto toda la m\u00fasica de ra\u00edz folcl\u00f3rica argentina.<\/p>\n<p><b>&#8211; \u00bfC\u00f3mo eliges el repertorio? \u00bfCu\u00e1les son los asuntos que te interesan?<\/b><\/p>\n<p>&#8211; No es sencillo elegir el repertorio. Lo primero son las tem\u00e1ticas. Me tiene que interesar lo que se dice y c\u00f3mo se lo dice. Lo que canto debe ser cre\u00edble, debe pasar por mi sensibilidad, incorporarlo y hacerlo m\u00edo. Me interesa lo que le pasa a los hombres, sus tristezas y sus alegr\u00edas. Lo que difiere a los autores es el costado de abordar esas tem\u00e1ticas y en ese punto elijo la creatividad y la originalidad.<\/p>\n<p><b>&#8211; \u00bfEl amor est\u00e1 siempre presente en tus composiciones?<\/b><\/p>\n<p>&#8211; El amor es todo. Por falta de amor el mundo est\u00e1 como est\u00e1. \u00a1C\u00f3mo no cantarle!<\/p>\n<p><b>&#8211; \u00bfDeber\u00eda la mujer tener un mayor espacio en la m\u00fasica popular?<\/b><\/p>\n<p>&#8211; Son enormes las int\u00e9rpretes, compositoras y autoras de nuestra m\u00fasica popular. Hoy d\u00eda la mujer tiene m\u00e1s espacio, pero aun as\u00ed, no es suficiente.<\/p>\n<p><b>&#8211; Compartiste durante a\u00f1os un camino comprometido junto a Jorge Marziali, \u00bfqu\u00e9 te dej\u00f3 esa relaci\u00f3n?<\/b><\/p>\n<p>&#8211; Jorge cre\u00eda mucho en m\u00ed, a veces m\u00e1s que yo misma. Me aport\u00f3 todo. Me ense\u00f1\u00f3 a disfrutar de este camino. A andarlo sin esperar nada&#8230;. Comprometerse&#8230; Abrir el alma y entregarse. As\u00ed era \u00e9l. Ese camino intento seguir.<\/p>\n<p><b>&#8211; \u201cLa enamorada de m\u00e1s\u2026\u201d es un hermoso disco que data de hace pocos a\u00f1os, \u00bfel recital del Virla seguir\u00e1 esa l\u00ednea?<\/b><\/p>\n<p>&#8211; El recital viene por el lado de mis tres discos. Una s\u00edntesis de ellos al que le sumo las canciones nuevas que compuse con Jorge Marziali.<\/p>\n<p><b>&#8211; El movimiento feminista ha regresado con vigor a la escena, \u00bfte sent\u00eds incluida en las luchas que propone?<\/b><\/p>\n<p>&#8211; Yo dir\u00eda que me siento incluida y comprometida en los movimientos que abordan la defensa de los derechos de las personas. Derechos que por estos tiempos vienen muy agredidos.<\/p>\n<p><b>&#8211; \u00bfQu\u00e9 es el canto?<\/b><\/p>\n<p>&#8211; Para m\u00ed el canto es comunicaci\u00f3n, entrega, mi modo m\u00e1s claro de decir lo que siento y pienso, por eso la palabra es fundamental para m\u00ed. <\/p>\n<p><b>&#8211; Si te quedaran cinco minutos de vida, \u00bfqu\u00e9 cantar\u00edas?<\/b><\/p>\n<p>&#8211; Si al llegar ese momento mi alma se encuentra en paz, cantar\u00eda una vidala, que es un modo de rezar, como dec\u00eda Atahualpa Yupanqui.<\/p>\n<\/p><\/div>\n<\/div>\n<p>Fuente: http:\/\/www.lagaceta.com.ar\/nota\/763542\/espectaculos\/cantautora-marita-londra-rendira-homenaje-mujer-esta-noche-virla.html<\/p>\n","protected":false},"excerpt":{"rendered":"<p>ACT\u00daA HOY \u2022 A las 22 en el auditorio del Centro Cultural Virla (25 de Mayo 265). Caricia en aire. Dulzura que amasa un rumor isle\u00f1o. Por el abrazo de la guitarra y flauta, la voz fluye \u201cen los ojos de un resplandor de agua correntosa\u201d. Marita Londra abriga en su sentimiento a esa mujer [&hellip;]<\/p>\n","protected":false},"author":1,"featured_media":6508,"comment_status":"open","ping_status":"closed","sticky":false,"template":"","format":"standard","meta":{"footnotes":""},"categories":[152],"tags":[],"class_list":{"0":"post-6507","1":"post","2":"type-post","3":"status-publish","4":"format-standard","5":"has-post-thumbnail","7":"category-argentina"},"yoast_head":"<!-- This site is optimized with the Yoast SEO plugin v27.5 - https:\/\/yoast.com\/product\/yoast-seo-wordpress\/ -->\n<title>La cantautora Marita Londra rendir\u00e1 homenaje a la mujer esta noche en el Virla - El Diario de Tucuman<\/title>\n<meta name=\"robots\" content=\"index, follow, max-snippet:-1, max-image-preview:large, max-video-preview:-1\" \/>\n<link rel=\"canonical\" href=\"https:\/\/www.eldiariodetucuman.com\/web\/la-cantautora-marita-londra-rendira-homenaje-a-la-mujer-esta-noche-en-el-virla\/\" \/>\n<meta property=\"og:locale\" content=\"es_ES\" \/>\n<meta property=\"og:type\" content=\"article\" \/>\n<meta property=\"og:title\" content=\"La cantautora Marita Londra rendir\u00e1 homenaje a la mujer esta noche en el Virla - El Diario de Tucuman\" \/>\n<meta property=\"og:description\" content=\"ACT\u00daA HOY \u2022 A las 22 en el auditorio del Centro Cultural Virla (25 de Mayo 265). Caricia en aire. Dulzura que amasa un rumor isle\u00f1o. Por el abrazo de la guitarra y flauta, la voz fluye \u201cen los ojos de un resplandor de agua correntosa\u201d. Marita Londra abriga en su sentimiento a esa mujer [&hellip;]\" \/>\n<meta property=\"og:url\" content=\"https:\/\/www.eldiariodetucuman.com\/web\/la-cantautora-marita-londra-rendira-homenaje-a-la-mujer-esta-noche-en-el-virla\/\" \/>\n<meta property=\"og:site_name\" content=\"El Diario de Tucuman\" \/>\n<meta property=\"article:published_time\" content=\"2018-03-09T15:59:19+00:00\" \/>\n<meta property=\"article:modified_time\" content=\"2018-03-09T15:59:21+00:00\" \/>\n<meta property=\"og:image\" content=\"https:\/\/www.eldiariodetucuman.com\/web\/wp-content\/uploads\/2018\/03\/1df5070997a0c79adb3fcbbd68ceaf03.jpeg\" \/>\n\t<meta property=\"og:image:width\" content=\"717\" \/>\n\t<meta property=\"og:image:height\" content=\"1080\" \/>\n\t<meta property=\"og:image:type\" content=\"image\/jpeg\" \/>\n<meta name=\"author\" content=\"admin\" \/>\n<meta name=\"twitter:card\" content=\"summary_large_image\" \/>\n<meta name=\"twitter:label1\" content=\"Escrito por\" \/>\n\t<meta name=\"twitter:data1\" content=\"admin\" \/>\n\t<meta name=\"twitter:label2\" content=\"Tiempo de lectura\" \/>\n\t<meta name=\"twitter:data2\" content=\"4 minutos\" \/>\n<script type=\"application\/ld+json\" class=\"yoast-schema-graph\">{\"@context\":\"https:\\\/\\\/schema.org\",\"@graph\":[{\"@type\":\"Article\",\"@id\":\"https:\\\/\\\/www.eldiariodetucuman.com\\\/web\\\/la-cantautora-marita-londra-rendira-homenaje-a-la-mujer-esta-noche-en-el-virla\\\/#article\",\"isPartOf\":{\"@id\":\"https:\\\/\\\/www.eldiariodetucuman.com\\\/web\\\/la-cantautora-marita-londra-rendira-homenaje-a-la-mujer-esta-noche-en-el-virla\\\/\"},\"author\":{\"name\":\"admin\",\"@id\":\"https:\\\/\\\/www.eldiariodetucuman.com\\\/web\\\/#\\\/schema\\\/person\\\/9250197d75ab5483412e19678b121caa\"},\"headline\":\"La cantautora Marita Londra rendir\u00e1 homenaje a la mujer esta noche en el Virla\",\"datePublished\":\"2018-03-09T15:59:19+00:00\",\"dateModified\":\"2018-03-09T15:59:21+00:00\",\"mainEntityOfPage\":{\"@id\":\"https:\\\/\\\/www.eldiariodetucuman.com\\\/web\\\/la-cantautora-marita-londra-rendira-homenaje-a-la-mujer-esta-noche-en-el-virla\\\/\"},\"wordCount\":784,\"commentCount\":0,\"publisher\":{\"@id\":\"https:\\\/\\\/www.eldiariodetucuman.com\\\/web\\\/#organization\"},\"image\":{\"@id\":\"https:\\\/\\\/www.eldiariodetucuman.com\\\/web\\\/la-cantautora-marita-londra-rendira-homenaje-a-la-mujer-esta-noche-en-el-virla\\\/#primaryimage\"},\"thumbnailUrl\":\"https:\\\/\\\/www.eldiariodetucuman.com\\\/web\\\/wp-content\\\/uploads\\\/2018\\\/03\\\/1df5070997a0c79adb3fcbbd68ceaf03.jpeg\",\"articleSection\":[\"Argentina\"],\"inLanguage\":\"es\",\"potentialAction\":[{\"@type\":\"CommentAction\",\"name\":\"Comment\",\"target\":[\"https:\\\/\\\/www.eldiariodetucuman.com\\\/web\\\/la-cantautora-marita-londra-rendira-homenaje-a-la-mujer-esta-noche-en-el-virla\\\/#respond\"]}]},{\"@type\":\"WebPage\",\"@id\":\"https:\\\/\\\/www.eldiariodetucuman.com\\\/web\\\/la-cantautora-marita-londra-rendira-homenaje-a-la-mujer-esta-noche-en-el-virla\\\/\",\"url\":\"https:\\\/\\\/www.eldiariodetucuman.com\\\/web\\\/la-cantautora-marita-londra-rendira-homenaje-a-la-mujer-esta-noche-en-el-virla\\\/\",\"name\":\"La cantautora Marita Londra rendir\u00e1 homenaje a la mujer esta noche en el Virla - El Diario de Tucuman\",\"isPartOf\":{\"@id\":\"https:\\\/\\\/www.eldiariodetucuman.com\\\/web\\\/#website\"},\"primaryImageOfPage\":{\"@id\":\"https:\\\/\\\/www.eldiariodetucuman.com\\\/web\\\/la-cantautora-marita-londra-rendira-homenaje-a-la-mujer-esta-noche-en-el-virla\\\/#primaryimage\"},\"image\":{\"@id\":\"https:\\\/\\\/www.eldiariodetucuman.com\\\/web\\\/la-cantautora-marita-londra-rendira-homenaje-a-la-mujer-esta-noche-en-el-virla\\\/#primaryimage\"},\"thumbnailUrl\":\"https:\\\/\\\/www.eldiariodetucuman.com\\\/web\\\/wp-content\\\/uploads\\\/2018\\\/03\\\/1df5070997a0c79adb3fcbbd68ceaf03.jpeg\",\"datePublished\":\"2018-03-09T15:59:19+00:00\",\"dateModified\":\"2018-03-09T15:59:21+00:00\",\"breadcrumb\":{\"@id\":\"https:\\\/\\\/www.eldiariodetucuman.com\\\/web\\\/la-cantautora-marita-londra-rendira-homenaje-a-la-mujer-esta-noche-en-el-virla\\\/#breadcrumb\"},\"inLanguage\":\"es\",\"potentialAction\":[{\"@type\":\"ReadAction\",\"target\":[\"https:\\\/\\\/www.eldiariodetucuman.com\\\/web\\\/la-cantautora-marita-londra-rendira-homenaje-a-la-mujer-esta-noche-en-el-virla\\\/\"]}]},{\"@type\":\"ImageObject\",\"inLanguage\":\"es\",\"@id\":\"https:\\\/\\\/www.eldiariodetucuman.com\\\/web\\\/la-cantautora-marita-londra-rendira-homenaje-a-la-mujer-esta-noche-en-el-virla\\\/#primaryimage\",\"url\":\"https:\\\/\\\/www.eldiariodetucuman.com\\\/web\\\/wp-content\\\/uploads\\\/2018\\\/03\\\/1df5070997a0c79adb3fcbbd68ceaf03.jpeg\",\"contentUrl\":\"https:\\\/\\\/www.eldiariodetucuman.com\\\/web\\\/wp-content\\\/uploads\\\/2018\\\/03\\\/1df5070997a0c79adb3fcbbd68ceaf03.jpeg\",\"width\":717,\"height\":1080},{\"@type\":\"BreadcrumbList\",\"@id\":\"https:\\\/\\\/www.eldiariodetucuman.com\\\/web\\\/la-cantautora-marita-londra-rendira-homenaje-a-la-mujer-esta-noche-en-el-virla\\\/#breadcrumb\",\"itemListElement\":[{\"@type\":\"ListItem\",\"position\":1,\"name\":\"Portada\",\"item\":\"https:\\\/\\\/www.eldiariodetucuman.com\\\/web\\\/\"},{\"@type\":\"ListItem\",\"position\":2,\"name\":\"La cantautora Marita Londra rendir\u00e1 homenaje a la mujer esta noche en el Virla\"}]},{\"@type\":\"WebSite\",\"@id\":\"https:\\\/\\\/www.eldiariodetucuman.com\\\/web\\\/#website\",\"url\":\"https:\\\/\\\/www.eldiariodetucuman.com\\\/web\\\/\",\"name\":\"El Diario de Tucuman\",\"description\":\"Diario Tucuman - Informaci\u00f3n y noticias\",\"publisher\":{\"@id\":\"https:\\\/\\\/www.eldiariodetucuman.com\\\/web\\\/#organization\"},\"potentialAction\":[{\"@type\":\"SearchAction\",\"target\":{\"@type\":\"EntryPoint\",\"urlTemplate\":\"https:\\\/\\\/www.eldiariodetucuman.com\\\/web\\\/?s={search_term_string}\"},\"query-input\":{\"@type\":\"PropertyValueSpecification\",\"valueRequired\":true,\"valueName\":\"search_term_string\"}}],\"inLanguage\":\"es\"},{\"@type\":\"Organization\",\"@id\":\"https:\\\/\\\/www.eldiariodetucuman.com\\\/web\\\/#organization\",\"name\":\"El Diario de Tucuman\",\"url\":\"https:\\\/\\\/www.eldiariodetucuman.com\\\/web\\\/\",\"logo\":{\"@type\":\"ImageObject\",\"inLanguage\":\"es\",\"@id\":\"https:\\\/\\\/www.eldiariodetucuman.com\\\/web\\\/#\\\/schema\\\/logo\\\/image\\\/\",\"url\":\"http:\\\/\\\/www.eldiariodetucuman.com\\\/web\\\/wp-content\\\/uploads\\\/2017\\\/12\\\/el-diario-de-tucuman.jpg\",\"contentUrl\":\"http:\\\/\\\/www.eldiariodetucuman.com\\\/web\\\/wp-content\\\/uploads\\\/2017\\\/12\\\/el-diario-de-tucuman.jpg\",\"width\":272,\"height\":92,\"caption\":\"El Diario de Tucuman\"},\"image\":{\"@id\":\"https:\\\/\\\/www.eldiariodetucuman.com\\\/web\\\/#\\\/schema\\\/logo\\\/image\\\/\"}},{\"@type\":\"Person\",\"@id\":\"https:\\\/\\\/www.eldiariodetucuman.com\\\/web\\\/#\\\/schema\\\/person\\\/9250197d75ab5483412e19678b121caa\",\"name\":\"admin\",\"image\":{\"@type\":\"ImageObject\",\"inLanguage\":\"es\",\"@id\":\"https:\\\/\\\/secure.gravatar.com\\\/avatar\\\/c44d117c2be811212c22cb481f6b8384b6873de103fbc49e7a03cc58d7dea4ac?s=96&d=mm&r=g\",\"url\":\"https:\\\/\\\/secure.gravatar.com\\\/avatar\\\/c44d117c2be811212c22cb481f6b8384b6873de103fbc49e7a03cc58d7dea4ac?s=96&d=mm&r=g\",\"contentUrl\":\"https:\\\/\\\/secure.gravatar.com\\\/avatar\\\/c44d117c2be811212c22cb481f6b8384b6873de103fbc49e7a03cc58d7dea4ac?s=96&d=mm&r=g\",\"caption\":\"admin\"},\"url\":\"https:\\\/\\\/www.eldiariodetucuman.com\\\/web\\\/author\\\/admin\\\/\"}]}<\/script>\n<!-- \/ Yoast SEO plugin. -->","yoast_head_json":{"title":"La cantautora Marita Londra rendir\u00e1 homenaje a la mujer esta noche en el Virla - El Diario de Tucuman","robots":{"index":"index","follow":"follow","max-snippet":"max-snippet:-1","max-image-preview":"max-image-preview:large","max-video-preview":"max-video-preview:-1"},"canonical":"https:\/\/www.eldiariodetucuman.com\/web\/la-cantautora-marita-londra-rendira-homenaje-a-la-mujer-esta-noche-en-el-virla\/","og_locale":"es_ES","og_type":"article","og_title":"La cantautora Marita Londra rendir\u00e1 homenaje a la mujer esta noche en el Virla - El Diario de Tucuman","og_description":"ACT\u00daA HOY \u2022 A las 22 en el auditorio del Centro Cultural Virla (25 de Mayo 265). Caricia en aire. Dulzura que amasa un rumor isle\u00f1o. Por el abrazo de la guitarra y flauta, la voz fluye \u201cen los ojos de un resplandor de agua correntosa\u201d. Marita Londra abriga en su sentimiento a esa mujer [&hellip;]","og_url":"https:\/\/www.eldiariodetucuman.com\/web\/la-cantautora-marita-londra-rendira-homenaje-a-la-mujer-esta-noche-en-el-virla\/","og_site_name":"El Diario de Tucuman","article_published_time":"2018-03-09T15:59:19+00:00","article_modified_time":"2018-03-09T15:59:21+00:00","og_image":[{"width":717,"height":1080,"url":"https:\/\/www.eldiariodetucuman.com\/web\/wp-content\/uploads\/2018\/03\/1df5070997a0c79adb3fcbbd68ceaf03.jpeg","type":"image\/jpeg"}],"author":"admin","twitter_card":"summary_large_image","twitter_misc":{"Escrito por":"admin","Tiempo de lectura":"4 minutos"},"schema":{"@context":"https:\/\/schema.org","@graph":[{"@type":"Article","@id":"https:\/\/www.eldiariodetucuman.com\/web\/la-cantautora-marita-londra-rendira-homenaje-a-la-mujer-esta-noche-en-el-virla\/#article","isPartOf":{"@id":"https:\/\/www.eldiariodetucuman.com\/web\/la-cantautora-marita-londra-rendira-homenaje-a-la-mujer-esta-noche-en-el-virla\/"},"author":{"name":"admin","@id":"https:\/\/www.eldiariodetucuman.com\/web\/#\/schema\/person\/9250197d75ab5483412e19678b121caa"},"headline":"La cantautora Marita Londra rendir\u00e1 homenaje a la mujer esta noche en el Virla","datePublished":"2018-03-09T15:59:19+00:00","dateModified":"2018-03-09T15:59:21+00:00","mainEntityOfPage":{"@id":"https:\/\/www.eldiariodetucuman.com\/web\/la-cantautora-marita-londra-rendira-homenaje-a-la-mujer-esta-noche-en-el-virla\/"},"wordCount":784,"commentCount":0,"publisher":{"@id":"https:\/\/www.eldiariodetucuman.com\/web\/#organization"},"image":{"@id":"https:\/\/www.eldiariodetucuman.com\/web\/la-cantautora-marita-londra-rendira-homenaje-a-la-mujer-esta-noche-en-el-virla\/#primaryimage"},"thumbnailUrl":"https:\/\/www.eldiariodetucuman.com\/web\/wp-content\/uploads\/2018\/03\/1df5070997a0c79adb3fcbbd68ceaf03.jpeg","articleSection":["Argentina"],"inLanguage":"es","potentialAction":[{"@type":"CommentAction","name":"Comment","target":["https:\/\/www.eldiariodetucuman.com\/web\/la-cantautora-marita-londra-rendira-homenaje-a-la-mujer-esta-noche-en-el-virla\/#respond"]}]},{"@type":"WebPage","@id":"https:\/\/www.eldiariodetucuman.com\/web\/la-cantautora-marita-londra-rendira-homenaje-a-la-mujer-esta-noche-en-el-virla\/","url":"https:\/\/www.eldiariodetucuman.com\/web\/la-cantautora-marita-londra-rendira-homenaje-a-la-mujer-esta-noche-en-el-virla\/","name":"La cantautora Marita Londra rendir\u00e1 homenaje a la mujer esta noche en el Virla - El Diario de Tucuman","isPartOf":{"@id":"https:\/\/www.eldiariodetucuman.com\/web\/#website"},"primaryImageOfPage":{"@id":"https:\/\/www.eldiariodetucuman.com\/web\/la-cantautora-marita-londra-rendira-homenaje-a-la-mujer-esta-noche-en-el-virla\/#primaryimage"},"image":{"@id":"https:\/\/www.eldiariodetucuman.com\/web\/la-cantautora-marita-londra-rendira-homenaje-a-la-mujer-esta-noche-en-el-virla\/#primaryimage"},"thumbnailUrl":"https:\/\/www.eldiariodetucuman.com\/web\/wp-content\/uploads\/2018\/03\/1df5070997a0c79adb3fcbbd68ceaf03.jpeg","datePublished":"2018-03-09T15:59:19+00:00","dateModified":"2018-03-09T15:59:21+00:00","breadcrumb":{"@id":"https:\/\/www.eldiariodetucuman.com\/web\/la-cantautora-marita-londra-rendira-homenaje-a-la-mujer-esta-noche-en-el-virla\/#breadcrumb"},"inLanguage":"es","potentialAction":[{"@type":"ReadAction","target":["https:\/\/www.eldiariodetucuman.com\/web\/la-cantautora-marita-londra-rendira-homenaje-a-la-mujer-esta-noche-en-el-virla\/"]}]},{"@type":"ImageObject","inLanguage":"es","@id":"https:\/\/www.eldiariodetucuman.com\/web\/la-cantautora-marita-londra-rendira-homenaje-a-la-mujer-esta-noche-en-el-virla\/#primaryimage","url":"https:\/\/www.eldiariodetucuman.com\/web\/wp-content\/uploads\/2018\/03\/1df5070997a0c79adb3fcbbd68ceaf03.jpeg","contentUrl":"https:\/\/www.eldiariodetucuman.com\/web\/wp-content\/uploads\/2018\/03\/1df5070997a0c79adb3fcbbd68ceaf03.jpeg","width":717,"height":1080},{"@type":"BreadcrumbList","@id":"https:\/\/www.eldiariodetucuman.com\/web\/la-cantautora-marita-londra-rendira-homenaje-a-la-mujer-esta-noche-en-el-virla\/#breadcrumb","itemListElement":[{"@type":"ListItem","position":1,"name":"Portada","item":"https:\/\/www.eldiariodetucuman.com\/web\/"},{"@type":"ListItem","position":2,"name":"La cantautora Marita Londra rendir\u00e1 homenaje a la mujer esta noche en el Virla"}]},{"@type":"WebSite","@id":"https:\/\/www.eldiariodetucuman.com\/web\/#website","url":"https:\/\/www.eldiariodetucuman.com\/web\/","name":"El Diario de Tucuman","description":"Diario Tucuman - Informaci\u00f3n y noticias","publisher":{"@id":"https:\/\/www.eldiariodetucuman.com\/web\/#organization"},"potentialAction":[{"@type":"SearchAction","target":{"@type":"EntryPoint","urlTemplate":"https:\/\/www.eldiariodetucuman.com\/web\/?s={search_term_string}"},"query-input":{"@type":"PropertyValueSpecification","valueRequired":true,"valueName":"search_term_string"}}],"inLanguage":"es"},{"@type":"Organization","@id":"https:\/\/www.eldiariodetucuman.com\/web\/#organization","name":"El Diario de Tucuman","url":"https:\/\/www.eldiariodetucuman.com\/web\/","logo":{"@type":"ImageObject","inLanguage":"es","@id":"https:\/\/www.eldiariodetucuman.com\/web\/#\/schema\/logo\/image\/","url":"http:\/\/www.eldiariodetucuman.com\/web\/wp-content\/uploads\/2017\/12\/el-diario-de-tucuman.jpg","contentUrl":"http:\/\/www.eldiariodetucuman.com\/web\/wp-content\/uploads\/2017\/12\/el-diario-de-tucuman.jpg","width":272,"height":92,"caption":"El Diario de Tucuman"},"image":{"@id":"https:\/\/www.eldiariodetucuman.com\/web\/#\/schema\/logo\/image\/"}},{"@type":"Person","@id":"https:\/\/www.eldiariodetucuman.com\/web\/#\/schema\/person\/9250197d75ab5483412e19678b121caa","name":"admin","image":{"@type":"ImageObject","inLanguage":"es","@id":"https:\/\/secure.gravatar.com\/avatar\/c44d117c2be811212c22cb481f6b8384b6873de103fbc49e7a03cc58d7dea4ac?s=96&d=mm&r=g","url":"https:\/\/secure.gravatar.com\/avatar\/c44d117c2be811212c22cb481f6b8384b6873de103fbc49e7a03cc58d7dea4ac?s=96&d=mm&r=g","contentUrl":"https:\/\/secure.gravatar.com\/avatar\/c44d117c2be811212c22cb481f6b8384b6873de103fbc49e7a03cc58d7dea4ac?s=96&d=mm&r=g","caption":"admin"},"url":"https:\/\/www.eldiariodetucuman.com\/web\/author\/admin\/"}]}},"_links":{"self":[{"href":"https:\/\/www.eldiariodetucuman.com\/web\/wp-json\/wp\/v2\/posts\/6507","targetHints":{"allow":["GET"]}}],"collection":[{"href":"https:\/\/www.eldiariodetucuman.com\/web\/wp-json\/wp\/v2\/posts"}],"about":[{"href":"https:\/\/www.eldiariodetucuman.com\/web\/wp-json\/wp\/v2\/types\/post"}],"author":[{"embeddable":true,"href":"https:\/\/www.eldiariodetucuman.com\/web\/wp-json\/wp\/v2\/users\/1"}],"replies":[{"embeddable":true,"href":"https:\/\/www.eldiariodetucuman.com\/web\/wp-json\/wp\/v2\/comments?post=6507"}],"version-history":[{"count":1,"href":"https:\/\/www.eldiariodetucuman.com\/web\/wp-json\/wp\/v2\/posts\/6507\/revisions"}],"predecessor-version":[{"id":6509,"href":"https:\/\/www.eldiariodetucuman.com\/web\/wp-json\/wp\/v2\/posts\/6507\/revisions\/6509"}],"wp:featuredmedia":[{"embeddable":true,"href":"https:\/\/www.eldiariodetucuman.com\/web\/wp-json\/wp\/v2\/media\/6508"}],"wp:attachment":[{"href":"https:\/\/www.eldiariodetucuman.com\/web\/wp-json\/wp\/v2\/media?parent=6507"}],"wp:term":[{"taxonomy":"category","embeddable":true,"href":"https:\/\/www.eldiariodetucuman.com\/web\/wp-json\/wp\/v2\/categories?post=6507"},{"taxonomy":"post_tag","embeddable":true,"href":"https:\/\/www.eldiariodetucuman.com\/web\/wp-json\/wp\/v2\/tags?post=6507"}],"curies":[{"name":"wp","href":"https:\/\/api.w.org\/{rel}","templated":true}]}}