{"id":6498,"date":"2018-03-09T12:52:48","date_gmt":"2018-03-09T15:52:48","guid":{"rendered":"http:\/\/www.eldiariodetucuman.com\/web\/debieron-elegir-entre-morir-quemadas-o-caer-desde-un-quinto-piso\/"},"modified":"2018-03-09T12:52:48","modified_gmt":"2018-03-09T15:52:48","slug":"debieron-elegir-entre-morir-quemadas-o-caer-desde-un-quinto-piso","status":"publish","type":"post","link":"https:\/\/www.eldiariodetucuman.com\/web\/debieron-elegir-entre-morir-quemadas-o-caer-desde-un-quinto-piso\/","title":{"rendered":"Debieron elegir entre morir quemadas o caer desde un quinto piso"},"content":{"rendered":"<div>\n<div readability=\"31\">\n<article class=\"policiales\" readability=\"2\"><span class=\"entry-label text-font policiales\">Policiales<\/span><br \/>\n\t\t\t<a class=\"cover-link\" href=\"https:\/\/www.cronica.com.ar\/policiales\/Macabro-hallazgo-de-cinco-cadaveres-carbonizados-y-mutilados-en-la-Villa-31-20180309-0028.html\" title=\"Macabro hallazgo de cinco cad\u00e1veres carbonizados y mutilados en la Villa 31\"><\/a><\/p>\n<figure itemprop=\"image\" itemscope=\"\" itemtype=\"http:\/\/schema.org\/ImageObject\"><img loading=\"lazy\" decoding=\"async\" itemprop=\"contentUrl\" src=\"https:\/\/www.cronica.com.ar\/__export\/1520610328394\/sites\/cronica\/img\/2018\/03\/09\/retiro.jpg_1419575775.jpg\" width=\"300\" height=\"350\" alt=\"Macabro hallazgo de cinco cad\u00e1veres carbonizados y mutilados en la Villa 31\"><\/figure>\n<\/p>\n<h3 class=\"title-font font-700\">\n\t\t\t\t<span class=\"\"><br \/>\n\t\t\t\t\tMacabro hallazgo de cinco cad\u00e1veres carbonizados y mutilados en la Villa 31<\/span><br \/>\n\t\t\t<\/h3>\n<p>\t\t<span class=\"entrys-fixer-line\"><\/span><br \/>\n\t<\/article>\n<\/div>\n<div readability=\"31\">\n<article class=\"deportes\" readability=\"2\"><span class=\"entry-label text-font deportes\">Deportes<\/span><br \/>\n\t\t\t<a class=\"cover-link\" href=\"https:\/\/www.cronica.com.ar\/deportes\/Internaron-a-Mostaza-Merlo-por-un-fuerte-dolor-en-el-pecho-20180309-0026.html\" title=\"Internaron a Mostaza Merlo por un fuerte dolor en el pecho\"><\/a><\/p>\n<figure itemprop=\"image\" itemscope=\"\" itemtype=\"http:\/\/schema.org\/ImageObject\"><img loading=\"lazy\" decoding=\"async\" itemprop=\"contentUrl\" src=\"https:\/\/www.cronica.com.ar\/__export\/1520608880717\/sites\/cronica\/img\/2018\/03\/09\/mostaza_crop1520608831533.jpg_1419575775.jpg\" width=\"300\" height=\"350\" alt=\"Internaron a Mostaza Merlo por un fuerte dolor en el pecho\"><\/figure>\n<\/p>\n<h3 class=\"title-font font-700\">\n\t\t\t\t<span class=\"\"><br \/>\n\t\t\t\t\tInternaron a Mostaza Merlo por un fuerte dolor en el pecho<\/span><br \/>\n\t\t\t<\/h3>\n<p>\t\t<span class=\"entrys-fixer-line\"><\/span><br \/>\n\t<\/article>\n<\/div>\n<div readability=\"31\">\n<article class=\"info-general\" readability=\"2\"><span class=\"entry-label text-font info-general\">Info General<\/span><br \/>\n\t\t\t<a class=\"cover-link\" href=\"https:\/\/www.cronica.com.ar\/info-general\/El-mensaje-en-Facebook-del-pibe-que-alquilo-el-barco-boliche-20180309-0025.html\" title='El mensaje en Facebook del pibe que alquil\u00f3 el \"barco boliche\"'><\/a><\/p>\n<figure itemprop=\"image\" itemscope=\"\" itemtype=\"http:\/\/schema.org\/ImageObject\"><img loading=\"lazy\" decoding=\"async\" itemprop=\"contentUrl\" src=\"https:\/\/www.cronica.com.ar\/__export\/1520607975890\/sites\/cronica\/img\/2018\/03\/09\/catamaran_y_poster.jpg_1419575775.jpg\" width=\"300\" height=\"350\" alt='El mensaje en Facebook del pibe que alquil\u00f3 el \"barco boliche\"'><\/figure>\n<\/p>\n<h3 class=\"title-font font-700\">\n\t\t\t\t<span class=\"\"><br \/>\n\t\t\t\t\tEl mensaje en Facebook del pibe que alquil\u00f3 el \u00abbarco boliche\u00bb<\/span><br \/>\n\t\t\t<\/h3>\n<p>\t\t<span class=\"entrys-fixer-line\"><\/span><br \/>\n\t<\/article>\n<\/div>\n<div readability=\"31\">\n<article class=\"deportes\" readability=\"2\"><span class=\"entry-label text-font deportes\">Deportes<\/span><br \/>\n\t\t\t<a class=\"cover-link\" href=\"https:\/\/www.cronica.com.ar\/deportes\/Las-mejores-estadisticas-para-arrancar-la-previa-de-la-fecha-19-20180309-0022.html\" title=\"Las mejores estad\u00edsticas para arrancar la previa de la fecha 19\"><\/a><\/p>\n<figure itemprop=\"image\" itemscope=\"\" itemtype=\"http:\/\/schema.org\/ImageObject\"><img loading=\"lazy\" decoding=\"async\" itemprop=\"contentUrl\" src=\"https:\/\/www.cronica.com.ar\/__export\/1520607298883\/sites\/cronica\/img\/2018\/03\/09\/sanlo_crop1520607241534.jpg_1419575775.jpg\" width=\"300\" height=\"350\" alt=\"Las mejores estad\u00edsticas para arrancar la previa de la fecha 19\"><\/figure>\n<\/p>\n<h3 class=\"title-font font-700\">\n\t\t\t\t<span class=\"\"><br \/>\n\t\t\t\t\tLas mejores estad\u00edsticas para arrancar la previa de la fecha 19<\/span><br \/>\n\t\t\t<\/h3>\n<p>\t\t<span class=\"entrys-fixer-line\"><\/span><br \/>\n\t<\/article>\n<\/div>\n<div readability=\"31\">\n<article class=\"politica\" readability=\"2\"><span class=\"entry-label text-font politica\">Pol\u00edtica<\/span><br \/>\n\t\t\t<a class=\"cover-link\" href=\"https:\/\/www.cronica.com.ar\/politica\/El-papelon-de-Massot-hablo-mas-de-media-hora-sin-saber-que-estaba-al-aire-20180309-0023.html\" title=\"El papel\u00f3n de Massot: habl\u00f3 m\u00e1s de media hora sin saber que estaba al aire\"><\/a><\/p>\n<figure itemprop=\"image\" itemscope=\"\" itemtype=\"http:\/\/schema.org\/ImageObject\"><img loading=\"lazy\" decoding=\"async\" itemprop=\"contentUrl\" src=\"https:\/\/www.cronica.com.ar\/__export\/1520607044400\/sites\/cronica\/img\/2018\/03\/09\/massot_crop1520607023069.jpg_1419575775.jpg\" width=\"300\" height=\"350\" alt=\"El papel\u00f3n de Massot: habl\u00f3 m\u00e1s de media hora sin saber que estaba al aire\"><\/figure>\n<\/p>\n<h3 class=\"title-font font-700\">\n\t\t\t\t<span class=\"\"><br \/>\n\t\t\t\t\tEl papel\u00f3n de Massot: habl\u00f3 m\u00e1s de media hora sin saber que estaba al aire<\/span><br \/>\n\t\t\t<\/h3>\n<p>\t\t<span class=\"entrys-fixer-line\"><\/span><br \/>\n\t<\/article>\n<\/div>\n<div readability=\"31\">\n<article class=\"cosa-de-locos\" readability=\"2\"><span class=\"entry-label text-font cosa-de-locos\">Cosa de locos<\/span><br \/>\n\t\t\t<a class=\"cover-link\" href=\"https:\/\/www.cronica.com.ar\/cosa-de-locos\/Pareja-tenia-sexo-al-costado-del-rio-y-acabaron-asaltados-20180309-0021.html\" title=\"Pareja ten\u00eda sexo al costado del r\u00edo y acabaron asaltados\"><\/a><\/p>\n<figure itemprop=\"image\" itemscope=\"\" itemtype=\"http:\/\/schema.org\/ImageObject\"><img loading=\"lazy\" decoding=\"async\" itemprop=\"contentUrl\" src=\"https:\/\/www.cronica.com.ar\/__export\/1520604336648\/sites\/cronica\/img\/2018\/03\/09\/5aa2360c08f3d95a048b4567_crop1520604209533.jpg_1419575775.jpg\" width=\"300\" height=\"350\" alt=\"Pareja ten\u00eda sexo al costado del r\u00edo y acabaron asaltados\"><\/figure>\n<\/p>\n<h3 class=\"title-font font-700\">\n\t\t\t\t<span class=\"\"><br \/>\n\t\t\t\t\tPareja ten\u00eda sexo al costado del r\u00edo y acabaron asaltados<\/span><br \/>\n\t\t\t<\/h3>\n<p>\t\t<span class=\"entrys-fixer-line\"><\/span><br \/>\n\t<\/article>\n<\/div>\n<div readability=\"32\">\n<article class=\"deportes\" readability=\"4\"><span class=\"entry-label text-font deportes\">Deportes<\/span><br \/>\n\t\t\t<a class=\"cover-link\" href=\"https:\/\/www.cronica.com.ar\/deportes\/El-Tomba-y-Arsenal-con-realidades-distintas-necesitan-los-tres-puntos-20180306-0080.html\" title=\"El Tomba y Arsenal, con realidades distintas, necesitan los tres puntos\"><\/a><\/p>\n<figure itemprop=\"image\" itemscope=\"\" itemtype=\"http:\/\/schema.org\/ImageObject\"><img loading=\"lazy\" decoding=\"async\" itemprop=\"contentUrl\" src=\"https:\/\/www.cronica.com.ar\/__export\/1520372540566\/sites\/cronica\/img\/2018\/03\/06\/arsenal-godoy-cruz-1920_1.jpg_1419575775.jpg\" width=\"300\" height=\"350\" alt=\"El Tomba enfrenta a un Arsenal que viene en ca\u00eda libre, \u00faltimo en la Superliga y en zona de descenso.\"><\/figure>\n<\/p>\n<h3 class=\"title-font font-700\">\n\t\t\t\t<span class=\"\"><br \/>\n\t\t\t\t\tEl Tomba y Arsenal, con realidades distintas, necesitan los tres puntos<\/span><br \/>\n\t\t\t<\/h3>\n<p>\t\t<span class=\"entrys-fixer-line\"><\/span><br \/>\n\t<\/article>\n<\/div>\n<div readability=\"31\">\n<article class=\"deportes\" readability=\"2\"><span class=\"entry-label text-font deportes\">Deportes<\/span><br \/>\n\t\t\t<a class=\"cover-link\" href=\"https:\/\/www.cronica.com.ar\/deportes\/Gimnasia-quiere-seguir-de-racha-ante-Banfield-20180306-0075.html\" title=\"Gimnasia quiere seguir de racha ante Banfield\"><\/a><\/p>\n<figure itemprop=\"image\" itemscope=\"\" itemtype=\"http:\/\/schema.org\/ImageObject\"><img loading=\"lazy\" decoding=\"async\" itemprop=\"contentUrl\" src=\"https:\/\/www.cronica.com.ar\/__export\/1520371705118\/sites\/cronica\/img\/2018\/03\/06\/00019322-08.jpg_1419575775.jpg\" width=\"300\" height=\"350\" alt=\"Gimnasia y Banfield tienen 22 puntos en la Superliga\"><\/figure>\n<\/p>\n<h3 class=\"title-font font-700\">\n\t\t\t\t<span class=\"\"><br \/>\n\t\t\t\t\tGimnasia quiere seguir de racha ante Banfield<\/span><br \/>\n\t\t\t<\/h3>\n<p>\t\t<span class=\"entrys-fixer-line\"><\/span><br \/>\n\t<\/article>\n<\/div>\n<div readability=\"31\">\n<article class=\"deportes\" readability=\"2\"><span class=\"entry-label text-font deportes\">Deportes<\/span><br \/>\n\t\t\t<a class=\"cover-link\" href=\"https:\/\/www.cronica.com.ar\/deportes\/Talleres-quiere-darle-una-leccion-al-Decano-y-acercarse-a-Boca-20180306-0074.html\" title=\"Talleres quiere darle una lecci\u00f3n al Decano y acercarse a Boca\"><\/a><\/p>\n<figure itemprop=\"image\" itemscope=\"\" itemtype=\"http:\/\/schema.org\/ImageObject\"><img loading=\"lazy\" decoding=\"async\" itemprop=\"contentUrl\" src=\"https:\/\/www.cronica.com.ar\/__export\/1520370975541\/sites\/cronica\/img\/2018\/03\/06\/rjnld3o-w_930x525.jpg_1419575775.jpg\" width=\"300\" height=\"350\" alt=\"Talleres deber\u00e1 ganarle al Decano para continuar descont\u00e1ndole puntos a Boca\"><\/figure>\n<\/p>\n<h3 class=\"title-font font-700\">\n\t\t\t\t<span class=\"\"><br \/>\n\t\t\t\t\tTalleres quiere darle una lecci\u00f3n al Decano y acercarse a Boca<\/span><br \/>\n\t\t\t<\/h3>\n<p>\t\t<span class=\"entrys-fixer-line\"><\/span><br \/>\n\t<\/article>\n<\/div>\n<div readability=\"31.5\">\n<article class=\"policiales\" readability=\"3\"><span class=\"entry-label text-font policiales\">Policiales<\/span><br \/>\n\t\t\t<a class=\"cover-link\" href=\"https:\/\/www.cronica.com.ar\/policiales\/Tras-persecucion-y-muerte-los-vecinos-se-llevaron-diarios-y-revistas-20180309-0018.html\" title=\"Tras persecuci\u00f3n y muerte, los vecinos se llevaron diarios y revistas\"><\/a><\/p>\n<figure itemprop=\"image\" itemscope=\"\" itemtype=\"http:\/\/schema.org\/ImageObject\"><img loading=\"lazy\" decoding=\"async\" itemprop=\"contentUrl\" src=\"https:\/\/www.cronica.com.ar\/__export\/1520599185824\/sites\/cronica\/img\/2018\/03\/09\/diarios_crop1520599071582.jpg_1419575775.jpg\" width=\"300\" height=\"350\" alt=\"Tras persecuci\u00f3n y muerte, los vecinos se llevaron diarios y revistas\"><\/figure>\n<\/p>\n<h3 class=\"title-font font-700\">\n\t\t\t\t<span class=\"\"><br \/>\n\t\t\t\t\tTras persecuci\u00f3n y muerte, los vecinos se llevaron diarios y revistas<\/span><br \/>\n\t\t\t<\/h3>\n<p>\t\t<span class=\"entrys-fixer-line\"><\/span><br \/>\n\t<\/article>\n<\/div>\n<div readability=\"31\">\n<article class=\"info-general\" readability=\"2\"><span class=\"entry-label text-font info-general\">Info General<\/span><br \/>\n\t\t\t<a class=\"cover-link\" href=\"https:\/\/www.cronica.com.ar\/info-general\/Pibe-cayo-al-agua-durante-fiesta-en-barco-y-no-aparece-20180309-0019.html\" title=\"Pibe cay\u00f3 al agua durante fiesta en barco y no aparece\"><\/a><\/p>\n<figure itemprop=\"image\" itemscope=\"\" itemtype=\"http:\/\/schema.org\/ImageObject\"><img loading=\"lazy\" decoding=\"async\" itemprop=\"contentUrl\" src=\"https:\/\/www.cronica.com.ar\/__export\/1520598971405\/sites\/cronica\/img\/2018\/03\/09\/sdadasdasd.jpg_1419575775.jpg\" width=\"300\" height=\"350\" alt=\"Pibe cay\u00f3 al agua durante fiesta en barco y no aparece\"><\/figure>\n<\/p>\n<h3 class=\"title-font font-700\">\n\t\t\t\t<span class=\"\"><br \/>\n\t\t\t\t\tPibe cay\u00f3 al agua durante fiesta en barco y no aparece<\/span><br \/>\n\t\t\t<\/h3>\n<p>\t\t<span class=\"entrys-fixer-line\"><\/span><br \/>\n\t<\/article>\n<\/div>\n<\/div>\n","protected":false},"excerpt":{"rendered":"<p>Policiales Macabro hallazgo de cinco cad\u00e1veres carbonizados y mutilados en la Villa 31 Deportes Internaron a Mostaza Merlo por un fuerte dolor en el pecho Info General El mensaje en Facebook del pibe que alquil\u00f3 el \u00abbarco boliche\u00bb Deportes Las mejores estad\u00edsticas para arrancar la previa de la fecha 19 Pol\u00edtica El papel\u00f3n de Massot: [&hellip;]<\/p>\n","protected":false},"author":4,"featured_media":0,"comment_status":"open","ping_status":"closed","sticky":false,"template":"","format":"standard","meta":{"footnotes":""},"categories":[194],"tags":[],"class_list":{"0":"post-6498","1":"post","2":"type-post","3":"status-publish","4":"format-standard","6":"category-internacionales"},"yoast_head":"<!-- This site is optimized with the Yoast SEO plugin v27.4 - https:\/\/yoast.com\/product\/yoast-seo-wordpress\/ -->\n<title>Debieron elegir entre morir quemadas o caer desde un quinto piso - El Diario de Tucuman<\/title>\n<meta name=\"robots\" content=\"index, follow, max-snippet:-1, max-image-preview:large, max-video-preview:-1\" \/>\n<link rel=\"canonical\" href=\"https:\/\/www.eldiariodetucuman.com\/web\/debieron-elegir-entre-morir-quemadas-o-caer-desde-un-quinto-piso\/\" \/>\n<meta property=\"og:locale\" content=\"es_ES\" \/>\n<meta property=\"og:type\" content=\"article\" \/>\n<meta property=\"og:title\" content=\"Debieron elegir entre morir quemadas o caer desde un quinto piso - El Diario de Tucuman\" \/>\n<meta property=\"og:description\" content=\"Policiales Macabro hallazgo de cinco cad\u00e1veres carbonizados y mutilados en la Villa 31 Deportes Internaron a Mostaza Merlo por un fuerte dolor en el pecho Info General El mensaje en Facebook del pibe que alquil\u00f3 el \u00abbarco boliche\u00bb Deportes Las mejores estad\u00edsticas para arrancar la previa de la fecha 19 Pol\u00edtica El papel\u00f3n de Massot: [&hellip;]\" \/>\n<meta property=\"og:url\" content=\"https:\/\/www.eldiariodetucuman.com\/web\/debieron-elegir-entre-morir-quemadas-o-caer-desde-un-quinto-piso\/\" \/>\n<meta property=\"og:site_name\" content=\"El Diario de Tucuman\" \/>\n<meta property=\"article:published_time\" content=\"2018-03-09T15:52:48+00:00\" \/>\n<meta property=\"og:image\" content=\"https:\/\/www.cronica.com.ar\/__export\/1520610328394\/sites\/cronica\/img\/2018\/03\/09\/retiro.jpg_1419575775.jpg\" \/>\n<meta name=\"author\" content=\"eldiario detucuman\" \/>\n<meta name=\"twitter:card\" content=\"summary_large_image\" \/>\n<meta name=\"twitter:label1\" content=\"Escrito por\" \/>\n\t<meta name=\"twitter:data1\" content=\"eldiario detucuman\" \/>\n\t<meta name=\"twitter:label2\" content=\"Tiempo de lectura\" \/>\n\t<meta name=\"twitter:data2\" content=\"1 minuto\" \/>\n<script type=\"application\/ld+json\" class=\"yoast-schema-graph\">{\"@context\":\"https:\\\/\\\/schema.org\",\"@graph\":[{\"@type\":\"Article\",\"@id\":\"https:\\\/\\\/www.eldiariodetucuman.com\\\/web\\\/debieron-elegir-entre-morir-quemadas-o-caer-desde-un-quinto-piso\\\/#article\",\"isPartOf\":{\"@id\":\"https:\\\/\\\/www.eldiariodetucuman.com\\\/web\\\/debieron-elegir-entre-morir-quemadas-o-caer-desde-un-quinto-piso\\\/\"},\"author\":{\"name\":\"eldiario detucuman\",\"@id\":\"https:\\\/\\\/www.eldiariodetucuman.com\\\/web\\\/#\\\/schema\\\/person\\\/6f95946e54fde848b878ffa4928071d5\"},\"headline\":\"Debieron elegir entre morir quemadas o caer desde un quinto piso\",\"datePublished\":\"2018-03-09T15:52:48+00:00\",\"mainEntityOfPage\":{\"@id\":\"https:\\\/\\\/www.eldiariodetucuman.com\\\/web\\\/debieron-elegir-entre-morir-quemadas-o-caer-desde-un-quinto-piso\\\/\"},\"wordCount\":154,\"commentCount\":0,\"publisher\":{\"@id\":\"https:\\\/\\\/www.eldiariodetucuman.com\\\/web\\\/#organization\"},\"image\":{\"@id\":\"https:\\\/\\\/www.eldiariodetucuman.com\\\/web\\\/debieron-elegir-entre-morir-quemadas-o-caer-desde-un-quinto-piso\\\/#primaryimage\"},\"thumbnailUrl\":\"https:\\\/\\\/www.cronica.com.ar\\\/__export\\\/1520610328394\\\/sites\\\/cronica\\\/img\\\/2018\\\/03\\\/09\\\/retiro.jpg_1419575775.jpg\",\"articleSection\":[\"Internacionales\"],\"inLanguage\":\"es\",\"potentialAction\":[{\"@type\":\"CommentAction\",\"name\":\"Comment\",\"target\":[\"https:\\\/\\\/www.eldiariodetucuman.com\\\/web\\\/debieron-elegir-entre-morir-quemadas-o-caer-desde-un-quinto-piso\\\/#respond\"]}]},{\"@type\":\"WebPage\",\"@id\":\"https:\\\/\\\/www.eldiariodetucuman.com\\\/web\\\/debieron-elegir-entre-morir-quemadas-o-caer-desde-un-quinto-piso\\\/\",\"url\":\"https:\\\/\\\/www.eldiariodetucuman.com\\\/web\\\/debieron-elegir-entre-morir-quemadas-o-caer-desde-un-quinto-piso\\\/\",\"name\":\"Debieron elegir entre morir quemadas o caer desde un quinto piso - El Diario de Tucuman\",\"isPartOf\":{\"@id\":\"https:\\\/\\\/www.eldiariodetucuman.com\\\/web\\\/#website\"},\"primaryImageOfPage\":{\"@id\":\"https:\\\/\\\/www.eldiariodetucuman.com\\\/web\\\/debieron-elegir-entre-morir-quemadas-o-caer-desde-un-quinto-piso\\\/#primaryimage\"},\"image\":{\"@id\":\"https:\\\/\\\/www.eldiariodetucuman.com\\\/web\\\/debieron-elegir-entre-morir-quemadas-o-caer-desde-un-quinto-piso\\\/#primaryimage\"},\"thumbnailUrl\":\"https:\\\/\\\/www.cronica.com.ar\\\/__export\\\/1520610328394\\\/sites\\\/cronica\\\/img\\\/2018\\\/03\\\/09\\\/retiro.jpg_1419575775.jpg\",\"datePublished\":\"2018-03-09T15:52:48+00:00\",\"breadcrumb\":{\"@id\":\"https:\\\/\\\/www.eldiariodetucuman.com\\\/web\\\/debieron-elegir-entre-morir-quemadas-o-caer-desde-un-quinto-piso\\\/#breadcrumb\"},\"inLanguage\":\"es\",\"potentialAction\":[{\"@type\":\"ReadAction\",\"target\":[\"https:\\\/\\\/www.eldiariodetucuman.com\\\/web\\\/debieron-elegir-entre-morir-quemadas-o-caer-desde-un-quinto-piso\\\/\"]}]},{\"@type\":\"ImageObject\",\"inLanguage\":\"es\",\"@id\":\"https:\\\/\\\/www.eldiariodetucuman.com\\\/web\\\/debieron-elegir-entre-morir-quemadas-o-caer-desde-un-quinto-piso\\\/#primaryimage\",\"url\":\"https:\\\/\\\/www.cronica.com.ar\\\/__export\\\/1520610328394\\\/sites\\\/cronica\\\/img\\\/2018\\\/03\\\/09\\\/retiro.jpg_1419575775.jpg\",\"contentUrl\":\"https:\\\/\\\/www.cronica.com.ar\\\/__export\\\/1520610328394\\\/sites\\\/cronica\\\/img\\\/2018\\\/03\\\/09\\\/retiro.jpg_1419575775.jpg\"},{\"@type\":\"BreadcrumbList\",\"@id\":\"https:\\\/\\\/www.eldiariodetucuman.com\\\/web\\\/debieron-elegir-entre-morir-quemadas-o-caer-desde-un-quinto-piso\\\/#breadcrumb\",\"itemListElement\":[{\"@type\":\"ListItem\",\"position\":1,\"name\":\"Portada\",\"item\":\"https:\\\/\\\/www.eldiariodetucuman.com\\\/web\\\/\"},{\"@type\":\"ListItem\",\"position\":2,\"name\":\"Debieron elegir entre morir quemadas o caer desde un quinto piso\"}]},{\"@type\":\"WebSite\",\"@id\":\"https:\\\/\\\/www.eldiariodetucuman.com\\\/web\\\/#website\",\"url\":\"https:\\\/\\\/www.eldiariodetucuman.com\\\/web\\\/\",\"name\":\"El Diario de Tucuman\",\"description\":\"Diario Tucuman - Informaci\u00f3n y noticias\",\"publisher\":{\"@id\":\"https:\\\/\\\/www.eldiariodetucuman.com\\\/web\\\/#organization\"},\"potentialAction\":[{\"@type\":\"SearchAction\",\"target\":{\"@type\":\"EntryPoint\",\"urlTemplate\":\"https:\\\/\\\/www.eldiariodetucuman.com\\\/web\\\/?s={search_term_string}\"},\"query-input\":{\"@type\":\"PropertyValueSpecification\",\"valueRequired\":true,\"valueName\":\"search_term_string\"}}],\"inLanguage\":\"es\"},{\"@type\":\"Organization\",\"@id\":\"https:\\\/\\\/www.eldiariodetucuman.com\\\/web\\\/#organization\",\"name\":\"El Diario de Tucuman\",\"url\":\"https:\\\/\\\/www.eldiariodetucuman.com\\\/web\\\/\",\"logo\":{\"@type\":\"ImageObject\",\"inLanguage\":\"es\",\"@id\":\"https:\\\/\\\/www.eldiariodetucuman.com\\\/web\\\/#\\\/schema\\\/logo\\\/image\\\/\",\"url\":\"http:\\\/\\\/www.eldiariodetucuman.com\\\/web\\\/wp-content\\\/uploads\\\/2017\\\/12\\\/el-diario-de-tucuman.jpg\",\"contentUrl\":\"http:\\\/\\\/www.eldiariodetucuman.com\\\/web\\\/wp-content\\\/uploads\\\/2017\\\/12\\\/el-diario-de-tucuman.jpg\",\"width\":272,\"height\":92,\"caption\":\"El Diario de Tucuman\"},\"image\":{\"@id\":\"https:\\\/\\\/www.eldiariodetucuman.com\\\/web\\\/#\\\/schema\\\/logo\\\/image\\\/\"}},{\"@type\":\"Person\",\"@id\":\"https:\\\/\\\/www.eldiariodetucuman.com\\\/web\\\/#\\\/schema\\\/person\\\/6f95946e54fde848b878ffa4928071d5\",\"name\":\"eldiario detucuman\",\"image\":{\"@type\":\"ImageObject\",\"inLanguage\":\"es\",\"@id\":\"https:\\\/\\\/secure.gravatar.com\\\/avatar\\\/b6e1f89c5c4044c4962c8e6c20b1ca2cc99f549c965908afd4ec5308b3f51bfe?s=96&d=mm&r=g\",\"url\":\"https:\\\/\\\/secure.gravatar.com\\\/avatar\\\/b6e1f89c5c4044c4962c8e6c20b1ca2cc99f549c965908afd4ec5308b3f51bfe?s=96&d=mm&r=g\",\"contentUrl\":\"https:\\\/\\\/secure.gravatar.com\\\/avatar\\\/b6e1f89c5c4044c4962c8e6c20b1ca2cc99f549c965908afd4ec5308b3f51bfe?s=96&d=mm&r=g\",\"caption\":\"eldiario detucuman\"},\"url\":\"https:\\\/\\\/www.eldiariodetucuman.com\\\/web\\\/author\\\/eldiariodetucuman\\\/\"}]}<\/script>\n<!-- \/ Yoast SEO plugin. -->","yoast_head_json":{"title":"Debieron elegir entre morir quemadas o caer desde un quinto piso - El Diario de Tucuman","robots":{"index":"index","follow":"follow","max-snippet":"max-snippet:-1","max-image-preview":"max-image-preview:large","max-video-preview":"max-video-preview:-1"},"canonical":"https:\/\/www.eldiariodetucuman.com\/web\/debieron-elegir-entre-morir-quemadas-o-caer-desde-un-quinto-piso\/","og_locale":"es_ES","og_type":"article","og_title":"Debieron elegir entre morir quemadas o caer desde un quinto piso - El Diario de Tucuman","og_description":"Policiales Macabro hallazgo de cinco cad\u00e1veres carbonizados y mutilados en la Villa 31 Deportes Internaron a Mostaza Merlo por un fuerte dolor en el pecho Info General El mensaje en Facebook del pibe que alquil\u00f3 el \u00abbarco boliche\u00bb Deportes Las mejores estad\u00edsticas para arrancar la previa de la fecha 19 Pol\u00edtica El papel\u00f3n de Massot: [&hellip;]","og_url":"https:\/\/www.eldiariodetucuman.com\/web\/debieron-elegir-entre-morir-quemadas-o-caer-desde-un-quinto-piso\/","og_site_name":"El Diario de Tucuman","article_published_time":"2018-03-09T15:52:48+00:00","og_image":[{"url":"https:\/\/www.cronica.com.ar\/__export\/1520610328394\/sites\/cronica\/img\/2018\/03\/09\/retiro.jpg_1419575775.jpg","type":"","width":"","height":""}],"author":"eldiario detucuman","twitter_card":"summary_large_image","twitter_misc":{"Escrito por":"eldiario detucuman","Tiempo de lectura":"1 minuto"},"schema":{"@context":"https:\/\/schema.org","@graph":[{"@type":"Article","@id":"https:\/\/www.eldiariodetucuman.com\/web\/debieron-elegir-entre-morir-quemadas-o-caer-desde-un-quinto-piso\/#article","isPartOf":{"@id":"https:\/\/www.eldiariodetucuman.com\/web\/debieron-elegir-entre-morir-quemadas-o-caer-desde-un-quinto-piso\/"},"author":{"name":"eldiario detucuman","@id":"https:\/\/www.eldiariodetucuman.com\/web\/#\/schema\/person\/6f95946e54fde848b878ffa4928071d5"},"headline":"Debieron elegir entre morir quemadas o caer desde un quinto piso","datePublished":"2018-03-09T15:52:48+00:00","mainEntityOfPage":{"@id":"https:\/\/www.eldiariodetucuman.com\/web\/debieron-elegir-entre-morir-quemadas-o-caer-desde-un-quinto-piso\/"},"wordCount":154,"commentCount":0,"publisher":{"@id":"https:\/\/www.eldiariodetucuman.com\/web\/#organization"},"image":{"@id":"https:\/\/www.eldiariodetucuman.com\/web\/debieron-elegir-entre-morir-quemadas-o-caer-desde-un-quinto-piso\/#primaryimage"},"thumbnailUrl":"https:\/\/www.cronica.com.ar\/__export\/1520610328394\/sites\/cronica\/img\/2018\/03\/09\/retiro.jpg_1419575775.jpg","articleSection":["Internacionales"],"inLanguage":"es","potentialAction":[{"@type":"CommentAction","name":"Comment","target":["https:\/\/www.eldiariodetucuman.com\/web\/debieron-elegir-entre-morir-quemadas-o-caer-desde-un-quinto-piso\/#respond"]}]},{"@type":"WebPage","@id":"https:\/\/www.eldiariodetucuman.com\/web\/debieron-elegir-entre-morir-quemadas-o-caer-desde-un-quinto-piso\/","url":"https:\/\/www.eldiariodetucuman.com\/web\/debieron-elegir-entre-morir-quemadas-o-caer-desde-un-quinto-piso\/","name":"Debieron elegir entre morir quemadas o caer desde un quinto piso - El Diario de Tucuman","isPartOf":{"@id":"https:\/\/www.eldiariodetucuman.com\/web\/#website"},"primaryImageOfPage":{"@id":"https:\/\/www.eldiariodetucuman.com\/web\/debieron-elegir-entre-morir-quemadas-o-caer-desde-un-quinto-piso\/#primaryimage"},"image":{"@id":"https:\/\/www.eldiariodetucuman.com\/web\/debieron-elegir-entre-morir-quemadas-o-caer-desde-un-quinto-piso\/#primaryimage"},"thumbnailUrl":"https:\/\/www.cronica.com.ar\/__export\/1520610328394\/sites\/cronica\/img\/2018\/03\/09\/retiro.jpg_1419575775.jpg","datePublished":"2018-03-09T15:52:48+00:00","breadcrumb":{"@id":"https:\/\/www.eldiariodetucuman.com\/web\/debieron-elegir-entre-morir-quemadas-o-caer-desde-un-quinto-piso\/#breadcrumb"},"inLanguage":"es","potentialAction":[{"@type":"ReadAction","target":["https:\/\/www.eldiariodetucuman.com\/web\/debieron-elegir-entre-morir-quemadas-o-caer-desde-un-quinto-piso\/"]}]},{"@type":"ImageObject","inLanguage":"es","@id":"https:\/\/www.eldiariodetucuman.com\/web\/debieron-elegir-entre-morir-quemadas-o-caer-desde-un-quinto-piso\/#primaryimage","url":"https:\/\/www.cronica.com.ar\/__export\/1520610328394\/sites\/cronica\/img\/2018\/03\/09\/retiro.jpg_1419575775.jpg","contentUrl":"https:\/\/www.cronica.com.ar\/__export\/1520610328394\/sites\/cronica\/img\/2018\/03\/09\/retiro.jpg_1419575775.jpg"},{"@type":"BreadcrumbList","@id":"https:\/\/www.eldiariodetucuman.com\/web\/debieron-elegir-entre-morir-quemadas-o-caer-desde-un-quinto-piso\/#breadcrumb","itemListElement":[{"@type":"ListItem","position":1,"name":"Portada","item":"https:\/\/www.eldiariodetucuman.com\/web\/"},{"@type":"ListItem","position":2,"name":"Debieron elegir entre morir quemadas o caer desde un quinto piso"}]},{"@type":"WebSite","@id":"https:\/\/www.eldiariodetucuman.com\/web\/#website","url":"https:\/\/www.eldiariodetucuman.com\/web\/","name":"El Diario de Tucuman","description":"Diario Tucuman - Informaci\u00f3n y noticias","publisher":{"@id":"https:\/\/www.eldiariodetucuman.com\/web\/#organization"},"potentialAction":[{"@type":"SearchAction","target":{"@type":"EntryPoint","urlTemplate":"https:\/\/www.eldiariodetucuman.com\/web\/?s={search_term_string}"},"query-input":{"@type":"PropertyValueSpecification","valueRequired":true,"valueName":"search_term_string"}}],"inLanguage":"es"},{"@type":"Organization","@id":"https:\/\/www.eldiariodetucuman.com\/web\/#organization","name":"El Diario de Tucuman","url":"https:\/\/www.eldiariodetucuman.com\/web\/","logo":{"@type":"ImageObject","inLanguage":"es","@id":"https:\/\/www.eldiariodetucuman.com\/web\/#\/schema\/logo\/image\/","url":"http:\/\/www.eldiariodetucuman.com\/web\/wp-content\/uploads\/2017\/12\/el-diario-de-tucuman.jpg","contentUrl":"http:\/\/www.eldiariodetucuman.com\/web\/wp-content\/uploads\/2017\/12\/el-diario-de-tucuman.jpg","width":272,"height":92,"caption":"El Diario de Tucuman"},"image":{"@id":"https:\/\/www.eldiariodetucuman.com\/web\/#\/schema\/logo\/image\/"}},{"@type":"Person","@id":"https:\/\/www.eldiariodetucuman.com\/web\/#\/schema\/person\/6f95946e54fde848b878ffa4928071d5","name":"eldiario detucuman","image":{"@type":"ImageObject","inLanguage":"es","@id":"https:\/\/secure.gravatar.com\/avatar\/b6e1f89c5c4044c4962c8e6c20b1ca2cc99f549c965908afd4ec5308b3f51bfe?s=96&d=mm&r=g","url":"https:\/\/secure.gravatar.com\/avatar\/b6e1f89c5c4044c4962c8e6c20b1ca2cc99f549c965908afd4ec5308b3f51bfe?s=96&d=mm&r=g","contentUrl":"https:\/\/secure.gravatar.com\/avatar\/b6e1f89c5c4044c4962c8e6c20b1ca2cc99f549c965908afd4ec5308b3f51bfe?s=96&d=mm&r=g","caption":"eldiario detucuman"},"url":"https:\/\/www.eldiariodetucuman.com\/web\/author\/eldiariodetucuman\/"}]}},"_links":{"self":[{"href":"https:\/\/www.eldiariodetucuman.com\/web\/wp-json\/wp\/v2\/posts\/6498","targetHints":{"allow":["GET"]}}],"collection":[{"href":"https:\/\/www.eldiariodetucuman.com\/web\/wp-json\/wp\/v2\/posts"}],"about":[{"href":"https:\/\/www.eldiariodetucuman.com\/web\/wp-json\/wp\/v2\/types\/post"}],"author":[{"embeddable":true,"href":"https:\/\/www.eldiariodetucuman.com\/web\/wp-json\/wp\/v2\/users\/4"}],"replies":[{"embeddable":true,"href":"https:\/\/www.eldiariodetucuman.com\/web\/wp-json\/wp\/v2\/comments?post=6498"}],"version-history":[{"count":0,"href":"https:\/\/www.eldiariodetucuman.com\/web\/wp-json\/wp\/v2\/posts\/6498\/revisions"}],"wp:attachment":[{"href":"https:\/\/www.eldiariodetucuman.com\/web\/wp-json\/wp\/v2\/media?parent=6498"}],"wp:term":[{"taxonomy":"category","embeddable":true,"href":"https:\/\/www.eldiariodetucuman.com\/web\/wp-json\/wp\/v2\/categories?post=6498"},{"taxonomy":"post_tag","embeddable":true,"href":"https:\/\/www.eldiariodetucuman.com\/web\/wp-json\/wp\/v2\/tags?post=6498"}],"curies":[{"name":"wp","href":"https:\/\/api.w.org\/{rel}","templated":true}]}}