{"id":6495,"date":"2018-03-09T12:37:51","date_gmt":"2018-03-09T15:37:51","guid":{"rendered":"http:\/\/www.eldiariodetucuman.com\/web\/cuanto-cobran-mensualmente-vidal-y-sus-ministros\/"},"modified":"2018-03-09T12:37:53","modified_gmt":"2018-03-09T15:37:53","slug":"cuanto-cobran-mensualmente-vidal-y-sus-ministros","status":"publish","type":"post","link":"https:\/\/www.eldiariodetucuman.com\/web\/cuanto-cobran-mensualmente-vidal-y-sus-ministros\/","title":{"rendered":"\u00bfCu\u00e1nto cobran mensualmente Vidal y sus ministros?"},"content":{"rendered":"<div>\n<div readability=\"62.956994114984\">\n<p>En un per\u00edodo en el que todo el pa\u00eds habla sobre la proyecci\u00f3n que tendr\u00e1n sus sueldos para el 2018, sobre todo teniendo en cuenta el contexto inflacionario, en la gesti\u00f3n de la gobernadora <a href=\"https:\/\/www.elintransigente.com\/noticias\/buscar\/?buscar=Mar%C3%ADa+Eugenia+Vidal\">Mar\u00eda Eugenia Vidal<\/a> pareciera ser un tema tab\u00fa.\u00a0<\/p>\n<p>Si bien las cifras son publicadas obligatoriamente en el Bolet\u00edn Oficial, los funcionarios macristas bonaerenses <strong>prefieren evitar entrar en la discusi\u00f3n<\/strong> sobre cu\u00e1nto perciben mensualmente.\u00a0<\/p>\n<p>A pesar de que se encuentran muy por debajo de los montos estimados para\u00a0Naci\u00f3n, e incluso parecen bajos al ser comparados con los de\u00a0la Ciudad de Buenos Aires, los oficialistas de la Provincia se manejan con pudor cada vez que se habla sobre sus ingresos.<\/p>\n<p>En ese sentido, <a href=\"https:\/\/www.elintransigente.com\/\">El Intransigente<\/a> cheque\u00f3<strong> cu\u00e1nto cobran mensualmente <\/strong>quienes encabezan la gobernaci\u00f3n y advirti\u00f3 que <strong>Vidal <\/strong>percibe un<strong> ingreso mensual de 95,087 pesos<\/strong> y tiene un <strong>sueldo b\u00e1sico de 38,079<\/strong>.\u00a0<\/p>\n<p>Mientras tanto, <strong>sus ministros<\/strong>, muy exigidos \u00faltimamente debido a los incesantes combates que deben librar en la gobernaci\u00f3n,<strong> se llevan 78,355 pesos<\/strong> por mes; la mima cifra que maneja el director general de Cultura y Educaci\u00f3n \u00a0y un secretario de Estado.\u00a0<\/p>\n<p>Continuando con la lista de sueldos del personal jerarquizado, este medio destac\u00f3 que <strong>un subtesorero gana 70,528<\/strong> pesos; mientras que <strong>un asesor ejecutivo, fiscal y escribano<\/strong>, ganan <strong>60,113 <\/strong>pesos.\u00a0<\/p>\n<p>En tanto, entre los que tienen los sueldos m\u00e1s magros se encuentran los miembros del directorio de la Comisi\u00f3n de Investigaciones Cient\u00edficas y sus asesores; a todos ellos se le deposita en sus cuentas entre 19,649 y 43,188 pesos.\u00a0<\/p>\n<p>Las cifras fueron establecidas el pasado 1 de marzo de 2017 y <strong>a\u00fan no se llev\u00f3 a cabo una nueva actualizaci\u00f3n salarial<\/strong>. Las demoras posiblemente se deban a que Vidal no quiere darle argumentos a uno de sus principales oponentes por estas horas: los sindicatos docentes.\u00a0<\/p>\n<p>Con el objetivo de <strong>evitar pagar el costo pol\u00edtico<\/strong>, la funcionaria decidi\u00f3 soportar las caras largas entre sus funcionarios, en vez de tener que salir a dar explicaciones. Aunque todav\u00eda no se revel\u00f3 un monto oficial, trascendi\u00f3 que <strong>estar\u00eda en torno al 12 por ciento<\/strong>, una cifra a\u00fan menor de la que el Gobierno le ofrece a los gremios.\u00a0<\/p>\n<\/div>\n<\/div>\n<p>Fuente: https:\/\/www.elintransigente.com\/politica\/2018\/3\/9\/cuanto-cobran-mensualmente-vidal-sus-ministros-481596.html<\/p>\n","protected":false},"excerpt":{"rendered":"<p>En un per\u00edodo en el que todo el pa\u00eds habla sobre la proyecci\u00f3n que tendr\u00e1n sus sueldos para el 2018, sobre todo teniendo en cuenta el contexto inflacionario, en la gesti\u00f3n de la gobernadora Mar\u00eda Eugenia Vidal pareciera ser un tema tab\u00fa.\u00a0 Si bien las cifras son publicadas obligatoriamente en el Bolet\u00edn Oficial, los funcionarios [&hellip;]<\/p>\n","protected":false},"author":1,"featured_media":6496,"comment_status":"open","ping_status":"closed","sticky":false,"template":"","format":"standard","meta":{"footnotes":""},"categories":[1],"tags":[],"class_list":{"0":"post-6495","1":"post","2":"type-post","3":"status-publish","4":"format-standard","5":"has-post-thumbnail","7":"category-portada"},"yoast_head":"<!-- This site is optimized with the Yoast SEO plugin v27.4 - https:\/\/yoast.com\/product\/yoast-seo-wordpress\/ -->\n<title>\u00bfCu\u00e1nto cobran mensualmente Vidal y sus ministros? - El Diario de Tucuman<\/title>\n<meta name=\"robots\" content=\"index, follow, max-snippet:-1, max-image-preview:large, max-video-preview:-1\" \/>\n<link rel=\"canonical\" href=\"https:\/\/www.eldiariodetucuman.com\/web\/cuanto-cobran-mensualmente-vidal-y-sus-ministros\/\" \/>\n<meta property=\"og:locale\" content=\"es_ES\" \/>\n<meta property=\"og:type\" content=\"article\" \/>\n<meta property=\"og:title\" content=\"\u00bfCu\u00e1nto cobran mensualmente Vidal y sus ministros? - El Diario de Tucuman\" \/>\n<meta property=\"og:description\" content=\"En un per\u00edodo en el que todo el pa\u00eds habla sobre la proyecci\u00f3n que tendr\u00e1n sus sueldos para el 2018, sobre todo teniendo en cuenta el contexto inflacionario, en la gesti\u00f3n de la gobernadora Mar\u00eda Eugenia Vidal pareciera ser un tema tab\u00fa.\u00a0 Si bien las cifras son publicadas obligatoriamente en el Bolet\u00edn Oficial, los funcionarios [&hellip;]\" \/>\n<meta property=\"og:url\" content=\"https:\/\/www.eldiariodetucuman.com\/web\/cuanto-cobran-mensualmente-vidal-y-sus-ministros\/\" \/>\n<meta property=\"og:site_name\" content=\"El Diario de Tucuman\" \/>\n<meta property=\"article:published_time\" content=\"2018-03-09T15:37:51+00:00\" \/>\n<meta property=\"article:modified_time\" content=\"2018-03-09T15:37:53+00:00\" \/>\n<meta property=\"og:image\" content=\"https:\/\/www.eldiariodetucuman.com\/web\/wp-content\/uploads\/2018\/03\/62c0c312ca78a86e9525a2080d3b21b7.jpeg\" \/>\n\t<meta property=\"og:image:width\" content=\"960\" \/>\n\t<meta property=\"og:image:height\" content=\"540\" \/>\n\t<meta property=\"og:image:type\" content=\"image\/jpeg\" \/>\n<meta name=\"author\" content=\"admin\" \/>\n<meta name=\"twitter:card\" content=\"summary_large_image\" \/>\n<meta name=\"twitter:label1\" content=\"Escrito por\" \/>\n\t<meta name=\"twitter:data1\" content=\"admin\" \/>\n\t<meta name=\"twitter:label2\" content=\"Tiempo de lectura\" \/>\n\t<meta name=\"twitter:data2\" content=\"2 minutos\" \/>\n<script type=\"application\/ld+json\" class=\"yoast-schema-graph\">{\"@context\":\"https:\\\/\\\/schema.org\",\"@graph\":[{\"@type\":\"Article\",\"@id\":\"https:\\\/\\\/www.eldiariodetucuman.com\\\/web\\\/cuanto-cobran-mensualmente-vidal-y-sus-ministros\\\/#article\",\"isPartOf\":{\"@id\":\"https:\\\/\\\/www.eldiariodetucuman.com\\\/web\\\/cuanto-cobran-mensualmente-vidal-y-sus-ministros\\\/\"},\"author\":{\"name\":\"admin\",\"@id\":\"https:\\\/\\\/www.eldiariodetucuman.com\\\/web\\\/#\\\/schema\\\/person\\\/9250197d75ab5483412e19678b121caa\"},\"headline\":\"\u00bfCu\u00e1nto cobran mensualmente Vidal y sus ministros?\",\"datePublished\":\"2018-03-09T15:37:51+00:00\",\"dateModified\":\"2018-03-09T15:37:53+00:00\",\"mainEntityOfPage\":{\"@id\":\"https:\\\/\\\/www.eldiariodetucuman.com\\\/web\\\/cuanto-cobran-mensualmente-vidal-y-sus-ministros\\\/\"},\"wordCount\":388,\"commentCount\":0,\"publisher\":{\"@id\":\"https:\\\/\\\/www.eldiariodetucuman.com\\\/web\\\/#organization\"},\"image\":{\"@id\":\"https:\\\/\\\/www.eldiariodetucuman.com\\\/web\\\/cuanto-cobran-mensualmente-vidal-y-sus-ministros\\\/#primaryimage\"},\"thumbnailUrl\":\"https:\\\/\\\/www.eldiariodetucuman.com\\\/web\\\/wp-content\\\/uploads\\\/2018\\\/03\\\/62c0c312ca78a86e9525a2080d3b21b7.jpeg\",\"articleSection\":[\"Portada\"],\"inLanguage\":\"es\",\"potentialAction\":[{\"@type\":\"CommentAction\",\"name\":\"Comment\",\"target\":[\"https:\\\/\\\/www.eldiariodetucuman.com\\\/web\\\/cuanto-cobran-mensualmente-vidal-y-sus-ministros\\\/#respond\"]}]},{\"@type\":\"WebPage\",\"@id\":\"https:\\\/\\\/www.eldiariodetucuman.com\\\/web\\\/cuanto-cobran-mensualmente-vidal-y-sus-ministros\\\/\",\"url\":\"https:\\\/\\\/www.eldiariodetucuman.com\\\/web\\\/cuanto-cobran-mensualmente-vidal-y-sus-ministros\\\/\",\"name\":\"\u00bfCu\u00e1nto cobran mensualmente Vidal y sus ministros? - El Diario de Tucuman\",\"isPartOf\":{\"@id\":\"https:\\\/\\\/www.eldiariodetucuman.com\\\/web\\\/#website\"},\"primaryImageOfPage\":{\"@id\":\"https:\\\/\\\/www.eldiariodetucuman.com\\\/web\\\/cuanto-cobran-mensualmente-vidal-y-sus-ministros\\\/#primaryimage\"},\"image\":{\"@id\":\"https:\\\/\\\/www.eldiariodetucuman.com\\\/web\\\/cuanto-cobran-mensualmente-vidal-y-sus-ministros\\\/#primaryimage\"},\"thumbnailUrl\":\"https:\\\/\\\/www.eldiariodetucuman.com\\\/web\\\/wp-content\\\/uploads\\\/2018\\\/03\\\/62c0c312ca78a86e9525a2080d3b21b7.jpeg\",\"datePublished\":\"2018-03-09T15:37:51+00:00\",\"dateModified\":\"2018-03-09T15:37:53+00:00\",\"breadcrumb\":{\"@id\":\"https:\\\/\\\/www.eldiariodetucuman.com\\\/web\\\/cuanto-cobran-mensualmente-vidal-y-sus-ministros\\\/#breadcrumb\"},\"inLanguage\":\"es\",\"potentialAction\":[{\"@type\":\"ReadAction\",\"target\":[\"https:\\\/\\\/www.eldiariodetucuman.com\\\/web\\\/cuanto-cobran-mensualmente-vidal-y-sus-ministros\\\/\"]}]},{\"@type\":\"ImageObject\",\"inLanguage\":\"es\",\"@id\":\"https:\\\/\\\/www.eldiariodetucuman.com\\\/web\\\/cuanto-cobran-mensualmente-vidal-y-sus-ministros\\\/#primaryimage\",\"url\":\"https:\\\/\\\/www.eldiariodetucuman.com\\\/web\\\/wp-content\\\/uploads\\\/2018\\\/03\\\/62c0c312ca78a86e9525a2080d3b21b7.jpeg\",\"contentUrl\":\"https:\\\/\\\/www.eldiariodetucuman.com\\\/web\\\/wp-content\\\/uploads\\\/2018\\\/03\\\/62c0c312ca78a86e9525a2080d3b21b7.jpeg\",\"width\":960,\"height\":540},{\"@type\":\"BreadcrumbList\",\"@id\":\"https:\\\/\\\/www.eldiariodetucuman.com\\\/web\\\/cuanto-cobran-mensualmente-vidal-y-sus-ministros\\\/#breadcrumb\",\"itemListElement\":[{\"@type\":\"ListItem\",\"position\":1,\"name\":\"Portada\",\"item\":\"https:\\\/\\\/www.eldiariodetucuman.com\\\/web\\\/\"},{\"@type\":\"ListItem\",\"position\":2,\"name\":\"\u00bfCu\u00e1nto cobran mensualmente Vidal y sus ministros?\"}]},{\"@type\":\"WebSite\",\"@id\":\"https:\\\/\\\/www.eldiariodetucuman.com\\\/web\\\/#website\",\"url\":\"https:\\\/\\\/www.eldiariodetucuman.com\\\/web\\\/\",\"name\":\"El Diario de Tucuman\",\"description\":\"Diario Tucuman - Informaci\u00f3n y noticias\",\"publisher\":{\"@id\":\"https:\\\/\\\/www.eldiariodetucuman.com\\\/web\\\/#organization\"},\"potentialAction\":[{\"@type\":\"SearchAction\",\"target\":{\"@type\":\"EntryPoint\",\"urlTemplate\":\"https:\\\/\\\/www.eldiariodetucuman.com\\\/web\\\/?s={search_term_string}\"},\"query-input\":{\"@type\":\"PropertyValueSpecification\",\"valueRequired\":true,\"valueName\":\"search_term_string\"}}],\"inLanguage\":\"es\"},{\"@type\":\"Organization\",\"@id\":\"https:\\\/\\\/www.eldiariodetucuman.com\\\/web\\\/#organization\",\"name\":\"El Diario de Tucuman\",\"url\":\"https:\\\/\\\/www.eldiariodetucuman.com\\\/web\\\/\",\"logo\":{\"@type\":\"ImageObject\",\"inLanguage\":\"es\",\"@id\":\"https:\\\/\\\/www.eldiariodetucuman.com\\\/web\\\/#\\\/schema\\\/logo\\\/image\\\/\",\"url\":\"http:\\\/\\\/www.eldiariodetucuman.com\\\/web\\\/wp-content\\\/uploads\\\/2017\\\/12\\\/el-diario-de-tucuman.jpg\",\"contentUrl\":\"http:\\\/\\\/www.eldiariodetucuman.com\\\/web\\\/wp-content\\\/uploads\\\/2017\\\/12\\\/el-diario-de-tucuman.jpg\",\"width\":272,\"height\":92,\"caption\":\"El Diario de Tucuman\"},\"image\":{\"@id\":\"https:\\\/\\\/www.eldiariodetucuman.com\\\/web\\\/#\\\/schema\\\/logo\\\/image\\\/\"}},{\"@type\":\"Person\",\"@id\":\"https:\\\/\\\/www.eldiariodetucuman.com\\\/web\\\/#\\\/schema\\\/person\\\/9250197d75ab5483412e19678b121caa\",\"name\":\"admin\",\"image\":{\"@type\":\"ImageObject\",\"inLanguage\":\"es\",\"@id\":\"https:\\\/\\\/secure.gravatar.com\\\/avatar\\\/c44d117c2be811212c22cb481f6b8384b6873de103fbc49e7a03cc58d7dea4ac?s=96&d=mm&r=g\",\"url\":\"https:\\\/\\\/secure.gravatar.com\\\/avatar\\\/c44d117c2be811212c22cb481f6b8384b6873de103fbc49e7a03cc58d7dea4ac?s=96&d=mm&r=g\",\"contentUrl\":\"https:\\\/\\\/secure.gravatar.com\\\/avatar\\\/c44d117c2be811212c22cb481f6b8384b6873de103fbc49e7a03cc58d7dea4ac?s=96&d=mm&r=g\",\"caption\":\"admin\"},\"url\":\"https:\\\/\\\/www.eldiariodetucuman.com\\\/web\\\/author\\\/admin\\\/\"}]}<\/script>\n<!-- \/ Yoast SEO plugin. -->","yoast_head_json":{"title":"\u00bfCu\u00e1nto cobran mensualmente Vidal y sus ministros? - El Diario de Tucuman","robots":{"index":"index","follow":"follow","max-snippet":"max-snippet:-1","max-image-preview":"max-image-preview:large","max-video-preview":"max-video-preview:-1"},"canonical":"https:\/\/www.eldiariodetucuman.com\/web\/cuanto-cobran-mensualmente-vidal-y-sus-ministros\/","og_locale":"es_ES","og_type":"article","og_title":"\u00bfCu\u00e1nto cobran mensualmente Vidal y sus ministros? - El Diario de Tucuman","og_description":"En un per\u00edodo en el que todo el pa\u00eds habla sobre la proyecci\u00f3n que tendr\u00e1n sus sueldos para el 2018, sobre todo teniendo en cuenta el contexto inflacionario, en la gesti\u00f3n de la gobernadora Mar\u00eda Eugenia Vidal pareciera ser un tema tab\u00fa.\u00a0 Si bien las cifras son publicadas obligatoriamente en el Bolet\u00edn Oficial, los funcionarios [&hellip;]","og_url":"https:\/\/www.eldiariodetucuman.com\/web\/cuanto-cobran-mensualmente-vidal-y-sus-ministros\/","og_site_name":"El Diario de Tucuman","article_published_time":"2018-03-09T15:37:51+00:00","article_modified_time":"2018-03-09T15:37:53+00:00","og_image":[{"width":960,"height":540,"url":"https:\/\/www.eldiariodetucuman.com\/web\/wp-content\/uploads\/2018\/03\/62c0c312ca78a86e9525a2080d3b21b7.jpeg","type":"image\/jpeg"}],"author":"admin","twitter_card":"summary_large_image","twitter_misc":{"Escrito por":"admin","Tiempo de lectura":"2 minutos"},"schema":{"@context":"https:\/\/schema.org","@graph":[{"@type":"Article","@id":"https:\/\/www.eldiariodetucuman.com\/web\/cuanto-cobran-mensualmente-vidal-y-sus-ministros\/#article","isPartOf":{"@id":"https:\/\/www.eldiariodetucuman.com\/web\/cuanto-cobran-mensualmente-vidal-y-sus-ministros\/"},"author":{"name":"admin","@id":"https:\/\/www.eldiariodetucuman.com\/web\/#\/schema\/person\/9250197d75ab5483412e19678b121caa"},"headline":"\u00bfCu\u00e1nto cobran mensualmente Vidal y sus ministros?","datePublished":"2018-03-09T15:37:51+00:00","dateModified":"2018-03-09T15:37:53+00:00","mainEntityOfPage":{"@id":"https:\/\/www.eldiariodetucuman.com\/web\/cuanto-cobran-mensualmente-vidal-y-sus-ministros\/"},"wordCount":388,"commentCount":0,"publisher":{"@id":"https:\/\/www.eldiariodetucuman.com\/web\/#organization"},"image":{"@id":"https:\/\/www.eldiariodetucuman.com\/web\/cuanto-cobran-mensualmente-vidal-y-sus-ministros\/#primaryimage"},"thumbnailUrl":"https:\/\/www.eldiariodetucuman.com\/web\/wp-content\/uploads\/2018\/03\/62c0c312ca78a86e9525a2080d3b21b7.jpeg","articleSection":["Portada"],"inLanguage":"es","potentialAction":[{"@type":"CommentAction","name":"Comment","target":["https:\/\/www.eldiariodetucuman.com\/web\/cuanto-cobran-mensualmente-vidal-y-sus-ministros\/#respond"]}]},{"@type":"WebPage","@id":"https:\/\/www.eldiariodetucuman.com\/web\/cuanto-cobran-mensualmente-vidal-y-sus-ministros\/","url":"https:\/\/www.eldiariodetucuman.com\/web\/cuanto-cobran-mensualmente-vidal-y-sus-ministros\/","name":"\u00bfCu\u00e1nto cobran mensualmente Vidal y sus ministros? - El Diario de Tucuman","isPartOf":{"@id":"https:\/\/www.eldiariodetucuman.com\/web\/#website"},"primaryImageOfPage":{"@id":"https:\/\/www.eldiariodetucuman.com\/web\/cuanto-cobran-mensualmente-vidal-y-sus-ministros\/#primaryimage"},"image":{"@id":"https:\/\/www.eldiariodetucuman.com\/web\/cuanto-cobran-mensualmente-vidal-y-sus-ministros\/#primaryimage"},"thumbnailUrl":"https:\/\/www.eldiariodetucuman.com\/web\/wp-content\/uploads\/2018\/03\/62c0c312ca78a86e9525a2080d3b21b7.jpeg","datePublished":"2018-03-09T15:37:51+00:00","dateModified":"2018-03-09T15:37:53+00:00","breadcrumb":{"@id":"https:\/\/www.eldiariodetucuman.com\/web\/cuanto-cobran-mensualmente-vidal-y-sus-ministros\/#breadcrumb"},"inLanguage":"es","potentialAction":[{"@type":"ReadAction","target":["https:\/\/www.eldiariodetucuman.com\/web\/cuanto-cobran-mensualmente-vidal-y-sus-ministros\/"]}]},{"@type":"ImageObject","inLanguage":"es","@id":"https:\/\/www.eldiariodetucuman.com\/web\/cuanto-cobran-mensualmente-vidal-y-sus-ministros\/#primaryimage","url":"https:\/\/www.eldiariodetucuman.com\/web\/wp-content\/uploads\/2018\/03\/62c0c312ca78a86e9525a2080d3b21b7.jpeg","contentUrl":"https:\/\/www.eldiariodetucuman.com\/web\/wp-content\/uploads\/2018\/03\/62c0c312ca78a86e9525a2080d3b21b7.jpeg","width":960,"height":540},{"@type":"BreadcrumbList","@id":"https:\/\/www.eldiariodetucuman.com\/web\/cuanto-cobran-mensualmente-vidal-y-sus-ministros\/#breadcrumb","itemListElement":[{"@type":"ListItem","position":1,"name":"Portada","item":"https:\/\/www.eldiariodetucuman.com\/web\/"},{"@type":"ListItem","position":2,"name":"\u00bfCu\u00e1nto cobran mensualmente Vidal y sus ministros?"}]},{"@type":"WebSite","@id":"https:\/\/www.eldiariodetucuman.com\/web\/#website","url":"https:\/\/www.eldiariodetucuman.com\/web\/","name":"El Diario de Tucuman","description":"Diario Tucuman - Informaci\u00f3n y noticias","publisher":{"@id":"https:\/\/www.eldiariodetucuman.com\/web\/#organization"},"potentialAction":[{"@type":"SearchAction","target":{"@type":"EntryPoint","urlTemplate":"https:\/\/www.eldiariodetucuman.com\/web\/?s={search_term_string}"},"query-input":{"@type":"PropertyValueSpecification","valueRequired":true,"valueName":"search_term_string"}}],"inLanguage":"es"},{"@type":"Organization","@id":"https:\/\/www.eldiariodetucuman.com\/web\/#organization","name":"El Diario de Tucuman","url":"https:\/\/www.eldiariodetucuman.com\/web\/","logo":{"@type":"ImageObject","inLanguage":"es","@id":"https:\/\/www.eldiariodetucuman.com\/web\/#\/schema\/logo\/image\/","url":"http:\/\/www.eldiariodetucuman.com\/web\/wp-content\/uploads\/2017\/12\/el-diario-de-tucuman.jpg","contentUrl":"http:\/\/www.eldiariodetucuman.com\/web\/wp-content\/uploads\/2017\/12\/el-diario-de-tucuman.jpg","width":272,"height":92,"caption":"El Diario de Tucuman"},"image":{"@id":"https:\/\/www.eldiariodetucuman.com\/web\/#\/schema\/logo\/image\/"}},{"@type":"Person","@id":"https:\/\/www.eldiariodetucuman.com\/web\/#\/schema\/person\/9250197d75ab5483412e19678b121caa","name":"admin","image":{"@type":"ImageObject","inLanguage":"es","@id":"https:\/\/secure.gravatar.com\/avatar\/c44d117c2be811212c22cb481f6b8384b6873de103fbc49e7a03cc58d7dea4ac?s=96&d=mm&r=g","url":"https:\/\/secure.gravatar.com\/avatar\/c44d117c2be811212c22cb481f6b8384b6873de103fbc49e7a03cc58d7dea4ac?s=96&d=mm&r=g","contentUrl":"https:\/\/secure.gravatar.com\/avatar\/c44d117c2be811212c22cb481f6b8384b6873de103fbc49e7a03cc58d7dea4ac?s=96&d=mm&r=g","caption":"admin"},"url":"https:\/\/www.eldiariodetucuman.com\/web\/author\/admin\/"}]}},"_links":{"self":[{"href":"https:\/\/www.eldiariodetucuman.com\/web\/wp-json\/wp\/v2\/posts\/6495","targetHints":{"allow":["GET"]}}],"collection":[{"href":"https:\/\/www.eldiariodetucuman.com\/web\/wp-json\/wp\/v2\/posts"}],"about":[{"href":"https:\/\/www.eldiariodetucuman.com\/web\/wp-json\/wp\/v2\/types\/post"}],"author":[{"embeddable":true,"href":"https:\/\/www.eldiariodetucuman.com\/web\/wp-json\/wp\/v2\/users\/1"}],"replies":[{"embeddable":true,"href":"https:\/\/www.eldiariodetucuman.com\/web\/wp-json\/wp\/v2\/comments?post=6495"}],"version-history":[{"count":1,"href":"https:\/\/www.eldiariodetucuman.com\/web\/wp-json\/wp\/v2\/posts\/6495\/revisions"}],"predecessor-version":[{"id":6497,"href":"https:\/\/www.eldiariodetucuman.com\/web\/wp-json\/wp\/v2\/posts\/6495\/revisions\/6497"}],"wp:featuredmedia":[{"embeddable":true,"href":"https:\/\/www.eldiariodetucuman.com\/web\/wp-json\/wp\/v2\/media\/6496"}],"wp:attachment":[{"href":"https:\/\/www.eldiariodetucuman.com\/web\/wp-json\/wp\/v2\/media?parent=6495"}],"wp:term":[{"taxonomy":"category","embeddable":true,"href":"https:\/\/www.eldiariodetucuman.com\/web\/wp-json\/wp\/v2\/categories?post=6495"},{"taxonomy":"post_tag","embeddable":true,"href":"https:\/\/www.eldiariodetucuman.com\/web\/wp-json\/wp\/v2\/tags?post=6495"}],"curies":[{"name":"wp","href":"https:\/\/api.w.org\/{rel}","templated":true}]}}