{"id":6492,"date":"2018-03-09T12:37:43","date_gmt":"2018-03-09T15:37:43","guid":{"rendered":"http:\/\/www.eldiariodetucuman.com\/web\/el-peritaje-se-hizo-en-base-a-entidades-que-no-existian\/"},"modified":"2018-03-09T12:37:45","modified_gmt":"2018-03-09T15:37:45","slug":"el-peritaje-se-hizo-en-base-a-entidades-que-no-existian","status":"publish","type":"post","link":"https:\/\/www.eldiariodetucuman.com\/web\/el-peritaje-se-hizo-en-base-a-entidades-que-no-existian\/","title":{"rendered":"El peritaje se hizo en base a \u00abentidades que no exist\u00edan\u00bb"},"content":{"rendered":"<div>\n<div readability=\"57.892749244713\">\n<p><strong>Juan Pablo Alonso, abogado de <a href=\"https:\/\/www.elintransigente.com\/politica\/2017\/10\/19\/detuvieron-numero-vido-462035.html\">Roberto Baratta<\/a><\/strong>, ex subsecretario de Coordinaci\u00f3n y Control de Gesti\u00f3n del <strong>Ministerio de Planificaci\u00f3n <\/strong>durante el Gobierno de N\u00e9stor Kirchner y Cristina Fern\u00e1ndez, se refiri\u00f3 a la reciente <strong>excarcelaci\u00f3n <\/strong>del ex funcionario y a la investigaci\u00f3n en curso.<\/p>\n<p>El ex funcionario fue liberado una vez que los integrantes de la Sala I de la C\u00e1mara Federal de la Ciudad dictaron la falta de m\u00e9rito por cuanto el fallo en primer instancia, de Carlos Bonadio, result\u00f3 apelado. El fallo de Bonad\u00edo se sustent\u00f3 en el <strong>peritaje de David Cohen<\/strong>, quien lo realiz\u00f3 \u00ab<strong>en base a fuentes que no cit\u00f3 y a entidades que no exist\u00edan<\/strong>\u00ab, explic\u00f3 Alonso.<\/p>\n<p>La <strong><a href=\"https:\/\/www.elintransigente.com\/politica\/2018\/3\/8\/la-justicia-ordeno-liberar-roberto-baratta-mano-derecha-de-julio-de-vido-481440.html\">Sala I de la C\u00e1mara Federal de la Ciudad de Buenos Aires<\/a><\/strong> dict\u00f3 la <strong>falta de m\u00e9rito y la excarcelaci\u00f3n de Roberto Baratta<\/strong> y <strong><a href=\"https:\/\/www.elintransigente.com\/politica\/2018\/1\/31\/yo-se-por-que-estoy-preso-477249.html\">Julio De Vido<\/a><\/strong> en la causa por irregularidades en la compra de gas licuado durante los dos gobiernos de Cristina Fern\u00e1ndez. La sentencia de los magistrados de la Sala I, integrada por Leopoldo Bruglia y Jorge Ballestero, se resolvi\u00f3 con el desempate del juez Mart\u00edn Irurzun. <strong>Julio De Vido<\/strong> permanecer\u00e1 <a href=\"https:\/\/www.elintransigente.com\/politica\/2017\/12\/20\/crceles-estn-alojados-funcionarios-referentes-kirchneristas-472184.html\"><strong>detenido<\/strong><\/a>, pues se encuentra procesado en la causa por defraudaci\u00f3n y desv\u00edo de fondos en la mina de carb\u00f3n de R\u00edo Turbio.<\/p>\n<aside class=\"htmlinline \"><ins class=\"adsbygoogle\" data-ad-format=\"fluid\" data-ad-layout=\"in-article\" data-ad-client=\"ca-pub-7781556717282971\" data-ad-slot=\"9383133609\"><\/ins><br \/>\n<\/aside>\n<p>Seg\u00fan Alonso, la excarcelaci\u00f3n de Baratta, que se <strong>concret\u00f3 esta madrugada<\/strong>, fue complicada porque \u201cel auto de procesamiento con prisi\u00f3n preventiva se ha demorado cuatro meses\u201d.<\/p>\n<p>La <strong>causa estuvo a cargo del juez federal Carlos Bonad\u00edo <\/strong>y a Baratta se le acus\u00f3 de <strong>irregularidades en compras exteriores de Gas Natural Licuado <\/strong>(GNL). El abogado explic\u00f3 en declaraciones radiales que los precios del gas se regulan internacionalmente y no existe la variabilidad que puede suponerse en otros productos. En tal sentido, dijo que \u201cen el mercado de gas natural licuado en el mundo, los precios <strong>est\u00e1n m\u00e1s o menos establecidos por la oferta y la demanda<\/strong>, como en el petr\u00f3leo\u201d.<\/p>\n<p>Por lo tanto, Alonso afirm\u00f3 que el perito en petr\u00f3leo David Cohen, quien afirm\u00f3 la existencia de irregularidades en la compra de gas licuado para poder sostener la prisi\u00f3n preventiva, fue denunciado por <strong>falso testimonio <\/strong>por los abogados de Julio De Vido (Ministro de Planificaci\u00f3n) y Walter Fagyas (Director de Energ\u00eda Argentina Sociedad An\u00f3nima). La investigaci\u00f3n contra el perito, en consideraci\u00f3n de la denuncia de los abogados defensores, fue recibida y atendida por la <strong>fiscal federal Paloma Ochoa<\/strong>.<\/p>\n<p>En octubre del a\u00f1o pasado, Claudio Bonad\u00edo proces\u00f3 por las irregularidades en las compras de GNL a Julio De Vido y Roberto Baratta. Adem\u00e1s, defini\u00f3 otros 23 procesamientos para otros funcionarios, sin prisi\u00f3n preventiva.<\/p>\n<\/div>\n<\/div>\n<p>Fuente: https:\/\/www.elintransigente.com\/politica\/2018\/3\/9\/el-peritaje-se-hizo-en-base-entidades-que-no-existian-481597.html<\/p>\n","protected":false},"excerpt":{"rendered":"<p>Juan Pablo Alonso, abogado de Roberto Baratta, ex subsecretario de Coordinaci\u00f3n y Control de Gesti\u00f3n del Ministerio de Planificaci\u00f3n durante el Gobierno de N\u00e9stor Kirchner y Cristina Fern\u00e1ndez, se refiri\u00f3 a la reciente excarcelaci\u00f3n del ex funcionario y a la investigaci\u00f3n en curso. El ex funcionario fue liberado una vez que los integrantes de la [&hellip;]<\/p>\n","protected":false},"author":1,"featured_media":6493,"comment_status":"open","ping_status":"closed","sticky":false,"template":"","format":"standard","meta":{"footnotes":""},"categories":[1],"tags":[],"class_list":{"0":"post-6492","1":"post","2":"type-post","3":"status-publish","4":"format-standard","5":"has-post-thumbnail","7":"category-portada"},"yoast_head":"<!-- This site is optimized with the Yoast SEO plugin v27.4 - https:\/\/yoast.com\/product\/yoast-seo-wordpress\/ -->\n<title>El peritaje se hizo en base a &quot;entidades que no exist\u00edan&quot; - El Diario de Tucuman<\/title>\n<meta name=\"robots\" content=\"index, follow, max-snippet:-1, max-image-preview:large, max-video-preview:-1\" \/>\n<link rel=\"canonical\" href=\"https:\/\/www.eldiariodetucuman.com\/web\/el-peritaje-se-hizo-en-base-a-entidades-que-no-existian\/\" \/>\n<meta property=\"og:locale\" content=\"es_ES\" \/>\n<meta property=\"og:type\" content=\"article\" \/>\n<meta property=\"og:title\" content=\"El peritaje se hizo en base a &quot;entidades que no exist\u00edan&quot; - El Diario de Tucuman\" \/>\n<meta property=\"og:description\" content=\"Juan Pablo Alonso, abogado de Roberto Baratta, ex subsecretario de Coordinaci\u00f3n y Control de Gesti\u00f3n del Ministerio de Planificaci\u00f3n durante el Gobierno de N\u00e9stor Kirchner y Cristina Fern\u00e1ndez, se refiri\u00f3 a la reciente excarcelaci\u00f3n del ex funcionario y a la investigaci\u00f3n en curso. El ex funcionario fue liberado una vez que los integrantes de la [&hellip;]\" \/>\n<meta property=\"og:url\" content=\"https:\/\/www.eldiariodetucuman.com\/web\/el-peritaje-se-hizo-en-base-a-entidades-que-no-existian\/\" \/>\n<meta property=\"og:site_name\" content=\"El Diario de Tucuman\" \/>\n<meta property=\"article:published_time\" content=\"2018-03-09T15:37:43+00:00\" \/>\n<meta property=\"article:modified_time\" content=\"2018-03-09T15:37:45+00:00\" \/>\n<meta property=\"og:image\" content=\"https:\/\/www.eldiariodetucuman.com\/web\/wp-content\/uploads\/2018\/03\/5019ff7acfe2437a3166eb711c8a3ce7.jpeg\" \/>\n\t<meta property=\"og:image:width\" content=\"960\" \/>\n\t<meta property=\"og:image:height\" content=\"538\" \/>\n\t<meta property=\"og:image:type\" content=\"image\/jpeg\" \/>\n<meta name=\"author\" content=\"admin\" \/>\n<meta name=\"twitter:card\" content=\"summary_large_image\" \/>\n<meta name=\"twitter:label1\" content=\"Escrito por\" \/>\n\t<meta name=\"twitter:data1\" content=\"admin\" \/>\n\t<meta name=\"twitter:label2\" content=\"Tiempo de lectura\" \/>\n\t<meta name=\"twitter:data2\" content=\"2 minutos\" \/>\n<script type=\"application\/ld+json\" class=\"yoast-schema-graph\">{\"@context\":\"https:\\\/\\\/schema.org\",\"@graph\":[{\"@type\":\"Article\",\"@id\":\"https:\\\/\\\/www.eldiariodetucuman.com\\\/web\\\/el-peritaje-se-hizo-en-base-a-entidades-que-no-existian\\\/#article\",\"isPartOf\":{\"@id\":\"https:\\\/\\\/www.eldiariodetucuman.com\\\/web\\\/el-peritaje-se-hizo-en-base-a-entidades-que-no-existian\\\/\"},\"author\":{\"name\":\"admin\",\"@id\":\"https:\\\/\\\/www.eldiariodetucuman.com\\\/web\\\/#\\\/schema\\\/person\\\/9250197d75ab5483412e19678b121caa\"},\"headline\":\"El peritaje se hizo en base a \u00abentidades que no exist\u00edan\u00bb\",\"datePublished\":\"2018-03-09T15:37:43+00:00\",\"dateModified\":\"2018-03-09T15:37:45+00:00\",\"mainEntityOfPage\":{\"@id\":\"https:\\\/\\\/www.eldiariodetucuman.com\\\/web\\\/el-peritaje-se-hizo-en-base-a-entidades-que-no-existian\\\/\"},\"wordCount\":486,\"commentCount\":0,\"publisher\":{\"@id\":\"https:\\\/\\\/www.eldiariodetucuman.com\\\/web\\\/#organization\"},\"image\":{\"@id\":\"https:\\\/\\\/www.eldiariodetucuman.com\\\/web\\\/el-peritaje-se-hizo-en-base-a-entidades-que-no-existian\\\/#primaryimage\"},\"thumbnailUrl\":\"https:\\\/\\\/www.eldiariodetucuman.com\\\/web\\\/wp-content\\\/uploads\\\/2018\\\/03\\\/5019ff7acfe2437a3166eb711c8a3ce7.jpeg\",\"articleSection\":[\"Portada\"],\"inLanguage\":\"es\",\"potentialAction\":[{\"@type\":\"CommentAction\",\"name\":\"Comment\",\"target\":[\"https:\\\/\\\/www.eldiariodetucuman.com\\\/web\\\/el-peritaje-se-hizo-en-base-a-entidades-que-no-existian\\\/#respond\"]}]},{\"@type\":\"WebPage\",\"@id\":\"https:\\\/\\\/www.eldiariodetucuman.com\\\/web\\\/el-peritaje-se-hizo-en-base-a-entidades-que-no-existian\\\/\",\"url\":\"https:\\\/\\\/www.eldiariodetucuman.com\\\/web\\\/el-peritaje-se-hizo-en-base-a-entidades-que-no-existian\\\/\",\"name\":\"El peritaje se hizo en base a \\\"entidades que no exist\u00edan\\\" - El Diario de Tucuman\",\"isPartOf\":{\"@id\":\"https:\\\/\\\/www.eldiariodetucuman.com\\\/web\\\/#website\"},\"primaryImageOfPage\":{\"@id\":\"https:\\\/\\\/www.eldiariodetucuman.com\\\/web\\\/el-peritaje-se-hizo-en-base-a-entidades-que-no-existian\\\/#primaryimage\"},\"image\":{\"@id\":\"https:\\\/\\\/www.eldiariodetucuman.com\\\/web\\\/el-peritaje-se-hizo-en-base-a-entidades-que-no-existian\\\/#primaryimage\"},\"thumbnailUrl\":\"https:\\\/\\\/www.eldiariodetucuman.com\\\/web\\\/wp-content\\\/uploads\\\/2018\\\/03\\\/5019ff7acfe2437a3166eb711c8a3ce7.jpeg\",\"datePublished\":\"2018-03-09T15:37:43+00:00\",\"dateModified\":\"2018-03-09T15:37:45+00:00\",\"breadcrumb\":{\"@id\":\"https:\\\/\\\/www.eldiariodetucuman.com\\\/web\\\/el-peritaje-se-hizo-en-base-a-entidades-que-no-existian\\\/#breadcrumb\"},\"inLanguage\":\"es\",\"potentialAction\":[{\"@type\":\"ReadAction\",\"target\":[\"https:\\\/\\\/www.eldiariodetucuman.com\\\/web\\\/el-peritaje-se-hizo-en-base-a-entidades-que-no-existian\\\/\"]}]},{\"@type\":\"ImageObject\",\"inLanguage\":\"es\",\"@id\":\"https:\\\/\\\/www.eldiariodetucuman.com\\\/web\\\/el-peritaje-se-hizo-en-base-a-entidades-que-no-existian\\\/#primaryimage\",\"url\":\"https:\\\/\\\/www.eldiariodetucuman.com\\\/web\\\/wp-content\\\/uploads\\\/2018\\\/03\\\/5019ff7acfe2437a3166eb711c8a3ce7.jpeg\",\"contentUrl\":\"https:\\\/\\\/www.eldiariodetucuman.com\\\/web\\\/wp-content\\\/uploads\\\/2018\\\/03\\\/5019ff7acfe2437a3166eb711c8a3ce7.jpeg\",\"width\":960,\"height\":538},{\"@type\":\"BreadcrumbList\",\"@id\":\"https:\\\/\\\/www.eldiariodetucuman.com\\\/web\\\/el-peritaje-se-hizo-en-base-a-entidades-que-no-existian\\\/#breadcrumb\",\"itemListElement\":[{\"@type\":\"ListItem\",\"position\":1,\"name\":\"Portada\",\"item\":\"https:\\\/\\\/www.eldiariodetucuman.com\\\/web\\\/\"},{\"@type\":\"ListItem\",\"position\":2,\"name\":\"El peritaje se hizo en base a \u00abentidades que no exist\u00edan\u00bb\"}]},{\"@type\":\"WebSite\",\"@id\":\"https:\\\/\\\/www.eldiariodetucuman.com\\\/web\\\/#website\",\"url\":\"https:\\\/\\\/www.eldiariodetucuman.com\\\/web\\\/\",\"name\":\"El Diario de Tucuman\",\"description\":\"Diario Tucuman - Informaci\u00f3n y noticias\",\"publisher\":{\"@id\":\"https:\\\/\\\/www.eldiariodetucuman.com\\\/web\\\/#organization\"},\"potentialAction\":[{\"@type\":\"SearchAction\",\"target\":{\"@type\":\"EntryPoint\",\"urlTemplate\":\"https:\\\/\\\/www.eldiariodetucuman.com\\\/web\\\/?s={search_term_string}\"},\"query-input\":{\"@type\":\"PropertyValueSpecification\",\"valueRequired\":true,\"valueName\":\"search_term_string\"}}],\"inLanguage\":\"es\"},{\"@type\":\"Organization\",\"@id\":\"https:\\\/\\\/www.eldiariodetucuman.com\\\/web\\\/#organization\",\"name\":\"El Diario de Tucuman\",\"url\":\"https:\\\/\\\/www.eldiariodetucuman.com\\\/web\\\/\",\"logo\":{\"@type\":\"ImageObject\",\"inLanguage\":\"es\",\"@id\":\"https:\\\/\\\/www.eldiariodetucuman.com\\\/web\\\/#\\\/schema\\\/logo\\\/image\\\/\",\"url\":\"http:\\\/\\\/www.eldiariodetucuman.com\\\/web\\\/wp-content\\\/uploads\\\/2017\\\/12\\\/el-diario-de-tucuman.jpg\",\"contentUrl\":\"http:\\\/\\\/www.eldiariodetucuman.com\\\/web\\\/wp-content\\\/uploads\\\/2017\\\/12\\\/el-diario-de-tucuman.jpg\",\"width\":272,\"height\":92,\"caption\":\"El Diario de Tucuman\"},\"image\":{\"@id\":\"https:\\\/\\\/www.eldiariodetucuman.com\\\/web\\\/#\\\/schema\\\/logo\\\/image\\\/\"}},{\"@type\":\"Person\",\"@id\":\"https:\\\/\\\/www.eldiariodetucuman.com\\\/web\\\/#\\\/schema\\\/person\\\/9250197d75ab5483412e19678b121caa\",\"name\":\"admin\",\"image\":{\"@type\":\"ImageObject\",\"inLanguage\":\"es\",\"@id\":\"https:\\\/\\\/secure.gravatar.com\\\/avatar\\\/c44d117c2be811212c22cb481f6b8384b6873de103fbc49e7a03cc58d7dea4ac?s=96&d=mm&r=g\",\"url\":\"https:\\\/\\\/secure.gravatar.com\\\/avatar\\\/c44d117c2be811212c22cb481f6b8384b6873de103fbc49e7a03cc58d7dea4ac?s=96&d=mm&r=g\",\"contentUrl\":\"https:\\\/\\\/secure.gravatar.com\\\/avatar\\\/c44d117c2be811212c22cb481f6b8384b6873de103fbc49e7a03cc58d7dea4ac?s=96&d=mm&r=g\",\"caption\":\"admin\"},\"url\":\"https:\\\/\\\/www.eldiariodetucuman.com\\\/web\\\/author\\\/admin\\\/\"}]}<\/script>\n<!-- \/ Yoast SEO plugin. -->","yoast_head_json":{"title":"El peritaje se hizo en base a \"entidades que no exist\u00edan\" - El Diario de Tucuman","robots":{"index":"index","follow":"follow","max-snippet":"max-snippet:-1","max-image-preview":"max-image-preview:large","max-video-preview":"max-video-preview:-1"},"canonical":"https:\/\/www.eldiariodetucuman.com\/web\/el-peritaje-se-hizo-en-base-a-entidades-que-no-existian\/","og_locale":"es_ES","og_type":"article","og_title":"El peritaje se hizo en base a \"entidades que no exist\u00edan\" - El Diario de Tucuman","og_description":"Juan Pablo Alonso, abogado de Roberto Baratta, ex subsecretario de Coordinaci\u00f3n y Control de Gesti\u00f3n del Ministerio de Planificaci\u00f3n durante el Gobierno de N\u00e9stor Kirchner y Cristina Fern\u00e1ndez, se refiri\u00f3 a la reciente excarcelaci\u00f3n del ex funcionario y a la investigaci\u00f3n en curso. El ex funcionario fue liberado una vez que los integrantes de la [&hellip;]","og_url":"https:\/\/www.eldiariodetucuman.com\/web\/el-peritaje-se-hizo-en-base-a-entidades-que-no-existian\/","og_site_name":"El Diario de Tucuman","article_published_time":"2018-03-09T15:37:43+00:00","article_modified_time":"2018-03-09T15:37:45+00:00","og_image":[{"width":960,"height":538,"url":"https:\/\/www.eldiariodetucuman.com\/web\/wp-content\/uploads\/2018\/03\/5019ff7acfe2437a3166eb711c8a3ce7.jpeg","type":"image\/jpeg"}],"author":"admin","twitter_card":"summary_large_image","twitter_misc":{"Escrito por":"admin","Tiempo de lectura":"2 minutos"},"schema":{"@context":"https:\/\/schema.org","@graph":[{"@type":"Article","@id":"https:\/\/www.eldiariodetucuman.com\/web\/el-peritaje-se-hizo-en-base-a-entidades-que-no-existian\/#article","isPartOf":{"@id":"https:\/\/www.eldiariodetucuman.com\/web\/el-peritaje-se-hizo-en-base-a-entidades-que-no-existian\/"},"author":{"name":"admin","@id":"https:\/\/www.eldiariodetucuman.com\/web\/#\/schema\/person\/9250197d75ab5483412e19678b121caa"},"headline":"El peritaje se hizo en base a \u00abentidades que no exist\u00edan\u00bb","datePublished":"2018-03-09T15:37:43+00:00","dateModified":"2018-03-09T15:37:45+00:00","mainEntityOfPage":{"@id":"https:\/\/www.eldiariodetucuman.com\/web\/el-peritaje-se-hizo-en-base-a-entidades-que-no-existian\/"},"wordCount":486,"commentCount":0,"publisher":{"@id":"https:\/\/www.eldiariodetucuman.com\/web\/#organization"},"image":{"@id":"https:\/\/www.eldiariodetucuman.com\/web\/el-peritaje-se-hizo-en-base-a-entidades-que-no-existian\/#primaryimage"},"thumbnailUrl":"https:\/\/www.eldiariodetucuman.com\/web\/wp-content\/uploads\/2018\/03\/5019ff7acfe2437a3166eb711c8a3ce7.jpeg","articleSection":["Portada"],"inLanguage":"es","potentialAction":[{"@type":"CommentAction","name":"Comment","target":["https:\/\/www.eldiariodetucuman.com\/web\/el-peritaje-se-hizo-en-base-a-entidades-que-no-existian\/#respond"]}]},{"@type":"WebPage","@id":"https:\/\/www.eldiariodetucuman.com\/web\/el-peritaje-se-hizo-en-base-a-entidades-que-no-existian\/","url":"https:\/\/www.eldiariodetucuman.com\/web\/el-peritaje-se-hizo-en-base-a-entidades-que-no-existian\/","name":"El peritaje se hizo en base a \"entidades que no exist\u00edan\" - El Diario de Tucuman","isPartOf":{"@id":"https:\/\/www.eldiariodetucuman.com\/web\/#website"},"primaryImageOfPage":{"@id":"https:\/\/www.eldiariodetucuman.com\/web\/el-peritaje-se-hizo-en-base-a-entidades-que-no-existian\/#primaryimage"},"image":{"@id":"https:\/\/www.eldiariodetucuman.com\/web\/el-peritaje-se-hizo-en-base-a-entidades-que-no-existian\/#primaryimage"},"thumbnailUrl":"https:\/\/www.eldiariodetucuman.com\/web\/wp-content\/uploads\/2018\/03\/5019ff7acfe2437a3166eb711c8a3ce7.jpeg","datePublished":"2018-03-09T15:37:43+00:00","dateModified":"2018-03-09T15:37:45+00:00","breadcrumb":{"@id":"https:\/\/www.eldiariodetucuman.com\/web\/el-peritaje-se-hizo-en-base-a-entidades-que-no-existian\/#breadcrumb"},"inLanguage":"es","potentialAction":[{"@type":"ReadAction","target":["https:\/\/www.eldiariodetucuman.com\/web\/el-peritaje-se-hizo-en-base-a-entidades-que-no-existian\/"]}]},{"@type":"ImageObject","inLanguage":"es","@id":"https:\/\/www.eldiariodetucuman.com\/web\/el-peritaje-se-hizo-en-base-a-entidades-que-no-existian\/#primaryimage","url":"https:\/\/www.eldiariodetucuman.com\/web\/wp-content\/uploads\/2018\/03\/5019ff7acfe2437a3166eb711c8a3ce7.jpeg","contentUrl":"https:\/\/www.eldiariodetucuman.com\/web\/wp-content\/uploads\/2018\/03\/5019ff7acfe2437a3166eb711c8a3ce7.jpeg","width":960,"height":538},{"@type":"BreadcrumbList","@id":"https:\/\/www.eldiariodetucuman.com\/web\/el-peritaje-se-hizo-en-base-a-entidades-que-no-existian\/#breadcrumb","itemListElement":[{"@type":"ListItem","position":1,"name":"Portada","item":"https:\/\/www.eldiariodetucuman.com\/web\/"},{"@type":"ListItem","position":2,"name":"El peritaje se hizo en base a \u00abentidades que no exist\u00edan\u00bb"}]},{"@type":"WebSite","@id":"https:\/\/www.eldiariodetucuman.com\/web\/#website","url":"https:\/\/www.eldiariodetucuman.com\/web\/","name":"El Diario de Tucuman","description":"Diario Tucuman - Informaci\u00f3n y noticias","publisher":{"@id":"https:\/\/www.eldiariodetucuman.com\/web\/#organization"},"potentialAction":[{"@type":"SearchAction","target":{"@type":"EntryPoint","urlTemplate":"https:\/\/www.eldiariodetucuman.com\/web\/?s={search_term_string}"},"query-input":{"@type":"PropertyValueSpecification","valueRequired":true,"valueName":"search_term_string"}}],"inLanguage":"es"},{"@type":"Organization","@id":"https:\/\/www.eldiariodetucuman.com\/web\/#organization","name":"El Diario de Tucuman","url":"https:\/\/www.eldiariodetucuman.com\/web\/","logo":{"@type":"ImageObject","inLanguage":"es","@id":"https:\/\/www.eldiariodetucuman.com\/web\/#\/schema\/logo\/image\/","url":"http:\/\/www.eldiariodetucuman.com\/web\/wp-content\/uploads\/2017\/12\/el-diario-de-tucuman.jpg","contentUrl":"http:\/\/www.eldiariodetucuman.com\/web\/wp-content\/uploads\/2017\/12\/el-diario-de-tucuman.jpg","width":272,"height":92,"caption":"El Diario de Tucuman"},"image":{"@id":"https:\/\/www.eldiariodetucuman.com\/web\/#\/schema\/logo\/image\/"}},{"@type":"Person","@id":"https:\/\/www.eldiariodetucuman.com\/web\/#\/schema\/person\/9250197d75ab5483412e19678b121caa","name":"admin","image":{"@type":"ImageObject","inLanguage":"es","@id":"https:\/\/secure.gravatar.com\/avatar\/c44d117c2be811212c22cb481f6b8384b6873de103fbc49e7a03cc58d7dea4ac?s=96&d=mm&r=g","url":"https:\/\/secure.gravatar.com\/avatar\/c44d117c2be811212c22cb481f6b8384b6873de103fbc49e7a03cc58d7dea4ac?s=96&d=mm&r=g","contentUrl":"https:\/\/secure.gravatar.com\/avatar\/c44d117c2be811212c22cb481f6b8384b6873de103fbc49e7a03cc58d7dea4ac?s=96&d=mm&r=g","caption":"admin"},"url":"https:\/\/www.eldiariodetucuman.com\/web\/author\/admin\/"}]}},"_links":{"self":[{"href":"https:\/\/www.eldiariodetucuman.com\/web\/wp-json\/wp\/v2\/posts\/6492","targetHints":{"allow":["GET"]}}],"collection":[{"href":"https:\/\/www.eldiariodetucuman.com\/web\/wp-json\/wp\/v2\/posts"}],"about":[{"href":"https:\/\/www.eldiariodetucuman.com\/web\/wp-json\/wp\/v2\/types\/post"}],"author":[{"embeddable":true,"href":"https:\/\/www.eldiariodetucuman.com\/web\/wp-json\/wp\/v2\/users\/1"}],"replies":[{"embeddable":true,"href":"https:\/\/www.eldiariodetucuman.com\/web\/wp-json\/wp\/v2\/comments?post=6492"}],"version-history":[{"count":1,"href":"https:\/\/www.eldiariodetucuman.com\/web\/wp-json\/wp\/v2\/posts\/6492\/revisions"}],"predecessor-version":[{"id":6494,"href":"https:\/\/www.eldiariodetucuman.com\/web\/wp-json\/wp\/v2\/posts\/6492\/revisions\/6494"}],"wp:featuredmedia":[{"embeddable":true,"href":"https:\/\/www.eldiariodetucuman.com\/web\/wp-json\/wp\/v2\/media\/6493"}],"wp:attachment":[{"href":"https:\/\/www.eldiariodetucuman.com\/web\/wp-json\/wp\/v2\/media?parent=6492"}],"wp:term":[{"taxonomy":"category","embeddable":true,"href":"https:\/\/www.eldiariodetucuman.com\/web\/wp-json\/wp\/v2\/categories?post=6492"},{"taxonomy":"post_tag","embeddable":true,"href":"https:\/\/www.eldiariodetucuman.com\/web\/wp-json\/wp\/v2\/tags?post=6492"}],"curies":[{"name":"wp","href":"https:\/\/api.w.org\/{rel}","templated":true}]}}