{"id":6407,"date":"2018-03-08T12:07:52","date_gmt":"2018-03-08T15:07:52","guid":{"rendered":"http:\/\/www.eldiariodetucuman.com\/web\/manzur-inauguro-mejoras-urbanisticas-en-famailla\/"},"modified":"2018-03-08T12:07:53","modified_gmt":"2018-03-08T15:07:53","slug":"manzur-inauguro-mejoras-urbanisticas-en-famailla","status":"publish","type":"post","link":"https:\/\/www.eldiariodetucuman.com\/web\/manzur-inauguro-mejoras-urbanisticas-en-famailla\/","title":{"rendered":"Manzur inaugur\u00f3 mejoras urban\u00edsticas en Famaill\u00e1"},"content":{"rendered":"<div>\n<div readability=\"58\">\n<p>Bregar por la calidad de vida y la seguridad de los vecinos. Ese es el fin de las nuevas obras presentadas este mi\u00e9rcoles en Famaill\u00e1. Hasta all\u00ed lleg\u00f3 el gobernador <strong>Juan Manzur<\/strong>, para inaugurar la ampliaci\u00f3n de iluminaci\u00f3n de la ruta al Ingenio Fronterita y el nuevo pavimento articulado en el km 112 de la Ruta 38.<\/p>\n<blockquote readability=\"9\">\n<p>Hoy vinimos a poner en marcha todo lo que la intendenta viene haciendo pero tambi\u00e9n venimos a decirle que siga para adelante, que la vamos a acompa\u00f1ar\u201d, expres\u00f3 Manzur bajo una copiosa lluvia y agreg\u00f3 \u201cestamos contentos de estar ac\u00e1 y redoblar el compromiso con los vecinos\u201d.<\/p>\n<\/blockquote>\n<p>A su turno, el vicegobernador <strong>Osvaldo Jaldo, <\/strong>puntualiz\u00f3 en el tema de la\u00a0seguridad que garantiza el nuevo alumbrado p\u00fablico de la zona. \u201cEsto tiene que ver con mejorar urbanisticamente la zona, pero fundamentalmente tiene que ver con la seguridad, con la vida de los vecinos\u201d, argument\u00f3 Jaldo.<\/p>\n<p>De acuerdo a la intendenta de Famaill\u00e1, <strong>Patricia Lizarraga,\u00a0<\/strong>se trata de un sistema led de m\u00e1s de 1630 metros de iluminaci\u00f3n realizado con fondos del municipio.<\/p>\n<p>\u201cEsto trae\u00a0much\u00edsimo avance sobre todo a la seguridad. Todo esto es gracias al apoyo del Gobierno de la provincia\u201d, cerr\u00f3 Lizarraga.<\/p>\n<\/div>\n<\/div>\n<p>Fuente: http:\/\/comunicaciontucuman.gob.ar\/2018\/03\/manzur-inaugura-mejoras-urbanisticas-en-famailla\/<\/p>\n","protected":false},"excerpt":{"rendered":"<p>Bregar por la calidad de vida y la seguridad de los vecinos. Ese es el fin de las nuevas obras presentadas este mi\u00e9rcoles en Famaill\u00e1. Hasta all\u00ed lleg\u00f3 el gobernador Juan Manzur, para inaugurar la ampliaci\u00f3n de iluminaci\u00f3n de la ruta al Ingenio Fronterita y el nuevo pavimento articulado en el km 112 de la [&hellip;]<\/p>\n","protected":false},"author":1,"featured_media":6408,"comment_status":"open","ping_status":"closed","sticky":false,"template":"","format":"standard","meta":{"footnotes":""},"categories":[3],"tags":[],"class_list":{"0":"post-6407","1":"post","2":"type-post","3":"status-publish","4":"format-standard","5":"has-post-thumbnail","7":"category-politica"},"yoast_head":"<!-- This site is optimized with the Yoast SEO plugin v27.4 - https:\/\/yoast.com\/product\/yoast-seo-wordpress\/ -->\n<title>Manzur inaugur\u00f3 mejoras urban\u00edsticas en Famaill\u00e1 - El Diario de Tucuman<\/title>\n<meta name=\"robots\" content=\"index, follow, max-snippet:-1, max-image-preview:large, max-video-preview:-1\" \/>\n<link rel=\"canonical\" href=\"https:\/\/www.eldiariodetucuman.com\/web\/manzur-inauguro-mejoras-urbanisticas-en-famailla\/\" \/>\n<meta property=\"og:locale\" content=\"es_ES\" \/>\n<meta property=\"og:type\" content=\"article\" \/>\n<meta property=\"og:title\" content=\"Manzur inaugur\u00f3 mejoras urban\u00edsticas en Famaill\u00e1 - El Diario de Tucuman\" \/>\n<meta property=\"og:description\" content=\"Bregar por la calidad de vida y la seguridad de los vecinos. Ese es el fin de las nuevas obras presentadas este mi\u00e9rcoles en Famaill\u00e1. Hasta all\u00ed lleg\u00f3 el gobernador Juan Manzur, para inaugurar la ampliaci\u00f3n de iluminaci\u00f3n de la ruta al Ingenio Fronterita y el nuevo pavimento articulado en el km 112 de la [&hellip;]\" \/>\n<meta property=\"og:url\" content=\"https:\/\/www.eldiariodetucuman.com\/web\/manzur-inauguro-mejoras-urbanisticas-en-famailla\/\" \/>\n<meta property=\"og:site_name\" content=\"El Diario de Tucuman\" \/>\n<meta property=\"article:published_time\" content=\"2018-03-08T15:07:52+00:00\" \/>\n<meta property=\"article:modified_time\" content=\"2018-03-08T15:07:53+00:00\" \/>\n<meta property=\"og:image\" content=\"https:\/\/www.eldiariodetucuman.com\/web\/wp-content\/uploads\/2018\/03\/d2765eb5b7aecd01837630cd533239ea.jpeg\" \/>\n\t<meta property=\"og:image:width\" content=\"300\" \/>\n\t<meta property=\"og:image:height\" content=\"166\" \/>\n\t<meta property=\"og:image:type\" content=\"image\/jpeg\" \/>\n<meta name=\"author\" content=\"admin\" \/>\n<meta name=\"twitter:card\" content=\"summary_large_image\" \/>\n<meta name=\"twitter:label1\" content=\"Escrito por\" \/>\n\t<meta name=\"twitter:data1\" content=\"admin\" \/>\n\t<meta name=\"twitter:label2\" content=\"Tiempo de lectura\" \/>\n\t<meta name=\"twitter:data2\" content=\"1 minuto\" \/>\n<script type=\"application\/ld+json\" class=\"yoast-schema-graph\">{\"@context\":\"https:\\\/\\\/schema.org\",\"@graph\":[{\"@type\":\"Article\",\"@id\":\"https:\\\/\\\/www.eldiariodetucuman.com\\\/web\\\/manzur-inauguro-mejoras-urbanisticas-en-famailla\\\/#article\",\"isPartOf\":{\"@id\":\"https:\\\/\\\/www.eldiariodetucuman.com\\\/web\\\/manzur-inauguro-mejoras-urbanisticas-en-famailla\\\/\"},\"author\":{\"name\":\"admin\",\"@id\":\"https:\\\/\\\/www.eldiariodetucuman.com\\\/web\\\/#\\\/schema\\\/person\\\/9250197d75ab5483412e19678b121caa\"},\"headline\":\"Manzur inaugur\u00f3 mejoras urban\u00edsticas en Famaill\u00e1\",\"datePublished\":\"2018-03-08T15:07:52+00:00\",\"dateModified\":\"2018-03-08T15:07:53+00:00\",\"mainEntityOfPage\":{\"@id\":\"https:\\\/\\\/www.eldiariodetucuman.com\\\/web\\\/manzur-inauguro-mejoras-urbanisticas-en-famailla\\\/\"},\"wordCount\":220,\"commentCount\":0,\"publisher\":{\"@id\":\"https:\\\/\\\/www.eldiariodetucuman.com\\\/web\\\/#organization\"},\"image\":{\"@id\":\"https:\\\/\\\/www.eldiariodetucuman.com\\\/web\\\/manzur-inauguro-mejoras-urbanisticas-en-famailla\\\/#primaryimage\"},\"thumbnailUrl\":\"https:\\\/\\\/www.eldiariodetucuman.com\\\/web\\\/wp-content\\\/uploads\\\/2018\\\/03\\\/d2765eb5b7aecd01837630cd533239ea.jpeg\",\"articleSection\":[\"Politica\"],\"inLanguage\":\"es\",\"potentialAction\":[{\"@type\":\"CommentAction\",\"name\":\"Comment\",\"target\":[\"https:\\\/\\\/www.eldiariodetucuman.com\\\/web\\\/manzur-inauguro-mejoras-urbanisticas-en-famailla\\\/#respond\"]}]},{\"@type\":\"WebPage\",\"@id\":\"https:\\\/\\\/www.eldiariodetucuman.com\\\/web\\\/manzur-inauguro-mejoras-urbanisticas-en-famailla\\\/\",\"url\":\"https:\\\/\\\/www.eldiariodetucuman.com\\\/web\\\/manzur-inauguro-mejoras-urbanisticas-en-famailla\\\/\",\"name\":\"Manzur inaugur\u00f3 mejoras urban\u00edsticas en Famaill\u00e1 - El Diario de Tucuman\",\"isPartOf\":{\"@id\":\"https:\\\/\\\/www.eldiariodetucuman.com\\\/web\\\/#website\"},\"primaryImageOfPage\":{\"@id\":\"https:\\\/\\\/www.eldiariodetucuman.com\\\/web\\\/manzur-inauguro-mejoras-urbanisticas-en-famailla\\\/#primaryimage\"},\"image\":{\"@id\":\"https:\\\/\\\/www.eldiariodetucuman.com\\\/web\\\/manzur-inauguro-mejoras-urbanisticas-en-famailla\\\/#primaryimage\"},\"thumbnailUrl\":\"https:\\\/\\\/www.eldiariodetucuman.com\\\/web\\\/wp-content\\\/uploads\\\/2018\\\/03\\\/d2765eb5b7aecd01837630cd533239ea.jpeg\",\"datePublished\":\"2018-03-08T15:07:52+00:00\",\"dateModified\":\"2018-03-08T15:07:53+00:00\",\"breadcrumb\":{\"@id\":\"https:\\\/\\\/www.eldiariodetucuman.com\\\/web\\\/manzur-inauguro-mejoras-urbanisticas-en-famailla\\\/#breadcrumb\"},\"inLanguage\":\"es\",\"potentialAction\":[{\"@type\":\"ReadAction\",\"target\":[\"https:\\\/\\\/www.eldiariodetucuman.com\\\/web\\\/manzur-inauguro-mejoras-urbanisticas-en-famailla\\\/\"]}]},{\"@type\":\"ImageObject\",\"inLanguage\":\"es\",\"@id\":\"https:\\\/\\\/www.eldiariodetucuman.com\\\/web\\\/manzur-inauguro-mejoras-urbanisticas-en-famailla\\\/#primaryimage\",\"url\":\"https:\\\/\\\/www.eldiariodetucuman.com\\\/web\\\/wp-content\\\/uploads\\\/2018\\\/03\\\/d2765eb5b7aecd01837630cd533239ea.jpeg\",\"contentUrl\":\"https:\\\/\\\/www.eldiariodetucuman.com\\\/web\\\/wp-content\\\/uploads\\\/2018\\\/03\\\/d2765eb5b7aecd01837630cd533239ea.jpeg\",\"width\":300,\"height\":166},{\"@type\":\"BreadcrumbList\",\"@id\":\"https:\\\/\\\/www.eldiariodetucuman.com\\\/web\\\/manzur-inauguro-mejoras-urbanisticas-en-famailla\\\/#breadcrumb\",\"itemListElement\":[{\"@type\":\"ListItem\",\"position\":1,\"name\":\"Portada\",\"item\":\"https:\\\/\\\/www.eldiariodetucuman.com\\\/web\\\/\"},{\"@type\":\"ListItem\",\"position\":2,\"name\":\"Manzur inaugur\u00f3 mejoras urban\u00edsticas en Famaill\u00e1\"}]},{\"@type\":\"WebSite\",\"@id\":\"https:\\\/\\\/www.eldiariodetucuman.com\\\/web\\\/#website\",\"url\":\"https:\\\/\\\/www.eldiariodetucuman.com\\\/web\\\/\",\"name\":\"El Diario de Tucuman\",\"description\":\"Diario Tucuman - Informaci\u00f3n y noticias\",\"publisher\":{\"@id\":\"https:\\\/\\\/www.eldiariodetucuman.com\\\/web\\\/#organization\"},\"potentialAction\":[{\"@type\":\"SearchAction\",\"target\":{\"@type\":\"EntryPoint\",\"urlTemplate\":\"https:\\\/\\\/www.eldiariodetucuman.com\\\/web\\\/?s={search_term_string}\"},\"query-input\":{\"@type\":\"PropertyValueSpecification\",\"valueRequired\":true,\"valueName\":\"search_term_string\"}}],\"inLanguage\":\"es\"},{\"@type\":\"Organization\",\"@id\":\"https:\\\/\\\/www.eldiariodetucuman.com\\\/web\\\/#organization\",\"name\":\"El Diario de Tucuman\",\"url\":\"https:\\\/\\\/www.eldiariodetucuman.com\\\/web\\\/\",\"logo\":{\"@type\":\"ImageObject\",\"inLanguage\":\"es\",\"@id\":\"https:\\\/\\\/www.eldiariodetucuman.com\\\/web\\\/#\\\/schema\\\/logo\\\/image\\\/\",\"url\":\"http:\\\/\\\/www.eldiariodetucuman.com\\\/web\\\/wp-content\\\/uploads\\\/2017\\\/12\\\/el-diario-de-tucuman.jpg\",\"contentUrl\":\"http:\\\/\\\/www.eldiariodetucuman.com\\\/web\\\/wp-content\\\/uploads\\\/2017\\\/12\\\/el-diario-de-tucuman.jpg\",\"width\":272,\"height\":92,\"caption\":\"El Diario de Tucuman\"},\"image\":{\"@id\":\"https:\\\/\\\/www.eldiariodetucuman.com\\\/web\\\/#\\\/schema\\\/logo\\\/image\\\/\"}},{\"@type\":\"Person\",\"@id\":\"https:\\\/\\\/www.eldiariodetucuman.com\\\/web\\\/#\\\/schema\\\/person\\\/9250197d75ab5483412e19678b121caa\",\"name\":\"admin\",\"image\":{\"@type\":\"ImageObject\",\"inLanguage\":\"es\",\"@id\":\"https:\\\/\\\/secure.gravatar.com\\\/avatar\\\/c44d117c2be811212c22cb481f6b8384b6873de103fbc49e7a03cc58d7dea4ac?s=96&d=mm&r=g\",\"url\":\"https:\\\/\\\/secure.gravatar.com\\\/avatar\\\/c44d117c2be811212c22cb481f6b8384b6873de103fbc49e7a03cc58d7dea4ac?s=96&d=mm&r=g\",\"contentUrl\":\"https:\\\/\\\/secure.gravatar.com\\\/avatar\\\/c44d117c2be811212c22cb481f6b8384b6873de103fbc49e7a03cc58d7dea4ac?s=96&d=mm&r=g\",\"caption\":\"admin\"},\"url\":\"https:\\\/\\\/www.eldiariodetucuman.com\\\/web\\\/author\\\/admin\\\/\"}]}<\/script>\n<!-- \/ Yoast SEO plugin. -->","yoast_head_json":{"title":"Manzur inaugur\u00f3 mejoras urban\u00edsticas en Famaill\u00e1 - El Diario de Tucuman","robots":{"index":"index","follow":"follow","max-snippet":"max-snippet:-1","max-image-preview":"max-image-preview:large","max-video-preview":"max-video-preview:-1"},"canonical":"https:\/\/www.eldiariodetucuman.com\/web\/manzur-inauguro-mejoras-urbanisticas-en-famailla\/","og_locale":"es_ES","og_type":"article","og_title":"Manzur inaugur\u00f3 mejoras urban\u00edsticas en Famaill\u00e1 - El Diario de Tucuman","og_description":"Bregar por la calidad de vida y la seguridad de los vecinos. Ese es el fin de las nuevas obras presentadas este mi\u00e9rcoles en Famaill\u00e1. Hasta all\u00ed lleg\u00f3 el gobernador Juan Manzur, para inaugurar la ampliaci\u00f3n de iluminaci\u00f3n de la ruta al Ingenio Fronterita y el nuevo pavimento articulado en el km 112 de la [&hellip;]","og_url":"https:\/\/www.eldiariodetucuman.com\/web\/manzur-inauguro-mejoras-urbanisticas-en-famailla\/","og_site_name":"El Diario de Tucuman","article_published_time":"2018-03-08T15:07:52+00:00","article_modified_time":"2018-03-08T15:07:53+00:00","og_image":[{"width":300,"height":166,"url":"https:\/\/www.eldiariodetucuman.com\/web\/wp-content\/uploads\/2018\/03\/d2765eb5b7aecd01837630cd533239ea.jpeg","type":"image\/jpeg"}],"author":"admin","twitter_card":"summary_large_image","twitter_misc":{"Escrito por":"admin","Tiempo de lectura":"1 minuto"},"schema":{"@context":"https:\/\/schema.org","@graph":[{"@type":"Article","@id":"https:\/\/www.eldiariodetucuman.com\/web\/manzur-inauguro-mejoras-urbanisticas-en-famailla\/#article","isPartOf":{"@id":"https:\/\/www.eldiariodetucuman.com\/web\/manzur-inauguro-mejoras-urbanisticas-en-famailla\/"},"author":{"name":"admin","@id":"https:\/\/www.eldiariodetucuman.com\/web\/#\/schema\/person\/9250197d75ab5483412e19678b121caa"},"headline":"Manzur inaugur\u00f3 mejoras urban\u00edsticas en Famaill\u00e1","datePublished":"2018-03-08T15:07:52+00:00","dateModified":"2018-03-08T15:07:53+00:00","mainEntityOfPage":{"@id":"https:\/\/www.eldiariodetucuman.com\/web\/manzur-inauguro-mejoras-urbanisticas-en-famailla\/"},"wordCount":220,"commentCount":0,"publisher":{"@id":"https:\/\/www.eldiariodetucuman.com\/web\/#organization"},"image":{"@id":"https:\/\/www.eldiariodetucuman.com\/web\/manzur-inauguro-mejoras-urbanisticas-en-famailla\/#primaryimage"},"thumbnailUrl":"https:\/\/www.eldiariodetucuman.com\/web\/wp-content\/uploads\/2018\/03\/d2765eb5b7aecd01837630cd533239ea.jpeg","articleSection":["Politica"],"inLanguage":"es","potentialAction":[{"@type":"CommentAction","name":"Comment","target":["https:\/\/www.eldiariodetucuman.com\/web\/manzur-inauguro-mejoras-urbanisticas-en-famailla\/#respond"]}]},{"@type":"WebPage","@id":"https:\/\/www.eldiariodetucuman.com\/web\/manzur-inauguro-mejoras-urbanisticas-en-famailla\/","url":"https:\/\/www.eldiariodetucuman.com\/web\/manzur-inauguro-mejoras-urbanisticas-en-famailla\/","name":"Manzur inaugur\u00f3 mejoras urban\u00edsticas en Famaill\u00e1 - El Diario de Tucuman","isPartOf":{"@id":"https:\/\/www.eldiariodetucuman.com\/web\/#website"},"primaryImageOfPage":{"@id":"https:\/\/www.eldiariodetucuman.com\/web\/manzur-inauguro-mejoras-urbanisticas-en-famailla\/#primaryimage"},"image":{"@id":"https:\/\/www.eldiariodetucuman.com\/web\/manzur-inauguro-mejoras-urbanisticas-en-famailla\/#primaryimage"},"thumbnailUrl":"https:\/\/www.eldiariodetucuman.com\/web\/wp-content\/uploads\/2018\/03\/d2765eb5b7aecd01837630cd533239ea.jpeg","datePublished":"2018-03-08T15:07:52+00:00","dateModified":"2018-03-08T15:07:53+00:00","breadcrumb":{"@id":"https:\/\/www.eldiariodetucuman.com\/web\/manzur-inauguro-mejoras-urbanisticas-en-famailla\/#breadcrumb"},"inLanguage":"es","potentialAction":[{"@type":"ReadAction","target":["https:\/\/www.eldiariodetucuman.com\/web\/manzur-inauguro-mejoras-urbanisticas-en-famailla\/"]}]},{"@type":"ImageObject","inLanguage":"es","@id":"https:\/\/www.eldiariodetucuman.com\/web\/manzur-inauguro-mejoras-urbanisticas-en-famailla\/#primaryimage","url":"https:\/\/www.eldiariodetucuman.com\/web\/wp-content\/uploads\/2018\/03\/d2765eb5b7aecd01837630cd533239ea.jpeg","contentUrl":"https:\/\/www.eldiariodetucuman.com\/web\/wp-content\/uploads\/2018\/03\/d2765eb5b7aecd01837630cd533239ea.jpeg","width":300,"height":166},{"@type":"BreadcrumbList","@id":"https:\/\/www.eldiariodetucuman.com\/web\/manzur-inauguro-mejoras-urbanisticas-en-famailla\/#breadcrumb","itemListElement":[{"@type":"ListItem","position":1,"name":"Portada","item":"https:\/\/www.eldiariodetucuman.com\/web\/"},{"@type":"ListItem","position":2,"name":"Manzur inaugur\u00f3 mejoras urban\u00edsticas en Famaill\u00e1"}]},{"@type":"WebSite","@id":"https:\/\/www.eldiariodetucuman.com\/web\/#website","url":"https:\/\/www.eldiariodetucuman.com\/web\/","name":"El Diario de Tucuman","description":"Diario Tucuman - Informaci\u00f3n y noticias","publisher":{"@id":"https:\/\/www.eldiariodetucuman.com\/web\/#organization"},"potentialAction":[{"@type":"SearchAction","target":{"@type":"EntryPoint","urlTemplate":"https:\/\/www.eldiariodetucuman.com\/web\/?s={search_term_string}"},"query-input":{"@type":"PropertyValueSpecification","valueRequired":true,"valueName":"search_term_string"}}],"inLanguage":"es"},{"@type":"Organization","@id":"https:\/\/www.eldiariodetucuman.com\/web\/#organization","name":"El Diario de Tucuman","url":"https:\/\/www.eldiariodetucuman.com\/web\/","logo":{"@type":"ImageObject","inLanguage":"es","@id":"https:\/\/www.eldiariodetucuman.com\/web\/#\/schema\/logo\/image\/","url":"http:\/\/www.eldiariodetucuman.com\/web\/wp-content\/uploads\/2017\/12\/el-diario-de-tucuman.jpg","contentUrl":"http:\/\/www.eldiariodetucuman.com\/web\/wp-content\/uploads\/2017\/12\/el-diario-de-tucuman.jpg","width":272,"height":92,"caption":"El Diario de Tucuman"},"image":{"@id":"https:\/\/www.eldiariodetucuman.com\/web\/#\/schema\/logo\/image\/"}},{"@type":"Person","@id":"https:\/\/www.eldiariodetucuman.com\/web\/#\/schema\/person\/9250197d75ab5483412e19678b121caa","name":"admin","image":{"@type":"ImageObject","inLanguage":"es","@id":"https:\/\/secure.gravatar.com\/avatar\/c44d117c2be811212c22cb481f6b8384b6873de103fbc49e7a03cc58d7dea4ac?s=96&d=mm&r=g","url":"https:\/\/secure.gravatar.com\/avatar\/c44d117c2be811212c22cb481f6b8384b6873de103fbc49e7a03cc58d7dea4ac?s=96&d=mm&r=g","contentUrl":"https:\/\/secure.gravatar.com\/avatar\/c44d117c2be811212c22cb481f6b8384b6873de103fbc49e7a03cc58d7dea4ac?s=96&d=mm&r=g","caption":"admin"},"url":"https:\/\/www.eldiariodetucuman.com\/web\/author\/admin\/"}]}},"_links":{"self":[{"href":"https:\/\/www.eldiariodetucuman.com\/web\/wp-json\/wp\/v2\/posts\/6407","targetHints":{"allow":["GET"]}}],"collection":[{"href":"https:\/\/www.eldiariodetucuman.com\/web\/wp-json\/wp\/v2\/posts"}],"about":[{"href":"https:\/\/www.eldiariodetucuman.com\/web\/wp-json\/wp\/v2\/types\/post"}],"author":[{"embeddable":true,"href":"https:\/\/www.eldiariodetucuman.com\/web\/wp-json\/wp\/v2\/users\/1"}],"replies":[{"embeddable":true,"href":"https:\/\/www.eldiariodetucuman.com\/web\/wp-json\/wp\/v2\/comments?post=6407"}],"version-history":[{"count":1,"href":"https:\/\/www.eldiariodetucuman.com\/web\/wp-json\/wp\/v2\/posts\/6407\/revisions"}],"predecessor-version":[{"id":6409,"href":"https:\/\/www.eldiariodetucuman.com\/web\/wp-json\/wp\/v2\/posts\/6407\/revisions\/6409"}],"wp:featuredmedia":[{"embeddable":true,"href":"https:\/\/www.eldiariodetucuman.com\/web\/wp-json\/wp\/v2\/media\/6408"}],"wp:attachment":[{"href":"https:\/\/www.eldiariodetucuman.com\/web\/wp-json\/wp\/v2\/media?parent=6407"}],"wp:term":[{"taxonomy":"category","embeddable":true,"href":"https:\/\/www.eldiariodetucuman.com\/web\/wp-json\/wp\/v2\/categories?post=6407"},{"taxonomy":"post_tag","embeddable":true,"href":"https:\/\/www.eldiariodetucuman.com\/web\/wp-json\/wp\/v2\/tags?post=6407"}],"curies":[{"name":"wp","href":"https:\/\/api.w.org\/{rel}","templated":true}]}}