{"id":6404,"date":"2018-03-08T12:07:42","date_gmt":"2018-03-08T15:07:42","guid":{"rendered":"http:\/\/www.eldiariodetucuman.com\/web\/mujeres-del-ellas-hacen-cierran-el-ciclo-con-muestras-de-arte\/"},"modified":"2018-03-08T12:07:43","modified_gmt":"2018-03-08T15:07:43","slug":"mujeres-del-ellas-hacen-cierran-el-ciclo-con-muestras-de-arte","status":"publish","type":"post","link":"https:\/\/www.eldiariodetucuman.com\/web\/mujeres-del-ellas-hacen-cierran-el-ciclo-con-muestras-de-arte\/","title":{"rendered":"Mujeres del Ellas Hacen cierran el ciclo con muestras de arte"},"content":{"rendered":"<div>\n<div readability=\"54\">\n<p>En conmemoraci\u00f3n del D\u00eda de la Mujer, el Ingenio Cultural fue escenario de las muestras de las titulares\u00a0del \u201cEllas Hacen Cultura\u201d. El programa desarrolla una serie de talleres donde las participantes\u00a0desarrollan nuevas aptitudes que pudieron demostrar este jueves frente al gobernador <strong>Juan Manzur.<\/strong><\/p>\n<p>\u201cHemos venido a estar con estas mujeres que mostraron este tes\u00f3n por superarse. Mujeres que lograron salir adelante en situaciones dif\u00edciles a trav\u00e9s de este programa financiado por el Gobierno de la provincia\u201d, manifest\u00f3 el mandatario.<\/p>\n<p>\u00a0<\/p>\n<p>Alrededor de 13.000 mujeres son parte del programa Ellas Hacen. A trav\u00e9s de esta estrategia finalizan sus estudios primarios y secundarios.\u00a0Asimismo,\u00a0pueden elegir\u00a0una linea optativa de distintas lineas: preventora de violencia de genero, preventora de consumo problem\u00e1tica de consumo problem\u00e1tico de droga, cuidadora de primera infancia y cuidadora de adultos mayores.<\/p>\n<p>\u201cBuscamos que puedan salir de situaciones dif\u00edciles a trav\u00e9s de la educaci\u00f3n. Muchas de estas mujeres ya est\u00e1n pensando en insertarse en la universidad y el gobierno de la provincia las va a ayudar\u201d, resalt\u00f3 Manzur.<\/p>\n<p>\u00a0<\/p>\n<\/div>\n<\/div>\n<p>Fuente: http:\/\/comunicaciontucuman.gob.ar\/2018\/03\/mujeres-del-ellas-hacen-cierran-el-ciclo-con-muestras-de-canto-y-baile\/<\/p>\n","protected":false},"excerpt":{"rendered":"<p>En conmemoraci\u00f3n del D\u00eda de la Mujer, el Ingenio Cultural fue escenario de las muestras de las titulares\u00a0del \u201cEllas Hacen Cultura\u201d. El programa desarrolla una serie de talleres donde las participantes\u00a0desarrollan nuevas aptitudes que pudieron demostrar este jueves frente al gobernador Juan Manzur. \u201cHemos venido a estar con estas mujeres que mostraron este tes\u00f3n por [&hellip;]<\/p>\n","protected":false},"author":1,"featured_media":6405,"comment_status":"open","ping_status":"closed","sticky":false,"template":"","format":"standard","meta":{"footnotes":""},"categories":[3],"tags":[],"class_list":{"0":"post-6404","1":"post","2":"type-post","3":"status-publish","4":"format-standard","5":"has-post-thumbnail","7":"category-politica"},"yoast_head":"<!-- This site is optimized with the Yoast SEO plugin v27.4 - https:\/\/yoast.com\/product\/yoast-seo-wordpress\/ -->\n<title>Mujeres del Ellas Hacen cierran el ciclo con muestras de arte - El Diario de Tucuman<\/title>\n<meta name=\"robots\" content=\"index, follow, max-snippet:-1, max-image-preview:large, max-video-preview:-1\" \/>\n<link rel=\"canonical\" href=\"https:\/\/www.eldiariodetucuman.com\/web\/mujeres-del-ellas-hacen-cierran-el-ciclo-con-muestras-de-arte\/\" \/>\n<meta property=\"og:locale\" content=\"es_ES\" \/>\n<meta property=\"og:type\" content=\"article\" \/>\n<meta property=\"og:title\" content=\"Mujeres del Ellas Hacen cierran el ciclo con muestras de arte - El Diario de Tucuman\" \/>\n<meta property=\"og:description\" content=\"En conmemoraci\u00f3n del D\u00eda de la Mujer, el Ingenio Cultural fue escenario de las muestras de las titulares\u00a0del \u201cEllas Hacen Cultura\u201d. El programa desarrolla una serie de talleres donde las participantes\u00a0desarrollan nuevas aptitudes que pudieron demostrar este jueves frente al gobernador Juan Manzur. \u201cHemos venido a estar con estas mujeres que mostraron este tes\u00f3n por [&hellip;]\" \/>\n<meta property=\"og:url\" content=\"https:\/\/www.eldiariodetucuman.com\/web\/mujeres-del-ellas-hacen-cierran-el-ciclo-con-muestras-de-arte\/\" \/>\n<meta property=\"og:site_name\" content=\"El Diario de Tucuman\" \/>\n<meta property=\"article:published_time\" content=\"2018-03-08T15:07:42+00:00\" \/>\n<meta property=\"article:modified_time\" content=\"2018-03-08T15:07:43+00:00\" \/>\n<meta property=\"og:image\" content=\"https:\/\/www.eldiariodetucuman.com\/web\/wp-content\/uploads\/2018\/03\/3ff3e2667d3b350b5f0447cab57a8e87.jpeg\" \/>\n\t<meta property=\"og:image:width\" content=\"300\" \/>\n\t<meta property=\"og:image:height\" content=\"166\" \/>\n\t<meta property=\"og:image:type\" content=\"image\/jpeg\" \/>\n<meta name=\"author\" content=\"admin\" \/>\n<meta name=\"twitter:card\" content=\"summary_large_image\" \/>\n<meta name=\"twitter:label1\" content=\"Escrito por\" \/>\n\t<meta name=\"twitter:data1\" content=\"admin\" \/>\n\t<meta name=\"twitter:label2\" content=\"Tiempo de lectura\" \/>\n\t<meta name=\"twitter:data2\" content=\"1 minuto\" \/>\n<script type=\"application\/ld+json\" class=\"yoast-schema-graph\">{\"@context\":\"https:\\\/\\\/schema.org\",\"@graph\":[{\"@type\":\"Article\",\"@id\":\"https:\\\/\\\/www.eldiariodetucuman.com\\\/web\\\/mujeres-del-ellas-hacen-cierran-el-ciclo-con-muestras-de-arte\\\/#article\",\"isPartOf\":{\"@id\":\"https:\\\/\\\/www.eldiariodetucuman.com\\\/web\\\/mujeres-del-ellas-hacen-cierran-el-ciclo-con-muestras-de-arte\\\/\"},\"author\":{\"name\":\"admin\",\"@id\":\"https:\\\/\\\/www.eldiariodetucuman.com\\\/web\\\/#\\\/schema\\\/person\\\/9250197d75ab5483412e19678b121caa\"},\"headline\":\"Mujeres del Ellas Hacen cierran el ciclo con muestras de arte\",\"datePublished\":\"2018-03-08T15:07:42+00:00\",\"dateModified\":\"2018-03-08T15:07:43+00:00\",\"mainEntityOfPage\":{\"@id\":\"https:\\\/\\\/www.eldiariodetucuman.com\\\/web\\\/mujeres-del-ellas-hacen-cierran-el-ciclo-con-muestras-de-arte\\\/\"},\"wordCount\":198,\"commentCount\":0,\"publisher\":{\"@id\":\"https:\\\/\\\/www.eldiariodetucuman.com\\\/web\\\/#organization\"},\"image\":{\"@id\":\"https:\\\/\\\/www.eldiariodetucuman.com\\\/web\\\/mujeres-del-ellas-hacen-cierran-el-ciclo-con-muestras-de-arte\\\/#primaryimage\"},\"thumbnailUrl\":\"https:\\\/\\\/www.eldiariodetucuman.com\\\/web\\\/wp-content\\\/uploads\\\/2018\\\/03\\\/3ff3e2667d3b350b5f0447cab57a8e87.jpeg\",\"articleSection\":[\"Politica\"],\"inLanguage\":\"es\",\"potentialAction\":[{\"@type\":\"CommentAction\",\"name\":\"Comment\",\"target\":[\"https:\\\/\\\/www.eldiariodetucuman.com\\\/web\\\/mujeres-del-ellas-hacen-cierran-el-ciclo-con-muestras-de-arte\\\/#respond\"]}]},{\"@type\":\"WebPage\",\"@id\":\"https:\\\/\\\/www.eldiariodetucuman.com\\\/web\\\/mujeres-del-ellas-hacen-cierran-el-ciclo-con-muestras-de-arte\\\/\",\"url\":\"https:\\\/\\\/www.eldiariodetucuman.com\\\/web\\\/mujeres-del-ellas-hacen-cierran-el-ciclo-con-muestras-de-arte\\\/\",\"name\":\"Mujeres del Ellas Hacen cierran el ciclo con muestras de arte - El Diario de Tucuman\",\"isPartOf\":{\"@id\":\"https:\\\/\\\/www.eldiariodetucuman.com\\\/web\\\/#website\"},\"primaryImageOfPage\":{\"@id\":\"https:\\\/\\\/www.eldiariodetucuman.com\\\/web\\\/mujeres-del-ellas-hacen-cierran-el-ciclo-con-muestras-de-arte\\\/#primaryimage\"},\"image\":{\"@id\":\"https:\\\/\\\/www.eldiariodetucuman.com\\\/web\\\/mujeres-del-ellas-hacen-cierran-el-ciclo-con-muestras-de-arte\\\/#primaryimage\"},\"thumbnailUrl\":\"https:\\\/\\\/www.eldiariodetucuman.com\\\/web\\\/wp-content\\\/uploads\\\/2018\\\/03\\\/3ff3e2667d3b350b5f0447cab57a8e87.jpeg\",\"datePublished\":\"2018-03-08T15:07:42+00:00\",\"dateModified\":\"2018-03-08T15:07:43+00:00\",\"breadcrumb\":{\"@id\":\"https:\\\/\\\/www.eldiariodetucuman.com\\\/web\\\/mujeres-del-ellas-hacen-cierran-el-ciclo-con-muestras-de-arte\\\/#breadcrumb\"},\"inLanguage\":\"es\",\"potentialAction\":[{\"@type\":\"ReadAction\",\"target\":[\"https:\\\/\\\/www.eldiariodetucuman.com\\\/web\\\/mujeres-del-ellas-hacen-cierran-el-ciclo-con-muestras-de-arte\\\/\"]}]},{\"@type\":\"ImageObject\",\"inLanguage\":\"es\",\"@id\":\"https:\\\/\\\/www.eldiariodetucuman.com\\\/web\\\/mujeres-del-ellas-hacen-cierran-el-ciclo-con-muestras-de-arte\\\/#primaryimage\",\"url\":\"https:\\\/\\\/www.eldiariodetucuman.com\\\/web\\\/wp-content\\\/uploads\\\/2018\\\/03\\\/3ff3e2667d3b350b5f0447cab57a8e87.jpeg\",\"contentUrl\":\"https:\\\/\\\/www.eldiariodetucuman.com\\\/web\\\/wp-content\\\/uploads\\\/2018\\\/03\\\/3ff3e2667d3b350b5f0447cab57a8e87.jpeg\",\"width\":300,\"height\":166},{\"@type\":\"BreadcrumbList\",\"@id\":\"https:\\\/\\\/www.eldiariodetucuman.com\\\/web\\\/mujeres-del-ellas-hacen-cierran-el-ciclo-con-muestras-de-arte\\\/#breadcrumb\",\"itemListElement\":[{\"@type\":\"ListItem\",\"position\":1,\"name\":\"Portada\",\"item\":\"https:\\\/\\\/www.eldiariodetucuman.com\\\/web\\\/\"},{\"@type\":\"ListItem\",\"position\":2,\"name\":\"Mujeres del Ellas Hacen cierran el ciclo con muestras de arte\"}]},{\"@type\":\"WebSite\",\"@id\":\"https:\\\/\\\/www.eldiariodetucuman.com\\\/web\\\/#website\",\"url\":\"https:\\\/\\\/www.eldiariodetucuman.com\\\/web\\\/\",\"name\":\"El Diario de Tucuman\",\"description\":\"Diario Tucuman - Informaci\u00f3n y noticias\",\"publisher\":{\"@id\":\"https:\\\/\\\/www.eldiariodetucuman.com\\\/web\\\/#organization\"},\"potentialAction\":[{\"@type\":\"SearchAction\",\"target\":{\"@type\":\"EntryPoint\",\"urlTemplate\":\"https:\\\/\\\/www.eldiariodetucuman.com\\\/web\\\/?s={search_term_string}\"},\"query-input\":{\"@type\":\"PropertyValueSpecification\",\"valueRequired\":true,\"valueName\":\"search_term_string\"}}],\"inLanguage\":\"es\"},{\"@type\":\"Organization\",\"@id\":\"https:\\\/\\\/www.eldiariodetucuman.com\\\/web\\\/#organization\",\"name\":\"El Diario de Tucuman\",\"url\":\"https:\\\/\\\/www.eldiariodetucuman.com\\\/web\\\/\",\"logo\":{\"@type\":\"ImageObject\",\"inLanguage\":\"es\",\"@id\":\"https:\\\/\\\/www.eldiariodetucuman.com\\\/web\\\/#\\\/schema\\\/logo\\\/image\\\/\",\"url\":\"http:\\\/\\\/www.eldiariodetucuman.com\\\/web\\\/wp-content\\\/uploads\\\/2017\\\/12\\\/el-diario-de-tucuman.jpg\",\"contentUrl\":\"http:\\\/\\\/www.eldiariodetucuman.com\\\/web\\\/wp-content\\\/uploads\\\/2017\\\/12\\\/el-diario-de-tucuman.jpg\",\"width\":272,\"height\":92,\"caption\":\"El Diario de Tucuman\"},\"image\":{\"@id\":\"https:\\\/\\\/www.eldiariodetucuman.com\\\/web\\\/#\\\/schema\\\/logo\\\/image\\\/\"}},{\"@type\":\"Person\",\"@id\":\"https:\\\/\\\/www.eldiariodetucuman.com\\\/web\\\/#\\\/schema\\\/person\\\/9250197d75ab5483412e19678b121caa\",\"name\":\"admin\",\"image\":{\"@type\":\"ImageObject\",\"inLanguage\":\"es\",\"@id\":\"https:\\\/\\\/secure.gravatar.com\\\/avatar\\\/c44d117c2be811212c22cb481f6b8384b6873de103fbc49e7a03cc58d7dea4ac?s=96&d=mm&r=g\",\"url\":\"https:\\\/\\\/secure.gravatar.com\\\/avatar\\\/c44d117c2be811212c22cb481f6b8384b6873de103fbc49e7a03cc58d7dea4ac?s=96&d=mm&r=g\",\"contentUrl\":\"https:\\\/\\\/secure.gravatar.com\\\/avatar\\\/c44d117c2be811212c22cb481f6b8384b6873de103fbc49e7a03cc58d7dea4ac?s=96&d=mm&r=g\",\"caption\":\"admin\"},\"url\":\"https:\\\/\\\/www.eldiariodetucuman.com\\\/web\\\/author\\\/admin\\\/\"}]}<\/script>\n<!-- \/ Yoast SEO plugin. -->","yoast_head_json":{"title":"Mujeres del Ellas Hacen cierran el ciclo con muestras de arte - El Diario de Tucuman","robots":{"index":"index","follow":"follow","max-snippet":"max-snippet:-1","max-image-preview":"max-image-preview:large","max-video-preview":"max-video-preview:-1"},"canonical":"https:\/\/www.eldiariodetucuman.com\/web\/mujeres-del-ellas-hacen-cierran-el-ciclo-con-muestras-de-arte\/","og_locale":"es_ES","og_type":"article","og_title":"Mujeres del Ellas Hacen cierran el ciclo con muestras de arte - El Diario de Tucuman","og_description":"En conmemoraci\u00f3n del D\u00eda de la Mujer, el Ingenio Cultural fue escenario de las muestras de las titulares\u00a0del \u201cEllas Hacen Cultura\u201d. El programa desarrolla una serie de talleres donde las participantes\u00a0desarrollan nuevas aptitudes que pudieron demostrar este jueves frente al gobernador Juan Manzur. \u201cHemos venido a estar con estas mujeres que mostraron este tes\u00f3n por [&hellip;]","og_url":"https:\/\/www.eldiariodetucuman.com\/web\/mujeres-del-ellas-hacen-cierran-el-ciclo-con-muestras-de-arte\/","og_site_name":"El Diario de Tucuman","article_published_time":"2018-03-08T15:07:42+00:00","article_modified_time":"2018-03-08T15:07:43+00:00","og_image":[{"width":300,"height":166,"url":"https:\/\/www.eldiariodetucuman.com\/web\/wp-content\/uploads\/2018\/03\/3ff3e2667d3b350b5f0447cab57a8e87.jpeg","type":"image\/jpeg"}],"author":"admin","twitter_card":"summary_large_image","twitter_misc":{"Escrito por":"admin","Tiempo de lectura":"1 minuto"},"schema":{"@context":"https:\/\/schema.org","@graph":[{"@type":"Article","@id":"https:\/\/www.eldiariodetucuman.com\/web\/mujeres-del-ellas-hacen-cierran-el-ciclo-con-muestras-de-arte\/#article","isPartOf":{"@id":"https:\/\/www.eldiariodetucuman.com\/web\/mujeres-del-ellas-hacen-cierran-el-ciclo-con-muestras-de-arte\/"},"author":{"name":"admin","@id":"https:\/\/www.eldiariodetucuman.com\/web\/#\/schema\/person\/9250197d75ab5483412e19678b121caa"},"headline":"Mujeres del Ellas Hacen cierran el ciclo con muestras de arte","datePublished":"2018-03-08T15:07:42+00:00","dateModified":"2018-03-08T15:07:43+00:00","mainEntityOfPage":{"@id":"https:\/\/www.eldiariodetucuman.com\/web\/mujeres-del-ellas-hacen-cierran-el-ciclo-con-muestras-de-arte\/"},"wordCount":198,"commentCount":0,"publisher":{"@id":"https:\/\/www.eldiariodetucuman.com\/web\/#organization"},"image":{"@id":"https:\/\/www.eldiariodetucuman.com\/web\/mujeres-del-ellas-hacen-cierran-el-ciclo-con-muestras-de-arte\/#primaryimage"},"thumbnailUrl":"https:\/\/www.eldiariodetucuman.com\/web\/wp-content\/uploads\/2018\/03\/3ff3e2667d3b350b5f0447cab57a8e87.jpeg","articleSection":["Politica"],"inLanguage":"es","potentialAction":[{"@type":"CommentAction","name":"Comment","target":["https:\/\/www.eldiariodetucuman.com\/web\/mujeres-del-ellas-hacen-cierran-el-ciclo-con-muestras-de-arte\/#respond"]}]},{"@type":"WebPage","@id":"https:\/\/www.eldiariodetucuman.com\/web\/mujeres-del-ellas-hacen-cierran-el-ciclo-con-muestras-de-arte\/","url":"https:\/\/www.eldiariodetucuman.com\/web\/mujeres-del-ellas-hacen-cierran-el-ciclo-con-muestras-de-arte\/","name":"Mujeres del Ellas Hacen cierran el ciclo con muestras de arte - El Diario de Tucuman","isPartOf":{"@id":"https:\/\/www.eldiariodetucuman.com\/web\/#website"},"primaryImageOfPage":{"@id":"https:\/\/www.eldiariodetucuman.com\/web\/mujeres-del-ellas-hacen-cierran-el-ciclo-con-muestras-de-arte\/#primaryimage"},"image":{"@id":"https:\/\/www.eldiariodetucuman.com\/web\/mujeres-del-ellas-hacen-cierran-el-ciclo-con-muestras-de-arte\/#primaryimage"},"thumbnailUrl":"https:\/\/www.eldiariodetucuman.com\/web\/wp-content\/uploads\/2018\/03\/3ff3e2667d3b350b5f0447cab57a8e87.jpeg","datePublished":"2018-03-08T15:07:42+00:00","dateModified":"2018-03-08T15:07:43+00:00","breadcrumb":{"@id":"https:\/\/www.eldiariodetucuman.com\/web\/mujeres-del-ellas-hacen-cierran-el-ciclo-con-muestras-de-arte\/#breadcrumb"},"inLanguage":"es","potentialAction":[{"@type":"ReadAction","target":["https:\/\/www.eldiariodetucuman.com\/web\/mujeres-del-ellas-hacen-cierran-el-ciclo-con-muestras-de-arte\/"]}]},{"@type":"ImageObject","inLanguage":"es","@id":"https:\/\/www.eldiariodetucuman.com\/web\/mujeres-del-ellas-hacen-cierran-el-ciclo-con-muestras-de-arte\/#primaryimage","url":"https:\/\/www.eldiariodetucuman.com\/web\/wp-content\/uploads\/2018\/03\/3ff3e2667d3b350b5f0447cab57a8e87.jpeg","contentUrl":"https:\/\/www.eldiariodetucuman.com\/web\/wp-content\/uploads\/2018\/03\/3ff3e2667d3b350b5f0447cab57a8e87.jpeg","width":300,"height":166},{"@type":"BreadcrumbList","@id":"https:\/\/www.eldiariodetucuman.com\/web\/mujeres-del-ellas-hacen-cierran-el-ciclo-con-muestras-de-arte\/#breadcrumb","itemListElement":[{"@type":"ListItem","position":1,"name":"Portada","item":"https:\/\/www.eldiariodetucuman.com\/web\/"},{"@type":"ListItem","position":2,"name":"Mujeres del Ellas Hacen cierran el ciclo con muestras de arte"}]},{"@type":"WebSite","@id":"https:\/\/www.eldiariodetucuman.com\/web\/#website","url":"https:\/\/www.eldiariodetucuman.com\/web\/","name":"El Diario de Tucuman","description":"Diario Tucuman - Informaci\u00f3n y noticias","publisher":{"@id":"https:\/\/www.eldiariodetucuman.com\/web\/#organization"},"potentialAction":[{"@type":"SearchAction","target":{"@type":"EntryPoint","urlTemplate":"https:\/\/www.eldiariodetucuman.com\/web\/?s={search_term_string}"},"query-input":{"@type":"PropertyValueSpecification","valueRequired":true,"valueName":"search_term_string"}}],"inLanguage":"es"},{"@type":"Organization","@id":"https:\/\/www.eldiariodetucuman.com\/web\/#organization","name":"El Diario de Tucuman","url":"https:\/\/www.eldiariodetucuman.com\/web\/","logo":{"@type":"ImageObject","inLanguage":"es","@id":"https:\/\/www.eldiariodetucuman.com\/web\/#\/schema\/logo\/image\/","url":"http:\/\/www.eldiariodetucuman.com\/web\/wp-content\/uploads\/2017\/12\/el-diario-de-tucuman.jpg","contentUrl":"http:\/\/www.eldiariodetucuman.com\/web\/wp-content\/uploads\/2017\/12\/el-diario-de-tucuman.jpg","width":272,"height":92,"caption":"El Diario de Tucuman"},"image":{"@id":"https:\/\/www.eldiariodetucuman.com\/web\/#\/schema\/logo\/image\/"}},{"@type":"Person","@id":"https:\/\/www.eldiariodetucuman.com\/web\/#\/schema\/person\/9250197d75ab5483412e19678b121caa","name":"admin","image":{"@type":"ImageObject","inLanguage":"es","@id":"https:\/\/secure.gravatar.com\/avatar\/c44d117c2be811212c22cb481f6b8384b6873de103fbc49e7a03cc58d7dea4ac?s=96&d=mm&r=g","url":"https:\/\/secure.gravatar.com\/avatar\/c44d117c2be811212c22cb481f6b8384b6873de103fbc49e7a03cc58d7dea4ac?s=96&d=mm&r=g","contentUrl":"https:\/\/secure.gravatar.com\/avatar\/c44d117c2be811212c22cb481f6b8384b6873de103fbc49e7a03cc58d7dea4ac?s=96&d=mm&r=g","caption":"admin"},"url":"https:\/\/www.eldiariodetucuman.com\/web\/author\/admin\/"}]}},"_links":{"self":[{"href":"https:\/\/www.eldiariodetucuman.com\/web\/wp-json\/wp\/v2\/posts\/6404","targetHints":{"allow":["GET"]}}],"collection":[{"href":"https:\/\/www.eldiariodetucuman.com\/web\/wp-json\/wp\/v2\/posts"}],"about":[{"href":"https:\/\/www.eldiariodetucuman.com\/web\/wp-json\/wp\/v2\/types\/post"}],"author":[{"embeddable":true,"href":"https:\/\/www.eldiariodetucuman.com\/web\/wp-json\/wp\/v2\/users\/1"}],"replies":[{"embeddable":true,"href":"https:\/\/www.eldiariodetucuman.com\/web\/wp-json\/wp\/v2\/comments?post=6404"}],"version-history":[{"count":1,"href":"https:\/\/www.eldiariodetucuman.com\/web\/wp-json\/wp\/v2\/posts\/6404\/revisions"}],"predecessor-version":[{"id":6406,"href":"https:\/\/www.eldiariodetucuman.com\/web\/wp-json\/wp\/v2\/posts\/6404\/revisions\/6406"}],"wp:featuredmedia":[{"embeddable":true,"href":"https:\/\/www.eldiariodetucuman.com\/web\/wp-json\/wp\/v2\/media\/6405"}],"wp:attachment":[{"href":"https:\/\/www.eldiariodetucuman.com\/web\/wp-json\/wp\/v2\/media?parent=6404"}],"wp:term":[{"taxonomy":"category","embeddable":true,"href":"https:\/\/www.eldiariodetucuman.com\/web\/wp-json\/wp\/v2\/categories?post=6404"},{"taxonomy":"post_tag","embeddable":true,"href":"https:\/\/www.eldiariodetucuman.com\/web\/wp-json\/wp\/v2\/tags?post=6404"}],"curies":[{"name":"wp","href":"https:\/\/api.w.org\/{rel}","templated":true}]}}