{"id":6401,"date":"2018-03-08T12:02:17","date_gmt":"2018-03-08T15:02:17","guid":{"rendered":"http:\/\/www.eldiariodetucuman.com\/web\/la-justicia-ordeno-liberar-a-roberto-baratta-el-numero-dos-de-de-vido\/"},"modified":"2018-03-08T12:02:22","modified_gmt":"2018-03-08T15:02:22","slug":"la-justicia-ordeno-liberar-a-roberto-baratta-el-numero-dos-de-de-vido","status":"publish","type":"post","link":"https:\/\/www.eldiariodetucuman.com\/web\/la-justicia-ordeno-liberar-a-roberto-baratta-el-numero-dos-de-de-vido\/","title":{"rendered":"La Justicia orden\u00f3 liberar a Roberto Baratta, el n\u00famero dos de De Vido"},"content":{"rendered":"<div>\n<div readability=\"22.380832282472\">\n<p>La C\u00e1mara Federal porte\u00f1a dict\u00f3 hoy la falta de m\u00e9rito para el detenido ex <a href=\"https:\/\/www.lagaceta.com.ar\/tags\/1799\/julio-vido\" mce_href=\"https:\/\/www.lagaceta.com.ar\/tags\/1799\/julio-vido\" target=\"_blank\">ministro de Planificaci\u00f3n del kirchnerismo, <b>Julio De Vido<\/b><\/a>, y para el ex funcionario de esa cartera, <b>Roberto Baratta<\/b>, quien recuperar\u00e1 su libertad, en una causa por la compra de buques con gas licuado, seg\u00fan el fallo firmado hoy, al que accedi\u00f3 T\u00e9lam.<\/p>\n<p><a href=\"https:\/\/www.lagaceta.com.ar\/nota\/756382\/actualidad\/de-vido-esposa-no-pueden-justificar-1-millon-patrimonio.html\" mce_href=\"https:\/\/www.lagaceta.com.ar\/nota\/756382\/actualidad\/de-vido-esposa-no-pueden-justificar-1-millon-patrimonio.html\" target=\"_blank\">De Vido y su esposa no pueden justificar $ 1 mill\u00f3n de su patrimonio<\/a><\/p>\n<p>Los dos hab\u00edan sido procesados con prisi\u00f3n preventiva por el juez federal <b>Claudio Bonadio<\/b>. Despu\u00e9s de un peritaje el magistrado hab\u00eda determinado que aprobaron compras de gas licuado con sobreprecios de US$ 7000 millones, entre 2008 y 2015.<\/p>\n<p class=\"style link\"><a href=\"https:\/\/www.lagaceta.com.ar\/nota\/760318\/actualidad\/se-reanudan-juicios-orales-contra-de-vido-boudou.html\" mce_href=\"https:\/\/www.lagaceta.com.ar\/nota\/760318\/actualidad\/se-reanudan-juicios-orales-contra-de-vido-boudou.html\" target=\"_blank\">Se reanudan los juicios orales contra De Vido y Boudou<\/a><\/p>\n<p>De Vido permanecer\u00e1 detenido, pero Baratta recurar\u00e1 la libertad en las pr\u00f3ximas horas.<\/p>\n<p><br mce_bogus=\"1\"><\/div>\n<\/div>\n<p>Fuente: http:\/\/www.lagaceta.com.ar\/nota\/763520\/actualidad\/justicia-ordeno-liberar-roberto-baratta-numero-dos-de-vido.html<\/p>\n","protected":false},"excerpt":{"rendered":"<p>La C\u00e1mara Federal porte\u00f1a dict\u00f3 hoy la falta de m\u00e9rito para el detenido ex ministro de Planificaci\u00f3n del kirchnerismo, Julio De Vido, y para el ex funcionario de esa cartera, Roberto Baratta, quien recuperar\u00e1 su libertad, en una causa por la compra de buques con gas licuado, seg\u00fan el fallo firmado hoy, al que accedi\u00f3 [&hellip;]<\/p>\n","protected":false},"author":1,"featured_media":6402,"comment_status":"open","ping_status":"closed","sticky":false,"template":"","format":"standard","meta":{"footnotes":""},"categories":[1],"tags":[],"class_list":{"0":"post-6401","1":"post","2":"type-post","3":"status-publish","4":"format-standard","5":"has-post-thumbnail","7":"category-portada"},"yoast_head":"<!-- This site is optimized with the Yoast SEO plugin v27.4 - https:\/\/yoast.com\/product\/yoast-seo-wordpress\/ -->\n<title>La Justicia orden\u00f3 liberar a Roberto Baratta, el n\u00famero dos de De Vido - El Diario de Tucuman<\/title>\n<meta name=\"robots\" content=\"index, follow, max-snippet:-1, max-image-preview:large, max-video-preview:-1\" \/>\n<link rel=\"canonical\" href=\"https:\/\/www.eldiariodetucuman.com\/web\/la-justicia-ordeno-liberar-a-roberto-baratta-el-numero-dos-de-de-vido\/\" \/>\n<meta property=\"og:locale\" content=\"es_ES\" \/>\n<meta property=\"og:type\" content=\"article\" \/>\n<meta property=\"og:title\" content=\"La Justicia orden\u00f3 liberar a Roberto Baratta, el n\u00famero dos de De Vido - El Diario de Tucuman\" \/>\n<meta property=\"og:description\" content=\"La C\u00e1mara Federal porte\u00f1a dict\u00f3 hoy la falta de m\u00e9rito para el detenido ex ministro de Planificaci\u00f3n del kirchnerismo, Julio De Vido, y para el ex funcionario de esa cartera, Roberto Baratta, quien recuperar\u00e1 su libertad, en una causa por la compra de buques con gas licuado, seg\u00fan el fallo firmado hoy, al que accedi\u00f3 [&hellip;]\" \/>\n<meta property=\"og:url\" content=\"https:\/\/www.eldiariodetucuman.com\/web\/la-justicia-ordeno-liberar-a-roberto-baratta-el-numero-dos-de-de-vido\/\" \/>\n<meta property=\"og:site_name\" content=\"El Diario de Tucuman\" \/>\n<meta property=\"article:published_time\" content=\"2018-03-08T15:02:17+00:00\" \/>\n<meta property=\"article:modified_time\" content=\"2018-03-08T15:02:22+00:00\" \/>\n<meta property=\"og:image\" content=\"https:\/\/www.eldiariodetucuman.com\/web\/wp-content\/uploads\/2018\/03\/93f782900af56473f35c2959d4ffd767.jpeg\" \/>\n\t<meta property=\"og:image:width\" content=\"1223\" \/>\n\t<meta property=\"og:image:height\" content=\"688\" \/>\n\t<meta property=\"og:image:type\" content=\"image\/jpeg\" \/>\n<meta name=\"author\" content=\"admin\" \/>\n<meta name=\"twitter:card\" content=\"summary_large_image\" \/>\n<meta name=\"twitter:label1\" content=\"Escrito por\" \/>\n\t<meta name=\"twitter:data1\" content=\"admin\" \/>\n\t<meta name=\"twitter:label2\" content=\"Tiempo de lectura\" \/>\n\t<meta name=\"twitter:data2\" content=\"1 minuto\" \/>\n<script type=\"application\/ld+json\" class=\"yoast-schema-graph\">{\"@context\":\"https:\\\/\\\/schema.org\",\"@graph\":[{\"@type\":\"Article\",\"@id\":\"https:\\\/\\\/www.eldiariodetucuman.com\\\/web\\\/la-justicia-ordeno-liberar-a-roberto-baratta-el-numero-dos-de-de-vido\\\/#article\",\"isPartOf\":{\"@id\":\"https:\\\/\\\/www.eldiariodetucuman.com\\\/web\\\/la-justicia-ordeno-liberar-a-roberto-baratta-el-numero-dos-de-de-vido\\\/\"},\"author\":{\"name\":\"admin\",\"@id\":\"https:\\\/\\\/www.eldiariodetucuman.com\\\/web\\\/#\\\/schema\\\/person\\\/9250197d75ab5483412e19678b121caa\"},\"headline\":\"La Justicia orden\u00f3 liberar a Roberto Baratta, el n\u00famero dos de De Vido\",\"datePublished\":\"2018-03-08T15:02:17+00:00\",\"dateModified\":\"2018-03-08T15:02:22+00:00\",\"mainEntityOfPage\":{\"@id\":\"https:\\\/\\\/www.eldiariodetucuman.com\\\/web\\\/la-justicia-ordeno-liberar-a-roberto-baratta-el-numero-dos-de-de-vido\\\/\"},\"wordCount\":162,\"commentCount\":0,\"publisher\":{\"@id\":\"https:\\\/\\\/www.eldiariodetucuman.com\\\/web\\\/#organization\"},\"image\":{\"@id\":\"https:\\\/\\\/www.eldiariodetucuman.com\\\/web\\\/la-justicia-ordeno-liberar-a-roberto-baratta-el-numero-dos-de-de-vido\\\/#primaryimage\"},\"thumbnailUrl\":\"https:\\\/\\\/www.eldiariodetucuman.com\\\/web\\\/wp-content\\\/uploads\\\/2018\\\/03\\\/93f782900af56473f35c2959d4ffd767.jpeg\",\"articleSection\":[\"Portada\"],\"inLanguage\":\"es\",\"potentialAction\":[{\"@type\":\"CommentAction\",\"name\":\"Comment\",\"target\":[\"https:\\\/\\\/www.eldiariodetucuman.com\\\/web\\\/la-justicia-ordeno-liberar-a-roberto-baratta-el-numero-dos-de-de-vido\\\/#respond\"]}]},{\"@type\":\"WebPage\",\"@id\":\"https:\\\/\\\/www.eldiariodetucuman.com\\\/web\\\/la-justicia-ordeno-liberar-a-roberto-baratta-el-numero-dos-de-de-vido\\\/\",\"url\":\"https:\\\/\\\/www.eldiariodetucuman.com\\\/web\\\/la-justicia-ordeno-liberar-a-roberto-baratta-el-numero-dos-de-de-vido\\\/\",\"name\":\"La Justicia orden\u00f3 liberar a Roberto Baratta, el n\u00famero dos de De Vido - El Diario de Tucuman\",\"isPartOf\":{\"@id\":\"https:\\\/\\\/www.eldiariodetucuman.com\\\/web\\\/#website\"},\"primaryImageOfPage\":{\"@id\":\"https:\\\/\\\/www.eldiariodetucuman.com\\\/web\\\/la-justicia-ordeno-liberar-a-roberto-baratta-el-numero-dos-de-de-vido\\\/#primaryimage\"},\"image\":{\"@id\":\"https:\\\/\\\/www.eldiariodetucuman.com\\\/web\\\/la-justicia-ordeno-liberar-a-roberto-baratta-el-numero-dos-de-de-vido\\\/#primaryimage\"},\"thumbnailUrl\":\"https:\\\/\\\/www.eldiariodetucuman.com\\\/web\\\/wp-content\\\/uploads\\\/2018\\\/03\\\/93f782900af56473f35c2959d4ffd767.jpeg\",\"datePublished\":\"2018-03-08T15:02:17+00:00\",\"dateModified\":\"2018-03-08T15:02:22+00:00\",\"breadcrumb\":{\"@id\":\"https:\\\/\\\/www.eldiariodetucuman.com\\\/web\\\/la-justicia-ordeno-liberar-a-roberto-baratta-el-numero-dos-de-de-vido\\\/#breadcrumb\"},\"inLanguage\":\"es\",\"potentialAction\":[{\"@type\":\"ReadAction\",\"target\":[\"https:\\\/\\\/www.eldiariodetucuman.com\\\/web\\\/la-justicia-ordeno-liberar-a-roberto-baratta-el-numero-dos-de-de-vido\\\/\"]}]},{\"@type\":\"ImageObject\",\"inLanguage\":\"es\",\"@id\":\"https:\\\/\\\/www.eldiariodetucuman.com\\\/web\\\/la-justicia-ordeno-liberar-a-roberto-baratta-el-numero-dos-de-de-vido\\\/#primaryimage\",\"url\":\"https:\\\/\\\/www.eldiariodetucuman.com\\\/web\\\/wp-content\\\/uploads\\\/2018\\\/03\\\/93f782900af56473f35c2959d4ffd767.jpeg\",\"contentUrl\":\"https:\\\/\\\/www.eldiariodetucuman.com\\\/web\\\/wp-content\\\/uploads\\\/2018\\\/03\\\/93f782900af56473f35c2959d4ffd767.jpeg\",\"width\":1223,\"height\":688},{\"@type\":\"BreadcrumbList\",\"@id\":\"https:\\\/\\\/www.eldiariodetucuman.com\\\/web\\\/la-justicia-ordeno-liberar-a-roberto-baratta-el-numero-dos-de-de-vido\\\/#breadcrumb\",\"itemListElement\":[{\"@type\":\"ListItem\",\"position\":1,\"name\":\"Portada\",\"item\":\"https:\\\/\\\/www.eldiariodetucuman.com\\\/web\\\/\"},{\"@type\":\"ListItem\",\"position\":2,\"name\":\"La Justicia orden\u00f3 liberar a Roberto Baratta, el n\u00famero dos de De Vido\"}]},{\"@type\":\"WebSite\",\"@id\":\"https:\\\/\\\/www.eldiariodetucuman.com\\\/web\\\/#website\",\"url\":\"https:\\\/\\\/www.eldiariodetucuman.com\\\/web\\\/\",\"name\":\"El Diario de Tucuman\",\"description\":\"Diario Tucuman - Informaci\u00f3n y noticias\",\"publisher\":{\"@id\":\"https:\\\/\\\/www.eldiariodetucuman.com\\\/web\\\/#organization\"},\"potentialAction\":[{\"@type\":\"SearchAction\",\"target\":{\"@type\":\"EntryPoint\",\"urlTemplate\":\"https:\\\/\\\/www.eldiariodetucuman.com\\\/web\\\/?s={search_term_string}\"},\"query-input\":{\"@type\":\"PropertyValueSpecification\",\"valueRequired\":true,\"valueName\":\"search_term_string\"}}],\"inLanguage\":\"es\"},{\"@type\":\"Organization\",\"@id\":\"https:\\\/\\\/www.eldiariodetucuman.com\\\/web\\\/#organization\",\"name\":\"El Diario de Tucuman\",\"url\":\"https:\\\/\\\/www.eldiariodetucuman.com\\\/web\\\/\",\"logo\":{\"@type\":\"ImageObject\",\"inLanguage\":\"es\",\"@id\":\"https:\\\/\\\/www.eldiariodetucuman.com\\\/web\\\/#\\\/schema\\\/logo\\\/image\\\/\",\"url\":\"http:\\\/\\\/www.eldiariodetucuman.com\\\/web\\\/wp-content\\\/uploads\\\/2017\\\/12\\\/el-diario-de-tucuman.jpg\",\"contentUrl\":\"http:\\\/\\\/www.eldiariodetucuman.com\\\/web\\\/wp-content\\\/uploads\\\/2017\\\/12\\\/el-diario-de-tucuman.jpg\",\"width\":272,\"height\":92,\"caption\":\"El Diario de Tucuman\"},\"image\":{\"@id\":\"https:\\\/\\\/www.eldiariodetucuman.com\\\/web\\\/#\\\/schema\\\/logo\\\/image\\\/\"}},{\"@type\":\"Person\",\"@id\":\"https:\\\/\\\/www.eldiariodetucuman.com\\\/web\\\/#\\\/schema\\\/person\\\/9250197d75ab5483412e19678b121caa\",\"name\":\"admin\",\"image\":{\"@type\":\"ImageObject\",\"inLanguage\":\"es\",\"@id\":\"https:\\\/\\\/secure.gravatar.com\\\/avatar\\\/c44d117c2be811212c22cb481f6b8384b6873de103fbc49e7a03cc58d7dea4ac?s=96&d=mm&r=g\",\"url\":\"https:\\\/\\\/secure.gravatar.com\\\/avatar\\\/c44d117c2be811212c22cb481f6b8384b6873de103fbc49e7a03cc58d7dea4ac?s=96&d=mm&r=g\",\"contentUrl\":\"https:\\\/\\\/secure.gravatar.com\\\/avatar\\\/c44d117c2be811212c22cb481f6b8384b6873de103fbc49e7a03cc58d7dea4ac?s=96&d=mm&r=g\",\"caption\":\"admin\"},\"url\":\"https:\\\/\\\/www.eldiariodetucuman.com\\\/web\\\/author\\\/admin\\\/\"}]}<\/script>\n<!-- \/ Yoast SEO plugin. -->","yoast_head_json":{"title":"La Justicia orden\u00f3 liberar a Roberto Baratta, el n\u00famero dos de De Vido - El Diario de Tucuman","robots":{"index":"index","follow":"follow","max-snippet":"max-snippet:-1","max-image-preview":"max-image-preview:large","max-video-preview":"max-video-preview:-1"},"canonical":"https:\/\/www.eldiariodetucuman.com\/web\/la-justicia-ordeno-liberar-a-roberto-baratta-el-numero-dos-de-de-vido\/","og_locale":"es_ES","og_type":"article","og_title":"La Justicia orden\u00f3 liberar a Roberto Baratta, el n\u00famero dos de De Vido - El Diario de Tucuman","og_description":"La C\u00e1mara Federal porte\u00f1a dict\u00f3 hoy la falta de m\u00e9rito para el detenido ex ministro de Planificaci\u00f3n del kirchnerismo, Julio De Vido, y para el ex funcionario de esa cartera, Roberto Baratta, quien recuperar\u00e1 su libertad, en una causa por la compra de buques con gas licuado, seg\u00fan el fallo firmado hoy, al que accedi\u00f3 [&hellip;]","og_url":"https:\/\/www.eldiariodetucuman.com\/web\/la-justicia-ordeno-liberar-a-roberto-baratta-el-numero-dos-de-de-vido\/","og_site_name":"El Diario de Tucuman","article_published_time":"2018-03-08T15:02:17+00:00","article_modified_time":"2018-03-08T15:02:22+00:00","og_image":[{"width":1223,"height":688,"url":"https:\/\/www.eldiariodetucuman.com\/web\/wp-content\/uploads\/2018\/03\/93f782900af56473f35c2959d4ffd767.jpeg","type":"image\/jpeg"}],"author":"admin","twitter_card":"summary_large_image","twitter_misc":{"Escrito por":"admin","Tiempo de lectura":"1 minuto"},"schema":{"@context":"https:\/\/schema.org","@graph":[{"@type":"Article","@id":"https:\/\/www.eldiariodetucuman.com\/web\/la-justicia-ordeno-liberar-a-roberto-baratta-el-numero-dos-de-de-vido\/#article","isPartOf":{"@id":"https:\/\/www.eldiariodetucuman.com\/web\/la-justicia-ordeno-liberar-a-roberto-baratta-el-numero-dos-de-de-vido\/"},"author":{"name":"admin","@id":"https:\/\/www.eldiariodetucuman.com\/web\/#\/schema\/person\/9250197d75ab5483412e19678b121caa"},"headline":"La Justicia orden\u00f3 liberar a Roberto Baratta, el n\u00famero dos de De Vido","datePublished":"2018-03-08T15:02:17+00:00","dateModified":"2018-03-08T15:02:22+00:00","mainEntityOfPage":{"@id":"https:\/\/www.eldiariodetucuman.com\/web\/la-justicia-ordeno-liberar-a-roberto-baratta-el-numero-dos-de-de-vido\/"},"wordCount":162,"commentCount":0,"publisher":{"@id":"https:\/\/www.eldiariodetucuman.com\/web\/#organization"},"image":{"@id":"https:\/\/www.eldiariodetucuman.com\/web\/la-justicia-ordeno-liberar-a-roberto-baratta-el-numero-dos-de-de-vido\/#primaryimage"},"thumbnailUrl":"https:\/\/www.eldiariodetucuman.com\/web\/wp-content\/uploads\/2018\/03\/93f782900af56473f35c2959d4ffd767.jpeg","articleSection":["Portada"],"inLanguage":"es","potentialAction":[{"@type":"CommentAction","name":"Comment","target":["https:\/\/www.eldiariodetucuman.com\/web\/la-justicia-ordeno-liberar-a-roberto-baratta-el-numero-dos-de-de-vido\/#respond"]}]},{"@type":"WebPage","@id":"https:\/\/www.eldiariodetucuman.com\/web\/la-justicia-ordeno-liberar-a-roberto-baratta-el-numero-dos-de-de-vido\/","url":"https:\/\/www.eldiariodetucuman.com\/web\/la-justicia-ordeno-liberar-a-roberto-baratta-el-numero-dos-de-de-vido\/","name":"La Justicia orden\u00f3 liberar a Roberto Baratta, el n\u00famero dos de De Vido - El Diario de Tucuman","isPartOf":{"@id":"https:\/\/www.eldiariodetucuman.com\/web\/#website"},"primaryImageOfPage":{"@id":"https:\/\/www.eldiariodetucuman.com\/web\/la-justicia-ordeno-liberar-a-roberto-baratta-el-numero-dos-de-de-vido\/#primaryimage"},"image":{"@id":"https:\/\/www.eldiariodetucuman.com\/web\/la-justicia-ordeno-liberar-a-roberto-baratta-el-numero-dos-de-de-vido\/#primaryimage"},"thumbnailUrl":"https:\/\/www.eldiariodetucuman.com\/web\/wp-content\/uploads\/2018\/03\/93f782900af56473f35c2959d4ffd767.jpeg","datePublished":"2018-03-08T15:02:17+00:00","dateModified":"2018-03-08T15:02:22+00:00","breadcrumb":{"@id":"https:\/\/www.eldiariodetucuman.com\/web\/la-justicia-ordeno-liberar-a-roberto-baratta-el-numero-dos-de-de-vido\/#breadcrumb"},"inLanguage":"es","potentialAction":[{"@type":"ReadAction","target":["https:\/\/www.eldiariodetucuman.com\/web\/la-justicia-ordeno-liberar-a-roberto-baratta-el-numero-dos-de-de-vido\/"]}]},{"@type":"ImageObject","inLanguage":"es","@id":"https:\/\/www.eldiariodetucuman.com\/web\/la-justicia-ordeno-liberar-a-roberto-baratta-el-numero-dos-de-de-vido\/#primaryimage","url":"https:\/\/www.eldiariodetucuman.com\/web\/wp-content\/uploads\/2018\/03\/93f782900af56473f35c2959d4ffd767.jpeg","contentUrl":"https:\/\/www.eldiariodetucuman.com\/web\/wp-content\/uploads\/2018\/03\/93f782900af56473f35c2959d4ffd767.jpeg","width":1223,"height":688},{"@type":"BreadcrumbList","@id":"https:\/\/www.eldiariodetucuman.com\/web\/la-justicia-ordeno-liberar-a-roberto-baratta-el-numero-dos-de-de-vido\/#breadcrumb","itemListElement":[{"@type":"ListItem","position":1,"name":"Portada","item":"https:\/\/www.eldiariodetucuman.com\/web\/"},{"@type":"ListItem","position":2,"name":"La Justicia orden\u00f3 liberar a Roberto Baratta, el n\u00famero dos de De Vido"}]},{"@type":"WebSite","@id":"https:\/\/www.eldiariodetucuman.com\/web\/#website","url":"https:\/\/www.eldiariodetucuman.com\/web\/","name":"El Diario de Tucuman","description":"Diario Tucuman - Informaci\u00f3n y noticias","publisher":{"@id":"https:\/\/www.eldiariodetucuman.com\/web\/#organization"},"potentialAction":[{"@type":"SearchAction","target":{"@type":"EntryPoint","urlTemplate":"https:\/\/www.eldiariodetucuman.com\/web\/?s={search_term_string}"},"query-input":{"@type":"PropertyValueSpecification","valueRequired":true,"valueName":"search_term_string"}}],"inLanguage":"es"},{"@type":"Organization","@id":"https:\/\/www.eldiariodetucuman.com\/web\/#organization","name":"El Diario de Tucuman","url":"https:\/\/www.eldiariodetucuman.com\/web\/","logo":{"@type":"ImageObject","inLanguage":"es","@id":"https:\/\/www.eldiariodetucuman.com\/web\/#\/schema\/logo\/image\/","url":"http:\/\/www.eldiariodetucuman.com\/web\/wp-content\/uploads\/2017\/12\/el-diario-de-tucuman.jpg","contentUrl":"http:\/\/www.eldiariodetucuman.com\/web\/wp-content\/uploads\/2017\/12\/el-diario-de-tucuman.jpg","width":272,"height":92,"caption":"El Diario de Tucuman"},"image":{"@id":"https:\/\/www.eldiariodetucuman.com\/web\/#\/schema\/logo\/image\/"}},{"@type":"Person","@id":"https:\/\/www.eldiariodetucuman.com\/web\/#\/schema\/person\/9250197d75ab5483412e19678b121caa","name":"admin","image":{"@type":"ImageObject","inLanguage":"es","@id":"https:\/\/secure.gravatar.com\/avatar\/c44d117c2be811212c22cb481f6b8384b6873de103fbc49e7a03cc58d7dea4ac?s=96&d=mm&r=g","url":"https:\/\/secure.gravatar.com\/avatar\/c44d117c2be811212c22cb481f6b8384b6873de103fbc49e7a03cc58d7dea4ac?s=96&d=mm&r=g","contentUrl":"https:\/\/secure.gravatar.com\/avatar\/c44d117c2be811212c22cb481f6b8384b6873de103fbc49e7a03cc58d7dea4ac?s=96&d=mm&r=g","caption":"admin"},"url":"https:\/\/www.eldiariodetucuman.com\/web\/author\/admin\/"}]}},"_links":{"self":[{"href":"https:\/\/www.eldiariodetucuman.com\/web\/wp-json\/wp\/v2\/posts\/6401","targetHints":{"allow":["GET"]}}],"collection":[{"href":"https:\/\/www.eldiariodetucuman.com\/web\/wp-json\/wp\/v2\/posts"}],"about":[{"href":"https:\/\/www.eldiariodetucuman.com\/web\/wp-json\/wp\/v2\/types\/post"}],"author":[{"embeddable":true,"href":"https:\/\/www.eldiariodetucuman.com\/web\/wp-json\/wp\/v2\/users\/1"}],"replies":[{"embeddable":true,"href":"https:\/\/www.eldiariodetucuman.com\/web\/wp-json\/wp\/v2\/comments?post=6401"}],"version-history":[{"count":1,"href":"https:\/\/www.eldiariodetucuman.com\/web\/wp-json\/wp\/v2\/posts\/6401\/revisions"}],"predecessor-version":[{"id":6403,"href":"https:\/\/www.eldiariodetucuman.com\/web\/wp-json\/wp\/v2\/posts\/6401\/revisions\/6403"}],"wp:featuredmedia":[{"embeddable":true,"href":"https:\/\/www.eldiariodetucuman.com\/web\/wp-json\/wp\/v2\/media\/6402"}],"wp:attachment":[{"href":"https:\/\/www.eldiariodetucuman.com\/web\/wp-json\/wp\/v2\/media?parent=6401"}],"wp:term":[{"taxonomy":"category","embeddable":true,"href":"https:\/\/www.eldiariodetucuman.com\/web\/wp-json\/wp\/v2\/categories?post=6401"},{"taxonomy":"post_tag","embeddable":true,"href":"https:\/\/www.eldiariodetucuman.com\/web\/wp-json\/wp\/v2\/tags?post=6401"}],"curies":[{"name":"wp","href":"https:\/\/api.w.org\/{rel}","templated":true}]}}