{"id":6395,"date":"2018-03-08T11:43:54","date_gmt":"2018-03-08T14:43:54","guid":{"rendered":"http:\/\/www.eldiariodetucuman.com\/web\/mauricio-macri-las-mujeres-deben-tener-libertad-para-elegir\/"},"modified":"2018-03-08T11:43:58","modified_gmt":"2018-03-08T14:43:58","slug":"mauricio-macri-las-mujeres-deben-tener-libertad-para-elegir","status":"publish","type":"post","link":"https:\/\/www.eldiariodetucuman.com\/web\/mauricio-macri-las-mujeres-deben-tener-libertad-para-elegir\/","title":{"rendered":"Mauricio Macri: \u201cLas mujeres deben tener libertad para elegir\u201d"},"content":{"rendered":"<div>\n<div readability=\"54.940471588713\">\n<p>El presidente Mauricio Macri se pronunci\u00f3 a prop\u00f3sito de la <a href=\"https:\/\/www.elintransigente.com\/sociedad\/2018\/3\/7\/cual-sera-la-magnitud-del-paro-movilizacion-internacional-de-las-mujeres-481344.html\">celebraci\u00f3n del D\u00eda Internacional de la Mujer<\/a> durante un acto en el Centro Metropolitano de Dise\u00f1o. Lo hizo en un momento donde temas como la equidad entre g\u00e9neros, la igualdad salarial, la discusi\u00f3n sobre la interrupci\u00f3n voluntaria del embarazo, entre otros vinculados con la situaci\u00f3n social y personal de la mujer, est\u00e1n en discusi\u00f3n.<\/p>\n<p>En l\u00ednea con los puntos que plante\u00f3 durante su discurso en la apertura de las sesiones en el Congreso de La Naci\u00f3n, Macri se refiri\u00f3 a la ampliaci\u00f3n de algunas licencias vinculadas con la maternidad. En concreto, el Presidente mencion\u00f3 la licencia por fertilizaci\u00f3n asistida, por adopci\u00f3n y paternidad: \u201cEsto (la ampliaci\u00f3n) es fundamental si queremos avanzar hacia una crianza realmente compartida\u201d.<\/p>\n<p>Ante un auditorio repleto de mujeres, en su mayor\u00eda, entre quienes se encontraban diputadas y \u00a0senadoras nacionales y legisladoras porte\u00f1as, Macri dijo: \u201cSab\u00edamos que la mujer necesita salir a trabajar, estudiar, pero tambi\u00e9n sab\u00edamos que necesita estar tranquila al dejar en buenas manos a sus hijos\u201d. Esto, a prop\u00f3sito de distintos planes desarrollados por el Gobierno en materia de maternidad.<\/p>\n<aside class=\"htmlinline \"><ins class=\"adsbygoogle\" data-ad-format=\"fluid\" data-ad-layout=\"in-article\" data-ad-client=\"ca-pub-7781556717282971\" data-ad-slot=\"9383133609\"><\/ins><br \/>\n<\/aside>\n<p>El punto \u00e1lgido de su discurso se produjo durante la menci\u00f3n del embarazo adolescente y la violencia de g\u00e9nero. Sobre lo primero, se\u00f1al\u00f3: \u201cNuestras j\u00f3venes necesitan tener acceso a m\u00e9todos anticonceptivos y a la informaci\u00f3n, que es fundamental para tomar las decisiones sobre su futuro\u201d. Aunque no mencion\u00f3 directamente el tema del aborto, luego de que el pasado martes 6 de marzo se present\u00f3 ante el Congreso el proyecto para su\u00a0despenalizaci\u00f3n, s\u00ed dijo que\u00a0\u201clo m\u00e1s valioso que las mujeres deben tener es la libertad para elegir, para ser due\u00f1as de sus vidas\u201d.<\/p>\n<p>Acerca de la violencia de g\u00e9nero, mencion\u00f3 que \u201ctrabajamos para evitar la violencia: una mujer informada, empoderada, que se sabe igual al que sienten al lado es mucho m\u00e1s fuerte y aut\u00f3noma y tiene m\u00e1s posibilidades de salir de una situaci\u00f3n peligrosa\u201d. Profundizando al respecto, y tras hacer referencia al Plan de Erradicaci\u00f3n de Violencia contras las Mujeres, consider\u00f3 que \u201cno se trata de salir de una situaci\u00f3n peligrosa: se trata de terminar con la violencia para siempre\u201d.<\/p>\n<p>Al cierre de su presentaci\u00f3n, el mandatario argentino indic\u00f3 que \u201cquiero comprometer a toda la sociedad argentina\u201d en este proceso. <a href=\"https:\/\/www.elintransigente.com\/sociedad\/2018\/3\/8\/movilizaciones-en-todo-el-pais-por-el-paro-internacional-de-mujeres-481400.html\">Durante la tarde de este jueves 8 de marzo, distintos movimientos feministas realizar\u00e1n una marcha hacia el Congreso de la Naci\u00f3n<\/a>.<br \/>\n\u00a0<\/p>\n<\/div>\n<\/div>\n<p>Fuente: https:\/\/www.elintransigente.com\/politica\/2018\/3\/8\/mauricio-macri-las-mujeres-deben-tener-libertad-para-elegir-481429.html<\/p>\n","protected":false},"excerpt":{"rendered":"<p>El presidente Mauricio Macri se pronunci\u00f3 a prop\u00f3sito de la celebraci\u00f3n del D\u00eda Internacional de la Mujer durante un acto en el Centro Metropolitano de Dise\u00f1o. Lo hizo en un momento donde temas como la equidad entre g\u00e9neros, la igualdad salarial, la discusi\u00f3n sobre la interrupci\u00f3n voluntaria del embarazo, entre otros vinculados con la situaci\u00f3n [&hellip;]<\/p>\n","protected":false},"author":1,"featured_media":6396,"comment_status":"open","ping_status":"closed","sticky":false,"template":"","format":"standard","meta":{"footnotes":""},"categories":[1],"tags":[],"class_list":{"0":"post-6395","1":"post","2":"type-post","3":"status-publish","4":"format-standard","5":"has-post-thumbnail","7":"category-portada"},"yoast_head":"<!-- This site is optimized with the Yoast SEO plugin v27.4 - https:\/\/yoast.com\/product\/yoast-seo-wordpress\/ -->\n<title>Mauricio Macri: \u201cLas mujeres deben tener libertad para elegir\u201d - El Diario de Tucuman<\/title>\n<meta name=\"robots\" content=\"index, follow, max-snippet:-1, max-image-preview:large, max-video-preview:-1\" \/>\n<link rel=\"canonical\" href=\"https:\/\/www.eldiariodetucuman.com\/web\/mauricio-macri-las-mujeres-deben-tener-libertad-para-elegir\/\" \/>\n<meta property=\"og:locale\" content=\"es_ES\" \/>\n<meta property=\"og:type\" content=\"article\" \/>\n<meta property=\"og:title\" content=\"Mauricio Macri: \u201cLas mujeres deben tener libertad para elegir\u201d - El Diario de Tucuman\" \/>\n<meta property=\"og:description\" content=\"El presidente Mauricio Macri se pronunci\u00f3 a prop\u00f3sito de la celebraci\u00f3n del D\u00eda Internacional de la Mujer durante un acto en el Centro Metropolitano de Dise\u00f1o. Lo hizo en un momento donde temas como la equidad entre g\u00e9neros, la igualdad salarial, la discusi\u00f3n sobre la interrupci\u00f3n voluntaria del embarazo, entre otros vinculados con la situaci\u00f3n [&hellip;]\" \/>\n<meta property=\"og:url\" content=\"https:\/\/www.eldiariodetucuman.com\/web\/mauricio-macri-las-mujeres-deben-tener-libertad-para-elegir\/\" \/>\n<meta property=\"og:site_name\" content=\"El Diario de Tucuman\" \/>\n<meta property=\"article:published_time\" content=\"2018-03-08T14:43:54+00:00\" \/>\n<meta property=\"article:modified_time\" content=\"2018-03-08T14:43:58+00:00\" \/>\n<meta property=\"og:image\" content=\"https:\/\/www.eldiariodetucuman.com\/web\/wp-content\/uploads\/2018\/03\/0c638e30cab74836afca27a0a5a1137b.jpeg\" \/>\n\t<meta property=\"og:image:width\" content=\"960\" \/>\n\t<meta property=\"og:image:height\" content=\"540\" \/>\n\t<meta property=\"og:image:type\" content=\"image\/jpeg\" \/>\n<meta name=\"author\" content=\"admin\" \/>\n<meta name=\"twitter:card\" content=\"summary_large_image\" \/>\n<meta name=\"twitter:label1\" content=\"Escrito por\" \/>\n\t<meta name=\"twitter:data1\" content=\"admin\" \/>\n\t<meta name=\"twitter:label2\" content=\"Tiempo de lectura\" \/>\n\t<meta name=\"twitter:data2\" content=\"2 minutos\" \/>\n<script type=\"application\/ld+json\" class=\"yoast-schema-graph\">{\"@context\":\"https:\\\/\\\/schema.org\",\"@graph\":[{\"@type\":\"Article\",\"@id\":\"https:\\\/\\\/www.eldiariodetucuman.com\\\/web\\\/mauricio-macri-las-mujeres-deben-tener-libertad-para-elegir\\\/#article\",\"isPartOf\":{\"@id\":\"https:\\\/\\\/www.eldiariodetucuman.com\\\/web\\\/mauricio-macri-las-mujeres-deben-tener-libertad-para-elegir\\\/\"},\"author\":{\"name\":\"admin\",\"@id\":\"https:\\\/\\\/www.eldiariodetucuman.com\\\/web\\\/#\\\/schema\\\/person\\\/9250197d75ab5483412e19678b121caa\"},\"headline\":\"Mauricio Macri: \u201cLas mujeres deben tener libertad para elegir\u201d\",\"datePublished\":\"2018-03-08T14:43:54+00:00\",\"dateModified\":\"2018-03-08T14:43:58+00:00\",\"mainEntityOfPage\":{\"@id\":\"https:\\\/\\\/www.eldiariodetucuman.com\\\/web\\\/mauricio-macri-las-mujeres-deben-tener-libertad-para-elegir\\\/\"},\"wordCount\":455,\"commentCount\":0,\"publisher\":{\"@id\":\"https:\\\/\\\/www.eldiariodetucuman.com\\\/web\\\/#organization\"},\"image\":{\"@id\":\"https:\\\/\\\/www.eldiariodetucuman.com\\\/web\\\/mauricio-macri-las-mujeres-deben-tener-libertad-para-elegir\\\/#primaryimage\"},\"thumbnailUrl\":\"https:\\\/\\\/www.eldiariodetucuman.com\\\/web\\\/wp-content\\\/uploads\\\/2018\\\/03\\\/0c638e30cab74836afca27a0a5a1137b.jpeg\",\"articleSection\":[\"Portada\"],\"inLanguage\":\"es\",\"potentialAction\":[{\"@type\":\"CommentAction\",\"name\":\"Comment\",\"target\":[\"https:\\\/\\\/www.eldiariodetucuman.com\\\/web\\\/mauricio-macri-las-mujeres-deben-tener-libertad-para-elegir\\\/#respond\"]}]},{\"@type\":\"WebPage\",\"@id\":\"https:\\\/\\\/www.eldiariodetucuman.com\\\/web\\\/mauricio-macri-las-mujeres-deben-tener-libertad-para-elegir\\\/\",\"url\":\"https:\\\/\\\/www.eldiariodetucuman.com\\\/web\\\/mauricio-macri-las-mujeres-deben-tener-libertad-para-elegir\\\/\",\"name\":\"Mauricio Macri: \u201cLas mujeres deben tener libertad para elegir\u201d - El Diario de Tucuman\",\"isPartOf\":{\"@id\":\"https:\\\/\\\/www.eldiariodetucuman.com\\\/web\\\/#website\"},\"primaryImageOfPage\":{\"@id\":\"https:\\\/\\\/www.eldiariodetucuman.com\\\/web\\\/mauricio-macri-las-mujeres-deben-tener-libertad-para-elegir\\\/#primaryimage\"},\"image\":{\"@id\":\"https:\\\/\\\/www.eldiariodetucuman.com\\\/web\\\/mauricio-macri-las-mujeres-deben-tener-libertad-para-elegir\\\/#primaryimage\"},\"thumbnailUrl\":\"https:\\\/\\\/www.eldiariodetucuman.com\\\/web\\\/wp-content\\\/uploads\\\/2018\\\/03\\\/0c638e30cab74836afca27a0a5a1137b.jpeg\",\"datePublished\":\"2018-03-08T14:43:54+00:00\",\"dateModified\":\"2018-03-08T14:43:58+00:00\",\"breadcrumb\":{\"@id\":\"https:\\\/\\\/www.eldiariodetucuman.com\\\/web\\\/mauricio-macri-las-mujeres-deben-tener-libertad-para-elegir\\\/#breadcrumb\"},\"inLanguage\":\"es\",\"potentialAction\":[{\"@type\":\"ReadAction\",\"target\":[\"https:\\\/\\\/www.eldiariodetucuman.com\\\/web\\\/mauricio-macri-las-mujeres-deben-tener-libertad-para-elegir\\\/\"]}]},{\"@type\":\"ImageObject\",\"inLanguage\":\"es\",\"@id\":\"https:\\\/\\\/www.eldiariodetucuman.com\\\/web\\\/mauricio-macri-las-mujeres-deben-tener-libertad-para-elegir\\\/#primaryimage\",\"url\":\"https:\\\/\\\/www.eldiariodetucuman.com\\\/web\\\/wp-content\\\/uploads\\\/2018\\\/03\\\/0c638e30cab74836afca27a0a5a1137b.jpeg\",\"contentUrl\":\"https:\\\/\\\/www.eldiariodetucuman.com\\\/web\\\/wp-content\\\/uploads\\\/2018\\\/03\\\/0c638e30cab74836afca27a0a5a1137b.jpeg\",\"width\":960,\"height\":540},{\"@type\":\"BreadcrumbList\",\"@id\":\"https:\\\/\\\/www.eldiariodetucuman.com\\\/web\\\/mauricio-macri-las-mujeres-deben-tener-libertad-para-elegir\\\/#breadcrumb\",\"itemListElement\":[{\"@type\":\"ListItem\",\"position\":1,\"name\":\"Portada\",\"item\":\"https:\\\/\\\/www.eldiariodetucuman.com\\\/web\\\/\"},{\"@type\":\"ListItem\",\"position\":2,\"name\":\"Mauricio Macri: \u201cLas mujeres deben tener libertad para elegir\u201d\"}]},{\"@type\":\"WebSite\",\"@id\":\"https:\\\/\\\/www.eldiariodetucuman.com\\\/web\\\/#website\",\"url\":\"https:\\\/\\\/www.eldiariodetucuman.com\\\/web\\\/\",\"name\":\"El Diario de Tucuman\",\"description\":\"Diario Tucuman - Informaci\u00f3n y noticias\",\"publisher\":{\"@id\":\"https:\\\/\\\/www.eldiariodetucuman.com\\\/web\\\/#organization\"},\"potentialAction\":[{\"@type\":\"SearchAction\",\"target\":{\"@type\":\"EntryPoint\",\"urlTemplate\":\"https:\\\/\\\/www.eldiariodetucuman.com\\\/web\\\/?s={search_term_string}\"},\"query-input\":{\"@type\":\"PropertyValueSpecification\",\"valueRequired\":true,\"valueName\":\"search_term_string\"}}],\"inLanguage\":\"es\"},{\"@type\":\"Organization\",\"@id\":\"https:\\\/\\\/www.eldiariodetucuman.com\\\/web\\\/#organization\",\"name\":\"El Diario de Tucuman\",\"url\":\"https:\\\/\\\/www.eldiariodetucuman.com\\\/web\\\/\",\"logo\":{\"@type\":\"ImageObject\",\"inLanguage\":\"es\",\"@id\":\"https:\\\/\\\/www.eldiariodetucuman.com\\\/web\\\/#\\\/schema\\\/logo\\\/image\\\/\",\"url\":\"http:\\\/\\\/www.eldiariodetucuman.com\\\/web\\\/wp-content\\\/uploads\\\/2017\\\/12\\\/el-diario-de-tucuman.jpg\",\"contentUrl\":\"http:\\\/\\\/www.eldiariodetucuman.com\\\/web\\\/wp-content\\\/uploads\\\/2017\\\/12\\\/el-diario-de-tucuman.jpg\",\"width\":272,\"height\":92,\"caption\":\"El Diario de Tucuman\"},\"image\":{\"@id\":\"https:\\\/\\\/www.eldiariodetucuman.com\\\/web\\\/#\\\/schema\\\/logo\\\/image\\\/\"}},{\"@type\":\"Person\",\"@id\":\"https:\\\/\\\/www.eldiariodetucuman.com\\\/web\\\/#\\\/schema\\\/person\\\/9250197d75ab5483412e19678b121caa\",\"name\":\"admin\",\"image\":{\"@type\":\"ImageObject\",\"inLanguage\":\"es\",\"@id\":\"https:\\\/\\\/secure.gravatar.com\\\/avatar\\\/c44d117c2be811212c22cb481f6b8384b6873de103fbc49e7a03cc58d7dea4ac?s=96&d=mm&r=g\",\"url\":\"https:\\\/\\\/secure.gravatar.com\\\/avatar\\\/c44d117c2be811212c22cb481f6b8384b6873de103fbc49e7a03cc58d7dea4ac?s=96&d=mm&r=g\",\"contentUrl\":\"https:\\\/\\\/secure.gravatar.com\\\/avatar\\\/c44d117c2be811212c22cb481f6b8384b6873de103fbc49e7a03cc58d7dea4ac?s=96&d=mm&r=g\",\"caption\":\"admin\"},\"url\":\"https:\\\/\\\/www.eldiariodetucuman.com\\\/web\\\/author\\\/admin\\\/\"}]}<\/script>\n<!-- \/ Yoast SEO plugin. -->","yoast_head_json":{"title":"Mauricio Macri: \u201cLas mujeres deben tener libertad para elegir\u201d - El Diario de Tucuman","robots":{"index":"index","follow":"follow","max-snippet":"max-snippet:-1","max-image-preview":"max-image-preview:large","max-video-preview":"max-video-preview:-1"},"canonical":"https:\/\/www.eldiariodetucuman.com\/web\/mauricio-macri-las-mujeres-deben-tener-libertad-para-elegir\/","og_locale":"es_ES","og_type":"article","og_title":"Mauricio Macri: \u201cLas mujeres deben tener libertad para elegir\u201d - El Diario de Tucuman","og_description":"El presidente Mauricio Macri se pronunci\u00f3 a prop\u00f3sito de la celebraci\u00f3n del D\u00eda Internacional de la Mujer durante un acto en el Centro Metropolitano de Dise\u00f1o. Lo hizo en un momento donde temas como la equidad entre g\u00e9neros, la igualdad salarial, la discusi\u00f3n sobre la interrupci\u00f3n voluntaria del embarazo, entre otros vinculados con la situaci\u00f3n [&hellip;]","og_url":"https:\/\/www.eldiariodetucuman.com\/web\/mauricio-macri-las-mujeres-deben-tener-libertad-para-elegir\/","og_site_name":"El Diario de Tucuman","article_published_time":"2018-03-08T14:43:54+00:00","article_modified_time":"2018-03-08T14:43:58+00:00","og_image":[{"width":960,"height":540,"url":"https:\/\/www.eldiariodetucuman.com\/web\/wp-content\/uploads\/2018\/03\/0c638e30cab74836afca27a0a5a1137b.jpeg","type":"image\/jpeg"}],"author":"admin","twitter_card":"summary_large_image","twitter_misc":{"Escrito por":"admin","Tiempo de lectura":"2 minutos"},"schema":{"@context":"https:\/\/schema.org","@graph":[{"@type":"Article","@id":"https:\/\/www.eldiariodetucuman.com\/web\/mauricio-macri-las-mujeres-deben-tener-libertad-para-elegir\/#article","isPartOf":{"@id":"https:\/\/www.eldiariodetucuman.com\/web\/mauricio-macri-las-mujeres-deben-tener-libertad-para-elegir\/"},"author":{"name":"admin","@id":"https:\/\/www.eldiariodetucuman.com\/web\/#\/schema\/person\/9250197d75ab5483412e19678b121caa"},"headline":"Mauricio Macri: \u201cLas mujeres deben tener libertad para elegir\u201d","datePublished":"2018-03-08T14:43:54+00:00","dateModified":"2018-03-08T14:43:58+00:00","mainEntityOfPage":{"@id":"https:\/\/www.eldiariodetucuman.com\/web\/mauricio-macri-las-mujeres-deben-tener-libertad-para-elegir\/"},"wordCount":455,"commentCount":0,"publisher":{"@id":"https:\/\/www.eldiariodetucuman.com\/web\/#organization"},"image":{"@id":"https:\/\/www.eldiariodetucuman.com\/web\/mauricio-macri-las-mujeres-deben-tener-libertad-para-elegir\/#primaryimage"},"thumbnailUrl":"https:\/\/www.eldiariodetucuman.com\/web\/wp-content\/uploads\/2018\/03\/0c638e30cab74836afca27a0a5a1137b.jpeg","articleSection":["Portada"],"inLanguage":"es","potentialAction":[{"@type":"CommentAction","name":"Comment","target":["https:\/\/www.eldiariodetucuman.com\/web\/mauricio-macri-las-mujeres-deben-tener-libertad-para-elegir\/#respond"]}]},{"@type":"WebPage","@id":"https:\/\/www.eldiariodetucuman.com\/web\/mauricio-macri-las-mujeres-deben-tener-libertad-para-elegir\/","url":"https:\/\/www.eldiariodetucuman.com\/web\/mauricio-macri-las-mujeres-deben-tener-libertad-para-elegir\/","name":"Mauricio Macri: \u201cLas mujeres deben tener libertad para elegir\u201d - El Diario de Tucuman","isPartOf":{"@id":"https:\/\/www.eldiariodetucuman.com\/web\/#website"},"primaryImageOfPage":{"@id":"https:\/\/www.eldiariodetucuman.com\/web\/mauricio-macri-las-mujeres-deben-tener-libertad-para-elegir\/#primaryimage"},"image":{"@id":"https:\/\/www.eldiariodetucuman.com\/web\/mauricio-macri-las-mujeres-deben-tener-libertad-para-elegir\/#primaryimage"},"thumbnailUrl":"https:\/\/www.eldiariodetucuman.com\/web\/wp-content\/uploads\/2018\/03\/0c638e30cab74836afca27a0a5a1137b.jpeg","datePublished":"2018-03-08T14:43:54+00:00","dateModified":"2018-03-08T14:43:58+00:00","breadcrumb":{"@id":"https:\/\/www.eldiariodetucuman.com\/web\/mauricio-macri-las-mujeres-deben-tener-libertad-para-elegir\/#breadcrumb"},"inLanguage":"es","potentialAction":[{"@type":"ReadAction","target":["https:\/\/www.eldiariodetucuman.com\/web\/mauricio-macri-las-mujeres-deben-tener-libertad-para-elegir\/"]}]},{"@type":"ImageObject","inLanguage":"es","@id":"https:\/\/www.eldiariodetucuman.com\/web\/mauricio-macri-las-mujeres-deben-tener-libertad-para-elegir\/#primaryimage","url":"https:\/\/www.eldiariodetucuman.com\/web\/wp-content\/uploads\/2018\/03\/0c638e30cab74836afca27a0a5a1137b.jpeg","contentUrl":"https:\/\/www.eldiariodetucuman.com\/web\/wp-content\/uploads\/2018\/03\/0c638e30cab74836afca27a0a5a1137b.jpeg","width":960,"height":540},{"@type":"BreadcrumbList","@id":"https:\/\/www.eldiariodetucuman.com\/web\/mauricio-macri-las-mujeres-deben-tener-libertad-para-elegir\/#breadcrumb","itemListElement":[{"@type":"ListItem","position":1,"name":"Portada","item":"https:\/\/www.eldiariodetucuman.com\/web\/"},{"@type":"ListItem","position":2,"name":"Mauricio Macri: \u201cLas mujeres deben tener libertad para elegir\u201d"}]},{"@type":"WebSite","@id":"https:\/\/www.eldiariodetucuman.com\/web\/#website","url":"https:\/\/www.eldiariodetucuman.com\/web\/","name":"El Diario de Tucuman","description":"Diario Tucuman - Informaci\u00f3n y noticias","publisher":{"@id":"https:\/\/www.eldiariodetucuman.com\/web\/#organization"},"potentialAction":[{"@type":"SearchAction","target":{"@type":"EntryPoint","urlTemplate":"https:\/\/www.eldiariodetucuman.com\/web\/?s={search_term_string}"},"query-input":{"@type":"PropertyValueSpecification","valueRequired":true,"valueName":"search_term_string"}}],"inLanguage":"es"},{"@type":"Organization","@id":"https:\/\/www.eldiariodetucuman.com\/web\/#organization","name":"El Diario de Tucuman","url":"https:\/\/www.eldiariodetucuman.com\/web\/","logo":{"@type":"ImageObject","inLanguage":"es","@id":"https:\/\/www.eldiariodetucuman.com\/web\/#\/schema\/logo\/image\/","url":"http:\/\/www.eldiariodetucuman.com\/web\/wp-content\/uploads\/2017\/12\/el-diario-de-tucuman.jpg","contentUrl":"http:\/\/www.eldiariodetucuman.com\/web\/wp-content\/uploads\/2017\/12\/el-diario-de-tucuman.jpg","width":272,"height":92,"caption":"El Diario de Tucuman"},"image":{"@id":"https:\/\/www.eldiariodetucuman.com\/web\/#\/schema\/logo\/image\/"}},{"@type":"Person","@id":"https:\/\/www.eldiariodetucuman.com\/web\/#\/schema\/person\/9250197d75ab5483412e19678b121caa","name":"admin","image":{"@type":"ImageObject","inLanguage":"es","@id":"https:\/\/secure.gravatar.com\/avatar\/c44d117c2be811212c22cb481f6b8384b6873de103fbc49e7a03cc58d7dea4ac?s=96&d=mm&r=g","url":"https:\/\/secure.gravatar.com\/avatar\/c44d117c2be811212c22cb481f6b8384b6873de103fbc49e7a03cc58d7dea4ac?s=96&d=mm&r=g","contentUrl":"https:\/\/secure.gravatar.com\/avatar\/c44d117c2be811212c22cb481f6b8384b6873de103fbc49e7a03cc58d7dea4ac?s=96&d=mm&r=g","caption":"admin"},"url":"https:\/\/www.eldiariodetucuman.com\/web\/author\/admin\/"}]}},"_links":{"self":[{"href":"https:\/\/www.eldiariodetucuman.com\/web\/wp-json\/wp\/v2\/posts\/6395","targetHints":{"allow":["GET"]}}],"collection":[{"href":"https:\/\/www.eldiariodetucuman.com\/web\/wp-json\/wp\/v2\/posts"}],"about":[{"href":"https:\/\/www.eldiariodetucuman.com\/web\/wp-json\/wp\/v2\/types\/post"}],"author":[{"embeddable":true,"href":"https:\/\/www.eldiariodetucuman.com\/web\/wp-json\/wp\/v2\/users\/1"}],"replies":[{"embeddable":true,"href":"https:\/\/www.eldiariodetucuman.com\/web\/wp-json\/wp\/v2\/comments?post=6395"}],"version-history":[{"count":1,"href":"https:\/\/www.eldiariodetucuman.com\/web\/wp-json\/wp\/v2\/posts\/6395\/revisions"}],"predecessor-version":[{"id":6397,"href":"https:\/\/www.eldiariodetucuman.com\/web\/wp-json\/wp\/v2\/posts\/6395\/revisions\/6397"}],"wp:featuredmedia":[{"embeddable":true,"href":"https:\/\/www.eldiariodetucuman.com\/web\/wp-json\/wp\/v2\/media\/6396"}],"wp:attachment":[{"href":"https:\/\/www.eldiariodetucuman.com\/web\/wp-json\/wp\/v2\/media?parent=6395"}],"wp:term":[{"taxonomy":"category","embeddable":true,"href":"https:\/\/www.eldiariodetucuman.com\/web\/wp-json\/wp\/v2\/categories?post=6395"},{"taxonomy":"post_tag","embeddable":true,"href":"https:\/\/www.eldiariodetucuman.com\/web\/wp-json\/wp\/v2\/tags?post=6395"}],"curies":[{"name":"wp","href":"https:\/\/api.w.org\/{rel}","templated":true}]}}