{"id":6389,"date":"2018-03-08T11:43:20","date_gmt":"2018-03-08T14:43:20","guid":{"rendered":"http:\/\/www.eldiariodetucuman.com\/web\/jose-urtubey-hay-falta-de-competitividad-en-argentina-y-no-es-chamuyo\/"},"modified":"2018-03-08T11:43:27","modified_gmt":"2018-03-08T14:43:27","slug":"jose-urtubey-hay-falta-de-competitividad-en-argentina-y-no-es-chamuyo","status":"publish","type":"post","link":"https:\/\/www.eldiariodetucuman.com\/web\/jose-urtubey-hay-falta-de-competitividad-en-argentina-y-no-es-chamuyo\/","title":{"rendered":"Jos\u00e9 Urtubey: \u201cHay falta de competitividad en Argentina y no es chamuyo\u201d"},"content":{"rendered":"<div>\n<div readability=\"84.962941176471\">\n<p>Invitado anoche al programa Animales Sueltos, <a href=\"https:\/\/www.elintransigente.com\/politica\/2018\/3\/8\/urtubey-no-es-por-lo-etico-legal-sino-por-la-coherencia-481424.html\">el dirigente de la UIA, Jos\u00e9 Urtubey<\/a>, se refiri\u00f3 a las pol\u00e9micas declaraciones que el ministro de Producci\u00f3n, Francisco Cabrera, tuvo hacia los industriales el pasado fin de semana al participar en Mendoza de la Fiesta Nacional de la Vendimia, y le baj\u00f3 el tono al conflicto.\u00a0<\/p>\n<p><strong>\u201cEl Ministro Cabrera aclar\u00f3 que no quiso hablar de forma descalificadora\u201d<\/strong>, sostuvo entonces Urtubey en el programa que conduce Alejandro Fantino por la se\u00f1al de Am\u00e9rica TV, luego de que la frase \u00abhay que tener una agenda positiva y dejarse de llorar\u00bb, dicha por\u00a0el funcionario de Cambiemos , calara hondo en el seno del sector industrial.\u00a0<\/p>\n<p>De esta forma, el dirigente de la UIA puso un pa\u00f1o fr\u00edo a la discusi\u00f3n que, con cr\u00edticas y repudios de varios dirigentes industriales, tens\u00f3 un poco la relaci\u00f3n entre el Gobierno y ese sector, m\u00e1s a\u00fan despu\u00e9s de que el mismo Presidente sali\u00f3 a respaldarlo.\u00a0<\/p>\n<aside class=\"htmlinline \"><ins class=\"adsbygoogle\" data-ad-format=\"fluid\" data-ad-layout=\"in-article\" data-ad-client=\"ca-pub-7781556717282971\" data-ad-slot=\"9383133609\"><\/ins><br \/>\n<\/aside>\n<p>Sin embargo, el vocal de la UIA reconoci\u00f3 que existen demandas urgentes y claves del sector para que el escenario de competitividad y desarrollo industrial sea m\u00e1s favorable a la actividad. \u00a0<\/p>\n<p><strong>\u201cHay falta de competitividad en Argentina. No es chamuyo\u201d<\/strong>, se\u00f1al\u00f3 sin vueltas Urtubey, quien luego agreg\u00f3: \u201cEl financiamiento de una <a href=\"https:\/\/www.elintransigente.com\/economia\/2018\/3\/8\/entregaran-creditos-empresas-lideradas-por-mujeres-481404.html\">Pyme<\/a> arriba del 30% es imposible. La reforma tributaria, est\u00e1 el decreto 814, compensaba algunas cargas sociales, esto en la reforma lo dieron de baja, se lo dijimos previamente al Ministro de Trabajo, fue algo perjudicial\u201d.\u00a0<\/p>\n<p>Adem\u00e1s, el dirigente de la UIA continu\u00f3 explicando: \u201cModificaron el m\u00ednimo no imponible pero luego tiraron abajo el decreto 814&#8242;. Con una tasa del 28% tienden a la especulaci\u00f3n y no a la inversi\u00f3n. La mayor\u00eda de la gente compra lebacs\u201d.<\/p>\n<p>No obstante, para el dirigente de la Uni\u00f3n Industrial en los \u00faltimos a\u00f1os del Gobierno de Cristina Fern\u00e1ndez de Kirchner ya se padec\u00eda una ca\u00edda y estancamiento en el \u00e1rea, y en sentido asegur\u00f3 que \u201cno hay que volver atr\u00e1s. Con Guillermo Moreno tuve enfrentamiento concreto\u201d, record\u00f3 y a\u00f1adi\u00f3 tajante: \u201cLa gesti\u00f3n de Guillermo Moreno debi\u00f3 ser una de las peores de la historia y lo dije en su momento. Algunos pudieron tolerar esa conducta\u201d.<\/p>\n<p>Su referencia vino un poco a colaci\u00f3n de lo que el Presidente hab\u00eda expresado en las \u00faltimas horas sobre el exsecretario de Comercio. \u00abLes rompi\u00f3 la cabeza a muchos de estos tipos\u00bb, dijo el mandatario argentino refiri\u00e9ndose a ellos.\u00a0Ante\u00a0esas expresiones,\u00a0Urtubey sali\u00f3 a cuestionarlo: \u00abNo me gusta descalificar ni las bravuconadas. Nuestro objetivo siempre es hablar con la verdad\u00bb, respondi\u00f3 el dirigente.\u00a0<\/p>\n<p>Por su parte, aunque reconoci\u00f3 que el 2016 fue uno de los peores a\u00f1os, Urtubey afirm\u00f3 que desea que le vaya bien al Gobierno, a la vez que considera que: <strong>&#8216;El Gobierno no est\u00e1 enojado con los empresarios en t\u00e9rminos generales\u201d.<\/strong> Sobre ese punto, tambi\u00e9n se refiri\u00f3 a avances que empuja el sector industrial: \u201cSeguimos manteniendo las fuentes de trabajo. Somos todav\u00eda un pa\u00eds en v\u00edas de desarrollo. Tenemos que seguir desarrollando nuestras industrias, detall\u00f3 con tono optimista.\u00a0<\/p>\n<p>Ahora, el Gobierno nacional agend\u00f3 una reuni\u00f3n con la c\u00fapula de la Uni\u00f3n Industrial Argentina para el pr\u00f3ximo lunes en Casa Rosada, donde seguro las asperezas se limen y se lleguen a acuerdos que puedan volver a armonizar las relaciones entre ambos.\u00a0<br \/>\n\u00a0<\/p>\n<\/div>\n<\/div>\n<p>Fuente: https:\/\/www.elintransigente.com\/politica\/2018\/3\/8\/jose-urtubey-hay-falta-de-competitividad-en-argentina-no-es-chamuyo-481431.html<\/p>\n","protected":false},"excerpt":{"rendered":"<p>Invitado anoche al programa Animales Sueltos, el dirigente de la UIA, Jos\u00e9 Urtubey, se refiri\u00f3 a las pol\u00e9micas declaraciones que el ministro de Producci\u00f3n, Francisco Cabrera, tuvo hacia los industriales el pasado fin de semana al participar en Mendoza de la Fiesta Nacional de la Vendimia, y le baj\u00f3 el tono al conflicto.\u00a0 \u201cEl Ministro [&hellip;]<\/p>\n","protected":false},"author":1,"featured_media":6390,"comment_status":"open","ping_status":"closed","sticky":false,"template":"","format":"standard","meta":{"footnotes":""},"categories":[1],"tags":[],"class_list":{"0":"post-6389","1":"post","2":"type-post","3":"status-publish","4":"format-standard","5":"has-post-thumbnail","7":"category-portada"},"yoast_head":"<!-- This site is optimized with the Yoast SEO plugin v27.4 - https:\/\/yoast.com\/product\/yoast-seo-wordpress\/ -->\n<title>Jos\u00e9 Urtubey: \u201cHay falta de competitividad en Argentina y no es chamuyo\u201d - El Diario de Tucuman<\/title>\n<meta name=\"robots\" content=\"index, follow, max-snippet:-1, max-image-preview:large, max-video-preview:-1\" \/>\n<link rel=\"canonical\" href=\"https:\/\/www.eldiariodetucuman.com\/web\/jose-urtubey-hay-falta-de-competitividad-en-argentina-y-no-es-chamuyo\/\" \/>\n<meta property=\"og:locale\" content=\"es_ES\" \/>\n<meta property=\"og:type\" content=\"article\" \/>\n<meta property=\"og:title\" content=\"Jos\u00e9 Urtubey: \u201cHay falta de competitividad en Argentina y no es chamuyo\u201d - El Diario de Tucuman\" \/>\n<meta property=\"og:description\" content=\"Invitado anoche al programa Animales Sueltos, el dirigente de la UIA, Jos\u00e9 Urtubey, se refiri\u00f3 a las pol\u00e9micas declaraciones que el ministro de Producci\u00f3n, Francisco Cabrera, tuvo hacia los industriales el pasado fin de semana al participar en Mendoza de la Fiesta Nacional de la Vendimia, y le baj\u00f3 el tono al conflicto.\u00a0 \u201cEl Ministro [&hellip;]\" \/>\n<meta property=\"og:url\" content=\"https:\/\/www.eldiariodetucuman.com\/web\/jose-urtubey-hay-falta-de-competitividad-en-argentina-y-no-es-chamuyo\/\" \/>\n<meta property=\"og:site_name\" content=\"El Diario de Tucuman\" \/>\n<meta property=\"article:published_time\" content=\"2018-03-08T14:43:20+00:00\" \/>\n<meta property=\"article:modified_time\" content=\"2018-03-08T14:43:27+00:00\" \/>\n<meta property=\"og:image\" content=\"https:\/\/www.eldiariodetucuman.com\/web\/wp-content\/uploads\/2018\/03\/dc28384b5db659ffda6fd14ece92abed.jpeg\" \/>\n\t<meta property=\"og:image:width\" content=\"960\" \/>\n\t<meta property=\"og:image:height\" content=\"541\" \/>\n\t<meta property=\"og:image:type\" content=\"image\/jpeg\" \/>\n<meta name=\"author\" content=\"admin\" \/>\n<meta name=\"twitter:card\" content=\"summary_large_image\" \/>\n<meta name=\"twitter:label1\" content=\"Escrito por\" \/>\n\t<meta name=\"twitter:data1\" content=\"admin\" \/>\n\t<meta name=\"twitter:label2\" content=\"Tiempo de lectura\" \/>\n\t<meta name=\"twitter:data2\" content=\"3 minutos\" \/>\n<script type=\"application\/ld+json\" class=\"yoast-schema-graph\">{\"@context\":\"https:\\\/\\\/schema.org\",\"@graph\":[{\"@type\":\"Article\",\"@id\":\"https:\\\/\\\/www.eldiariodetucuman.com\\\/web\\\/jose-urtubey-hay-falta-de-competitividad-en-argentina-y-no-es-chamuyo\\\/#article\",\"isPartOf\":{\"@id\":\"https:\\\/\\\/www.eldiariodetucuman.com\\\/web\\\/jose-urtubey-hay-falta-de-competitividad-en-argentina-y-no-es-chamuyo\\\/\"},\"author\":{\"name\":\"admin\",\"@id\":\"https:\\\/\\\/www.eldiariodetucuman.com\\\/web\\\/#\\\/schema\\\/person\\\/9250197d75ab5483412e19678b121caa\"},\"headline\":\"Jos\u00e9 Urtubey: \u201cHay falta de competitividad en Argentina y no es chamuyo\u201d\",\"datePublished\":\"2018-03-08T14:43:20+00:00\",\"dateModified\":\"2018-03-08T14:43:27+00:00\",\"mainEntityOfPage\":{\"@id\":\"https:\\\/\\\/www.eldiariodetucuman.com\\\/web\\\/jose-urtubey-hay-falta-de-competitividad-en-argentina-y-no-es-chamuyo\\\/\"},\"wordCount\":598,\"commentCount\":0,\"publisher\":{\"@id\":\"https:\\\/\\\/www.eldiariodetucuman.com\\\/web\\\/#organization\"},\"image\":{\"@id\":\"https:\\\/\\\/www.eldiariodetucuman.com\\\/web\\\/jose-urtubey-hay-falta-de-competitividad-en-argentina-y-no-es-chamuyo\\\/#primaryimage\"},\"thumbnailUrl\":\"https:\\\/\\\/www.eldiariodetucuman.com\\\/web\\\/wp-content\\\/uploads\\\/2018\\\/03\\\/dc28384b5db659ffda6fd14ece92abed.jpeg\",\"articleSection\":[\"Portada\"],\"inLanguage\":\"es\",\"potentialAction\":[{\"@type\":\"CommentAction\",\"name\":\"Comment\",\"target\":[\"https:\\\/\\\/www.eldiariodetucuman.com\\\/web\\\/jose-urtubey-hay-falta-de-competitividad-en-argentina-y-no-es-chamuyo\\\/#respond\"]}]},{\"@type\":\"WebPage\",\"@id\":\"https:\\\/\\\/www.eldiariodetucuman.com\\\/web\\\/jose-urtubey-hay-falta-de-competitividad-en-argentina-y-no-es-chamuyo\\\/\",\"url\":\"https:\\\/\\\/www.eldiariodetucuman.com\\\/web\\\/jose-urtubey-hay-falta-de-competitividad-en-argentina-y-no-es-chamuyo\\\/\",\"name\":\"Jos\u00e9 Urtubey: \u201cHay falta de competitividad en Argentina y no es chamuyo\u201d - El Diario de Tucuman\",\"isPartOf\":{\"@id\":\"https:\\\/\\\/www.eldiariodetucuman.com\\\/web\\\/#website\"},\"primaryImageOfPage\":{\"@id\":\"https:\\\/\\\/www.eldiariodetucuman.com\\\/web\\\/jose-urtubey-hay-falta-de-competitividad-en-argentina-y-no-es-chamuyo\\\/#primaryimage\"},\"image\":{\"@id\":\"https:\\\/\\\/www.eldiariodetucuman.com\\\/web\\\/jose-urtubey-hay-falta-de-competitividad-en-argentina-y-no-es-chamuyo\\\/#primaryimage\"},\"thumbnailUrl\":\"https:\\\/\\\/www.eldiariodetucuman.com\\\/web\\\/wp-content\\\/uploads\\\/2018\\\/03\\\/dc28384b5db659ffda6fd14ece92abed.jpeg\",\"datePublished\":\"2018-03-08T14:43:20+00:00\",\"dateModified\":\"2018-03-08T14:43:27+00:00\",\"breadcrumb\":{\"@id\":\"https:\\\/\\\/www.eldiariodetucuman.com\\\/web\\\/jose-urtubey-hay-falta-de-competitividad-en-argentina-y-no-es-chamuyo\\\/#breadcrumb\"},\"inLanguage\":\"es\",\"potentialAction\":[{\"@type\":\"ReadAction\",\"target\":[\"https:\\\/\\\/www.eldiariodetucuman.com\\\/web\\\/jose-urtubey-hay-falta-de-competitividad-en-argentina-y-no-es-chamuyo\\\/\"]}]},{\"@type\":\"ImageObject\",\"inLanguage\":\"es\",\"@id\":\"https:\\\/\\\/www.eldiariodetucuman.com\\\/web\\\/jose-urtubey-hay-falta-de-competitividad-en-argentina-y-no-es-chamuyo\\\/#primaryimage\",\"url\":\"https:\\\/\\\/www.eldiariodetucuman.com\\\/web\\\/wp-content\\\/uploads\\\/2018\\\/03\\\/dc28384b5db659ffda6fd14ece92abed.jpeg\",\"contentUrl\":\"https:\\\/\\\/www.eldiariodetucuman.com\\\/web\\\/wp-content\\\/uploads\\\/2018\\\/03\\\/dc28384b5db659ffda6fd14ece92abed.jpeg\",\"width\":960,\"height\":541},{\"@type\":\"BreadcrumbList\",\"@id\":\"https:\\\/\\\/www.eldiariodetucuman.com\\\/web\\\/jose-urtubey-hay-falta-de-competitividad-en-argentina-y-no-es-chamuyo\\\/#breadcrumb\",\"itemListElement\":[{\"@type\":\"ListItem\",\"position\":1,\"name\":\"Portada\",\"item\":\"https:\\\/\\\/www.eldiariodetucuman.com\\\/web\\\/\"},{\"@type\":\"ListItem\",\"position\":2,\"name\":\"Jos\u00e9 Urtubey: \u201cHay falta de competitividad en Argentina y no es chamuyo\u201d\"}]},{\"@type\":\"WebSite\",\"@id\":\"https:\\\/\\\/www.eldiariodetucuman.com\\\/web\\\/#website\",\"url\":\"https:\\\/\\\/www.eldiariodetucuman.com\\\/web\\\/\",\"name\":\"El Diario de Tucuman\",\"description\":\"Diario Tucuman - Informaci\u00f3n y noticias\",\"publisher\":{\"@id\":\"https:\\\/\\\/www.eldiariodetucuman.com\\\/web\\\/#organization\"},\"potentialAction\":[{\"@type\":\"SearchAction\",\"target\":{\"@type\":\"EntryPoint\",\"urlTemplate\":\"https:\\\/\\\/www.eldiariodetucuman.com\\\/web\\\/?s={search_term_string}\"},\"query-input\":{\"@type\":\"PropertyValueSpecification\",\"valueRequired\":true,\"valueName\":\"search_term_string\"}}],\"inLanguage\":\"es\"},{\"@type\":\"Organization\",\"@id\":\"https:\\\/\\\/www.eldiariodetucuman.com\\\/web\\\/#organization\",\"name\":\"El Diario de Tucuman\",\"url\":\"https:\\\/\\\/www.eldiariodetucuman.com\\\/web\\\/\",\"logo\":{\"@type\":\"ImageObject\",\"inLanguage\":\"es\",\"@id\":\"https:\\\/\\\/www.eldiariodetucuman.com\\\/web\\\/#\\\/schema\\\/logo\\\/image\\\/\",\"url\":\"http:\\\/\\\/www.eldiariodetucuman.com\\\/web\\\/wp-content\\\/uploads\\\/2017\\\/12\\\/el-diario-de-tucuman.jpg\",\"contentUrl\":\"http:\\\/\\\/www.eldiariodetucuman.com\\\/web\\\/wp-content\\\/uploads\\\/2017\\\/12\\\/el-diario-de-tucuman.jpg\",\"width\":272,\"height\":92,\"caption\":\"El Diario de Tucuman\"},\"image\":{\"@id\":\"https:\\\/\\\/www.eldiariodetucuman.com\\\/web\\\/#\\\/schema\\\/logo\\\/image\\\/\"}},{\"@type\":\"Person\",\"@id\":\"https:\\\/\\\/www.eldiariodetucuman.com\\\/web\\\/#\\\/schema\\\/person\\\/9250197d75ab5483412e19678b121caa\",\"name\":\"admin\",\"image\":{\"@type\":\"ImageObject\",\"inLanguage\":\"es\",\"@id\":\"https:\\\/\\\/secure.gravatar.com\\\/avatar\\\/c44d117c2be811212c22cb481f6b8384b6873de103fbc49e7a03cc58d7dea4ac?s=96&d=mm&r=g\",\"url\":\"https:\\\/\\\/secure.gravatar.com\\\/avatar\\\/c44d117c2be811212c22cb481f6b8384b6873de103fbc49e7a03cc58d7dea4ac?s=96&d=mm&r=g\",\"contentUrl\":\"https:\\\/\\\/secure.gravatar.com\\\/avatar\\\/c44d117c2be811212c22cb481f6b8384b6873de103fbc49e7a03cc58d7dea4ac?s=96&d=mm&r=g\",\"caption\":\"admin\"},\"url\":\"https:\\\/\\\/www.eldiariodetucuman.com\\\/web\\\/author\\\/admin\\\/\"}]}<\/script>\n<!-- \/ Yoast SEO plugin. -->","yoast_head_json":{"title":"Jos\u00e9 Urtubey: \u201cHay falta de competitividad en Argentina y no es chamuyo\u201d - El Diario de Tucuman","robots":{"index":"index","follow":"follow","max-snippet":"max-snippet:-1","max-image-preview":"max-image-preview:large","max-video-preview":"max-video-preview:-1"},"canonical":"https:\/\/www.eldiariodetucuman.com\/web\/jose-urtubey-hay-falta-de-competitividad-en-argentina-y-no-es-chamuyo\/","og_locale":"es_ES","og_type":"article","og_title":"Jos\u00e9 Urtubey: \u201cHay falta de competitividad en Argentina y no es chamuyo\u201d - El Diario de Tucuman","og_description":"Invitado anoche al programa Animales Sueltos, el dirigente de la UIA, Jos\u00e9 Urtubey, se refiri\u00f3 a las pol\u00e9micas declaraciones que el ministro de Producci\u00f3n, Francisco Cabrera, tuvo hacia los industriales el pasado fin de semana al participar en Mendoza de la Fiesta Nacional de la Vendimia, y le baj\u00f3 el tono al conflicto.\u00a0 \u201cEl Ministro [&hellip;]","og_url":"https:\/\/www.eldiariodetucuman.com\/web\/jose-urtubey-hay-falta-de-competitividad-en-argentina-y-no-es-chamuyo\/","og_site_name":"El Diario de Tucuman","article_published_time":"2018-03-08T14:43:20+00:00","article_modified_time":"2018-03-08T14:43:27+00:00","og_image":[{"width":960,"height":541,"url":"https:\/\/www.eldiariodetucuman.com\/web\/wp-content\/uploads\/2018\/03\/dc28384b5db659ffda6fd14ece92abed.jpeg","type":"image\/jpeg"}],"author":"admin","twitter_card":"summary_large_image","twitter_misc":{"Escrito por":"admin","Tiempo de lectura":"3 minutos"},"schema":{"@context":"https:\/\/schema.org","@graph":[{"@type":"Article","@id":"https:\/\/www.eldiariodetucuman.com\/web\/jose-urtubey-hay-falta-de-competitividad-en-argentina-y-no-es-chamuyo\/#article","isPartOf":{"@id":"https:\/\/www.eldiariodetucuman.com\/web\/jose-urtubey-hay-falta-de-competitividad-en-argentina-y-no-es-chamuyo\/"},"author":{"name":"admin","@id":"https:\/\/www.eldiariodetucuman.com\/web\/#\/schema\/person\/9250197d75ab5483412e19678b121caa"},"headline":"Jos\u00e9 Urtubey: \u201cHay falta de competitividad en Argentina y no es chamuyo\u201d","datePublished":"2018-03-08T14:43:20+00:00","dateModified":"2018-03-08T14:43:27+00:00","mainEntityOfPage":{"@id":"https:\/\/www.eldiariodetucuman.com\/web\/jose-urtubey-hay-falta-de-competitividad-en-argentina-y-no-es-chamuyo\/"},"wordCount":598,"commentCount":0,"publisher":{"@id":"https:\/\/www.eldiariodetucuman.com\/web\/#organization"},"image":{"@id":"https:\/\/www.eldiariodetucuman.com\/web\/jose-urtubey-hay-falta-de-competitividad-en-argentina-y-no-es-chamuyo\/#primaryimage"},"thumbnailUrl":"https:\/\/www.eldiariodetucuman.com\/web\/wp-content\/uploads\/2018\/03\/dc28384b5db659ffda6fd14ece92abed.jpeg","articleSection":["Portada"],"inLanguage":"es","potentialAction":[{"@type":"CommentAction","name":"Comment","target":["https:\/\/www.eldiariodetucuman.com\/web\/jose-urtubey-hay-falta-de-competitividad-en-argentina-y-no-es-chamuyo\/#respond"]}]},{"@type":"WebPage","@id":"https:\/\/www.eldiariodetucuman.com\/web\/jose-urtubey-hay-falta-de-competitividad-en-argentina-y-no-es-chamuyo\/","url":"https:\/\/www.eldiariodetucuman.com\/web\/jose-urtubey-hay-falta-de-competitividad-en-argentina-y-no-es-chamuyo\/","name":"Jos\u00e9 Urtubey: \u201cHay falta de competitividad en Argentina y no es chamuyo\u201d - El Diario de Tucuman","isPartOf":{"@id":"https:\/\/www.eldiariodetucuman.com\/web\/#website"},"primaryImageOfPage":{"@id":"https:\/\/www.eldiariodetucuman.com\/web\/jose-urtubey-hay-falta-de-competitividad-en-argentina-y-no-es-chamuyo\/#primaryimage"},"image":{"@id":"https:\/\/www.eldiariodetucuman.com\/web\/jose-urtubey-hay-falta-de-competitividad-en-argentina-y-no-es-chamuyo\/#primaryimage"},"thumbnailUrl":"https:\/\/www.eldiariodetucuman.com\/web\/wp-content\/uploads\/2018\/03\/dc28384b5db659ffda6fd14ece92abed.jpeg","datePublished":"2018-03-08T14:43:20+00:00","dateModified":"2018-03-08T14:43:27+00:00","breadcrumb":{"@id":"https:\/\/www.eldiariodetucuman.com\/web\/jose-urtubey-hay-falta-de-competitividad-en-argentina-y-no-es-chamuyo\/#breadcrumb"},"inLanguage":"es","potentialAction":[{"@type":"ReadAction","target":["https:\/\/www.eldiariodetucuman.com\/web\/jose-urtubey-hay-falta-de-competitividad-en-argentina-y-no-es-chamuyo\/"]}]},{"@type":"ImageObject","inLanguage":"es","@id":"https:\/\/www.eldiariodetucuman.com\/web\/jose-urtubey-hay-falta-de-competitividad-en-argentina-y-no-es-chamuyo\/#primaryimage","url":"https:\/\/www.eldiariodetucuman.com\/web\/wp-content\/uploads\/2018\/03\/dc28384b5db659ffda6fd14ece92abed.jpeg","contentUrl":"https:\/\/www.eldiariodetucuman.com\/web\/wp-content\/uploads\/2018\/03\/dc28384b5db659ffda6fd14ece92abed.jpeg","width":960,"height":541},{"@type":"BreadcrumbList","@id":"https:\/\/www.eldiariodetucuman.com\/web\/jose-urtubey-hay-falta-de-competitividad-en-argentina-y-no-es-chamuyo\/#breadcrumb","itemListElement":[{"@type":"ListItem","position":1,"name":"Portada","item":"https:\/\/www.eldiariodetucuman.com\/web\/"},{"@type":"ListItem","position":2,"name":"Jos\u00e9 Urtubey: \u201cHay falta de competitividad en Argentina y no es chamuyo\u201d"}]},{"@type":"WebSite","@id":"https:\/\/www.eldiariodetucuman.com\/web\/#website","url":"https:\/\/www.eldiariodetucuman.com\/web\/","name":"El Diario de Tucuman","description":"Diario Tucuman - Informaci\u00f3n y noticias","publisher":{"@id":"https:\/\/www.eldiariodetucuman.com\/web\/#organization"},"potentialAction":[{"@type":"SearchAction","target":{"@type":"EntryPoint","urlTemplate":"https:\/\/www.eldiariodetucuman.com\/web\/?s={search_term_string}"},"query-input":{"@type":"PropertyValueSpecification","valueRequired":true,"valueName":"search_term_string"}}],"inLanguage":"es"},{"@type":"Organization","@id":"https:\/\/www.eldiariodetucuman.com\/web\/#organization","name":"El Diario de Tucuman","url":"https:\/\/www.eldiariodetucuman.com\/web\/","logo":{"@type":"ImageObject","inLanguage":"es","@id":"https:\/\/www.eldiariodetucuman.com\/web\/#\/schema\/logo\/image\/","url":"http:\/\/www.eldiariodetucuman.com\/web\/wp-content\/uploads\/2017\/12\/el-diario-de-tucuman.jpg","contentUrl":"http:\/\/www.eldiariodetucuman.com\/web\/wp-content\/uploads\/2017\/12\/el-diario-de-tucuman.jpg","width":272,"height":92,"caption":"El Diario de Tucuman"},"image":{"@id":"https:\/\/www.eldiariodetucuman.com\/web\/#\/schema\/logo\/image\/"}},{"@type":"Person","@id":"https:\/\/www.eldiariodetucuman.com\/web\/#\/schema\/person\/9250197d75ab5483412e19678b121caa","name":"admin","image":{"@type":"ImageObject","inLanguage":"es","@id":"https:\/\/secure.gravatar.com\/avatar\/c44d117c2be811212c22cb481f6b8384b6873de103fbc49e7a03cc58d7dea4ac?s=96&d=mm&r=g","url":"https:\/\/secure.gravatar.com\/avatar\/c44d117c2be811212c22cb481f6b8384b6873de103fbc49e7a03cc58d7dea4ac?s=96&d=mm&r=g","contentUrl":"https:\/\/secure.gravatar.com\/avatar\/c44d117c2be811212c22cb481f6b8384b6873de103fbc49e7a03cc58d7dea4ac?s=96&d=mm&r=g","caption":"admin"},"url":"https:\/\/www.eldiariodetucuman.com\/web\/author\/admin\/"}]}},"_links":{"self":[{"href":"https:\/\/www.eldiariodetucuman.com\/web\/wp-json\/wp\/v2\/posts\/6389","targetHints":{"allow":["GET"]}}],"collection":[{"href":"https:\/\/www.eldiariodetucuman.com\/web\/wp-json\/wp\/v2\/posts"}],"about":[{"href":"https:\/\/www.eldiariodetucuman.com\/web\/wp-json\/wp\/v2\/types\/post"}],"author":[{"embeddable":true,"href":"https:\/\/www.eldiariodetucuman.com\/web\/wp-json\/wp\/v2\/users\/1"}],"replies":[{"embeddable":true,"href":"https:\/\/www.eldiariodetucuman.com\/web\/wp-json\/wp\/v2\/comments?post=6389"}],"version-history":[{"count":1,"href":"https:\/\/www.eldiariodetucuman.com\/web\/wp-json\/wp\/v2\/posts\/6389\/revisions"}],"predecessor-version":[{"id":6391,"href":"https:\/\/www.eldiariodetucuman.com\/web\/wp-json\/wp\/v2\/posts\/6389\/revisions\/6391"}],"wp:featuredmedia":[{"embeddable":true,"href":"https:\/\/www.eldiariodetucuman.com\/web\/wp-json\/wp\/v2\/media\/6390"}],"wp:attachment":[{"href":"https:\/\/www.eldiariodetucuman.com\/web\/wp-json\/wp\/v2\/media?parent=6389"}],"wp:term":[{"taxonomy":"category","embeddable":true,"href":"https:\/\/www.eldiariodetucuman.com\/web\/wp-json\/wp\/v2\/categories?post=6389"},{"taxonomy":"post_tag","embeddable":true,"href":"https:\/\/www.eldiariodetucuman.com\/web\/wp-json\/wp\/v2\/tags?post=6389"}],"curies":[{"name":"wp","href":"https:\/\/api.w.org\/{rel}","templated":true}]}}