{"id":6383,"date":"2018-03-08T00:10:17","date_gmt":"2018-03-08T03:10:17","guid":{"rendered":"http:\/\/www.eldiariodetucuman.com\/web\/para-combatir-la-inseguridad-hay-que-trabajar-entre-todos\/"},"modified":"2018-03-08T00:10:18","modified_gmt":"2018-03-08T03:10:18","slug":"para-combatir-la-inseguridad-hay-que-trabajar-entre-todos","status":"publish","type":"post","link":"https:\/\/www.eldiariodetucuman.com\/web\/para-combatir-la-inseguridad-hay-que-trabajar-entre-todos\/","title":{"rendered":"\u201cPara combatir la inseguridad hay que trabajar entre todos\u201d"},"content":{"rendered":"<div>\n<div readability=\"46.5\">\n<p>El Gobierno provincial empieza a mostrar las cartas de su plan en materia de seguridad. El vicegobernador, <strong>Osvaldo Jaldo,<\/strong> recibi\u00f3 el pasado martes\u00a0al ministro fiscal, <strong>Edmundo Jim\u00e9nez<\/strong> en la sede legislativa, quien present\u00f3 dos anteproyectos referidos a materias de seguridad.\u00a0El gobernador<strong> Juan Manzur<\/strong> se hizo eco del tema y afirm\u00f3:\u00a0\u201cSe avanz\u00f3 en temas que nos preocupan a todos\u201d.<\/p>\n<p>Tras la reuni\u00f3n el presidente de la C\u00e1mara afirm\u00f3 que desde la semana que viene, la Legislatura empezar\u00e1 a discutir una serie de proyectos de ley referidos a combatir las diferentes formas delictivas.<\/p>\n<blockquote readability=\"8\">\n<p>Celebro que se trabaje en forma articulada. Ning\u00fan poder del Estado solo va a dar respuesta a un problema tan complejo y ah\u00ed todos tenemos que aportar nuestro granito de arena para que esto se resuelva\u201d, manifest\u00f3 Manzur esta ma\u00f1ana\u00a0en una visita al CIC de El Cha\u00f1ar.<\/p>\n<\/blockquote>\n<blockquote class=\"mom_quote \"><p>Durante su discurso en la Legislatura, el titular del PE provincial anunci\u00f3 la implementaci\u00f3n de un plan de \u201caplicaci\u00f3n inmediata\u201d para combatir la inseguridad. \u201cHemos puesto en funcionamiento un Plan Estrat\u00e9gico de Seguridad de Aplicaci\u00f3n Inmediata, el que se encuentra en pleno desarrollo, con directrices claramente definidas a lograr cambios sostenidos en lo que respecta a Polic\u00eda, Servicio Penitenciario y seguridad vial, con enfoques que van desde lo operativo\/funcional hasta lo institucional, con proyecci\u00f3n a todo el territorio de la Provincia\u201d, se\u00f1al\u00f3 el gobernador.<\/p><\/blockquote>\n<p>\u00a0<\/p>\n<\/div>\n<\/div>\n<p>Fuente: http:\/\/comunicaciontucuman.gob.ar\/2018\/03\/para-combatir-la-inseguridad-hay-que-trabajar-de-manera-articulada\/<\/p>\n","protected":false},"excerpt":{"rendered":"<p>El Gobierno provincial empieza a mostrar las cartas de su plan en materia de seguridad. El vicegobernador, Osvaldo Jaldo, recibi\u00f3 el pasado martes\u00a0al ministro fiscal, Edmundo Jim\u00e9nez en la sede legislativa, quien present\u00f3 dos anteproyectos referidos a materias de seguridad.\u00a0El gobernador Juan Manzur se hizo eco del tema y afirm\u00f3:\u00a0\u201cSe avanz\u00f3 en temas que nos [&hellip;]<\/p>\n","protected":false},"author":1,"featured_media":6384,"comment_status":"open","ping_status":"closed","sticky":false,"template":"","format":"standard","meta":{"footnotes":""},"categories":[3],"tags":[],"class_list":{"0":"post-6383","1":"post","2":"type-post","3":"status-publish","4":"format-standard","5":"has-post-thumbnail","7":"category-politica"},"yoast_head":"<!-- This site is optimized with the Yoast SEO plugin v27.4 - https:\/\/yoast.com\/product\/yoast-seo-wordpress\/ -->\n<title>\u201cPara combatir la inseguridad hay que trabajar entre todos\u201d - El Diario de Tucuman<\/title>\n<meta name=\"robots\" content=\"index, follow, max-snippet:-1, max-image-preview:large, max-video-preview:-1\" \/>\n<link rel=\"canonical\" href=\"https:\/\/www.eldiariodetucuman.com\/web\/para-combatir-la-inseguridad-hay-que-trabajar-entre-todos\/\" \/>\n<meta property=\"og:locale\" content=\"es_ES\" \/>\n<meta property=\"og:type\" content=\"article\" \/>\n<meta property=\"og:title\" content=\"\u201cPara combatir la inseguridad hay que trabajar entre todos\u201d - El Diario de Tucuman\" \/>\n<meta property=\"og:description\" content=\"El Gobierno provincial empieza a mostrar las cartas de su plan en materia de seguridad. El vicegobernador, Osvaldo Jaldo, recibi\u00f3 el pasado martes\u00a0al ministro fiscal, Edmundo Jim\u00e9nez en la sede legislativa, quien present\u00f3 dos anteproyectos referidos a materias de seguridad.\u00a0El gobernador Juan Manzur se hizo eco del tema y afirm\u00f3:\u00a0\u201cSe avanz\u00f3 en temas que nos [&hellip;]\" \/>\n<meta property=\"og:url\" content=\"https:\/\/www.eldiariodetucuman.com\/web\/para-combatir-la-inseguridad-hay-que-trabajar-entre-todos\/\" \/>\n<meta property=\"og:site_name\" content=\"El Diario de Tucuman\" \/>\n<meta property=\"article:published_time\" content=\"2018-03-08T03:10:17+00:00\" \/>\n<meta property=\"article:modified_time\" content=\"2018-03-08T03:10:18+00:00\" \/>\n<meta property=\"og:image\" content=\"https:\/\/www.eldiariodetucuman.com\/web\/wp-content\/uploads\/2018\/03\/65bcafa28b5a106a75eb1487d33b1309.jpeg\" \/>\n\t<meta property=\"og:image:width\" content=\"300\" \/>\n\t<meta property=\"og:image:height\" content=\"166\" \/>\n\t<meta property=\"og:image:type\" content=\"image\/jpeg\" \/>\n<meta name=\"author\" content=\"admin\" \/>\n<meta name=\"twitter:card\" content=\"summary_large_image\" \/>\n<meta name=\"twitter:label1\" content=\"Escrito por\" \/>\n\t<meta name=\"twitter:data1\" content=\"admin\" \/>\n\t<meta name=\"twitter:label2\" content=\"Tiempo de lectura\" \/>\n\t<meta name=\"twitter:data2\" content=\"1 minuto\" \/>\n<script type=\"application\/ld+json\" class=\"yoast-schema-graph\">{\"@context\":\"https:\\\/\\\/schema.org\",\"@graph\":[{\"@type\":\"Article\",\"@id\":\"https:\\\/\\\/www.eldiariodetucuman.com\\\/web\\\/para-combatir-la-inseguridad-hay-que-trabajar-entre-todos\\\/#article\",\"isPartOf\":{\"@id\":\"https:\\\/\\\/www.eldiariodetucuman.com\\\/web\\\/para-combatir-la-inseguridad-hay-que-trabajar-entre-todos\\\/\"},\"author\":{\"name\":\"admin\",\"@id\":\"https:\\\/\\\/www.eldiariodetucuman.com\\\/web\\\/#\\\/schema\\\/person\\\/9250197d75ab5483412e19678b121caa\"},\"headline\":\"\u201cPara combatir la inseguridad hay que trabajar entre todos\u201d\",\"datePublished\":\"2018-03-08T03:10:17+00:00\",\"dateModified\":\"2018-03-08T03:10:18+00:00\",\"mainEntityOfPage\":{\"@id\":\"https:\\\/\\\/www.eldiariodetucuman.com\\\/web\\\/para-combatir-la-inseguridad-hay-que-trabajar-entre-todos\\\/\"},\"wordCount\":255,\"commentCount\":0,\"publisher\":{\"@id\":\"https:\\\/\\\/www.eldiariodetucuman.com\\\/web\\\/#organization\"},\"image\":{\"@id\":\"https:\\\/\\\/www.eldiariodetucuman.com\\\/web\\\/para-combatir-la-inseguridad-hay-que-trabajar-entre-todos\\\/#primaryimage\"},\"thumbnailUrl\":\"https:\\\/\\\/www.eldiariodetucuman.com\\\/web\\\/wp-content\\\/uploads\\\/2018\\\/03\\\/65bcafa28b5a106a75eb1487d33b1309.jpeg\",\"articleSection\":[\"Politica\"],\"inLanguage\":\"es\",\"potentialAction\":[{\"@type\":\"CommentAction\",\"name\":\"Comment\",\"target\":[\"https:\\\/\\\/www.eldiariodetucuman.com\\\/web\\\/para-combatir-la-inseguridad-hay-que-trabajar-entre-todos\\\/#respond\"]}]},{\"@type\":\"WebPage\",\"@id\":\"https:\\\/\\\/www.eldiariodetucuman.com\\\/web\\\/para-combatir-la-inseguridad-hay-que-trabajar-entre-todos\\\/\",\"url\":\"https:\\\/\\\/www.eldiariodetucuman.com\\\/web\\\/para-combatir-la-inseguridad-hay-que-trabajar-entre-todos\\\/\",\"name\":\"\u201cPara combatir la inseguridad hay que trabajar entre todos\u201d - El Diario de Tucuman\",\"isPartOf\":{\"@id\":\"https:\\\/\\\/www.eldiariodetucuman.com\\\/web\\\/#website\"},\"primaryImageOfPage\":{\"@id\":\"https:\\\/\\\/www.eldiariodetucuman.com\\\/web\\\/para-combatir-la-inseguridad-hay-que-trabajar-entre-todos\\\/#primaryimage\"},\"image\":{\"@id\":\"https:\\\/\\\/www.eldiariodetucuman.com\\\/web\\\/para-combatir-la-inseguridad-hay-que-trabajar-entre-todos\\\/#primaryimage\"},\"thumbnailUrl\":\"https:\\\/\\\/www.eldiariodetucuman.com\\\/web\\\/wp-content\\\/uploads\\\/2018\\\/03\\\/65bcafa28b5a106a75eb1487d33b1309.jpeg\",\"datePublished\":\"2018-03-08T03:10:17+00:00\",\"dateModified\":\"2018-03-08T03:10:18+00:00\",\"breadcrumb\":{\"@id\":\"https:\\\/\\\/www.eldiariodetucuman.com\\\/web\\\/para-combatir-la-inseguridad-hay-que-trabajar-entre-todos\\\/#breadcrumb\"},\"inLanguage\":\"es\",\"potentialAction\":[{\"@type\":\"ReadAction\",\"target\":[\"https:\\\/\\\/www.eldiariodetucuman.com\\\/web\\\/para-combatir-la-inseguridad-hay-que-trabajar-entre-todos\\\/\"]}]},{\"@type\":\"ImageObject\",\"inLanguage\":\"es\",\"@id\":\"https:\\\/\\\/www.eldiariodetucuman.com\\\/web\\\/para-combatir-la-inseguridad-hay-que-trabajar-entre-todos\\\/#primaryimage\",\"url\":\"https:\\\/\\\/www.eldiariodetucuman.com\\\/web\\\/wp-content\\\/uploads\\\/2018\\\/03\\\/65bcafa28b5a106a75eb1487d33b1309.jpeg\",\"contentUrl\":\"https:\\\/\\\/www.eldiariodetucuman.com\\\/web\\\/wp-content\\\/uploads\\\/2018\\\/03\\\/65bcafa28b5a106a75eb1487d33b1309.jpeg\",\"width\":300,\"height\":166},{\"@type\":\"BreadcrumbList\",\"@id\":\"https:\\\/\\\/www.eldiariodetucuman.com\\\/web\\\/para-combatir-la-inseguridad-hay-que-trabajar-entre-todos\\\/#breadcrumb\",\"itemListElement\":[{\"@type\":\"ListItem\",\"position\":1,\"name\":\"Portada\",\"item\":\"https:\\\/\\\/www.eldiariodetucuman.com\\\/web\\\/\"},{\"@type\":\"ListItem\",\"position\":2,\"name\":\"\u201cPara combatir la inseguridad hay que trabajar entre todos\u201d\"}]},{\"@type\":\"WebSite\",\"@id\":\"https:\\\/\\\/www.eldiariodetucuman.com\\\/web\\\/#website\",\"url\":\"https:\\\/\\\/www.eldiariodetucuman.com\\\/web\\\/\",\"name\":\"El Diario de Tucuman\",\"description\":\"Diario Tucuman - Informaci\u00f3n y noticias\",\"publisher\":{\"@id\":\"https:\\\/\\\/www.eldiariodetucuman.com\\\/web\\\/#organization\"},\"potentialAction\":[{\"@type\":\"SearchAction\",\"target\":{\"@type\":\"EntryPoint\",\"urlTemplate\":\"https:\\\/\\\/www.eldiariodetucuman.com\\\/web\\\/?s={search_term_string}\"},\"query-input\":{\"@type\":\"PropertyValueSpecification\",\"valueRequired\":true,\"valueName\":\"search_term_string\"}}],\"inLanguage\":\"es\"},{\"@type\":\"Organization\",\"@id\":\"https:\\\/\\\/www.eldiariodetucuman.com\\\/web\\\/#organization\",\"name\":\"El Diario de Tucuman\",\"url\":\"https:\\\/\\\/www.eldiariodetucuman.com\\\/web\\\/\",\"logo\":{\"@type\":\"ImageObject\",\"inLanguage\":\"es\",\"@id\":\"https:\\\/\\\/www.eldiariodetucuman.com\\\/web\\\/#\\\/schema\\\/logo\\\/image\\\/\",\"url\":\"http:\\\/\\\/www.eldiariodetucuman.com\\\/web\\\/wp-content\\\/uploads\\\/2017\\\/12\\\/el-diario-de-tucuman.jpg\",\"contentUrl\":\"http:\\\/\\\/www.eldiariodetucuman.com\\\/web\\\/wp-content\\\/uploads\\\/2017\\\/12\\\/el-diario-de-tucuman.jpg\",\"width\":272,\"height\":92,\"caption\":\"El Diario de Tucuman\"},\"image\":{\"@id\":\"https:\\\/\\\/www.eldiariodetucuman.com\\\/web\\\/#\\\/schema\\\/logo\\\/image\\\/\"}},{\"@type\":\"Person\",\"@id\":\"https:\\\/\\\/www.eldiariodetucuman.com\\\/web\\\/#\\\/schema\\\/person\\\/9250197d75ab5483412e19678b121caa\",\"name\":\"admin\",\"image\":{\"@type\":\"ImageObject\",\"inLanguage\":\"es\",\"@id\":\"https:\\\/\\\/secure.gravatar.com\\\/avatar\\\/c44d117c2be811212c22cb481f6b8384b6873de103fbc49e7a03cc58d7dea4ac?s=96&d=mm&r=g\",\"url\":\"https:\\\/\\\/secure.gravatar.com\\\/avatar\\\/c44d117c2be811212c22cb481f6b8384b6873de103fbc49e7a03cc58d7dea4ac?s=96&d=mm&r=g\",\"contentUrl\":\"https:\\\/\\\/secure.gravatar.com\\\/avatar\\\/c44d117c2be811212c22cb481f6b8384b6873de103fbc49e7a03cc58d7dea4ac?s=96&d=mm&r=g\",\"caption\":\"admin\"},\"url\":\"https:\\\/\\\/www.eldiariodetucuman.com\\\/web\\\/author\\\/admin\\\/\"}]}<\/script>\n<!-- \/ Yoast SEO plugin. -->","yoast_head_json":{"title":"\u201cPara combatir la inseguridad hay que trabajar entre todos\u201d - El Diario de Tucuman","robots":{"index":"index","follow":"follow","max-snippet":"max-snippet:-1","max-image-preview":"max-image-preview:large","max-video-preview":"max-video-preview:-1"},"canonical":"https:\/\/www.eldiariodetucuman.com\/web\/para-combatir-la-inseguridad-hay-que-trabajar-entre-todos\/","og_locale":"es_ES","og_type":"article","og_title":"\u201cPara combatir la inseguridad hay que trabajar entre todos\u201d - El Diario de Tucuman","og_description":"El Gobierno provincial empieza a mostrar las cartas de su plan en materia de seguridad. El vicegobernador, Osvaldo Jaldo, recibi\u00f3 el pasado martes\u00a0al ministro fiscal, Edmundo Jim\u00e9nez en la sede legislativa, quien present\u00f3 dos anteproyectos referidos a materias de seguridad.\u00a0El gobernador Juan Manzur se hizo eco del tema y afirm\u00f3:\u00a0\u201cSe avanz\u00f3 en temas que nos [&hellip;]","og_url":"https:\/\/www.eldiariodetucuman.com\/web\/para-combatir-la-inseguridad-hay-que-trabajar-entre-todos\/","og_site_name":"El Diario de Tucuman","article_published_time":"2018-03-08T03:10:17+00:00","article_modified_time":"2018-03-08T03:10:18+00:00","og_image":[{"width":300,"height":166,"url":"https:\/\/www.eldiariodetucuman.com\/web\/wp-content\/uploads\/2018\/03\/65bcafa28b5a106a75eb1487d33b1309.jpeg","type":"image\/jpeg"}],"author":"admin","twitter_card":"summary_large_image","twitter_misc":{"Escrito por":"admin","Tiempo de lectura":"1 minuto"},"schema":{"@context":"https:\/\/schema.org","@graph":[{"@type":"Article","@id":"https:\/\/www.eldiariodetucuman.com\/web\/para-combatir-la-inseguridad-hay-que-trabajar-entre-todos\/#article","isPartOf":{"@id":"https:\/\/www.eldiariodetucuman.com\/web\/para-combatir-la-inseguridad-hay-que-trabajar-entre-todos\/"},"author":{"name":"admin","@id":"https:\/\/www.eldiariodetucuman.com\/web\/#\/schema\/person\/9250197d75ab5483412e19678b121caa"},"headline":"\u201cPara combatir la inseguridad hay que trabajar entre todos\u201d","datePublished":"2018-03-08T03:10:17+00:00","dateModified":"2018-03-08T03:10:18+00:00","mainEntityOfPage":{"@id":"https:\/\/www.eldiariodetucuman.com\/web\/para-combatir-la-inseguridad-hay-que-trabajar-entre-todos\/"},"wordCount":255,"commentCount":0,"publisher":{"@id":"https:\/\/www.eldiariodetucuman.com\/web\/#organization"},"image":{"@id":"https:\/\/www.eldiariodetucuman.com\/web\/para-combatir-la-inseguridad-hay-que-trabajar-entre-todos\/#primaryimage"},"thumbnailUrl":"https:\/\/www.eldiariodetucuman.com\/web\/wp-content\/uploads\/2018\/03\/65bcafa28b5a106a75eb1487d33b1309.jpeg","articleSection":["Politica"],"inLanguage":"es","potentialAction":[{"@type":"CommentAction","name":"Comment","target":["https:\/\/www.eldiariodetucuman.com\/web\/para-combatir-la-inseguridad-hay-que-trabajar-entre-todos\/#respond"]}]},{"@type":"WebPage","@id":"https:\/\/www.eldiariodetucuman.com\/web\/para-combatir-la-inseguridad-hay-que-trabajar-entre-todos\/","url":"https:\/\/www.eldiariodetucuman.com\/web\/para-combatir-la-inseguridad-hay-que-trabajar-entre-todos\/","name":"\u201cPara combatir la inseguridad hay que trabajar entre todos\u201d - El Diario de Tucuman","isPartOf":{"@id":"https:\/\/www.eldiariodetucuman.com\/web\/#website"},"primaryImageOfPage":{"@id":"https:\/\/www.eldiariodetucuman.com\/web\/para-combatir-la-inseguridad-hay-que-trabajar-entre-todos\/#primaryimage"},"image":{"@id":"https:\/\/www.eldiariodetucuman.com\/web\/para-combatir-la-inseguridad-hay-que-trabajar-entre-todos\/#primaryimage"},"thumbnailUrl":"https:\/\/www.eldiariodetucuman.com\/web\/wp-content\/uploads\/2018\/03\/65bcafa28b5a106a75eb1487d33b1309.jpeg","datePublished":"2018-03-08T03:10:17+00:00","dateModified":"2018-03-08T03:10:18+00:00","breadcrumb":{"@id":"https:\/\/www.eldiariodetucuman.com\/web\/para-combatir-la-inseguridad-hay-que-trabajar-entre-todos\/#breadcrumb"},"inLanguage":"es","potentialAction":[{"@type":"ReadAction","target":["https:\/\/www.eldiariodetucuman.com\/web\/para-combatir-la-inseguridad-hay-que-trabajar-entre-todos\/"]}]},{"@type":"ImageObject","inLanguage":"es","@id":"https:\/\/www.eldiariodetucuman.com\/web\/para-combatir-la-inseguridad-hay-que-trabajar-entre-todos\/#primaryimage","url":"https:\/\/www.eldiariodetucuman.com\/web\/wp-content\/uploads\/2018\/03\/65bcafa28b5a106a75eb1487d33b1309.jpeg","contentUrl":"https:\/\/www.eldiariodetucuman.com\/web\/wp-content\/uploads\/2018\/03\/65bcafa28b5a106a75eb1487d33b1309.jpeg","width":300,"height":166},{"@type":"BreadcrumbList","@id":"https:\/\/www.eldiariodetucuman.com\/web\/para-combatir-la-inseguridad-hay-que-trabajar-entre-todos\/#breadcrumb","itemListElement":[{"@type":"ListItem","position":1,"name":"Portada","item":"https:\/\/www.eldiariodetucuman.com\/web\/"},{"@type":"ListItem","position":2,"name":"\u201cPara combatir la inseguridad hay que trabajar entre todos\u201d"}]},{"@type":"WebSite","@id":"https:\/\/www.eldiariodetucuman.com\/web\/#website","url":"https:\/\/www.eldiariodetucuman.com\/web\/","name":"El Diario de Tucuman","description":"Diario Tucuman - Informaci\u00f3n y noticias","publisher":{"@id":"https:\/\/www.eldiariodetucuman.com\/web\/#organization"},"potentialAction":[{"@type":"SearchAction","target":{"@type":"EntryPoint","urlTemplate":"https:\/\/www.eldiariodetucuman.com\/web\/?s={search_term_string}"},"query-input":{"@type":"PropertyValueSpecification","valueRequired":true,"valueName":"search_term_string"}}],"inLanguage":"es"},{"@type":"Organization","@id":"https:\/\/www.eldiariodetucuman.com\/web\/#organization","name":"El Diario de Tucuman","url":"https:\/\/www.eldiariodetucuman.com\/web\/","logo":{"@type":"ImageObject","inLanguage":"es","@id":"https:\/\/www.eldiariodetucuman.com\/web\/#\/schema\/logo\/image\/","url":"http:\/\/www.eldiariodetucuman.com\/web\/wp-content\/uploads\/2017\/12\/el-diario-de-tucuman.jpg","contentUrl":"http:\/\/www.eldiariodetucuman.com\/web\/wp-content\/uploads\/2017\/12\/el-diario-de-tucuman.jpg","width":272,"height":92,"caption":"El Diario de Tucuman"},"image":{"@id":"https:\/\/www.eldiariodetucuman.com\/web\/#\/schema\/logo\/image\/"}},{"@type":"Person","@id":"https:\/\/www.eldiariodetucuman.com\/web\/#\/schema\/person\/9250197d75ab5483412e19678b121caa","name":"admin","image":{"@type":"ImageObject","inLanguage":"es","@id":"https:\/\/secure.gravatar.com\/avatar\/c44d117c2be811212c22cb481f6b8384b6873de103fbc49e7a03cc58d7dea4ac?s=96&d=mm&r=g","url":"https:\/\/secure.gravatar.com\/avatar\/c44d117c2be811212c22cb481f6b8384b6873de103fbc49e7a03cc58d7dea4ac?s=96&d=mm&r=g","contentUrl":"https:\/\/secure.gravatar.com\/avatar\/c44d117c2be811212c22cb481f6b8384b6873de103fbc49e7a03cc58d7dea4ac?s=96&d=mm&r=g","caption":"admin"},"url":"https:\/\/www.eldiariodetucuman.com\/web\/author\/admin\/"}]}},"_links":{"self":[{"href":"https:\/\/www.eldiariodetucuman.com\/web\/wp-json\/wp\/v2\/posts\/6383","targetHints":{"allow":["GET"]}}],"collection":[{"href":"https:\/\/www.eldiariodetucuman.com\/web\/wp-json\/wp\/v2\/posts"}],"about":[{"href":"https:\/\/www.eldiariodetucuman.com\/web\/wp-json\/wp\/v2\/types\/post"}],"author":[{"embeddable":true,"href":"https:\/\/www.eldiariodetucuman.com\/web\/wp-json\/wp\/v2\/users\/1"}],"replies":[{"embeddable":true,"href":"https:\/\/www.eldiariodetucuman.com\/web\/wp-json\/wp\/v2\/comments?post=6383"}],"version-history":[{"count":1,"href":"https:\/\/www.eldiariodetucuman.com\/web\/wp-json\/wp\/v2\/posts\/6383\/revisions"}],"predecessor-version":[{"id":6385,"href":"https:\/\/www.eldiariodetucuman.com\/web\/wp-json\/wp\/v2\/posts\/6383\/revisions\/6385"}],"wp:featuredmedia":[{"embeddable":true,"href":"https:\/\/www.eldiariodetucuman.com\/web\/wp-json\/wp\/v2\/media\/6384"}],"wp:attachment":[{"href":"https:\/\/www.eldiariodetucuman.com\/web\/wp-json\/wp\/v2\/media?parent=6383"}],"wp:term":[{"taxonomy":"category","embeddable":true,"href":"https:\/\/www.eldiariodetucuman.com\/web\/wp-json\/wp\/v2\/categories?post=6383"},{"taxonomy":"post_tag","embeddable":true,"href":"https:\/\/www.eldiariodetucuman.com\/web\/wp-json\/wp\/v2\/tags?post=6383"}],"curies":[{"name":"wp","href":"https:\/\/api.w.org\/{rel}","templated":true}]}}