{"id":6376,"date":"2018-03-07T16:25:25","date_gmt":"2018-03-07T19:25:25","guid":{"rendered":"http:\/\/www.eldiariodetucuman.com\/web\/?p=6376"},"modified":"2018-03-07T16:25:25","modified_gmt":"2018-03-07T19:25:25","slug":"estudiantes-cordobeses-crearon-la-maquina-fernet-cola","status":"publish","type":"post","link":"https:\/\/www.eldiariodetucuman.com\/web\/estudiantes-cordobeses-crearon-la-maquina-fernet-cola\/","title":{"rendered":"Estudiantes cordobeses crearon la m\u00e1quina de hacer Fernet con cola"},"content":{"rendered":"<header class=\"entry-header\"><\/header>\n<p class=\"herald-post-thumbnail herald-post-thumbnail-single\">\u201cLe pusimos Automixer, ya que la idea era lograr una m\u00e1quina que sirviera fernet con cola, pero tambi\u00e9n cualquier otro tipo de bebidas que necesiten ser mezcladas\u201d, sostuvieron\u00a0Gianfranco Fiora\u00a0y\u00a0Franco Francioni, quienes llevaron a cabo este proyecto.<\/p>\n<p><!--more--><\/p>\n<div class=\"entry-content herald-entry-content\">\n<p>\u201cSe pone el vaso y tiene dos modos: uno autom\u00e1tico, donde solamente se aprieta un bot\u00f3n y se sirve una medida preestablecida, y otro personalizado, que responde a los par\u00e1metros que establezca el usuario\u201d, explicaron los autores de la iniciativa.<\/p>\n<p>\u201cNo hemos visto un aparato similar a este en el sentido que mezcle bebidas con alcohol. Existen otros que funcionan como dispenser, pero de un l\u00edquido a la vez\u201d, remarcaron adem\u00e1s.\u00a0\u201cDijimos \u2018hagamos nuestro aparato, aunque sea para tenerlo en casa\u2019\u201d, afirmaron los alumnos.<\/p>\n<p>M\u00e1s all\u00e1 del objetivo final, el ingenio y los conocimientos en electr\u00f3nica puestos de manifiesto por los j\u00f3venes en la construcci\u00f3n del sistema, quedan evidenciados en el producto final logrado.<\/p>\n<p>\u201cComo proyecto final nos pidieron hacer algo que sume microcontroladores. Nos decidimos por esto y ya hace varios meses venimos trabajando\u201d, aseguraron los inventores.<\/p>\n<p>\u201cHemos utilizado un mont\u00f3n de herramientas para el dise\u00f1o\u00a0de las placas, de los sensores para el c\u00e1lculo de la proporci\u00f3n de las bebidas, bombas de aire y otros elementos. Fue mucho trabajo, un buen desaf\u00edo\u201d, concluyeron.<\/p>\n<p><strong>Fuente:<\/strong>\u00a0<a href=\"http:\/\/www.losprimeros.tv\/nota\/7135\/estudiantes-cordobeses-crearon-la-maquina-de-hacer-fernet-con-cola.html\">http:\/\/www.losprimeros.tv\/nota\/7135\/estudiantes-cordobeses-crearon-la-maquina-de-hacer-fernet-con-cola.html<\/a><\/p>\n<\/div>\n","protected":false},"excerpt":{"rendered":"<p>\u201cLe pusimos Automixer, ya que la idea era lograr una m\u00e1quina que sirviera fernet con cola, pero tambi\u00e9n cualquier otro tipo de bebidas que necesiten ser mezcladas\u201d, sostuvieron\u00a0Gianfranco Fiora\u00a0y\u00a0Franco Francioni, quienes llevaron a cabo este proyecto.<\/p>\n","protected":false},"author":5,"featured_media":6377,"comment_status":"closed","ping_status":"open","sticky":false,"template":"","format":"standard","meta":{"footnotes":""},"categories":[2],"tags":[134,7,18],"class_list":{"0":"post-6376","1":"post","2":"type-post","3":"status-publish","4":"format-standard","5":"has-post-thumbnail","7":"category-actualidad","8":"tag-argentina","9":"tag-el-diario-de-tucuman","10":"tag-tecnologia"},"yoast_head":"<!-- This site is optimized with the Yoast SEO plugin v27.4 - https:\/\/yoast.com\/product\/yoast-seo-wordpress\/ -->\n<title>Estudiantes cordobeses crearon la m\u00e1quina de hacer Fernet con cola - El Diario de Tucuman<\/title>\n<meta name=\"robots\" content=\"index, follow, max-snippet:-1, max-image-preview:large, max-video-preview:-1\" \/>\n<link rel=\"canonical\" href=\"https:\/\/www.eldiariodetucuman.com\/web\/estudiantes-cordobeses-crearon-la-maquina-fernet-cola\/\" \/>\n<meta property=\"og:locale\" content=\"es_ES\" \/>\n<meta property=\"og:type\" content=\"article\" \/>\n<meta property=\"og:title\" content=\"Estudiantes cordobeses crearon la m\u00e1quina de hacer Fernet con cola - El Diario de Tucuman\" \/>\n<meta property=\"og:description\" content=\"\u201cLe pusimos Automixer, ya que la idea era lograr una m\u00e1quina que sirviera fernet con cola, pero tambi\u00e9n cualquier otro tipo de bebidas que necesiten ser mezcladas\u201d, sostuvieron\u00a0Gianfranco Fiora\u00a0y\u00a0Franco Francioni, quienes llevaron a cabo este proyecto.\" \/>\n<meta property=\"og:url\" content=\"https:\/\/www.eldiariodetucuman.com\/web\/estudiantes-cordobeses-crearon-la-maquina-fernet-cola\/\" \/>\n<meta property=\"og:site_name\" content=\"El Diario de Tucuman\" \/>\n<meta property=\"article:published_time\" content=\"2018-03-07T19:25:25+00:00\" \/>\n<meta property=\"og:image\" content=\"https:\/\/www.eldiariodetucuman.com\/web\/wp-content\/uploads\/2018\/03\/maquinafernet.jpg\" \/>\n\t<meta property=\"og:image:width\" content=\"970\" \/>\n\t<meta property=\"og:image:height\" content=\"546\" \/>\n\t<meta property=\"og:image:type\" content=\"image\/jpeg\" \/>\n<meta name=\"author\" content=\"Redactor Uno\" \/>\n<meta name=\"twitter:card\" content=\"summary_large_image\" \/>\n<meta name=\"twitter:label1\" content=\"Escrito por\" \/>\n\t<meta name=\"twitter:data1\" content=\"Redactor Uno\" \/>\n\t<meta name=\"twitter:label2\" content=\"Tiempo de lectura\" \/>\n\t<meta name=\"twitter:data2\" content=\"1 minuto\" \/>\n<script type=\"application\/ld+json\" class=\"yoast-schema-graph\">{\"@context\":\"https:\\\/\\\/schema.org\",\"@graph\":[{\"@type\":\"Article\",\"@id\":\"https:\\\/\\\/www.eldiariodetucuman.com\\\/web\\\/estudiantes-cordobeses-crearon-la-maquina-fernet-cola\\\/#article\",\"isPartOf\":{\"@id\":\"https:\\\/\\\/www.eldiariodetucuman.com\\\/web\\\/estudiantes-cordobeses-crearon-la-maquina-fernet-cola\\\/\"},\"author\":{\"name\":\"Redactor Uno\",\"@id\":\"https:\\\/\\\/www.eldiariodetucuman.com\\\/web\\\/#\\\/schema\\\/person\\\/7e6644a46e60888f6b868594407e08dd\"},\"headline\":\"Estudiantes cordobeses crearon la m\u00e1quina de hacer Fernet con cola\",\"datePublished\":\"2018-03-07T19:25:25+00:00\",\"mainEntityOfPage\":{\"@id\":\"https:\\\/\\\/www.eldiariodetucuman.com\\\/web\\\/estudiantes-cordobeses-crearon-la-maquina-fernet-cola\\\/\"},\"wordCount\":249,\"publisher\":{\"@id\":\"https:\\\/\\\/www.eldiariodetucuman.com\\\/web\\\/#organization\"},\"image\":{\"@id\":\"https:\\\/\\\/www.eldiariodetucuman.com\\\/web\\\/estudiantes-cordobeses-crearon-la-maquina-fernet-cola\\\/#primaryimage\"},\"thumbnailUrl\":\"https:\\\/\\\/www.eldiariodetucuman.com\\\/web\\\/wp-content\\\/uploads\\\/2018\\\/03\\\/maquinafernet.jpg\",\"keywords\":[\"Argentina\",\"El Diario de Tucuman\",\"Tecnologia\"],\"articleSection\":[\"Actualidad\"],\"inLanguage\":\"es\"},{\"@type\":\"WebPage\",\"@id\":\"https:\\\/\\\/www.eldiariodetucuman.com\\\/web\\\/estudiantes-cordobeses-crearon-la-maquina-fernet-cola\\\/\",\"url\":\"https:\\\/\\\/www.eldiariodetucuman.com\\\/web\\\/estudiantes-cordobeses-crearon-la-maquina-fernet-cola\\\/\",\"name\":\"Estudiantes cordobeses crearon la m\u00e1quina de hacer Fernet con cola - El Diario de Tucuman\",\"isPartOf\":{\"@id\":\"https:\\\/\\\/www.eldiariodetucuman.com\\\/web\\\/#website\"},\"primaryImageOfPage\":{\"@id\":\"https:\\\/\\\/www.eldiariodetucuman.com\\\/web\\\/estudiantes-cordobeses-crearon-la-maquina-fernet-cola\\\/#primaryimage\"},\"image\":{\"@id\":\"https:\\\/\\\/www.eldiariodetucuman.com\\\/web\\\/estudiantes-cordobeses-crearon-la-maquina-fernet-cola\\\/#primaryimage\"},\"thumbnailUrl\":\"https:\\\/\\\/www.eldiariodetucuman.com\\\/web\\\/wp-content\\\/uploads\\\/2018\\\/03\\\/maquinafernet.jpg\",\"datePublished\":\"2018-03-07T19:25:25+00:00\",\"breadcrumb\":{\"@id\":\"https:\\\/\\\/www.eldiariodetucuman.com\\\/web\\\/estudiantes-cordobeses-crearon-la-maquina-fernet-cola\\\/#breadcrumb\"},\"inLanguage\":\"es\",\"potentialAction\":[{\"@type\":\"ReadAction\",\"target\":[\"https:\\\/\\\/www.eldiariodetucuman.com\\\/web\\\/estudiantes-cordobeses-crearon-la-maquina-fernet-cola\\\/\"]}]},{\"@type\":\"ImageObject\",\"inLanguage\":\"es\",\"@id\":\"https:\\\/\\\/www.eldiariodetucuman.com\\\/web\\\/estudiantes-cordobeses-crearon-la-maquina-fernet-cola\\\/#primaryimage\",\"url\":\"https:\\\/\\\/www.eldiariodetucuman.com\\\/web\\\/wp-content\\\/uploads\\\/2018\\\/03\\\/maquinafernet.jpg\",\"contentUrl\":\"https:\\\/\\\/www.eldiariodetucuman.com\\\/web\\\/wp-content\\\/uploads\\\/2018\\\/03\\\/maquinafernet.jpg\",\"width\":970,\"height\":546},{\"@type\":\"BreadcrumbList\",\"@id\":\"https:\\\/\\\/www.eldiariodetucuman.com\\\/web\\\/estudiantes-cordobeses-crearon-la-maquina-fernet-cola\\\/#breadcrumb\",\"itemListElement\":[{\"@type\":\"ListItem\",\"position\":1,\"name\":\"Portada\",\"item\":\"https:\\\/\\\/www.eldiariodetucuman.com\\\/web\\\/\"},{\"@type\":\"ListItem\",\"position\":2,\"name\":\"Estudiantes cordobeses crearon la m\u00e1quina de hacer Fernet con cola\"}]},{\"@type\":\"WebSite\",\"@id\":\"https:\\\/\\\/www.eldiariodetucuman.com\\\/web\\\/#website\",\"url\":\"https:\\\/\\\/www.eldiariodetucuman.com\\\/web\\\/\",\"name\":\"El Diario de Tucuman\",\"description\":\"Diario Tucuman - Informaci\u00f3n y noticias\",\"publisher\":{\"@id\":\"https:\\\/\\\/www.eldiariodetucuman.com\\\/web\\\/#organization\"},\"potentialAction\":[{\"@type\":\"SearchAction\",\"target\":{\"@type\":\"EntryPoint\",\"urlTemplate\":\"https:\\\/\\\/www.eldiariodetucuman.com\\\/web\\\/?s={search_term_string}\"},\"query-input\":{\"@type\":\"PropertyValueSpecification\",\"valueRequired\":true,\"valueName\":\"search_term_string\"}}],\"inLanguage\":\"es\"},{\"@type\":\"Organization\",\"@id\":\"https:\\\/\\\/www.eldiariodetucuman.com\\\/web\\\/#organization\",\"name\":\"El Diario de Tucuman\",\"url\":\"https:\\\/\\\/www.eldiariodetucuman.com\\\/web\\\/\",\"logo\":{\"@type\":\"ImageObject\",\"inLanguage\":\"es\",\"@id\":\"https:\\\/\\\/www.eldiariodetucuman.com\\\/web\\\/#\\\/schema\\\/logo\\\/image\\\/\",\"url\":\"http:\\\/\\\/www.eldiariodetucuman.com\\\/web\\\/wp-content\\\/uploads\\\/2017\\\/12\\\/el-diario-de-tucuman.jpg\",\"contentUrl\":\"http:\\\/\\\/www.eldiariodetucuman.com\\\/web\\\/wp-content\\\/uploads\\\/2017\\\/12\\\/el-diario-de-tucuman.jpg\",\"width\":272,\"height\":92,\"caption\":\"El Diario de Tucuman\"},\"image\":{\"@id\":\"https:\\\/\\\/www.eldiariodetucuman.com\\\/web\\\/#\\\/schema\\\/logo\\\/image\\\/\"}},{\"@type\":\"Person\",\"@id\":\"https:\\\/\\\/www.eldiariodetucuman.com\\\/web\\\/#\\\/schema\\\/person\\\/7e6644a46e60888f6b868594407e08dd\",\"name\":\"Redactor Uno\",\"image\":{\"@type\":\"ImageObject\",\"inLanguage\":\"es\",\"@id\":\"https:\\\/\\\/secure.gravatar.com\\\/avatar\\\/0049b1bdf1bd548385c9ea6b9356431717930913089febd2ba904f0187d7d074?s=96&d=mm&r=g\",\"url\":\"https:\\\/\\\/secure.gravatar.com\\\/avatar\\\/0049b1bdf1bd548385c9ea6b9356431717930913089febd2ba904f0187d7d074?s=96&d=mm&r=g\",\"contentUrl\":\"https:\\\/\\\/secure.gravatar.com\\\/avatar\\\/0049b1bdf1bd548385c9ea6b9356431717930913089febd2ba904f0187d7d074?s=96&d=mm&r=g\",\"caption\":\"Redactor Uno\"},\"url\":\"https:\\\/\\\/www.eldiariodetucuman.com\\\/web\\\/author\\\/mramasco\\\/\"}]}<\/script>\n<!-- \/ Yoast SEO plugin. -->","yoast_head_json":{"title":"Estudiantes cordobeses crearon la m\u00e1quina de hacer Fernet con cola - El Diario de Tucuman","robots":{"index":"index","follow":"follow","max-snippet":"max-snippet:-1","max-image-preview":"max-image-preview:large","max-video-preview":"max-video-preview:-1"},"canonical":"https:\/\/www.eldiariodetucuman.com\/web\/estudiantes-cordobeses-crearon-la-maquina-fernet-cola\/","og_locale":"es_ES","og_type":"article","og_title":"Estudiantes cordobeses crearon la m\u00e1quina de hacer Fernet con cola - El Diario de Tucuman","og_description":"\u201cLe pusimos Automixer, ya que la idea era lograr una m\u00e1quina que sirviera fernet con cola, pero tambi\u00e9n cualquier otro tipo de bebidas que necesiten ser mezcladas\u201d, sostuvieron\u00a0Gianfranco Fiora\u00a0y\u00a0Franco Francioni, quienes llevaron a cabo este proyecto.","og_url":"https:\/\/www.eldiariodetucuman.com\/web\/estudiantes-cordobeses-crearon-la-maquina-fernet-cola\/","og_site_name":"El Diario de Tucuman","article_published_time":"2018-03-07T19:25:25+00:00","og_image":[{"width":970,"height":546,"url":"https:\/\/www.eldiariodetucuman.com\/web\/wp-content\/uploads\/2018\/03\/maquinafernet.jpg","type":"image\/jpeg"}],"author":"Redactor Uno","twitter_card":"summary_large_image","twitter_misc":{"Escrito por":"Redactor Uno","Tiempo de lectura":"1 minuto"},"schema":{"@context":"https:\/\/schema.org","@graph":[{"@type":"Article","@id":"https:\/\/www.eldiariodetucuman.com\/web\/estudiantes-cordobeses-crearon-la-maquina-fernet-cola\/#article","isPartOf":{"@id":"https:\/\/www.eldiariodetucuman.com\/web\/estudiantes-cordobeses-crearon-la-maquina-fernet-cola\/"},"author":{"name":"Redactor Uno","@id":"https:\/\/www.eldiariodetucuman.com\/web\/#\/schema\/person\/7e6644a46e60888f6b868594407e08dd"},"headline":"Estudiantes cordobeses crearon la m\u00e1quina de hacer Fernet con cola","datePublished":"2018-03-07T19:25:25+00:00","mainEntityOfPage":{"@id":"https:\/\/www.eldiariodetucuman.com\/web\/estudiantes-cordobeses-crearon-la-maquina-fernet-cola\/"},"wordCount":249,"publisher":{"@id":"https:\/\/www.eldiariodetucuman.com\/web\/#organization"},"image":{"@id":"https:\/\/www.eldiariodetucuman.com\/web\/estudiantes-cordobeses-crearon-la-maquina-fernet-cola\/#primaryimage"},"thumbnailUrl":"https:\/\/www.eldiariodetucuman.com\/web\/wp-content\/uploads\/2018\/03\/maquinafernet.jpg","keywords":["Argentina","El Diario de Tucuman","Tecnologia"],"articleSection":["Actualidad"],"inLanguage":"es"},{"@type":"WebPage","@id":"https:\/\/www.eldiariodetucuman.com\/web\/estudiantes-cordobeses-crearon-la-maquina-fernet-cola\/","url":"https:\/\/www.eldiariodetucuman.com\/web\/estudiantes-cordobeses-crearon-la-maquina-fernet-cola\/","name":"Estudiantes cordobeses crearon la m\u00e1quina de hacer Fernet con cola - El Diario de Tucuman","isPartOf":{"@id":"https:\/\/www.eldiariodetucuman.com\/web\/#website"},"primaryImageOfPage":{"@id":"https:\/\/www.eldiariodetucuman.com\/web\/estudiantes-cordobeses-crearon-la-maquina-fernet-cola\/#primaryimage"},"image":{"@id":"https:\/\/www.eldiariodetucuman.com\/web\/estudiantes-cordobeses-crearon-la-maquina-fernet-cola\/#primaryimage"},"thumbnailUrl":"https:\/\/www.eldiariodetucuman.com\/web\/wp-content\/uploads\/2018\/03\/maquinafernet.jpg","datePublished":"2018-03-07T19:25:25+00:00","breadcrumb":{"@id":"https:\/\/www.eldiariodetucuman.com\/web\/estudiantes-cordobeses-crearon-la-maquina-fernet-cola\/#breadcrumb"},"inLanguage":"es","potentialAction":[{"@type":"ReadAction","target":["https:\/\/www.eldiariodetucuman.com\/web\/estudiantes-cordobeses-crearon-la-maquina-fernet-cola\/"]}]},{"@type":"ImageObject","inLanguage":"es","@id":"https:\/\/www.eldiariodetucuman.com\/web\/estudiantes-cordobeses-crearon-la-maquina-fernet-cola\/#primaryimage","url":"https:\/\/www.eldiariodetucuman.com\/web\/wp-content\/uploads\/2018\/03\/maquinafernet.jpg","contentUrl":"https:\/\/www.eldiariodetucuman.com\/web\/wp-content\/uploads\/2018\/03\/maquinafernet.jpg","width":970,"height":546},{"@type":"BreadcrumbList","@id":"https:\/\/www.eldiariodetucuman.com\/web\/estudiantes-cordobeses-crearon-la-maquina-fernet-cola\/#breadcrumb","itemListElement":[{"@type":"ListItem","position":1,"name":"Portada","item":"https:\/\/www.eldiariodetucuman.com\/web\/"},{"@type":"ListItem","position":2,"name":"Estudiantes cordobeses crearon la m\u00e1quina de hacer Fernet con cola"}]},{"@type":"WebSite","@id":"https:\/\/www.eldiariodetucuman.com\/web\/#website","url":"https:\/\/www.eldiariodetucuman.com\/web\/","name":"El Diario de Tucuman","description":"Diario Tucuman - Informaci\u00f3n y noticias","publisher":{"@id":"https:\/\/www.eldiariodetucuman.com\/web\/#organization"},"potentialAction":[{"@type":"SearchAction","target":{"@type":"EntryPoint","urlTemplate":"https:\/\/www.eldiariodetucuman.com\/web\/?s={search_term_string}"},"query-input":{"@type":"PropertyValueSpecification","valueRequired":true,"valueName":"search_term_string"}}],"inLanguage":"es"},{"@type":"Organization","@id":"https:\/\/www.eldiariodetucuman.com\/web\/#organization","name":"El Diario de Tucuman","url":"https:\/\/www.eldiariodetucuman.com\/web\/","logo":{"@type":"ImageObject","inLanguage":"es","@id":"https:\/\/www.eldiariodetucuman.com\/web\/#\/schema\/logo\/image\/","url":"http:\/\/www.eldiariodetucuman.com\/web\/wp-content\/uploads\/2017\/12\/el-diario-de-tucuman.jpg","contentUrl":"http:\/\/www.eldiariodetucuman.com\/web\/wp-content\/uploads\/2017\/12\/el-diario-de-tucuman.jpg","width":272,"height":92,"caption":"El Diario de Tucuman"},"image":{"@id":"https:\/\/www.eldiariodetucuman.com\/web\/#\/schema\/logo\/image\/"}},{"@type":"Person","@id":"https:\/\/www.eldiariodetucuman.com\/web\/#\/schema\/person\/7e6644a46e60888f6b868594407e08dd","name":"Redactor Uno","image":{"@type":"ImageObject","inLanguage":"es","@id":"https:\/\/secure.gravatar.com\/avatar\/0049b1bdf1bd548385c9ea6b9356431717930913089febd2ba904f0187d7d074?s=96&d=mm&r=g","url":"https:\/\/secure.gravatar.com\/avatar\/0049b1bdf1bd548385c9ea6b9356431717930913089febd2ba904f0187d7d074?s=96&d=mm&r=g","contentUrl":"https:\/\/secure.gravatar.com\/avatar\/0049b1bdf1bd548385c9ea6b9356431717930913089febd2ba904f0187d7d074?s=96&d=mm&r=g","caption":"Redactor Uno"},"url":"https:\/\/www.eldiariodetucuman.com\/web\/author\/mramasco\/"}]}},"_links":{"self":[{"href":"https:\/\/www.eldiariodetucuman.com\/web\/wp-json\/wp\/v2\/posts\/6376","targetHints":{"allow":["GET"]}}],"collection":[{"href":"https:\/\/www.eldiariodetucuman.com\/web\/wp-json\/wp\/v2\/posts"}],"about":[{"href":"https:\/\/www.eldiariodetucuman.com\/web\/wp-json\/wp\/v2\/types\/post"}],"author":[{"embeddable":true,"href":"https:\/\/www.eldiariodetucuman.com\/web\/wp-json\/wp\/v2\/users\/5"}],"replies":[{"embeddable":true,"href":"https:\/\/www.eldiariodetucuman.com\/web\/wp-json\/wp\/v2\/comments?post=6376"}],"version-history":[{"count":1,"href":"https:\/\/www.eldiariodetucuman.com\/web\/wp-json\/wp\/v2\/posts\/6376\/revisions"}],"predecessor-version":[{"id":6378,"href":"https:\/\/www.eldiariodetucuman.com\/web\/wp-json\/wp\/v2\/posts\/6376\/revisions\/6378"}],"wp:featuredmedia":[{"embeddable":true,"href":"https:\/\/www.eldiariodetucuman.com\/web\/wp-json\/wp\/v2\/media\/6377"}],"wp:attachment":[{"href":"https:\/\/www.eldiariodetucuman.com\/web\/wp-json\/wp\/v2\/media?parent=6376"}],"wp:term":[{"taxonomy":"category","embeddable":true,"href":"https:\/\/www.eldiariodetucuman.com\/web\/wp-json\/wp\/v2\/categories?post=6376"},{"taxonomy":"post_tag","embeddable":true,"href":"https:\/\/www.eldiariodetucuman.com\/web\/wp-json\/wp\/v2\/tags?post=6376"}],"curies":[{"name":"wp","href":"https:\/\/api.w.org\/{rel}","templated":true}]}}