{"id":6355,"date":"2018-03-07T12:55:31","date_gmt":"2018-03-07T15:55:31","guid":{"rendered":"http:\/\/www.eldiariodetucuman.com\/web\/blackberry-demanda-a-facebook-por-violacion-de-patentes-relacionadas-con-el-bbm\/"},"modified":"2018-03-07T12:55:31","modified_gmt":"2018-03-07T15:55:31","slug":"blackberry-demanda-a-facebook-por-violacion-de-patentes-relacionadas-con-el-bbm","status":"publish","type":"post","link":"https:\/\/www.eldiariodetucuman.com\/web\/blackberry-demanda-a-facebook-por-violacion-de-patentes-relacionadas-con-el-bbm\/","title":{"rendered":"BlackBerry demanda a Facebook por violaci\u00f3n de patentes relacionadas con el BBM"},"content":{"rendered":"<div>\n<div id=\"cuerpo\">\n<figure class=\"XL caja-destacada epigrafe\" id=\"figure_2643197\" data-is=\"imagen\"><span title=\"Ampliar imagen\" class=\"icon-ampliar\"><\/span><br \/>\n                        <span title=\"Cerrar modal\" class=\"icon-cerrar\"><\/span><figcaption><epigrafe>La demanda afirma que Facebook, Whatsapp e Instagram usan tecnolog\u00eda patentada por la firma canadiense; Facebook lo niega de plano<\/epigrafe><\/figcaption><\/figure>\n<p class=\"capital\">\n<!-- TODO : Revisar HTML LN9 --><br \/>\n<a href=\"http:\/\/www.lanacion.com.ar\/blackberry-t48415\" data-event=\"contentLinkClick\"><br \/>\nBlackBerry<br \/>\n<\/a> , el grupo canadiense de software de telecomunicaciones, anunci\u00f3 el martes que present\u00f3 una demanda contra<br \/>\n<!-- TODO : Revisar HTML LN9 --><br \/>\n<a href=\"http:\/\/www.lanacion.com.ar\/facebook-t891\" data-event=\"contentLinkClick\"><br \/>\nFacebook<br \/>\n<\/a>  por violar sus patentes para aplicaciones de mensajer\u00eda.  BlackBerry acusa a la red social estadounidense de violar las patentes que posee sobre la codificaci\u00f3n de los mensajes, las notificaciones de mensajes no le\u00eddos y el uso del mensajero para videojuegos, entre otras cosas que la compa\u00f1\u00eda desarroll\u00f3 (y patent\u00f3) para su propio mensajero, el pionero BlackBerry Messenger (BBM).<\/p>\n<p><!-- middle1 --><\/p>\n<p><!-- middle1 --><\/p>\n<p>La firma canadiense busca obtener una orden judicial contra Facebook, as\u00ed como una indemnizaci\u00f3n por las p\u00e9rdidas sufridas, aunque no ha solicitado ninguna cantidad.<\/p>\n<p>\u00abTenemos mucho respeto por Facebook y la importancia que concede a las capacidades de mensajer\u00eda electr\u00f3nica, algunas de las cuales fueron inventadas por BlackBerry\u00bb, dijo la portavoz de la empresa canadiense, Sarah McKinney, en un comunicado.<\/p>\n<p><!-- middle1 --><\/p>\n<section class=\"listado ademas floatFix\" id=\"listadoAdemas\" data-is-block=\"true\" data-block-name=\"n_relacionadas-cuerpo\" data-diagramacion-id=\"0\"><\/section>\n<p>\u00abSin embargo, tenemos bases para afirmar que Facebook ha violado nuestra propiedad intelectual y, despu\u00e9s de muchos a\u00f1os de di\u00e1logo, tambi\u00e9n tenemos la obligaci\u00f3n de que nuestros accionistas utilicen los recursos legales apropiados\u00bb, a\u00f1adi\u00f3.<\/p>\n<p><!-- middle1 --><\/p>\n<p><!-- middle1 --><\/p>\n<p>La red social estadounidense neg\u00f3 en\u00e9rgicamente a la AFP estas acusaciones, asegurando que \u00abreflejan lamentablemente el estado del negocio de mensajer\u00eda\u00bb del grupo canadiense.<\/p>\n<p>\u00abDespu\u00e9s de dejar de innovar, BlackBerry est\u00e1 ahora tratando de gravar la innovaci\u00f3n de otros. Tenemos la intenci\u00f3n de pelear\u00bb, agreg\u00f3 Paul Grewal, subdirector del departamento legal de Facebook.<\/p>\n<p>Agencia AFP<\/p>\n<p><!-- middle1 --><\/p>\n<p>                <!-- firma autor --><\/p>\n<p>                <!-- temas --><\/p>\n<div class=\"temas\">\n<h4>temas <b>en esta nota<\/b><\/h4>\n<p> <!-- ***NUEVO*** - caja like --><\/p>\n<p>\n    <span class=\"texto-like\"> \u00bfTe gust\u00f3 <b>esta nota?<\/b><\/span><br \/>\n    <span class=\"icon-me-gusta\"> <\/span>\n<\/p>\n<\/p><\/div>\n<\/p><\/div>\n<\/div>\n","protected":false},"excerpt":{"rendered":"<p>La demanda afirma que Facebook, Whatsapp e Instagram usan tecnolog\u00eda patentada por la firma canadiense; Facebook lo niega de plano BlackBerry , el grupo canadiense de software de telecomunicaciones, anunci\u00f3 el martes que present\u00f3 una demanda contra Facebook por violar sus patentes para aplicaciones de mensajer\u00eda. BlackBerry acusa a la red social estadounidense de violar [&hellip;]<\/p>\n","protected":false},"author":4,"featured_media":6356,"comment_status":"open","ping_status":"closed","sticky":false,"template":"","format":"standard","meta":{"footnotes":""},"categories":[154],"tags":[],"class_list":{"0":"post-6355","1":"post","2":"type-post","3":"status-publish","4":"format-standard","5":"has-post-thumbnail","7":"category-ciencia-y-tecnologia"},"yoast_head":"<!-- This site is optimized with the Yoast SEO plugin v27.5 - https:\/\/yoast.com\/product\/yoast-seo-wordpress\/ -->\n<title>BlackBerry demanda a Facebook por violaci\u00f3n de patentes relacionadas con el BBM - El Diario de Tucuman<\/title>\n<meta name=\"robots\" content=\"index, follow, max-snippet:-1, max-image-preview:large, max-video-preview:-1\" \/>\n<link rel=\"canonical\" href=\"https:\/\/www.eldiariodetucuman.com\/web\/blackberry-demanda-a-facebook-por-violacion-de-patentes-relacionadas-con-el-bbm\/\" \/>\n<meta property=\"og:locale\" content=\"es_ES\" \/>\n<meta property=\"og:type\" content=\"article\" \/>\n<meta property=\"og:title\" content=\"BlackBerry demanda a Facebook por violaci\u00f3n de patentes relacionadas con el BBM - El Diario de Tucuman\" \/>\n<meta property=\"og:description\" content=\"La demanda afirma que Facebook, Whatsapp e Instagram usan tecnolog\u00eda patentada por la firma canadiense; Facebook lo niega de plano BlackBerry , el grupo canadiense de software de telecomunicaciones, anunci\u00f3 el martes que present\u00f3 una demanda contra Facebook por violar sus patentes para aplicaciones de mensajer\u00eda. BlackBerry acusa a la red social estadounidense de violar [&hellip;]\" \/>\n<meta property=\"og:url\" content=\"https:\/\/www.eldiariodetucuman.com\/web\/blackberry-demanda-a-facebook-por-violacion-de-patentes-relacionadas-con-el-bbm\/\" \/>\n<meta property=\"og:site_name\" content=\"El Diario de Tucuman\" \/>\n<meta property=\"article:published_time\" content=\"2018-03-07T15:55:31+00:00\" \/>\n<meta property=\"og:image\" content=\"https:\/\/www.eldiariodetucuman.com\/web\/wp-content\/uploads\/2018\/03\/6d053979d7f86c4e94138461c18efbe8.jpeg\" \/>\n\t<meta property=\"og:image:width\" content=\"1032\" \/>\n\t<meta property=\"og:image:height\" content=\"688\" \/>\n\t<meta property=\"og:image:type\" content=\"image\/jpeg\" \/>\n<meta name=\"author\" content=\"eldiario detucuman\" \/>\n<meta name=\"twitter:card\" content=\"summary_large_image\" \/>\n<meta name=\"twitter:label1\" content=\"Escrito por\" \/>\n\t<meta name=\"twitter:data1\" content=\"eldiario detucuman\" \/>\n\t<meta name=\"twitter:label2\" content=\"Tiempo de lectura\" \/>\n\t<meta name=\"twitter:data2\" content=\"1 minuto\" \/>\n<script type=\"application\/ld+json\" class=\"yoast-schema-graph\">{\"@context\":\"https:\\\/\\\/schema.org\",\"@graph\":[{\"@type\":\"Article\",\"@id\":\"https:\\\/\\\/www.eldiariodetucuman.com\\\/web\\\/blackberry-demanda-a-facebook-por-violacion-de-patentes-relacionadas-con-el-bbm\\\/#article\",\"isPartOf\":{\"@id\":\"https:\\\/\\\/www.eldiariodetucuman.com\\\/web\\\/blackberry-demanda-a-facebook-por-violacion-de-patentes-relacionadas-con-el-bbm\\\/\"},\"author\":{\"name\":\"eldiario detucuman\",\"@id\":\"https:\\\/\\\/www.eldiariodetucuman.com\\\/web\\\/#\\\/schema\\\/person\\\/6f95946e54fde848b878ffa4928071d5\"},\"headline\":\"BlackBerry demanda a Facebook por violaci\u00f3n de patentes relacionadas con el BBM\",\"datePublished\":\"2018-03-07T15:55:31+00:00\",\"mainEntityOfPage\":{\"@id\":\"https:\\\/\\\/www.eldiariodetucuman.com\\\/web\\\/blackberry-demanda-a-facebook-por-violacion-de-patentes-relacionadas-con-el-bbm\\\/\"},\"wordCount\":285,\"commentCount\":0,\"publisher\":{\"@id\":\"https:\\\/\\\/www.eldiariodetucuman.com\\\/web\\\/#organization\"},\"image\":{\"@id\":\"https:\\\/\\\/www.eldiariodetucuman.com\\\/web\\\/blackberry-demanda-a-facebook-por-violacion-de-patentes-relacionadas-con-el-bbm\\\/#primaryimage\"},\"thumbnailUrl\":\"https:\\\/\\\/www.eldiariodetucuman.com\\\/web\\\/wp-content\\\/uploads\\\/2018\\\/03\\\/6d053979d7f86c4e94138461c18efbe8.jpeg\",\"articleSection\":[\"ciencia y tecnologia\"],\"inLanguage\":\"es\",\"potentialAction\":[{\"@type\":\"CommentAction\",\"name\":\"Comment\",\"target\":[\"https:\\\/\\\/www.eldiariodetucuman.com\\\/web\\\/blackberry-demanda-a-facebook-por-violacion-de-patentes-relacionadas-con-el-bbm\\\/#respond\"]}]},{\"@type\":\"WebPage\",\"@id\":\"https:\\\/\\\/www.eldiariodetucuman.com\\\/web\\\/blackberry-demanda-a-facebook-por-violacion-de-patentes-relacionadas-con-el-bbm\\\/\",\"url\":\"https:\\\/\\\/www.eldiariodetucuman.com\\\/web\\\/blackberry-demanda-a-facebook-por-violacion-de-patentes-relacionadas-con-el-bbm\\\/\",\"name\":\"BlackBerry demanda a Facebook por violaci\u00f3n de patentes relacionadas con el BBM - El Diario de Tucuman\",\"isPartOf\":{\"@id\":\"https:\\\/\\\/www.eldiariodetucuman.com\\\/web\\\/#website\"},\"primaryImageOfPage\":{\"@id\":\"https:\\\/\\\/www.eldiariodetucuman.com\\\/web\\\/blackberry-demanda-a-facebook-por-violacion-de-patentes-relacionadas-con-el-bbm\\\/#primaryimage\"},\"image\":{\"@id\":\"https:\\\/\\\/www.eldiariodetucuman.com\\\/web\\\/blackberry-demanda-a-facebook-por-violacion-de-patentes-relacionadas-con-el-bbm\\\/#primaryimage\"},\"thumbnailUrl\":\"https:\\\/\\\/www.eldiariodetucuman.com\\\/web\\\/wp-content\\\/uploads\\\/2018\\\/03\\\/6d053979d7f86c4e94138461c18efbe8.jpeg\",\"datePublished\":\"2018-03-07T15:55:31+00:00\",\"breadcrumb\":{\"@id\":\"https:\\\/\\\/www.eldiariodetucuman.com\\\/web\\\/blackberry-demanda-a-facebook-por-violacion-de-patentes-relacionadas-con-el-bbm\\\/#breadcrumb\"},\"inLanguage\":\"es\",\"potentialAction\":[{\"@type\":\"ReadAction\",\"target\":[\"https:\\\/\\\/www.eldiariodetucuman.com\\\/web\\\/blackberry-demanda-a-facebook-por-violacion-de-patentes-relacionadas-con-el-bbm\\\/\"]}]},{\"@type\":\"ImageObject\",\"inLanguage\":\"es\",\"@id\":\"https:\\\/\\\/www.eldiariodetucuman.com\\\/web\\\/blackberry-demanda-a-facebook-por-violacion-de-patentes-relacionadas-con-el-bbm\\\/#primaryimage\",\"url\":\"https:\\\/\\\/www.eldiariodetucuman.com\\\/web\\\/wp-content\\\/uploads\\\/2018\\\/03\\\/6d053979d7f86c4e94138461c18efbe8.jpeg\",\"contentUrl\":\"https:\\\/\\\/www.eldiariodetucuman.com\\\/web\\\/wp-content\\\/uploads\\\/2018\\\/03\\\/6d053979d7f86c4e94138461c18efbe8.jpeg\",\"width\":1032,\"height\":688},{\"@type\":\"BreadcrumbList\",\"@id\":\"https:\\\/\\\/www.eldiariodetucuman.com\\\/web\\\/blackberry-demanda-a-facebook-por-violacion-de-patentes-relacionadas-con-el-bbm\\\/#breadcrumb\",\"itemListElement\":[{\"@type\":\"ListItem\",\"position\":1,\"name\":\"Portada\",\"item\":\"https:\\\/\\\/www.eldiariodetucuman.com\\\/web\\\/\"},{\"@type\":\"ListItem\",\"position\":2,\"name\":\"BlackBerry demanda a Facebook por violaci\u00f3n de patentes relacionadas con el BBM\"}]},{\"@type\":\"WebSite\",\"@id\":\"https:\\\/\\\/www.eldiariodetucuman.com\\\/web\\\/#website\",\"url\":\"https:\\\/\\\/www.eldiariodetucuman.com\\\/web\\\/\",\"name\":\"El Diario de Tucuman\",\"description\":\"Diario Tucuman - Informaci\u00f3n y noticias\",\"publisher\":{\"@id\":\"https:\\\/\\\/www.eldiariodetucuman.com\\\/web\\\/#organization\"},\"potentialAction\":[{\"@type\":\"SearchAction\",\"target\":{\"@type\":\"EntryPoint\",\"urlTemplate\":\"https:\\\/\\\/www.eldiariodetucuman.com\\\/web\\\/?s={search_term_string}\"},\"query-input\":{\"@type\":\"PropertyValueSpecification\",\"valueRequired\":true,\"valueName\":\"search_term_string\"}}],\"inLanguage\":\"es\"},{\"@type\":\"Organization\",\"@id\":\"https:\\\/\\\/www.eldiariodetucuman.com\\\/web\\\/#organization\",\"name\":\"El Diario de Tucuman\",\"url\":\"https:\\\/\\\/www.eldiariodetucuman.com\\\/web\\\/\",\"logo\":{\"@type\":\"ImageObject\",\"inLanguage\":\"es\",\"@id\":\"https:\\\/\\\/www.eldiariodetucuman.com\\\/web\\\/#\\\/schema\\\/logo\\\/image\\\/\",\"url\":\"http:\\\/\\\/www.eldiariodetucuman.com\\\/web\\\/wp-content\\\/uploads\\\/2017\\\/12\\\/el-diario-de-tucuman.jpg\",\"contentUrl\":\"http:\\\/\\\/www.eldiariodetucuman.com\\\/web\\\/wp-content\\\/uploads\\\/2017\\\/12\\\/el-diario-de-tucuman.jpg\",\"width\":272,\"height\":92,\"caption\":\"El Diario de Tucuman\"},\"image\":{\"@id\":\"https:\\\/\\\/www.eldiariodetucuman.com\\\/web\\\/#\\\/schema\\\/logo\\\/image\\\/\"}},{\"@type\":\"Person\",\"@id\":\"https:\\\/\\\/www.eldiariodetucuman.com\\\/web\\\/#\\\/schema\\\/person\\\/6f95946e54fde848b878ffa4928071d5\",\"name\":\"eldiario detucuman\",\"image\":{\"@type\":\"ImageObject\",\"inLanguage\":\"es\",\"@id\":\"https:\\\/\\\/secure.gravatar.com\\\/avatar\\\/b6e1f89c5c4044c4962c8e6c20b1ca2cc99f549c965908afd4ec5308b3f51bfe?s=96&d=mm&r=g\",\"url\":\"https:\\\/\\\/secure.gravatar.com\\\/avatar\\\/b6e1f89c5c4044c4962c8e6c20b1ca2cc99f549c965908afd4ec5308b3f51bfe?s=96&d=mm&r=g\",\"contentUrl\":\"https:\\\/\\\/secure.gravatar.com\\\/avatar\\\/b6e1f89c5c4044c4962c8e6c20b1ca2cc99f549c965908afd4ec5308b3f51bfe?s=96&d=mm&r=g\",\"caption\":\"eldiario detucuman\"},\"url\":\"https:\\\/\\\/www.eldiariodetucuman.com\\\/web\\\/author\\\/eldiariodetucuman\\\/\"}]}<\/script>\n<!-- \/ Yoast SEO plugin. -->","yoast_head_json":{"title":"BlackBerry demanda a Facebook por violaci\u00f3n de patentes relacionadas con el BBM - El Diario de Tucuman","robots":{"index":"index","follow":"follow","max-snippet":"max-snippet:-1","max-image-preview":"max-image-preview:large","max-video-preview":"max-video-preview:-1"},"canonical":"https:\/\/www.eldiariodetucuman.com\/web\/blackberry-demanda-a-facebook-por-violacion-de-patentes-relacionadas-con-el-bbm\/","og_locale":"es_ES","og_type":"article","og_title":"BlackBerry demanda a Facebook por violaci\u00f3n de patentes relacionadas con el BBM - El Diario de Tucuman","og_description":"La demanda afirma que Facebook, Whatsapp e Instagram usan tecnolog\u00eda patentada por la firma canadiense; Facebook lo niega de plano BlackBerry , el grupo canadiense de software de telecomunicaciones, anunci\u00f3 el martes que present\u00f3 una demanda contra Facebook por violar sus patentes para aplicaciones de mensajer\u00eda. BlackBerry acusa a la red social estadounidense de violar [&hellip;]","og_url":"https:\/\/www.eldiariodetucuman.com\/web\/blackberry-demanda-a-facebook-por-violacion-de-patentes-relacionadas-con-el-bbm\/","og_site_name":"El Diario de Tucuman","article_published_time":"2018-03-07T15:55:31+00:00","og_image":[{"width":1032,"height":688,"url":"https:\/\/www.eldiariodetucuman.com\/web\/wp-content\/uploads\/2018\/03\/6d053979d7f86c4e94138461c18efbe8.jpeg","type":"image\/jpeg"}],"author":"eldiario detucuman","twitter_card":"summary_large_image","twitter_misc":{"Escrito por":"eldiario detucuman","Tiempo de lectura":"1 minuto"},"schema":{"@context":"https:\/\/schema.org","@graph":[{"@type":"Article","@id":"https:\/\/www.eldiariodetucuman.com\/web\/blackberry-demanda-a-facebook-por-violacion-de-patentes-relacionadas-con-el-bbm\/#article","isPartOf":{"@id":"https:\/\/www.eldiariodetucuman.com\/web\/blackberry-demanda-a-facebook-por-violacion-de-patentes-relacionadas-con-el-bbm\/"},"author":{"name":"eldiario detucuman","@id":"https:\/\/www.eldiariodetucuman.com\/web\/#\/schema\/person\/6f95946e54fde848b878ffa4928071d5"},"headline":"BlackBerry demanda a Facebook por violaci\u00f3n de patentes relacionadas con el BBM","datePublished":"2018-03-07T15:55:31+00:00","mainEntityOfPage":{"@id":"https:\/\/www.eldiariodetucuman.com\/web\/blackberry-demanda-a-facebook-por-violacion-de-patentes-relacionadas-con-el-bbm\/"},"wordCount":285,"commentCount":0,"publisher":{"@id":"https:\/\/www.eldiariodetucuman.com\/web\/#organization"},"image":{"@id":"https:\/\/www.eldiariodetucuman.com\/web\/blackberry-demanda-a-facebook-por-violacion-de-patentes-relacionadas-con-el-bbm\/#primaryimage"},"thumbnailUrl":"https:\/\/www.eldiariodetucuman.com\/web\/wp-content\/uploads\/2018\/03\/6d053979d7f86c4e94138461c18efbe8.jpeg","articleSection":["ciencia y tecnologia"],"inLanguage":"es","potentialAction":[{"@type":"CommentAction","name":"Comment","target":["https:\/\/www.eldiariodetucuman.com\/web\/blackberry-demanda-a-facebook-por-violacion-de-patentes-relacionadas-con-el-bbm\/#respond"]}]},{"@type":"WebPage","@id":"https:\/\/www.eldiariodetucuman.com\/web\/blackberry-demanda-a-facebook-por-violacion-de-patentes-relacionadas-con-el-bbm\/","url":"https:\/\/www.eldiariodetucuman.com\/web\/blackberry-demanda-a-facebook-por-violacion-de-patentes-relacionadas-con-el-bbm\/","name":"BlackBerry demanda a Facebook por violaci\u00f3n de patentes relacionadas con el BBM - El Diario de Tucuman","isPartOf":{"@id":"https:\/\/www.eldiariodetucuman.com\/web\/#website"},"primaryImageOfPage":{"@id":"https:\/\/www.eldiariodetucuman.com\/web\/blackberry-demanda-a-facebook-por-violacion-de-patentes-relacionadas-con-el-bbm\/#primaryimage"},"image":{"@id":"https:\/\/www.eldiariodetucuman.com\/web\/blackberry-demanda-a-facebook-por-violacion-de-patentes-relacionadas-con-el-bbm\/#primaryimage"},"thumbnailUrl":"https:\/\/www.eldiariodetucuman.com\/web\/wp-content\/uploads\/2018\/03\/6d053979d7f86c4e94138461c18efbe8.jpeg","datePublished":"2018-03-07T15:55:31+00:00","breadcrumb":{"@id":"https:\/\/www.eldiariodetucuman.com\/web\/blackberry-demanda-a-facebook-por-violacion-de-patentes-relacionadas-con-el-bbm\/#breadcrumb"},"inLanguage":"es","potentialAction":[{"@type":"ReadAction","target":["https:\/\/www.eldiariodetucuman.com\/web\/blackberry-demanda-a-facebook-por-violacion-de-patentes-relacionadas-con-el-bbm\/"]}]},{"@type":"ImageObject","inLanguage":"es","@id":"https:\/\/www.eldiariodetucuman.com\/web\/blackberry-demanda-a-facebook-por-violacion-de-patentes-relacionadas-con-el-bbm\/#primaryimage","url":"https:\/\/www.eldiariodetucuman.com\/web\/wp-content\/uploads\/2018\/03\/6d053979d7f86c4e94138461c18efbe8.jpeg","contentUrl":"https:\/\/www.eldiariodetucuman.com\/web\/wp-content\/uploads\/2018\/03\/6d053979d7f86c4e94138461c18efbe8.jpeg","width":1032,"height":688},{"@type":"BreadcrumbList","@id":"https:\/\/www.eldiariodetucuman.com\/web\/blackberry-demanda-a-facebook-por-violacion-de-patentes-relacionadas-con-el-bbm\/#breadcrumb","itemListElement":[{"@type":"ListItem","position":1,"name":"Portada","item":"https:\/\/www.eldiariodetucuman.com\/web\/"},{"@type":"ListItem","position":2,"name":"BlackBerry demanda a Facebook por violaci\u00f3n de patentes relacionadas con el BBM"}]},{"@type":"WebSite","@id":"https:\/\/www.eldiariodetucuman.com\/web\/#website","url":"https:\/\/www.eldiariodetucuman.com\/web\/","name":"El Diario de Tucuman","description":"Diario Tucuman - Informaci\u00f3n y noticias","publisher":{"@id":"https:\/\/www.eldiariodetucuman.com\/web\/#organization"},"potentialAction":[{"@type":"SearchAction","target":{"@type":"EntryPoint","urlTemplate":"https:\/\/www.eldiariodetucuman.com\/web\/?s={search_term_string}"},"query-input":{"@type":"PropertyValueSpecification","valueRequired":true,"valueName":"search_term_string"}}],"inLanguage":"es"},{"@type":"Organization","@id":"https:\/\/www.eldiariodetucuman.com\/web\/#organization","name":"El Diario de Tucuman","url":"https:\/\/www.eldiariodetucuman.com\/web\/","logo":{"@type":"ImageObject","inLanguage":"es","@id":"https:\/\/www.eldiariodetucuman.com\/web\/#\/schema\/logo\/image\/","url":"http:\/\/www.eldiariodetucuman.com\/web\/wp-content\/uploads\/2017\/12\/el-diario-de-tucuman.jpg","contentUrl":"http:\/\/www.eldiariodetucuman.com\/web\/wp-content\/uploads\/2017\/12\/el-diario-de-tucuman.jpg","width":272,"height":92,"caption":"El Diario de Tucuman"},"image":{"@id":"https:\/\/www.eldiariodetucuman.com\/web\/#\/schema\/logo\/image\/"}},{"@type":"Person","@id":"https:\/\/www.eldiariodetucuman.com\/web\/#\/schema\/person\/6f95946e54fde848b878ffa4928071d5","name":"eldiario detucuman","image":{"@type":"ImageObject","inLanguage":"es","@id":"https:\/\/secure.gravatar.com\/avatar\/b6e1f89c5c4044c4962c8e6c20b1ca2cc99f549c965908afd4ec5308b3f51bfe?s=96&d=mm&r=g","url":"https:\/\/secure.gravatar.com\/avatar\/b6e1f89c5c4044c4962c8e6c20b1ca2cc99f549c965908afd4ec5308b3f51bfe?s=96&d=mm&r=g","contentUrl":"https:\/\/secure.gravatar.com\/avatar\/b6e1f89c5c4044c4962c8e6c20b1ca2cc99f549c965908afd4ec5308b3f51bfe?s=96&d=mm&r=g","caption":"eldiario detucuman"},"url":"https:\/\/www.eldiariodetucuman.com\/web\/author\/eldiariodetucuman\/"}]}},"_links":{"self":[{"href":"https:\/\/www.eldiariodetucuman.com\/web\/wp-json\/wp\/v2\/posts\/6355","targetHints":{"allow":["GET"]}}],"collection":[{"href":"https:\/\/www.eldiariodetucuman.com\/web\/wp-json\/wp\/v2\/posts"}],"about":[{"href":"https:\/\/www.eldiariodetucuman.com\/web\/wp-json\/wp\/v2\/types\/post"}],"author":[{"embeddable":true,"href":"https:\/\/www.eldiariodetucuman.com\/web\/wp-json\/wp\/v2\/users\/4"}],"replies":[{"embeddable":true,"href":"https:\/\/www.eldiariodetucuman.com\/web\/wp-json\/wp\/v2\/comments?post=6355"}],"version-history":[{"count":0,"href":"https:\/\/www.eldiariodetucuman.com\/web\/wp-json\/wp\/v2\/posts\/6355\/revisions"}],"wp:featuredmedia":[{"embeddable":true,"href":"https:\/\/www.eldiariodetucuman.com\/web\/wp-json\/wp\/v2\/media\/6356"}],"wp:attachment":[{"href":"https:\/\/www.eldiariodetucuman.com\/web\/wp-json\/wp\/v2\/media?parent=6355"}],"wp:term":[{"taxonomy":"category","embeddable":true,"href":"https:\/\/www.eldiariodetucuman.com\/web\/wp-json\/wp\/v2\/categories?post=6355"},{"taxonomy":"post_tag","embeddable":true,"href":"https:\/\/www.eldiariodetucuman.com\/web\/wp-json\/wp\/v2\/tags?post=6355"}],"curies":[{"name":"wp","href":"https:\/\/api.w.org\/{rel}","templated":true}]}}