{"id":6353,"date":"2018-03-07T12:50:24","date_gmt":"2018-03-07T15:50:24","guid":{"rendered":"http:\/\/www.eldiariodetucuman.com\/web\/asi-se-estrello-avion-militar-ruso-dejando-39-muertos\/"},"modified":"2018-03-07T12:50:24","modified_gmt":"2018-03-07T15:50:24","slug":"asi-se-estrello-avion-militar-ruso-dejando-39-muertos","status":"publish","type":"post","link":"https:\/\/www.eldiariodetucuman.com\/web\/asi-se-estrello-avion-militar-ruso-dejando-39-muertos\/","title":{"rendered":"As\u00ed se estrell\u00f3 avi\u00f3n militar ruso dejando 39 muertos"},"content":{"rendered":"<div>\n<div itemprop=\"articleBody\" readability=\"70.590141796084\">\n<p>Un avi\u00f3n militar ruso se estrell\u00f3 el martes antes de aterrizar en la base militar de Hmeimin, en el noroeste de   <a href=\"https:\/\/www.cronica.com.ar\/tags\/Siria\">Siria<\/a>, matando a sus 39 ocupantes, anunci\u00f3 el ej\u00e9rcito ruso citado por las agencias de noticias.\u00a0<\/p>\n<p><em>\u00abHacia las 15H00 (12H00 GMT), un avi\u00f3n de transporte An-26 se estrell\u00f3 en el aer\u00f3dromo de Hmeimin. Seg\u00fan datos preliminares, hab\u00eda 33 pasajeros y seis tripulantes\u00bb<\/em>, inform\u00f3 el ministerio de Defensa.\u00a0<\/p>\n<p><em>\u00abLa cat\u00e1strofe, seg\u00fan las primeras informaciones, se debe aparentemente a un problema t\u00e9cnico\u00bb,<\/em> agreg\u00f3.\u00a0<\/p>\n<p>El avi\u00f3n se encontraba a unos 500 metros de la pista de aterrizaje, inform\u00f3 el comunicado.\u00a0<br \/>Una comisi\u00f3n investigar\u00e1 las causas del accidente, pero una oficina de la fiscal\u00eda militar rusa estudia una posible violaci\u00f3n de la seguridad a\u00e9rea, dijo un portavoz.\u00a0<\/p>\n<p>\u00a0<\/p>\n<p><iframe loading=\"lazy\" allow=\"autoplay; encrypted-media\" allowfullscreen=\"\" frameborder=\"0\" height=\"315\" src=\"https:\/\/www.youtube.com\/embed\/yzzkTm4USWk\" width=\"560\"><\/iframe><span class=\"item first\"><\/span><span class=\"item second\"><\/span><span class=\"item third\"><\/span><\/p>\n<p>\u00a0<\/p>\n<p>Los aviones Antonov-26 son utilizados por los militares en   <a href=\"https:\/\/www.cronica.com.ar\/tags\/Siria\">Siria<\/a> para vuelos internos que transportan tropas y suministros entre provincias, inform\u00f3 el diario Kommersant.\u00a0<br \/>Estos aparatos tambi\u00e9n han sido utilizados en viajes de prensa.\u00a0<\/p>\n<p>Mosc\u00fa comenz\u00f3 a realizar ataques a\u00e9reos en   <a href=\"https:\/\/www.cronica.com.ar\/tags\/Siria\">Siria<\/a> en septiembre de 2015, y su intervenci\u00f3n dio un giro al conflicto de casi siete a\u00f1os a favor de su aliado en Damasco.<br \/>\u00a0<br \/>El presidente ruso,<strong>   <a href=\"https:\/\/www.cronica.com.ar\/tags\/Vladimir%20Putin\">Vladimir Putin<\/a><\/strong>, realiz\u00f3 una visita sorpresa a la base de Himeim en diciembre, donde orden\u00f3 el comienzo de una retirada de las tropas rusas, diciendo que su tarea en este pa\u00eds devastado por la guerra pr\u00e1cticamente se hab\u00eda completado.\u00a0<\/p>\n<p>\u00a0<\/p>\n<p>\u00a0<\/p>\n<\/div>\n<\/div>\n","protected":false},"excerpt":{"rendered":"<p>Un avi\u00f3n militar ruso se estrell\u00f3 el martes antes de aterrizar en la base militar de Hmeimin, en el noroeste de Siria, matando a sus 39 ocupantes, anunci\u00f3 el ej\u00e9rcito ruso citado por las agencias de noticias.\u00a0 \u00abHacia las 15H00 (12H00 GMT), un avi\u00f3n de transporte An-26 se estrell\u00f3 en el aer\u00f3dromo de Hmeimin. Seg\u00fan [&hellip;]<\/p>\n","protected":false},"author":4,"featured_media":6354,"comment_status":"open","ping_status":"closed","sticky":false,"template":"","format":"standard","meta":{"footnotes":""},"categories":[194],"tags":[],"class_list":{"0":"post-6353","1":"post","2":"type-post","3":"status-publish","4":"format-standard","5":"has-post-thumbnail","7":"category-internacionales"},"yoast_head":"<!-- This site is optimized with the Yoast SEO plugin v27.5 - https:\/\/yoast.com\/product\/yoast-seo-wordpress\/ -->\n<title>As\u00ed se estrell\u00f3 avi\u00f3n militar ruso dejando 39 muertos - El Diario de Tucuman<\/title>\n<meta name=\"robots\" content=\"index, follow, max-snippet:-1, max-image-preview:large, max-video-preview:-1\" \/>\n<link rel=\"canonical\" href=\"https:\/\/www.eldiariodetucuman.com\/web\/asi-se-estrello-avion-militar-ruso-dejando-39-muertos\/\" \/>\n<meta property=\"og:locale\" content=\"es_ES\" \/>\n<meta property=\"og:type\" content=\"article\" \/>\n<meta property=\"og:title\" content=\"As\u00ed se estrell\u00f3 avi\u00f3n militar ruso dejando 39 muertos - El Diario de Tucuman\" \/>\n<meta property=\"og:description\" content=\"Un avi\u00f3n militar ruso se estrell\u00f3 el martes antes de aterrizar en la base militar de Hmeimin, en el noroeste de Siria, matando a sus 39 ocupantes, anunci\u00f3 el ej\u00e9rcito ruso citado por las agencias de noticias.\u00a0 \u00abHacia las 15H00 (12H00 GMT), un avi\u00f3n de transporte An-26 se estrell\u00f3 en el aer\u00f3dromo de Hmeimin. Seg\u00fan [&hellip;]\" \/>\n<meta property=\"og:url\" content=\"https:\/\/www.eldiariodetucuman.com\/web\/asi-se-estrello-avion-militar-ruso-dejando-39-muertos\/\" \/>\n<meta property=\"og:site_name\" content=\"El Diario de Tucuman\" \/>\n<meta property=\"article:published_time\" content=\"2018-03-07T15:50:24+00:00\" \/>\n<meta property=\"og:image\" content=\"https:\/\/www.eldiariodetucuman.com\/web\/wp-content\/uploads\/2018\/03\/5a8961ef2e3c9d6472a7541bc7ccac2e.jpeg\" \/>\n\t<meta property=\"og:image:width\" content=\"970\" \/>\n\t<meta property=\"og:image:height\" content=\"546\" \/>\n\t<meta property=\"og:image:type\" content=\"image\/jpeg\" \/>\n<meta name=\"author\" content=\"eldiario detucuman\" \/>\n<meta name=\"twitter:card\" content=\"summary_large_image\" \/>\n<meta name=\"twitter:label1\" content=\"Escrito por\" \/>\n\t<meta name=\"twitter:data1\" content=\"eldiario detucuman\" \/>\n\t<meta name=\"twitter:label2\" content=\"Tiempo de lectura\" \/>\n\t<meta name=\"twitter:data2\" content=\"1 minuto\" \/>\n<script type=\"application\/ld+json\" class=\"yoast-schema-graph\">{\"@context\":\"https:\\\/\\\/schema.org\",\"@graph\":[{\"@type\":\"Article\",\"@id\":\"https:\\\/\\\/www.eldiariodetucuman.com\\\/web\\\/asi-se-estrello-avion-militar-ruso-dejando-39-muertos\\\/#article\",\"isPartOf\":{\"@id\":\"https:\\\/\\\/www.eldiariodetucuman.com\\\/web\\\/asi-se-estrello-avion-militar-ruso-dejando-39-muertos\\\/\"},\"author\":{\"name\":\"eldiario detucuman\",\"@id\":\"https:\\\/\\\/www.eldiariodetucuman.com\\\/web\\\/#\\\/schema\\\/person\\\/6f95946e54fde848b878ffa4928071d5\"},\"headline\":\"As\u00ed se estrell\u00f3 avi\u00f3n militar ruso dejando 39 muertos\",\"datePublished\":\"2018-03-07T15:50:24+00:00\",\"mainEntityOfPage\":{\"@id\":\"https:\\\/\\\/www.eldiariodetucuman.com\\\/web\\\/asi-se-estrello-avion-militar-ruso-dejando-39-muertos\\\/\"},\"wordCount\":257,\"commentCount\":0,\"publisher\":{\"@id\":\"https:\\\/\\\/www.eldiariodetucuman.com\\\/web\\\/#organization\"},\"image\":{\"@id\":\"https:\\\/\\\/www.eldiariodetucuman.com\\\/web\\\/asi-se-estrello-avion-militar-ruso-dejando-39-muertos\\\/#primaryimage\"},\"thumbnailUrl\":\"https:\\\/\\\/www.eldiariodetucuman.com\\\/web\\\/wp-content\\\/uploads\\\/2018\\\/03\\\/5a8961ef2e3c9d6472a7541bc7ccac2e.jpeg\",\"articleSection\":[\"Internacionales\"],\"inLanguage\":\"es\",\"potentialAction\":[{\"@type\":\"CommentAction\",\"name\":\"Comment\",\"target\":[\"https:\\\/\\\/www.eldiariodetucuman.com\\\/web\\\/asi-se-estrello-avion-militar-ruso-dejando-39-muertos\\\/#respond\"]}]},{\"@type\":\"WebPage\",\"@id\":\"https:\\\/\\\/www.eldiariodetucuman.com\\\/web\\\/asi-se-estrello-avion-militar-ruso-dejando-39-muertos\\\/\",\"url\":\"https:\\\/\\\/www.eldiariodetucuman.com\\\/web\\\/asi-se-estrello-avion-militar-ruso-dejando-39-muertos\\\/\",\"name\":\"As\u00ed se estrell\u00f3 avi\u00f3n militar ruso dejando 39 muertos - El Diario de Tucuman\",\"isPartOf\":{\"@id\":\"https:\\\/\\\/www.eldiariodetucuman.com\\\/web\\\/#website\"},\"primaryImageOfPage\":{\"@id\":\"https:\\\/\\\/www.eldiariodetucuman.com\\\/web\\\/asi-se-estrello-avion-militar-ruso-dejando-39-muertos\\\/#primaryimage\"},\"image\":{\"@id\":\"https:\\\/\\\/www.eldiariodetucuman.com\\\/web\\\/asi-se-estrello-avion-militar-ruso-dejando-39-muertos\\\/#primaryimage\"},\"thumbnailUrl\":\"https:\\\/\\\/www.eldiariodetucuman.com\\\/web\\\/wp-content\\\/uploads\\\/2018\\\/03\\\/5a8961ef2e3c9d6472a7541bc7ccac2e.jpeg\",\"datePublished\":\"2018-03-07T15:50:24+00:00\",\"breadcrumb\":{\"@id\":\"https:\\\/\\\/www.eldiariodetucuman.com\\\/web\\\/asi-se-estrello-avion-militar-ruso-dejando-39-muertos\\\/#breadcrumb\"},\"inLanguage\":\"es\",\"potentialAction\":[{\"@type\":\"ReadAction\",\"target\":[\"https:\\\/\\\/www.eldiariodetucuman.com\\\/web\\\/asi-se-estrello-avion-militar-ruso-dejando-39-muertos\\\/\"]}]},{\"@type\":\"ImageObject\",\"inLanguage\":\"es\",\"@id\":\"https:\\\/\\\/www.eldiariodetucuman.com\\\/web\\\/asi-se-estrello-avion-militar-ruso-dejando-39-muertos\\\/#primaryimage\",\"url\":\"https:\\\/\\\/www.eldiariodetucuman.com\\\/web\\\/wp-content\\\/uploads\\\/2018\\\/03\\\/5a8961ef2e3c9d6472a7541bc7ccac2e.jpeg\",\"contentUrl\":\"https:\\\/\\\/www.eldiariodetucuman.com\\\/web\\\/wp-content\\\/uploads\\\/2018\\\/03\\\/5a8961ef2e3c9d6472a7541bc7ccac2e.jpeg\",\"width\":970,\"height\":546},{\"@type\":\"BreadcrumbList\",\"@id\":\"https:\\\/\\\/www.eldiariodetucuman.com\\\/web\\\/asi-se-estrello-avion-militar-ruso-dejando-39-muertos\\\/#breadcrumb\",\"itemListElement\":[{\"@type\":\"ListItem\",\"position\":1,\"name\":\"Portada\",\"item\":\"https:\\\/\\\/www.eldiariodetucuman.com\\\/web\\\/\"},{\"@type\":\"ListItem\",\"position\":2,\"name\":\"As\u00ed se estrell\u00f3 avi\u00f3n militar ruso dejando 39 muertos\"}]},{\"@type\":\"WebSite\",\"@id\":\"https:\\\/\\\/www.eldiariodetucuman.com\\\/web\\\/#website\",\"url\":\"https:\\\/\\\/www.eldiariodetucuman.com\\\/web\\\/\",\"name\":\"El Diario de Tucuman\",\"description\":\"Diario Tucuman - Informaci\u00f3n y noticias\",\"publisher\":{\"@id\":\"https:\\\/\\\/www.eldiariodetucuman.com\\\/web\\\/#organization\"},\"potentialAction\":[{\"@type\":\"SearchAction\",\"target\":{\"@type\":\"EntryPoint\",\"urlTemplate\":\"https:\\\/\\\/www.eldiariodetucuman.com\\\/web\\\/?s={search_term_string}\"},\"query-input\":{\"@type\":\"PropertyValueSpecification\",\"valueRequired\":true,\"valueName\":\"search_term_string\"}}],\"inLanguage\":\"es\"},{\"@type\":\"Organization\",\"@id\":\"https:\\\/\\\/www.eldiariodetucuman.com\\\/web\\\/#organization\",\"name\":\"El Diario de Tucuman\",\"url\":\"https:\\\/\\\/www.eldiariodetucuman.com\\\/web\\\/\",\"logo\":{\"@type\":\"ImageObject\",\"inLanguage\":\"es\",\"@id\":\"https:\\\/\\\/www.eldiariodetucuman.com\\\/web\\\/#\\\/schema\\\/logo\\\/image\\\/\",\"url\":\"http:\\\/\\\/www.eldiariodetucuman.com\\\/web\\\/wp-content\\\/uploads\\\/2017\\\/12\\\/el-diario-de-tucuman.jpg\",\"contentUrl\":\"http:\\\/\\\/www.eldiariodetucuman.com\\\/web\\\/wp-content\\\/uploads\\\/2017\\\/12\\\/el-diario-de-tucuman.jpg\",\"width\":272,\"height\":92,\"caption\":\"El Diario de Tucuman\"},\"image\":{\"@id\":\"https:\\\/\\\/www.eldiariodetucuman.com\\\/web\\\/#\\\/schema\\\/logo\\\/image\\\/\"}},{\"@type\":\"Person\",\"@id\":\"https:\\\/\\\/www.eldiariodetucuman.com\\\/web\\\/#\\\/schema\\\/person\\\/6f95946e54fde848b878ffa4928071d5\",\"name\":\"eldiario detucuman\",\"image\":{\"@type\":\"ImageObject\",\"inLanguage\":\"es\",\"@id\":\"https:\\\/\\\/secure.gravatar.com\\\/avatar\\\/b6e1f89c5c4044c4962c8e6c20b1ca2cc99f549c965908afd4ec5308b3f51bfe?s=96&d=mm&r=g\",\"url\":\"https:\\\/\\\/secure.gravatar.com\\\/avatar\\\/b6e1f89c5c4044c4962c8e6c20b1ca2cc99f549c965908afd4ec5308b3f51bfe?s=96&d=mm&r=g\",\"contentUrl\":\"https:\\\/\\\/secure.gravatar.com\\\/avatar\\\/b6e1f89c5c4044c4962c8e6c20b1ca2cc99f549c965908afd4ec5308b3f51bfe?s=96&d=mm&r=g\",\"caption\":\"eldiario detucuman\"},\"url\":\"https:\\\/\\\/www.eldiariodetucuman.com\\\/web\\\/author\\\/eldiariodetucuman\\\/\"}]}<\/script>\n<!-- \/ Yoast SEO plugin. -->","yoast_head_json":{"title":"As\u00ed se estrell\u00f3 avi\u00f3n militar ruso dejando 39 muertos - El Diario de Tucuman","robots":{"index":"index","follow":"follow","max-snippet":"max-snippet:-1","max-image-preview":"max-image-preview:large","max-video-preview":"max-video-preview:-1"},"canonical":"https:\/\/www.eldiariodetucuman.com\/web\/asi-se-estrello-avion-militar-ruso-dejando-39-muertos\/","og_locale":"es_ES","og_type":"article","og_title":"As\u00ed se estrell\u00f3 avi\u00f3n militar ruso dejando 39 muertos - El Diario de Tucuman","og_description":"Un avi\u00f3n militar ruso se estrell\u00f3 el martes antes de aterrizar en la base militar de Hmeimin, en el noroeste de Siria, matando a sus 39 ocupantes, anunci\u00f3 el ej\u00e9rcito ruso citado por las agencias de noticias.\u00a0 \u00abHacia las 15H00 (12H00 GMT), un avi\u00f3n de transporte An-26 se estrell\u00f3 en el aer\u00f3dromo de Hmeimin. Seg\u00fan [&hellip;]","og_url":"https:\/\/www.eldiariodetucuman.com\/web\/asi-se-estrello-avion-militar-ruso-dejando-39-muertos\/","og_site_name":"El Diario de Tucuman","article_published_time":"2018-03-07T15:50:24+00:00","og_image":[{"width":970,"height":546,"url":"https:\/\/www.eldiariodetucuman.com\/web\/wp-content\/uploads\/2018\/03\/5a8961ef2e3c9d6472a7541bc7ccac2e.jpeg","type":"image\/jpeg"}],"author":"eldiario detucuman","twitter_card":"summary_large_image","twitter_misc":{"Escrito por":"eldiario detucuman","Tiempo de lectura":"1 minuto"},"schema":{"@context":"https:\/\/schema.org","@graph":[{"@type":"Article","@id":"https:\/\/www.eldiariodetucuman.com\/web\/asi-se-estrello-avion-militar-ruso-dejando-39-muertos\/#article","isPartOf":{"@id":"https:\/\/www.eldiariodetucuman.com\/web\/asi-se-estrello-avion-militar-ruso-dejando-39-muertos\/"},"author":{"name":"eldiario detucuman","@id":"https:\/\/www.eldiariodetucuman.com\/web\/#\/schema\/person\/6f95946e54fde848b878ffa4928071d5"},"headline":"As\u00ed se estrell\u00f3 avi\u00f3n militar ruso dejando 39 muertos","datePublished":"2018-03-07T15:50:24+00:00","mainEntityOfPage":{"@id":"https:\/\/www.eldiariodetucuman.com\/web\/asi-se-estrello-avion-militar-ruso-dejando-39-muertos\/"},"wordCount":257,"commentCount":0,"publisher":{"@id":"https:\/\/www.eldiariodetucuman.com\/web\/#organization"},"image":{"@id":"https:\/\/www.eldiariodetucuman.com\/web\/asi-se-estrello-avion-militar-ruso-dejando-39-muertos\/#primaryimage"},"thumbnailUrl":"https:\/\/www.eldiariodetucuman.com\/web\/wp-content\/uploads\/2018\/03\/5a8961ef2e3c9d6472a7541bc7ccac2e.jpeg","articleSection":["Internacionales"],"inLanguage":"es","potentialAction":[{"@type":"CommentAction","name":"Comment","target":["https:\/\/www.eldiariodetucuman.com\/web\/asi-se-estrello-avion-militar-ruso-dejando-39-muertos\/#respond"]}]},{"@type":"WebPage","@id":"https:\/\/www.eldiariodetucuman.com\/web\/asi-se-estrello-avion-militar-ruso-dejando-39-muertos\/","url":"https:\/\/www.eldiariodetucuman.com\/web\/asi-se-estrello-avion-militar-ruso-dejando-39-muertos\/","name":"As\u00ed se estrell\u00f3 avi\u00f3n militar ruso dejando 39 muertos - El Diario de Tucuman","isPartOf":{"@id":"https:\/\/www.eldiariodetucuman.com\/web\/#website"},"primaryImageOfPage":{"@id":"https:\/\/www.eldiariodetucuman.com\/web\/asi-se-estrello-avion-militar-ruso-dejando-39-muertos\/#primaryimage"},"image":{"@id":"https:\/\/www.eldiariodetucuman.com\/web\/asi-se-estrello-avion-militar-ruso-dejando-39-muertos\/#primaryimage"},"thumbnailUrl":"https:\/\/www.eldiariodetucuman.com\/web\/wp-content\/uploads\/2018\/03\/5a8961ef2e3c9d6472a7541bc7ccac2e.jpeg","datePublished":"2018-03-07T15:50:24+00:00","breadcrumb":{"@id":"https:\/\/www.eldiariodetucuman.com\/web\/asi-se-estrello-avion-militar-ruso-dejando-39-muertos\/#breadcrumb"},"inLanguage":"es","potentialAction":[{"@type":"ReadAction","target":["https:\/\/www.eldiariodetucuman.com\/web\/asi-se-estrello-avion-militar-ruso-dejando-39-muertos\/"]}]},{"@type":"ImageObject","inLanguage":"es","@id":"https:\/\/www.eldiariodetucuman.com\/web\/asi-se-estrello-avion-militar-ruso-dejando-39-muertos\/#primaryimage","url":"https:\/\/www.eldiariodetucuman.com\/web\/wp-content\/uploads\/2018\/03\/5a8961ef2e3c9d6472a7541bc7ccac2e.jpeg","contentUrl":"https:\/\/www.eldiariodetucuman.com\/web\/wp-content\/uploads\/2018\/03\/5a8961ef2e3c9d6472a7541bc7ccac2e.jpeg","width":970,"height":546},{"@type":"BreadcrumbList","@id":"https:\/\/www.eldiariodetucuman.com\/web\/asi-se-estrello-avion-militar-ruso-dejando-39-muertos\/#breadcrumb","itemListElement":[{"@type":"ListItem","position":1,"name":"Portada","item":"https:\/\/www.eldiariodetucuman.com\/web\/"},{"@type":"ListItem","position":2,"name":"As\u00ed se estrell\u00f3 avi\u00f3n militar ruso dejando 39 muertos"}]},{"@type":"WebSite","@id":"https:\/\/www.eldiariodetucuman.com\/web\/#website","url":"https:\/\/www.eldiariodetucuman.com\/web\/","name":"El Diario de Tucuman","description":"Diario Tucuman - Informaci\u00f3n y noticias","publisher":{"@id":"https:\/\/www.eldiariodetucuman.com\/web\/#organization"},"potentialAction":[{"@type":"SearchAction","target":{"@type":"EntryPoint","urlTemplate":"https:\/\/www.eldiariodetucuman.com\/web\/?s={search_term_string}"},"query-input":{"@type":"PropertyValueSpecification","valueRequired":true,"valueName":"search_term_string"}}],"inLanguage":"es"},{"@type":"Organization","@id":"https:\/\/www.eldiariodetucuman.com\/web\/#organization","name":"El Diario de Tucuman","url":"https:\/\/www.eldiariodetucuman.com\/web\/","logo":{"@type":"ImageObject","inLanguage":"es","@id":"https:\/\/www.eldiariodetucuman.com\/web\/#\/schema\/logo\/image\/","url":"http:\/\/www.eldiariodetucuman.com\/web\/wp-content\/uploads\/2017\/12\/el-diario-de-tucuman.jpg","contentUrl":"http:\/\/www.eldiariodetucuman.com\/web\/wp-content\/uploads\/2017\/12\/el-diario-de-tucuman.jpg","width":272,"height":92,"caption":"El Diario de Tucuman"},"image":{"@id":"https:\/\/www.eldiariodetucuman.com\/web\/#\/schema\/logo\/image\/"}},{"@type":"Person","@id":"https:\/\/www.eldiariodetucuman.com\/web\/#\/schema\/person\/6f95946e54fde848b878ffa4928071d5","name":"eldiario detucuman","image":{"@type":"ImageObject","inLanguage":"es","@id":"https:\/\/secure.gravatar.com\/avatar\/b6e1f89c5c4044c4962c8e6c20b1ca2cc99f549c965908afd4ec5308b3f51bfe?s=96&d=mm&r=g","url":"https:\/\/secure.gravatar.com\/avatar\/b6e1f89c5c4044c4962c8e6c20b1ca2cc99f549c965908afd4ec5308b3f51bfe?s=96&d=mm&r=g","contentUrl":"https:\/\/secure.gravatar.com\/avatar\/b6e1f89c5c4044c4962c8e6c20b1ca2cc99f549c965908afd4ec5308b3f51bfe?s=96&d=mm&r=g","caption":"eldiario detucuman"},"url":"https:\/\/www.eldiariodetucuman.com\/web\/author\/eldiariodetucuman\/"}]}},"_links":{"self":[{"href":"https:\/\/www.eldiariodetucuman.com\/web\/wp-json\/wp\/v2\/posts\/6353","targetHints":{"allow":["GET"]}}],"collection":[{"href":"https:\/\/www.eldiariodetucuman.com\/web\/wp-json\/wp\/v2\/posts"}],"about":[{"href":"https:\/\/www.eldiariodetucuman.com\/web\/wp-json\/wp\/v2\/types\/post"}],"author":[{"embeddable":true,"href":"https:\/\/www.eldiariodetucuman.com\/web\/wp-json\/wp\/v2\/users\/4"}],"replies":[{"embeddable":true,"href":"https:\/\/www.eldiariodetucuman.com\/web\/wp-json\/wp\/v2\/comments?post=6353"}],"version-history":[{"count":0,"href":"https:\/\/www.eldiariodetucuman.com\/web\/wp-json\/wp\/v2\/posts\/6353\/revisions"}],"wp:featuredmedia":[{"embeddable":true,"href":"https:\/\/www.eldiariodetucuman.com\/web\/wp-json\/wp\/v2\/media\/6354"}],"wp:attachment":[{"href":"https:\/\/www.eldiariodetucuman.com\/web\/wp-json\/wp\/v2\/media?parent=6353"}],"wp:term":[{"taxonomy":"category","embeddable":true,"href":"https:\/\/www.eldiariodetucuman.com\/web\/wp-json\/wp\/v2\/categories?post=6353"},{"taxonomy":"post_tag","embeddable":true,"href":"https:\/\/www.eldiariodetucuman.com\/web\/wp-json\/wp\/v2\/tags?post=6353"}],"curies":[{"name":"wp","href":"https:\/\/api.w.org\/{rel}","templated":true}]}}