{"id":6351,"date":"2018-03-07T12:50:16","date_gmt":"2018-03-07T15:50:16","guid":{"rendered":"http:\/\/www.eldiariodetucuman.com\/web\/destronaron-a-bill-gates-como-el-hombre-mas-rico-del-mundo\/"},"modified":"2018-03-07T12:50:16","modified_gmt":"2018-03-07T15:50:16","slug":"destronaron-a-bill-gates-como-el-hombre-mas-rico-del-mundo","status":"publish","type":"post","link":"https:\/\/www.eldiariodetucuman.com\/web\/destronaron-a-bill-gates-como-el-hombre-mas-rico-del-mundo\/","title":{"rendered":"Destronaron a Bill Gates como el hombre m\u00e1s rico del mundo"},"content":{"rendered":"<div>\n<div itemprop=\"articleBody\" readability=\"121.85811227637\">\n<p>El fundador de <em>Amazon<\/em>, el estadounidense <strong>Jeff Bezos<\/strong>, se coron\u00f3 como el hombre m\u00e1s rico del mundo, arrebat\u00e1ndole el prestigioso t\u00edtulo al creador de <em>  <a href=\"https:\/\/www.cronica.com.ar\/tags\/Microsoft\">Microsoft<\/a><\/em>, <strong>  <a href=\"https:\/\/www.cronica.com.ar\/tags\/Bill%20Gates\">Bill Gates<\/a><\/strong>, seg\u00fan la lista de grandes fortunas que public\u00f3 la revista <em>Forbes<\/em> este martes.\u00a0<\/p>\n<p>El creador del imperio Zara, el espa\u00f1ol <strong>Amancio Ortega<\/strong>, cay\u00f3 al sexto puesto, tras bajar dos posiciones, por delante del empresario mexicano <strong>Carlos Slim<\/strong>, que ocupa la s\u00e9ptima posici\u00f3n, una menos que el a\u00f1o pasado.\u00a0<\/p>\n<p>Jeff Bezos, de 54 a\u00f1os, le arrebat\u00f3 la corona a su compatriota de 62 a\u00f1os gracias a un aumento de 59% de las acciones de <em>Amazon<\/em> en el \u00faltimo a\u00f1o, que pr\u00e1cticamente multiplic\u00f3 por dos su fortuna, valorada en 112.000 millones de d\u00f3lares (97.400 millones de euros).\u00a0<\/p>\n<p>El genio de la inform\u00e1tica, en la actualidad m\u00e1s conocido por su fundaci\u00f3n centrada en temas de salud y educaci\u00f3n, se tendr\u00e1 que conformar con el segundo lugar, con un patrimonio estimado en 90.000 millones de d\u00f3lares (73.000 millones de euros). \u00a0<\/p>\n<p>El tambi\u00e9n estadounidense <strong>Warren Buffett<\/strong>, descrito por <em>Forbes<\/em> como <em>\u201cuno de los inversionistas m\u00e1s exitosos de todos los tiempos\u201d<\/em>, conserva el tercer puesto y cierra el podio (84.000 millones de d\u00f3lares o 75.240 millones de euros).\u00a0<\/p>\n<p>Le sigue el franc\u00e9s <strong>Bernard Arnault<\/strong>, el due\u00f1o del imperio del lujo LVMH, que se convierte en el europeo m\u00e1s rico, con una fortuna estimada en 72.200 millones de d\u00f3lares (58.600 millones de euros).\u00a0<\/p>\n<p>El fundador de <em>Facebook<\/em>, <strong>Marck Zuckerberg<\/strong>, de 33 a\u00f1os, cierra la lista de las cinco mayores fortunas del planeta, con 71.000 millones de d\u00f3lares, 1.000 millones de d\u00f3lares m\u00e1s que Ortega y 3.900 millones m\u00e1s que Slim. \u00a0<\/p>\n<p>El presidente de Estados Unidos, <strong>  <a href=\"https:\/\/www.cronica.com.ar\/tags\/Donald%20Trump\">Donald Trump<\/a><\/strong>, es uno de los m\u00e1s grandes perdedores de la clasificaci\u00f3n de este a\u00f1o. El mandatario, que amas\u00f3 su fortuna en el sector de bienes ra\u00edces, cay\u00f3 de la 544\u00ba posici\u00f3n a la 766\u00ba. Su riqueza ahora est\u00e1 valorada en 3.100 millones de d\u00f3lares, 400 millones menos que hace un a\u00f1o.\u00a0<\/p>\n<p>Hay que bajar hasta el d\u00e9cimo sexto puesto para encontrar a la primera mujer de esta lista, <strong>Alice Walton<\/strong>, la heredera de la cadena estadounidense de supermercados Wal-Mart, con 46.000 millones.\u00a0<\/p>\n<p>Detr\u00e1s de ella se encuentra otra heredera, la del imperio de la belleza L\u2019Oreal, <strong>Fran\u00e7oise Bettencourt Meyers<\/strong>, con 42.200 millones, y mucho m\u00e1s atr\u00e1s la alemana <strong>Susanna Klatten<\/strong> (BMW), con 25.000 millones.\u00a0<\/p>\n<p>Dos millonarios chinos entraron tambi\u00e9n por primera vez entre las mayores 20 fortunas del mundo:<strong> Ma Huateng<\/strong>, due\u00f1o del gigante de internet Tencent, que se corona como el hombre m\u00e1s rico de Asia, y <strong>Jack Ma<\/strong>, el fundador del gigante chino del comercio en l\u00ednea Alibaba. \u00a0\u00a0<\/p>\n<p><strong>Estos son los 10 hombres m\u00e1s ricos del mundo: <\/strong>\u00a0<br \/>1. Jeff Bezos $112.000 millones &#8211; Estados Unidos \u00a0<br \/>2.   <a href=\"https:\/\/www.cronica.com.ar\/tags\/Bill%20Gates\">Bill Gates<\/a> $90.000 millones &#8211; Estados Unidos \u00a0<br \/>3. Warren Buffett $84.000 millones &#8211; Estados Unidos \u00a0<br \/>4. Bernard Arnault $72.200 millones &#8211; Francia \u00a0<br \/>5.   <a href=\"https:\/\/www.cronica.com.ar\/tags\/Mark%20Zuckerberg\">Mark Zuckerberg<\/a> $71.000 millones &#8211; Estados Unidos \u00a0<br \/>6. Amancio Ortega $70.000 millones &#8211; Espa\u00f1a\u00a0<br \/>7. Carlos Slim $67.100 millones &#8211; M\u00e9xico\u00a0<br \/>8. Charles Koch $60.000 millones &#8211; Estados Unidos\u00a0<br \/>8. David Koch $60.000 millones &#8211; Estados Unidos\u00a0<br \/>10. Larry Ellison $58.500 millones &#8211; Estados Unidos \u00a0<\/p>\n<\/div>\n<\/div>\n","protected":false},"excerpt":{"rendered":"<p>El fundador de Amazon, el estadounidense Jeff Bezos, se coron\u00f3 como el hombre m\u00e1s rico del mundo, arrebat\u00e1ndole el prestigioso t\u00edtulo al creador de Microsoft, Bill Gates, seg\u00fan la lista de grandes fortunas que public\u00f3 la revista Forbes este martes.\u00a0 El creador del imperio Zara, el espa\u00f1ol Amancio Ortega, cay\u00f3 al sexto puesto, tras bajar [&hellip;]<\/p>\n","protected":false},"author":4,"featured_media":6352,"comment_status":"open","ping_status":"closed","sticky":false,"template":"","format":"standard","meta":{"footnotes":""},"categories":[194],"tags":[],"class_list":{"0":"post-6351","1":"post","2":"type-post","3":"status-publish","4":"format-standard","5":"has-post-thumbnail","7":"category-internacionales"},"yoast_head":"<!-- This site is optimized with the Yoast SEO plugin v27.5 - https:\/\/yoast.com\/product\/yoast-seo-wordpress\/ -->\n<title>Destronaron a Bill Gates como el hombre m\u00e1s rico del mundo - El Diario de Tucuman<\/title>\n<meta name=\"robots\" content=\"index, follow, max-snippet:-1, max-image-preview:large, max-video-preview:-1\" \/>\n<link rel=\"canonical\" href=\"https:\/\/www.eldiariodetucuman.com\/web\/destronaron-a-bill-gates-como-el-hombre-mas-rico-del-mundo\/\" \/>\n<meta property=\"og:locale\" content=\"es_ES\" \/>\n<meta property=\"og:type\" content=\"article\" \/>\n<meta property=\"og:title\" content=\"Destronaron a Bill Gates como el hombre m\u00e1s rico del mundo - El Diario de Tucuman\" \/>\n<meta property=\"og:description\" content=\"El fundador de Amazon, el estadounidense Jeff Bezos, se coron\u00f3 como el hombre m\u00e1s rico del mundo, arrebat\u00e1ndole el prestigioso t\u00edtulo al creador de Microsoft, Bill Gates, seg\u00fan la lista de grandes fortunas que public\u00f3 la revista Forbes este martes.\u00a0 El creador del imperio Zara, el espa\u00f1ol Amancio Ortega, cay\u00f3 al sexto puesto, tras bajar [&hellip;]\" \/>\n<meta property=\"og:url\" content=\"https:\/\/www.eldiariodetucuman.com\/web\/destronaron-a-bill-gates-como-el-hombre-mas-rico-del-mundo\/\" \/>\n<meta property=\"og:site_name\" content=\"El Diario de Tucuman\" \/>\n<meta property=\"article:published_time\" content=\"2018-03-07T15:50:16+00:00\" \/>\n<meta property=\"og:image\" content=\"https:\/\/www.eldiariodetucuman.com\/web\/wp-content\/uploads\/2018\/03\/3cf602163fbe4aac55218d32e4efebec.jpeg\" \/>\n\t<meta property=\"og:image:width\" content=\"970\" \/>\n\t<meta property=\"og:image:height\" content=\"546\" \/>\n\t<meta property=\"og:image:type\" content=\"image\/jpeg\" \/>\n<meta name=\"author\" content=\"eldiario detucuman\" \/>\n<meta name=\"twitter:card\" content=\"summary_large_image\" \/>\n<meta name=\"twitter:label1\" content=\"Escrito por\" \/>\n\t<meta name=\"twitter:data1\" content=\"eldiario detucuman\" \/>\n\t<meta name=\"twitter:label2\" content=\"Tiempo de lectura\" \/>\n\t<meta name=\"twitter:data2\" content=\"3 minutos\" \/>\n<script type=\"application\/ld+json\" class=\"yoast-schema-graph\">{\"@context\":\"https:\\\/\\\/schema.org\",\"@graph\":[{\"@type\":\"Article\",\"@id\":\"https:\\\/\\\/www.eldiariodetucuman.com\\\/web\\\/destronaron-a-bill-gates-como-el-hombre-mas-rico-del-mundo\\\/#article\",\"isPartOf\":{\"@id\":\"https:\\\/\\\/www.eldiariodetucuman.com\\\/web\\\/destronaron-a-bill-gates-como-el-hombre-mas-rico-del-mundo\\\/\"},\"author\":{\"name\":\"eldiario detucuman\",\"@id\":\"https:\\\/\\\/www.eldiariodetucuman.com\\\/web\\\/#\\\/schema\\\/person\\\/6f95946e54fde848b878ffa4928071d5\"},\"headline\":\"Destronaron a Bill Gates como el hombre m\u00e1s rico del mundo\",\"datePublished\":\"2018-03-07T15:50:16+00:00\",\"mainEntityOfPage\":{\"@id\":\"https:\\\/\\\/www.eldiariodetucuman.com\\\/web\\\/destronaron-a-bill-gates-como-el-hombre-mas-rico-del-mundo\\\/\"},\"wordCount\":540,\"commentCount\":0,\"publisher\":{\"@id\":\"https:\\\/\\\/www.eldiariodetucuman.com\\\/web\\\/#organization\"},\"image\":{\"@id\":\"https:\\\/\\\/www.eldiariodetucuman.com\\\/web\\\/destronaron-a-bill-gates-como-el-hombre-mas-rico-del-mundo\\\/#primaryimage\"},\"thumbnailUrl\":\"https:\\\/\\\/www.eldiariodetucuman.com\\\/web\\\/wp-content\\\/uploads\\\/2018\\\/03\\\/3cf602163fbe4aac55218d32e4efebec.jpeg\",\"articleSection\":[\"Internacionales\"],\"inLanguage\":\"es\",\"potentialAction\":[{\"@type\":\"CommentAction\",\"name\":\"Comment\",\"target\":[\"https:\\\/\\\/www.eldiariodetucuman.com\\\/web\\\/destronaron-a-bill-gates-como-el-hombre-mas-rico-del-mundo\\\/#respond\"]}]},{\"@type\":\"WebPage\",\"@id\":\"https:\\\/\\\/www.eldiariodetucuman.com\\\/web\\\/destronaron-a-bill-gates-como-el-hombre-mas-rico-del-mundo\\\/\",\"url\":\"https:\\\/\\\/www.eldiariodetucuman.com\\\/web\\\/destronaron-a-bill-gates-como-el-hombre-mas-rico-del-mundo\\\/\",\"name\":\"Destronaron a Bill Gates como el hombre m\u00e1s rico del mundo - El Diario de Tucuman\",\"isPartOf\":{\"@id\":\"https:\\\/\\\/www.eldiariodetucuman.com\\\/web\\\/#website\"},\"primaryImageOfPage\":{\"@id\":\"https:\\\/\\\/www.eldiariodetucuman.com\\\/web\\\/destronaron-a-bill-gates-como-el-hombre-mas-rico-del-mundo\\\/#primaryimage\"},\"image\":{\"@id\":\"https:\\\/\\\/www.eldiariodetucuman.com\\\/web\\\/destronaron-a-bill-gates-como-el-hombre-mas-rico-del-mundo\\\/#primaryimage\"},\"thumbnailUrl\":\"https:\\\/\\\/www.eldiariodetucuman.com\\\/web\\\/wp-content\\\/uploads\\\/2018\\\/03\\\/3cf602163fbe4aac55218d32e4efebec.jpeg\",\"datePublished\":\"2018-03-07T15:50:16+00:00\",\"breadcrumb\":{\"@id\":\"https:\\\/\\\/www.eldiariodetucuman.com\\\/web\\\/destronaron-a-bill-gates-como-el-hombre-mas-rico-del-mundo\\\/#breadcrumb\"},\"inLanguage\":\"es\",\"potentialAction\":[{\"@type\":\"ReadAction\",\"target\":[\"https:\\\/\\\/www.eldiariodetucuman.com\\\/web\\\/destronaron-a-bill-gates-como-el-hombre-mas-rico-del-mundo\\\/\"]}]},{\"@type\":\"ImageObject\",\"inLanguage\":\"es\",\"@id\":\"https:\\\/\\\/www.eldiariodetucuman.com\\\/web\\\/destronaron-a-bill-gates-como-el-hombre-mas-rico-del-mundo\\\/#primaryimage\",\"url\":\"https:\\\/\\\/www.eldiariodetucuman.com\\\/web\\\/wp-content\\\/uploads\\\/2018\\\/03\\\/3cf602163fbe4aac55218d32e4efebec.jpeg\",\"contentUrl\":\"https:\\\/\\\/www.eldiariodetucuman.com\\\/web\\\/wp-content\\\/uploads\\\/2018\\\/03\\\/3cf602163fbe4aac55218d32e4efebec.jpeg\",\"width\":970,\"height\":546},{\"@type\":\"BreadcrumbList\",\"@id\":\"https:\\\/\\\/www.eldiariodetucuman.com\\\/web\\\/destronaron-a-bill-gates-como-el-hombre-mas-rico-del-mundo\\\/#breadcrumb\",\"itemListElement\":[{\"@type\":\"ListItem\",\"position\":1,\"name\":\"Portada\",\"item\":\"https:\\\/\\\/www.eldiariodetucuman.com\\\/web\\\/\"},{\"@type\":\"ListItem\",\"position\":2,\"name\":\"Destronaron a Bill Gates como el hombre m\u00e1s rico del mundo\"}]},{\"@type\":\"WebSite\",\"@id\":\"https:\\\/\\\/www.eldiariodetucuman.com\\\/web\\\/#website\",\"url\":\"https:\\\/\\\/www.eldiariodetucuman.com\\\/web\\\/\",\"name\":\"El Diario de Tucuman\",\"description\":\"Diario Tucuman - Informaci\u00f3n y noticias\",\"publisher\":{\"@id\":\"https:\\\/\\\/www.eldiariodetucuman.com\\\/web\\\/#organization\"},\"potentialAction\":[{\"@type\":\"SearchAction\",\"target\":{\"@type\":\"EntryPoint\",\"urlTemplate\":\"https:\\\/\\\/www.eldiariodetucuman.com\\\/web\\\/?s={search_term_string}\"},\"query-input\":{\"@type\":\"PropertyValueSpecification\",\"valueRequired\":true,\"valueName\":\"search_term_string\"}}],\"inLanguage\":\"es\"},{\"@type\":\"Organization\",\"@id\":\"https:\\\/\\\/www.eldiariodetucuman.com\\\/web\\\/#organization\",\"name\":\"El Diario de Tucuman\",\"url\":\"https:\\\/\\\/www.eldiariodetucuman.com\\\/web\\\/\",\"logo\":{\"@type\":\"ImageObject\",\"inLanguage\":\"es\",\"@id\":\"https:\\\/\\\/www.eldiariodetucuman.com\\\/web\\\/#\\\/schema\\\/logo\\\/image\\\/\",\"url\":\"http:\\\/\\\/www.eldiariodetucuman.com\\\/web\\\/wp-content\\\/uploads\\\/2017\\\/12\\\/el-diario-de-tucuman.jpg\",\"contentUrl\":\"http:\\\/\\\/www.eldiariodetucuman.com\\\/web\\\/wp-content\\\/uploads\\\/2017\\\/12\\\/el-diario-de-tucuman.jpg\",\"width\":272,\"height\":92,\"caption\":\"El Diario de Tucuman\"},\"image\":{\"@id\":\"https:\\\/\\\/www.eldiariodetucuman.com\\\/web\\\/#\\\/schema\\\/logo\\\/image\\\/\"}},{\"@type\":\"Person\",\"@id\":\"https:\\\/\\\/www.eldiariodetucuman.com\\\/web\\\/#\\\/schema\\\/person\\\/6f95946e54fde848b878ffa4928071d5\",\"name\":\"eldiario detucuman\",\"image\":{\"@type\":\"ImageObject\",\"inLanguage\":\"es\",\"@id\":\"https:\\\/\\\/secure.gravatar.com\\\/avatar\\\/b6e1f89c5c4044c4962c8e6c20b1ca2cc99f549c965908afd4ec5308b3f51bfe?s=96&d=mm&r=g\",\"url\":\"https:\\\/\\\/secure.gravatar.com\\\/avatar\\\/b6e1f89c5c4044c4962c8e6c20b1ca2cc99f549c965908afd4ec5308b3f51bfe?s=96&d=mm&r=g\",\"contentUrl\":\"https:\\\/\\\/secure.gravatar.com\\\/avatar\\\/b6e1f89c5c4044c4962c8e6c20b1ca2cc99f549c965908afd4ec5308b3f51bfe?s=96&d=mm&r=g\",\"caption\":\"eldiario detucuman\"},\"url\":\"https:\\\/\\\/www.eldiariodetucuman.com\\\/web\\\/author\\\/eldiariodetucuman\\\/\"}]}<\/script>\n<!-- \/ Yoast SEO plugin. -->","yoast_head_json":{"title":"Destronaron a Bill Gates como el hombre m\u00e1s rico del mundo - El Diario de Tucuman","robots":{"index":"index","follow":"follow","max-snippet":"max-snippet:-1","max-image-preview":"max-image-preview:large","max-video-preview":"max-video-preview:-1"},"canonical":"https:\/\/www.eldiariodetucuman.com\/web\/destronaron-a-bill-gates-como-el-hombre-mas-rico-del-mundo\/","og_locale":"es_ES","og_type":"article","og_title":"Destronaron a Bill Gates como el hombre m\u00e1s rico del mundo - El Diario de Tucuman","og_description":"El fundador de Amazon, el estadounidense Jeff Bezos, se coron\u00f3 como el hombre m\u00e1s rico del mundo, arrebat\u00e1ndole el prestigioso t\u00edtulo al creador de Microsoft, Bill Gates, seg\u00fan la lista de grandes fortunas que public\u00f3 la revista Forbes este martes.\u00a0 El creador del imperio Zara, el espa\u00f1ol Amancio Ortega, cay\u00f3 al sexto puesto, tras bajar [&hellip;]","og_url":"https:\/\/www.eldiariodetucuman.com\/web\/destronaron-a-bill-gates-como-el-hombre-mas-rico-del-mundo\/","og_site_name":"El Diario de Tucuman","article_published_time":"2018-03-07T15:50:16+00:00","og_image":[{"width":970,"height":546,"url":"https:\/\/www.eldiariodetucuman.com\/web\/wp-content\/uploads\/2018\/03\/3cf602163fbe4aac55218d32e4efebec.jpeg","type":"image\/jpeg"}],"author":"eldiario detucuman","twitter_card":"summary_large_image","twitter_misc":{"Escrito por":"eldiario detucuman","Tiempo de lectura":"3 minutos"},"schema":{"@context":"https:\/\/schema.org","@graph":[{"@type":"Article","@id":"https:\/\/www.eldiariodetucuman.com\/web\/destronaron-a-bill-gates-como-el-hombre-mas-rico-del-mundo\/#article","isPartOf":{"@id":"https:\/\/www.eldiariodetucuman.com\/web\/destronaron-a-bill-gates-como-el-hombre-mas-rico-del-mundo\/"},"author":{"name":"eldiario detucuman","@id":"https:\/\/www.eldiariodetucuman.com\/web\/#\/schema\/person\/6f95946e54fde848b878ffa4928071d5"},"headline":"Destronaron a Bill Gates como el hombre m\u00e1s rico del mundo","datePublished":"2018-03-07T15:50:16+00:00","mainEntityOfPage":{"@id":"https:\/\/www.eldiariodetucuman.com\/web\/destronaron-a-bill-gates-como-el-hombre-mas-rico-del-mundo\/"},"wordCount":540,"commentCount":0,"publisher":{"@id":"https:\/\/www.eldiariodetucuman.com\/web\/#organization"},"image":{"@id":"https:\/\/www.eldiariodetucuman.com\/web\/destronaron-a-bill-gates-como-el-hombre-mas-rico-del-mundo\/#primaryimage"},"thumbnailUrl":"https:\/\/www.eldiariodetucuman.com\/web\/wp-content\/uploads\/2018\/03\/3cf602163fbe4aac55218d32e4efebec.jpeg","articleSection":["Internacionales"],"inLanguage":"es","potentialAction":[{"@type":"CommentAction","name":"Comment","target":["https:\/\/www.eldiariodetucuman.com\/web\/destronaron-a-bill-gates-como-el-hombre-mas-rico-del-mundo\/#respond"]}]},{"@type":"WebPage","@id":"https:\/\/www.eldiariodetucuman.com\/web\/destronaron-a-bill-gates-como-el-hombre-mas-rico-del-mundo\/","url":"https:\/\/www.eldiariodetucuman.com\/web\/destronaron-a-bill-gates-como-el-hombre-mas-rico-del-mundo\/","name":"Destronaron a Bill Gates como el hombre m\u00e1s rico del mundo - El Diario de Tucuman","isPartOf":{"@id":"https:\/\/www.eldiariodetucuman.com\/web\/#website"},"primaryImageOfPage":{"@id":"https:\/\/www.eldiariodetucuman.com\/web\/destronaron-a-bill-gates-como-el-hombre-mas-rico-del-mundo\/#primaryimage"},"image":{"@id":"https:\/\/www.eldiariodetucuman.com\/web\/destronaron-a-bill-gates-como-el-hombre-mas-rico-del-mundo\/#primaryimage"},"thumbnailUrl":"https:\/\/www.eldiariodetucuman.com\/web\/wp-content\/uploads\/2018\/03\/3cf602163fbe4aac55218d32e4efebec.jpeg","datePublished":"2018-03-07T15:50:16+00:00","breadcrumb":{"@id":"https:\/\/www.eldiariodetucuman.com\/web\/destronaron-a-bill-gates-como-el-hombre-mas-rico-del-mundo\/#breadcrumb"},"inLanguage":"es","potentialAction":[{"@type":"ReadAction","target":["https:\/\/www.eldiariodetucuman.com\/web\/destronaron-a-bill-gates-como-el-hombre-mas-rico-del-mundo\/"]}]},{"@type":"ImageObject","inLanguage":"es","@id":"https:\/\/www.eldiariodetucuman.com\/web\/destronaron-a-bill-gates-como-el-hombre-mas-rico-del-mundo\/#primaryimage","url":"https:\/\/www.eldiariodetucuman.com\/web\/wp-content\/uploads\/2018\/03\/3cf602163fbe4aac55218d32e4efebec.jpeg","contentUrl":"https:\/\/www.eldiariodetucuman.com\/web\/wp-content\/uploads\/2018\/03\/3cf602163fbe4aac55218d32e4efebec.jpeg","width":970,"height":546},{"@type":"BreadcrumbList","@id":"https:\/\/www.eldiariodetucuman.com\/web\/destronaron-a-bill-gates-como-el-hombre-mas-rico-del-mundo\/#breadcrumb","itemListElement":[{"@type":"ListItem","position":1,"name":"Portada","item":"https:\/\/www.eldiariodetucuman.com\/web\/"},{"@type":"ListItem","position":2,"name":"Destronaron a Bill Gates como el hombre m\u00e1s rico del mundo"}]},{"@type":"WebSite","@id":"https:\/\/www.eldiariodetucuman.com\/web\/#website","url":"https:\/\/www.eldiariodetucuman.com\/web\/","name":"El Diario de Tucuman","description":"Diario Tucuman - Informaci\u00f3n y noticias","publisher":{"@id":"https:\/\/www.eldiariodetucuman.com\/web\/#organization"},"potentialAction":[{"@type":"SearchAction","target":{"@type":"EntryPoint","urlTemplate":"https:\/\/www.eldiariodetucuman.com\/web\/?s={search_term_string}"},"query-input":{"@type":"PropertyValueSpecification","valueRequired":true,"valueName":"search_term_string"}}],"inLanguage":"es"},{"@type":"Organization","@id":"https:\/\/www.eldiariodetucuman.com\/web\/#organization","name":"El Diario de Tucuman","url":"https:\/\/www.eldiariodetucuman.com\/web\/","logo":{"@type":"ImageObject","inLanguage":"es","@id":"https:\/\/www.eldiariodetucuman.com\/web\/#\/schema\/logo\/image\/","url":"http:\/\/www.eldiariodetucuman.com\/web\/wp-content\/uploads\/2017\/12\/el-diario-de-tucuman.jpg","contentUrl":"http:\/\/www.eldiariodetucuman.com\/web\/wp-content\/uploads\/2017\/12\/el-diario-de-tucuman.jpg","width":272,"height":92,"caption":"El Diario de Tucuman"},"image":{"@id":"https:\/\/www.eldiariodetucuman.com\/web\/#\/schema\/logo\/image\/"}},{"@type":"Person","@id":"https:\/\/www.eldiariodetucuman.com\/web\/#\/schema\/person\/6f95946e54fde848b878ffa4928071d5","name":"eldiario detucuman","image":{"@type":"ImageObject","inLanguage":"es","@id":"https:\/\/secure.gravatar.com\/avatar\/b6e1f89c5c4044c4962c8e6c20b1ca2cc99f549c965908afd4ec5308b3f51bfe?s=96&d=mm&r=g","url":"https:\/\/secure.gravatar.com\/avatar\/b6e1f89c5c4044c4962c8e6c20b1ca2cc99f549c965908afd4ec5308b3f51bfe?s=96&d=mm&r=g","contentUrl":"https:\/\/secure.gravatar.com\/avatar\/b6e1f89c5c4044c4962c8e6c20b1ca2cc99f549c965908afd4ec5308b3f51bfe?s=96&d=mm&r=g","caption":"eldiario detucuman"},"url":"https:\/\/www.eldiariodetucuman.com\/web\/author\/eldiariodetucuman\/"}]}},"_links":{"self":[{"href":"https:\/\/www.eldiariodetucuman.com\/web\/wp-json\/wp\/v2\/posts\/6351","targetHints":{"allow":["GET"]}}],"collection":[{"href":"https:\/\/www.eldiariodetucuman.com\/web\/wp-json\/wp\/v2\/posts"}],"about":[{"href":"https:\/\/www.eldiariodetucuman.com\/web\/wp-json\/wp\/v2\/types\/post"}],"author":[{"embeddable":true,"href":"https:\/\/www.eldiariodetucuman.com\/web\/wp-json\/wp\/v2\/users\/4"}],"replies":[{"embeddable":true,"href":"https:\/\/www.eldiariodetucuman.com\/web\/wp-json\/wp\/v2\/comments?post=6351"}],"version-history":[{"count":0,"href":"https:\/\/www.eldiariodetucuman.com\/web\/wp-json\/wp\/v2\/posts\/6351\/revisions"}],"wp:featuredmedia":[{"embeddable":true,"href":"https:\/\/www.eldiariodetucuman.com\/web\/wp-json\/wp\/v2\/media\/6352"}],"wp:attachment":[{"href":"https:\/\/www.eldiariodetucuman.com\/web\/wp-json\/wp\/v2\/media?parent=6351"}],"wp:term":[{"taxonomy":"category","embeddable":true,"href":"https:\/\/www.eldiariodetucuman.com\/web\/wp-json\/wp\/v2\/categories?post=6351"},{"taxonomy":"post_tag","embeddable":true,"href":"https:\/\/www.eldiariodetucuman.com\/web\/wp-json\/wp\/v2\/tags?post=6351"}],"curies":[{"name":"wp","href":"https:\/\/api.w.org\/{rel}","templated":true}]}}