{"id":6346,"date":"2018-03-07T12:40:18","date_gmt":"2018-03-07T15:40:18","guid":{"rendered":"http:\/\/www.eldiariodetucuman.com\/web\/los-cortes-de-luz-quemaron-varios-aparatos-de-dialisis-en-el-hospital-rossi\/"},"modified":"2018-03-07T12:40:19","modified_gmt":"2018-03-07T15:40:19","slug":"los-cortes-de-luz-quemaron-varios-aparatos-de-dialisis-en-el-hospital-rossi","status":"publish","type":"post","link":"https:\/\/www.eldiariodetucuman.com\/web\/los-cortes-de-luz-quemaron-varios-aparatos-de-dialisis-en-el-hospital-rossi\/","title":{"rendered":"Los cortes de luz quemaron varios aparatos de di\u00e1lisis en el Hospital Rossi"},"content":{"rendered":"<div>\n<div readability=\"75.324333223576\">\n<p><strong>\u201cNo tuvo que ver con el procedimiento quir\u00fargico\u201d<\/strong>, le indic\u00f3 a El Intransigente el m\u00e9dico Manuel De Battista, cirujano y representante de CICOP en el <a href=\"https:\/\/www.elintransigente.com\/politica\/2018\/3\/3\/verna-el-problema-no-es-religioso-es-de-salud-480769.html\">Hospital <\/a><a href=\"https:\/\/www.elintransigente.com\/sociedad\/2018\/3\/5\/en-un-hospital-operaron-alumbrados-con-celulares-480977.html\">Rossi,<\/a> luego de que se conociera que el hombre operado en ese centro de salud a la luz de los celulares -ante la fata del suministro de energ\u00eda el\u00e9ctrica-, falleciera minutos despu\u00e9s de la intervenci\u00f3n.\u00a0<\/p>\n<p>De esta manera, De Battista dej\u00f3\u00a0en claro que muchas de las\u00a0dudas que surgieron despu\u00e9s\u00a0de que se conocer\u00eda la noticia tuvieron que ver con la situaci\u00f3n con la que se procedi\u00f3 a operar pero sostuvo que, si bien el sistema de salud atraviesa muchos inconvenientes, el deceso\u00a0del paciente se debi\u00f3 s\u00f3lo a su \u201cestado cr\u00edtico\u201d.\u00a0<\/p>\n<p>\u201cEso hizo que evolucionara de esa manera. No tuvo que ver con el <a href=\"https:\/\/www.elintransigente.com\/sociedad\/2018\/3\/6\/un-desfile-de-medicos-el-pedido-de-los-abogados-de-la-familia-de-debora-perez-volpin-481137.html\">procedimiento<\/a> quirurquijo\u201d, insiste el cirujano, a la vez que explica que el desperfecto el\u00e9ctrico, cuya falla dej\u00f3 al edificio a oscuras durante unos veinte minutos y luego con la escasa iluminaci\u00f3n de los grupos electr\u00f3genos, fue por un tablero nuevo que el Ministerio de Salud de La Plata hab\u00eda habilitado hac\u00eda pocas semanas.<\/p>\n<aside class=\"htmlinline \"><ins class=\"adsbygoogle\" data-ad-format=\"fluid\" data-ad-layout=\"in-article\" data-ad-client=\"ca-pub-7781556717282971\" data-ad-slot=\"9383133609\"><\/ins><br \/>\n<\/aside>\n<p>Ya el desde la cartera de Salud bonaerense hab\u00edan informado mediante un comunicado que el hombre falleci\u00f3 en el nosocomio platense \u201cpor un delicado estado de salud que atravesaba, ya que estuvo internado un mes en terapia intensiva, y que nada tuvo que ver con el corte de luz que sufri\u00f3 el quir\u00f3fano\u201d.\u00a0<\/p>\n<p>Sin embargo, el hecho no pas\u00f3 desapercibido y pone en la mira otras cuestiones: \u201cLa mayor preocupaci\u00f3n nuestra, m\u00e1s a all\u00e1 de lo que ocurri\u00f3, es el tema que al suspender cirug\u00edas los pacientes que ya esperan 6 meses para operarse tienen que seguir esperando\u201d, dice afligido\u00a0De Battista, quien adem\u00e1s agrega como queja \u201clas condiciones de trabajo en la que est\u00e1n los profesionales\u201d.<\/p>\n<p>En ese sentido, desde la Asociaci\u00f3n Sindical de Profesionales de la Salud bonaerense (Cicop) denunciaron a este medio lo ocurrido en el fin de semana y aseguraron que \u201cfalta mantenimiento\u201d.\u00a0<\/p>\n<p>\u201cLos cortes de luz en esa zona vienen ocurriendo en estas \u00faltimas semanas y eso hizo que se tuvieran que suspender una gran cantidad de cirug\u00edas programadas\u00bb, dijo Fernando Corsiglia, presidente de la agrupaci\u00f3n.\u00a0<\/p>\n<p>En tanto, otra de los temas que De Battista menciona\u00a0tiene\u00a0que ver con varios aparatos de di\u00e1lisis que se quemaron por el imprevisto del corte de luz. \u201cEste fin de semana, en otra sala, se quemaron los aparatos de di\u00e1lisis. Ya en una oportunidad anterior se quemaron otros aparatos\u201d, remarca con preocupaci\u00f3n.<\/p>\n<p>No obstante, \u201cahora se est\u00e1 operando normalmente en el hospital, no hay variaciones de electricidad en estos momentos\u201d, comenta De Battista. Aunque el cirujano se lamenta que lo ocurrido haya perjudicado a pacientes que tuvieron que modificar sus turnos de cirug\u00eda,\u00a0que el nosocomio tenga que reestablecer equipos nuevos debido a los que se han quemado y que las condiciones de trabajo en los hospitales p\u00fablicos siempre est\u00e1n en el centro de la pol\u00e9mica.\u00a0<\/p>\n<\/div>\n<\/div>\n<p>Fuente: https:\/\/www.elintransigente.com\/politica\/2018\/3\/7\/los-cortes-de-luz-quemaron-varios-aparatos-de-dialisis-en-el-hospital-rossi-481269.html<\/p>\n","protected":false},"excerpt":{"rendered":"<p>\u201cNo tuvo que ver con el procedimiento quir\u00fargico\u201d, le indic\u00f3 a El Intransigente el m\u00e9dico Manuel De Battista, cirujano y representante de CICOP en el Hospital Rossi, luego de que se conociera que el hombre operado en ese centro de salud a la luz de los celulares -ante la fata del suministro de energ\u00eda el\u00e9ctrica-, [&hellip;]<\/p>\n","protected":false},"author":1,"featured_media":6347,"comment_status":"open","ping_status":"closed","sticky":false,"template":"","format":"standard","meta":{"footnotes":""},"categories":[1],"tags":[],"class_list":{"0":"post-6346","1":"post","2":"type-post","3":"status-publish","4":"format-standard","5":"has-post-thumbnail","7":"category-portada"},"yoast_head":"<!-- This site is optimized with the Yoast SEO plugin v27.5 - https:\/\/yoast.com\/product\/yoast-seo-wordpress\/ -->\n<title>Los cortes de luz quemaron varios aparatos de di\u00e1lisis en el Hospital Rossi - El Diario de Tucuman<\/title>\n<meta name=\"robots\" content=\"index, follow, max-snippet:-1, max-image-preview:large, max-video-preview:-1\" \/>\n<link rel=\"canonical\" href=\"https:\/\/www.eldiariodetucuman.com\/web\/los-cortes-de-luz-quemaron-varios-aparatos-de-dialisis-en-el-hospital-rossi\/\" \/>\n<meta property=\"og:locale\" content=\"es_ES\" \/>\n<meta property=\"og:type\" content=\"article\" \/>\n<meta property=\"og:title\" content=\"Los cortes de luz quemaron varios aparatos de di\u00e1lisis en el Hospital Rossi - El Diario de Tucuman\" \/>\n<meta property=\"og:description\" content=\"\u201cNo tuvo que ver con el procedimiento quir\u00fargico\u201d, le indic\u00f3 a El Intransigente el m\u00e9dico Manuel De Battista, cirujano y representante de CICOP en el Hospital Rossi, luego de que se conociera que el hombre operado en ese centro de salud a la luz de los celulares -ante la fata del suministro de energ\u00eda el\u00e9ctrica-, [&hellip;]\" \/>\n<meta property=\"og:url\" content=\"https:\/\/www.eldiariodetucuman.com\/web\/los-cortes-de-luz-quemaron-varios-aparatos-de-dialisis-en-el-hospital-rossi\/\" \/>\n<meta property=\"og:site_name\" content=\"El Diario de Tucuman\" \/>\n<meta property=\"article:published_time\" content=\"2018-03-07T15:40:18+00:00\" \/>\n<meta property=\"article:modified_time\" content=\"2018-03-07T15:40:19+00:00\" \/>\n<meta property=\"og:image\" content=\"https:\/\/www.eldiariodetucuman.com\/web\/wp-content\/uploads\/2018\/03\/a1f63678a63314f6c41ba52b75cc4743.jpeg\" \/>\n\t<meta property=\"og:image:width\" content=\"960\" \/>\n\t<meta property=\"og:image:height\" content=\"720\" \/>\n\t<meta property=\"og:image:type\" content=\"image\/jpeg\" \/>\n<meta name=\"author\" content=\"admin\" \/>\n<meta name=\"twitter:card\" content=\"summary_large_image\" \/>\n<meta name=\"twitter:label1\" content=\"Escrito por\" \/>\n\t<meta name=\"twitter:data1\" content=\"admin\" \/>\n\t<meta name=\"twitter:label2\" content=\"Tiempo de lectura\" \/>\n\t<meta name=\"twitter:data2\" content=\"3 minutos\" \/>\n<script type=\"application\/ld+json\" class=\"yoast-schema-graph\">{\"@context\":\"https:\\\/\\\/schema.org\",\"@graph\":[{\"@type\":\"Article\",\"@id\":\"https:\\\/\\\/www.eldiariodetucuman.com\\\/web\\\/los-cortes-de-luz-quemaron-varios-aparatos-de-dialisis-en-el-hospital-rossi\\\/#article\",\"isPartOf\":{\"@id\":\"https:\\\/\\\/www.eldiariodetucuman.com\\\/web\\\/los-cortes-de-luz-quemaron-varios-aparatos-de-dialisis-en-el-hospital-rossi\\\/\"},\"author\":{\"name\":\"admin\",\"@id\":\"https:\\\/\\\/www.eldiariodetucuman.com\\\/web\\\/#\\\/schema\\\/person\\\/9250197d75ab5483412e19678b121caa\"},\"headline\":\"Los cortes de luz quemaron varios aparatos de di\u00e1lisis en el Hospital Rossi\",\"datePublished\":\"2018-03-07T15:40:18+00:00\",\"dateModified\":\"2018-03-07T15:40:19+00:00\",\"mainEntityOfPage\":{\"@id\":\"https:\\\/\\\/www.eldiariodetucuman.com\\\/web\\\/los-cortes-de-luz-quemaron-varios-aparatos-de-dialisis-en-el-hospital-rossi\\\/\"},\"wordCount\":547,\"commentCount\":0,\"publisher\":{\"@id\":\"https:\\\/\\\/www.eldiariodetucuman.com\\\/web\\\/#organization\"},\"image\":{\"@id\":\"https:\\\/\\\/www.eldiariodetucuman.com\\\/web\\\/los-cortes-de-luz-quemaron-varios-aparatos-de-dialisis-en-el-hospital-rossi\\\/#primaryimage\"},\"thumbnailUrl\":\"https:\\\/\\\/www.eldiariodetucuman.com\\\/web\\\/wp-content\\\/uploads\\\/2018\\\/03\\\/a1f63678a63314f6c41ba52b75cc4743.jpeg\",\"articleSection\":[\"Portada\"],\"inLanguage\":\"es\",\"potentialAction\":[{\"@type\":\"CommentAction\",\"name\":\"Comment\",\"target\":[\"https:\\\/\\\/www.eldiariodetucuman.com\\\/web\\\/los-cortes-de-luz-quemaron-varios-aparatos-de-dialisis-en-el-hospital-rossi\\\/#respond\"]}]},{\"@type\":\"WebPage\",\"@id\":\"https:\\\/\\\/www.eldiariodetucuman.com\\\/web\\\/los-cortes-de-luz-quemaron-varios-aparatos-de-dialisis-en-el-hospital-rossi\\\/\",\"url\":\"https:\\\/\\\/www.eldiariodetucuman.com\\\/web\\\/los-cortes-de-luz-quemaron-varios-aparatos-de-dialisis-en-el-hospital-rossi\\\/\",\"name\":\"Los cortes de luz quemaron varios aparatos de di\u00e1lisis en el Hospital Rossi - El Diario de Tucuman\",\"isPartOf\":{\"@id\":\"https:\\\/\\\/www.eldiariodetucuman.com\\\/web\\\/#website\"},\"primaryImageOfPage\":{\"@id\":\"https:\\\/\\\/www.eldiariodetucuman.com\\\/web\\\/los-cortes-de-luz-quemaron-varios-aparatos-de-dialisis-en-el-hospital-rossi\\\/#primaryimage\"},\"image\":{\"@id\":\"https:\\\/\\\/www.eldiariodetucuman.com\\\/web\\\/los-cortes-de-luz-quemaron-varios-aparatos-de-dialisis-en-el-hospital-rossi\\\/#primaryimage\"},\"thumbnailUrl\":\"https:\\\/\\\/www.eldiariodetucuman.com\\\/web\\\/wp-content\\\/uploads\\\/2018\\\/03\\\/a1f63678a63314f6c41ba52b75cc4743.jpeg\",\"datePublished\":\"2018-03-07T15:40:18+00:00\",\"dateModified\":\"2018-03-07T15:40:19+00:00\",\"breadcrumb\":{\"@id\":\"https:\\\/\\\/www.eldiariodetucuman.com\\\/web\\\/los-cortes-de-luz-quemaron-varios-aparatos-de-dialisis-en-el-hospital-rossi\\\/#breadcrumb\"},\"inLanguage\":\"es\",\"potentialAction\":[{\"@type\":\"ReadAction\",\"target\":[\"https:\\\/\\\/www.eldiariodetucuman.com\\\/web\\\/los-cortes-de-luz-quemaron-varios-aparatos-de-dialisis-en-el-hospital-rossi\\\/\"]}]},{\"@type\":\"ImageObject\",\"inLanguage\":\"es\",\"@id\":\"https:\\\/\\\/www.eldiariodetucuman.com\\\/web\\\/los-cortes-de-luz-quemaron-varios-aparatos-de-dialisis-en-el-hospital-rossi\\\/#primaryimage\",\"url\":\"https:\\\/\\\/www.eldiariodetucuman.com\\\/web\\\/wp-content\\\/uploads\\\/2018\\\/03\\\/a1f63678a63314f6c41ba52b75cc4743.jpeg\",\"contentUrl\":\"https:\\\/\\\/www.eldiariodetucuman.com\\\/web\\\/wp-content\\\/uploads\\\/2018\\\/03\\\/a1f63678a63314f6c41ba52b75cc4743.jpeg\",\"width\":960,\"height\":720},{\"@type\":\"BreadcrumbList\",\"@id\":\"https:\\\/\\\/www.eldiariodetucuman.com\\\/web\\\/los-cortes-de-luz-quemaron-varios-aparatos-de-dialisis-en-el-hospital-rossi\\\/#breadcrumb\",\"itemListElement\":[{\"@type\":\"ListItem\",\"position\":1,\"name\":\"Portada\",\"item\":\"https:\\\/\\\/www.eldiariodetucuman.com\\\/web\\\/\"},{\"@type\":\"ListItem\",\"position\":2,\"name\":\"Los cortes de luz quemaron varios aparatos de di\u00e1lisis en el Hospital Rossi\"}]},{\"@type\":\"WebSite\",\"@id\":\"https:\\\/\\\/www.eldiariodetucuman.com\\\/web\\\/#website\",\"url\":\"https:\\\/\\\/www.eldiariodetucuman.com\\\/web\\\/\",\"name\":\"El Diario de Tucuman\",\"description\":\"Diario Tucuman - Informaci\u00f3n y noticias\",\"publisher\":{\"@id\":\"https:\\\/\\\/www.eldiariodetucuman.com\\\/web\\\/#organization\"},\"potentialAction\":[{\"@type\":\"SearchAction\",\"target\":{\"@type\":\"EntryPoint\",\"urlTemplate\":\"https:\\\/\\\/www.eldiariodetucuman.com\\\/web\\\/?s={search_term_string}\"},\"query-input\":{\"@type\":\"PropertyValueSpecification\",\"valueRequired\":true,\"valueName\":\"search_term_string\"}}],\"inLanguage\":\"es\"},{\"@type\":\"Organization\",\"@id\":\"https:\\\/\\\/www.eldiariodetucuman.com\\\/web\\\/#organization\",\"name\":\"El Diario de Tucuman\",\"url\":\"https:\\\/\\\/www.eldiariodetucuman.com\\\/web\\\/\",\"logo\":{\"@type\":\"ImageObject\",\"inLanguage\":\"es\",\"@id\":\"https:\\\/\\\/www.eldiariodetucuman.com\\\/web\\\/#\\\/schema\\\/logo\\\/image\\\/\",\"url\":\"http:\\\/\\\/www.eldiariodetucuman.com\\\/web\\\/wp-content\\\/uploads\\\/2017\\\/12\\\/el-diario-de-tucuman.jpg\",\"contentUrl\":\"http:\\\/\\\/www.eldiariodetucuman.com\\\/web\\\/wp-content\\\/uploads\\\/2017\\\/12\\\/el-diario-de-tucuman.jpg\",\"width\":272,\"height\":92,\"caption\":\"El Diario de Tucuman\"},\"image\":{\"@id\":\"https:\\\/\\\/www.eldiariodetucuman.com\\\/web\\\/#\\\/schema\\\/logo\\\/image\\\/\"}},{\"@type\":\"Person\",\"@id\":\"https:\\\/\\\/www.eldiariodetucuman.com\\\/web\\\/#\\\/schema\\\/person\\\/9250197d75ab5483412e19678b121caa\",\"name\":\"admin\",\"image\":{\"@type\":\"ImageObject\",\"inLanguage\":\"es\",\"@id\":\"https:\\\/\\\/secure.gravatar.com\\\/avatar\\\/c44d117c2be811212c22cb481f6b8384b6873de103fbc49e7a03cc58d7dea4ac?s=96&d=mm&r=g\",\"url\":\"https:\\\/\\\/secure.gravatar.com\\\/avatar\\\/c44d117c2be811212c22cb481f6b8384b6873de103fbc49e7a03cc58d7dea4ac?s=96&d=mm&r=g\",\"contentUrl\":\"https:\\\/\\\/secure.gravatar.com\\\/avatar\\\/c44d117c2be811212c22cb481f6b8384b6873de103fbc49e7a03cc58d7dea4ac?s=96&d=mm&r=g\",\"caption\":\"admin\"},\"url\":\"https:\\\/\\\/www.eldiariodetucuman.com\\\/web\\\/author\\\/admin\\\/\"}]}<\/script>\n<!-- \/ Yoast SEO plugin. -->","yoast_head_json":{"title":"Los cortes de luz quemaron varios aparatos de di\u00e1lisis en el Hospital Rossi - El Diario de Tucuman","robots":{"index":"index","follow":"follow","max-snippet":"max-snippet:-1","max-image-preview":"max-image-preview:large","max-video-preview":"max-video-preview:-1"},"canonical":"https:\/\/www.eldiariodetucuman.com\/web\/los-cortes-de-luz-quemaron-varios-aparatos-de-dialisis-en-el-hospital-rossi\/","og_locale":"es_ES","og_type":"article","og_title":"Los cortes de luz quemaron varios aparatos de di\u00e1lisis en el Hospital Rossi - El Diario de Tucuman","og_description":"\u201cNo tuvo que ver con el procedimiento quir\u00fargico\u201d, le indic\u00f3 a El Intransigente el m\u00e9dico Manuel De Battista, cirujano y representante de CICOP en el Hospital Rossi, luego de que se conociera que el hombre operado en ese centro de salud a la luz de los celulares -ante la fata del suministro de energ\u00eda el\u00e9ctrica-, [&hellip;]","og_url":"https:\/\/www.eldiariodetucuman.com\/web\/los-cortes-de-luz-quemaron-varios-aparatos-de-dialisis-en-el-hospital-rossi\/","og_site_name":"El Diario de Tucuman","article_published_time":"2018-03-07T15:40:18+00:00","article_modified_time":"2018-03-07T15:40:19+00:00","og_image":[{"width":960,"height":720,"url":"https:\/\/www.eldiariodetucuman.com\/web\/wp-content\/uploads\/2018\/03\/a1f63678a63314f6c41ba52b75cc4743.jpeg","type":"image\/jpeg"}],"author":"admin","twitter_card":"summary_large_image","twitter_misc":{"Escrito por":"admin","Tiempo de lectura":"3 minutos"},"schema":{"@context":"https:\/\/schema.org","@graph":[{"@type":"Article","@id":"https:\/\/www.eldiariodetucuman.com\/web\/los-cortes-de-luz-quemaron-varios-aparatos-de-dialisis-en-el-hospital-rossi\/#article","isPartOf":{"@id":"https:\/\/www.eldiariodetucuman.com\/web\/los-cortes-de-luz-quemaron-varios-aparatos-de-dialisis-en-el-hospital-rossi\/"},"author":{"name":"admin","@id":"https:\/\/www.eldiariodetucuman.com\/web\/#\/schema\/person\/9250197d75ab5483412e19678b121caa"},"headline":"Los cortes de luz quemaron varios aparatos de di\u00e1lisis en el Hospital Rossi","datePublished":"2018-03-07T15:40:18+00:00","dateModified":"2018-03-07T15:40:19+00:00","mainEntityOfPage":{"@id":"https:\/\/www.eldiariodetucuman.com\/web\/los-cortes-de-luz-quemaron-varios-aparatos-de-dialisis-en-el-hospital-rossi\/"},"wordCount":547,"commentCount":0,"publisher":{"@id":"https:\/\/www.eldiariodetucuman.com\/web\/#organization"},"image":{"@id":"https:\/\/www.eldiariodetucuman.com\/web\/los-cortes-de-luz-quemaron-varios-aparatos-de-dialisis-en-el-hospital-rossi\/#primaryimage"},"thumbnailUrl":"https:\/\/www.eldiariodetucuman.com\/web\/wp-content\/uploads\/2018\/03\/a1f63678a63314f6c41ba52b75cc4743.jpeg","articleSection":["Portada"],"inLanguage":"es","potentialAction":[{"@type":"CommentAction","name":"Comment","target":["https:\/\/www.eldiariodetucuman.com\/web\/los-cortes-de-luz-quemaron-varios-aparatos-de-dialisis-en-el-hospital-rossi\/#respond"]}]},{"@type":"WebPage","@id":"https:\/\/www.eldiariodetucuman.com\/web\/los-cortes-de-luz-quemaron-varios-aparatos-de-dialisis-en-el-hospital-rossi\/","url":"https:\/\/www.eldiariodetucuman.com\/web\/los-cortes-de-luz-quemaron-varios-aparatos-de-dialisis-en-el-hospital-rossi\/","name":"Los cortes de luz quemaron varios aparatos de di\u00e1lisis en el Hospital Rossi - El Diario de Tucuman","isPartOf":{"@id":"https:\/\/www.eldiariodetucuman.com\/web\/#website"},"primaryImageOfPage":{"@id":"https:\/\/www.eldiariodetucuman.com\/web\/los-cortes-de-luz-quemaron-varios-aparatos-de-dialisis-en-el-hospital-rossi\/#primaryimage"},"image":{"@id":"https:\/\/www.eldiariodetucuman.com\/web\/los-cortes-de-luz-quemaron-varios-aparatos-de-dialisis-en-el-hospital-rossi\/#primaryimage"},"thumbnailUrl":"https:\/\/www.eldiariodetucuman.com\/web\/wp-content\/uploads\/2018\/03\/a1f63678a63314f6c41ba52b75cc4743.jpeg","datePublished":"2018-03-07T15:40:18+00:00","dateModified":"2018-03-07T15:40:19+00:00","breadcrumb":{"@id":"https:\/\/www.eldiariodetucuman.com\/web\/los-cortes-de-luz-quemaron-varios-aparatos-de-dialisis-en-el-hospital-rossi\/#breadcrumb"},"inLanguage":"es","potentialAction":[{"@type":"ReadAction","target":["https:\/\/www.eldiariodetucuman.com\/web\/los-cortes-de-luz-quemaron-varios-aparatos-de-dialisis-en-el-hospital-rossi\/"]}]},{"@type":"ImageObject","inLanguage":"es","@id":"https:\/\/www.eldiariodetucuman.com\/web\/los-cortes-de-luz-quemaron-varios-aparatos-de-dialisis-en-el-hospital-rossi\/#primaryimage","url":"https:\/\/www.eldiariodetucuman.com\/web\/wp-content\/uploads\/2018\/03\/a1f63678a63314f6c41ba52b75cc4743.jpeg","contentUrl":"https:\/\/www.eldiariodetucuman.com\/web\/wp-content\/uploads\/2018\/03\/a1f63678a63314f6c41ba52b75cc4743.jpeg","width":960,"height":720},{"@type":"BreadcrumbList","@id":"https:\/\/www.eldiariodetucuman.com\/web\/los-cortes-de-luz-quemaron-varios-aparatos-de-dialisis-en-el-hospital-rossi\/#breadcrumb","itemListElement":[{"@type":"ListItem","position":1,"name":"Portada","item":"https:\/\/www.eldiariodetucuman.com\/web\/"},{"@type":"ListItem","position":2,"name":"Los cortes de luz quemaron varios aparatos de di\u00e1lisis en el Hospital Rossi"}]},{"@type":"WebSite","@id":"https:\/\/www.eldiariodetucuman.com\/web\/#website","url":"https:\/\/www.eldiariodetucuman.com\/web\/","name":"El Diario de Tucuman","description":"Diario Tucuman - Informaci\u00f3n y noticias","publisher":{"@id":"https:\/\/www.eldiariodetucuman.com\/web\/#organization"},"potentialAction":[{"@type":"SearchAction","target":{"@type":"EntryPoint","urlTemplate":"https:\/\/www.eldiariodetucuman.com\/web\/?s={search_term_string}"},"query-input":{"@type":"PropertyValueSpecification","valueRequired":true,"valueName":"search_term_string"}}],"inLanguage":"es"},{"@type":"Organization","@id":"https:\/\/www.eldiariodetucuman.com\/web\/#organization","name":"El Diario de Tucuman","url":"https:\/\/www.eldiariodetucuman.com\/web\/","logo":{"@type":"ImageObject","inLanguage":"es","@id":"https:\/\/www.eldiariodetucuman.com\/web\/#\/schema\/logo\/image\/","url":"http:\/\/www.eldiariodetucuman.com\/web\/wp-content\/uploads\/2017\/12\/el-diario-de-tucuman.jpg","contentUrl":"http:\/\/www.eldiariodetucuman.com\/web\/wp-content\/uploads\/2017\/12\/el-diario-de-tucuman.jpg","width":272,"height":92,"caption":"El Diario de Tucuman"},"image":{"@id":"https:\/\/www.eldiariodetucuman.com\/web\/#\/schema\/logo\/image\/"}},{"@type":"Person","@id":"https:\/\/www.eldiariodetucuman.com\/web\/#\/schema\/person\/9250197d75ab5483412e19678b121caa","name":"admin","image":{"@type":"ImageObject","inLanguage":"es","@id":"https:\/\/secure.gravatar.com\/avatar\/c44d117c2be811212c22cb481f6b8384b6873de103fbc49e7a03cc58d7dea4ac?s=96&d=mm&r=g","url":"https:\/\/secure.gravatar.com\/avatar\/c44d117c2be811212c22cb481f6b8384b6873de103fbc49e7a03cc58d7dea4ac?s=96&d=mm&r=g","contentUrl":"https:\/\/secure.gravatar.com\/avatar\/c44d117c2be811212c22cb481f6b8384b6873de103fbc49e7a03cc58d7dea4ac?s=96&d=mm&r=g","caption":"admin"},"url":"https:\/\/www.eldiariodetucuman.com\/web\/author\/admin\/"}]}},"_links":{"self":[{"href":"https:\/\/www.eldiariodetucuman.com\/web\/wp-json\/wp\/v2\/posts\/6346","targetHints":{"allow":["GET"]}}],"collection":[{"href":"https:\/\/www.eldiariodetucuman.com\/web\/wp-json\/wp\/v2\/posts"}],"about":[{"href":"https:\/\/www.eldiariodetucuman.com\/web\/wp-json\/wp\/v2\/types\/post"}],"author":[{"embeddable":true,"href":"https:\/\/www.eldiariodetucuman.com\/web\/wp-json\/wp\/v2\/users\/1"}],"replies":[{"embeddable":true,"href":"https:\/\/www.eldiariodetucuman.com\/web\/wp-json\/wp\/v2\/comments?post=6346"}],"version-history":[{"count":1,"href":"https:\/\/www.eldiariodetucuman.com\/web\/wp-json\/wp\/v2\/posts\/6346\/revisions"}],"predecessor-version":[{"id":6348,"href":"https:\/\/www.eldiariodetucuman.com\/web\/wp-json\/wp\/v2\/posts\/6346\/revisions\/6348"}],"wp:featuredmedia":[{"embeddable":true,"href":"https:\/\/www.eldiariodetucuman.com\/web\/wp-json\/wp\/v2\/media\/6347"}],"wp:attachment":[{"href":"https:\/\/www.eldiariodetucuman.com\/web\/wp-json\/wp\/v2\/media?parent=6346"}],"wp:term":[{"taxonomy":"category","embeddable":true,"href":"https:\/\/www.eldiariodetucuman.com\/web\/wp-json\/wp\/v2\/categories?post=6346"},{"taxonomy":"post_tag","embeddable":true,"href":"https:\/\/www.eldiariodetucuman.com\/web\/wp-json\/wp\/v2\/tags?post=6346"}],"curies":[{"name":"wp","href":"https:\/\/api.w.org\/{rel}","templated":true}]}}