{"id":6340,"date":"2018-03-07T12:01:40","date_gmt":"2018-03-07T15:01:40","guid":{"rendered":"http:\/\/www.eldiariodetucuman.com\/web\/murio-una-joven-de-23-anos-que-sufrio-quemaduras-en-una-pelea-con-su-novio\/"},"modified":"2018-03-07T12:01:43","modified_gmt":"2018-03-07T15:01:43","slug":"murio-una-joven-de-23-anos-que-sufrio-quemaduras-en-una-pelea-con-su-novio","status":"publish","type":"post","link":"https:\/\/www.eldiariodetucuman.com\/web\/murio-una-joven-de-23-anos-que-sufrio-quemaduras-en-una-pelea-con-su-novio\/","title":{"rendered":"Muri\u00f3 una joven de 23 a\u00f1os que sufri\u00f3 quemaduras en una pelea con su novio"},"content":{"rendered":"<div>\n<div readability=\"73\">\n<p>Muri\u00f3 hoy una joven de 23 a\u00f1os que estaba internada desde el domingo con quemaduras en el 90% de su cuerpo tras una pelea con su novio. Ocurri\u00f3 en el partido bonaerense de Merlo, y el presunto homicida est\u00e1 detenido.<\/p>\n<p>Florencia Vel\u00e1zquez falleci\u00f3 esta ma\u00f1ana en el hospital Eva Per\u00f3n como consecuencia de las graves quemaduras que presentaba, principalmente en las v\u00edas respiratorias, la cara, el torso, muslos y brazos.<\/p>\n<p>El presunto homicida fue identificado como Leonel Cabral (20), en una casa de Merlo, donde ambos conviv\u00edan con su hijo de tres a\u00f1os.<\/p>\n<p class=\"style frase\">Seg\u00fan las primeras averiguaciones, realizadas en el marco de la pesquisa, la discusi\u00f3n comenz\u00f3 cuando el muchacho le recrimin\u00f3 a su pareja la mala calidad de las empanadas que hab\u00eda cocinado.<\/p>\n<p>Si bien el acusado asegur\u00f3 ante la Justicia que fue Florencia la que se prendi\u00f3 fuego y luego atin\u00f3 a apagar las llamas debajo de una canilla del patio de la vivienda, donde su hijo  jugaba, para los pesquisas todo indica que \u00e9l la roci\u00f3 con alcohol y luego accion\u00f3 un encendedor para quemarla, a\u00f1adieron los voceros.<\/p>\n<p>Cabral fue detenido por la Polic\u00eda y qued\u00f3 a disposici\u00f3n de la titular de la Fiscal\u00eda de Violencia de G\u00e9nero, Paula Houndeville, quien lo indag\u00f3 por el delito de \u00abhomicidio en grado de tentativa en contexto de violencia de g\u00e9nero\u00bb, aunque ahora con el fallecimiento de la joven deber\u00e1 interrogarlo nuevamente pero por el homicidio.<\/p>\n<p>Familiares de la v\u00edctima relataron en el marco de la causa que Cabral ejerc\u00eda violencia psicol\u00f3gica sobre Florencia y que ambos manten\u00edan peleas constantes, inform\u00f3 T\u00e9lam.<\/p>\n<\/p><\/div>\n<\/div>\n<p>Fuente: http:\/\/www.lagaceta.com.ar\/nota\/763435\/actualidad\/murio-joven-23-anos-sufrio-quemaduras-pelea-novio.html<\/p>\n","protected":false},"excerpt":{"rendered":"<p>Muri\u00f3 hoy una joven de 23 a\u00f1os que estaba internada desde el domingo con quemaduras en el 90% de su cuerpo tras una pelea con su novio. Ocurri\u00f3 en el partido bonaerense de Merlo, y el presunto homicida est\u00e1 detenido. Florencia Vel\u00e1zquez falleci\u00f3 esta ma\u00f1ana en el hospital Eva Per\u00f3n como consecuencia de las graves [&hellip;]<\/p>\n","protected":false},"author":1,"featured_media":6341,"comment_status":"open","ping_status":"closed","sticky":false,"template":"","format":"standard","meta":{"footnotes":""},"categories":[1],"tags":[],"class_list":{"0":"post-6340","1":"post","2":"type-post","3":"status-publish","4":"format-standard","5":"has-post-thumbnail","7":"category-portada"},"yoast_head":"<!-- This site is optimized with the Yoast SEO plugin v27.5 - https:\/\/yoast.com\/product\/yoast-seo-wordpress\/ -->\n<title>Muri\u00f3 una joven de 23 a\u00f1os que sufri\u00f3 quemaduras en una pelea con su novio - El Diario de Tucuman<\/title>\n<meta name=\"robots\" content=\"index, follow, max-snippet:-1, max-image-preview:large, max-video-preview:-1\" \/>\n<link rel=\"canonical\" href=\"https:\/\/www.eldiariodetucuman.com\/web\/murio-una-joven-de-23-anos-que-sufrio-quemaduras-en-una-pelea-con-su-novio\/\" \/>\n<meta property=\"og:locale\" content=\"es_ES\" \/>\n<meta property=\"og:type\" content=\"article\" \/>\n<meta property=\"og:title\" content=\"Muri\u00f3 una joven de 23 a\u00f1os que sufri\u00f3 quemaduras en una pelea con su novio - El Diario de Tucuman\" \/>\n<meta property=\"og:description\" content=\"Muri\u00f3 hoy una joven de 23 a\u00f1os que estaba internada desde el domingo con quemaduras en el 90% de su cuerpo tras una pelea con su novio. Ocurri\u00f3 en el partido bonaerense de Merlo, y el presunto homicida est\u00e1 detenido. Florencia Vel\u00e1zquez falleci\u00f3 esta ma\u00f1ana en el hospital Eva Per\u00f3n como consecuencia de las graves [&hellip;]\" \/>\n<meta property=\"og:url\" content=\"https:\/\/www.eldiariodetucuman.com\/web\/murio-una-joven-de-23-anos-que-sufrio-quemaduras-en-una-pelea-con-su-novio\/\" \/>\n<meta property=\"og:site_name\" content=\"El Diario de Tucuman\" \/>\n<meta property=\"article:published_time\" content=\"2018-03-07T15:01:40+00:00\" \/>\n<meta property=\"article:modified_time\" content=\"2018-03-07T15:01:43+00:00\" \/>\n<meta property=\"og:image\" content=\"https:\/\/www.eldiariodetucuman.com\/web\/wp-content\/uploads\/2018\/03\/2bb24ddab8433781e770317e2616087d.jpeg\" \/>\n\t<meta property=\"og:image:width\" content=\"1500\" \/>\n\t<meta property=\"og:image:height\" content=\"850\" \/>\n\t<meta property=\"og:image:type\" content=\"image\/jpeg\" \/>\n<meta name=\"author\" content=\"admin\" \/>\n<meta name=\"twitter:card\" content=\"summary_large_image\" \/>\n<meta name=\"twitter:label1\" content=\"Escrito por\" \/>\n\t<meta name=\"twitter:data1\" content=\"admin\" \/>\n\t<meta name=\"twitter:label2\" content=\"Tiempo de lectura\" \/>\n\t<meta name=\"twitter:data2\" content=\"1 minuto\" \/>\n<script type=\"application\/ld+json\" class=\"yoast-schema-graph\">{\"@context\":\"https:\\\/\\\/schema.org\",\"@graph\":[{\"@type\":\"Article\",\"@id\":\"https:\\\/\\\/www.eldiariodetucuman.com\\\/web\\\/murio-una-joven-de-23-anos-que-sufrio-quemaduras-en-una-pelea-con-su-novio\\\/#article\",\"isPartOf\":{\"@id\":\"https:\\\/\\\/www.eldiariodetucuman.com\\\/web\\\/murio-una-joven-de-23-anos-que-sufrio-quemaduras-en-una-pelea-con-su-novio\\\/\"},\"author\":{\"name\":\"admin\",\"@id\":\"https:\\\/\\\/www.eldiariodetucuman.com\\\/web\\\/#\\\/schema\\\/person\\\/9250197d75ab5483412e19678b121caa\"},\"headline\":\"Muri\u00f3 una joven de 23 a\u00f1os que sufri\u00f3 quemaduras en una pelea con su novio\",\"datePublished\":\"2018-03-07T15:01:40+00:00\",\"dateModified\":\"2018-03-07T15:01:43+00:00\",\"mainEntityOfPage\":{\"@id\":\"https:\\\/\\\/www.eldiariodetucuman.com\\\/web\\\/murio-una-joven-de-23-anos-que-sufrio-quemaduras-en-una-pelea-con-su-novio\\\/\"},\"wordCount\":306,\"commentCount\":0,\"publisher\":{\"@id\":\"https:\\\/\\\/www.eldiariodetucuman.com\\\/web\\\/#organization\"},\"image\":{\"@id\":\"https:\\\/\\\/www.eldiariodetucuman.com\\\/web\\\/murio-una-joven-de-23-anos-que-sufrio-quemaduras-en-una-pelea-con-su-novio\\\/#primaryimage\"},\"thumbnailUrl\":\"https:\\\/\\\/www.eldiariodetucuman.com\\\/web\\\/wp-content\\\/uploads\\\/2018\\\/03\\\/2bb24ddab8433781e770317e2616087d.jpeg\",\"articleSection\":[\"Portada\"],\"inLanguage\":\"es\",\"potentialAction\":[{\"@type\":\"CommentAction\",\"name\":\"Comment\",\"target\":[\"https:\\\/\\\/www.eldiariodetucuman.com\\\/web\\\/murio-una-joven-de-23-anos-que-sufrio-quemaduras-en-una-pelea-con-su-novio\\\/#respond\"]}]},{\"@type\":\"WebPage\",\"@id\":\"https:\\\/\\\/www.eldiariodetucuman.com\\\/web\\\/murio-una-joven-de-23-anos-que-sufrio-quemaduras-en-una-pelea-con-su-novio\\\/\",\"url\":\"https:\\\/\\\/www.eldiariodetucuman.com\\\/web\\\/murio-una-joven-de-23-anos-que-sufrio-quemaduras-en-una-pelea-con-su-novio\\\/\",\"name\":\"Muri\u00f3 una joven de 23 a\u00f1os que sufri\u00f3 quemaduras en una pelea con su novio - El Diario de Tucuman\",\"isPartOf\":{\"@id\":\"https:\\\/\\\/www.eldiariodetucuman.com\\\/web\\\/#website\"},\"primaryImageOfPage\":{\"@id\":\"https:\\\/\\\/www.eldiariodetucuman.com\\\/web\\\/murio-una-joven-de-23-anos-que-sufrio-quemaduras-en-una-pelea-con-su-novio\\\/#primaryimage\"},\"image\":{\"@id\":\"https:\\\/\\\/www.eldiariodetucuman.com\\\/web\\\/murio-una-joven-de-23-anos-que-sufrio-quemaduras-en-una-pelea-con-su-novio\\\/#primaryimage\"},\"thumbnailUrl\":\"https:\\\/\\\/www.eldiariodetucuman.com\\\/web\\\/wp-content\\\/uploads\\\/2018\\\/03\\\/2bb24ddab8433781e770317e2616087d.jpeg\",\"datePublished\":\"2018-03-07T15:01:40+00:00\",\"dateModified\":\"2018-03-07T15:01:43+00:00\",\"breadcrumb\":{\"@id\":\"https:\\\/\\\/www.eldiariodetucuman.com\\\/web\\\/murio-una-joven-de-23-anos-que-sufrio-quemaduras-en-una-pelea-con-su-novio\\\/#breadcrumb\"},\"inLanguage\":\"es\",\"potentialAction\":[{\"@type\":\"ReadAction\",\"target\":[\"https:\\\/\\\/www.eldiariodetucuman.com\\\/web\\\/murio-una-joven-de-23-anos-que-sufrio-quemaduras-en-una-pelea-con-su-novio\\\/\"]}]},{\"@type\":\"ImageObject\",\"inLanguage\":\"es\",\"@id\":\"https:\\\/\\\/www.eldiariodetucuman.com\\\/web\\\/murio-una-joven-de-23-anos-que-sufrio-quemaduras-en-una-pelea-con-su-novio\\\/#primaryimage\",\"url\":\"https:\\\/\\\/www.eldiariodetucuman.com\\\/web\\\/wp-content\\\/uploads\\\/2018\\\/03\\\/2bb24ddab8433781e770317e2616087d.jpeg\",\"contentUrl\":\"https:\\\/\\\/www.eldiariodetucuman.com\\\/web\\\/wp-content\\\/uploads\\\/2018\\\/03\\\/2bb24ddab8433781e770317e2616087d.jpeg\",\"width\":1500,\"height\":850},{\"@type\":\"BreadcrumbList\",\"@id\":\"https:\\\/\\\/www.eldiariodetucuman.com\\\/web\\\/murio-una-joven-de-23-anos-que-sufrio-quemaduras-en-una-pelea-con-su-novio\\\/#breadcrumb\",\"itemListElement\":[{\"@type\":\"ListItem\",\"position\":1,\"name\":\"Portada\",\"item\":\"https:\\\/\\\/www.eldiariodetucuman.com\\\/web\\\/\"},{\"@type\":\"ListItem\",\"position\":2,\"name\":\"Muri\u00f3 una joven de 23 a\u00f1os que sufri\u00f3 quemaduras en una pelea con su novio\"}]},{\"@type\":\"WebSite\",\"@id\":\"https:\\\/\\\/www.eldiariodetucuman.com\\\/web\\\/#website\",\"url\":\"https:\\\/\\\/www.eldiariodetucuman.com\\\/web\\\/\",\"name\":\"El Diario de Tucuman\",\"description\":\"Diario Tucuman - Informaci\u00f3n y noticias\",\"publisher\":{\"@id\":\"https:\\\/\\\/www.eldiariodetucuman.com\\\/web\\\/#organization\"},\"potentialAction\":[{\"@type\":\"SearchAction\",\"target\":{\"@type\":\"EntryPoint\",\"urlTemplate\":\"https:\\\/\\\/www.eldiariodetucuman.com\\\/web\\\/?s={search_term_string}\"},\"query-input\":{\"@type\":\"PropertyValueSpecification\",\"valueRequired\":true,\"valueName\":\"search_term_string\"}}],\"inLanguage\":\"es\"},{\"@type\":\"Organization\",\"@id\":\"https:\\\/\\\/www.eldiariodetucuman.com\\\/web\\\/#organization\",\"name\":\"El Diario de Tucuman\",\"url\":\"https:\\\/\\\/www.eldiariodetucuman.com\\\/web\\\/\",\"logo\":{\"@type\":\"ImageObject\",\"inLanguage\":\"es\",\"@id\":\"https:\\\/\\\/www.eldiariodetucuman.com\\\/web\\\/#\\\/schema\\\/logo\\\/image\\\/\",\"url\":\"http:\\\/\\\/www.eldiariodetucuman.com\\\/web\\\/wp-content\\\/uploads\\\/2017\\\/12\\\/el-diario-de-tucuman.jpg\",\"contentUrl\":\"http:\\\/\\\/www.eldiariodetucuman.com\\\/web\\\/wp-content\\\/uploads\\\/2017\\\/12\\\/el-diario-de-tucuman.jpg\",\"width\":272,\"height\":92,\"caption\":\"El Diario de Tucuman\"},\"image\":{\"@id\":\"https:\\\/\\\/www.eldiariodetucuman.com\\\/web\\\/#\\\/schema\\\/logo\\\/image\\\/\"}},{\"@type\":\"Person\",\"@id\":\"https:\\\/\\\/www.eldiariodetucuman.com\\\/web\\\/#\\\/schema\\\/person\\\/9250197d75ab5483412e19678b121caa\",\"name\":\"admin\",\"image\":{\"@type\":\"ImageObject\",\"inLanguage\":\"es\",\"@id\":\"https:\\\/\\\/secure.gravatar.com\\\/avatar\\\/c44d117c2be811212c22cb481f6b8384b6873de103fbc49e7a03cc58d7dea4ac?s=96&d=mm&r=g\",\"url\":\"https:\\\/\\\/secure.gravatar.com\\\/avatar\\\/c44d117c2be811212c22cb481f6b8384b6873de103fbc49e7a03cc58d7dea4ac?s=96&d=mm&r=g\",\"contentUrl\":\"https:\\\/\\\/secure.gravatar.com\\\/avatar\\\/c44d117c2be811212c22cb481f6b8384b6873de103fbc49e7a03cc58d7dea4ac?s=96&d=mm&r=g\",\"caption\":\"admin\"},\"url\":\"https:\\\/\\\/www.eldiariodetucuman.com\\\/web\\\/author\\\/admin\\\/\"}]}<\/script>\n<!-- \/ Yoast SEO plugin. -->","yoast_head_json":{"title":"Muri\u00f3 una joven de 23 a\u00f1os que sufri\u00f3 quemaduras en una pelea con su novio - El Diario de Tucuman","robots":{"index":"index","follow":"follow","max-snippet":"max-snippet:-1","max-image-preview":"max-image-preview:large","max-video-preview":"max-video-preview:-1"},"canonical":"https:\/\/www.eldiariodetucuman.com\/web\/murio-una-joven-de-23-anos-que-sufrio-quemaduras-en-una-pelea-con-su-novio\/","og_locale":"es_ES","og_type":"article","og_title":"Muri\u00f3 una joven de 23 a\u00f1os que sufri\u00f3 quemaduras en una pelea con su novio - El Diario de Tucuman","og_description":"Muri\u00f3 hoy una joven de 23 a\u00f1os que estaba internada desde el domingo con quemaduras en el 90% de su cuerpo tras una pelea con su novio. Ocurri\u00f3 en el partido bonaerense de Merlo, y el presunto homicida est\u00e1 detenido. Florencia Vel\u00e1zquez falleci\u00f3 esta ma\u00f1ana en el hospital Eva Per\u00f3n como consecuencia de las graves [&hellip;]","og_url":"https:\/\/www.eldiariodetucuman.com\/web\/murio-una-joven-de-23-anos-que-sufrio-quemaduras-en-una-pelea-con-su-novio\/","og_site_name":"El Diario de Tucuman","article_published_time":"2018-03-07T15:01:40+00:00","article_modified_time":"2018-03-07T15:01:43+00:00","og_image":[{"width":1500,"height":850,"url":"https:\/\/www.eldiariodetucuman.com\/web\/wp-content\/uploads\/2018\/03\/2bb24ddab8433781e770317e2616087d.jpeg","type":"image\/jpeg"}],"author":"admin","twitter_card":"summary_large_image","twitter_misc":{"Escrito por":"admin","Tiempo de lectura":"1 minuto"},"schema":{"@context":"https:\/\/schema.org","@graph":[{"@type":"Article","@id":"https:\/\/www.eldiariodetucuman.com\/web\/murio-una-joven-de-23-anos-que-sufrio-quemaduras-en-una-pelea-con-su-novio\/#article","isPartOf":{"@id":"https:\/\/www.eldiariodetucuman.com\/web\/murio-una-joven-de-23-anos-que-sufrio-quemaduras-en-una-pelea-con-su-novio\/"},"author":{"name":"admin","@id":"https:\/\/www.eldiariodetucuman.com\/web\/#\/schema\/person\/9250197d75ab5483412e19678b121caa"},"headline":"Muri\u00f3 una joven de 23 a\u00f1os que sufri\u00f3 quemaduras en una pelea con su novio","datePublished":"2018-03-07T15:01:40+00:00","dateModified":"2018-03-07T15:01:43+00:00","mainEntityOfPage":{"@id":"https:\/\/www.eldiariodetucuman.com\/web\/murio-una-joven-de-23-anos-que-sufrio-quemaduras-en-una-pelea-con-su-novio\/"},"wordCount":306,"commentCount":0,"publisher":{"@id":"https:\/\/www.eldiariodetucuman.com\/web\/#organization"},"image":{"@id":"https:\/\/www.eldiariodetucuman.com\/web\/murio-una-joven-de-23-anos-que-sufrio-quemaduras-en-una-pelea-con-su-novio\/#primaryimage"},"thumbnailUrl":"https:\/\/www.eldiariodetucuman.com\/web\/wp-content\/uploads\/2018\/03\/2bb24ddab8433781e770317e2616087d.jpeg","articleSection":["Portada"],"inLanguage":"es","potentialAction":[{"@type":"CommentAction","name":"Comment","target":["https:\/\/www.eldiariodetucuman.com\/web\/murio-una-joven-de-23-anos-que-sufrio-quemaduras-en-una-pelea-con-su-novio\/#respond"]}]},{"@type":"WebPage","@id":"https:\/\/www.eldiariodetucuman.com\/web\/murio-una-joven-de-23-anos-que-sufrio-quemaduras-en-una-pelea-con-su-novio\/","url":"https:\/\/www.eldiariodetucuman.com\/web\/murio-una-joven-de-23-anos-que-sufrio-quemaduras-en-una-pelea-con-su-novio\/","name":"Muri\u00f3 una joven de 23 a\u00f1os que sufri\u00f3 quemaduras en una pelea con su novio - El Diario de Tucuman","isPartOf":{"@id":"https:\/\/www.eldiariodetucuman.com\/web\/#website"},"primaryImageOfPage":{"@id":"https:\/\/www.eldiariodetucuman.com\/web\/murio-una-joven-de-23-anos-que-sufrio-quemaduras-en-una-pelea-con-su-novio\/#primaryimage"},"image":{"@id":"https:\/\/www.eldiariodetucuman.com\/web\/murio-una-joven-de-23-anos-que-sufrio-quemaduras-en-una-pelea-con-su-novio\/#primaryimage"},"thumbnailUrl":"https:\/\/www.eldiariodetucuman.com\/web\/wp-content\/uploads\/2018\/03\/2bb24ddab8433781e770317e2616087d.jpeg","datePublished":"2018-03-07T15:01:40+00:00","dateModified":"2018-03-07T15:01:43+00:00","breadcrumb":{"@id":"https:\/\/www.eldiariodetucuman.com\/web\/murio-una-joven-de-23-anos-que-sufrio-quemaduras-en-una-pelea-con-su-novio\/#breadcrumb"},"inLanguage":"es","potentialAction":[{"@type":"ReadAction","target":["https:\/\/www.eldiariodetucuman.com\/web\/murio-una-joven-de-23-anos-que-sufrio-quemaduras-en-una-pelea-con-su-novio\/"]}]},{"@type":"ImageObject","inLanguage":"es","@id":"https:\/\/www.eldiariodetucuman.com\/web\/murio-una-joven-de-23-anos-que-sufrio-quemaduras-en-una-pelea-con-su-novio\/#primaryimage","url":"https:\/\/www.eldiariodetucuman.com\/web\/wp-content\/uploads\/2018\/03\/2bb24ddab8433781e770317e2616087d.jpeg","contentUrl":"https:\/\/www.eldiariodetucuman.com\/web\/wp-content\/uploads\/2018\/03\/2bb24ddab8433781e770317e2616087d.jpeg","width":1500,"height":850},{"@type":"BreadcrumbList","@id":"https:\/\/www.eldiariodetucuman.com\/web\/murio-una-joven-de-23-anos-que-sufrio-quemaduras-en-una-pelea-con-su-novio\/#breadcrumb","itemListElement":[{"@type":"ListItem","position":1,"name":"Portada","item":"https:\/\/www.eldiariodetucuman.com\/web\/"},{"@type":"ListItem","position":2,"name":"Muri\u00f3 una joven de 23 a\u00f1os que sufri\u00f3 quemaduras en una pelea con su novio"}]},{"@type":"WebSite","@id":"https:\/\/www.eldiariodetucuman.com\/web\/#website","url":"https:\/\/www.eldiariodetucuman.com\/web\/","name":"El Diario de Tucuman","description":"Diario Tucuman - Informaci\u00f3n y noticias","publisher":{"@id":"https:\/\/www.eldiariodetucuman.com\/web\/#organization"},"potentialAction":[{"@type":"SearchAction","target":{"@type":"EntryPoint","urlTemplate":"https:\/\/www.eldiariodetucuman.com\/web\/?s={search_term_string}"},"query-input":{"@type":"PropertyValueSpecification","valueRequired":true,"valueName":"search_term_string"}}],"inLanguage":"es"},{"@type":"Organization","@id":"https:\/\/www.eldiariodetucuman.com\/web\/#organization","name":"El Diario de Tucuman","url":"https:\/\/www.eldiariodetucuman.com\/web\/","logo":{"@type":"ImageObject","inLanguage":"es","@id":"https:\/\/www.eldiariodetucuman.com\/web\/#\/schema\/logo\/image\/","url":"http:\/\/www.eldiariodetucuman.com\/web\/wp-content\/uploads\/2017\/12\/el-diario-de-tucuman.jpg","contentUrl":"http:\/\/www.eldiariodetucuman.com\/web\/wp-content\/uploads\/2017\/12\/el-diario-de-tucuman.jpg","width":272,"height":92,"caption":"El Diario de Tucuman"},"image":{"@id":"https:\/\/www.eldiariodetucuman.com\/web\/#\/schema\/logo\/image\/"}},{"@type":"Person","@id":"https:\/\/www.eldiariodetucuman.com\/web\/#\/schema\/person\/9250197d75ab5483412e19678b121caa","name":"admin","image":{"@type":"ImageObject","inLanguage":"es","@id":"https:\/\/secure.gravatar.com\/avatar\/c44d117c2be811212c22cb481f6b8384b6873de103fbc49e7a03cc58d7dea4ac?s=96&d=mm&r=g","url":"https:\/\/secure.gravatar.com\/avatar\/c44d117c2be811212c22cb481f6b8384b6873de103fbc49e7a03cc58d7dea4ac?s=96&d=mm&r=g","contentUrl":"https:\/\/secure.gravatar.com\/avatar\/c44d117c2be811212c22cb481f6b8384b6873de103fbc49e7a03cc58d7dea4ac?s=96&d=mm&r=g","caption":"admin"},"url":"https:\/\/www.eldiariodetucuman.com\/web\/author\/admin\/"}]}},"_links":{"self":[{"href":"https:\/\/www.eldiariodetucuman.com\/web\/wp-json\/wp\/v2\/posts\/6340","targetHints":{"allow":["GET"]}}],"collection":[{"href":"https:\/\/www.eldiariodetucuman.com\/web\/wp-json\/wp\/v2\/posts"}],"about":[{"href":"https:\/\/www.eldiariodetucuman.com\/web\/wp-json\/wp\/v2\/types\/post"}],"author":[{"embeddable":true,"href":"https:\/\/www.eldiariodetucuman.com\/web\/wp-json\/wp\/v2\/users\/1"}],"replies":[{"embeddable":true,"href":"https:\/\/www.eldiariodetucuman.com\/web\/wp-json\/wp\/v2\/comments?post=6340"}],"version-history":[{"count":1,"href":"https:\/\/www.eldiariodetucuman.com\/web\/wp-json\/wp\/v2\/posts\/6340\/revisions"}],"predecessor-version":[{"id":6342,"href":"https:\/\/www.eldiariodetucuman.com\/web\/wp-json\/wp\/v2\/posts\/6340\/revisions\/6342"}],"wp:featuredmedia":[{"embeddable":true,"href":"https:\/\/www.eldiariodetucuman.com\/web\/wp-json\/wp\/v2\/media\/6341"}],"wp:attachment":[{"href":"https:\/\/www.eldiariodetucuman.com\/web\/wp-json\/wp\/v2\/media?parent=6340"}],"wp:term":[{"taxonomy":"category","embeddable":true,"href":"https:\/\/www.eldiariodetucuman.com\/web\/wp-json\/wp\/v2\/categories?post=6340"},{"taxonomy":"post_tag","embeddable":true,"href":"https:\/\/www.eldiariodetucuman.com\/web\/wp-json\/wp\/v2\/tags?post=6340"}],"curies":[{"name":"wp","href":"https:\/\/api.w.org\/{rel}","templated":true}]}}