{"id":6337,"date":"2018-03-07T12:01:30","date_gmt":"2018-03-07T15:01:30","guid":{"rendered":"http:\/\/www.eldiariodetucuman.com\/web\/lombardi-dijo-que-hubo-una-desubicacion-de-los-conductores-de-cocineros-argentinos\/"},"modified":"2018-03-07T12:01:33","modified_gmt":"2018-03-07T15:01:33","slug":"lombardi-dijo-que-hubo-una-desubicacion-de-los-conductores-de-cocineros-argentinos","status":"publish","type":"post","link":"https:\/\/www.eldiariodetucuman.com\/web\/lombardi-dijo-que-hubo-una-desubicacion-de-los-conductores-de-cocineros-argentinos\/","title":{"rendered":"Lombardi dijo que hubo una \u00abdesubicaci\u00f3n\u00bb de los conductores de \u00abCocineros Argentinos\u00bb"},"content":{"rendered":"<div>\n<div readability=\"71.448275862069\">\n<p>El titular del Sistema Federal de Medios y Contenidos P\u00fablicos, <b>Hern\u00e1n Lombardi<\/b>, dijo hoy que \u00abhubo una desubicaci\u00f3n\u00bb de los conductores de \u00abCocineros Argentinos\u00bb, que emite la TV P\u00fablica, al exhibir en el programa una banda musical que toc\u00f3 acordes de un c\u00e1ntico usado para insultar al presidente <b>Mauricio Macri <\/b>y que uno de ellos calific\u00f3 como el tema del verano.<\/p>\n<p>El tema es cantado en los estadios para insultar al primer mandatario y tras ser escuchado en vivo, el conductor del programa, <b>Guillermo Calabrese<\/b>, lo defini\u00f3 como el \u00abhit del verano\u00bb. Aunque en esa ocasi\u00f3n no es escuch\u00f3 la letra, la frase que acompa\u00f1a la melod\u00eda es: \u00abMauricio Macri la p&#8230; que te pari\u00f3\u00bb.<\/p>\n<p><iframe loading=\"lazy\" width=\"100%\" height=\"400\" src=\"https:\/\/www.youtube.com\/embed\/80HGKadp--Q\" frameborder=\"0\" allow=\"autoplay; encrypted-media\" allowfullscreen=\"\"><\/iframe><\/p>\n<p>En ese momento el comentario de Calabrese pas\u00f3 desapercibido pero los televidentes no se lo iban a dejar olvidar. Un usuario de Twitter capt\u00f3 el momento y lo comparti\u00f3 y los retuits no tardaron en llegar. Muchos tildaron lo ocurrido de esc\u00e1ndalo y hasta llegaron a pedir que echen a los integrantes del programa.<\/p>\n<p>Identificaron a los hinchas que pintaron los ata\u00fades contra Macri<\/p>\n<p><a href=\"https:\/\/www.lagaceta.com.ar\/nota\/763142\/deportes\/identificaron-hinchas-pintaron-ataudes-contra-macri.html\" mce_href=\"https:\/\/www.lagaceta.com.ar\/nota\/763142\/deportes\/identificaron-hinchas-pintaron-ataudes-contra-macri.html\" target=\"_blank\" class=\"style link\"><br \/>\nIdentificaron a los hinchas que pintaron los ata\u00fades contra Macri<\/a><\/p>\n<p>Lombardi se\u00f1al\u00f3 que aceptaba las disculpas ofrecidas por los conductores, se\u00f1alando que vio que eran sinceras: \u00abhubo una desubicaci\u00f3n, tampoco hay que dramatizar todo, hay que volver a construir la cultura de la convivencia, las cosas tienen una gradaci\u00f3n. Esa desubicaci\u00f3n merec\u00eda una disculpa\u00bb.<\/p>\n<p><span class=\"style frase\">En declaraciones a Am\u00e9rica TV, el funcionario insisti\u00f3 en la necesidad de \u00abgenerar la cultura de la convivencia. El gran desaf\u00edo de la democracia es meter dentro del arco democr\u00e1tico todo\u00bb.<\/span><\/p>\n<p>Por otro lado, Lombadi ratific\u00f3 que propuso una \u00abparitaria cero\u00bb este a\u00f1o para los trabajadores de la TV P\u00fablica, se\u00f1alando que el salario promedio en ese canal es de $ 85.000 mensuales y advirti\u00f3 que su misi\u00f3n al frente de los medios p\u00fablicos es \u00abcuidar la plata de todos\u00bb.<\/p>\n<\/p><\/div>\n<\/div>\n<p>Fuente: http:\/\/www.lagaceta.com.ar\/nota\/763437\/actualidad\/lombardi-dijo-hubo-desubicacion-conductores-cocineros-argentinos.html<\/p>\n","protected":false},"excerpt":{"rendered":"<p>El titular del Sistema Federal de Medios y Contenidos P\u00fablicos, Hern\u00e1n Lombardi, dijo hoy que \u00abhubo una desubicaci\u00f3n\u00bb de los conductores de \u00abCocineros Argentinos\u00bb, que emite la TV P\u00fablica, al exhibir en el programa una banda musical que toc\u00f3 acordes de un c\u00e1ntico usado para insultar al presidente Mauricio Macri y que uno de ellos [&hellip;]<\/p>\n","protected":false},"author":1,"featured_media":6338,"comment_status":"open","ping_status":"closed","sticky":false,"template":"","format":"standard","meta":{"footnotes":""},"categories":[1],"tags":[],"class_list":{"0":"post-6337","1":"post","2":"type-post","3":"status-publish","4":"format-standard","5":"has-post-thumbnail","7":"category-portada"},"yoast_head":"<!-- This site is optimized with the Yoast SEO plugin v27.5 - https:\/\/yoast.com\/product\/yoast-seo-wordpress\/ -->\n<title>Lombardi dijo que hubo una &quot;desubicaci\u00f3n&quot; de los conductores de &quot;Cocineros Argentinos&quot; - El Diario de Tucuman<\/title>\n<meta name=\"robots\" content=\"index, follow, max-snippet:-1, max-image-preview:large, max-video-preview:-1\" \/>\n<link rel=\"canonical\" href=\"https:\/\/www.eldiariodetucuman.com\/web\/lombardi-dijo-que-hubo-una-desubicacion-de-los-conductores-de-cocineros-argentinos\/\" \/>\n<meta property=\"og:locale\" content=\"es_ES\" \/>\n<meta property=\"og:type\" content=\"article\" \/>\n<meta property=\"og:title\" content=\"Lombardi dijo que hubo una &quot;desubicaci\u00f3n&quot; de los conductores de &quot;Cocineros Argentinos&quot; - El Diario de Tucuman\" \/>\n<meta property=\"og:description\" content=\"El titular del Sistema Federal de Medios y Contenidos P\u00fablicos, Hern\u00e1n Lombardi, dijo hoy que \u00abhubo una desubicaci\u00f3n\u00bb de los conductores de \u00abCocineros Argentinos\u00bb, que emite la TV P\u00fablica, al exhibir en el programa una banda musical que toc\u00f3 acordes de un c\u00e1ntico usado para insultar al presidente Mauricio Macri y que uno de ellos [&hellip;]\" \/>\n<meta property=\"og:url\" content=\"https:\/\/www.eldiariodetucuman.com\/web\/lombardi-dijo-que-hubo-una-desubicacion-de-los-conductores-de-cocineros-argentinos\/\" \/>\n<meta property=\"og:site_name\" content=\"El Diario de Tucuman\" \/>\n<meta property=\"article:published_time\" content=\"2018-03-07T15:01:30+00:00\" \/>\n<meta property=\"article:modified_time\" content=\"2018-03-07T15:01:33+00:00\" \/>\n<meta property=\"og:image\" content=\"https:\/\/www.eldiariodetucuman.com\/web\/wp-content\/uploads\/2018\/03\/7f3a31852de0943100045f40340061de.jpeg\" \/>\n\t<meta property=\"og:image:width\" content=\"1500\" \/>\n\t<meta property=\"og:image:height\" content=\"850\" \/>\n\t<meta property=\"og:image:type\" content=\"image\/jpeg\" \/>\n<meta name=\"author\" content=\"admin\" \/>\n<meta name=\"twitter:card\" content=\"summary_large_image\" \/>\n<meta name=\"twitter:label1\" content=\"Escrito por\" \/>\n\t<meta name=\"twitter:data1\" content=\"admin\" \/>\n\t<meta name=\"twitter:label2\" content=\"Tiempo de lectura\" \/>\n\t<meta name=\"twitter:data2\" content=\"2 minutos\" \/>\n<script type=\"application\/ld+json\" class=\"yoast-schema-graph\">{\"@context\":\"https:\\\/\\\/schema.org\",\"@graph\":[{\"@type\":\"Article\",\"@id\":\"https:\\\/\\\/www.eldiariodetucuman.com\\\/web\\\/lombardi-dijo-que-hubo-una-desubicacion-de-los-conductores-de-cocineros-argentinos\\\/#article\",\"isPartOf\":{\"@id\":\"https:\\\/\\\/www.eldiariodetucuman.com\\\/web\\\/lombardi-dijo-que-hubo-una-desubicacion-de-los-conductores-de-cocineros-argentinos\\\/\"},\"author\":{\"name\":\"admin\",\"@id\":\"https:\\\/\\\/www.eldiariodetucuman.com\\\/web\\\/#\\\/schema\\\/person\\\/9250197d75ab5483412e19678b121caa\"},\"headline\":\"Lombardi dijo que hubo una \u00abdesubicaci\u00f3n\u00bb de los conductores de \u00abCocineros Argentinos\u00bb\",\"datePublished\":\"2018-03-07T15:01:30+00:00\",\"dateModified\":\"2018-03-07T15:01:33+00:00\",\"mainEntityOfPage\":{\"@id\":\"https:\\\/\\\/www.eldiariodetucuman.com\\\/web\\\/lombardi-dijo-que-hubo-una-desubicacion-de-los-conductores-de-cocineros-argentinos\\\/\"},\"wordCount\":359,\"commentCount\":0,\"publisher\":{\"@id\":\"https:\\\/\\\/www.eldiariodetucuman.com\\\/web\\\/#organization\"},\"image\":{\"@id\":\"https:\\\/\\\/www.eldiariodetucuman.com\\\/web\\\/lombardi-dijo-que-hubo-una-desubicacion-de-los-conductores-de-cocineros-argentinos\\\/#primaryimage\"},\"thumbnailUrl\":\"https:\\\/\\\/www.eldiariodetucuman.com\\\/web\\\/wp-content\\\/uploads\\\/2018\\\/03\\\/7f3a31852de0943100045f40340061de.jpeg\",\"articleSection\":[\"Portada\"],\"inLanguage\":\"es\",\"potentialAction\":[{\"@type\":\"CommentAction\",\"name\":\"Comment\",\"target\":[\"https:\\\/\\\/www.eldiariodetucuman.com\\\/web\\\/lombardi-dijo-que-hubo-una-desubicacion-de-los-conductores-de-cocineros-argentinos\\\/#respond\"]}]},{\"@type\":\"WebPage\",\"@id\":\"https:\\\/\\\/www.eldiariodetucuman.com\\\/web\\\/lombardi-dijo-que-hubo-una-desubicacion-de-los-conductores-de-cocineros-argentinos\\\/\",\"url\":\"https:\\\/\\\/www.eldiariodetucuman.com\\\/web\\\/lombardi-dijo-que-hubo-una-desubicacion-de-los-conductores-de-cocineros-argentinos\\\/\",\"name\":\"Lombardi dijo que hubo una \\\"desubicaci\u00f3n\\\" de los conductores de \\\"Cocineros Argentinos\\\" - El Diario de Tucuman\",\"isPartOf\":{\"@id\":\"https:\\\/\\\/www.eldiariodetucuman.com\\\/web\\\/#website\"},\"primaryImageOfPage\":{\"@id\":\"https:\\\/\\\/www.eldiariodetucuman.com\\\/web\\\/lombardi-dijo-que-hubo-una-desubicacion-de-los-conductores-de-cocineros-argentinos\\\/#primaryimage\"},\"image\":{\"@id\":\"https:\\\/\\\/www.eldiariodetucuman.com\\\/web\\\/lombardi-dijo-que-hubo-una-desubicacion-de-los-conductores-de-cocineros-argentinos\\\/#primaryimage\"},\"thumbnailUrl\":\"https:\\\/\\\/www.eldiariodetucuman.com\\\/web\\\/wp-content\\\/uploads\\\/2018\\\/03\\\/7f3a31852de0943100045f40340061de.jpeg\",\"datePublished\":\"2018-03-07T15:01:30+00:00\",\"dateModified\":\"2018-03-07T15:01:33+00:00\",\"breadcrumb\":{\"@id\":\"https:\\\/\\\/www.eldiariodetucuman.com\\\/web\\\/lombardi-dijo-que-hubo-una-desubicacion-de-los-conductores-de-cocineros-argentinos\\\/#breadcrumb\"},\"inLanguage\":\"es\",\"potentialAction\":[{\"@type\":\"ReadAction\",\"target\":[\"https:\\\/\\\/www.eldiariodetucuman.com\\\/web\\\/lombardi-dijo-que-hubo-una-desubicacion-de-los-conductores-de-cocineros-argentinos\\\/\"]}]},{\"@type\":\"ImageObject\",\"inLanguage\":\"es\",\"@id\":\"https:\\\/\\\/www.eldiariodetucuman.com\\\/web\\\/lombardi-dijo-que-hubo-una-desubicacion-de-los-conductores-de-cocineros-argentinos\\\/#primaryimage\",\"url\":\"https:\\\/\\\/www.eldiariodetucuman.com\\\/web\\\/wp-content\\\/uploads\\\/2018\\\/03\\\/7f3a31852de0943100045f40340061de.jpeg\",\"contentUrl\":\"https:\\\/\\\/www.eldiariodetucuman.com\\\/web\\\/wp-content\\\/uploads\\\/2018\\\/03\\\/7f3a31852de0943100045f40340061de.jpeg\",\"width\":1500,\"height\":850},{\"@type\":\"BreadcrumbList\",\"@id\":\"https:\\\/\\\/www.eldiariodetucuman.com\\\/web\\\/lombardi-dijo-que-hubo-una-desubicacion-de-los-conductores-de-cocineros-argentinos\\\/#breadcrumb\",\"itemListElement\":[{\"@type\":\"ListItem\",\"position\":1,\"name\":\"Portada\",\"item\":\"https:\\\/\\\/www.eldiariodetucuman.com\\\/web\\\/\"},{\"@type\":\"ListItem\",\"position\":2,\"name\":\"Lombardi dijo que hubo una \u00abdesubicaci\u00f3n\u00bb de los conductores de \u00abCocineros Argentinos\u00bb\"}]},{\"@type\":\"WebSite\",\"@id\":\"https:\\\/\\\/www.eldiariodetucuman.com\\\/web\\\/#website\",\"url\":\"https:\\\/\\\/www.eldiariodetucuman.com\\\/web\\\/\",\"name\":\"El Diario de Tucuman\",\"description\":\"Diario Tucuman - Informaci\u00f3n y noticias\",\"publisher\":{\"@id\":\"https:\\\/\\\/www.eldiariodetucuman.com\\\/web\\\/#organization\"},\"potentialAction\":[{\"@type\":\"SearchAction\",\"target\":{\"@type\":\"EntryPoint\",\"urlTemplate\":\"https:\\\/\\\/www.eldiariodetucuman.com\\\/web\\\/?s={search_term_string}\"},\"query-input\":{\"@type\":\"PropertyValueSpecification\",\"valueRequired\":true,\"valueName\":\"search_term_string\"}}],\"inLanguage\":\"es\"},{\"@type\":\"Organization\",\"@id\":\"https:\\\/\\\/www.eldiariodetucuman.com\\\/web\\\/#organization\",\"name\":\"El Diario de Tucuman\",\"url\":\"https:\\\/\\\/www.eldiariodetucuman.com\\\/web\\\/\",\"logo\":{\"@type\":\"ImageObject\",\"inLanguage\":\"es\",\"@id\":\"https:\\\/\\\/www.eldiariodetucuman.com\\\/web\\\/#\\\/schema\\\/logo\\\/image\\\/\",\"url\":\"http:\\\/\\\/www.eldiariodetucuman.com\\\/web\\\/wp-content\\\/uploads\\\/2017\\\/12\\\/el-diario-de-tucuman.jpg\",\"contentUrl\":\"http:\\\/\\\/www.eldiariodetucuman.com\\\/web\\\/wp-content\\\/uploads\\\/2017\\\/12\\\/el-diario-de-tucuman.jpg\",\"width\":272,\"height\":92,\"caption\":\"El Diario de Tucuman\"},\"image\":{\"@id\":\"https:\\\/\\\/www.eldiariodetucuman.com\\\/web\\\/#\\\/schema\\\/logo\\\/image\\\/\"}},{\"@type\":\"Person\",\"@id\":\"https:\\\/\\\/www.eldiariodetucuman.com\\\/web\\\/#\\\/schema\\\/person\\\/9250197d75ab5483412e19678b121caa\",\"name\":\"admin\",\"image\":{\"@type\":\"ImageObject\",\"inLanguage\":\"es\",\"@id\":\"https:\\\/\\\/secure.gravatar.com\\\/avatar\\\/c44d117c2be811212c22cb481f6b8384b6873de103fbc49e7a03cc58d7dea4ac?s=96&d=mm&r=g\",\"url\":\"https:\\\/\\\/secure.gravatar.com\\\/avatar\\\/c44d117c2be811212c22cb481f6b8384b6873de103fbc49e7a03cc58d7dea4ac?s=96&d=mm&r=g\",\"contentUrl\":\"https:\\\/\\\/secure.gravatar.com\\\/avatar\\\/c44d117c2be811212c22cb481f6b8384b6873de103fbc49e7a03cc58d7dea4ac?s=96&d=mm&r=g\",\"caption\":\"admin\"},\"url\":\"https:\\\/\\\/www.eldiariodetucuman.com\\\/web\\\/author\\\/admin\\\/\"}]}<\/script>\n<!-- \/ Yoast SEO plugin. -->","yoast_head_json":{"title":"Lombardi dijo que hubo una \"desubicaci\u00f3n\" de los conductores de \"Cocineros Argentinos\" - El Diario de Tucuman","robots":{"index":"index","follow":"follow","max-snippet":"max-snippet:-1","max-image-preview":"max-image-preview:large","max-video-preview":"max-video-preview:-1"},"canonical":"https:\/\/www.eldiariodetucuman.com\/web\/lombardi-dijo-que-hubo-una-desubicacion-de-los-conductores-de-cocineros-argentinos\/","og_locale":"es_ES","og_type":"article","og_title":"Lombardi dijo que hubo una \"desubicaci\u00f3n\" de los conductores de \"Cocineros Argentinos\" - El Diario de Tucuman","og_description":"El titular del Sistema Federal de Medios y Contenidos P\u00fablicos, Hern\u00e1n Lombardi, dijo hoy que \u00abhubo una desubicaci\u00f3n\u00bb de los conductores de \u00abCocineros Argentinos\u00bb, que emite la TV P\u00fablica, al exhibir en el programa una banda musical que toc\u00f3 acordes de un c\u00e1ntico usado para insultar al presidente Mauricio Macri y que uno de ellos [&hellip;]","og_url":"https:\/\/www.eldiariodetucuman.com\/web\/lombardi-dijo-que-hubo-una-desubicacion-de-los-conductores-de-cocineros-argentinos\/","og_site_name":"El Diario de Tucuman","article_published_time":"2018-03-07T15:01:30+00:00","article_modified_time":"2018-03-07T15:01:33+00:00","og_image":[{"width":1500,"height":850,"url":"https:\/\/www.eldiariodetucuman.com\/web\/wp-content\/uploads\/2018\/03\/7f3a31852de0943100045f40340061de.jpeg","type":"image\/jpeg"}],"author":"admin","twitter_card":"summary_large_image","twitter_misc":{"Escrito por":"admin","Tiempo de lectura":"2 minutos"},"schema":{"@context":"https:\/\/schema.org","@graph":[{"@type":"Article","@id":"https:\/\/www.eldiariodetucuman.com\/web\/lombardi-dijo-que-hubo-una-desubicacion-de-los-conductores-de-cocineros-argentinos\/#article","isPartOf":{"@id":"https:\/\/www.eldiariodetucuman.com\/web\/lombardi-dijo-que-hubo-una-desubicacion-de-los-conductores-de-cocineros-argentinos\/"},"author":{"name":"admin","@id":"https:\/\/www.eldiariodetucuman.com\/web\/#\/schema\/person\/9250197d75ab5483412e19678b121caa"},"headline":"Lombardi dijo que hubo una \u00abdesubicaci\u00f3n\u00bb de los conductores de \u00abCocineros Argentinos\u00bb","datePublished":"2018-03-07T15:01:30+00:00","dateModified":"2018-03-07T15:01:33+00:00","mainEntityOfPage":{"@id":"https:\/\/www.eldiariodetucuman.com\/web\/lombardi-dijo-que-hubo-una-desubicacion-de-los-conductores-de-cocineros-argentinos\/"},"wordCount":359,"commentCount":0,"publisher":{"@id":"https:\/\/www.eldiariodetucuman.com\/web\/#organization"},"image":{"@id":"https:\/\/www.eldiariodetucuman.com\/web\/lombardi-dijo-que-hubo-una-desubicacion-de-los-conductores-de-cocineros-argentinos\/#primaryimage"},"thumbnailUrl":"https:\/\/www.eldiariodetucuman.com\/web\/wp-content\/uploads\/2018\/03\/7f3a31852de0943100045f40340061de.jpeg","articleSection":["Portada"],"inLanguage":"es","potentialAction":[{"@type":"CommentAction","name":"Comment","target":["https:\/\/www.eldiariodetucuman.com\/web\/lombardi-dijo-que-hubo-una-desubicacion-de-los-conductores-de-cocineros-argentinos\/#respond"]}]},{"@type":"WebPage","@id":"https:\/\/www.eldiariodetucuman.com\/web\/lombardi-dijo-que-hubo-una-desubicacion-de-los-conductores-de-cocineros-argentinos\/","url":"https:\/\/www.eldiariodetucuman.com\/web\/lombardi-dijo-que-hubo-una-desubicacion-de-los-conductores-de-cocineros-argentinos\/","name":"Lombardi dijo que hubo una \"desubicaci\u00f3n\" de los conductores de \"Cocineros Argentinos\" - El Diario de Tucuman","isPartOf":{"@id":"https:\/\/www.eldiariodetucuman.com\/web\/#website"},"primaryImageOfPage":{"@id":"https:\/\/www.eldiariodetucuman.com\/web\/lombardi-dijo-que-hubo-una-desubicacion-de-los-conductores-de-cocineros-argentinos\/#primaryimage"},"image":{"@id":"https:\/\/www.eldiariodetucuman.com\/web\/lombardi-dijo-que-hubo-una-desubicacion-de-los-conductores-de-cocineros-argentinos\/#primaryimage"},"thumbnailUrl":"https:\/\/www.eldiariodetucuman.com\/web\/wp-content\/uploads\/2018\/03\/7f3a31852de0943100045f40340061de.jpeg","datePublished":"2018-03-07T15:01:30+00:00","dateModified":"2018-03-07T15:01:33+00:00","breadcrumb":{"@id":"https:\/\/www.eldiariodetucuman.com\/web\/lombardi-dijo-que-hubo-una-desubicacion-de-los-conductores-de-cocineros-argentinos\/#breadcrumb"},"inLanguage":"es","potentialAction":[{"@type":"ReadAction","target":["https:\/\/www.eldiariodetucuman.com\/web\/lombardi-dijo-que-hubo-una-desubicacion-de-los-conductores-de-cocineros-argentinos\/"]}]},{"@type":"ImageObject","inLanguage":"es","@id":"https:\/\/www.eldiariodetucuman.com\/web\/lombardi-dijo-que-hubo-una-desubicacion-de-los-conductores-de-cocineros-argentinos\/#primaryimage","url":"https:\/\/www.eldiariodetucuman.com\/web\/wp-content\/uploads\/2018\/03\/7f3a31852de0943100045f40340061de.jpeg","contentUrl":"https:\/\/www.eldiariodetucuman.com\/web\/wp-content\/uploads\/2018\/03\/7f3a31852de0943100045f40340061de.jpeg","width":1500,"height":850},{"@type":"BreadcrumbList","@id":"https:\/\/www.eldiariodetucuman.com\/web\/lombardi-dijo-que-hubo-una-desubicacion-de-los-conductores-de-cocineros-argentinos\/#breadcrumb","itemListElement":[{"@type":"ListItem","position":1,"name":"Portada","item":"https:\/\/www.eldiariodetucuman.com\/web\/"},{"@type":"ListItem","position":2,"name":"Lombardi dijo que hubo una \u00abdesubicaci\u00f3n\u00bb de los conductores de \u00abCocineros Argentinos\u00bb"}]},{"@type":"WebSite","@id":"https:\/\/www.eldiariodetucuman.com\/web\/#website","url":"https:\/\/www.eldiariodetucuman.com\/web\/","name":"El Diario de Tucuman","description":"Diario Tucuman - Informaci\u00f3n y noticias","publisher":{"@id":"https:\/\/www.eldiariodetucuman.com\/web\/#organization"},"potentialAction":[{"@type":"SearchAction","target":{"@type":"EntryPoint","urlTemplate":"https:\/\/www.eldiariodetucuman.com\/web\/?s={search_term_string}"},"query-input":{"@type":"PropertyValueSpecification","valueRequired":true,"valueName":"search_term_string"}}],"inLanguage":"es"},{"@type":"Organization","@id":"https:\/\/www.eldiariodetucuman.com\/web\/#organization","name":"El Diario de Tucuman","url":"https:\/\/www.eldiariodetucuman.com\/web\/","logo":{"@type":"ImageObject","inLanguage":"es","@id":"https:\/\/www.eldiariodetucuman.com\/web\/#\/schema\/logo\/image\/","url":"http:\/\/www.eldiariodetucuman.com\/web\/wp-content\/uploads\/2017\/12\/el-diario-de-tucuman.jpg","contentUrl":"http:\/\/www.eldiariodetucuman.com\/web\/wp-content\/uploads\/2017\/12\/el-diario-de-tucuman.jpg","width":272,"height":92,"caption":"El Diario de Tucuman"},"image":{"@id":"https:\/\/www.eldiariodetucuman.com\/web\/#\/schema\/logo\/image\/"}},{"@type":"Person","@id":"https:\/\/www.eldiariodetucuman.com\/web\/#\/schema\/person\/9250197d75ab5483412e19678b121caa","name":"admin","image":{"@type":"ImageObject","inLanguage":"es","@id":"https:\/\/secure.gravatar.com\/avatar\/c44d117c2be811212c22cb481f6b8384b6873de103fbc49e7a03cc58d7dea4ac?s=96&d=mm&r=g","url":"https:\/\/secure.gravatar.com\/avatar\/c44d117c2be811212c22cb481f6b8384b6873de103fbc49e7a03cc58d7dea4ac?s=96&d=mm&r=g","contentUrl":"https:\/\/secure.gravatar.com\/avatar\/c44d117c2be811212c22cb481f6b8384b6873de103fbc49e7a03cc58d7dea4ac?s=96&d=mm&r=g","caption":"admin"},"url":"https:\/\/www.eldiariodetucuman.com\/web\/author\/admin\/"}]}},"_links":{"self":[{"href":"https:\/\/www.eldiariodetucuman.com\/web\/wp-json\/wp\/v2\/posts\/6337","targetHints":{"allow":["GET"]}}],"collection":[{"href":"https:\/\/www.eldiariodetucuman.com\/web\/wp-json\/wp\/v2\/posts"}],"about":[{"href":"https:\/\/www.eldiariodetucuman.com\/web\/wp-json\/wp\/v2\/types\/post"}],"author":[{"embeddable":true,"href":"https:\/\/www.eldiariodetucuman.com\/web\/wp-json\/wp\/v2\/users\/1"}],"replies":[{"embeddable":true,"href":"https:\/\/www.eldiariodetucuman.com\/web\/wp-json\/wp\/v2\/comments?post=6337"}],"version-history":[{"count":1,"href":"https:\/\/www.eldiariodetucuman.com\/web\/wp-json\/wp\/v2\/posts\/6337\/revisions"}],"predecessor-version":[{"id":6339,"href":"https:\/\/www.eldiariodetucuman.com\/web\/wp-json\/wp\/v2\/posts\/6337\/revisions\/6339"}],"wp:featuredmedia":[{"embeddable":true,"href":"https:\/\/www.eldiariodetucuman.com\/web\/wp-json\/wp\/v2\/media\/6338"}],"wp:attachment":[{"href":"https:\/\/www.eldiariodetucuman.com\/web\/wp-json\/wp\/v2\/media?parent=6337"}],"wp:term":[{"taxonomy":"category","embeddable":true,"href":"https:\/\/www.eldiariodetucuman.com\/web\/wp-json\/wp\/v2\/categories?post=6337"},{"taxonomy":"post_tag","embeddable":true,"href":"https:\/\/www.eldiariodetucuman.com\/web\/wp-json\/wp\/v2\/tags?post=6337"}],"curies":[{"name":"wp","href":"https:\/\/api.w.org\/{rel}","templated":true}]}}