{"id":6334,"date":"2018-03-07T11:44:30","date_gmt":"2018-03-07T14:44:30","guid":{"rendered":"http:\/\/www.eldiariodetucuman.com\/web\/los-jubilados-pagaran-menos-por-los-medicamentos\/"},"modified":"2018-03-07T11:44:33","modified_gmt":"2018-03-07T14:44:33","slug":"los-jubilados-pagaran-menos-por-los-medicamentos","status":"publish","type":"post","link":"https:\/\/www.eldiariodetucuman.com\/web\/los-jubilados-pagaran-menos-por-los-medicamentos\/","title":{"rendered":"Los jubilados pagar\u00e1n menos por los medicamentos"},"content":{"rendered":"<div>\n<div readability=\"58.259069767442\">\n<p>Una buena noticia para los jubilados: cerca de<strong> 9000 medicamentos bajar\u00e1n un 5 por ciento su valor<\/strong> <strong>a partir<\/strong> del pr\u00f3ximo<strong> 1 de abril<\/strong> y se retraer\u00e1n los precios que ten\u00edan en diciembre.<\/p>\n<p>La iniciativa se debe a un <strong>acuerdo que firm\u00f3 el Gobierno con las c\u00e1maras de laboratorios<\/strong> Cilfa (C\u00e1mara Industrial de Laboratorios Farmac\u00e9uticos Argentinos), Cooperala (C\u00e1mara Empresaria De Laboratorios Farmac\u00e9uticos ) y Caeme (C\u00e1mara Argentina de Especialidades Medicinales ).\u00a0<\/p>\n<p>Gracias a esta medida, los organismos se comprometieron a<strong> bajar los precios de 1000 drogas<\/strong> que son utilizadas para fabricar remedios que son solicitados mayormente por los afiliados de <a href=\"https:\/\/www.elintransigente.com\/noticias\/buscar\/?buscar=pami\">PAMI<\/a>.\u00a0<\/p>\n<p>Adem\u00e1s, este acuerdo, que no se renovaba desde hac\u00eda 18 a\u00f1os, obliga tambi\u00e9n a que las<a href=\"https:\/\/www.elintransigente.com\/noticias\/buscar\/?buscar=laboratorios\"> empresas farmac\u00e9uticas<\/a><strong><a href=\"https:\/\/www.elintransigente.com\/noticias\/buscar\/?buscar=laboratorios\"> <\/a>aumenten<\/strong> sus precios<strong> menos que la inflaci\u00f3n<\/strong>, para lograr que el beneficio sea sostenido en el tiempo.\u00a0<\/p>\n<p>Los precios que se toman de referencia son los \u201cponderados\u201d, una cifra a la que se llega luego de relevar la droga y todas las versiones comerciales que llegan\u00a0a las farmacias.\u00a0<\/p>\n<p>Mediante este sistema es que el Gobierno tendr\u00e1 en cuenta los distintos precios bajo los que se comercializa cada droga, se analizar\u00e1 cu\u00e1l era su valor en diciembre y se le quitar\u00e1 un 5 por ciento a su valor.\u00a0<\/p>\n<p>En tanto, si bien los laboratorios tendr\u00e1n tiempo hasta el pr\u00f3ximo 31 de marzo para adherirse, se prev\u00e9 que hoy el Gobierno les informe a las compa\u00f1\u00edas cu\u00e1l es el rango de precios que aceptar\u00e1n y este mismo viernes se enviar\u00e1n los contratos para que se subscriban.<\/p>\n<p>De este modo, los 4,8 millones de afiliados a PAMI podr\u00e1n comprar sus medicamentos con el mismo importe que se fijar\u00e1 en estos d\u00edas, durante todo el a\u00f1o.\u00a0<\/p>\n<p>Los jubilados <strong>pagan un promedio de 500 pesos mensuales en medicamentos<\/strong> y, si bien algunos cuentan con una cobertura del 100 por ciento, la mayor\u00eda debe abonar los remedios con un 50 y un 80 por ciento de descuento.\u00a0<\/p>\n<p>En ese sentido, el Instituto Nacional de Servicios Sociales para Jubilados y Pensionados es el mayor comprador de remedios, por lo que se espera que el Gobierno <strong>ahorre cerca de 6,500 millones<\/strong> de pesos gracias al descuento.\u00a0<\/p>\n<\/div>\n<\/div>\n<p>Fuente: https:\/\/www.elintransigente.com\/politica\/2018\/3\/7\/los-jubilados-pagaran-menos-por-los-medicamentos-481251.html<\/p>\n","protected":false},"excerpt":{"rendered":"<p>Una buena noticia para los jubilados: cerca de 9000 medicamentos bajar\u00e1n un 5 por ciento su valor a partir del pr\u00f3ximo 1 de abril y se retraer\u00e1n los precios que ten\u00edan en diciembre. La iniciativa se debe a un acuerdo que firm\u00f3 el Gobierno con las c\u00e1maras de laboratorios Cilfa (C\u00e1mara Industrial de Laboratorios Farmac\u00e9uticos [&hellip;]<\/p>\n","protected":false},"author":1,"featured_media":6335,"comment_status":"open","ping_status":"closed","sticky":false,"template":"","format":"standard","meta":{"footnotes":""},"categories":[1],"tags":[],"class_list":{"0":"post-6334","1":"post","2":"type-post","3":"status-publish","4":"format-standard","5":"has-post-thumbnail","7":"category-portada"},"yoast_head":"<!-- This site is optimized with the Yoast SEO plugin v27.5 - https:\/\/yoast.com\/product\/yoast-seo-wordpress\/ -->\n<title>Los jubilados pagar\u00e1n menos por los medicamentos - El Diario de Tucuman<\/title>\n<meta name=\"robots\" content=\"index, follow, max-snippet:-1, max-image-preview:large, max-video-preview:-1\" \/>\n<link rel=\"canonical\" href=\"https:\/\/www.eldiariodetucuman.com\/web\/los-jubilados-pagaran-menos-por-los-medicamentos\/\" \/>\n<meta property=\"og:locale\" content=\"es_ES\" \/>\n<meta property=\"og:type\" content=\"article\" \/>\n<meta property=\"og:title\" content=\"Los jubilados pagar\u00e1n menos por los medicamentos - El Diario de Tucuman\" \/>\n<meta property=\"og:description\" content=\"Una buena noticia para los jubilados: cerca de 9000 medicamentos bajar\u00e1n un 5 por ciento su valor a partir del pr\u00f3ximo 1 de abril y se retraer\u00e1n los precios que ten\u00edan en diciembre. La iniciativa se debe a un acuerdo que firm\u00f3 el Gobierno con las c\u00e1maras de laboratorios Cilfa (C\u00e1mara Industrial de Laboratorios Farmac\u00e9uticos [&hellip;]\" \/>\n<meta property=\"og:url\" content=\"https:\/\/www.eldiariodetucuman.com\/web\/los-jubilados-pagaran-menos-por-los-medicamentos\/\" \/>\n<meta property=\"og:site_name\" content=\"El Diario de Tucuman\" \/>\n<meta property=\"article:published_time\" content=\"2018-03-07T14:44:30+00:00\" \/>\n<meta property=\"article:modified_time\" content=\"2018-03-07T14:44:33+00:00\" \/>\n<meta property=\"og:image\" content=\"https:\/\/www.eldiariodetucuman.com\/web\/wp-content\/uploads\/2018\/03\/2d704deb6067276dc05580985c4369a3.jpeg\" \/>\n\t<meta property=\"og:image:width\" content=\"960\" \/>\n\t<meta property=\"og:image:height\" content=\"640\" \/>\n\t<meta property=\"og:image:type\" content=\"image\/jpeg\" \/>\n<meta name=\"author\" content=\"admin\" \/>\n<meta name=\"twitter:card\" content=\"summary_large_image\" \/>\n<meta name=\"twitter:label1\" content=\"Escrito por\" \/>\n\t<meta name=\"twitter:data1\" content=\"admin\" \/>\n\t<meta name=\"twitter:label2\" content=\"Tiempo de lectura\" \/>\n\t<meta name=\"twitter:data2\" content=\"2 minutos\" \/>\n<script type=\"application\/ld+json\" class=\"yoast-schema-graph\">{\"@context\":\"https:\\\/\\\/schema.org\",\"@graph\":[{\"@type\":\"Article\",\"@id\":\"https:\\\/\\\/www.eldiariodetucuman.com\\\/web\\\/los-jubilados-pagaran-menos-por-los-medicamentos\\\/#article\",\"isPartOf\":{\"@id\":\"https:\\\/\\\/www.eldiariodetucuman.com\\\/web\\\/los-jubilados-pagaran-menos-por-los-medicamentos\\\/\"},\"author\":{\"name\":\"admin\",\"@id\":\"https:\\\/\\\/www.eldiariodetucuman.com\\\/web\\\/#\\\/schema\\\/person\\\/9250197d75ab5483412e19678b121caa\"},\"headline\":\"Los jubilados pagar\u00e1n menos por los medicamentos\",\"datePublished\":\"2018-03-07T14:44:30+00:00\",\"dateModified\":\"2018-03-07T14:44:33+00:00\",\"mainEntityOfPage\":{\"@id\":\"https:\\\/\\\/www.eldiariodetucuman.com\\\/web\\\/los-jubilados-pagaran-menos-por-los-medicamentos\\\/\"},\"wordCount\":386,\"commentCount\":0,\"publisher\":{\"@id\":\"https:\\\/\\\/www.eldiariodetucuman.com\\\/web\\\/#organization\"},\"image\":{\"@id\":\"https:\\\/\\\/www.eldiariodetucuman.com\\\/web\\\/los-jubilados-pagaran-menos-por-los-medicamentos\\\/#primaryimage\"},\"thumbnailUrl\":\"https:\\\/\\\/www.eldiariodetucuman.com\\\/web\\\/wp-content\\\/uploads\\\/2018\\\/03\\\/2d704deb6067276dc05580985c4369a3.jpeg\",\"articleSection\":[\"Portada\"],\"inLanguage\":\"es\",\"potentialAction\":[{\"@type\":\"CommentAction\",\"name\":\"Comment\",\"target\":[\"https:\\\/\\\/www.eldiariodetucuman.com\\\/web\\\/los-jubilados-pagaran-menos-por-los-medicamentos\\\/#respond\"]}]},{\"@type\":\"WebPage\",\"@id\":\"https:\\\/\\\/www.eldiariodetucuman.com\\\/web\\\/los-jubilados-pagaran-menos-por-los-medicamentos\\\/\",\"url\":\"https:\\\/\\\/www.eldiariodetucuman.com\\\/web\\\/los-jubilados-pagaran-menos-por-los-medicamentos\\\/\",\"name\":\"Los jubilados pagar\u00e1n menos por los medicamentos - El Diario de Tucuman\",\"isPartOf\":{\"@id\":\"https:\\\/\\\/www.eldiariodetucuman.com\\\/web\\\/#website\"},\"primaryImageOfPage\":{\"@id\":\"https:\\\/\\\/www.eldiariodetucuman.com\\\/web\\\/los-jubilados-pagaran-menos-por-los-medicamentos\\\/#primaryimage\"},\"image\":{\"@id\":\"https:\\\/\\\/www.eldiariodetucuman.com\\\/web\\\/los-jubilados-pagaran-menos-por-los-medicamentos\\\/#primaryimage\"},\"thumbnailUrl\":\"https:\\\/\\\/www.eldiariodetucuman.com\\\/web\\\/wp-content\\\/uploads\\\/2018\\\/03\\\/2d704deb6067276dc05580985c4369a3.jpeg\",\"datePublished\":\"2018-03-07T14:44:30+00:00\",\"dateModified\":\"2018-03-07T14:44:33+00:00\",\"breadcrumb\":{\"@id\":\"https:\\\/\\\/www.eldiariodetucuman.com\\\/web\\\/los-jubilados-pagaran-menos-por-los-medicamentos\\\/#breadcrumb\"},\"inLanguage\":\"es\",\"potentialAction\":[{\"@type\":\"ReadAction\",\"target\":[\"https:\\\/\\\/www.eldiariodetucuman.com\\\/web\\\/los-jubilados-pagaran-menos-por-los-medicamentos\\\/\"]}]},{\"@type\":\"ImageObject\",\"inLanguage\":\"es\",\"@id\":\"https:\\\/\\\/www.eldiariodetucuman.com\\\/web\\\/los-jubilados-pagaran-menos-por-los-medicamentos\\\/#primaryimage\",\"url\":\"https:\\\/\\\/www.eldiariodetucuman.com\\\/web\\\/wp-content\\\/uploads\\\/2018\\\/03\\\/2d704deb6067276dc05580985c4369a3.jpeg\",\"contentUrl\":\"https:\\\/\\\/www.eldiariodetucuman.com\\\/web\\\/wp-content\\\/uploads\\\/2018\\\/03\\\/2d704deb6067276dc05580985c4369a3.jpeg\",\"width\":960,\"height\":640},{\"@type\":\"BreadcrumbList\",\"@id\":\"https:\\\/\\\/www.eldiariodetucuman.com\\\/web\\\/los-jubilados-pagaran-menos-por-los-medicamentos\\\/#breadcrumb\",\"itemListElement\":[{\"@type\":\"ListItem\",\"position\":1,\"name\":\"Portada\",\"item\":\"https:\\\/\\\/www.eldiariodetucuman.com\\\/web\\\/\"},{\"@type\":\"ListItem\",\"position\":2,\"name\":\"Los jubilados pagar\u00e1n menos por los medicamentos\"}]},{\"@type\":\"WebSite\",\"@id\":\"https:\\\/\\\/www.eldiariodetucuman.com\\\/web\\\/#website\",\"url\":\"https:\\\/\\\/www.eldiariodetucuman.com\\\/web\\\/\",\"name\":\"El Diario de Tucuman\",\"description\":\"Diario Tucuman - Informaci\u00f3n y noticias\",\"publisher\":{\"@id\":\"https:\\\/\\\/www.eldiariodetucuman.com\\\/web\\\/#organization\"},\"potentialAction\":[{\"@type\":\"SearchAction\",\"target\":{\"@type\":\"EntryPoint\",\"urlTemplate\":\"https:\\\/\\\/www.eldiariodetucuman.com\\\/web\\\/?s={search_term_string}\"},\"query-input\":{\"@type\":\"PropertyValueSpecification\",\"valueRequired\":true,\"valueName\":\"search_term_string\"}}],\"inLanguage\":\"es\"},{\"@type\":\"Organization\",\"@id\":\"https:\\\/\\\/www.eldiariodetucuman.com\\\/web\\\/#organization\",\"name\":\"El Diario de Tucuman\",\"url\":\"https:\\\/\\\/www.eldiariodetucuman.com\\\/web\\\/\",\"logo\":{\"@type\":\"ImageObject\",\"inLanguage\":\"es\",\"@id\":\"https:\\\/\\\/www.eldiariodetucuman.com\\\/web\\\/#\\\/schema\\\/logo\\\/image\\\/\",\"url\":\"http:\\\/\\\/www.eldiariodetucuman.com\\\/web\\\/wp-content\\\/uploads\\\/2017\\\/12\\\/el-diario-de-tucuman.jpg\",\"contentUrl\":\"http:\\\/\\\/www.eldiariodetucuman.com\\\/web\\\/wp-content\\\/uploads\\\/2017\\\/12\\\/el-diario-de-tucuman.jpg\",\"width\":272,\"height\":92,\"caption\":\"El Diario de Tucuman\"},\"image\":{\"@id\":\"https:\\\/\\\/www.eldiariodetucuman.com\\\/web\\\/#\\\/schema\\\/logo\\\/image\\\/\"}},{\"@type\":\"Person\",\"@id\":\"https:\\\/\\\/www.eldiariodetucuman.com\\\/web\\\/#\\\/schema\\\/person\\\/9250197d75ab5483412e19678b121caa\",\"name\":\"admin\",\"image\":{\"@type\":\"ImageObject\",\"inLanguage\":\"es\",\"@id\":\"https:\\\/\\\/secure.gravatar.com\\\/avatar\\\/c44d117c2be811212c22cb481f6b8384b6873de103fbc49e7a03cc58d7dea4ac?s=96&d=mm&r=g\",\"url\":\"https:\\\/\\\/secure.gravatar.com\\\/avatar\\\/c44d117c2be811212c22cb481f6b8384b6873de103fbc49e7a03cc58d7dea4ac?s=96&d=mm&r=g\",\"contentUrl\":\"https:\\\/\\\/secure.gravatar.com\\\/avatar\\\/c44d117c2be811212c22cb481f6b8384b6873de103fbc49e7a03cc58d7dea4ac?s=96&d=mm&r=g\",\"caption\":\"admin\"},\"url\":\"https:\\\/\\\/www.eldiariodetucuman.com\\\/web\\\/author\\\/admin\\\/\"}]}<\/script>\n<!-- \/ Yoast SEO plugin. -->","yoast_head_json":{"title":"Los jubilados pagar\u00e1n menos por los medicamentos - El Diario de Tucuman","robots":{"index":"index","follow":"follow","max-snippet":"max-snippet:-1","max-image-preview":"max-image-preview:large","max-video-preview":"max-video-preview:-1"},"canonical":"https:\/\/www.eldiariodetucuman.com\/web\/los-jubilados-pagaran-menos-por-los-medicamentos\/","og_locale":"es_ES","og_type":"article","og_title":"Los jubilados pagar\u00e1n menos por los medicamentos - El Diario de Tucuman","og_description":"Una buena noticia para los jubilados: cerca de 9000 medicamentos bajar\u00e1n un 5 por ciento su valor a partir del pr\u00f3ximo 1 de abril y se retraer\u00e1n los precios que ten\u00edan en diciembre. La iniciativa se debe a un acuerdo que firm\u00f3 el Gobierno con las c\u00e1maras de laboratorios Cilfa (C\u00e1mara Industrial de Laboratorios Farmac\u00e9uticos [&hellip;]","og_url":"https:\/\/www.eldiariodetucuman.com\/web\/los-jubilados-pagaran-menos-por-los-medicamentos\/","og_site_name":"El Diario de Tucuman","article_published_time":"2018-03-07T14:44:30+00:00","article_modified_time":"2018-03-07T14:44:33+00:00","og_image":[{"width":960,"height":640,"url":"https:\/\/www.eldiariodetucuman.com\/web\/wp-content\/uploads\/2018\/03\/2d704deb6067276dc05580985c4369a3.jpeg","type":"image\/jpeg"}],"author":"admin","twitter_card":"summary_large_image","twitter_misc":{"Escrito por":"admin","Tiempo de lectura":"2 minutos"},"schema":{"@context":"https:\/\/schema.org","@graph":[{"@type":"Article","@id":"https:\/\/www.eldiariodetucuman.com\/web\/los-jubilados-pagaran-menos-por-los-medicamentos\/#article","isPartOf":{"@id":"https:\/\/www.eldiariodetucuman.com\/web\/los-jubilados-pagaran-menos-por-los-medicamentos\/"},"author":{"name":"admin","@id":"https:\/\/www.eldiariodetucuman.com\/web\/#\/schema\/person\/9250197d75ab5483412e19678b121caa"},"headline":"Los jubilados pagar\u00e1n menos por los medicamentos","datePublished":"2018-03-07T14:44:30+00:00","dateModified":"2018-03-07T14:44:33+00:00","mainEntityOfPage":{"@id":"https:\/\/www.eldiariodetucuman.com\/web\/los-jubilados-pagaran-menos-por-los-medicamentos\/"},"wordCount":386,"commentCount":0,"publisher":{"@id":"https:\/\/www.eldiariodetucuman.com\/web\/#organization"},"image":{"@id":"https:\/\/www.eldiariodetucuman.com\/web\/los-jubilados-pagaran-menos-por-los-medicamentos\/#primaryimage"},"thumbnailUrl":"https:\/\/www.eldiariodetucuman.com\/web\/wp-content\/uploads\/2018\/03\/2d704deb6067276dc05580985c4369a3.jpeg","articleSection":["Portada"],"inLanguage":"es","potentialAction":[{"@type":"CommentAction","name":"Comment","target":["https:\/\/www.eldiariodetucuman.com\/web\/los-jubilados-pagaran-menos-por-los-medicamentos\/#respond"]}]},{"@type":"WebPage","@id":"https:\/\/www.eldiariodetucuman.com\/web\/los-jubilados-pagaran-menos-por-los-medicamentos\/","url":"https:\/\/www.eldiariodetucuman.com\/web\/los-jubilados-pagaran-menos-por-los-medicamentos\/","name":"Los jubilados pagar\u00e1n menos por los medicamentos - El Diario de Tucuman","isPartOf":{"@id":"https:\/\/www.eldiariodetucuman.com\/web\/#website"},"primaryImageOfPage":{"@id":"https:\/\/www.eldiariodetucuman.com\/web\/los-jubilados-pagaran-menos-por-los-medicamentos\/#primaryimage"},"image":{"@id":"https:\/\/www.eldiariodetucuman.com\/web\/los-jubilados-pagaran-menos-por-los-medicamentos\/#primaryimage"},"thumbnailUrl":"https:\/\/www.eldiariodetucuman.com\/web\/wp-content\/uploads\/2018\/03\/2d704deb6067276dc05580985c4369a3.jpeg","datePublished":"2018-03-07T14:44:30+00:00","dateModified":"2018-03-07T14:44:33+00:00","breadcrumb":{"@id":"https:\/\/www.eldiariodetucuman.com\/web\/los-jubilados-pagaran-menos-por-los-medicamentos\/#breadcrumb"},"inLanguage":"es","potentialAction":[{"@type":"ReadAction","target":["https:\/\/www.eldiariodetucuman.com\/web\/los-jubilados-pagaran-menos-por-los-medicamentos\/"]}]},{"@type":"ImageObject","inLanguage":"es","@id":"https:\/\/www.eldiariodetucuman.com\/web\/los-jubilados-pagaran-menos-por-los-medicamentos\/#primaryimage","url":"https:\/\/www.eldiariodetucuman.com\/web\/wp-content\/uploads\/2018\/03\/2d704deb6067276dc05580985c4369a3.jpeg","contentUrl":"https:\/\/www.eldiariodetucuman.com\/web\/wp-content\/uploads\/2018\/03\/2d704deb6067276dc05580985c4369a3.jpeg","width":960,"height":640},{"@type":"BreadcrumbList","@id":"https:\/\/www.eldiariodetucuman.com\/web\/los-jubilados-pagaran-menos-por-los-medicamentos\/#breadcrumb","itemListElement":[{"@type":"ListItem","position":1,"name":"Portada","item":"https:\/\/www.eldiariodetucuman.com\/web\/"},{"@type":"ListItem","position":2,"name":"Los jubilados pagar\u00e1n menos por los medicamentos"}]},{"@type":"WebSite","@id":"https:\/\/www.eldiariodetucuman.com\/web\/#website","url":"https:\/\/www.eldiariodetucuman.com\/web\/","name":"El Diario de Tucuman","description":"Diario Tucuman - Informaci\u00f3n y noticias","publisher":{"@id":"https:\/\/www.eldiariodetucuman.com\/web\/#organization"},"potentialAction":[{"@type":"SearchAction","target":{"@type":"EntryPoint","urlTemplate":"https:\/\/www.eldiariodetucuman.com\/web\/?s={search_term_string}"},"query-input":{"@type":"PropertyValueSpecification","valueRequired":true,"valueName":"search_term_string"}}],"inLanguage":"es"},{"@type":"Organization","@id":"https:\/\/www.eldiariodetucuman.com\/web\/#organization","name":"El Diario de Tucuman","url":"https:\/\/www.eldiariodetucuman.com\/web\/","logo":{"@type":"ImageObject","inLanguage":"es","@id":"https:\/\/www.eldiariodetucuman.com\/web\/#\/schema\/logo\/image\/","url":"http:\/\/www.eldiariodetucuman.com\/web\/wp-content\/uploads\/2017\/12\/el-diario-de-tucuman.jpg","contentUrl":"http:\/\/www.eldiariodetucuman.com\/web\/wp-content\/uploads\/2017\/12\/el-diario-de-tucuman.jpg","width":272,"height":92,"caption":"El Diario de Tucuman"},"image":{"@id":"https:\/\/www.eldiariodetucuman.com\/web\/#\/schema\/logo\/image\/"}},{"@type":"Person","@id":"https:\/\/www.eldiariodetucuman.com\/web\/#\/schema\/person\/9250197d75ab5483412e19678b121caa","name":"admin","image":{"@type":"ImageObject","inLanguage":"es","@id":"https:\/\/secure.gravatar.com\/avatar\/c44d117c2be811212c22cb481f6b8384b6873de103fbc49e7a03cc58d7dea4ac?s=96&d=mm&r=g","url":"https:\/\/secure.gravatar.com\/avatar\/c44d117c2be811212c22cb481f6b8384b6873de103fbc49e7a03cc58d7dea4ac?s=96&d=mm&r=g","contentUrl":"https:\/\/secure.gravatar.com\/avatar\/c44d117c2be811212c22cb481f6b8384b6873de103fbc49e7a03cc58d7dea4ac?s=96&d=mm&r=g","caption":"admin"},"url":"https:\/\/www.eldiariodetucuman.com\/web\/author\/admin\/"}]}},"_links":{"self":[{"href":"https:\/\/www.eldiariodetucuman.com\/web\/wp-json\/wp\/v2\/posts\/6334","targetHints":{"allow":["GET"]}}],"collection":[{"href":"https:\/\/www.eldiariodetucuman.com\/web\/wp-json\/wp\/v2\/posts"}],"about":[{"href":"https:\/\/www.eldiariodetucuman.com\/web\/wp-json\/wp\/v2\/types\/post"}],"author":[{"embeddable":true,"href":"https:\/\/www.eldiariodetucuman.com\/web\/wp-json\/wp\/v2\/users\/1"}],"replies":[{"embeddable":true,"href":"https:\/\/www.eldiariodetucuman.com\/web\/wp-json\/wp\/v2\/comments?post=6334"}],"version-history":[{"count":1,"href":"https:\/\/www.eldiariodetucuman.com\/web\/wp-json\/wp\/v2\/posts\/6334\/revisions"}],"predecessor-version":[{"id":6336,"href":"https:\/\/www.eldiariodetucuman.com\/web\/wp-json\/wp\/v2\/posts\/6334\/revisions\/6336"}],"wp:featuredmedia":[{"embeddable":true,"href":"https:\/\/www.eldiariodetucuman.com\/web\/wp-json\/wp\/v2\/media\/6335"}],"wp:attachment":[{"href":"https:\/\/www.eldiariodetucuman.com\/web\/wp-json\/wp\/v2\/media?parent=6334"}],"wp:term":[{"taxonomy":"category","embeddable":true,"href":"https:\/\/www.eldiariodetucuman.com\/web\/wp-json\/wp\/v2\/categories?post=6334"},{"taxonomy":"post_tag","embeddable":true,"href":"https:\/\/www.eldiariodetucuman.com\/web\/wp-json\/wp\/v2\/tags?post=6334"}],"curies":[{"name":"wp","href":"https:\/\/api.w.org\/{rel}","templated":true}]}}