{"id":6292,"date":"2018-03-06T12:40:37","date_gmt":"2018-03-06T15:40:37","guid":{"rendered":"http:\/\/www.eldiariodetucuman.com\/web\/?p=6292"},"modified":"2018-03-06T12:43:23","modified_gmt":"2018-03-06T15:43:23","slug":"6292-2","status":"publish","type":"post","link":"https:\/\/www.eldiariodetucuman.com\/web\/6292-2\/","title":{"rendered":"Vuelta al aula | \u00bfC\u00f3mo prevenir y evitar los piojos?"},"content":{"rendered":"<div class=\"mom-post-meta single-post-meta\">Comienza el ciclo lectivo y los alumnos deben tener una cabeza libre de piojos. Para ello, lo fundamental es peinarlos con el peine piojero para poder sacar las liendres.<\/div>\n<p><!--more--><\/p>\n<div class=\"entry-content\">\n<p class=\"selectionShareable\">Hay una vida media del par\u00e1sito, que es de ocho a diez d\u00edas, y cuando uno elimina a los piojos adultos, nacen los huevos. Por eso es importante revisar la cabeza del ni\u00f1o cuando vuelven de la escuela\u201d, coment\u00f3 la directora de la Red General de Servicios,\u00a0<strong>Silvina Mazzuco.<\/strong><\/p>\n<p class=\"selectionShareable\">La profesional tambi\u00e9n manifest\u00f3 que cuando se hace la detecci\u00f3n, se realiza el tratamiento con el adulto que acompa\u00f1a al ni\u00f1o en la higiene con la ropa de cama y lo que se pone durante el d\u00eda. \u201cHay que revisar la cabeza de los otros chicos y de toda la familia, ya que es f\u00e1cil contagiarse\u201d, agreg\u00f3.<\/p>\n<p class=\"selectionShareable\">Los servicios de salud cuentan con el programa Remediar, que entrega peines finos y permetrina para el tratamiento de la pediculosis.<\/p>\n<p class=\"selectionShareable\"><strong>\u00bfDe qu\u00e9 manera se detectan los piojos?<\/strong><\/p>\n<ul>\n<li>Mojar el pelo con agua. Para desenredarlo se puede usar vinagre y peinar.<\/li>\n<li>Pasar un peine fino para piojos tratando de que sea en forma descendente (desde el centro hasta las puntas de los pelos). Esto hace que los piojos y liendres se desprendan de los pelos.<\/li>\n<li>Observar sobre una superficie blanca y en el peine fino la presencia de piojos y liendres.<\/li>\n<li>Continuar pasando el peine fino tratando de cubrir toda la superficie de la cabeza (recordar que los piojos se encuentran preferentemente cerca de las orejas y la nuca).<br \/>\nIntentar pasar el peine fino cuatro o cinco veces.<\/li>\n<\/ul>\n<p class=\"selectionShareable\"><strong>\u00bfC\u00f3mo se tratan?<\/strong><\/p>\n<ul>\n<li>Lavar el cabello de forma habitual y secarlo con una toalla.<\/li>\n<li>Agitar bien la loci\u00f3n de perimetrina antes de cada uso para mezclar uniformemente el medicamento. Mantener los ojos cerrados.<\/li>\n<li>Comenzar a aplicar la loci\u00f3n detr\u00e1s de las orejas y en la parte posterior del cuello y luego cubrir con una toalla todo el cabello y el cuero cabelludo (dejar actuar diez minutos).<\/li>\n<li>Enjuagar el cabello y el cuero cabelludo con agua tibia. Secar y peinar.<\/li>\n<li>Lavarse las manos cuidadosamente despu\u00e9s de seguir los pasos de aplicaci\u00f3n y enjuague.<\/li>\n<li>Usar el peine fino para remover los piojos y liendres muertas despu\u00e9s de ese tratamiento. Si se observan piojos vivos en la cabeza en los siete d\u00edas o m\u00e1s luego del tratamiento, repetir el proceso.<\/li>\n<\/ul>\n<ul>\n<li>Recuerde que ante cualquier duda, lo mejor es consultar a su m\u00e9dico. Sobre todo si hay embarazo, lactancia o los afectados son menores de un a\u00f1o.<\/li>\n<\/ul>\n<p><strong>Fuente:<\/strong>\u00a0<a href=\"http:\/\/comunicaciontucuman.gob.ar\/2018\/03\/medidas-para-prevenir-los-piojos-en-los-ninos-en-la-escuela\/\">http:\/\/comunicaciontucuman.gob.ar\/2018\/03\/medidas-para-prevenir-los-piojos-en-los-ninos-en-la-escuela\/<\/a><\/p>\n<\/div>\n","protected":false},"excerpt":{"rendered":"<p>Comienza el ciclo lectivo y los alumnos deben tener una cabeza libre de piojos. Para ello, lo fundamental es peinarlos con el peine piojero para poder sacar las liendres.<\/p>\n","protected":false},"author":5,"featured_media":6293,"comment_status":"closed","ping_status":"open","sticky":false,"template":"","format":"standard","meta":{"footnotes":""},"categories":[578],"tags":[134,7,101,79],"class_list":{"0":"post-6292","1":"post","2":"type-post","3":"status-publish","4":"format-standard","5":"has-post-thumbnail","7":"category-salud","8":"tag-argentina","9":"tag-el-diario-de-tucuman","10":"tag-escuela","11":"tag-salud"},"yoast_head":"<!-- This site is optimized with the Yoast SEO plugin v27.5 - https:\/\/yoast.com\/product\/yoast-seo-wordpress\/ -->\n<title>Vuelta al aula | \u00bfC\u00f3mo prevenir y evitar los piojos?<\/title>\n<meta name=\"description\" content=\"Comienza el ciclo lectivo y los alumnos deben tener una cabeza libre de piojos. Para ello, lo fundamental es peinarlos con el peine piojero para poder sacar las liendres.\" \/>\n<meta name=\"robots\" content=\"index, follow, max-snippet:-1, max-image-preview:large, max-video-preview:-1\" \/>\n<link rel=\"canonical\" href=\"https:\/\/www.eldiariodetucuman.com\/web\/6292-2\/\" \/>\n<meta property=\"og:locale\" content=\"es_ES\" \/>\n<meta property=\"og:type\" content=\"article\" \/>\n<meta property=\"og:title\" content=\"Vuelta al aula | \u00bfC\u00f3mo prevenir y evitar los piojos?\" \/>\n<meta property=\"og:description\" content=\"Comienza el ciclo lectivo y los alumnos deben tener una cabeza libre de piojos. Para ello, lo fundamental es peinarlos con el peine piojero para poder sacar las liendres.\" \/>\n<meta property=\"og:url\" content=\"https:\/\/www.eldiariodetucuman.com\/web\/6292-2\/\" \/>\n<meta property=\"og:site_name\" content=\"El Diario de Tucuman\" \/>\n<meta property=\"article:published_time\" content=\"2018-03-06T15:40:37+00:00\" \/>\n<meta property=\"article:modified_time\" content=\"2018-03-06T15:43:23+00:00\" \/>\n<meta property=\"og:image\" content=\"https:\/\/www.eldiariodetucuman.com\/web\/wp-content\/uploads\/2018\/03\/vuelvenlospiojos.jpg\" \/>\n\t<meta property=\"og:image:width\" content=\"700\" \/>\n\t<meta property=\"og:image:height\" content=\"467\" \/>\n\t<meta property=\"og:image:type\" content=\"image\/jpeg\" \/>\n<meta name=\"author\" content=\"Redactor Uno\" \/>\n<meta name=\"twitter:card\" content=\"summary_large_image\" \/>\n<meta name=\"twitter:label1\" content=\"Escrito por\" \/>\n\t<meta name=\"twitter:data1\" content=\"Redactor Uno\" \/>\n\t<meta name=\"twitter:label2\" content=\"Tiempo de lectura\" \/>\n\t<meta name=\"twitter:data2\" content=\"2 minutos\" \/>\n<script type=\"application\/ld+json\" class=\"yoast-schema-graph\">{\"@context\":\"https:\\\/\\\/schema.org\",\"@graph\":[{\"@type\":\"Article\",\"@id\":\"https:\\\/\\\/www.eldiariodetucuman.com\\\/web\\\/6292-2\\\/#article\",\"isPartOf\":{\"@id\":\"https:\\\/\\\/www.eldiariodetucuman.com\\\/web\\\/6292-2\\\/\"},\"author\":{\"name\":\"Redactor Uno\",\"@id\":\"https:\\\/\\\/www.eldiariodetucuman.com\\\/web\\\/#\\\/schema\\\/person\\\/7e6644a46e60888f6b868594407e08dd\"},\"headline\":\"Vuelta al aula | \u00bfC\u00f3mo prevenir y evitar los piojos?\",\"datePublished\":\"2018-03-06T15:40:37+00:00\",\"dateModified\":\"2018-03-06T15:43:23+00:00\",\"mainEntityOfPage\":{\"@id\":\"https:\\\/\\\/www.eldiariodetucuman.com\\\/web\\\/6292-2\\\/\"},\"wordCount\":452,\"publisher\":{\"@id\":\"https:\\\/\\\/www.eldiariodetucuman.com\\\/web\\\/#organization\"},\"image\":{\"@id\":\"https:\\\/\\\/www.eldiariodetucuman.com\\\/web\\\/6292-2\\\/#primaryimage\"},\"thumbnailUrl\":\"https:\\\/\\\/www.eldiariodetucuman.com\\\/web\\\/wp-content\\\/uploads\\\/2018\\\/03\\\/vuelvenlospiojos.jpg\",\"keywords\":[\"Argentina\",\"El Diario de Tucuman\",\"Escuela\",\"salud\"],\"articleSection\":[\"Salud\"],\"inLanguage\":\"es\"},{\"@type\":\"WebPage\",\"@id\":\"https:\\\/\\\/www.eldiariodetucuman.com\\\/web\\\/6292-2\\\/\",\"url\":\"https:\\\/\\\/www.eldiariodetucuman.com\\\/web\\\/6292-2\\\/\",\"name\":\"Vuelta al aula | \u00bfC\u00f3mo prevenir y evitar los piojos?\",\"isPartOf\":{\"@id\":\"https:\\\/\\\/www.eldiariodetucuman.com\\\/web\\\/#website\"},\"primaryImageOfPage\":{\"@id\":\"https:\\\/\\\/www.eldiariodetucuman.com\\\/web\\\/6292-2\\\/#primaryimage\"},\"image\":{\"@id\":\"https:\\\/\\\/www.eldiariodetucuman.com\\\/web\\\/6292-2\\\/#primaryimage\"},\"thumbnailUrl\":\"https:\\\/\\\/www.eldiariodetucuman.com\\\/web\\\/wp-content\\\/uploads\\\/2018\\\/03\\\/vuelvenlospiojos.jpg\",\"datePublished\":\"2018-03-06T15:40:37+00:00\",\"dateModified\":\"2018-03-06T15:43:23+00:00\",\"description\":\"Comienza el ciclo lectivo y los alumnos deben tener una cabeza libre de piojos. Para ello, lo fundamental es peinarlos con el peine piojero para poder sacar las liendres.\",\"breadcrumb\":{\"@id\":\"https:\\\/\\\/www.eldiariodetucuman.com\\\/web\\\/6292-2\\\/#breadcrumb\"},\"inLanguage\":\"es\",\"potentialAction\":[{\"@type\":\"ReadAction\",\"target\":[\"https:\\\/\\\/www.eldiariodetucuman.com\\\/web\\\/6292-2\\\/\"]}]},{\"@type\":\"ImageObject\",\"inLanguage\":\"es\",\"@id\":\"https:\\\/\\\/www.eldiariodetucuman.com\\\/web\\\/6292-2\\\/#primaryimage\",\"url\":\"https:\\\/\\\/www.eldiariodetucuman.com\\\/web\\\/wp-content\\\/uploads\\\/2018\\\/03\\\/vuelvenlospiojos.jpg\",\"contentUrl\":\"https:\\\/\\\/www.eldiariodetucuman.com\\\/web\\\/wp-content\\\/uploads\\\/2018\\\/03\\\/vuelvenlospiojos.jpg\",\"width\":700,\"height\":467},{\"@type\":\"BreadcrumbList\",\"@id\":\"https:\\\/\\\/www.eldiariodetucuman.com\\\/web\\\/6292-2\\\/#breadcrumb\",\"itemListElement\":[{\"@type\":\"ListItem\",\"position\":1,\"name\":\"Portada\",\"item\":\"https:\\\/\\\/www.eldiariodetucuman.com\\\/web\\\/\"},{\"@type\":\"ListItem\",\"position\":2,\"name\":\"Vuelta al aula | \u00bfC\u00f3mo prevenir y evitar los piojos?\"}]},{\"@type\":\"WebSite\",\"@id\":\"https:\\\/\\\/www.eldiariodetucuman.com\\\/web\\\/#website\",\"url\":\"https:\\\/\\\/www.eldiariodetucuman.com\\\/web\\\/\",\"name\":\"El Diario de Tucuman\",\"description\":\"Diario Tucuman - Informaci\u00f3n y noticias\",\"publisher\":{\"@id\":\"https:\\\/\\\/www.eldiariodetucuman.com\\\/web\\\/#organization\"},\"potentialAction\":[{\"@type\":\"SearchAction\",\"target\":{\"@type\":\"EntryPoint\",\"urlTemplate\":\"https:\\\/\\\/www.eldiariodetucuman.com\\\/web\\\/?s={search_term_string}\"},\"query-input\":{\"@type\":\"PropertyValueSpecification\",\"valueRequired\":true,\"valueName\":\"search_term_string\"}}],\"inLanguage\":\"es\"},{\"@type\":\"Organization\",\"@id\":\"https:\\\/\\\/www.eldiariodetucuman.com\\\/web\\\/#organization\",\"name\":\"El Diario de Tucuman\",\"url\":\"https:\\\/\\\/www.eldiariodetucuman.com\\\/web\\\/\",\"logo\":{\"@type\":\"ImageObject\",\"inLanguage\":\"es\",\"@id\":\"https:\\\/\\\/www.eldiariodetucuman.com\\\/web\\\/#\\\/schema\\\/logo\\\/image\\\/\",\"url\":\"http:\\\/\\\/www.eldiariodetucuman.com\\\/web\\\/wp-content\\\/uploads\\\/2017\\\/12\\\/el-diario-de-tucuman.jpg\",\"contentUrl\":\"http:\\\/\\\/www.eldiariodetucuman.com\\\/web\\\/wp-content\\\/uploads\\\/2017\\\/12\\\/el-diario-de-tucuman.jpg\",\"width\":272,\"height\":92,\"caption\":\"El Diario de Tucuman\"},\"image\":{\"@id\":\"https:\\\/\\\/www.eldiariodetucuman.com\\\/web\\\/#\\\/schema\\\/logo\\\/image\\\/\"}},{\"@type\":\"Person\",\"@id\":\"https:\\\/\\\/www.eldiariodetucuman.com\\\/web\\\/#\\\/schema\\\/person\\\/7e6644a46e60888f6b868594407e08dd\",\"name\":\"Redactor Uno\",\"image\":{\"@type\":\"ImageObject\",\"inLanguage\":\"es\",\"@id\":\"https:\\\/\\\/secure.gravatar.com\\\/avatar\\\/0049b1bdf1bd548385c9ea6b9356431717930913089febd2ba904f0187d7d074?s=96&d=mm&r=g\",\"url\":\"https:\\\/\\\/secure.gravatar.com\\\/avatar\\\/0049b1bdf1bd548385c9ea6b9356431717930913089febd2ba904f0187d7d074?s=96&d=mm&r=g\",\"contentUrl\":\"https:\\\/\\\/secure.gravatar.com\\\/avatar\\\/0049b1bdf1bd548385c9ea6b9356431717930913089febd2ba904f0187d7d074?s=96&d=mm&r=g\",\"caption\":\"Redactor Uno\"},\"url\":\"https:\\\/\\\/www.eldiariodetucuman.com\\\/web\\\/author\\\/mramasco\\\/\"}]}<\/script>\n<!-- \/ Yoast SEO plugin. -->","yoast_head_json":{"title":"Vuelta al aula | \u00bfC\u00f3mo prevenir y evitar los piojos?","description":"Comienza el ciclo lectivo y los alumnos deben tener una cabeza libre de piojos. Para ello, lo fundamental es peinarlos con el peine piojero para poder sacar las liendres.","robots":{"index":"index","follow":"follow","max-snippet":"max-snippet:-1","max-image-preview":"max-image-preview:large","max-video-preview":"max-video-preview:-1"},"canonical":"https:\/\/www.eldiariodetucuman.com\/web\/6292-2\/","og_locale":"es_ES","og_type":"article","og_title":"Vuelta al aula | \u00bfC\u00f3mo prevenir y evitar los piojos?","og_description":"Comienza el ciclo lectivo y los alumnos deben tener una cabeza libre de piojos. Para ello, lo fundamental es peinarlos con el peine piojero para poder sacar las liendres.","og_url":"https:\/\/www.eldiariodetucuman.com\/web\/6292-2\/","og_site_name":"El Diario de Tucuman","article_published_time":"2018-03-06T15:40:37+00:00","article_modified_time":"2018-03-06T15:43:23+00:00","og_image":[{"width":700,"height":467,"url":"https:\/\/www.eldiariodetucuman.com\/web\/wp-content\/uploads\/2018\/03\/vuelvenlospiojos.jpg","type":"image\/jpeg"}],"author":"Redactor Uno","twitter_card":"summary_large_image","twitter_misc":{"Escrito por":"Redactor Uno","Tiempo de lectura":"2 minutos"},"schema":{"@context":"https:\/\/schema.org","@graph":[{"@type":"Article","@id":"https:\/\/www.eldiariodetucuman.com\/web\/6292-2\/#article","isPartOf":{"@id":"https:\/\/www.eldiariodetucuman.com\/web\/6292-2\/"},"author":{"name":"Redactor Uno","@id":"https:\/\/www.eldiariodetucuman.com\/web\/#\/schema\/person\/7e6644a46e60888f6b868594407e08dd"},"headline":"Vuelta al aula | \u00bfC\u00f3mo prevenir y evitar los piojos?","datePublished":"2018-03-06T15:40:37+00:00","dateModified":"2018-03-06T15:43:23+00:00","mainEntityOfPage":{"@id":"https:\/\/www.eldiariodetucuman.com\/web\/6292-2\/"},"wordCount":452,"publisher":{"@id":"https:\/\/www.eldiariodetucuman.com\/web\/#organization"},"image":{"@id":"https:\/\/www.eldiariodetucuman.com\/web\/6292-2\/#primaryimage"},"thumbnailUrl":"https:\/\/www.eldiariodetucuman.com\/web\/wp-content\/uploads\/2018\/03\/vuelvenlospiojos.jpg","keywords":["Argentina","El Diario de Tucuman","Escuela","salud"],"articleSection":["Salud"],"inLanguage":"es"},{"@type":"WebPage","@id":"https:\/\/www.eldiariodetucuman.com\/web\/6292-2\/","url":"https:\/\/www.eldiariodetucuman.com\/web\/6292-2\/","name":"Vuelta al aula | \u00bfC\u00f3mo prevenir y evitar los piojos?","isPartOf":{"@id":"https:\/\/www.eldiariodetucuman.com\/web\/#website"},"primaryImageOfPage":{"@id":"https:\/\/www.eldiariodetucuman.com\/web\/6292-2\/#primaryimage"},"image":{"@id":"https:\/\/www.eldiariodetucuman.com\/web\/6292-2\/#primaryimage"},"thumbnailUrl":"https:\/\/www.eldiariodetucuman.com\/web\/wp-content\/uploads\/2018\/03\/vuelvenlospiojos.jpg","datePublished":"2018-03-06T15:40:37+00:00","dateModified":"2018-03-06T15:43:23+00:00","description":"Comienza el ciclo lectivo y los alumnos deben tener una cabeza libre de piojos. Para ello, lo fundamental es peinarlos con el peine piojero para poder sacar las liendres.","breadcrumb":{"@id":"https:\/\/www.eldiariodetucuman.com\/web\/6292-2\/#breadcrumb"},"inLanguage":"es","potentialAction":[{"@type":"ReadAction","target":["https:\/\/www.eldiariodetucuman.com\/web\/6292-2\/"]}]},{"@type":"ImageObject","inLanguage":"es","@id":"https:\/\/www.eldiariodetucuman.com\/web\/6292-2\/#primaryimage","url":"https:\/\/www.eldiariodetucuman.com\/web\/wp-content\/uploads\/2018\/03\/vuelvenlospiojos.jpg","contentUrl":"https:\/\/www.eldiariodetucuman.com\/web\/wp-content\/uploads\/2018\/03\/vuelvenlospiojos.jpg","width":700,"height":467},{"@type":"BreadcrumbList","@id":"https:\/\/www.eldiariodetucuman.com\/web\/6292-2\/#breadcrumb","itemListElement":[{"@type":"ListItem","position":1,"name":"Portada","item":"https:\/\/www.eldiariodetucuman.com\/web\/"},{"@type":"ListItem","position":2,"name":"Vuelta al aula | \u00bfC\u00f3mo prevenir y evitar los piojos?"}]},{"@type":"WebSite","@id":"https:\/\/www.eldiariodetucuman.com\/web\/#website","url":"https:\/\/www.eldiariodetucuman.com\/web\/","name":"El Diario de Tucuman","description":"Diario Tucuman - Informaci\u00f3n y noticias","publisher":{"@id":"https:\/\/www.eldiariodetucuman.com\/web\/#organization"},"potentialAction":[{"@type":"SearchAction","target":{"@type":"EntryPoint","urlTemplate":"https:\/\/www.eldiariodetucuman.com\/web\/?s={search_term_string}"},"query-input":{"@type":"PropertyValueSpecification","valueRequired":true,"valueName":"search_term_string"}}],"inLanguage":"es"},{"@type":"Organization","@id":"https:\/\/www.eldiariodetucuman.com\/web\/#organization","name":"El Diario de Tucuman","url":"https:\/\/www.eldiariodetucuman.com\/web\/","logo":{"@type":"ImageObject","inLanguage":"es","@id":"https:\/\/www.eldiariodetucuman.com\/web\/#\/schema\/logo\/image\/","url":"http:\/\/www.eldiariodetucuman.com\/web\/wp-content\/uploads\/2017\/12\/el-diario-de-tucuman.jpg","contentUrl":"http:\/\/www.eldiariodetucuman.com\/web\/wp-content\/uploads\/2017\/12\/el-diario-de-tucuman.jpg","width":272,"height":92,"caption":"El Diario de Tucuman"},"image":{"@id":"https:\/\/www.eldiariodetucuman.com\/web\/#\/schema\/logo\/image\/"}},{"@type":"Person","@id":"https:\/\/www.eldiariodetucuman.com\/web\/#\/schema\/person\/7e6644a46e60888f6b868594407e08dd","name":"Redactor Uno","image":{"@type":"ImageObject","inLanguage":"es","@id":"https:\/\/secure.gravatar.com\/avatar\/0049b1bdf1bd548385c9ea6b9356431717930913089febd2ba904f0187d7d074?s=96&d=mm&r=g","url":"https:\/\/secure.gravatar.com\/avatar\/0049b1bdf1bd548385c9ea6b9356431717930913089febd2ba904f0187d7d074?s=96&d=mm&r=g","contentUrl":"https:\/\/secure.gravatar.com\/avatar\/0049b1bdf1bd548385c9ea6b9356431717930913089febd2ba904f0187d7d074?s=96&d=mm&r=g","caption":"Redactor Uno"},"url":"https:\/\/www.eldiariodetucuman.com\/web\/author\/mramasco\/"}]}},"_links":{"self":[{"href":"https:\/\/www.eldiariodetucuman.com\/web\/wp-json\/wp\/v2\/posts\/6292","targetHints":{"allow":["GET"]}}],"collection":[{"href":"https:\/\/www.eldiariodetucuman.com\/web\/wp-json\/wp\/v2\/posts"}],"about":[{"href":"https:\/\/www.eldiariodetucuman.com\/web\/wp-json\/wp\/v2\/types\/post"}],"author":[{"embeddable":true,"href":"https:\/\/www.eldiariodetucuman.com\/web\/wp-json\/wp\/v2\/users\/5"}],"replies":[{"embeddable":true,"href":"https:\/\/www.eldiariodetucuman.com\/web\/wp-json\/wp\/v2\/comments?post=6292"}],"version-history":[{"count":2,"href":"https:\/\/www.eldiariodetucuman.com\/web\/wp-json\/wp\/v2\/posts\/6292\/revisions"}],"predecessor-version":[{"id":6295,"href":"https:\/\/www.eldiariodetucuman.com\/web\/wp-json\/wp\/v2\/posts\/6292\/revisions\/6295"}],"wp:featuredmedia":[{"embeddable":true,"href":"https:\/\/www.eldiariodetucuman.com\/web\/wp-json\/wp\/v2\/media\/6293"}],"wp:attachment":[{"href":"https:\/\/www.eldiariodetucuman.com\/web\/wp-json\/wp\/v2\/media?parent=6292"}],"wp:term":[{"taxonomy":"category","embeddable":true,"href":"https:\/\/www.eldiariodetucuman.com\/web\/wp-json\/wp\/v2\/categories?post=6292"},{"taxonomy":"post_tag","embeddable":true,"href":"https:\/\/www.eldiariodetucuman.com\/web\/wp-json\/wp\/v2\/tags?post=6292"}],"curies":[{"name":"wp","href":"https:\/\/api.w.org\/{rel}","templated":true}]}}